{"id":53801,"date":"2023-02-24T12:00:00","date_gmt":"2023-02-24T12:00:00","guid":{"rendered":"https:\/\/www.africa-press.net\/cotedivoire\/politique\/convocation-de-damana-pickass-stephane-kipre-depuis-gboguhe-lheure-des-intimidations-est-terminee"},"modified":"2023-02-24T12:15:51","modified_gmt":"2023-02-24T12:15:51","slug":"convocation-de-damana-pickass-stephane-kipre-depuis-gboguhe-lheure-des-intimidations-est-terminee","status":"publish","type":"post","link":"https:\/\/www.africa-press.net\/cotedivoire\/politique\/convocation-de-damana-pickass-stephane-kipre-depuis-gboguhe-lheure-des-intimidations-est-terminee","title":{"rendered":"Convocation de Damana Pickass, St\u00e9phane Kipr\u00e9 depuis Gboguh\u00e9 : \u00ab L&rsquo;heure des intimidations est termin\u00e9e ! \u00bb"},"content":{"rendered":"<p><span style=\"color: #ff6600\"><strong>Africa-Press &#8211; C\u00f4te d&rsquo;Ivoire. <\/strong><\/span>Le Secre\u0301taire Ge\u0301ne\u0301ral du Parti des Peuples Africains de Co\u0302te d\u2019Ivoire (PPA-CI) a e\u0301te\u0301, Damana Adia Pickass, par le Juge d\u2019Instruction, Enokou Gnamiabra Eunice, en charge du 10e cabinet d\u2019instruction au Tribunal de premie\u0300re instance d\u2019Abidjan-Plateau.<\/p>\n<p>Selon la convocation consulte\u0301e par KOACI, l\u2019homme politique doit se pre\u0301senter le vendredi 24 fe\u0301vrier 2023, a\u0300 la Cellule Spe\u0301ciale d\u2019Enque\u0302te contre le Terrorisme sise aux Deux-Plateaux a\u0300 Cocody non loin de l\u2019ancienne pre\u0301sidence de l\u2019Universite\u0301 de Bouake\u0301 pour affaire le concernant.<\/p>\n<p>LA CONVOCATION<\/p>\n<p>En meeting le mercredi 22 fe\u0301vrier 2022 a\u0300 Gboguhe\u0301 dans le De\u0301partement de Daloa, le Vice-Pre\u0301sident du PPA-CI en charge de l\u2019implantation du parti s\u2019est prononce\u0301 sur cette convocation de son camarade.<\/p>\n<p>Ste\u0301phane Kipre\u0301 a saisi cette occasion pour inviter le pouvoir a\u0300 s\u2019inscrire re\u0301solument dans la dynamique de paix et de re\u0301conciliation amorce\u0301e.<\/p>\n<p>\u00ab L\u2019heure des intimidations est termine\u0301e ! \u00bb, a-t-il martele\u0301, avant de poursuivre.<\/p>\n<p>\u00ab Il faut mettre fin aux tentatives d\u2019intimidation, comme la convocation du secre\u0301taire ge\u0301ne\u0301ral du parti, le camarade Damana Pickass, a\u0300 qui je re\u0301ite\u0300re mon soutien ferme. Je l\u2019ai dit, nous portons tous un regard attentif sur cette e\u0301nie\u0300me convocation. L\u2019heure des intimidations est passe\u0301e. La Co\u0302te d\u2019Ivoire veut aller de l\u2019avant et cela passe par le respect des droits des uns et des autres. \u00bb<\/p>\n<p>Il faut pre\u0301ciser que contrairement a\u0300 ce que l\u2019on pourrait reprocher a\u0300 Damana Pickass, le juge d\u2019instruction n\u2019a fait aucun cas du motif a\u0300 cette heure de sa convocation sur le document consulte\u0301 par notre Re\u0301daction.<\/p>\n\r\n                <style type=\"text\/css\">\r\n                    \r\n                    #td_uid_1_69ec7c544be01  .td-doubleSlider-2 .td-item1 {\r\n                        background: url(https:\/\/static.africa-press.net\/cote\/sites\/43\/2023\/02\/postMediaimg_12_1-63f8aa4501efd-80x60.jpg) 0 0 no-repeat;\r\n                    }\r\n                <\/style>\r\n\r\n                <div id=\"td_uid_1_69ec7c544be01\" class=\"td-gallery td-slide-on-2-columns\">\r\n                    <div class=\"post_td_gallery\">\r\n                        <div class=\"td-gallery-slide-top\">\r\n                           <div class=\"td-gallery-title\"><\/div>\r\n\r\n                            <div class=\"td-gallery-controls-wrapper\">\r\n                                <div class=\"td-gallery-slide-count\"><span class=\"td-gallery-slide-item-focus\">1<\/span> de 1<\/div>\r\n                                <div class=\"td-gallery-slide-prev-next-but\">\r\n                                    <i class = \"td-icon-left doubleSliderPrevButton\"><\/i>\r\n                                    <i class = \"td-icon-right doubleSliderNextButton\"><\/i>\r\n                                <\/div>\r\n                            <\/div>\r\n                        <\/div>\r\n\r\n                        <div class = \"td-doubleSlider-1 \">\r\n                            <div class = \"td-slider\">\r\n                                \r\n                    <div class = \"td-slide-item td-item1\">\r\n                        <figure class=\"td-slide-galery-figure td-slide-popup-gallery\">\r\n                            <a class=\"slide-gallery-image-link\" href=\"https:\/\/static.africa-press.net\/cote\/sites\/43\/2023\/02\/postMediaimg_12_1-63f8aa4501efd.jpg\" title=\"postMediaimg_12_1-63f8aa4501efd\"  data-caption=\"\"  data-description=\"\">\r\n                                <img decoding=\"async\" src=\"https:\/\/static.africa-press.net\/cote\/sites\/43\/2023\/02\/postMediaimg_12_1-63f8aa4501efd.jpg\" srcset=\"https:\/\/static.africa-press.net\/cote\/sites\/43\/2023\/02\/postMediaimg_12_1-63f8aa4501efd.jpg 1000w, https:\/\/static.africa-press.net\/cote\/sites\/43\/2023\/02\/postMediaimg_12_1-63f8aa4501efd-300x152.jpg 300w, https:\/\/static.africa-press.net\/cote\/sites\/43\/2023\/02\/postMediaimg_12_1-63f8aa4501efd-768x389.jpg 768w\" sizes=\"(max-width: 1000px) 100vw, 1000px\" alt=\"\">\r\n                            <\/a>\r\n                            \r\n                        <\/figure>\r\n                    <\/div>\r\n                            <\/div>\r\n                        <\/div>\r\n\r\n                        <div class = \"td-doubleSlider-2\">\r\n                            <div class = \"td-slider\">\r\n                                \r\n                    <div class = \"td-button td-item1\">\r\n                        <div class = \"td-border\"><\/div>\r\n                    <\/div>\r\n                            <\/div>\r\n                        <\/div>\r\n\r\n                    <\/div>\r\n\r\n                <\/div>\r\n                \n<p><strong>Pour plus d&rsquo;informations et d&rsquo;analyses sur la <a href=\"https:\/\/www.africa-press.net\/cotedivoire\">C\u00f4te d&rsquo;Ivoire<\/a>, suivez <a href=\"https:\/\/www.africa-press.net\/\">Africa-Press<\/a><\/strong><\/p>\n","protected":false},"excerpt":{"rendered":"<p>Africa-Press &#8211; C\u00f4te d&rsquo;Ivoire. Le Secre\u0301taire Ge\u0301ne\u0301ral du Parti des Peuples Africains de Co\u0302te d\u2019Ivoire (PPA-CI) a e\u0301te\u0301, Damana Adia Pickass, par le Juge d\u2019Instruction, Enokou Gnamiabra Eunice, en charge du 10e cabinet d\u2019instruction au Tribunal de premie\u0300re instance d\u2019Abidjan-Plateau. Selon la convocation consulte\u0301e par KOACI, l\u2019homme politique doit se pre\u0301senter le vendredi 24 fe\u0301vrier [&hellip;]<\/p>\n","protected":false},"author":82,"featured_media":53800,"comment_status":"open","ping_status":"closed","sticky":false,"template":"","format":"standard","meta":{"footnotes":""},"categories":[2,10],"tags":[56,63,9183,29,1081,9182,1952],"class_list":["post-53801","post","type-post","status-publish","format-standard","has-post-thumbnail","hentry","category-politique","category-toutes-les-actualites","tag-africa-press","tag-africa-press-cote-divoire","tag-convocation-2","tag-cote-divoire","tag-damana-pickass","tag-enoukou-gnamiabra-eunice","tag-ppa-ci"],"yoast_head":"<!-- This site is optimized with the Yoast SEO Premium plugin v26.1 (Yoast SEO v27.0) - https:\/\/yoast.com\/product\/yoast-seo-premium-wordpress\/ -->\n<title>Convocation de Damana Pickass, St\u00e9phane Kipr\u00e9 depuis Gboguh\u00e9 : \u00ab L&#039;heure des intimidations est termin\u00e9e ! \u00bb - C\u00f4te d&#039;Ivoire<\/title>\n<meta name=\"description\" content=\"Le Secre\u0301taire Ge\u0301ne\u0301ral du Parti des Peuples Africains de Co\u0302te d\u2019Ivoire (PPA-CI) a e\u0301te\u0301, Damana Adia Pickass, par le ...\" \/>\n<meta name=\"robots\" content=\"index, follow, max-snippet:-1, max-image-preview:large, max-video-preview:-1\" \/>\n<link rel=\"canonical\" href=\"https:\/\/www.africa-press.net\/cotedivoire\/politique\/convocation-de-damana-pickass-stephane-kipre-depuis-gboguhe-lheure-des-intimidations-est-terminee\" \/>\n<meta property=\"og:locale\" content=\"fr_FR\" \/>\n<meta property=\"og:type\" content=\"article\" \/>\n<meta property=\"og:title\" content=\"Convocation de Damana Pickass, St\u00e9phane Kipr\u00e9 depuis Gboguh\u00e9 : \u00ab L&#039;heure des intimidations est termin\u00e9e ! \u00bb\" \/>\n<meta property=\"og:description\" content=\"Le Secre\u0301taire Ge\u0301ne\u0301ral du Parti des Peuples Africains de Co\u0302te d\u2019Ivoire (PPA-CI) a e\u0301te\u0301, Damana Adia Pickass, par le ...\" \/>\n<meta property=\"og:url\" content=\"https:\/\/www.africa-press.net\/cotedivoire\/politique\/convocation-de-damana-pickass-stephane-kipre-depuis-gboguhe-lheure-des-intimidations-est-terminee\" \/>\n<meta property=\"og:site_name\" content=\"C\u00f4te d&#039;Ivoire\" \/>\n<meta property=\"article:published_time\" content=\"2023-02-24T12:00:00+00:00\" \/>\n<meta property=\"article:modified_time\" content=\"2023-02-24T12:15:51+00:00\" \/>\n<meta property=\"og:image\" content=\"https:\/\/static.africa-press.net\/cote\/sites\/43\/2023\/02\/postQueueImg_1677227409.40.jpg\" \/>\n\t<meta property=\"og:image:width\" content=\"720\" \/>\n\t<meta property=\"og:image:height\" content=\"478\" \/>\n\t<meta property=\"og:image:type\" content=\"image\/jpeg\" \/>\n<meta name=\"author\" content=\"cfeditorfr\" \/>\n<meta name=\"twitter:card\" content=\"summary_large_image\" \/>\n<meta name=\"twitter:label1\" content=\"\u00c9crit par\" \/>\n\t<meta name=\"twitter:data1\" content=\"cfeditorfr\" \/>\n\t<meta name=\"twitter:label2\" content=\"Dur\u00e9e de lecture estim\u00e9e\" \/>\n\t<meta name=\"twitter:data2\" content=\"2 minutes\" \/>\n<script type=\"application\/ld+json\" class=\"yoast-schema-graph\">{\"@context\":\"https:\/\/schema.org\",\"@graph\":[{\"@type\":\"Article\",\"@id\":\"https:\/\/www.africa-press.net\/cotedivoire\/politique\/convocation-de-damana-pickass-stephane-kipre-depuis-gboguhe-lheure-des-intimidations-est-terminee#article\",\"isPartOf\":{\"@id\":\"https:\/\/www.africa-press.net\/cotedivoire\/politique\/convocation-de-damana-pickass-stephane-kipre-depuis-gboguhe-lheure-des-intimidations-est-terminee\"},\"author\":{\"name\":\"cfeditorfr\",\"@id\":\"https:\/\/www.africa-press.net\/cotedivoire\/#\/schema\/person\/2b1cf3cd81a31e3cd26889ca66d677f1\"},\"headline\":\"Convocation de Damana Pickass, St\u00e9phane Kipr\u00e9 depuis Gboguh\u00e9 : \u00ab L&rsquo;heure des intimidations est termin\u00e9e ! \u00bb\",\"datePublished\":\"2023-02-24T12:00:00+00:00\",\"dateModified\":\"2023-02-24T12:15:51+00:00\",\"mainEntityOfPage\":{\"@id\":\"https:\/\/www.africa-press.net\/cotedivoire\/politique\/convocation-de-damana-pickass-stephane-kipre-depuis-gboguhe-lheure-des-intimidations-est-terminee\"},\"wordCount\":338,\"commentCount\":0,\"image\":{\"@id\":\"https:\/\/www.africa-press.net\/cotedivoire\/politique\/convocation-de-damana-pickass-stephane-kipre-depuis-gboguhe-lheure-des-intimidations-est-terminee#primaryimage\"},\"thumbnailUrl\":\"https:\/\/static.africa-press.net\/cote\/sites\/43\/2023\/02\/postQueueImg_1677227409.40.jpg\",\"keywords\":[\"Africa Press\",\"Africa Press-C\u00f4te d'Ivoire\",\"convocation\",\"C\u00d4TE D'IVOIRE\",\"Damana Pickass\",\"Enoukou Gnamiabra Eunice\",\"PPA-CI\"],\"articleSection\":[\"Politique\",\"Toutes les actualit\u00e9s\"],\"inLanguage\":\"fr-FR\",\"potentialAction\":[{\"@type\":\"CommentAction\",\"name\":\"Comment\",\"target\":[\"https:\/\/www.africa-press.net\/cotedivoire\/politique\/convocation-de-damana-pickass-stephane-kipre-depuis-gboguhe-lheure-des-intimidations-est-terminee#respond\"]}]},{\"@type\":\"WebPage\",\"@id\":\"https:\/\/www.africa-press.net\/cotedivoire\/politique\/convocation-de-damana-pickass-stephane-kipre-depuis-gboguhe-lheure-des-intimidations-est-terminee\",\"url\":\"https:\/\/www.africa-press.net\/cotedivoire\/politique\/convocation-de-damana-pickass-stephane-kipre-depuis-gboguhe-lheure-des-intimidations-est-terminee\",\"name\":\"Convocation de Damana Pickass, St\u00e9phane Kipr\u00e9 depuis Gboguh\u00e9 : \u00ab L'heure des intimidations est termin\u00e9e ! \u00bb - C\u00f4te d&#039;Ivoire\",\"isPartOf\":{\"@id\":\"https:\/\/www.africa-press.net\/cotedivoire\/#website\"},\"primaryImageOfPage\":{\"@id\":\"https:\/\/www.africa-press.net\/cotedivoire\/politique\/convocation-de-damana-pickass-stephane-kipre-depuis-gboguhe-lheure-des-intimidations-est-terminee#primaryimage\"},\"image\":{\"@id\":\"https:\/\/www.africa-press.net\/cotedivoire\/politique\/convocation-de-damana-pickass-stephane-kipre-depuis-gboguhe-lheure-des-intimidations-est-terminee#primaryimage\"},\"thumbnailUrl\":\"https:\/\/static.africa-press.net\/cote\/sites\/43\/2023\/02\/postQueueImg_1677227409.40.jpg\",\"datePublished\":\"2023-02-24T12:00:00+00:00\",\"dateModified\":\"2023-02-24T12:15:51+00:00\",\"author\":{\"@id\":\"https:\/\/www.africa-press.net\/cotedivoire\/#\/schema\/person\/2b1cf3cd81a31e3cd26889ca66d677f1\"},\"description\":\"Le Secre\u0301taire Ge\u0301ne\u0301ral du Parti des Peuples Africains de Co\u0302te d\u2019Ivoire (PPA-CI) a e\u0301te\u0301, Damana Adia Pickass, par le ...\",\"breadcrumb\":{\"@id\":\"https:\/\/www.africa-press.net\/cotedivoire\/politique\/convocation-de-damana-pickass-stephane-kipre-depuis-gboguhe-lheure-des-intimidations-est-terminee#breadcrumb\"},\"inLanguage\":\"fr-FR\",\"potentialAction\":[{\"@type\":\"ReadAction\",\"target\":[\"https:\/\/www.africa-press.net\/cotedivoire\/politique\/convocation-de-damana-pickass-stephane-kipre-depuis-gboguhe-lheure-des-intimidations-est-terminee\"]}]},{\"@type\":\"ImageObject\",\"inLanguage\":\"fr-FR\",\"@id\":\"https:\/\/www.africa-press.net\/cotedivoire\/politique\/convocation-de-damana-pickass-stephane-kipre-depuis-gboguhe-lheure-des-intimidations-est-terminee#primaryimage\",\"url\":\"https:\/\/static.africa-press.net\/cote\/sites\/43\/2023\/02\/postQueueImg_1677227409.40.jpg\",\"contentUrl\":\"https:\/\/static.africa-press.net\/cote\/sites\/43\/2023\/02\/postQueueImg_1677227409.40.jpg\",\"width\":720,\"height\":478,\"caption\":\"Convocation de Damana Pickass, St\u00e9phane Kipr\u00e9 depuis Gboguh\u00e9 : \u00ab L'heure des intimidations est termin\u00e9e ! \u00bb\"},{\"@type\":\"BreadcrumbList\",\"@id\":\"https:\/\/www.africa-press.net\/cotedivoire\/politique\/convocation-de-damana-pickass-stephane-kipre-depuis-gboguhe-lheure-des-intimidations-est-terminee#breadcrumb\",\"itemListElement\":[{\"@type\":\"ListItem\",\"position\":1,\"name\":\"Accueil\",\"item\":\"https:\/\/www.africa-press.net\/cotedivoire\/\"},{\"@type\":\"ListItem\",\"position\":2,\"name\":\"Convocation de Damana Pickass, St\u00e9phane Kipr\u00e9 depuis Gboguh\u00e9 : \u00ab L&#8217;heure des intimidations est termin\u00e9e ! \u00bb\"}]},{\"@type\":\"WebSite\",\"@id\":\"https:\/\/www.africa-press.net\/cotedivoire\/#website\",\"url\":\"https:\/\/www.africa-press.net\/cotedivoire\/\",\"name\":\"C\u00f4te d&#039;Ivoire\",\"description\":\"Just another Africa News Agency Sites site\",\"potentialAction\":[{\"@type\":\"SearchAction\",\"target\":{\"@type\":\"EntryPoint\",\"urlTemplate\":\"https:\/\/www.africa-press.net\/cotedivoire\/?s={search_term_string}\"},\"query-input\":{\"@type\":\"PropertyValueSpecification\",\"valueRequired\":true,\"valueName\":\"search_term_string\"}}],\"inLanguage\":\"fr-FR\"},{\"@type\":\"Person\",\"@id\":\"https:\/\/www.africa-press.net\/cotedivoire\/#\/schema\/person\/2b1cf3cd81a31e3cd26889ca66d677f1\",\"name\":\"cfeditorfr\"}]}<\/script>\n<!-- \/ Yoast SEO Premium plugin. -->","yoast_head_json":{"title":"Convocation de Damana Pickass, St\u00e9phane Kipr\u00e9 depuis Gboguh\u00e9 : \u00ab L'heure des intimidations est termin\u00e9e ! \u00bb - C\u00f4te d&#039;Ivoire","description":"Le Secre\u0301taire Ge\u0301ne\u0301ral du Parti des Peuples Africains de Co\u0302te d\u2019Ivoire (PPA-CI) a e\u0301te\u0301, Damana Adia Pickass, par le ...","robots":{"index":"index","follow":"follow","max-snippet":"max-snippet:-1","max-image-preview":"max-image-preview:large","max-video-preview":"max-video-preview:-1"},"canonical":"https:\/\/www.africa-press.net\/cotedivoire\/politique\/convocation-de-damana-pickass-stephane-kipre-depuis-gboguhe-lheure-des-intimidations-est-terminee","og_locale":"fr_FR","og_type":"article","og_title":"Convocation de Damana Pickass, St\u00e9phane Kipr\u00e9 depuis Gboguh\u00e9 : \u00ab L'heure des intimidations est termin\u00e9e ! \u00bb","og_description":"Le Secre\u0301taire Ge\u0301ne\u0301ral du Parti des Peuples Africains de Co\u0302te d\u2019Ivoire (PPA-CI) a e\u0301te\u0301, Damana Adia Pickass, par le ...","og_url":"https:\/\/www.africa-press.net\/cotedivoire\/politique\/convocation-de-damana-pickass-stephane-kipre-depuis-gboguhe-lheure-des-intimidations-est-terminee","og_site_name":"C\u00f4te d&#039;Ivoire","article_published_time":"2023-02-24T12:00:00+00:00","article_modified_time":"2023-02-24T12:15:51+00:00","og_image":[{"width":720,"height":478,"url":"https:\/\/static.africa-press.net\/cote\/sites\/43\/2023\/02\/postQueueImg_1677227409.40.jpg","type":"image\/jpeg"}],"author":"cfeditorfr","twitter_card":"summary_large_image","twitter_misc":{"\u00c9crit par":"cfeditorfr","Dur\u00e9e de lecture estim\u00e9e":"2 minutes"},"schema":{"@context":"https:\/\/schema.org","@graph":[{"@type":"Article","@id":"https:\/\/www.africa-press.net\/cotedivoire\/politique\/convocation-de-damana-pickass-stephane-kipre-depuis-gboguhe-lheure-des-intimidations-est-terminee#article","isPartOf":{"@id":"https:\/\/www.africa-press.net\/cotedivoire\/politique\/convocation-de-damana-pickass-stephane-kipre-depuis-gboguhe-lheure-des-intimidations-est-terminee"},"author":{"name":"cfeditorfr","@id":"https:\/\/www.africa-press.net\/cotedivoire\/#\/schema\/person\/2b1cf3cd81a31e3cd26889ca66d677f1"},"headline":"Convocation de Damana Pickass, St\u00e9phane Kipr\u00e9 depuis Gboguh\u00e9 : \u00ab L&rsquo;heure des intimidations est termin\u00e9e ! \u00bb","datePublished":"2023-02-24T12:00:00+00:00","dateModified":"2023-02-24T12:15:51+00:00","mainEntityOfPage":{"@id":"https:\/\/www.africa-press.net\/cotedivoire\/politique\/convocation-de-damana-pickass-stephane-kipre-depuis-gboguhe-lheure-des-intimidations-est-terminee"},"wordCount":338,"commentCount":0,"image":{"@id":"https:\/\/www.africa-press.net\/cotedivoire\/politique\/convocation-de-damana-pickass-stephane-kipre-depuis-gboguhe-lheure-des-intimidations-est-terminee#primaryimage"},"thumbnailUrl":"https:\/\/static.africa-press.net\/cote\/sites\/43\/2023\/02\/postQueueImg_1677227409.40.jpg","keywords":["Africa Press","Africa Press-C\u00f4te d'Ivoire","convocation","C\u00d4TE D'IVOIRE","Damana Pickass","Enoukou Gnamiabra Eunice","PPA-CI"],"articleSection":["Politique","Toutes les actualit\u00e9s"],"inLanguage":"fr-FR","potentialAction":[{"@type":"CommentAction","name":"Comment","target":["https:\/\/www.africa-press.net\/cotedivoire\/politique\/convocation-de-damana-pickass-stephane-kipre-depuis-gboguhe-lheure-des-intimidations-est-terminee#respond"]}]},{"@type":"WebPage","@id":"https:\/\/www.africa-press.net\/cotedivoire\/politique\/convocation-de-damana-pickass-stephane-kipre-depuis-gboguhe-lheure-des-intimidations-est-terminee","url":"https:\/\/www.africa-press.net\/cotedivoire\/politique\/convocation-de-damana-pickass-stephane-kipre-depuis-gboguhe-lheure-des-intimidations-est-terminee","name":"Convocation de Damana Pickass, St\u00e9phane Kipr\u00e9 depuis Gboguh\u00e9 : \u00ab L'heure des intimidations est termin\u00e9e ! \u00bb - C\u00f4te d&#039;Ivoire","isPartOf":{"@id":"https:\/\/www.africa-press.net\/cotedivoire\/#website"},"primaryImageOfPage":{"@id":"https:\/\/www.africa-press.net\/cotedivoire\/politique\/convocation-de-damana-pickass-stephane-kipre-depuis-gboguhe-lheure-des-intimidations-est-terminee#primaryimage"},"image":{"@id":"https:\/\/www.africa-press.net\/cotedivoire\/politique\/convocation-de-damana-pickass-stephane-kipre-depuis-gboguhe-lheure-des-intimidations-est-terminee#primaryimage"},"thumbnailUrl":"https:\/\/static.africa-press.net\/cote\/sites\/43\/2023\/02\/postQueueImg_1677227409.40.jpg","datePublished":"2023-02-24T12:00:00+00:00","dateModified":"2023-02-24T12:15:51+00:00","author":{"@id":"https:\/\/www.africa-press.net\/cotedivoire\/#\/schema\/person\/2b1cf3cd81a31e3cd26889ca66d677f1"},"description":"Le Secre\u0301taire Ge\u0301ne\u0301ral du Parti des Peuples Africains de Co\u0302te d\u2019Ivoire (PPA-CI) a e\u0301te\u0301, Damana Adia Pickass, par le ...","breadcrumb":{"@id":"https:\/\/www.africa-press.net\/cotedivoire\/politique\/convocation-de-damana-pickass-stephane-kipre-depuis-gboguhe-lheure-des-intimidations-est-terminee#breadcrumb"},"inLanguage":"fr-FR","potentialAction":[{"@type":"ReadAction","target":["https:\/\/www.africa-press.net\/cotedivoire\/politique\/convocation-de-damana-pickass-stephane-kipre-depuis-gboguhe-lheure-des-intimidations-est-terminee"]}]},{"@type":"ImageObject","inLanguage":"fr-FR","@id":"https:\/\/www.africa-press.net\/cotedivoire\/politique\/convocation-de-damana-pickass-stephane-kipre-depuis-gboguhe-lheure-des-intimidations-est-terminee#primaryimage","url":"https:\/\/static.africa-press.net\/cote\/sites\/43\/2023\/02\/postQueueImg_1677227409.40.jpg","contentUrl":"https:\/\/static.africa-press.net\/cote\/sites\/43\/2023\/02\/postQueueImg_1677227409.40.jpg","width":720,"height":478,"caption":"Convocation de Damana Pickass, St\u00e9phane Kipr\u00e9 depuis Gboguh\u00e9 : \u00ab L'heure des intimidations est termin\u00e9e ! \u00bb"},{"@type":"BreadcrumbList","@id":"https:\/\/www.africa-press.net\/cotedivoire\/politique\/convocation-de-damana-pickass-stephane-kipre-depuis-gboguhe-lheure-des-intimidations-est-terminee#breadcrumb","itemListElement":[{"@type":"ListItem","position":1,"name":"Accueil","item":"https:\/\/www.africa-press.net\/cotedivoire\/"},{"@type":"ListItem","position":2,"name":"Convocation de Damana Pickass, St\u00e9phane Kipr\u00e9 depuis Gboguh\u00e9 : \u00ab L&#8217;heure des intimidations est termin\u00e9e ! \u00bb"}]},{"@type":"WebSite","@id":"https:\/\/www.africa-press.net\/cotedivoire\/#website","url":"https:\/\/www.africa-press.net\/cotedivoire\/","name":"C\u00f4te d&#039;Ivoire","description":"Just another Africa News Agency Sites site","potentialAction":[{"@type":"SearchAction","target":{"@type":"EntryPoint","urlTemplate":"https:\/\/www.africa-press.net\/cotedivoire\/?s={search_term_string}"},"query-input":{"@type":"PropertyValueSpecification","valueRequired":true,"valueName":"search_term_string"}}],"inLanguage":"fr-FR"},{"@type":"Person","@id":"https:\/\/www.africa-press.net\/cotedivoire\/#\/schema\/person\/2b1cf3cd81a31e3cd26889ca66d677f1","name":"cfeditorfr"}]}},"_links":{"self":[{"href":"https:\/\/www.africa-press.net\/cotedivoire\/wp-json\/wp\/v2\/posts\/53801","targetHints":{"allow":["GET"]}}],"collection":[{"href":"https:\/\/www.africa-press.net\/cotedivoire\/wp-json\/wp\/v2\/posts"}],"about":[{"href":"https:\/\/www.africa-press.net\/cotedivoire\/wp-json\/wp\/v2\/types\/post"}],"author":[{"embeddable":true,"href":"https:\/\/www.africa-press.net\/cotedivoire\/wp-json\/wp\/v2\/users\/82"}],"replies":[{"embeddable":true,"href":"https:\/\/www.africa-press.net\/cotedivoire\/wp-json\/wp\/v2\/comments?post=53801"}],"version-history":[{"count":0,"href":"https:\/\/www.africa-press.net\/cotedivoire\/wp-json\/wp\/v2\/posts\/53801\/revisions"}],"wp:featuredmedia":[{"embeddable":true,"href":"https:\/\/www.africa-press.net\/cotedivoire\/wp-json\/wp\/v2\/media\/53800"}],"wp:attachment":[{"href":"https:\/\/www.africa-press.net\/cotedivoire\/wp-json\/wp\/v2\/media?parent=53801"}],"wp:term":[{"taxonomy":"category","embeddable":true,"href":"https:\/\/www.africa-press.net\/cotedivoire\/wp-json\/wp\/v2\/categories?post=53801"},{"taxonomy":"post_tag","embeddable":true,"href":"https:\/\/www.africa-press.net\/cotedivoire\/wp-json\/wp\/v2\/tags?post=53801"}],"curies":[{"name":"wp","href":"https:\/\/api.w.org\/{rel}","templated":true}]}}