{"id":53854,"date":"2023-02-24T18:21:45","date_gmt":"2023-02-24T18:21:45","guid":{"rendered":"https:\/\/www.africa-press.net\/cotedivoire\/politique\/3%e1%b5%89-foire-commerciale-intra-africaine-43-milliards-de-dollars-de-contrats-daffaires-attendus-un-salon-de-lautomobile-annonce"},"modified":"2023-02-24T18:41:11","modified_gmt":"2023-02-24T18:41:11","slug":"3%e1%b5%89-foire-commerciale-intra-africaine-43-milliards-de-dollars-de-contrats-daffaires-attendus-un-salon-de-lautomobile-annonce","status":"publish","type":"post","link":"https:\/\/www.africa-press.net\/cotedivoire\/economie\/3%e1%b5%89-foire-commerciale-intra-africaine-43-milliards-de-dollars-de-contrats-daffaires-attendus-un-salon-de-lautomobile-annonce","title":{"rendered":"3\u1d49 Foire Commerciale Intra-Africaine, 43 milliards de dollars de contrats d&rsquo;affaires attendus, un salon de l&rsquo;automobile annonc\u00e9"},"content":{"rendered":"<p><span style=\"color: #ff6600\"><strong>Africa-Press &#8211; C\u00f4te d&rsquo;Ivoire. <\/strong><\/span>Apre\u0300s Durban en Afrique du Sud en 2021, c&rsquo;est Abidjan, la capitale e\u0301conomique ivoirienne qui a e\u0301te\u0301 retenue pour abriter la 3e e\u0301dition de la Foire Commerciale Intra-Africaine (IATF) du 21 au 27 novembre 2023.<\/p>\n<p>En pre\u0301lude a\u0300 la tenue de cet e\u0301ve\u0301nement continental, le ministre du Commerce, de l&rsquo;industrie et de la promotion des PME, Souleymane Diarrassouba e\u0301tait face a\u0300 la presse, jeudi 23 fe\u0301vrier 2023, pour livrer quelques informations relatives a\u0300 son organisation.<\/p>\n<p>Il avait a\u0300 ses co\u0302te\u0301s, le professeur Benedict Oramah, pre\u0301sident du Conseil d&rsquo;administration de Afreximbank, partenaire financier de l&rsquo;IATF et d&rsquo;un repre\u0301sentant de l&rsquo;Union Africaine, l&rsquo;ambassadeur Mutchanga.<\/p>\n<p>Le ministre Souleymane Diarrassouba de prime a\u0300 bord, a dit toute la fierte\u0301 de la Co\u0302te d&rsquo;Ivoire d&rsquo;accueillir cet e\u0301ve\u0301nement initie\u0301 dans le cadre de la Zone de Libre-Echange Continentale Africaine (ZLECAF).<\/p>\n<p>\u00ab La Co\u0302te d&rsquo;Ivoire est le premier pays d&rsquo;Afrique Francophone a\u0300 abriter l&rsquo;IATF. C&rsquo;est un honneur qui est fait a\u0300 notre pays et nous sommes en train de tout mettre en \u0153uvre, pour e\u0302tre a\u0300 la hauteur de l&rsquo;e\u0301ve\u0301nement \u00bb, a -t-il de\u0301clare\u0301.<\/p>\n<p>Poursuivant, le ministre du Commerce a rassure\u0301 que le parc d&rsquo;exposition devant accueillir la foire est acheve\u0301 a\u0300 97% et pourra e\u0302tre disponible a\u0300 la fin mai 2023. L&rsquo;IATF 2023, selon le repre\u0301sentant du gouvernement ivoirien, sera l&rsquo;occasion pour la Co\u0302te d&rsquo;Ivoire d&rsquo;amplifier son rayonnement sur le plan continental.<\/p>\n<p>\u00ab Cette foire sera l&rsquo;endroit pour parler business, ce sera la plaque tournante, des affaires \u00bb, a-t-il ajoute\u0301.<\/p>\n<p>Le confe\u0301rencier a e\u0301galement livre\u0301 quelques chiffres sur l&rsquo;IATF 2023. \u00ab Cette foire va mobiliser 1600 exposants, 35000 visiteurs, 75 pays participants et 43 milliards de dollars de contrats d&rsquo;affaires. Ce sera l&rsquo;e\u0301ve\u0301nement de l&rsquo;anne\u0301e 2023. Il faut absolument que le secteur prive\u0301 dans toute sa composante, la socie\u0301te\u0301 civile, tout le monde s&rsquo;approprie l&rsquo;e\u0301ve\u0301nement \u00bb, a exhorte\u0301 le ministre en charge du commerce et de l&rsquo;industrie.<\/p>\n<p>Il a en outre indique\u0301 que cette foire sera l&rsquo;occasion de revoir a\u0300 la hausse le taux des e\u0301changes Intra-Africains qui tourne en ce moment autour de 16% selon les statistiques de la Banque Africaine de De\u0301veloppement (BAD).<\/p>\n<p>Toujours selon le ministre, un marche\u0301 de l&rsquo;automobile est pre\u0301vu a\u0300 cette foire avec de grands constructeurs qui sont annonce\u0301s, tout comme les industries cre\u0301atives.<\/p>\n<p>Souleymane Diarrassouba a e\u0301galement rassure\u0301 l&rsquo;ensemble des participants sur la capacite\u0301 et l&rsquo;expertise de la Co\u0302te d&rsquo;Ivoire en matie\u0300re d&rsquo;organisation des grands e\u0301ve\u0301nements.<\/p>\n<p>Pour sa part, le professeur Benedict Oramah responsable de Afreximbank, s&rsquo;est dit heureux de l&rsquo;avancement des travaux du parc d&rsquo;exposition. L&rsquo;IATF 2023, selon lui, \u00ab servira de plateforme unique et pre\u0301cieuse aux entreprises pour acce\u0301der a\u0300 un marche\u0301 africain inte\u0301gre\u0301 de plus de 1,3 milliard de personnes avec un PIB de plus de 3,5 milliards de dollars, cre\u0301e\u0301 dans le cadre de la Zone de Libre-Echange Continentale Africaine (ZLECAF) \u00bb. Il est convaincu qu&rsquo;apre\u0300s cette foire, la Co\u0302te d&rsquo;Ivoire sera un pays d&rsquo;exposition en Afrique.<\/p>\n<p>Quant a\u0300 l&rsquo;ambassadeur de l&rsquo;Union Africaine, il a fait savoir que c&rsquo;est une opportunite\u0301 que devraient saisir les Africains pour booster le commerce sur le continent.<\/p>\n<p>Notons que sur les 55 pays que compte l&rsquo;Afrique, 54 ont signe\u0301 l&rsquo;accord sur le marche\u0301 unique africain.<\/p>\n<p><strong>Pour plus d&rsquo;informations et d&rsquo;analyses sur la <a href=\"https:\/\/www.africa-press.net\/cotedivoire\">C\u00f4te d&rsquo;Ivoire<\/a>, suivez <a href=\"https:\/\/www.africa-press.net\/\">Africa-Press<\/a><\/strong><\/p>\n","protected":false},"excerpt":{"rendered":"<p>Africa-Press &#8211; C\u00f4te d&rsquo;Ivoire. Apre\u0300s Durban en Afrique du Sud en 2021, c&rsquo;est Abidjan, la capitale e\u0301conomique ivoirienne qui a e\u0301te\u0301 retenue pour abriter la 3e e\u0301dition de la Foire Commerciale Intra-Africaine (IATF) du 21 au 27 novembre 2023. En pre\u0301lude a\u0300 la tenue de cet e\u0301ve\u0301nement continental, le ministre du Commerce, de l&rsquo;industrie et [&hellip;]<\/p>\n","protected":false},"author":82,"featured_media":53853,"comment_status":"open","ping_status":"closed","sticky":false,"template":"","format":"standard","meta":{"footnotes":""},"categories":[3,10],"tags":[8225,56,63,8226,29,5184,9195,733],"class_list":["post-53854","post","type-post","status-publish","format-standard","has-post-thumbnail","hentry","category-economie","category-toutes-les-actualites","tag-afreximbank","tag-africa-press","tag-africa-press-cote-divoire","tag-benedict-oramah","tag-cote-divoire","tag-foire","tag-iatf","tag-souleymane-diarrassouba"],"yoast_head":"<!-- This site is optimized with the Yoast SEO Premium plugin v26.1 (Yoast SEO v27.0) - https:\/\/yoast.com\/product\/yoast-seo-premium-wordpress\/ -->\n<title>3\u1d49 Foire Commerciale Intra-Africaine, 43 milliards de dollars de contrats d&#039;affaires attendus, un salon de l&#039;automobile annonc\u00e9 - C\u00f4te d&#039;Ivoire<\/title>\n<meta name=\"description\" content=\"Apre\u0300s Durban en Afrique du Sud en 2021, c&#039;est Abidjan, la capitale e\u0301conomique ivoirienne qui a e\u0301te\u0301 retenue pour abri ...\" \/>\n<meta name=\"robots\" content=\"index, follow, max-snippet:-1, max-image-preview:large, max-video-preview:-1\" \/>\n<link rel=\"canonical\" href=\"https:\/\/www.africa-press.net\/cotedivoire\/economie\/3\u1d49-foire-commerciale-intra-africaine-43-milliards-de-dollars-de-contrats-daffaires-attendus-un-salon-de-lautomobile-annonce\" \/>\n<meta property=\"og:locale\" content=\"fr_FR\" \/>\n<meta property=\"og:type\" content=\"article\" \/>\n<meta property=\"og:title\" content=\"3\u1d49 Foire Commerciale Intra-Africaine, 43 milliards de dollars de contrats d&#039;affaires attendus, un salon de l&#039;automobile annonc\u00e9\" \/>\n<meta property=\"og:description\" content=\"Apre\u0300s Durban en Afrique du Sud en 2021, c&#039;est Abidjan, la capitale e\u0301conomique ivoirienne qui a e\u0301te\u0301 retenue pour abri ...\" \/>\n<meta property=\"og:url\" content=\"https:\/\/www.africa-press.net\/cotedivoire\/economie\/3\u1d49-foire-commerciale-intra-africaine-43-milliards-de-dollars-de-contrats-daffaires-attendus-un-salon-de-lautomobile-annonce\" \/>\n<meta property=\"og:site_name\" content=\"C\u00f4te d&#039;Ivoire\" \/>\n<meta property=\"article:published_time\" content=\"2023-02-24T18:21:45+00:00\" \/>\n<meta property=\"article:modified_time\" content=\"2023-02-24T18:41:11+00:00\" \/>\n<meta property=\"og:image\" content=\"https:\/\/static.africa-press.net\/cote\/sites\/43\/2023\/02\/postQueueImg_1677250312.49.jpg\" \/>\n\t<meta property=\"og:image:width\" content=\"720\" \/>\n\t<meta property=\"og:image:height\" content=\"399\" \/>\n\t<meta property=\"og:image:type\" content=\"image\/jpeg\" \/>\n<meta name=\"author\" content=\"cfeditorfr\" \/>\n<meta name=\"twitter:card\" content=\"summary_large_image\" \/>\n<meta name=\"twitter:label1\" content=\"\u00c9crit par\" \/>\n\t<meta name=\"twitter:data1\" content=\"cfeditorfr\" \/>\n\t<meta name=\"twitter:label2\" content=\"Dur\u00e9e de lecture estim\u00e9e\" \/>\n\t<meta name=\"twitter:data2\" content=\"3 minutes\" \/>\n<script type=\"application\/ld+json\" class=\"yoast-schema-graph\">{\"@context\":\"https:\/\/schema.org\",\"@graph\":[{\"@type\":\"Article\",\"@id\":\"https:\/\/www.africa-press.net\/cotedivoire\/economie\/3%e1%b5%89-foire-commerciale-intra-africaine-43-milliards-de-dollars-de-contrats-daffaires-attendus-un-salon-de-lautomobile-annonce#article\",\"isPartOf\":{\"@id\":\"https:\/\/www.africa-press.net\/cotedivoire\/economie\/3%e1%b5%89-foire-commerciale-intra-africaine-43-milliards-de-dollars-de-contrats-daffaires-attendus-un-salon-de-lautomobile-annonce\"},\"author\":{\"name\":\"cfeditorfr\",\"@id\":\"https:\/\/www.africa-press.net\/cotedivoire\/#\/schema\/person\/2b1cf3cd81a31e3cd26889ca66d677f1\"},\"headline\":\"3\u1d49 Foire Commerciale Intra-Africaine, 43 milliards de dollars de contrats d&rsquo;affaires attendus, un salon de l&rsquo;automobile annonc\u00e9\",\"datePublished\":\"2023-02-24T18:21:45+00:00\",\"dateModified\":\"2023-02-24T18:41:11+00:00\",\"mainEntityOfPage\":{\"@id\":\"https:\/\/www.africa-press.net\/cotedivoire\/economie\/3%e1%b5%89-foire-commerciale-intra-africaine-43-milliards-de-dollars-de-contrats-daffaires-attendus-un-salon-de-lautomobile-annonce\"},\"wordCount\":628,\"commentCount\":0,\"image\":{\"@id\":\"https:\/\/www.africa-press.net\/cotedivoire\/economie\/3%e1%b5%89-foire-commerciale-intra-africaine-43-milliards-de-dollars-de-contrats-daffaires-attendus-un-salon-de-lautomobile-annonce#primaryimage\"},\"thumbnailUrl\":\"https:\/\/static.africa-press.net\/cote\/sites\/43\/2023\/02\/postQueueImg_1677250312.49.jpg\",\"keywords\":[\"Afreximbank\",\"Africa Press\",\"Africa Press-C\u00f4te d'Ivoire\",\"Benedict Oramah\",\"C\u00d4TE D'IVOIRE\",\"Foire\",\"IATF\",\"Souleymane Diarrassouba\"],\"articleSection\":[\"\u00c9conomie\",\"Toutes les actualit\u00e9s\"],\"inLanguage\":\"fr-FR\",\"potentialAction\":[{\"@type\":\"CommentAction\",\"name\":\"Comment\",\"target\":[\"https:\/\/www.africa-press.net\/cotedivoire\/economie\/3%e1%b5%89-foire-commerciale-intra-africaine-43-milliards-de-dollars-de-contrats-daffaires-attendus-un-salon-de-lautomobile-annonce#respond\"]}]},{\"@type\":\"WebPage\",\"@id\":\"https:\/\/www.africa-press.net\/cotedivoire\/economie\/3%e1%b5%89-foire-commerciale-intra-africaine-43-milliards-de-dollars-de-contrats-daffaires-attendus-un-salon-de-lautomobile-annonce\",\"url\":\"https:\/\/www.africa-press.net\/cotedivoire\/economie\/3%e1%b5%89-foire-commerciale-intra-africaine-43-milliards-de-dollars-de-contrats-daffaires-attendus-un-salon-de-lautomobile-annonce\",\"name\":\"3\u1d49 Foire Commerciale Intra-Africaine, 43 milliards de dollars de contrats d'affaires attendus, un salon de l'automobile annonc\u00e9 - C\u00f4te d&#039;Ivoire\",\"isPartOf\":{\"@id\":\"https:\/\/www.africa-press.net\/cotedivoire\/#website\"},\"primaryImageOfPage\":{\"@id\":\"https:\/\/www.africa-press.net\/cotedivoire\/economie\/3%e1%b5%89-foire-commerciale-intra-africaine-43-milliards-de-dollars-de-contrats-daffaires-attendus-un-salon-de-lautomobile-annonce#primaryimage\"},\"image\":{\"@id\":\"https:\/\/www.africa-press.net\/cotedivoire\/economie\/3%e1%b5%89-foire-commerciale-intra-africaine-43-milliards-de-dollars-de-contrats-daffaires-attendus-un-salon-de-lautomobile-annonce#primaryimage\"},\"thumbnailUrl\":\"https:\/\/static.africa-press.net\/cote\/sites\/43\/2023\/02\/postQueueImg_1677250312.49.jpg\",\"datePublished\":\"2023-02-24T18:21:45+00:00\",\"dateModified\":\"2023-02-24T18:41:11+00:00\",\"author\":{\"@id\":\"https:\/\/www.africa-press.net\/cotedivoire\/#\/schema\/person\/2b1cf3cd81a31e3cd26889ca66d677f1\"},\"description\":\"Apre\u0300s Durban en Afrique du Sud en 2021, c'est Abidjan, la capitale e\u0301conomique ivoirienne qui a e\u0301te\u0301 retenue pour abri ...\",\"breadcrumb\":{\"@id\":\"https:\/\/www.africa-press.net\/cotedivoire\/economie\/3%e1%b5%89-foire-commerciale-intra-africaine-43-milliards-de-dollars-de-contrats-daffaires-attendus-un-salon-de-lautomobile-annonce#breadcrumb\"},\"inLanguage\":\"fr-FR\",\"potentialAction\":[{\"@type\":\"ReadAction\",\"target\":[\"https:\/\/www.africa-press.net\/cotedivoire\/economie\/3%e1%b5%89-foire-commerciale-intra-africaine-43-milliards-de-dollars-de-contrats-daffaires-attendus-un-salon-de-lautomobile-annonce\"]}]},{\"@type\":\"ImageObject\",\"inLanguage\":\"fr-FR\",\"@id\":\"https:\/\/www.africa-press.net\/cotedivoire\/economie\/3%e1%b5%89-foire-commerciale-intra-africaine-43-milliards-de-dollars-de-contrats-daffaires-attendus-un-salon-de-lautomobile-annonce#primaryimage\",\"url\":\"https:\/\/static.africa-press.net\/cote\/sites\/43\/2023\/02\/postQueueImg_1677250312.49.jpg\",\"contentUrl\":\"https:\/\/static.africa-press.net\/cote\/sites\/43\/2023\/02\/postQueueImg_1677250312.49.jpg\",\"width\":720,\"height\":399,\"caption\":\"3\u1d49 Foire Commerciale Intra-Africaine, 43 milliards de dollars de contrats d'affaires attendus, un salon de l'automobile annonc\u00e9\"},{\"@type\":\"BreadcrumbList\",\"@id\":\"https:\/\/www.africa-press.net\/cotedivoire\/economie\/3%e1%b5%89-foire-commerciale-intra-africaine-43-milliards-de-dollars-de-contrats-daffaires-attendus-un-salon-de-lautomobile-annonce#breadcrumb\",\"itemListElement\":[{\"@type\":\"ListItem\",\"position\":1,\"name\":\"Accueil\",\"item\":\"https:\/\/www.africa-press.net\/cotedivoire\/\"},{\"@type\":\"ListItem\",\"position\":2,\"name\":\"3\u1d49 Foire Commerciale Intra-Africaine, 43 milliards de dollars de contrats d&#8217;affaires attendus, un salon de l&#8217;automobile annonc\u00e9\"}]},{\"@type\":\"WebSite\",\"@id\":\"https:\/\/www.africa-press.net\/cotedivoire\/#website\",\"url\":\"https:\/\/www.africa-press.net\/cotedivoire\/\",\"name\":\"C\u00f4te d&#039;Ivoire\",\"description\":\"Just another Africa News Agency Sites site\",\"potentialAction\":[{\"@type\":\"SearchAction\",\"target\":{\"@type\":\"EntryPoint\",\"urlTemplate\":\"https:\/\/www.africa-press.net\/cotedivoire\/?s={search_term_string}\"},\"query-input\":{\"@type\":\"PropertyValueSpecification\",\"valueRequired\":true,\"valueName\":\"search_term_string\"}}],\"inLanguage\":\"fr-FR\"},{\"@type\":\"Person\",\"@id\":\"https:\/\/www.africa-press.net\/cotedivoire\/#\/schema\/person\/2b1cf3cd81a31e3cd26889ca66d677f1\",\"name\":\"cfeditorfr\"}]}<\/script>\n<!-- \/ Yoast SEO Premium plugin. -->","yoast_head_json":{"title":"3\u1d49 Foire Commerciale Intra-Africaine, 43 milliards de dollars de contrats d'affaires attendus, un salon de l'automobile annonc\u00e9 - C\u00f4te d&#039;Ivoire","description":"Apre\u0300s Durban en Afrique du Sud en 2021, c'est Abidjan, la capitale e\u0301conomique ivoirienne qui a e\u0301te\u0301 retenue pour abri ...","robots":{"index":"index","follow":"follow","max-snippet":"max-snippet:-1","max-image-preview":"max-image-preview:large","max-video-preview":"max-video-preview:-1"},"canonical":"https:\/\/www.africa-press.net\/cotedivoire\/economie\/3\u1d49-foire-commerciale-intra-africaine-43-milliards-de-dollars-de-contrats-daffaires-attendus-un-salon-de-lautomobile-annonce","og_locale":"fr_FR","og_type":"article","og_title":"3\u1d49 Foire Commerciale Intra-Africaine, 43 milliards de dollars de contrats d'affaires attendus, un salon de l'automobile annonc\u00e9","og_description":"Apre\u0300s Durban en Afrique du Sud en 2021, c'est Abidjan, la capitale e\u0301conomique ivoirienne qui a e\u0301te\u0301 retenue pour abri ...","og_url":"https:\/\/www.africa-press.net\/cotedivoire\/economie\/3\u1d49-foire-commerciale-intra-africaine-43-milliards-de-dollars-de-contrats-daffaires-attendus-un-salon-de-lautomobile-annonce","og_site_name":"C\u00f4te d&#039;Ivoire","article_published_time":"2023-02-24T18:21:45+00:00","article_modified_time":"2023-02-24T18:41:11+00:00","og_image":[{"width":720,"height":399,"url":"https:\/\/static.africa-press.net\/cote\/sites\/43\/2023\/02\/postQueueImg_1677250312.49.jpg","type":"image\/jpeg"}],"author":"cfeditorfr","twitter_card":"summary_large_image","twitter_misc":{"\u00c9crit par":"cfeditorfr","Dur\u00e9e de lecture estim\u00e9e":"3 minutes"},"schema":{"@context":"https:\/\/schema.org","@graph":[{"@type":"Article","@id":"https:\/\/www.africa-press.net\/cotedivoire\/economie\/3%e1%b5%89-foire-commerciale-intra-africaine-43-milliards-de-dollars-de-contrats-daffaires-attendus-un-salon-de-lautomobile-annonce#article","isPartOf":{"@id":"https:\/\/www.africa-press.net\/cotedivoire\/economie\/3%e1%b5%89-foire-commerciale-intra-africaine-43-milliards-de-dollars-de-contrats-daffaires-attendus-un-salon-de-lautomobile-annonce"},"author":{"name":"cfeditorfr","@id":"https:\/\/www.africa-press.net\/cotedivoire\/#\/schema\/person\/2b1cf3cd81a31e3cd26889ca66d677f1"},"headline":"3\u1d49 Foire Commerciale Intra-Africaine, 43 milliards de dollars de contrats d&rsquo;affaires attendus, un salon de l&rsquo;automobile annonc\u00e9","datePublished":"2023-02-24T18:21:45+00:00","dateModified":"2023-02-24T18:41:11+00:00","mainEntityOfPage":{"@id":"https:\/\/www.africa-press.net\/cotedivoire\/economie\/3%e1%b5%89-foire-commerciale-intra-africaine-43-milliards-de-dollars-de-contrats-daffaires-attendus-un-salon-de-lautomobile-annonce"},"wordCount":628,"commentCount":0,"image":{"@id":"https:\/\/www.africa-press.net\/cotedivoire\/economie\/3%e1%b5%89-foire-commerciale-intra-africaine-43-milliards-de-dollars-de-contrats-daffaires-attendus-un-salon-de-lautomobile-annonce#primaryimage"},"thumbnailUrl":"https:\/\/static.africa-press.net\/cote\/sites\/43\/2023\/02\/postQueueImg_1677250312.49.jpg","keywords":["Afreximbank","Africa Press","Africa Press-C\u00f4te d'Ivoire","Benedict Oramah","C\u00d4TE D'IVOIRE","Foire","IATF","Souleymane Diarrassouba"],"articleSection":["\u00c9conomie","Toutes les actualit\u00e9s"],"inLanguage":"fr-FR","potentialAction":[{"@type":"CommentAction","name":"Comment","target":["https:\/\/www.africa-press.net\/cotedivoire\/economie\/3%e1%b5%89-foire-commerciale-intra-africaine-43-milliards-de-dollars-de-contrats-daffaires-attendus-un-salon-de-lautomobile-annonce#respond"]}]},{"@type":"WebPage","@id":"https:\/\/www.africa-press.net\/cotedivoire\/economie\/3%e1%b5%89-foire-commerciale-intra-africaine-43-milliards-de-dollars-de-contrats-daffaires-attendus-un-salon-de-lautomobile-annonce","url":"https:\/\/www.africa-press.net\/cotedivoire\/economie\/3%e1%b5%89-foire-commerciale-intra-africaine-43-milliards-de-dollars-de-contrats-daffaires-attendus-un-salon-de-lautomobile-annonce","name":"3\u1d49 Foire Commerciale Intra-Africaine, 43 milliards de dollars de contrats d'affaires attendus, un salon de l'automobile annonc\u00e9 - C\u00f4te d&#039;Ivoire","isPartOf":{"@id":"https:\/\/www.africa-press.net\/cotedivoire\/#website"},"primaryImageOfPage":{"@id":"https:\/\/www.africa-press.net\/cotedivoire\/economie\/3%e1%b5%89-foire-commerciale-intra-africaine-43-milliards-de-dollars-de-contrats-daffaires-attendus-un-salon-de-lautomobile-annonce#primaryimage"},"image":{"@id":"https:\/\/www.africa-press.net\/cotedivoire\/economie\/3%e1%b5%89-foire-commerciale-intra-africaine-43-milliards-de-dollars-de-contrats-daffaires-attendus-un-salon-de-lautomobile-annonce#primaryimage"},"thumbnailUrl":"https:\/\/static.africa-press.net\/cote\/sites\/43\/2023\/02\/postQueueImg_1677250312.49.jpg","datePublished":"2023-02-24T18:21:45+00:00","dateModified":"2023-02-24T18:41:11+00:00","author":{"@id":"https:\/\/www.africa-press.net\/cotedivoire\/#\/schema\/person\/2b1cf3cd81a31e3cd26889ca66d677f1"},"description":"Apre\u0300s Durban en Afrique du Sud en 2021, c'est Abidjan, la capitale e\u0301conomique ivoirienne qui a e\u0301te\u0301 retenue pour abri ...","breadcrumb":{"@id":"https:\/\/www.africa-press.net\/cotedivoire\/economie\/3%e1%b5%89-foire-commerciale-intra-africaine-43-milliards-de-dollars-de-contrats-daffaires-attendus-un-salon-de-lautomobile-annonce#breadcrumb"},"inLanguage":"fr-FR","potentialAction":[{"@type":"ReadAction","target":["https:\/\/www.africa-press.net\/cotedivoire\/economie\/3%e1%b5%89-foire-commerciale-intra-africaine-43-milliards-de-dollars-de-contrats-daffaires-attendus-un-salon-de-lautomobile-annonce"]}]},{"@type":"ImageObject","inLanguage":"fr-FR","@id":"https:\/\/www.africa-press.net\/cotedivoire\/economie\/3%e1%b5%89-foire-commerciale-intra-africaine-43-milliards-de-dollars-de-contrats-daffaires-attendus-un-salon-de-lautomobile-annonce#primaryimage","url":"https:\/\/static.africa-press.net\/cote\/sites\/43\/2023\/02\/postQueueImg_1677250312.49.jpg","contentUrl":"https:\/\/static.africa-press.net\/cote\/sites\/43\/2023\/02\/postQueueImg_1677250312.49.jpg","width":720,"height":399,"caption":"3\u1d49 Foire Commerciale Intra-Africaine, 43 milliards de dollars de contrats d'affaires attendus, un salon de l'automobile annonc\u00e9"},{"@type":"BreadcrumbList","@id":"https:\/\/www.africa-press.net\/cotedivoire\/economie\/3%e1%b5%89-foire-commerciale-intra-africaine-43-milliards-de-dollars-de-contrats-daffaires-attendus-un-salon-de-lautomobile-annonce#breadcrumb","itemListElement":[{"@type":"ListItem","position":1,"name":"Accueil","item":"https:\/\/www.africa-press.net\/cotedivoire\/"},{"@type":"ListItem","position":2,"name":"3\u1d49 Foire Commerciale Intra-Africaine, 43 milliards de dollars de contrats d&#8217;affaires attendus, un salon de l&#8217;automobile annonc\u00e9"}]},{"@type":"WebSite","@id":"https:\/\/www.africa-press.net\/cotedivoire\/#website","url":"https:\/\/www.africa-press.net\/cotedivoire\/","name":"C\u00f4te d&#039;Ivoire","description":"Just another Africa News Agency Sites site","potentialAction":[{"@type":"SearchAction","target":{"@type":"EntryPoint","urlTemplate":"https:\/\/www.africa-press.net\/cotedivoire\/?s={search_term_string}"},"query-input":{"@type":"PropertyValueSpecification","valueRequired":true,"valueName":"search_term_string"}}],"inLanguage":"fr-FR"},{"@type":"Person","@id":"https:\/\/www.africa-press.net\/cotedivoire\/#\/schema\/person\/2b1cf3cd81a31e3cd26889ca66d677f1","name":"cfeditorfr"}]}},"_links":{"self":[{"href":"https:\/\/www.africa-press.net\/cotedivoire\/wp-json\/wp\/v2\/posts\/53854","targetHints":{"allow":["GET"]}}],"collection":[{"href":"https:\/\/www.africa-press.net\/cotedivoire\/wp-json\/wp\/v2\/posts"}],"about":[{"href":"https:\/\/www.africa-press.net\/cotedivoire\/wp-json\/wp\/v2\/types\/post"}],"author":[{"embeddable":true,"href":"https:\/\/www.africa-press.net\/cotedivoire\/wp-json\/wp\/v2\/users\/82"}],"replies":[{"embeddable":true,"href":"https:\/\/www.africa-press.net\/cotedivoire\/wp-json\/wp\/v2\/comments?post=53854"}],"version-history":[{"count":0,"href":"https:\/\/www.africa-press.net\/cotedivoire\/wp-json\/wp\/v2\/posts\/53854\/revisions"}],"wp:featuredmedia":[{"embeddable":true,"href":"https:\/\/www.africa-press.net\/cotedivoire\/wp-json\/wp\/v2\/media\/53853"}],"wp:attachment":[{"href":"https:\/\/www.africa-press.net\/cotedivoire\/wp-json\/wp\/v2\/media?parent=53854"}],"wp:term":[{"taxonomy":"category","embeddable":true,"href":"https:\/\/www.africa-press.net\/cotedivoire\/wp-json\/wp\/v2\/categories?post=53854"},{"taxonomy":"post_tag","embeddable":true,"href":"https:\/\/www.africa-press.net\/cotedivoire\/wp-json\/wp\/v2\/tags?post=53854"}],"curies":[{"name":"wp","href":"https:\/\/api.w.org\/{rel}","templated":true}]}}