{"id":53884,"date":"2023-02-24T18:26:47","date_gmt":"2023-02-24T18:26:47","guid":{"rendered":"https:\/\/www.africa-press.net\/cotedivoire\/politique\/en-cote-divoire-quand-le-conseil-cafe-cacao-ferme-les-vannes"},"modified":"2023-02-24T18:48:55","modified_gmt":"2023-02-24T18:48:55","slug":"en-cote-divoire-quand-le-conseil-cafe-cacao-ferme-les-vannes","status":"publish","type":"post","link":"https:\/\/www.africa-press.net\/cotedivoire\/economie\/en-cote-divoire-quand-le-conseil-cafe-cacao-ferme-les-vannes","title":{"rendered":"En C\u00f4te d\u2019Ivoire, quand le Conseil caf\u00e9-cacao ferme les vannes"},"content":{"rendered":"<p><span style=\"color: #ff6600\"><strong>Africa-Press &#8211; C\u00f4te d&rsquo;Ivoire. <\/strong><\/span>Il avait pre\u0301venu qu\u2019il prendrait les mesures qui s\u2019imposeraient. En Co\u0302te d\u2019Ivoire, premier producteur mondial d\u2019or brun, le Conseil cafe\u0301-cacao (CCC), organe re\u0301gulateur du secteur dirige\u0301 par Yves Brahima Kone\u0301, vient de fermer l\u2019acce\u0300s a\u0300 l\u2019achat des fe\u0300ves a\u0300 une vingtaine d\u2019acteurs, dont les multinationales Cargill, Barry Callebaut et Olam.<\/p>\n<p>Cette fermeture est entre\u0301e en vigueur le 21 fe\u0301vrier, a indique\u0301 Kadoko Bamba, le directeur de la commercialisation exte\u0301rieure du CCC. \u00ab Elle devrait durer quelques jours \u00bb, a-t-il pre\u0301cise\u0301, ajoutant qu\u2019elle concerne \u00ab les exportateurs ayant couvert leurs contrats de de\u0301blocage par du stock physique \u00bb.<\/p>\n<p>Alors qu\u2019un haut niveau de r\u00e9colte \u00e9tait annonc\u00e9 pour la grande campagne du cacao, qui se tient chaque ann\u00e9e de septembre \u00e0 mars, les op\u00e9rateurs de la fili\u00e8re \u2013 cl\u00e9 pour l\u2019\u00e9conomie ivoirienne \u2013 sont confront\u00e9s \u00e0 une p\u00e9nurie de f\u00e8ves.<\/p>\n<p><b>Risque de d\u00e9faut<\/b><br \/>\n\u00ab L\u2019affaire est s\u00e9rieuse car il y a r\u00e9ellement un d\u00e9ficit, ce qui fait peser un risque de d\u00e9faut sur certains contrats de fourniture de f\u00e8ves \u00bb, confie un acteur du secteur.<\/p>\n<p>Conscient des difficult\u00e9s, le CCC a organis\u00e9 d\u00e9but f\u00e9vrier une r\u00e9union avec la fili\u00e8re. \u00c0 son issue, il a publi\u00e9 un communiqu\u00e9 tr\u00e8s rassurant mais qui \u00e9voquait d\u00e9j\u00e0 la solution finalement d\u00e9ploy\u00e9e cette semaine. \u00ab Pour permettre aux exportateurs d\u2019honorer leurs contrats, le CCC prendra les mesures n\u00e9cessaires pour limiter aux achats tous les exportateurs qui seront \u00e0 l\u2019\u00e9quilibre afin que ceux qui ne le sont pas aient la possibilit\u00e9 de s\u2019approvisionner \u00bb, avait-il indiqu\u00e9, pr\u00e9cisant qu\u2019il n\u2019admettrait pas \u00ab la constitution de stocks par certains op\u00e9rateurs alors que d\u2019autres ne sont pas couverts \u00bb.<\/p>\n<p>Concr\u00e8tement, le CCC, en coupant les vannes pour les acteurs dont les contrats sont d\u00e9j\u00e0 couverts, \u00e0 savoir les leaders du secteur, entend permettre aux autres, principalement les n\u00e9gociants et exportateurs locaux de taille modeste, d\u2019acqu\u00e9rir les f\u00e8ves pour pouvoir honorer eux aussi leurs contrats.<\/p>\n<p>R\u00e9sultat, la mesure concerne une vingtaine d\u2019acheteurs de f\u00e8ves sur les quelque 90 que compte le pays mais il s\u2019agit d\u2019une minorit\u00e9 qui ach\u00e8te la majeure partie de la r\u00e9colte.<\/p>\n<p>\u00c0 titre d\u2019illustration, selon nos informations, sur les huit broyeurs install\u00e9s en C\u00f4te d\u2019Ivoire, seul un, \u00e0 savoir la Compagnie cacaoy\u00e8re du Bandama du groupe Eurofind fond\u00e9 par Moustapha Khalil, d\u00e9c\u00e9d\u00e9 en mars 2014, est autoris\u00e9 \u00e0 acqu\u00e9rir des f\u00e8ves actuellement.<\/p>\n<p><b>Flux tendus<\/b><br \/>\n\u00ab La limitation des exportateurs aux achats est une mesure op\u00e9rationnelle qui s\u2019applique syst\u00e9matiquement lorsque les contrats de d\u00e9blocage de l\u2019exportateur sont couverts par des stocks physiques avec une marge de + 3 % \u00bb, a indiqu\u00e9 Carine-Laure Poe, directrice charg\u00e9e des d\u00e9l\u00e9gations r\u00e9gionales et de la commercialisation int\u00e9rieure.<\/p>\n<p>Assurant que le CCC dispose d\u2019une \u00ab bonne estimation des stocks des op\u00e9rateurs dans les zones de production et les zones portuaires \u00bb, elle a ajout\u00e9 que \u00ab les op\u00e9rateurs du bord champ disposant de stock sont orient\u00e9s vers les exportateurs dont les contrats ne sont pas couverts par des stocks pour permettre \u00e0 tous d\u2019atteindre l\u2019\u00e9quilibre au 31 mars 2023 \u00bb.<\/p>\n<p>Reste que la mesure est accueillie avec des grincements de dents par les op\u00e9rateurs bloqu\u00e9s \u00e0 l\u2019achat, et notamment les broyeurs, car ils vont devoir utiliser leurs stocks pour faire tourner leur usine sans pouvoir, dans l\u2019imm\u00e9diat, les reconstituer.<\/p>\n<p>\u00ab On va devoir fonctionner \u00e0 flux tendus sans avoir la garantie, par ailleurs, que la mesure permettra effectivement aux autres acteurs de s\u2019approvisionner, pointe un acteur concern\u00e9. Les acteurs nationaux auront-ils les moyens d\u2019acheter des f\u00e8ves dont le prix grimpe en raison de la p\u00e9nurie actuelle ? \u00bb<\/p>\n<p><strong>Pour plus d&rsquo;informations et d&rsquo;analyses sur la <a href=\"https:\/\/www.africa-press.net\/cotedivoire\">C\u00f4te d&rsquo;Ivoire<\/a>, suivez <a href=\"https:\/\/www.africa-press.net\/\">Africa-Press<\/a><\/strong><\/p>\n","protected":false},"excerpt":{"rendered":"<p>Africa-Press &#8211; C\u00f4te d&rsquo;Ivoire. Il avait pre\u0301venu qu\u2019il prendrait les mesures qui s\u2019imposeraient. En Co\u0302te d\u2019Ivoire, premier producteur mondial d\u2019or brun, le Conseil cafe\u0301-cacao (CCC), organe re\u0301gulateur du secteur dirige\u0301 par Yves Brahima Kone\u0301, vient de fermer l\u2019acce\u0300s a\u0300 l\u2019achat des fe\u0300ves a\u0300 une vingtaine d\u2019acteurs, dont les multinationales Cargill, Barry Callebaut et Olam. Cette [&hellip;]<\/p>\n","protected":false},"author":82,"featured_media":53883,"comment_status":"open","ping_status":"closed","sticky":false,"template":"","format":"standard","meta":{"footnotes":""},"categories":[3,70,20,10],"tags":[56,63,29],"class_list":["post-53884","post","type-post","status-publish","format-standard","has-post-thumbnail","hentry","category-economie","category-to-homepage","category-top-nouvelles","category-toutes-les-actualites","tag-africa-press","tag-africa-press-cote-divoire","tag-cote-divoire"],"yoast_head":"<!-- This site is optimized with the Yoast SEO Premium plugin v26.1 (Yoast SEO v27.0) - https:\/\/yoast.com\/product\/yoast-seo-premium-wordpress\/ -->\n<title>En C\u00f4te d\u2019Ivoire, quand le Conseil caf\u00e9-cacao ferme les vannes - C\u00f4te d&#039;Ivoire<\/title>\n<meta name=\"description\" content=\"Il avait pre\u0301venu qu\u2019il prendrait les mesures qui s\u2019imposeraient. En Co\u0302te d\u2019Ivoire, premier producteur mondial d\u2019or bru ...\" \/>\n<meta name=\"robots\" content=\"index, follow, max-snippet:-1, max-image-preview:large, max-video-preview:-1\" \/>\n<link rel=\"canonical\" href=\"https:\/\/www.africa-press.net\/cotedivoire\/economie\/en-cote-divoire-quand-le-conseil-cafe-cacao-ferme-les-vannes\" \/>\n<meta property=\"og:locale\" content=\"fr_FR\" \/>\n<meta property=\"og:type\" content=\"article\" \/>\n<meta property=\"og:title\" content=\"En C\u00f4te d\u2019Ivoire, quand le Conseil caf\u00e9-cacao ferme les vannes\" \/>\n<meta property=\"og:description\" content=\"Il avait pre\u0301venu qu\u2019il prendrait les mesures qui s\u2019imposeraient. En Co\u0302te d\u2019Ivoire, premier producteur mondial d\u2019or bru ...\" \/>\n<meta property=\"og:url\" content=\"https:\/\/www.africa-press.net\/cotedivoire\/economie\/en-cote-divoire-quand-le-conseil-cafe-cacao-ferme-les-vannes\" \/>\n<meta property=\"og:site_name\" content=\"C\u00f4te d&#039;Ivoire\" \/>\n<meta property=\"article:published_time\" content=\"2023-02-24T18:26:47+00:00\" \/>\n<meta property=\"article:modified_time\" content=\"2023-02-24T18:48:55+00:00\" \/>\n<meta property=\"og:image\" content=\"https:\/\/static.africa-press.net\/cote\/sites\/43\/2023\/02\/postQueueImg_1677250724.35.jpg\" \/>\n\t<meta property=\"og:image:width\" content=\"1256\" \/>\n\t<meta property=\"og:image:height\" content=\"628\" \/>\n\t<meta property=\"og:image:type\" content=\"image\/jpeg\" \/>\n<meta name=\"author\" content=\"cfeditorfr\" \/>\n<meta name=\"twitter:card\" content=\"summary_large_image\" \/>\n<meta name=\"twitter:label1\" content=\"\u00c9crit par\" \/>\n\t<meta name=\"twitter:data1\" content=\"cfeditorfr\" \/>\n\t<meta name=\"twitter:label2\" content=\"Dur\u00e9e de lecture estim\u00e9e\" \/>\n\t<meta name=\"twitter:data2\" content=\"3 minutes\" \/>\n<script type=\"application\/ld+json\" class=\"yoast-schema-graph\">{\"@context\":\"https:\/\/schema.org\",\"@graph\":[{\"@type\":\"Article\",\"@id\":\"https:\/\/www.africa-press.net\/cotedivoire\/economie\/en-cote-divoire-quand-le-conseil-cafe-cacao-ferme-les-vannes#article\",\"isPartOf\":{\"@id\":\"https:\/\/www.africa-press.net\/cotedivoire\/economie\/en-cote-divoire-quand-le-conseil-cafe-cacao-ferme-les-vannes\"},\"author\":{\"name\":\"cfeditorfr\",\"@id\":\"https:\/\/www.africa-press.net\/cotedivoire\/#\/schema\/person\/2b1cf3cd81a31e3cd26889ca66d677f1\"},\"headline\":\"En C\u00f4te d\u2019Ivoire, quand le Conseil caf\u00e9-cacao ferme les vannes\",\"datePublished\":\"2023-02-24T18:26:47+00:00\",\"dateModified\":\"2023-02-24T18:48:55+00:00\",\"mainEntityOfPage\":{\"@id\":\"https:\/\/www.africa-press.net\/cotedivoire\/economie\/en-cote-divoire-quand-le-conseil-cafe-cacao-ferme-les-vannes\"},\"wordCount\":679,\"commentCount\":0,\"image\":{\"@id\":\"https:\/\/www.africa-press.net\/cotedivoire\/economie\/en-cote-divoire-quand-le-conseil-cafe-cacao-ferme-les-vannes#primaryimage\"},\"thumbnailUrl\":\"https:\/\/static.africa-press.net\/cote\/sites\/43\/2023\/02\/postQueueImg_1677250724.35.jpg\",\"keywords\":[\"Africa Press\",\"Africa Press-C\u00f4te d'Ivoire\",\"C\u00d4TE D'IVOIRE\"],\"articleSection\":[\"\u00c9conomie\",\"to-homepage\",\"Top Nouvelles\",\"Toutes les actualit\u00e9s\"],\"inLanguage\":\"fr-FR\",\"potentialAction\":[{\"@type\":\"CommentAction\",\"name\":\"Comment\",\"target\":[\"https:\/\/www.africa-press.net\/cotedivoire\/economie\/en-cote-divoire-quand-le-conseil-cafe-cacao-ferme-les-vannes#respond\"]}]},{\"@type\":\"WebPage\",\"@id\":\"https:\/\/www.africa-press.net\/cotedivoire\/economie\/en-cote-divoire-quand-le-conseil-cafe-cacao-ferme-les-vannes\",\"url\":\"https:\/\/www.africa-press.net\/cotedivoire\/economie\/en-cote-divoire-quand-le-conseil-cafe-cacao-ferme-les-vannes\",\"name\":\"En C\u00f4te d\u2019Ivoire, quand le Conseil caf\u00e9-cacao ferme les vannes - C\u00f4te d&#039;Ivoire\",\"isPartOf\":{\"@id\":\"https:\/\/www.africa-press.net\/cotedivoire\/#website\"},\"primaryImageOfPage\":{\"@id\":\"https:\/\/www.africa-press.net\/cotedivoire\/economie\/en-cote-divoire-quand-le-conseil-cafe-cacao-ferme-les-vannes#primaryimage\"},\"image\":{\"@id\":\"https:\/\/www.africa-press.net\/cotedivoire\/economie\/en-cote-divoire-quand-le-conseil-cafe-cacao-ferme-les-vannes#primaryimage\"},\"thumbnailUrl\":\"https:\/\/static.africa-press.net\/cote\/sites\/43\/2023\/02\/postQueueImg_1677250724.35.jpg\",\"datePublished\":\"2023-02-24T18:26:47+00:00\",\"dateModified\":\"2023-02-24T18:48:55+00:00\",\"author\":{\"@id\":\"https:\/\/www.africa-press.net\/cotedivoire\/#\/schema\/person\/2b1cf3cd81a31e3cd26889ca66d677f1\"},\"description\":\"Il avait pre\u0301venu qu\u2019il prendrait les mesures qui s\u2019imposeraient. En Co\u0302te d\u2019Ivoire, premier producteur mondial d\u2019or bru ...\",\"breadcrumb\":{\"@id\":\"https:\/\/www.africa-press.net\/cotedivoire\/economie\/en-cote-divoire-quand-le-conseil-cafe-cacao-ferme-les-vannes#breadcrumb\"},\"inLanguage\":\"fr-FR\",\"potentialAction\":[{\"@type\":\"ReadAction\",\"target\":[\"https:\/\/www.africa-press.net\/cotedivoire\/economie\/en-cote-divoire-quand-le-conseil-cafe-cacao-ferme-les-vannes\"]}]},{\"@type\":\"ImageObject\",\"inLanguage\":\"fr-FR\",\"@id\":\"https:\/\/www.africa-press.net\/cotedivoire\/economie\/en-cote-divoire-quand-le-conseil-cafe-cacao-ferme-les-vannes#primaryimage\",\"url\":\"https:\/\/static.africa-press.net\/cote\/sites\/43\/2023\/02\/postQueueImg_1677250724.35.jpg\",\"contentUrl\":\"https:\/\/static.africa-press.net\/cote\/sites\/43\/2023\/02\/postQueueImg_1677250724.35.jpg\",\"width\":1256,\"height\":628,\"caption\":\"En C\u00f4te d\u2019Ivoire, quand le Conseil caf\u00e9-cacao ferme les vannes\"},{\"@type\":\"BreadcrumbList\",\"@id\":\"https:\/\/www.africa-press.net\/cotedivoire\/economie\/en-cote-divoire-quand-le-conseil-cafe-cacao-ferme-les-vannes#breadcrumb\",\"itemListElement\":[{\"@type\":\"ListItem\",\"position\":1,\"name\":\"Accueil\",\"item\":\"https:\/\/www.africa-press.net\/cotedivoire\/\"},{\"@type\":\"ListItem\",\"position\":2,\"name\":\"En C\u00f4te d\u2019Ivoire, quand le Conseil caf\u00e9-cacao ferme les vannes\"}]},{\"@type\":\"WebSite\",\"@id\":\"https:\/\/www.africa-press.net\/cotedivoire\/#website\",\"url\":\"https:\/\/www.africa-press.net\/cotedivoire\/\",\"name\":\"C\u00f4te d&#039;Ivoire\",\"description\":\"Just another Africa News Agency Sites site\",\"potentialAction\":[{\"@type\":\"SearchAction\",\"target\":{\"@type\":\"EntryPoint\",\"urlTemplate\":\"https:\/\/www.africa-press.net\/cotedivoire\/?s={search_term_string}\"},\"query-input\":{\"@type\":\"PropertyValueSpecification\",\"valueRequired\":true,\"valueName\":\"search_term_string\"}}],\"inLanguage\":\"fr-FR\"},{\"@type\":\"Person\",\"@id\":\"https:\/\/www.africa-press.net\/cotedivoire\/#\/schema\/person\/2b1cf3cd81a31e3cd26889ca66d677f1\",\"name\":\"cfeditorfr\"}]}<\/script>\n<!-- \/ Yoast SEO Premium plugin. -->","yoast_head_json":{"title":"En C\u00f4te d\u2019Ivoire, quand le Conseil caf\u00e9-cacao ferme les vannes - C\u00f4te d&#039;Ivoire","description":"Il avait pre\u0301venu qu\u2019il prendrait les mesures qui s\u2019imposeraient. En Co\u0302te d\u2019Ivoire, premier producteur mondial d\u2019or bru ...","robots":{"index":"index","follow":"follow","max-snippet":"max-snippet:-1","max-image-preview":"max-image-preview:large","max-video-preview":"max-video-preview:-1"},"canonical":"https:\/\/www.africa-press.net\/cotedivoire\/economie\/en-cote-divoire-quand-le-conseil-cafe-cacao-ferme-les-vannes","og_locale":"fr_FR","og_type":"article","og_title":"En C\u00f4te d\u2019Ivoire, quand le Conseil caf\u00e9-cacao ferme les vannes","og_description":"Il avait pre\u0301venu qu\u2019il prendrait les mesures qui s\u2019imposeraient. En Co\u0302te d\u2019Ivoire, premier producteur mondial d\u2019or bru ...","og_url":"https:\/\/www.africa-press.net\/cotedivoire\/economie\/en-cote-divoire-quand-le-conseil-cafe-cacao-ferme-les-vannes","og_site_name":"C\u00f4te d&#039;Ivoire","article_published_time":"2023-02-24T18:26:47+00:00","article_modified_time":"2023-02-24T18:48:55+00:00","og_image":[{"width":1256,"height":628,"url":"https:\/\/static.africa-press.net\/cote\/sites\/43\/2023\/02\/postQueueImg_1677250724.35.jpg","type":"image\/jpeg"}],"author":"cfeditorfr","twitter_card":"summary_large_image","twitter_misc":{"\u00c9crit par":"cfeditorfr","Dur\u00e9e de lecture estim\u00e9e":"3 minutes"},"schema":{"@context":"https:\/\/schema.org","@graph":[{"@type":"Article","@id":"https:\/\/www.africa-press.net\/cotedivoire\/economie\/en-cote-divoire-quand-le-conseil-cafe-cacao-ferme-les-vannes#article","isPartOf":{"@id":"https:\/\/www.africa-press.net\/cotedivoire\/economie\/en-cote-divoire-quand-le-conseil-cafe-cacao-ferme-les-vannes"},"author":{"name":"cfeditorfr","@id":"https:\/\/www.africa-press.net\/cotedivoire\/#\/schema\/person\/2b1cf3cd81a31e3cd26889ca66d677f1"},"headline":"En C\u00f4te d\u2019Ivoire, quand le Conseil caf\u00e9-cacao ferme les vannes","datePublished":"2023-02-24T18:26:47+00:00","dateModified":"2023-02-24T18:48:55+00:00","mainEntityOfPage":{"@id":"https:\/\/www.africa-press.net\/cotedivoire\/economie\/en-cote-divoire-quand-le-conseil-cafe-cacao-ferme-les-vannes"},"wordCount":679,"commentCount":0,"image":{"@id":"https:\/\/www.africa-press.net\/cotedivoire\/economie\/en-cote-divoire-quand-le-conseil-cafe-cacao-ferme-les-vannes#primaryimage"},"thumbnailUrl":"https:\/\/static.africa-press.net\/cote\/sites\/43\/2023\/02\/postQueueImg_1677250724.35.jpg","keywords":["Africa Press","Africa Press-C\u00f4te d'Ivoire","C\u00d4TE D'IVOIRE"],"articleSection":["\u00c9conomie","to-homepage","Top Nouvelles","Toutes les actualit\u00e9s"],"inLanguage":"fr-FR","potentialAction":[{"@type":"CommentAction","name":"Comment","target":["https:\/\/www.africa-press.net\/cotedivoire\/economie\/en-cote-divoire-quand-le-conseil-cafe-cacao-ferme-les-vannes#respond"]}]},{"@type":"WebPage","@id":"https:\/\/www.africa-press.net\/cotedivoire\/economie\/en-cote-divoire-quand-le-conseil-cafe-cacao-ferme-les-vannes","url":"https:\/\/www.africa-press.net\/cotedivoire\/economie\/en-cote-divoire-quand-le-conseil-cafe-cacao-ferme-les-vannes","name":"En C\u00f4te d\u2019Ivoire, quand le Conseil caf\u00e9-cacao ferme les vannes - C\u00f4te d&#039;Ivoire","isPartOf":{"@id":"https:\/\/www.africa-press.net\/cotedivoire\/#website"},"primaryImageOfPage":{"@id":"https:\/\/www.africa-press.net\/cotedivoire\/economie\/en-cote-divoire-quand-le-conseil-cafe-cacao-ferme-les-vannes#primaryimage"},"image":{"@id":"https:\/\/www.africa-press.net\/cotedivoire\/economie\/en-cote-divoire-quand-le-conseil-cafe-cacao-ferme-les-vannes#primaryimage"},"thumbnailUrl":"https:\/\/static.africa-press.net\/cote\/sites\/43\/2023\/02\/postQueueImg_1677250724.35.jpg","datePublished":"2023-02-24T18:26:47+00:00","dateModified":"2023-02-24T18:48:55+00:00","author":{"@id":"https:\/\/www.africa-press.net\/cotedivoire\/#\/schema\/person\/2b1cf3cd81a31e3cd26889ca66d677f1"},"description":"Il avait pre\u0301venu qu\u2019il prendrait les mesures qui s\u2019imposeraient. En Co\u0302te d\u2019Ivoire, premier producteur mondial d\u2019or bru ...","breadcrumb":{"@id":"https:\/\/www.africa-press.net\/cotedivoire\/economie\/en-cote-divoire-quand-le-conseil-cafe-cacao-ferme-les-vannes#breadcrumb"},"inLanguage":"fr-FR","potentialAction":[{"@type":"ReadAction","target":["https:\/\/www.africa-press.net\/cotedivoire\/economie\/en-cote-divoire-quand-le-conseil-cafe-cacao-ferme-les-vannes"]}]},{"@type":"ImageObject","inLanguage":"fr-FR","@id":"https:\/\/www.africa-press.net\/cotedivoire\/economie\/en-cote-divoire-quand-le-conseil-cafe-cacao-ferme-les-vannes#primaryimage","url":"https:\/\/static.africa-press.net\/cote\/sites\/43\/2023\/02\/postQueueImg_1677250724.35.jpg","contentUrl":"https:\/\/static.africa-press.net\/cote\/sites\/43\/2023\/02\/postQueueImg_1677250724.35.jpg","width":1256,"height":628,"caption":"En C\u00f4te d\u2019Ivoire, quand le Conseil caf\u00e9-cacao ferme les vannes"},{"@type":"BreadcrumbList","@id":"https:\/\/www.africa-press.net\/cotedivoire\/economie\/en-cote-divoire-quand-le-conseil-cafe-cacao-ferme-les-vannes#breadcrumb","itemListElement":[{"@type":"ListItem","position":1,"name":"Accueil","item":"https:\/\/www.africa-press.net\/cotedivoire\/"},{"@type":"ListItem","position":2,"name":"En C\u00f4te d\u2019Ivoire, quand le Conseil caf\u00e9-cacao ferme les vannes"}]},{"@type":"WebSite","@id":"https:\/\/www.africa-press.net\/cotedivoire\/#website","url":"https:\/\/www.africa-press.net\/cotedivoire\/","name":"C\u00f4te d&#039;Ivoire","description":"Just another Africa News Agency Sites site","potentialAction":[{"@type":"SearchAction","target":{"@type":"EntryPoint","urlTemplate":"https:\/\/www.africa-press.net\/cotedivoire\/?s={search_term_string}"},"query-input":{"@type":"PropertyValueSpecification","valueRequired":true,"valueName":"search_term_string"}}],"inLanguage":"fr-FR"},{"@type":"Person","@id":"https:\/\/www.africa-press.net\/cotedivoire\/#\/schema\/person\/2b1cf3cd81a31e3cd26889ca66d677f1","name":"cfeditorfr"}]}},"_links":{"self":[{"href":"https:\/\/www.africa-press.net\/cotedivoire\/wp-json\/wp\/v2\/posts\/53884","targetHints":{"allow":["GET"]}}],"collection":[{"href":"https:\/\/www.africa-press.net\/cotedivoire\/wp-json\/wp\/v2\/posts"}],"about":[{"href":"https:\/\/www.africa-press.net\/cotedivoire\/wp-json\/wp\/v2\/types\/post"}],"author":[{"embeddable":true,"href":"https:\/\/www.africa-press.net\/cotedivoire\/wp-json\/wp\/v2\/users\/82"}],"replies":[{"embeddable":true,"href":"https:\/\/www.africa-press.net\/cotedivoire\/wp-json\/wp\/v2\/comments?post=53884"}],"version-history":[{"count":0,"href":"https:\/\/www.africa-press.net\/cotedivoire\/wp-json\/wp\/v2\/posts\/53884\/revisions"}],"wp:featuredmedia":[{"embeddable":true,"href":"https:\/\/www.africa-press.net\/cotedivoire\/wp-json\/wp\/v2\/media\/53883"}],"wp:attachment":[{"href":"https:\/\/www.africa-press.net\/cotedivoire\/wp-json\/wp\/v2\/media?parent=53884"}],"wp:term":[{"taxonomy":"category","embeddable":true,"href":"https:\/\/www.africa-press.net\/cotedivoire\/wp-json\/wp\/v2\/categories?post=53884"},{"taxonomy":"post_tag","embeddable":true,"href":"https:\/\/www.africa-press.net\/cotedivoire\/wp-json\/wp\/v2\/tags?post=53884"}],"curies":[{"name":"wp","href":"https:\/\/api.w.org\/{rel}","templated":true}]}}