{"id":54274,"date":"2023-03-02T18:33:48","date_gmt":"2023-03-02T18:33:48","guid":{"rendered":"https:\/\/www.africa-press.net\/cotedivoire\/politique\/yamoussoukro-quand-les-eleves-cotoient-chaque-jour-la-mort-dans-les-vehicules-de-transport-en-se-rendant-a-lecole"},"modified":"2023-03-02T19:22:39","modified_gmt":"2023-03-02T19:22:39","slug":"yamoussoukro-quand-les-eleves-cotoient-chaque-jour-la-mort-dans-les-vehicules-de-transport-en-se-rendant-a-lecole","status":"publish","type":"post","link":"https:\/\/www.africa-press.net\/cotedivoire\/toutes-les-actualites\/yamoussoukro-quand-les-eleves-cotoient-chaque-jour-la-mort-dans-les-vehicules-de-transport-en-se-rendant-a-lecole","title":{"rendered":"Yamoussoukro, quand les \u00e9l\u00e8ves c\u00f4toient chaque jour la mort dans les v\u00e9hicules de transport en se rendant \u00e0 l&rsquo;\u00e9cole"},"content":{"rendered":"<p><span style=\"color: #ff6600\"><strong>Africa-Press &#8211; C\u00f4te d&rsquo;Ivoire. <\/strong><\/span>Les ve\u0301hicules de transports en commun des e\u0301le\u0300ves dans la capitale politique ivoirienne se pre\u0301sentent comme de ve\u0301ritables tombeaux ambulants. Dans ce reportage, koaci.com vous pre\u0301sente les carences de ces autocars et la vulne\u0301rabilite\u0301 re\u0301gulie\u0300re de ses occupants. Les responsabilite\u0301s aussi.<\/p>\n<p>To\u0302t ce mercredi 1er Mars 2023, l\u2019e\u0301quipe de reportage de koaci.com a\u0300 Yamoussoukro a parcouru plusieurs arre\u0302ts d\u2019embarquement d\u2019e\u0301le\u0300ves dans la capitale politique ivoirienne. Il est 07 h 10. Nous sommes au quartier Morofe\u0300 pre\u0301cise\u0301ment au carrefour Banny. Ici, plusieurs e\u0301le\u0300ves y sont poste\u0301s en compagnie de leurs parents et attendent l\u2019accostage de leur car de transport.<\/p>\n<p>Quelques instants plus tard, le fardier tre\u0300s attendu accoste a\u0300 la joie inconsciente de ces tout petit. C\u2019est un ve\u0301hicule immatricule\u0301 3217FN01 de 18 places couleur bleu marine visiblement de\u0301suet et amoche\u0301. Les pneus avachis, des sie\u0300ges abi\u0302me\u0301s avec des phares arrie\u0300res presque inexistants. Les portie\u0300res et les re\u0301troviseurs, quant eux, laissent a\u0300 de\u0301sirer. Les vitres aussi.<\/p>\n<p>C\u2019est bien dans ce stout mobile que la petite Noura et ses amies vont embarquer sous les regards miteux de leurs accompagnateurs.<\/p>\n<p>Les risques auxquels ces apprenants sont chaque jour expose\u0301s sont perceptibles et pertinents. A Yamoussoukro, les e\u0301le\u0300ves du pre\u0301scolaire co\u0302toient chaque jour la mort en se rendant dans leurs e\u0301tablissements respectifs a\u0300 bord de ces ve\u0301hicules de transport en commun tre\u0300s de\u0301labre\u0301s.<\/p>\n<p>A\u0300 Assabou, quartier originaire de Yamoussoukro, notre e\u0301quipe a e\u0301galement fait le me\u0302me constat sur plusieurs autres lieux. A l\u2019arre\u0302t de cet autre minicar localement appele\u0301 Gbaka, c\u2019est un gamin d\u2019a\u0300 peine 13 ans qui attire notre attention. Comme dans une sce\u0300ne, cet adolescent e\u0301tait dans le ro\u0302le d\u2019un coxer. Vertu d\u2019un teeshirt beaucoup troue\u0301 et d\u2019un pantalon du me\u0302me ordre, il frappait du point la portie\u0300re du ve\u0301hicule appelant les e\u0301le\u0300ves a\u0300 monter. Le chauffeur, lui, assis sur son sie\u0300ge, entre les doigts, une me\u0300che de cigarette, il semble manifestement inspire\u0301 avec une music manding en fond sonore.<\/p>\n<p>Dans ces minicars, le surnombre des passagers est chose presque autorise\u0301e. Du moins, c\u2019est ce que l\u2019on puisse dire au regard de l\u2019imperturbable se\u0301re\u0301nite\u0301 de ces conducteurs qui exercent leur funeste activite\u0301 aux yeux et a\u0300 la barbe des agents de contro\u0302le. Ces enfants sont superpose\u0301s les uns sur les autres contre les pare-brise.<\/p>\n<p>De l\u2019avis des parents<\/p>\n<p>\u00ab Nous n\u2019avons pas de grands moyens pour emprunter des taxis pour nos enfants. Certes nous ne sommes pas souvent tre\u0300s tranquilles en faisant monter nos enfants dans ces cars. Parce que ces cars sont beaucoup fatigue\u0301s et pre\u0301sentent assez de risques. Ils tombent bien souvent en panne et nous sommes dans l\u2019obligation d\u2019aller chercher nos enfants a indique\u0301 Kouame\u0301 Christelle, ge\u0301nitrice de la petite Noura.<\/p>\n<p>Comme cette me\u0300re, une accompagnatrice renche\u0301rie. \u00ab Les cars ne nous rassurent pas. Mais on va faire comment ? Les e\u0301coles sont beaucoup e\u0301loigne\u0301es de nos domiciles. C\u2019est le seul moyen par lequel nos enfants peuvent se rendre dans leurs e\u0301tablissements. Souvent les chauffeurs nous appellent pour venir chercher nos enfants au motif que leur car est en panne \u00bb a \u2013elle souligne\u0301.<\/p>\n<p>Aux dires des chauffeurs<\/p>\n<p>Pour ces conducteurs au volant de ces ve\u0301hicules, l\u2019e\u0301tat des ve\u0301hicules et le surnombre des enfants, n\u2019est pas de leur fait \u00ab moi je suis en re\u0300gle. J\u2019ai mon permis. Et mon travail ici, est d\u2019embarquer les e\u0301le\u0300ves et les conduire a\u0300 l\u2019e\u0301cole. L\u2019e\u0301tat du ve\u0301hicule et le surnombre c\u2019est l\u2019affaire des patrons. Moi je rec\u0327ois une liste d\u2019enfants que je dois transporter. Et c\u2019est bien ce que je fais. Le reste c\u2019est plus a\u0300 mon niveau \u00bb s\u2019est justifie\u0301 Konate\u0301 Adamo.<\/p>\n<p>De la responsabilite\u0301 des responsables d\u2019e\u0301tablissement<\/p>\n<p>Le silence double\u0301 de me\u0301pris de certains responsables d\u2019e\u0301tablissements justifie bien leur complicite\u0301. Du moins si l\u2019on s\u2019en tient a\u0300 leur de\u0301dain. Certains chefs d\u2019e\u0301tablissement que nous avons rencontre\u0301 ont pre\u0301fe\u0301re\u0301 faire l\u2019e\u0301conomie du deal.<\/p>\n<p>A la direction de la mission catholique, l\u2019une des responsables que nous avons rencontre\u0301, nous rapporte que le directeur dit ne pas e\u0302tre dispose\u0301 a\u0300 parler de ce sujet actuellement.<\/p>\n<p>Du syste\u0300me de contro\u0302le<\/p>\n<p>Du co\u0302te\u0301 de la Police, si le me\u0302me constat de risque est e\u0301tabli, l\u2019on nous renseigne e\u0301galement que des dispositions sont en cours pour notifier le retrait imme\u0301diat de ces ve\u0301hicules a\u0300 haut risque.<\/p>\n<p>A Yamoussoukro quand bien que le pire n\u2019est pas encore enregistre\u0301, force est de souligner la pertinence du danger auxquels ces apprenant sont re\u0301gulie\u0300rement expose\u0301 en se rendant a\u0300 l\u2019e\u0301cole.<\/p>\n<p><strong>Pour plus d&rsquo;informations et d&rsquo;analyses sur la <a href=\"https:\/\/www.africa-press.net\/cotedivoire\">C\u00f4te d&rsquo;Ivoire<\/a>, suivez <a href=\"https:\/\/www.africa-press.net\/\">Africa-Press<\/a><\/strong><\/p>\n","protected":false},"excerpt":{"rendered":"<p>Africa-Press &#8211; C\u00f4te d&rsquo;Ivoire. Les ve\u0301hicules de transports en commun des e\u0301le\u0300ves dans la capitale politique ivoirienne se pre\u0301sentent comme de ve\u0301ritables tombeaux ambulants. Dans ce reportage, koaci.com vous pre\u0301sente les carences de ces autocars et la vulne\u0301rabilite\u0301 re\u0301gulie\u0300re de ses occupants. Les responsabilite\u0301s aussi. To\u0302t ce mercredi 1er Mars 2023, l\u2019e\u0301quipe de reportage de [&hellip;]<\/p>\n","protected":false},"author":82,"featured_media":54273,"comment_status":"open","ping_status":"closed","sticky":false,"template":"","format":"standard","meta":{"footnotes":""},"categories":[21,10],"tags":[56,63,9273,9272,29,433,2218,33],"class_list":["post-54274","post","type-post","status-publish","format-standard","has-post-thumbnail","hentry","category-communaute","category-toutes-les-actualites","tag-africa-press","tag-africa-press-cote-divoire","tag-autocars","tag-carences","tag-cote-divoire","tag-eleves","tag-transport","tag-yamoussoukro"],"yoast_head":"<!-- This site is optimized with the Yoast SEO Premium plugin v26.1 (Yoast SEO v27.0) - https:\/\/yoast.com\/product\/yoast-seo-premium-wordpress\/ -->\n<title>Yamoussoukro, quand les \u00e9l\u00e8ves c\u00f4toient chaque jour la mort dans les v\u00e9hicules de transport en se rendant \u00e0 l&#039;\u00e9cole - C\u00f4te d&#039;Ivoire<\/title>\n<meta name=\"description\" content=\"Les ve\u0301hicules de transports en commun des e\u0301le\u0300ves dans la capitale politique ivoirienne se pre\u0301sentent comme de ve\u0301rit ...Les ve\u0301hicules de transports en commun des e\u0301le\u0300ves dans la capitale politique ivoirienne se pre\u0301sentent comme de ve\u0301rit ...\" \/>\n<meta name=\"robots\" content=\"index, follow, max-snippet:-1, max-image-preview:large, max-video-preview:-1\" \/>\n<link rel=\"canonical\" href=\"https:\/\/www.africa-press.net\/cotedivoire\/toutes-les-actualites\/yamoussoukro-quand-les-eleves-cotoient-chaque-jour-la-mort-dans-les-vehicules-de-transport-en-se-rendant-a-lecole\" \/>\n<meta property=\"og:locale\" content=\"fr_FR\" \/>\n<meta property=\"og:type\" content=\"article\" \/>\n<meta property=\"og:title\" content=\"Yamoussoukro, quand les \u00e9l\u00e8ves c\u00f4toient chaque jour la mort dans les v\u00e9hicules de transport en se rendant \u00e0 l&#039;\u00e9cole\" \/>\n<meta property=\"og:description\" content=\"Les ve\u0301hicules de transports en commun des e\u0301le\u0300ves dans la capitale politique ivoirienne se pre\u0301sentent comme de ve\u0301rit ...Les ve\u0301hicules de transports en commun des e\u0301le\u0300ves dans la capitale politique ivoirienne se pre\u0301sentent comme de ve\u0301rit ...\" \/>\n<meta property=\"og:url\" content=\"https:\/\/www.africa-press.net\/cotedivoire\/toutes-les-actualites\/yamoussoukro-quand-les-eleves-cotoient-chaque-jour-la-mort-dans-les-vehicules-de-transport-en-se-rendant-a-lecole\" \/>\n<meta property=\"og:site_name\" content=\"C\u00f4te d&#039;Ivoire\" \/>\n<meta property=\"article:published_time\" content=\"2023-03-02T18:33:48+00:00\" \/>\n<meta property=\"article:modified_time\" content=\"2023-03-02T19:22:39+00:00\" \/>\n<meta property=\"og:image\" content=\"https:\/\/static.africa-press.net\/cote\/sites\/43\/2023\/03\/postQueueImg_1677769440.74.jpg\" \/>\n\t<meta property=\"og:image:width\" content=\"720\" \/>\n\t<meta property=\"og:image:height\" content=\"476\" \/>\n\t<meta property=\"og:image:type\" content=\"image\/jpeg\" \/>\n<meta name=\"author\" content=\"cfeditorfr\" \/>\n<meta name=\"twitter:card\" content=\"summary_large_image\" \/>\n<meta name=\"twitter:label1\" content=\"\u00c9crit par\" \/>\n\t<meta name=\"twitter:data1\" content=\"cfeditorfr\" \/>\n\t<meta name=\"twitter:label2\" content=\"Dur\u00e9e de lecture estim\u00e9e\" \/>\n\t<meta name=\"twitter:data2\" content=\"4 minutes\" \/>\n<script type=\"application\/ld+json\" class=\"yoast-schema-graph\">{\"@context\":\"https:\/\/schema.org\",\"@graph\":[{\"@type\":\"Article\",\"@id\":\"https:\/\/www.africa-press.net\/cotedivoire\/toutes-les-actualites\/yamoussoukro-quand-les-eleves-cotoient-chaque-jour-la-mort-dans-les-vehicules-de-transport-en-se-rendant-a-lecole#article\",\"isPartOf\":{\"@id\":\"https:\/\/www.africa-press.net\/cotedivoire\/toutes-les-actualites\/yamoussoukro-quand-les-eleves-cotoient-chaque-jour-la-mort-dans-les-vehicules-de-transport-en-se-rendant-a-lecole\"},\"author\":{\"name\":\"cfeditorfr\",\"@id\":\"https:\/\/www.africa-press.net\/cotedivoire\/#\/schema\/person\/2b1cf3cd81a31e3cd26889ca66d677f1\"},\"headline\":\"Yamoussoukro, quand les \u00e9l\u00e8ves c\u00f4toient chaque jour la mort dans les v\u00e9hicules de transport en se rendant \u00e0 l&rsquo;\u00e9cole\",\"datePublished\":\"2023-03-02T18:33:48+00:00\",\"dateModified\":\"2023-03-02T19:22:39+00:00\",\"mainEntityOfPage\":{\"@id\":\"https:\/\/www.africa-press.net\/cotedivoire\/toutes-les-actualites\/yamoussoukro-quand-les-eleves-cotoient-chaque-jour-la-mort-dans-les-vehicules-de-transport-en-se-rendant-a-lecole\"},\"wordCount\":905,\"commentCount\":0,\"image\":{\"@id\":\"https:\/\/www.africa-press.net\/cotedivoire\/toutes-les-actualites\/yamoussoukro-quand-les-eleves-cotoient-chaque-jour-la-mort-dans-les-vehicules-de-transport-en-se-rendant-a-lecole#primaryimage\"},\"thumbnailUrl\":\"https:\/\/static.africa-press.net\/cote\/sites\/43\/2023\/03\/postQueueImg_1677769440.74.jpg\",\"keywords\":[\"Africa Press\",\"Africa Press-C\u00f4te d'Ivoire\",\"autocars\",\"carences\",\"C\u00d4TE D'IVOIRE\",\"\u00e9l\u00e8ves\",\"transport\",\"Yamoussoukro\"],\"articleSection\":[\"Communaut\u00e9\",\"Toutes les actualit\u00e9s\"],\"inLanguage\":\"fr-FR\",\"potentialAction\":[{\"@type\":\"CommentAction\",\"name\":\"Comment\",\"target\":[\"https:\/\/www.africa-press.net\/cotedivoire\/toutes-les-actualites\/yamoussoukro-quand-les-eleves-cotoient-chaque-jour-la-mort-dans-les-vehicules-de-transport-en-se-rendant-a-lecole#respond\"]}]},{\"@type\":\"WebPage\",\"@id\":\"https:\/\/www.africa-press.net\/cotedivoire\/toutes-les-actualites\/yamoussoukro-quand-les-eleves-cotoient-chaque-jour-la-mort-dans-les-vehicules-de-transport-en-se-rendant-a-lecole\",\"url\":\"https:\/\/www.africa-press.net\/cotedivoire\/toutes-les-actualites\/yamoussoukro-quand-les-eleves-cotoient-chaque-jour-la-mort-dans-les-vehicules-de-transport-en-se-rendant-a-lecole\",\"name\":\"Yamoussoukro, quand les \u00e9l\u00e8ves c\u00f4toient chaque jour la mort dans les v\u00e9hicules de transport en se rendant \u00e0 l'\u00e9cole - C\u00f4te d&#039;Ivoire\",\"isPartOf\":{\"@id\":\"https:\/\/www.africa-press.net\/cotedivoire\/#website\"},\"primaryImageOfPage\":{\"@id\":\"https:\/\/www.africa-press.net\/cotedivoire\/toutes-les-actualites\/yamoussoukro-quand-les-eleves-cotoient-chaque-jour-la-mort-dans-les-vehicules-de-transport-en-se-rendant-a-lecole#primaryimage\"},\"image\":{\"@id\":\"https:\/\/www.africa-press.net\/cotedivoire\/toutes-les-actualites\/yamoussoukro-quand-les-eleves-cotoient-chaque-jour-la-mort-dans-les-vehicules-de-transport-en-se-rendant-a-lecole#primaryimage\"},\"thumbnailUrl\":\"https:\/\/static.africa-press.net\/cote\/sites\/43\/2023\/03\/postQueueImg_1677769440.74.jpg\",\"datePublished\":\"2023-03-02T18:33:48+00:00\",\"dateModified\":\"2023-03-02T19:22:39+00:00\",\"author\":{\"@id\":\"https:\/\/www.africa-press.net\/cotedivoire\/#\/schema\/person\/2b1cf3cd81a31e3cd26889ca66d677f1\"},\"description\":\"Les ve\u0301hicules de transports en commun des e\u0301le\u0300ves dans la capitale politique ivoirienne se pre\u0301sentent comme de ve\u0301rit ...Les ve\u0301hicules de transports en commun des e\u0301le\u0300ves dans la capitale politique ivoirienne se pre\u0301sentent comme de ve\u0301rit ...\",\"breadcrumb\":{\"@id\":\"https:\/\/www.africa-press.net\/cotedivoire\/toutes-les-actualites\/yamoussoukro-quand-les-eleves-cotoient-chaque-jour-la-mort-dans-les-vehicules-de-transport-en-se-rendant-a-lecole#breadcrumb\"},\"inLanguage\":\"fr-FR\",\"potentialAction\":[{\"@type\":\"ReadAction\",\"target\":[\"https:\/\/www.africa-press.net\/cotedivoire\/toutes-les-actualites\/yamoussoukro-quand-les-eleves-cotoient-chaque-jour-la-mort-dans-les-vehicules-de-transport-en-se-rendant-a-lecole\"]}]},{\"@type\":\"ImageObject\",\"inLanguage\":\"fr-FR\",\"@id\":\"https:\/\/www.africa-press.net\/cotedivoire\/toutes-les-actualites\/yamoussoukro-quand-les-eleves-cotoient-chaque-jour-la-mort-dans-les-vehicules-de-transport-en-se-rendant-a-lecole#primaryimage\",\"url\":\"https:\/\/static.africa-press.net\/cote\/sites\/43\/2023\/03\/postQueueImg_1677769440.74.jpg\",\"contentUrl\":\"https:\/\/static.africa-press.net\/cote\/sites\/43\/2023\/03\/postQueueImg_1677769440.74.jpg\",\"width\":720,\"height\":476,\"caption\":\"Yamoussoukro, quand les \u00e9l\u00e8ves c\u00f4toient chaque jour la mort dans les v\u00e9hicules de transport en se rendant \u00e0 l'\u00e9cole\"},{\"@type\":\"BreadcrumbList\",\"@id\":\"https:\/\/www.africa-press.net\/cotedivoire\/toutes-les-actualites\/yamoussoukro-quand-les-eleves-cotoient-chaque-jour-la-mort-dans-les-vehicules-de-transport-en-se-rendant-a-lecole#breadcrumb\",\"itemListElement\":[{\"@type\":\"ListItem\",\"position\":1,\"name\":\"Accueil\",\"item\":\"https:\/\/www.africa-press.net\/cotedivoire\/\"},{\"@type\":\"ListItem\",\"position\":2,\"name\":\"Yamoussoukro, quand les \u00e9l\u00e8ves c\u00f4toient chaque jour la mort dans les v\u00e9hicules de transport en se rendant \u00e0 l&#8217;\u00e9cole\"}]},{\"@type\":\"WebSite\",\"@id\":\"https:\/\/www.africa-press.net\/cotedivoire\/#website\",\"url\":\"https:\/\/www.africa-press.net\/cotedivoire\/\",\"name\":\"C\u00f4te d&#039;Ivoire\",\"description\":\"Just another Africa News Agency Sites site\",\"potentialAction\":[{\"@type\":\"SearchAction\",\"target\":{\"@type\":\"EntryPoint\",\"urlTemplate\":\"https:\/\/www.africa-press.net\/cotedivoire\/?s={search_term_string}\"},\"query-input\":{\"@type\":\"PropertyValueSpecification\",\"valueRequired\":true,\"valueName\":\"search_term_string\"}}],\"inLanguage\":\"fr-FR\"},{\"@type\":\"Person\",\"@id\":\"https:\/\/www.africa-press.net\/cotedivoire\/#\/schema\/person\/2b1cf3cd81a31e3cd26889ca66d677f1\",\"name\":\"cfeditorfr\"}]}<\/script>\n<!-- \/ Yoast SEO Premium plugin. -->","yoast_head_json":{"title":"Yamoussoukro, quand les \u00e9l\u00e8ves c\u00f4toient chaque jour la mort dans les v\u00e9hicules de transport en se rendant \u00e0 l'\u00e9cole - C\u00f4te d&#039;Ivoire","description":"Les ve\u0301hicules de transports en commun des e\u0301le\u0300ves dans la capitale politique ivoirienne se pre\u0301sentent comme de ve\u0301rit ...Les ve\u0301hicules de transports en commun des e\u0301le\u0300ves dans la capitale politique ivoirienne se pre\u0301sentent comme de ve\u0301rit ...","robots":{"index":"index","follow":"follow","max-snippet":"max-snippet:-1","max-image-preview":"max-image-preview:large","max-video-preview":"max-video-preview:-1"},"canonical":"https:\/\/www.africa-press.net\/cotedivoire\/toutes-les-actualites\/yamoussoukro-quand-les-eleves-cotoient-chaque-jour-la-mort-dans-les-vehicules-de-transport-en-se-rendant-a-lecole","og_locale":"fr_FR","og_type":"article","og_title":"Yamoussoukro, quand les \u00e9l\u00e8ves c\u00f4toient chaque jour la mort dans les v\u00e9hicules de transport en se rendant \u00e0 l'\u00e9cole","og_description":"Les ve\u0301hicules de transports en commun des e\u0301le\u0300ves dans la capitale politique ivoirienne se pre\u0301sentent comme de ve\u0301rit ...Les ve\u0301hicules de transports en commun des e\u0301le\u0300ves dans la capitale politique ivoirienne se pre\u0301sentent comme de ve\u0301rit ...","og_url":"https:\/\/www.africa-press.net\/cotedivoire\/toutes-les-actualites\/yamoussoukro-quand-les-eleves-cotoient-chaque-jour-la-mort-dans-les-vehicules-de-transport-en-se-rendant-a-lecole","og_site_name":"C\u00f4te d&#039;Ivoire","article_published_time":"2023-03-02T18:33:48+00:00","article_modified_time":"2023-03-02T19:22:39+00:00","og_image":[{"width":720,"height":476,"url":"https:\/\/static.africa-press.net\/cote\/sites\/43\/2023\/03\/postQueueImg_1677769440.74.jpg","type":"image\/jpeg"}],"author":"cfeditorfr","twitter_card":"summary_large_image","twitter_misc":{"\u00c9crit par":"cfeditorfr","Dur\u00e9e de lecture estim\u00e9e":"4 minutes"},"schema":{"@context":"https:\/\/schema.org","@graph":[{"@type":"Article","@id":"https:\/\/www.africa-press.net\/cotedivoire\/toutes-les-actualites\/yamoussoukro-quand-les-eleves-cotoient-chaque-jour-la-mort-dans-les-vehicules-de-transport-en-se-rendant-a-lecole#article","isPartOf":{"@id":"https:\/\/www.africa-press.net\/cotedivoire\/toutes-les-actualites\/yamoussoukro-quand-les-eleves-cotoient-chaque-jour-la-mort-dans-les-vehicules-de-transport-en-se-rendant-a-lecole"},"author":{"name":"cfeditorfr","@id":"https:\/\/www.africa-press.net\/cotedivoire\/#\/schema\/person\/2b1cf3cd81a31e3cd26889ca66d677f1"},"headline":"Yamoussoukro, quand les \u00e9l\u00e8ves c\u00f4toient chaque jour la mort dans les v\u00e9hicules de transport en se rendant \u00e0 l&rsquo;\u00e9cole","datePublished":"2023-03-02T18:33:48+00:00","dateModified":"2023-03-02T19:22:39+00:00","mainEntityOfPage":{"@id":"https:\/\/www.africa-press.net\/cotedivoire\/toutes-les-actualites\/yamoussoukro-quand-les-eleves-cotoient-chaque-jour-la-mort-dans-les-vehicules-de-transport-en-se-rendant-a-lecole"},"wordCount":905,"commentCount":0,"image":{"@id":"https:\/\/www.africa-press.net\/cotedivoire\/toutes-les-actualites\/yamoussoukro-quand-les-eleves-cotoient-chaque-jour-la-mort-dans-les-vehicules-de-transport-en-se-rendant-a-lecole#primaryimage"},"thumbnailUrl":"https:\/\/static.africa-press.net\/cote\/sites\/43\/2023\/03\/postQueueImg_1677769440.74.jpg","keywords":["Africa Press","Africa Press-C\u00f4te d'Ivoire","autocars","carences","C\u00d4TE D'IVOIRE","\u00e9l\u00e8ves","transport","Yamoussoukro"],"articleSection":["Communaut\u00e9","Toutes les actualit\u00e9s"],"inLanguage":"fr-FR","potentialAction":[{"@type":"CommentAction","name":"Comment","target":["https:\/\/www.africa-press.net\/cotedivoire\/toutes-les-actualites\/yamoussoukro-quand-les-eleves-cotoient-chaque-jour-la-mort-dans-les-vehicules-de-transport-en-se-rendant-a-lecole#respond"]}]},{"@type":"WebPage","@id":"https:\/\/www.africa-press.net\/cotedivoire\/toutes-les-actualites\/yamoussoukro-quand-les-eleves-cotoient-chaque-jour-la-mort-dans-les-vehicules-de-transport-en-se-rendant-a-lecole","url":"https:\/\/www.africa-press.net\/cotedivoire\/toutes-les-actualites\/yamoussoukro-quand-les-eleves-cotoient-chaque-jour-la-mort-dans-les-vehicules-de-transport-en-se-rendant-a-lecole","name":"Yamoussoukro, quand les \u00e9l\u00e8ves c\u00f4toient chaque jour la mort dans les v\u00e9hicules de transport en se rendant \u00e0 l'\u00e9cole - C\u00f4te d&#039;Ivoire","isPartOf":{"@id":"https:\/\/www.africa-press.net\/cotedivoire\/#website"},"primaryImageOfPage":{"@id":"https:\/\/www.africa-press.net\/cotedivoire\/toutes-les-actualites\/yamoussoukro-quand-les-eleves-cotoient-chaque-jour-la-mort-dans-les-vehicules-de-transport-en-se-rendant-a-lecole#primaryimage"},"image":{"@id":"https:\/\/www.africa-press.net\/cotedivoire\/toutes-les-actualites\/yamoussoukro-quand-les-eleves-cotoient-chaque-jour-la-mort-dans-les-vehicules-de-transport-en-se-rendant-a-lecole#primaryimage"},"thumbnailUrl":"https:\/\/static.africa-press.net\/cote\/sites\/43\/2023\/03\/postQueueImg_1677769440.74.jpg","datePublished":"2023-03-02T18:33:48+00:00","dateModified":"2023-03-02T19:22:39+00:00","author":{"@id":"https:\/\/www.africa-press.net\/cotedivoire\/#\/schema\/person\/2b1cf3cd81a31e3cd26889ca66d677f1"},"description":"Les ve\u0301hicules de transports en commun des e\u0301le\u0300ves dans la capitale politique ivoirienne se pre\u0301sentent comme de ve\u0301rit ...Les ve\u0301hicules de transports en commun des e\u0301le\u0300ves dans la capitale politique ivoirienne se pre\u0301sentent comme de ve\u0301rit ...","breadcrumb":{"@id":"https:\/\/www.africa-press.net\/cotedivoire\/toutes-les-actualites\/yamoussoukro-quand-les-eleves-cotoient-chaque-jour-la-mort-dans-les-vehicules-de-transport-en-se-rendant-a-lecole#breadcrumb"},"inLanguage":"fr-FR","potentialAction":[{"@type":"ReadAction","target":["https:\/\/www.africa-press.net\/cotedivoire\/toutes-les-actualites\/yamoussoukro-quand-les-eleves-cotoient-chaque-jour-la-mort-dans-les-vehicules-de-transport-en-se-rendant-a-lecole"]}]},{"@type":"ImageObject","inLanguage":"fr-FR","@id":"https:\/\/www.africa-press.net\/cotedivoire\/toutes-les-actualites\/yamoussoukro-quand-les-eleves-cotoient-chaque-jour-la-mort-dans-les-vehicules-de-transport-en-se-rendant-a-lecole#primaryimage","url":"https:\/\/static.africa-press.net\/cote\/sites\/43\/2023\/03\/postQueueImg_1677769440.74.jpg","contentUrl":"https:\/\/static.africa-press.net\/cote\/sites\/43\/2023\/03\/postQueueImg_1677769440.74.jpg","width":720,"height":476,"caption":"Yamoussoukro, quand les \u00e9l\u00e8ves c\u00f4toient chaque jour la mort dans les v\u00e9hicules de transport en se rendant \u00e0 l'\u00e9cole"},{"@type":"BreadcrumbList","@id":"https:\/\/www.africa-press.net\/cotedivoire\/toutes-les-actualites\/yamoussoukro-quand-les-eleves-cotoient-chaque-jour-la-mort-dans-les-vehicules-de-transport-en-se-rendant-a-lecole#breadcrumb","itemListElement":[{"@type":"ListItem","position":1,"name":"Accueil","item":"https:\/\/www.africa-press.net\/cotedivoire\/"},{"@type":"ListItem","position":2,"name":"Yamoussoukro, quand les \u00e9l\u00e8ves c\u00f4toient chaque jour la mort dans les v\u00e9hicules de transport en se rendant \u00e0 l&#8217;\u00e9cole"}]},{"@type":"WebSite","@id":"https:\/\/www.africa-press.net\/cotedivoire\/#website","url":"https:\/\/www.africa-press.net\/cotedivoire\/","name":"C\u00f4te d&#039;Ivoire","description":"Just another Africa News Agency Sites site","potentialAction":[{"@type":"SearchAction","target":{"@type":"EntryPoint","urlTemplate":"https:\/\/www.africa-press.net\/cotedivoire\/?s={search_term_string}"},"query-input":{"@type":"PropertyValueSpecification","valueRequired":true,"valueName":"search_term_string"}}],"inLanguage":"fr-FR"},{"@type":"Person","@id":"https:\/\/www.africa-press.net\/cotedivoire\/#\/schema\/person\/2b1cf3cd81a31e3cd26889ca66d677f1","name":"cfeditorfr"}]}},"_links":{"self":[{"href":"https:\/\/www.africa-press.net\/cotedivoire\/wp-json\/wp\/v2\/posts\/54274","targetHints":{"allow":["GET"]}}],"collection":[{"href":"https:\/\/www.africa-press.net\/cotedivoire\/wp-json\/wp\/v2\/posts"}],"about":[{"href":"https:\/\/www.africa-press.net\/cotedivoire\/wp-json\/wp\/v2\/types\/post"}],"author":[{"embeddable":true,"href":"https:\/\/www.africa-press.net\/cotedivoire\/wp-json\/wp\/v2\/users\/82"}],"replies":[{"embeddable":true,"href":"https:\/\/www.africa-press.net\/cotedivoire\/wp-json\/wp\/v2\/comments?post=54274"}],"version-history":[{"count":0,"href":"https:\/\/www.africa-press.net\/cotedivoire\/wp-json\/wp\/v2\/posts\/54274\/revisions"}],"wp:featuredmedia":[{"embeddable":true,"href":"https:\/\/www.africa-press.net\/cotedivoire\/wp-json\/wp\/v2\/media\/54273"}],"wp:attachment":[{"href":"https:\/\/www.africa-press.net\/cotedivoire\/wp-json\/wp\/v2\/media?parent=54274"}],"wp:term":[{"taxonomy":"category","embeddable":true,"href":"https:\/\/www.africa-press.net\/cotedivoire\/wp-json\/wp\/v2\/categories?post=54274"},{"taxonomy":"post_tag","embeddable":true,"href":"https:\/\/www.africa-press.net\/cotedivoire\/wp-json\/wp\/v2\/tags?post=54274"}],"curies":[{"name":"wp","href":"https:\/\/api.w.org\/{rel}","templated":true}]}}