{"id":54693,"date":"2023-03-11T13:28:18","date_gmt":"2023-03-11T13:28:18","guid":{"rendered":"https:\/\/www.africa-press.net\/cotedivoire\/politique\/lutte-contre-la-vie-chere-plusieurs-sacs-de-sucre-saisis-dans-un-magasin-de-gros-a-abidjan"},"modified":"2023-03-11T14:39:37","modified_gmt":"2023-03-11T14:39:37","slug":"lutte-contre-la-vie-chere-plusieurs-sacs-de-sucre-saisis-dans-un-magasin-de-gros-a-abidjan","status":"publish","type":"post","link":"https:\/\/www.africa-press.net\/cotedivoire\/toutes-les-actualites\/lutte-contre-la-vie-chere-plusieurs-sacs-de-sucre-saisis-dans-un-magasin-de-gros-a-abidjan","title":{"rendered":"Lutte contre la vie ch\u00e8re, plusieurs sacs de sucre saisis dans un magasin de gros \u00e0 Abidjan"},"content":{"rendered":"<p><span style=\"color: #ff6600\"><strong>Africa-Press &#8211; C\u00f4te d&rsquo;Ivoire. <\/strong><\/span>Dans le cadre de la lutte contre la vie che\u0300re initie\u0301e par le Gouvernement a\u0300 travers le Ministe\u0300re du commerce et de l\u2019industrie et de la promotion des PME, plusieurs sacs de sucre 25 kilogrammes ont e\u0301te\u0301 saisis dans un magasin de gros ce vendredi 10 mars 2023 a\u0300 Abidjan, a-t-on appris de sources officielles.<\/p>\n<p>L\u2019ope\u0301ration de saisie a e\u0301te\u0301 mene\u0301e par la Brigade de Contro\u0302le Rapide (BCR) du ministe\u0300re du commerce.<\/p>\n<p>Nous apprenons que, c\u2019est au cours d\u2019un contro\u0302le a\u0300 Treichville zone 3, qu\u2019un commerc\u0327ant qui pratiquait des prix illicites a e\u0301te\u0301 de\u0301busque\u0301 par la BCR. Un proce\u0300s-verbal de saisie et une fiche d\u2019amende lui ont e\u0301te\u0301 adresse\u0301s, informe-t-on.<\/p>\n<p>. Tout en mettant sous scelle\u0301 les produits concerne\u0301s. Malgre\u0301 le de\u0301lai de carence, le commerc\u0327ant en question n\u2019a pas re\u0301pondu a\u0300 la convocation de la BCR qui a donc proce\u0301de\u0301 au convoyage d\u2019une partie des produits sous scelle\u0301s.<\/p>\n<p>A\u0300 en croire le responsable de la BCR, ce commerc\u0327ant ve\u0301reux commercialisait le kilogramme du sucre blanc au prix de 850 francs CFA au lieu de 820 F CFA et au prix 790 F CFA le kilogramme du sucre roux au lieu de 770 F CFA le kilogramme.<\/p>\n<p><strong>Pour plus d&rsquo;informations et d&rsquo;analyses sur la <a href=\"https:\/\/www.africa-press.net\/cotedivoire\">C\u00f4te d&rsquo;Ivoire<\/a>, suivez <a href=\"https:\/\/www.africa-press.net\/\">Africa-Press<\/a><\/strong><\/p>\n","protected":false},"excerpt":{"rendered":"<p>Africa-Press &#8211; C\u00f4te d&rsquo;Ivoire. Dans le cadre de la lutte contre la vie che\u0300re initie\u0301e par le Gouvernement a\u0300 travers le Ministe\u0300re du commerce et de l\u2019industrie et de la promotion des PME, plusieurs sacs de sucre 25 kilogrammes ont e\u0301te\u0301 saisis dans un magasin de gros ce vendredi 10 mars 2023 a\u0300 Abidjan, a-t-on [&hellip;]<\/p>\n","protected":false},"author":82,"featured_media":54692,"comment_status":"open","ping_status":"closed","sticky":false,"template":"","format":"standard","meta":{"footnotes":""},"categories":[21,10],"tags":[56,63,6713,29,762,767,4341,2063,398,8919],"class_list":["post-54693","post","type-post","status-publish","format-standard","has-post-thumbnail","hentry","category-communaute","category-toutes-les-actualites","tag-africa-press","tag-africa-press-cote-divoire","tag-bcr","tag-cote-divoire","tag-gouvernement","tag-lutte","tag-magasins","tag-sucre","tag-treichville","tag-vie-chere"],"yoast_head":"<!-- This site is optimized with the Yoast SEO Premium plugin v26.1 (Yoast SEO v27.0) - https:\/\/yoast.com\/product\/yoast-seo-premium-wordpress\/ -->\n<title>Lutte contre la vie ch\u00e8re, plusieurs sacs de sucre saisis dans un magasin de gros \u00e0 Abidjan - C\u00f4te d&#039;Ivoire<\/title>\n<meta name=\"description\" content=\"Dans le cadre de la lutte contre la vie che\u0300re initie\u0301e par le Gouvernement a\u0300 travers le Ministe\u0300re du commerce et de l ...\" \/>\n<meta name=\"robots\" content=\"index, follow, max-snippet:-1, max-image-preview:large, max-video-preview:-1\" \/>\n<link rel=\"canonical\" href=\"https:\/\/www.africa-press.net\/cotedivoire\/toutes-les-actualites\/lutte-contre-la-vie-chere-plusieurs-sacs-de-sucre-saisis-dans-un-magasin-de-gros-a-abidjan\" \/>\n<meta property=\"og:locale\" content=\"fr_FR\" \/>\n<meta property=\"og:type\" content=\"article\" \/>\n<meta property=\"og:title\" content=\"Lutte contre la vie ch\u00e8re, plusieurs sacs de sucre saisis dans un magasin de gros \u00e0 Abidjan\" \/>\n<meta property=\"og:description\" content=\"Dans le cadre de la lutte contre la vie che\u0300re initie\u0301e par le Gouvernement a\u0300 travers le Ministe\u0300re du commerce et de l ...\" \/>\n<meta property=\"og:url\" content=\"https:\/\/www.africa-press.net\/cotedivoire\/toutes-les-actualites\/lutte-contre-la-vie-chere-plusieurs-sacs-de-sucre-saisis-dans-un-magasin-de-gros-a-abidjan\" \/>\n<meta property=\"og:site_name\" content=\"C\u00f4te d&#039;Ivoire\" \/>\n<meta property=\"article:published_time\" content=\"2023-03-11T13:28:18+00:00\" \/>\n<meta property=\"article:modified_time\" content=\"2023-03-11T14:39:37+00:00\" \/>\n<meta property=\"og:image\" content=\"https:\/\/static.africa-press.net\/cote\/sites\/43\/2023\/03\/postQueueImg_1678528775.10-640c925a8ec06.jpg\" \/>\n\t<meta property=\"og:image:width\" content=\"1280\" \/>\n\t<meta property=\"og:image:height\" content=\"720\" \/>\n\t<meta property=\"og:image:type\" content=\"image\/jpeg\" \/>\n<meta name=\"author\" content=\"cfeditorfr\" \/>\n<meta name=\"twitter:card\" content=\"summary_large_image\" \/>\n<meta name=\"twitter:label1\" content=\"\u00c9crit par\" \/>\n\t<meta name=\"twitter:data1\" content=\"cfeditorfr\" \/>\n\t<meta name=\"twitter:label2\" content=\"Dur\u00e9e de lecture estim\u00e9e\" \/>\n\t<meta name=\"twitter:data2\" content=\"2 minutes\" \/>\n<script type=\"application\/ld+json\" class=\"yoast-schema-graph\">{\"@context\":\"https:\/\/schema.org\",\"@graph\":[{\"@type\":\"Article\",\"@id\":\"https:\/\/www.africa-press.net\/cotedivoire\/toutes-les-actualites\/lutte-contre-la-vie-chere-plusieurs-sacs-de-sucre-saisis-dans-un-magasin-de-gros-a-abidjan#article\",\"isPartOf\":{\"@id\":\"https:\/\/www.africa-press.net\/cotedivoire\/toutes-les-actualites\/lutte-contre-la-vie-chere-plusieurs-sacs-de-sucre-saisis-dans-un-magasin-de-gros-a-abidjan\"},\"author\":{\"name\":\"cfeditorfr\",\"@id\":\"https:\/\/www.africa-press.net\/cotedivoire\/#\/schema\/person\/2b1cf3cd81a31e3cd26889ca66d677f1\"},\"headline\":\"Lutte contre la vie ch\u00e8re, plusieurs sacs de sucre saisis dans un magasin de gros \u00e0 Abidjan\",\"datePublished\":\"2023-03-11T13:28:18+00:00\",\"dateModified\":\"2023-03-11T14:39:37+00:00\",\"mainEntityOfPage\":{\"@id\":\"https:\/\/www.africa-press.net\/cotedivoire\/toutes-les-actualites\/lutte-contre-la-vie-chere-plusieurs-sacs-de-sucre-saisis-dans-un-magasin-de-gros-a-abidjan\"},\"wordCount\":258,\"commentCount\":0,\"image\":{\"@id\":\"https:\/\/www.africa-press.net\/cotedivoire\/toutes-les-actualites\/lutte-contre-la-vie-chere-plusieurs-sacs-de-sucre-saisis-dans-un-magasin-de-gros-a-abidjan#primaryimage\"},\"thumbnailUrl\":\"https:\/\/static.africa-press.net\/cote\/sites\/43\/2023\/03\/postQueueImg_1678528775.10-640c925a8ec06.jpg\",\"keywords\":[\"Africa Press\",\"Africa Press-C\u00f4te d'Ivoire\",\"BCR\",\"C\u00d4TE D'IVOIRE\",\"Gouvernement\",\"lutte\",\"magasins\",\"Sucre\",\"Treichville\",\"vie ch\u00e8re\"],\"articleSection\":[\"Communaut\u00e9\",\"Toutes les actualit\u00e9s\"],\"inLanguage\":\"fr-FR\",\"potentialAction\":[{\"@type\":\"CommentAction\",\"name\":\"Comment\",\"target\":[\"https:\/\/www.africa-press.net\/cotedivoire\/toutes-les-actualites\/lutte-contre-la-vie-chere-plusieurs-sacs-de-sucre-saisis-dans-un-magasin-de-gros-a-abidjan#respond\"]}]},{\"@type\":\"WebPage\",\"@id\":\"https:\/\/www.africa-press.net\/cotedivoire\/toutes-les-actualites\/lutte-contre-la-vie-chere-plusieurs-sacs-de-sucre-saisis-dans-un-magasin-de-gros-a-abidjan\",\"url\":\"https:\/\/www.africa-press.net\/cotedivoire\/toutes-les-actualites\/lutte-contre-la-vie-chere-plusieurs-sacs-de-sucre-saisis-dans-un-magasin-de-gros-a-abidjan\",\"name\":\"Lutte contre la vie ch\u00e8re, plusieurs sacs de sucre saisis dans un magasin de gros \u00e0 Abidjan - C\u00f4te d&#039;Ivoire\",\"isPartOf\":{\"@id\":\"https:\/\/www.africa-press.net\/cotedivoire\/#website\"},\"primaryImageOfPage\":{\"@id\":\"https:\/\/www.africa-press.net\/cotedivoire\/toutes-les-actualites\/lutte-contre-la-vie-chere-plusieurs-sacs-de-sucre-saisis-dans-un-magasin-de-gros-a-abidjan#primaryimage\"},\"image\":{\"@id\":\"https:\/\/www.africa-press.net\/cotedivoire\/toutes-les-actualites\/lutte-contre-la-vie-chere-plusieurs-sacs-de-sucre-saisis-dans-un-magasin-de-gros-a-abidjan#primaryimage\"},\"thumbnailUrl\":\"https:\/\/static.africa-press.net\/cote\/sites\/43\/2023\/03\/postQueueImg_1678528775.10-640c925a8ec06.jpg\",\"datePublished\":\"2023-03-11T13:28:18+00:00\",\"dateModified\":\"2023-03-11T14:39:37+00:00\",\"author\":{\"@id\":\"https:\/\/www.africa-press.net\/cotedivoire\/#\/schema\/person\/2b1cf3cd81a31e3cd26889ca66d677f1\"},\"description\":\"Dans le cadre de la lutte contre la vie che\u0300re initie\u0301e par le Gouvernement a\u0300 travers le Ministe\u0300re du commerce et de l ...\",\"breadcrumb\":{\"@id\":\"https:\/\/www.africa-press.net\/cotedivoire\/toutes-les-actualites\/lutte-contre-la-vie-chere-plusieurs-sacs-de-sucre-saisis-dans-un-magasin-de-gros-a-abidjan#breadcrumb\"},\"inLanguage\":\"fr-FR\",\"potentialAction\":[{\"@type\":\"ReadAction\",\"target\":[\"https:\/\/www.africa-press.net\/cotedivoire\/toutes-les-actualites\/lutte-contre-la-vie-chere-plusieurs-sacs-de-sucre-saisis-dans-un-magasin-de-gros-a-abidjan\"]}]},{\"@type\":\"ImageObject\",\"inLanguage\":\"fr-FR\",\"@id\":\"https:\/\/www.africa-press.net\/cotedivoire\/toutes-les-actualites\/lutte-contre-la-vie-chere-plusieurs-sacs-de-sucre-saisis-dans-un-magasin-de-gros-a-abidjan#primaryimage\",\"url\":\"https:\/\/static.africa-press.net\/cote\/sites\/43\/2023\/03\/postQueueImg_1678528775.10-640c925a8ec06.jpg\",\"contentUrl\":\"https:\/\/static.africa-press.net\/cote\/sites\/43\/2023\/03\/postQueueImg_1678528775.10-640c925a8ec06.jpg\",\"width\":1280,\"height\":720,\"caption\":\"Lutte contre la vie ch\u00e8re, plusieurs sacs de sucre saisis dans un magasin de gros \u00e0 Abidjan\"},{\"@type\":\"BreadcrumbList\",\"@id\":\"https:\/\/www.africa-press.net\/cotedivoire\/toutes-les-actualites\/lutte-contre-la-vie-chere-plusieurs-sacs-de-sucre-saisis-dans-un-magasin-de-gros-a-abidjan#breadcrumb\",\"itemListElement\":[{\"@type\":\"ListItem\",\"position\":1,\"name\":\"Accueil\",\"item\":\"https:\/\/www.africa-press.net\/cotedivoire\/\"},{\"@type\":\"ListItem\",\"position\":2,\"name\":\"Lutte contre la vie ch\u00e8re, plusieurs sacs de sucre saisis dans un magasin de gros \u00e0 Abidjan\"}]},{\"@type\":\"WebSite\",\"@id\":\"https:\/\/www.africa-press.net\/cotedivoire\/#website\",\"url\":\"https:\/\/www.africa-press.net\/cotedivoire\/\",\"name\":\"C\u00f4te d&#039;Ivoire\",\"description\":\"Just another Africa News Agency Sites site\",\"potentialAction\":[{\"@type\":\"SearchAction\",\"target\":{\"@type\":\"EntryPoint\",\"urlTemplate\":\"https:\/\/www.africa-press.net\/cotedivoire\/?s={search_term_string}\"},\"query-input\":{\"@type\":\"PropertyValueSpecification\",\"valueRequired\":true,\"valueName\":\"search_term_string\"}}],\"inLanguage\":\"fr-FR\"},{\"@type\":\"Person\",\"@id\":\"https:\/\/www.africa-press.net\/cotedivoire\/#\/schema\/person\/2b1cf3cd81a31e3cd26889ca66d677f1\",\"name\":\"cfeditorfr\"}]}<\/script>\n<!-- \/ Yoast SEO Premium plugin. -->","yoast_head_json":{"title":"Lutte contre la vie ch\u00e8re, plusieurs sacs de sucre saisis dans un magasin de gros \u00e0 Abidjan - C\u00f4te d&#039;Ivoire","description":"Dans le cadre de la lutte contre la vie che\u0300re initie\u0301e par le Gouvernement a\u0300 travers le Ministe\u0300re du commerce et de l ...","robots":{"index":"index","follow":"follow","max-snippet":"max-snippet:-1","max-image-preview":"max-image-preview:large","max-video-preview":"max-video-preview:-1"},"canonical":"https:\/\/www.africa-press.net\/cotedivoire\/toutes-les-actualites\/lutte-contre-la-vie-chere-plusieurs-sacs-de-sucre-saisis-dans-un-magasin-de-gros-a-abidjan","og_locale":"fr_FR","og_type":"article","og_title":"Lutte contre la vie ch\u00e8re, plusieurs sacs de sucre saisis dans un magasin de gros \u00e0 Abidjan","og_description":"Dans le cadre de la lutte contre la vie che\u0300re initie\u0301e par le Gouvernement a\u0300 travers le Ministe\u0300re du commerce et de l ...","og_url":"https:\/\/www.africa-press.net\/cotedivoire\/toutes-les-actualites\/lutte-contre-la-vie-chere-plusieurs-sacs-de-sucre-saisis-dans-un-magasin-de-gros-a-abidjan","og_site_name":"C\u00f4te d&#039;Ivoire","article_published_time":"2023-03-11T13:28:18+00:00","article_modified_time":"2023-03-11T14:39:37+00:00","og_image":[{"width":1280,"height":720,"url":"https:\/\/static.africa-press.net\/cote\/sites\/43\/2023\/03\/postQueueImg_1678528775.10-640c925a8ec06.jpg","type":"image\/jpeg"}],"author":"cfeditorfr","twitter_card":"summary_large_image","twitter_misc":{"\u00c9crit par":"cfeditorfr","Dur\u00e9e de lecture estim\u00e9e":"2 minutes"},"schema":{"@context":"https:\/\/schema.org","@graph":[{"@type":"Article","@id":"https:\/\/www.africa-press.net\/cotedivoire\/toutes-les-actualites\/lutte-contre-la-vie-chere-plusieurs-sacs-de-sucre-saisis-dans-un-magasin-de-gros-a-abidjan#article","isPartOf":{"@id":"https:\/\/www.africa-press.net\/cotedivoire\/toutes-les-actualites\/lutte-contre-la-vie-chere-plusieurs-sacs-de-sucre-saisis-dans-un-magasin-de-gros-a-abidjan"},"author":{"name":"cfeditorfr","@id":"https:\/\/www.africa-press.net\/cotedivoire\/#\/schema\/person\/2b1cf3cd81a31e3cd26889ca66d677f1"},"headline":"Lutte contre la vie ch\u00e8re, plusieurs sacs de sucre saisis dans un magasin de gros \u00e0 Abidjan","datePublished":"2023-03-11T13:28:18+00:00","dateModified":"2023-03-11T14:39:37+00:00","mainEntityOfPage":{"@id":"https:\/\/www.africa-press.net\/cotedivoire\/toutes-les-actualites\/lutte-contre-la-vie-chere-plusieurs-sacs-de-sucre-saisis-dans-un-magasin-de-gros-a-abidjan"},"wordCount":258,"commentCount":0,"image":{"@id":"https:\/\/www.africa-press.net\/cotedivoire\/toutes-les-actualites\/lutte-contre-la-vie-chere-plusieurs-sacs-de-sucre-saisis-dans-un-magasin-de-gros-a-abidjan#primaryimage"},"thumbnailUrl":"https:\/\/static.africa-press.net\/cote\/sites\/43\/2023\/03\/postQueueImg_1678528775.10-640c925a8ec06.jpg","keywords":["Africa Press","Africa Press-C\u00f4te d'Ivoire","BCR","C\u00d4TE D'IVOIRE","Gouvernement","lutte","magasins","Sucre","Treichville","vie ch\u00e8re"],"articleSection":["Communaut\u00e9","Toutes les actualit\u00e9s"],"inLanguage":"fr-FR","potentialAction":[{"@type":"CommentAction","name":"Comment","target":["https:\/\/www.africa-press.net\/cotedivoire\/toutes-les-actualites\/lutte-contre-la-vie-chere-plusieurs-sacs-de-sucre-saisis-dans-un-magasin-de-gros-a-abidjan#respond"]}]},{"@type":"WebPage","@id":"https:\/\/www.africa-press.net\/cotedivoire\/toutes-les-actualites\/lutte-contre-la-vie-chere-plusieurs-sacs-de-sucre-saisis-dans-un-magasin-de-gros-a-abidjan","url":"https:\/\/www.africa-press.net\/cotedivoire\/toutes-les-actualites\/lutte-contre-la-vie-chere-plusieurs-sacs-de-sucre-saisis-dans-un-magasin-de-gros-a-abidjan","name":"Lutte contre la vie ch\u00e8re, plusieurs sacs de sucre saisis dans un magasin de gros \u00e0 Abidjan - C\u00f4te d&#039;Ivoire","isPartOf":{"@id":"https:\/\/www.africa-press.net\/cotedivoire\/#website"},"primaryImageOfPage":{"@id":"https:\/\/www.africa-press.net\/cotedivoire\/toutes-les-actualites\/lutte-contre-la-vie-chere-plusieurs-sacs-de-sucre-saisis-dans-un-magasin-de-gros-a-abidjan#primaryimage"},"image":{"@id":"https:\/\/www.africa-press.net\/cotedivoire\/toutes-les-actualites\/lutte-contre-la-vie-chere-plusieurs-sacs-de-sucre-saisis-dans-un-magasin-de-gros-a-abidjan#primaryimage"},"thumbnailUrl":"https:\/\/static.africa-press.net\/cote\/sites\/43\/2023\/03\/postQueueImg_1678528775.10-640c925a8ec06.jpg","datePublished":"2023-03-11T13:28:18+00:00","dateModified":"2023-03-11T14:39:37+00:00","author":{"@id":"https:\/\/www.africa-press.net\/cotedivoire\/#\/schema\/person\/2b1cf3cd81a31e3cd26889ca66d677f1"},"description":"Dans le cadre de la lutte contre la vie che\u0300re initie\u0301e par le Gouvernement a\u0300 travers le Ministe\u0300re du commerce et de l ...","breadcrumb":{"@id":"https:\/\/www.africa-press.net\/cotedivoire\/toutes-les-actualites\/lutte-contre-la-vie-chere-plusieurs-sacs-de-sucre-saisis-dans-un-magasin-de-gros-a-abidjan#breadcrumb"},"inLanguage":"fr-FR","potentialAction":[{"@type":"ReadAction","target":["https:\/\/www.africa-press.net\/cotedivoire\/toutes-les-actualites\/lutte-contre-la-vie-chere-plusieurs-sacs-de-sucre-saisis-dans-un-magasin-de-gros-a-abidjan"]}]},{"@type":"ImageObject","inLanguage":"fr-FR","@id":"https:\/\/www.africa-press.net\/cotedivoire\/toutes-les-actualites\/lutte-contre-la-vie-chere-plusieurs-sacs-de-sucre-saisis-dans-un-magasin-de-gros-a-abidjan#primaryimage","url":"https:\/\/static.africa-press.net\/cote\/sites\/43\/2023\/03\/postQueueImg_1678528775.10-640c925a8ec06.jpg","contentUrl":"https:\/\/static.africa-press.net\/cote\/sites\/43\/2023\/03\/postQueueImg_1678528775.10-640c925a8ec06.jpg","width":1280,"height":720,"caption":"Lutte contre la vie ch\u00e8re, plusieurs sacs de sucre saisis dans un magasin de gros \u00e0 Abidjan"},{"@type":"BreadcrumbList","@id":"https:\/\/www.africa-press.net\/cotedivoire\/toutes-les-actualites\/lutte-contre-la-vie-chere-plusieurs-sacs-de-sucre-saisis-dans-un-magasin-de-gros-a-abidjan#breadcrumb","itemListElement":[{"@type":"ListItem","position":1,"name":"Accueil","item":"https:\/\/www.africa-press.net\/cotedivoire\/"},{"@type":"ListItem","position":2,"name":"Lutte contre la vie ch\u00e8re, plusieurs sacs de sucre saisis dans un magasin de gros \u00e0 Abidjan"}]},{"@type":"WebSite","@id":"https:\/\/www.africa-press.net\/cotedivoire\/#website","url":"https:\/\/www.africa-press.net\/cotedivoire\/","name":"C\u00f4te d&#039;Ivoire","description":"Just another Africa News Agency Sites site","potentialAction":[{"@type":"SearchAction","target":{"@type":"EntryPoint","urlTemplate":"https:\/\/www.africa-press.net\/cotedivoire\/?s={search_term_string}"},"query-input":{"@type":"PropertyValueSpecification","valueRequired":true,"valueName":"search_term_string"}}],"inLanguage":"fr-FR"},{"@type":"Person","@id":"https:\/\/www.africa-press.net\/cotedivoire\/#\/schema\/person\/2b1cf3cd81a31e3cd26889ca66d677f1","name":"cfeditorfr"}]}},"_links":{"self":[{"href":"https:\/\/www.africa-press.net\/cotedivoire\/wp-json\/wp\/v2\/posts\/54693","targetHints":{"allow":["GET"]}}],"collection":[{"href":"https:\/\/www.africa-press.net\/cotedivoire\/wp-json\/wp\/v2\/posts"}],"about":[{"href":"https:\/\/www.africa-press.net\/cotedivoire\/wp-json\/wp\/v2\/types\/post"}],"author":[{"embeddable":true,"href":"https:\/\/www.africa-press.net\/cotedivoire\/wp-json\/wp\/v2\/users\/82"}],"replies":[{"embeddable":true,"href":"https:\/\/www.africa-press.net\/cotedivoire\/wp-json\/wp\/v2\/comments?post=54693"}],"version-history":[{"count":0,"href":"https:\/\/www.africa-press.net\/cotedivoire\/wp-json\/wp\/v2\/posts\/54693\/revisions"}],"wp:featuredmedia":[{"embeddable":true,"href":"https:\/\/www.africa-press.net\/cotedivoire\/wp-json\/wp\/v2\/media\/54692"}],"wp:attachment":[{"href":"https:\/\/www.africa-press.net\/cotedivoire\/wp-json\/wp\/v2\/media?parent=54693"}],"wp:term":[{"taxonomy":"category","embeddable":true,"href":"https:\/\/www.africa-press.net\/cotedivoire\/wp-json\/wp\/v2\/categories?post=54693"},{"taxonomy":"post_tag","embeddable":true,"href":"https:\/\/www.africa-press.net\/cotedivoire\/wp-json\/wp\/v2\/tags?post=54693"}],"curies":[{"name":"wp","href":"https:\/\/api.w.org\/{rel}","templated":true}]}}