{"id":54791,"date":"2023-03-13T18:38:30","date_gmt":"2023-03-13T18:38:30","guid":{"rendered":"https:\/\/www.africa-press.net\/cotedivoire\/politique\/seisme-du-6-fevrier-2023-en-turkiye-don-de-618-millions-de-fcfa-de-ouattara-au-peuple-turc"},"modified":"2023-03-13T18:52:11","modified_gmt":"2023-03-13T18:52:11","slug":"seisme-du-6-fevrier-2023-en-turkiye-don-de-618-millions-de-fcfa-de-ouattara-au-peuple-turc","status":"publish","type":"post","link":"https:\/\/www.africa-press.net\/cotedivoire\/politique\/seisme-du-6-fevrier-2023-en-turkiye-don-de-618-millions-de-fcfa-de-ouattara-au-peuple-turc","title":{"rendered":"S\u00e9isme du 6 f\u00e9vrier 2023 en T\u00fcrkiye, don de 618 millions de FCFA de Ouattara au peuple turc"},"content":{"rendered":"<p><span style=\"color: #ff6600\"><strong>Africa-Press &#8211; C\u00f4te d&rsquo;Ivoire. <\/strong><\/span>Le 6 fe\u0301vrier 2023, un violent se\u0301isme a endeuille\u0301 la Tu\u0308rkiye. Environ 50.000 personnes ont perdu la vie dans cette catastrophe naturelle. De nombreux blesse\u0301s, de grandes destructions de biens ont e\u0301te\u0301 enregistre\u0301s. La Co\u0302te d&rsquo;Ivoire qui entretient d&rsquo;excellentes relations avec la Tu\u0308rkiye n&rsquo;a pas voulu reste en marge de la grande solidarite\u0301 agissante au niveau mondial.<\/p>\n<p>Le premier ministre Patrick Achi a conduit une de\u0301le\u0301gation a\u0300 la chancellerie de Tu\u0308rkiye afin de pre\u0301senter les condole\u0301ances du pre\u0301sident de la Re\u0301publique, SEM Alassane Ouattara a son ami et fre\u0300re, le pre\u0301sident Erdogan, les condole\u0301ances du peuple ivoirien, au peuple fre\u0300re de la Tu\u0308rkiye.<\/p>\n<p>Toujours dans cet e\u0301lan de solidarite\u0301 agissante, le pre\u0301sident de la Re\u0301publique a de\u0301cide\u0301 d&rsquo;apporter sa contribution d&rsquo;un montant de 1 million de dollars, environ 618 millions FCFA a\u0300 son ami et fre\u0300re le pre\u0301sident Erdogan, au peuple turc et a\u0300 l&rsquo;ensemble du pays.<\/p>\n<p>Kandia Camara, ministre des Affaires e\u0301trange\u0300res de l&rsquo;inte\u0301gration africaine et de la Diaspora a remis le che\u0300que ce jour a\u0300 l&rsquo;Ambassadeur de Tu\u0308rkiye en Co\u0302te d&rsquo;Ivoire. Deniz Erdogan Barim au cours d&rsquo;une ce\u0301re\u0301monie qui a eu lieu a\u0300 son cabinet.<\/p>\n<p>\u00abLa Co\u0302te d&rsquo;Ivoire a toujours be\u0301ne\u0301ficie\u0301 du soutien de votre pays, de votre pre\u0301sident. Donc c&rsquo;est de fac\u0327on naturelle que la Co\u0302te d&rsquo;Ivoire est solidaire de votre pays. Je voudrais encore une fois, au nom du pre\u0301sident de la Re\u0301publique Alassane Ouattara, au nom du Premier ministre, de l&rsquo;ensemble du gouvernement, au nom du peuple ivoirien vous adresser les dole\u0301ances attriste\u0301es. Et un tre\u0300s prompt re\u0301tablissement a\u0300 toutes ces personnes qui ont e\u0301te\u0301 blesse\u0301es au cours de ce se\u0301isme. Nous savons que la Tu\u0308rkiye est un grand pays. Nous savons que le peuple turc est un peuple re\u0301silient, courageux et nous n&rsquo;avons aucun doute que le pays va se relever de cette pe\u0301riode difficile et qu\u2019il va continuer toujours dans la grandeur a\u0300 e\u0301voluer vers un avenir encore meilleur \u00bb, a de\u0301clare\u0301 Kandia Camara.<\/p>\n<p>Au terme de cette ce\u0301re\u0301monie, Deniz Erdogan Barim a confie\u0301 a\u0300 la presse qu&rsquo;elle est tre\u0300s touche\u0301e par ce don et a ajoute\u0301 que ce geste est le fruit de l\u2019excellente relation que son pays entretient avec la Co\u0302te d&rsquo;Ivoire.<\/p>\n<p>\u00abOn a ve\u0301cu une catastrophe le 6 fe\u0301vrier dernier, de forte puissance. On a perdu plus de 50.000 personnes. Des de\u0301ga\u0302ts mate\u0301riels. Deux pays, la Co\u0302te d&rsquo;Ivoire un pays fre\u0300re, ami, avec l&rsquo;initiative de , le gouvernement ivoirien a fait ce don . Nous sommes tre\u0300s touche\u0301s.<\/p>\n<p>C&rsquo;est tre\u0300s touchant. Avec compassion, beaucoup de sentiments. C&rsquo;est tre\u0300s touchant. C&rsquo;est la manifestation de notre excellente relation et aujourd&rsquo;hui madame la ministre est toujours a\u0300 co\u0302te\u0301 de nous, comme a\u0300 chaque occasion qui se pre\u0301sente. Votre pays est toujours a\u0300 co\u0302te\u0301, dans les jours tre\u0300s difficiles \u00bb, a-t-elle mentionne\u0301.<\/p>\n<p><strong>Pour plus d&rsquo;informations et d&rsquo;analyses sur la <a href=\"https:\/\/www.africa-press.net\/cotedivoire\">C\u00f4te d&rsquo;Ivoire<\/a>, suivez <a href=\"https:\/\/www.africa-press.net\/\">Africa-Press<\/a><\/strong><\/p>\n","protected":false},"excerpt":{"rendered":"<p>Africa-Press &#8211; C\u00f4te d&rsquo;Ivoire. Le 6 fe\u0301vrier 2023, un violent se\u0301isme a endeuille\u0301 la Tu\u0308rkiye. Environ 50.000 personnes ont perdu la vie dans cette catastrophe naturelle. De nombreux blesse\u0301s, de grandes destructions de biens ont e\u0301te\u0301 enregistre\u0301s. La Co\u0302te d&rsquo;Ivoire qui entretient d&rsquo;excellentes relations avec la Tu\u0308rkiye n&rsquo;a pas voulu reste en marge de la [&hellip;]<\/p>\n","protected":false},"author":82,"featured_media":54788,"comment_status":"open","ping_status":"closed","sticky":false,"template":"","format":"standard","meta":{"footnotes":""},"categories":[2,10],"tags":[56,63,38,29,9373,3451,9374,9372,3413],"class_list":["post-54791","post","type-post","status-publish","format-standard","has-post-thumbnail","hentry","category-politique","category-toutes-les-actualites","tag-africa-press","tag-africa-press-cote-divoire","tag-alassane-ouattara","tag-cote-divoire","tag-dons","tag-peuple","tag-seisme","tag-turcs","tag-turquie"],"yoast_head":"<!-- This site is optimized with the Yoast SEO Premium plugin v26.1 (Yoast SEO v27.0) - https:\/\/yoast.com\/product\/yoast-seo-premium-wordpress\/ -->\n<title>S\u00e9isme du 6 f\u00e9vrier 2023 en T\u00fcrkiye, don de 618 millions de FCFA de Ouattara au peuple turc - C\u00f4te d&#039;Ivoire<\/title>\n<meta name=\"description\" content=\"Le 6 fe\u0301vrier 2023, un violent se\u0301isme a endeuille\u0301 la Tu\u0308rkiye. Environ 50.000 personnes ont perdu la vie dans cette ca ...\" \/>\n<meta name=\"robots\" content=\"index, follow, max-snippet:-1, max-image-preview:large, max-video-preview:-1\" \/>\n<link rel=\"canonical\" href=\"https:\/\/www.africa-press.net\/cotedivoire\/politique\/seisme-du-6-fevrier-2023-en-turkiye-don-de-618-millions-de-fcfa-de-ouattara-au-peuple-turc\" \/>\n<meta property=\"og:locale\" content=\"fr_FR\" \/>\n<meta property=\"og:type\" content=\"article\" \/>\n<meta property=\"og:title\" content=\"S\u00e9isme du 6 f\u00e9vrier 2023 en T\u00fcrkiye, don de 618 millions de FCFA de Ouattara au peuple turc\" \/>\n<meta property=\"og:description\" content=\"Le 6 fe\u0301vrier 2023, un violent se\u0301isme a endeuille\u0301 la Tu\u0308rkiye. Environ 50.000 personnes ont perdu la vie dans cette ca ...\" \/>\n<meta property=\"og:url\" content=\"https:\/\/www.africa-press.net\/cotedivoire\/politique\/seisme-du-6-fevrier-2023-en-turkiye-don-de-618-millions-de-fcfa-de-ouattara-au-peuple-turc\" \/>\n<meta property=\"og:site_name\" content=\"C\u00f4te d&#039;Ivoire\" \/>\n<meta property=\"article:published_time\" content=\"2023-03-13T18:38:30+00:00\" \/>\n<meta property=\"article:modified_time\" content=\"2023-03-13T18:52:11+00:00\" \/>\n<meta property=\"og:image\" content=\"https:\/\/static.africa-press.net\/cote\/sites\/43\/2023\/03\/postQueueImg_1678720129.08.jpg\" \/>\n\t<meta property=\"og:image:width\" content=\"720\" \/>\n\t<meta property=\"og:image:height\" content=\"415\" \/>\n\t<meta property=\"og:image:type\" content=\"image\/jpeg\" \/>\n<meta name=\"author\" content=\"cfeditorfr\" \/>\n<meta name=\"twitter:card\" content=\"summary_large_image\" \/>\n<meta name=\"twitter:label1\" content=\"\u00c9crit par\" \/>\n\t<meta name=\"twitter:data1\" content=\"cfeditorfr\" \/>\n\t<meta name=\"twitter:label2\" content=\"Dur\u00e9e de lecture estim\u00e9e\" \/>\n\t<meta name=\"twitter:data2\" content=\"3 minutes\" \/>\n<script type=\"application\/ld+json\" class=\"yoast-schema-graph\">{\"@context\":\"https:\/\/schema.org\",\"@graph\":[{\"@type\":\"Article\",\"@id\":\"https:\/\/www.africa-press.net\/cotedivoire\/politique\/seisme-du-6-fevrier-2023-en-turkiye-don-de-618-millions-de-fcfa-de-ouattara-au-peuple-turc#article\",\"isPartOf\":{\"@id\":\"https:\/\/www.africa-press.net\/cotedivoire\/politique\/seisme-du-6-fevrier-2023-en-turkiye-don-de-618-millions-de-fcfa-de-ouattara-au-peuple-turc\"},\"author\":{\"name\":\"cfeditorfr\",\"@id\":\"https:\/\/www.africa-press.net\/cotedivoire\/#\/schema\/person\/2b1cf3cd81a31e3cd26889ca66d677f1\"},\"headline\":\"S\u00e9isme du 6 f\u00e9vrier 2023 en T\u00fcrkiye, don de 618 millions de FCFA de Ouattara au peuple turc\",\"datePublished\":\"2023-03-13T18:38:30+00:00\",\"dateModified\":\"2023-03-13T18:52:11+00:00\",\"mainEntityOfPage\":{\"@id\":\"https:\/\/www.africa-press.net\/cotedivoire\/politique\/seisme-du-6-fevrier-2023-en-turkiye-don-de-618-millions-de-fcfa-de-ouattara-au-peuple-turc\"},\"wordCount\":585,\"commentCount\":0,\"image\":{\"@id\":\"https:\/\/www.africa-press.net\/cotedivoire\/politique\/seisme-du-6-fevrier-2023-en-turkiye-don-de-618-millions-de-fcfa-de-ouattara-au-peuple-turc#primaryimage\"},\"thumbnailUrl\":\"https:\/\/static.africa-press.net\/cote\/sites\/43\/2023\/03\/postQueueImg_1678720129.08.jpg\",\"keywords\":[\"Africa Press\",\"Africa Press-C\u00f4te d'Ivoire\",\"Alassane Ouattara\",\"C\u00d4TE D'IVOIRE\",\"Dons\",\"peuple\",\"S\u00e9isme\",\"Turcs\",\"Turquie\"],\"articleSection\":[\"Politique\",\"Toutes les actualit\u00e9s\"],\"inLanguage\":\"fr-FR\",\"potentialAction\":[{\"@type\":\"CommentAction\",\"name\":\"Comment\",\"target\":[\"https:\/\/www.africa-press.net\/cotedivoire\/politique\/seisme-du-6-fevrier-2023-en-turkiye-don-de-618-millions-de-fcfa-de-ouattara-au-peuple-turc#respond\"]}]},{\"@type\":\"WebPage\",\"@id\":\"https:\/\/www.africa-press.net\/cotedivoire\/politique\/seisme-du-6-fevrier-2023-en-turkiye-don-de-618-millions-de-fcfa-de-ouattara-au-peuple-turc\",\"url\":\"https:\/\/www.africa-press.net\/cotedivoire\/politique\/seisme-du-6-fevrier-2023-en-turkiye-don-de-618-millions-de-fcfa-de-ouattara-au-peuple-turc\",\"name\":\"S\u00e9isme du 6 f\u00e9vrier 2023 en T\u00fcrkiye, don de 618 millions de FCFA de Ouattara au peuple turc - C\u00f4te d&#039;Ivoire\",\"isPartOf\":{\"@id\":\"https:\/\/www.africa-press.net\/cotedivoire\/#website\"},\"primaryImageOfPage\":{\"@id\":\"https:\/\/www.africa-press.net\/cotedivoire\/politique\/seisme-du-6-fevrier-2023-en-turkiye-don-de-618-millions-de-fcfa-de-ouattara-au-peuple-turc#primaryimage\"},\"image\":{\"@id\":\"https:\/\/www.africa-press.net\/cotedivoire\/politique\/seisme-du-6-fevrier-2023-en-turkiye-don-de-618-millions-de-fcfa-de-ouattara-au-peuple-turc#primaryimage\"},\"thumbnailUrl\":\"https:\/\/static.africa-press.net\/cote\/sites\/43\/2023\/03\/postQueueImg_1678720129.08.jpg\",\"datePublished\":\"2023-03-13T18:38:30+00:00\",\"dateModified\":\"2023-03-13T18:52:11+00:00\",\"author\":{\"@id\":\"https:\/\/www.africa-press.net\/cotedivoire\/#\/schema\/person\/2b1cf3cd81a31e3cd26889ca66d677f1\"},\"description\":\"Le 6 fe\u0301vrier 2023, un violent se\u0301isme a endeuille\u0301 la Tu\u0308rkiye. Environ 50.000 personnes ont perdu la vie dans cette ca ...\",\"breadcrumb\":{\"@id\":\"https:\/\/www.africa-press.net\/cotedivoire\/politique\/seisme-du-6-fevrier-2023-en-turkiye-don-de-618-millions-de-fcfa-de-ouattara-au-peuple-turc#breadcrumb\"},\"inLanguage\":\"fr-FR\",\"potentialAction\":[{\"@type\":\"ReadAction\",\"target\":[\"https:\/\/www.africa-press.net\/cotedivoire\/politique\/seisme-du-6-fevrier-2023-en-turkiye-don-de-618-millions-de-fcfa-de-ouattara-au-peuple-turc\"]}]},{\"@type\":\"ImageObject\",\"inLanguage\":\"fr-FR\",\"@id\":\"https:\/\/www.africa-press.net\/cotedivoire\/politique\/seisme-du-6-fevrier-2023-en-turkiye-don-de-618-millions-de-fcfa-de-ouattara-au-peuple-turc#primaryimage\",\"url\":\"https:\/\/static.africa-press.net\/cote\/sites\/43\/2023\/03\/postQueueImg_1678720129.08.jpg\",\"contentUrl\":\"https:\/\/static.africa-press.net\/cote\/sites\/43\/2023\/03\/postQueueImg_1678720129.08.jpg\",\"width\":720,\"height\":415,\"caption\":\"S\u00e9isme du 6 f\u00e9vrier 2023 en T\u00fcrkiye, don de 618 millions de FCFA de Ouattara au peuple turc\"},{\"@type\":\"BreadcrumbList\",\"@id\":\"https:\/\/www.africa-press.net\/cotedivoire\/politique\/seisme-du-6-fevrier-2023-en-turkiye-don-de-618-millions-de-fcfa-de-ouattara-au-peuple-turc#breadcrumb\",\"itemListElement\":[{\"@type\":\"ListItem\",\"position\":1,\"name\":\"Accueil\",\"item\":\"https:\/\/www.africa-press.net\/cotedivoire\/\"},{\"@type\":\"ListItem\",\"position\":2,\"name\":\"S\u00e9isme du 6 f\u00e9vrier 2023 en T\u00fcrkiye, don de 618 millions de FCFA de Ouattara au peuple turc\"}]},{\"@type\":\"WebSite\",\"@id\":\"https:\/\/www.africa-press.net\/cotedivoire\/#website\",\"url\":\"https:\/\/www.africa-press.net\/cotedivoire\/\",\"name\":\"C\u00f4te d&#039;Ivoire\",\"description\":\"Just another Africa News Agency Sites site\",\"potentialAction\":[{\"@type\":\"SearchAction\",\"target\":{\"@type\":\"EntryPoint\",\"urlTemplate\":\"https:\/\/www.africa-press.net\/cotedivoire\/?s={search_term_string}\"},\"query-input\":{\"@type\":\"PropertyValueSpecification\",\"valueRequired\":true,\"valueName\":\"search_term_string\"}}],\"inLanguage\":\"fr-FR\"},{\"@type\":\"Person\",\"@id\":\"https:\/\/www.africa-press.net\/cotedivoire\/#\/schema\/person\/2b1cf3cd81a31e3cd26889ca66d677f1\",\"name\":\"cfeditorfr\"}]}<\/script>\n<!-- \/ Yoast SEO Premium plugin. -->","yoast_head_json":{"title":"S\u00e9isme du 6 f\u00e9vrier 2023 en T\u00fcrkiye, don de 618 millions de FCFA de Ouattara au peuple turc - C\u00f4te d&#039;Ivoire","description":"Le 6 fe\u0301vrier 2023, un violent se\u0301isme a endeuille\u0301 la Tu\u0308rkiye. Environ 50.000 personnes ont perdu la vie dans cette ca ...","robots":{"index":"index","follow":"follow","max-snippet":"max-snippet:-1","max-image-preview":"max-image-preview:large","max-video-preview":"max-video-preview:-1"},"canonical":"https:\/\/www.africa-press.net\/cotedivoire\/politique\/seisme-du-6-fevrier-2023-en-turkiye-don-de-618-millions-de-fcfa-de-ouattara-au-peuple-turc","og_locale":"fr_FR","og_type":"article","og_title":"S\u00e9isme du 6 f\u00e9vrier 2023 en T\u00fcrkiye, don de 618 millions de FCFA de Ouattara au peuple turc","og_description":"Le 6 fe\u0301vrier 2023, un violent se\u0301isme a endeuille\u0301 la Tu\u0308rkiye. Environ 50.000 personnes ont perdu la vie dans cette ca ...","og_url":"https:\/\/www.africa-press.net\/cotedivoire\/politique\/seisme-du-6-fevrier-2023-en-turkiye-don-de-618-millions-de-fcfa-de-ouattara-au-peuple-turc","og_site_name":"C\u00f4te d&#039;Ivoire","article_published_time":"2023-03-13T18:38:30+00:00","article_modified_time":"2023-03-13T18:52:11+00:00","og_image":[{"width":720,"height":415,"url":"https:\/\/static.africa-press.net\/cote\/sites\/43\/2023\/03\/postQueueImg_1678720129.08.jpg","type":"image\/jpeg"}],"author":"cfeditorfr","twitter_card":"summary_large_image","twitter_misc":{"\u00c9crit par":"cfeditorfr","Dur\u00e9e de lecture estim\u00e9e":"3 minutes"},"schema":{"@context":"https:\/\/schema.org","@graph":[{"@type":"Article","@id":"https:\/\/www.africa-press.net\/cotedivoire\/politique\/seisme-du-6-fevrier-2023-en-turkiye-don-de-618-millions-de-fcfa-de-ouattara-au-peuple-turc#article","isPartOf":{"@id":"https:\/\/www.africa-press.net\/cotedivoire\/politique\/seisme-du-6-fevrier-2023-en-turkiye-don-de-618-millions-de-fcfa-de-ouattara-au-peuple-turc"},"author":{"name":"cfeditorfr","@id":"https:\/\/www.africa-press.net\/cotedivoire\/#\/schema\/person\/2b1cf3cd81a31e3cd26889ca66d677f1"},"headline":"S\u00e9isme du 6 f\u00e9vrier 2023 en T\u00fcrkiye, don de 618 millions de FCFA de Ouattara au peuple turc","datePublished":"2023-03-13T18:38:30+00:00","dateModified":"2023-03-13T18:52:11+00:00","mainEntityOfPage":{"@id":"https:\/\/www.africa-press.net\/cotedivoire\/politique\/seisme-du-6-fevrier-2023-en-turkiye-don-de-618-millions-de-fcfa-de-ouattara-au-peuple-turc"},"wordCount":585,"commentCount":0,"image":{"@id":"https:\/\/www.africa-press.net\/cotedivoire\/politique\/seisme-du-6-fevrier-2023-en-turkiye-don-de-618-millions-de-fcfa-de-ouattara-au-peuple-turc#primaryimage"},"thumbnailUrl":"https:\/\/static.africa-press.net\/cote\/sites\/43\/2023\/03\/postQueueImg_1678720129.08.jpg","keywords":["Africa Press","Africa Press-C\u00f4te d'Ivoire","Alassane Ouattara","C\u00d4TE D'IVOIRE","Dons","peuple","S\u00e9isme","Turcs","Turquie"],"articleSection":["Politique","Toutes les actualit\u00e9s"],"inLanguage":"fr-FR","potentialAction":[{"@type":"CommentAction","name":"Comment","target":["https:\/\/www.africa-press.net\/cotedivoire\/politique\/seisme-du-6-fevrier-2023-en-turkiye-don-de-618-millions-de-fcfa-de-ouattara-au-peuple-turc#respond"]}]},{"@type":"WebPage","@id":"https:\/\/www.africa-press.net\/cotedivoire\/politique\/seisme-du-6-fevrier-2023-en-turkiye-don-de-618-millions-de-fcfa-de-ouattara-au-peuple-turc","url":"https:\/\/www.africa-press.net\/cotedivoire\/politique\/seisme-du-6-fevrier-2023-en-turkiye-don-de-618-millions-de-fcfa-de-ouattara-au-peuple-turc","name":"S\u00e9isme du 6 f\u00e9vrier 2023 en T\u00fcrkiye, don de 618 millions de FCFA de Ouattara au peuple turc - C\u00f4te d&#039;Ivoire","isPartOf":{"@id":"https:\/\/www.africa-press.net\/cotedivoire\/#website"},"primaryImageOfPage":{"@id":"https:\/\/www.africa-press.net\/cotedivoire\/politique\/seisme-du-6-fevrier-2023-en-turkiye-don-de-618-millions-de-fcfa-de-ouattara-au-peuple-turc#primaryimage"},"image":{"@id":"https:\/\/www.africa-press.net\/cotedivoire\/politique\/seisme-du-6-fevrier-2023-en-turkiye-don-de-618-millions-de-fcfa-de-ouattara-au-peuple-turc#primaryimage"},"thumbnailUrl":"https:\/\/static.africa-press.net\/cote\/sites\/43\/2023\/03\/postQueueImg_1678720129.08.jpg","datePublished":"2023-03-13T18:38:30+00:00","dateModified":"2023-03-13T18:52:11+00:00","author":{"@id":"https:\/\/www.africa-press.net\/cotedivoire\/#\/schema\/person\/2b1cf3cd81a31e3cd26889ca66d677f1"},"description":"Le 6 fe\u0301vrier 2023, un violent se\u0301isme a endeuille\u0301 la Tu\u0308rkiye. Environ 50.000 personnes ont perdu la vie dans cette ca ...","breadcrumb":{"@id":"https:\/\/www.africa-press.net\/cotedivoire\/politique\/seisme-du-6-fevrier-2023-en-turkiye-don-de-618-millions-de-fcfa-de-ouattara-au-peuple-turc#breadcrumb"},"inLanguage":"fr-FR","potentialAction":[{"@type":"ReadAction","target":["https:\/\/www.africa-press.net\/cotedivoire\/politique\/seisme-du-6-fevrier-2023-en-turkiye-don-de-618-millions-de-fcfa-de-ouattara-au-peuple-turc"]}]},{"@type":"ImageObject","inLanguage":"fr-FR","@id":"https:\/\/www.africa-press.net\/cotedivoire\/politique\/seisme-du-6-fevrier-2023-en-turkiye-don-de-618-millions-de-fcfa-de-ouattara-au-peuple-turc#primaryimage","url":"https:\/\/static.africa-press.net\/cote\/sites\/43\/2023\/03\/postQueueImg_1678720129.08.jpg","contentUrl":"https:\/\/static.africa-press.net\/cote\/sites\/43\/2023\/03\/postQueueImg_1678720129.08.jpg","width":720,"height":415,"caption":"S\u00e9isme du 6 f\u00e9vrier 2023 en T\u00fcrkiye, don de 618 millions de FCFA de Ouattara au peuple turc"},{"@type":"BreadcrumbList","@id":"https:\/\/www.africa-press.net\/cotedivoire\/politique\/seisme-du-6-fevrier-2023-en-turkiye-don-de-618-millions-de-fcfa-de-ouattara-au-peuple-turc#breadcrumb","itemListElement":[{"@type":"ListItem","position":1,"name":"Accueil","item":"https:\/\/www.africa-press.net\/cotedivoire\/"},{"@type":"ListItem","position":2,"name":"S\u00e9isme du 6 f\u00e9vrier 2023 en T\u00fcrkiye, don de 618 millions de FCFA de Ouattara au peuple turc"}]},{"@type":"WebSite","@id":"https:\/\/www.africa-press.net\/cotedivoire\/#website","url":"https:\/\/www.africa-press.net\/cotedivoire\/","name":"C\u00f4te d&#039;Ivoire","description":"Just another Africa News Agency Sites site","potentialAction":[{"@type":"SearchAction","target":{"@type":"EntryPoint","urlTemplate":"https:\/\/www.africa-press.net\/cotedivoire\/?s={search_term_string}"},"query-input":{"@type":"PropertyValueSpecification","valueRequired":true,"valueName":"search_term_string"}}],"inLanguage":"fr-FR"},{"@type":"Person","@id":"https:\/\/www.africa-press.net\/cotedivoire\/#\/schema\/person\/2b1cf3cd81a31e3cd26889ca66d677f1","name":"cfeditorfr"}]}},"_links":{"self":[{"href":"https:\/\/www.africa-press.net\/cotedivoire\/wp-json\/wp\/v2\/posts\/54791","targetHints":{"allow":["GET"]}}],"collection":[{"href":"https:\/\/www.africa-press.net\/cotedivoire\/wp-json\/wp\/v2\/posts"}],"about":[{"href":"https:\/\/www.africa-press.net\/cotedivoire\/wp-json\/wp\/v2\/types\/post"}],"author":[{"embeddable":true,"href":"https:\/\/www.africa-press.net\/cotedivoire\/wp-json\/wp\/v2\/users\/82"}],"replies":[{"embeddable":true,"href":"https:\/\/www.africa-press.net\/cotedivoire\/wp-json\/wp\/v2\/comments?post=54791"}],"version-history":[{"count":0,"href":"https:\/\/www.africa-press.net\/cotedivoire\/wp-json\/wp\/v2\/posts\/54791\/revisions"}],"wp:featuredmedia":[{"embeddable":true,"href":"https:\/\/www.africa-press.net\/cotedivoire\/wp-json\/wp\/v2\/media\/54788"}],"wp:attachment":[{"href":"https:\/\/www.africa-press.net\/cotedivoire\/wp-json\/wp\/v2\/media?parent=54791"}],"wp:term":[{"taxonomy":"category","embeddable":true,"href":"https:\/\/www.africa-press.net\/cotedivoire\/wp-json\/wp\/v2\/categories?post=54791"},{"taxonomy":"post_tag","embeddable":true,"href":"https:\/\/www.africa-press.net\/cotedivoire\/wp-json\/wp\/v2\/tags?post=54791"}],"curies":[{"name":"wp","href":"https:\/\/api.w.org\/{rel}","templated":true}]}}