{"id":54817,"date":"2023-03-13T18:35:40","date_gmt":"2023-03-13T18:35:40","guid":{"rendered":"https:\/\/www.africa-press.net\/cotedivoire\/politique\/amede-kouakou-annonce-des-reflexions-sur-le-developpement-des-infrastructures-routieres-ivoiriennes-et-dans-la-zone-cedeao"},"modified":"2023-03-13T18:57:37","modified_gmt":"2023-03-13T18:57:37","slug":"amede-kouakou-annonce-des-reflexions-sur-le-developpement-des-infrastructures-routieres-ivoiriennes-et-dans-la-zone-cedeao","status":"publish","type":"post","link":"https:\/\/www.africa-press.net\/cotedivoire\/economie\/amede-kouakou-annonce-des-reflexions-sur-le-developpement-des-infrastructures-routieres-ivoiriennes-et-dans-la-zone-cedeao","title":{"rendered":"Am\u00e9d\u00e9 Kouakou annonce des r\u00e9flexions sur le d\u00e9veloppement des infrastructures routi\u00e8res ivoiriennes  et dans la zone CEDEAO"},"content":{"rendered":"<p><span style=\"color: #ff6600\"><strong>Africa-Press &#8211; C\u00f4te d&rsquo;Ivoire. <\/strong><\/span>Le Ministre de l\u2019Equipement et de l\u2019Entretien Routier, Ame\u0301de\u0301 Kouakou Koffi annonce des re\u0301flexions sur le de\u0301veloppement des infrastructures routie\u0300res ivoiriennes et dans la zone CEDEAO (Communaute\u0301 e\u0301conomique des E\u0301tats de l&rsquo;Afrique de l&rsquo;Ouest).<\/p>\n<p>\u00ab Cette semaine encore, notre engagement au de\u0301veloppement nous conduira a\u0300 des re\u0301flexions sur le de\u0301veloppement des infrastructures routie\u0300res en Co\u0302te d\u2019Ivoire et dans la zone ECOWAS\/CEDEAO. Le projet du corridor autoroutier Abidjan-Lagos sera au c\u0153ur de notre re\u0301flexion \u00bb, a-t-il indique\u0301 ce lundi 13 mars 2023.<\/p>\n<p>Selon ce dernier, chacun doit apporter sa pierre a\u0300 l\u2019e\u0301difice ivoire, pour faire de notre pays cette re\u0301fe\u0301rence d\u2019e\u0301mergence, comme l\u2019a toujours pro\u0302ne\u0301 SEM Alassane Ouattara, Pre\u0301sident de la Re\u0301publique et visionnaire de la Co\u0302te d\u2019Ivoire moderne.<\/p>\n<p><strong>Pour plus d&rsquo;informations et d&rsquo;analyses sur la <a href=\"https:\/\/www.africa-press.net\/cotedivoire\">C\u00f4te d&rsquo;Ivoire<\/a>, suivez <a href=\"https:\/\/www.africa-press.net\/\">Africa-Press<\/a><\/strong><\/p>\n","protected":false},"excerpt":{"rendered":"<p>Africa-Press &#8211; C\u00f4te d&rsquo;Ivoire. Le Ministre de l\u2019Equipement et de l\u2019Entretien Routier, Ame\u0301de\u0301 Kouakou Koffi annonce des re\u0301flexions sur le de\u0301veloppement des infrastructures routie\u0300res ivoiriennes et dans la zone CEDEAO (Communaute\u0301 e\u0301conomique des E\u0301tats de l&rsquo;Afrique de l&rsquo;Ouest). \u00ab Cette semaine encore, notre engagement au de\u0301veloppement nous conduira a\u0300 des re\u0301flexions sur le de\u0301veloppement des [&hellip;]<\/p>\n","protected":false},"author":82,"featured_media":54815,"comment_status":"open","ping_status":"closed","sticky":false,"template":"","format":"standard","meta":{"footnotes":""},"categories":[3,10],"tags":[56,63,38,1914,1150,29,2780,7401,4001],"class_list":["post-54817","post","type-post","status-publish","format-standard","has-post-thumbnail","hentry","category-economie","category-toutes-les-actualites","tag-africa-press","tag-africa-press-cote-divoire","tag-alassane-ouattara","tag-amede-kouakou","tag-cedeao","tag-cote-divoire","tag-infrastructures","tag-reflexions","tag-routieres"],"yoast_head":"<!-- This site is optimized with the Yoast SEO Premium plugin v26.1 (Yoast SEO v27.0) - https:\/\/yoast.com\/product\/yoast-seo-premium-wordpress\/ -->\n<title>Am\u00e9d\u00e9 Kouakou annonce des r\u00e9flexions sur le d\u00e9veloppement des infrastructures routi\u00e8res ivoiriennes et dans la zone CEDEAO - C\u00f4te d&#039;Ivoire<\/title>\n<meta name=\"description\" content=\"Le Ministre de l\u2019Equipement et de l\u2019Entretien Routier, Ame\u0301de\u0301 Kouakou Koffi annonce des re\u0301flexions sur le de\u0301veloppeme ...\" \/>\n<meta name=\"robots\" content=\"index, follow, max-snippet:-1, max-image-preview:large, max-video-preview:-1\" \/>\n<link rel=\"canonical\" href=\"https:\/\/www.africa-press.net\/cotedivoire\/economie\/amede-kouakou-annonce-des-reflexions-sur-le-developpement-des-infrastructures-routieres-ivoiriennes-et-dans-la-zone-cedeao\" \/>\n<meta property=\"og:locale\" content=\"fr_FR\" \/>\n<meta property=\"og:type\" content=\"article\" \/>\n<meta property=\"og:title\" content=\"Am\u00e9d\u00e9 Kouakou annonce des r\u00e9flexions sur le d\u00e9veloppement des infrastructures routi\u00e8res ivoiriennes et dans la zone CEDEAO\" \/>\n<meta property=\"og:description\" content=\"Le Ministre de l\u2019Equipement et de l\u2019Entretien Routier, Ame\u0301de\u0301 Kouakou Koffi annonce des re\u0301flexions sur le de\u0301veloppeme ...\" \/>\n<meta property=\"og:url\" content=\"https:\/\/www.africa-press.net\/cotedivoire\/economie\/amede-kouakou-annonce-des-reflexions-sur-le-developpement-des-infrastructures-routieres-ivoiriennes-et-dans-la-zone-cedeao\" \/>\n<meta property=\"og:site_name\" content=\"C\u00f4te d&#039;Ivoire\" \/>\n<meta property=\"article:published_time\" content=\"2023-03-13T18:35:40+00:00\" \/>\n<meta property=\"article:modified_time\" content=\"2023-03-13T18:57:37+00:00\" \/>\n<meta property=\"og:image\" content=\"https:\/\/static.africa-press.net\/cote\/sites\/43\/2023\/03\/postQueueImg_1678719951.98.jpg\" \/>\n\t<meta property=\"og:image:width\" content=\"720\" \/>\n\t<meta property=\"og:image:height\" content=\"480\" \/>\n\t<meta property=\"og:image:type\" content=\"image\/jpeg\" \/>\n<meta name=\"author\" content=\"cfeditorfr\" \/>\n<meta name=\"twitter:card\" content=\"summary_large_image\" \/>\n<meta name=\"twitter:label1\" content=\"\u00c9crit par\" \/>\n\t<meta name=\"twitter:data1\" content=\"cfeditorfr\" \/>\n\t<meta name=\"twitter:label2\" content=\"Dur\u00e9e de lecture estim\u00e9e\" \/>\n\t<meta name=\"twitter:data2\" content=\"1 minute\" \/>\n<script type=\"application\/ld+json\" class=\"yoast-schema-graph\">{\"@context\":\"https:\/\/schema.org\",\"@graph\":[{\"@type\":\"Article\",\"@id\":\"https:\/\/www.africa-press.net\/cotedivoire\/economie\/amede-kouakou-annonce-des-reflexions-sur-le-developpement-des-infrastructures-routieres-ivoiriennes-et-dans-la-zone-cedeao#article\",\"isPartOf\":{\"@id\":\"https:\/\/www.africa-press.net\/cotedivoire\/economie\/amede-kouakou-annonce-des-reflexions-sur-le-developpement-des-infrastructures-routieres-ivoiriennes-et-dans-la-zone-cedeao\"},\"author\":{\"name\":\"cfeditorfr\",\"@id\":\"https:\/\/www.africa-press.net\/cotedivoire\/#\/schema\/person\/2b1cf3cd81a31e3cd26889ca66d677f1\"},\"headline\":\"Am\u00e9d\u00e9 Kouakou annonce des r\u00e9flexions sur le d\u00e9veloppement des infrastructures routi\u00e8res ivoiriennes et dans la zone CEDEAO\",\"datePublished\":\"2023-03-13T18:35:40+00:00\",\"dateModified\":\"2023-03-13T18:57:37+00:00\",\"mainEntityOfPage\":{\"@id\":\"https:\/\/www.africa-press.net\/cotedivoire\/economie\/amede-kouakou-annonce-des-reflexions-sur-le-developpement-des-infrastructures-routieres-ivoiriennes-et-dans-la-zone-cedeao\"},\"wordCount\":187,\"commentCount\":0,\"image\":{\"@id\":\"https:\/\/www.africa-press.net\/cotedivoire\/economie\/amede-kouakou-annonce-des-reflexions-sur-le-developpement-des-infrastructures-routieres-ivoiriennes-et-dans-la-zone-cedeao#primaryimage\"},\"thumbnailUrl\":\"https:\/\/static.africa-press.net\/cote\/sites\/43\/2023\/03\/postQueueImg_1678719951.98.jpg\",\"keywords\":[\"Africa Press\",\"Africa Press-C\u00f4te d'Ivoire\",\"Alassane Ouattara\",\"Am\u00e9d\u00e9 Kouakou\",\"CEDEAO\",\"C\u00d4TE D'IVOIRE\",\"infrastructures\",\"reflexions\",\"routi\u00e8res\"],\"articleSection\":[\"\u00c9conomie\",\"Toutes les actualit\u00e9s\"],\"inLanguage\":\"fr-FR\",\"potentialAction\":[{\"@type\":\"CommentAction\",\"name\":\"Comment\",\"target\":[\"https:\/\/www.africa-press.net\/cotedivoire\/economie\/amede-kouakou-annonce-des-reflexions-sur-le-developpement-des-infrastructures-routieres-ivoiriennes-et-dans-la-zone-cedeao#respond\"]}]},{\"@type\":\"WebPage\",\"@id\":\"https:\/\/www.africa-press.net\/cotedivoire\/economie\/amede-kouakou-annonce-des-reflexions-sur-le-developpement-des-infrastructures-routieres-ivoiriennes-et-dans-la-zone-cedeao\",\"url\":\"https:\/\/www.africa-press.net\/cotedivoire\/economie\/amede-kouakou-annonce-des-reflexions-sur-le-developpement-des-infrastructures-routieres-ivoiriennes-et-dans-la-zone-cedeao\",\"name\":\"Am\u00e9d\u00e9 Kouakou annonce des r\u00e9flexions sur le d\u00e9veloppement des infrastructures routi\u00e8res ivoiriennes et dans la zone CEDEAO - C\u00f4te d&#039;Ivoire\",\"isPartOf\":{\"@id\":\"https:\/\/www.africa-press.net\/cotedivoire\/#website\"},\"primaryImageOfPage\":{\"@id\":\"https:\/\/www.africa-press.net\/cotedivoire\/economie\/amede-kouakou-annonce-des-reflexions-sur-le-developpement-des-infrastructures-routieres-ivoiriennes-et-dans-la-zone-cedeao#primaryimage\"},\"image\":{\"@id\":\"https:\/\/www.africa-press.net\/cotedivoire\/economie\/amede-kouakou-annonce-des-reflexions-sur-le-developpement-des-infrastructures-routieres-ivoiriennes-et-dans-la-zone-cedeao#primaryimage\"},\"thumbnailUrl\":\"https:\/\/static.africa-press.net\/cote\/sites\/43\/2023\/03\/postQueueImg_1678719951.98.jpg\",\"datePublished\":\"2023-03-13T18:35:40+00:00\",\"dateModified\":\"2023-03-13T18:57:37+00:00\",\"author\":{\"@id\":\"https:\/\/www.africa-press.net\/cotedivoire\/#\/schema\/person\/2b1cf3cd81a31e3cd26889ca66d677f1\"},\"description\":\"Le Ministre de l\u2019Equipement et de l\u2019Entretien Routier, Ame\u0301de\u0301 Kouakou Koffi annonce des re\u0301flexions sur le de\u0301veloppeme ...\",\"breadcrumb\":{\"@id\":\"https:\/\/www.africa-press.net\/cotedivoire\/economie\/amede-kouakou-annonce-des-reflexions-sur-le-developpement-des-infrastructures-routieres-ivoiriennes-et-dans-la-zone-cedeao#breadcrumb\"},\"inLanguage\":\"fr-FR\",\"potentialAction\":[{\"@type\":\"ReadAction\",\"target\":[\"https:\/\/www.africa-press.net\/cotedivoire\/economie\/amede-kouakou-annonce-des-reflexions-sur-le-developpement-des-infrastructures-routieres-ivoiriennes-et-dans-la-zone-cedeao\"]}]},{\"@type\":\"ImageObject\",\"inLanguage\":\"fr-FR\",\"@id\":\"https:\/\/www.africa-press.net\/cotedivoire\/economie\/amede-kouakou-annonce-des-reflexions-sur-le-developpement-des-infrastructures-routieres-ivoiriennes-et-dans-la-zone-cedeao#primaryimage\",\"url\":\"https:\/\/static.africa-press.net\/cote\/sites\/43\/2023\/03\/postQueueImg_1678719951.98.jpg\",\"contentUrl\":\"https:\/\/static.africa-press.net\/cote\/sites\/43\/2023\/03\/postQueueImg_1678719951.98.jpg\",\"width\":720,\"height\":480,\"caption\":\"Am\u00e9d\u00e9 Kouakou annonce des r\u00e9flexions sur le d\u00e9veloppement des infrastructures routi\u00e8res ivoiriennes et dans la zone CEDEAO\"},{\"@type\":\"BreadcrumbList\",\"@id\":\"https:\/\/www.africa-press.net\/cotedivoire\/economie\/amede-kouakou-annonce-des-reflexions-sur-le-developpement-des-infrastructures-routieres-ivoiriennes-et-dans-la-zone-cedeao#breadcrumb\",\"itemListElement\":[{\"@type\":\"ListItem\",\"position\":1,\"name\":\"Accueil\",\"item\":\"https:\/\/www.africa-press.net\/cotedivoire\/\"},{\"@type\":\"ListItem\",\"position\":2,\"name\":\"Am\u00e9d\u00e9 Kouakou annonce des r\u00e9flexions sur le d\u00e9veloppement des infrastructures routi\u00e8res ivoiriennes et dans la zone CEDEAO\"}]},{\"@type\":\"WebSite\",\"@id\":\"https:\/\/www.africa-press.net\/cotedivoire\/#website\",\"url\":\"https:\/\/www.africa-press.net\/cotedivoire\/\",\"name\":\"C\u00f4te d&#039;Ivoire\",\"description\":\"Just another Africa News Agency Sites site\",\"potentialAction\":[{\"@type\":\"SearchAction\",\"target\":{\"@type\":\"EntryPoint\",\"urlTemplate\":\"https:\/\/www.africa-press.net\/cotedivoire\/?s={search_term_string}\"},\"query-input\":{\"@type\":\"PropertyValueSpecification\",\"valueRequired\":true,\"valueName\":\"search_term_string\"}}],\"inLanguage\":\"fr-FR\"},{\"@type\":\"Person\",\"@id\":\"https:\/\/www.africa-press.net\/cotedivoire\/#\/schema\/person\/2b1cf3cd81a31e3cd26889ca66d677f1\",\"name\":\"cfeditorfr\"}]}<\/script>\n<!-- \/ Yoast SEO Premium plugin. -->","yoast_head_json":{"title":"Am\u00e9d\u00e9 Kouakou annonce des r\u00e9flexions sur le d\u00e9veloppement des infrastructures routi\u00e8res ivoiriennes et dans la zone CEDEAO - C\u00f4te d&#039;Ivoire","description":"Le Ministre de l\u2019Equipement et de l\u2019Entretien Routier, Ame\u0301de\u0301 Kouakou Koffi annonce des re\u0301flexions sur le de\u0301veloppeme ...","robots":{"index":"index","follow":"follow","max-snippet":"max-snippet:-1","max-image-preview":"max-image-preview:large","max-video-preview":"max-video-preview:-1"},"canonical":"https:\/\/www.africa-press.net\/cotedivoire\/economie\/amede-kouakou-annonce-des-reflexions-sur-le-developpement-des-infrastructures-routieres-ivoiriennes-et-dans-la-zone-cedeao","og_locale":"fr_FR","og_type":"article","og_title":"Am\u00e9d\u00e9 Kouakou annonce des r\u00e9flexions sur le d\u00e9veloppement des infrastructures routi\u00e8res ivoiriennes et dans la zone CEDEAO","og_description":"Le Ministre de l\u2019Equipement et de l\u2019Entretien Routier, Ame\u0301de\u0301 Kouakou Koffi annonce des re\u0301flexions sur le de\u0301veloppeme ...","og_url":"https:\/\/www.africa-press.net\/cotedivoire\/economie\/amede-kouakou-annonce-des-reflexions-sur-le-developpement-des-infrastructures-routieres-ivoiriennes-et-dans-la-zone-cedeao","og_site_name":"C\u00f4te d&#039;Ivoire","article_published_time":"2023-03-13T18:35:40+00:00","article_modified_time":"2023-03-13T18:57:37+00:00","og_image":[{"width":720,"height":480,"url":"https:\/\/static.africa-press.net\/cote\/sites\/43\/2023\/03\/postQueueImg_1678719951.98.jpg","type":"image\/jpeg"}],"author":"cfeditorfr","twitter_card":"summary_large_image","twitter_misc":{"\u00c9crit par":"cfeditorfr","Dur\u00e9e de lecture estim\u00e9e":"1 minute"},"schema":{"@context":"https:\/\/schema.org","@graph":[{"@type":"Article","@id":"https:\/\/www.africa-press.net\/cotedivoire\/economie\/amede-kouakou-annonce-des-reflexions-sur-le-developpement-des-infrastructures-routieres-ivoiriennes-et-dans-la-zone-cedeao#article","isPartOf":{"@id":"https:\/\/www.africa-press.net\/cotedivoire\/economie\/amede-kouakou-annonce-des-reflexions-sur-le-developpement-des-infrastructures-routieres-ivoiriennes-et-dans-la-zone-cedeao"},"author":{"name":"cfeditorfr","@id":"https:\/\/www.africa-press.net\/cotedivoire\/#\/schema\/person\/2b1cf3cd81a31e3cd26889ca66d677f1"},"headline":"Am\u00e9d\u00e9 Kouakou annonce des r\u00e9flexions sur le d\u00e9veloppement des infrastructures routi\u00e8res ivoiriennes et dans la zone CEDEAO","datePublished":"2023-03-13T18:35:40+00:00","dateModified":"2023-03-13T18:57:37+00:00","mainEntityOfPage":{"@id":"https:\/\/www.africa-press.net\/cotedivoire\/economie\/amede-kouakou-annonce-des-reflexions-sur-le-developpement-des-infrastructures-routieres-ivoiriennes-et-dans-la-zone-cedeao"},"wordCount":187,"commentCount":0,"image":{"@id":"https:\/\/www.africa-press.net\/cotedivoire\/economie\/amede-kouakou-annonce-des-reflexions-sur-le-developpement-des-infrastructures-routieres-ivoiriennes-et-dans-la-zone-cedeao#primaryimage"},"thumbnailUrl":"https:\/\/static.africa-press.net\/cote\/sites\/43\/2023\/03\/postQueueImg_1678719951.98.jpg","keywords":["Africa Press","Africa Press-C\u00f4te d'Ivoire","Alassane Ouattara","Am\u00e9d\u00e9 Kouakou","CEDEAO","C\u00d4TE D'IVOIRE","infrastructures","reflexions","routi\u00e8res"],"articleSection":["\u00c9conomie","Toutes les actualit\u00e9s"],"inLanguage":"fr-FR","potentialAction":[{"@type":"CommentAction","name":"Comment","target":["https:\/\/www.africa-press.net\/cotedivoire\/economie\/amede-kouakou-annonce-des-reflexions-sur-le-developpement-des-infrastructures-routieres-ivoiriennes-et-dans-la-zone-cedeao#respond"]}]},{"@type":"WebPage","@id":"https:\/\/www.africa-press.net\/cotedivoire\/economie\/amede-kouakou-annonce-des-reflexions-sur-le-developpement-des-infrastructures-routieres-ivoiriennes-et-dans-la-zone-cedeao","url":"https:\/\/www.africa-press.net\/cotedivoire\/economie\/amede-kouakou-annonce-des-reflexions-sur-le-developpement-des-infrastructures-routieres-ivoiriennes-et-dans-la-zone-cedeao","name":"Am\u00e9d\u00e9 Kouakou annonce des r\u00e9flexions sur le d\u00e9veloppement des infrastructures routi\u00e8res ivoiriennes et dans la zone CEDEAO - C\u00f4te d&#039;Ivoire","isPartOf":{"@id":"https:\/\/www.africa-press.net\/cotedivoire\/#website"},"primaryImageOfPage":{"@id":"https:\/\/www.africa-press.net\/cotedivoire\/economie\/amede-kouakou-annonce-des-reflexions-sur-le-developpement-des-infrastructures-routieres-ivoiriennes-et-dans-la-zone-cedeao#primaryimage"},"image":{"@id":"https:\/\/www.africa-press.net\/cotedivoire\/economie\/amede-kouakou-annonce-des-reflexions-sur-le-developpement-des-infrastructures-routieres-ivoiriennes-et-dans-la-zone-cedeao#primaryimage"},"thumbnailUrl":"https:\/\/static.africa-press.net\/cote\/sites\/43\/2023\/03\/postQueueImg_1678719951.98.jpg","datePublished":"2023-03-13T18:35:40+00:00","dateModified":"2023-03-13T18:57:37+00:00","author":{"@id":"https:\/\/www.africa-press.net\/cotedivoire\/#\/schema\/person\/2b1cf3cd81a31e3cd26889ca66d677f1"},"description":"Le Ministre de l\u2019Equipement et de l\u2019Entretien Routier, Ame\u0301de\u0301 Kouakou Koffi annonce des re\u0301flexions sur le de\u0301veloppeme ...","breadcrumb":{"@id":"https:\/\/www.africa-press.net\/cotedivoire\/economie\/amede-kouakou-annonce-des-reflexions-sur-le-developpement-des-infrastructures-routieres-ivoiriennes-et-dans-la-zone-cedeao#breadcrumb"},"inLanguage":"fr-FR","potentialAction":[{"@type":"ReadAction","target":["https:\/\/www.africa-press.net\/cotedivoire\/economie\/amede-kouakou-annonce-des-reflexions-sur-le-developpement-des-infrastructures-routieres-ivoiriennes-et-dans-la-zone-cedeao"]}]},{"@type":"ImageObject","inLanguage":"fr-FR","@id":"https:\/\/www.africa-press.net\/cotedivoire\/economie\/amede-kouakou-annonce-des-reflexions-sur-le-developpement-des-infrastructures-routieres-ivoiriennes-et-dans-la-zone-cedeao#primaryimage","url":"https:\/\/static.africa-press.net\/cote\/sites\/43\/2023\/03\/postQueueImg_1678719951.98.jpg","contentUrl":"https:\/\/static.africa-press.net\/cote\/sites\/43\/2023\/03\/postQueueImg_1678719951.98.jpg","width":720,"height":480,"caption":"Am\u00e9d\u00e9 Kouakou annonce des r\u00e9flexions sur le d\u00e9veloppement des infrastructures routi\u00e8res ivoiriennes et dans la zone CEDEAO"},{"@type":"BreadcrumbList","@id":"https:\/\/www.africa-press.net\/cotedivoire\/economie\/amede-kouakou-annonce-des-reflexions-sur-le-developpement-des-infrastructures-routieres-ivoiriennes-et-dans-la-zone-cedeao#breadcrumb","itemListElement":[{"@type":"ListItem","position":1,"name":"Accueil","item":"https:\/\/www.africa-press.net\/cotedivoire\/"},{"@type":"ListItem","position":2,"name":"Am\u00e9d\u00e9 Kouakou annonce des r\u00e9flexions sur le d\u00e9veloppement des infrastructures routi\u00e8res ivoiriennes et dans la zone CEDEAO"}]},{"@type":"WebSite","@id":"https:\/\/www.africa-press.net\/cotedivoire\/#website","url":"https:\/\/www.africa-press.net\/cotedivoire\/","name":"C\u00f4te d&#039;Ivoire","description":"Just another Africa News Agency Sites site","potentialAction":[{"@type":"SearchAction","target":{"@type":"EntryPoint","urlTemplate":"https:\/\/www.africa-press.net\/cotedivoire\/?s={search_term_string}"},"query-input":{"@type":"PropertyValueSpecification","valueRequired":true,"valueName":"search_term_string"}}],"inLanguage":"fr-FR"},{"@type":"Person","@id":"https:\/\/www.africa-press.net\/cotedivoire\/#\/schema\/person\/2b1cf3cd81a31e3cd26889ca66d677f1","name":"cfeditorfr"}]}},"_links":{"self":[{"href":"https:\/\/www.africa-press.net\/cotedivoire\/wp-json\/wp\/v2\/posts\/54817","targetHints":{"allow":["GET"]}}],"collection":[{"href":"https:\/\/www.africa-press.net\/cotedivoire\/wp-json\/wp\/v2\/posts"}],"about":[{"href":"https:\/\/www.africa-press.net\/cotedivoire\/wp-json\/wp\/v2\/types\/post"}],"author":[{"embeddable":true,"href":"https:\/\/www.africa-press.net\/cotedivoire\/wp-json\/wp\/v2\/users\/82"}],"replies":[{"embeddable":true,"href":"https:\/\/www.africa-press.net\/cotedivoire\/wp-json\/wp\/v2\/comments?post=54817"}],"version-history":[{"count":0,"href":"https:\/\/www.africa-press.net\/cotedivoire\/wp-json\/wp\/v2\/posts\/54817\/revisions"}],"wp:featuredmedia":[{"embeddable":true,"href":"https:\/\/www.africa-press.net\/cotedivoire\/wp-json\/wp\/v2\/media\/54815"}],"wp:attachment":[{"href":"https:\/\/www.africa-press.net\/cotedivoire\/wp-json\/wp\/v2\/media?parent=54817"}],"wp:term":[{"taxonomy":"category","embeddable":true,"href":"https:\/\/www.africa-press.net\/cotedivoire\/wp-json\/wp\/v2\/categories?post=54817"},{"taxonomy":"post_tag","embeddable":true,"href":"https:\/\/www.africa-press.net\/cotedivoire\/wp-json\/wp\/v2\/tags?post=54817"}],"curies":[{"name":"wp","href":"https:\/\/api.w.org\/{rel}","templated":true}]}}