{"id":55115,"date":"2023-03-18T18:18:34","date_gmt":"2023-03-18T18:18:34","guid":{"rendered":"https:\/\/www.africa-press.net\/cotedivoire\/politique\/adjame-une-brigade-de-surveillance-de-la-gare-ladji-abdoulaye-cisse-installee"},"modified":"2023-03-18T19:10:50","modified_gmt":"2023-03-18T19:10:50","slug":"adjame-une-brigade-de-surveillance-de-la-gare-ladji-abdoulaye-cisse-installee","status":"publish","type":"post","link":"https:\/\/www.africa-press.net\/cotedivoire\/toutes-les-actualites\/adjame-une-brigade-de-surveillance-de-la-gare-ladji-abdoulaye-cisse-installee","title":{"rendered":"Adjam\u00e9,  une brigade de surveillance de la gare \u00ab Ladji Abdoulaye Ciss\u00e9 \u00bb, install\u00e9e"},"content":{"rendered":"<p><span style=\"color: #ff6600\"><strong>Africa-Press &#8211; C\u00f4te d&rsquo;Ivoire. <\/strong><\/span>Une brigade de surveillance de la gare \u00ab Ladji Abdoulaye Cisse\u0301 \u00bb, dans la commune d\u2019Adjame\u0301 a e\u0301te\u0301 installe\u0301e.<\/p>\n<p>C\u2019est une ide\u0301e la Coordination nationale des gares routie\u0300res de Co\u0302te d\u2019Ivoire (CNGR-CI).<\/p>\n<p>Apre\u0300s l\u2019ope\u0301ration \u00ab Grand me\u0301nage \u00bb consistant au nettoyage des gares routie\u0300res, le pre\u0301sident Adama Toure\u0301 a de\u0301cide\u0301 de lancer cette brigade pour venir en appui et en soutien, aussi bien a\u0300 nos Forces de l\u2019ordre et de Se\u0301curite\u0301.<\/p>\n<p>\u00ab (&#8230;) En effet, la se\u0301curite\u0301 des biens et des personnes constituant l\u2019une des priorite\u0301s majeures, nous avons alors mu\u0302ri l\u2019ide\u0301e de venir en appui et en soutien, aussi bien a\u0300 nos Forces de l\u2019ordre et de Se\u0301curite\u0301, qu\u2019a\u0300 nos autorite\u0301s municipales, en mettant sur pied une brigade de surveillance qui devra travailler en bonne intelligence, en parfaite symbiose et en e\u0301troite collaboration avec nos autorite\u0301s, des Forces de l\u2019ordre et de se\u0301curite\u0301 et celles de la mairie. Une fois appre\u0301hende\u0301s, elle mettra a\u0300 leur disposition, les petits voleurs \u00bb, a-t-il indique\u0301.<\/p>\n<p>Avant d\u2019expliquer qu\u2019en termes d\u2019objectif, il est question de garantir le maximum de confiance entre les passagers, les usagers et toute tierce personne exerc\u0327ant ou convergeant a\u0300 la gare Ladji Abdoulaye Cisse\u0301. Et d\u2019argumenter : \u00ab (&#8230;) Oui, l\u2019inse\u0301curite\u0301 et les activite\u0301s e\u0301conomiques n\u2019ont jamais fait bon me\u0301nage. C\u2019est clair : les activite\u0301s e\u0301conomiques ne prospe\u0300rent que dans un climat de se\u0301curite\u0301 et de paix. Il est alors de bon aloi pour nous de la garantie sur notre site de travail \u00bb. En termes de re\u0301sultats, il a souligne\u0301 qu\u2019il est question de donner un e\u0301clat particulier a\u0300 cette gare qui fait office de gare internationale.<\/p>\n<p>Espe\u0301rons que l\u2019ide\u0301e de la mise en place de cette brigade de surveillance se poursuivra dans toutes les autres gares du territoire national pour la se\u0301curite\u0301 des usagers car ces leiux sont conside\u0301re\u0301s comme des nids de bandits.<\/p>\n<p><strong>Pour plus d&rsquo;informations et d&rsquo;analyses sur la <a href=\"https:\/\/www.africa-press.net\/cotedivoire\">C\u00f4te d&rsquo;Ivoire<\/a>, suivez <a href=\"https:\/\/www.africa-press.net\/\">Africa-Press<\/a><\/strong><\/p>\n","protected":false},"excerpt":{"rendered":"<p>Africa-Press &#8211; C\u00f4te d&rsquo;Ivoire. Une brigade de surveillance de la gare \u00ab Ladji Abdoulaye Cisse\u0301 \u00bb, dans la commune d\u2019Adjame\u0301 a e\u0301te\u0301 installe\u0301e. C\u2019est une ide\u0301e la Coordination nationale des gares routie\u0300res de Co\u0302te d\u2019Ivoire (CNGR-CI). Apre\u0300s l\u2019ope\u0301ration \u00ab Grand me\u0301nage \u00bb consistant au nettoyage des gares routie\u0300res, le pre\u0301sident Adama Toure\u0301 a de\u0301cide\u0301 de [&hellip;]<\/p>\n","protected":false},"author":82,"featured_media":55114,"comment_status":"open","ping_status":"closed","sticky":false,"template":"","format":"standard","meta":{"footnotes":""},"categories":[21,10],"tags":[56,63,2502,9462,29,9461,303],"class_list":["post-55115","post","type-post","status-publish","format-standard","has-post-thumbnail","hentry","category-communaute","category-toutes-les-actualites","tag-africa-press","tag-africa-press-cote-divoire","tag-brigade","tag-coordination-nationale-des-gares-routieres-de-cote-divoire","tag-cote-divoire","tag-gare-ladji","tag-securite"],"yoast_head":"<!-- This site is optimized with the Yoast SEO Premium plugin v26.1 (Yoast SEO v27.0) - https:\/\/yoast.com\/product\/yoast-seo-premium-wordpress\/ -->\n<title>Adjam\u00e9, une brigade de surveillance de la gare \u00ab Ladji Abdoulaye Ciss\u00e9 \u00bb, install\u00e9e - C\u00f4te d&#039;Ivoire<\/title>\n<meta name=\"description\" content=\"Une brigade de surveillance de la gare \u00ab Ladji Abdoulaye Cisse\u0301 \u00bb, dans la commune d\u2019Adjame\u0301 a e\u0301te\u0301 installe\u0301e. C\u2019est ...\" \/>\n<meta name=\"robots\" content=\"index, follow, max-snippet:-1, max-image-preview:large, max-video-preview:-1\" \/>\n<link rel=\"canonical\" href=\"https:\/\/www.africa-press.net\/cotedivoire\/toutes-les-actualites\/adjame-une-brigade-de-surveillance-de-la-gare-ladji-abdoulaye-cisse-installee\" \/>\n<meta property=\"og:locale\" content=\"fr_FR\" \/>\n<meta property=\"og:type\" content=\"article\" \/>\n<meta property=\"og:title\" content=\"Adjam\u00e9, une brigade de surveillance de la gare \u00ab Ladji Abdoulaye Ciss\u00e9 \u00bb, install\u00e9e\" \/>\n<meta property=\"og:description\" content=\"Une brigade de surveillance de la gare \u00ab Ladji Abdoulaye Cisse\u0301 \u00bb, dans la commune d\u2019Adjame\u0301 a e\u0301te\u0301 installe\u0301e. C\u2019est ...\" \/>\n<meta property=\"og:url\" content=\"https:\/\/www.africa-press.net\/cotedivoire\/toutes-les-actualites\/adjame-une-brigade-de-surveillance-de-la-gare-ladji-abdoulaye-cisse-installee\" \/>\n<meta property=\"og:site_name\" content=\"C\u00f4te d&#039;Ivoire\" \/>\n<meta property=\"article:published_time\" content=\"2023-03-18T18:18:34+00:00\" \/>\n<meta property=\"article:modified_time\" content=\"2023-03-18T19:10:50+00:00\" \/>\n<meta property=\"og:image\" content=\"https:\/\/static.africa-press.net\/cote\/sites\/43\/2023\/03\/postQueueImg_1679150925.63.jpg\" \/>\n\t<meta property=\"og:image:width\" content=\"720\" \/>\n\t<meta property=\"og:image:height\" content=\"522\" \/>\n\t<meta property=\"og:image:type\" content=\"image\/jpeg\" \/>\n<meta name=\"author\" content=\"cfeditorfr\" \/>\n<meta name=\"twitter:card\" content=\"summary_large_image\" \/>\n<meta name=\"twitter:label1\" content=\"\u00c9crit par\" \/>\n\t<meta name=\"twitter:data1\" content=\"cfeditorfr\" \/>\n\t<meta name=\"twitter:label2\" content=\"Dur\u00e9e de lecture estim\u00e9e\" \/>\n\t<meta name=\"twitter:data2\" content=\"2 minutes\" \/>\n<script type=\"application\/ld+json\" class=\"yoast-schema-graph\">{\"@context\":\"https:\/\/schema.org\",\"@graph\":[{\"@type\":\"Article\",\"@id\":\"https:\/\/www.africa-press.net\/cotedivoire\/toutes-les-actualites\/adjame-une-brigade-de-surveillance-de-la-gare-ladji-abdoulaye-cisse-installee#article\",\"isPartOf\":{\"@id\":\"https:\/\/www.africa-press.net\/cotedivoire\/toutes-les-actualites\/adjame-une-brigade-de-surveillance-de-la-gare-ladji-abdoulaye-cisse-installee\"},\"author\":{\"name\":\"cfeditorfr\",\"@id\":\"https:\/\/www.africa-press.net\/cotedivoire\/#\/schema\/person\/2b1cf3cd81a31e3cd26889ca66d677f1\"},\"headline\":\"Adjam\u00e9, une brigade de surveillance de la gare \u00ab Ladji Abdoulaye Ciss\u00e9 \u00bb, install\u00e9e\",\"datePublished\":\"2023-03-18T18:18:34+00:00\",\"dateModified\":\"2023-03-18T19:10:50+00:00\",\"mainEntityOfPage\":{\"@id\":\"https:\/\/www.africa-press.net\/cotedivoire\/toutes-les-actualites\/adjame-une-brigade-de-surveillance-de-la-gare-ladji-abdoulaye-cisse-installee\"},\"wordCount\":387,\"commentCount\":0,\"image\":{\"@id\":\"https:\/\/www.africa-press.net\/cotedivoire\/toutes-les-actualites\/adjame-une-brigade-de-surveillance-de-la-gare-ladji-abdoulaye-cisse-installee#primaryimage\"},\"thumbnailUrl\":\"https:\/\/static.africa-press.net\/cote\/sites\/43\/2023\/03\/postQueueImg_1679150925.63.jpg\",\"keywords\":[\"Africa Press\",\"Africa Press-C\u00f4te d'Ivoire\",\"Brigade\",\"Coordination nationale des gares routi\u00e8res de C\u00f4te d\u2019Ivoire\",\"C\u00d4TE D'IVOIRE\",\"Gare Ladji\",\"SECURITE\"],\"articleSection\":[\"Communaut\u00e9\",\"Toutes les actualit\u00e9s\"],\"inLanguage\":\"fr-FR\",\"potentialAction\":[{\"@type\":\"CommentAction\",\"name\":\"Comment\",\"target\":[\"https:\/\/www.africa-press.net\/cotedivoire\/toutes-les-actualites\/adjame-une-brigade-de-surveillance-de-la-gare-ladji-abdoulaye-cisse-installee#respond\"]}]},{\"@type\":\"WebPage\",\"@id\":\"https:\/\/www.africa-press.net\/cotedivoire\/toutes-les-actualites\/adjame-une-brigade-de-surveillance-de-la-gare-ladji-abdoulaye-cisse-installee\",\"url\":\"https:\/\/www.africa-press.net\/cotedivoire\/toutes-les-actualites\/adjame-une-brigade-de-surveillance-de-la-gare-ladji-abdoulaye-cisse-installee\",\"name\":\"Adjam\u00e9, une brigade de surveillance de la gare \u00ab Ladji Abdoulaye Ciss\u00e9 \u00bb, install\u00e9e - C\u00f4te d&#039;Ivoire\",\"isPartOf\":{\"@id\":\"https:\/\/www.africa-press.net\/cotedivoire\/#website\"},\"primaryImageOfPage\":{\"@id\":\"https:\/\/www.africa-press.net\/cotedivoire\/toutes-les-actualites\/adjame-une-brigade-de-surveillance-de-la-gare-ladji-abdoulaye-cisse-installee#primaryimage\"},\"image\":{\"@id\":\"https:\/\/www.africa-press.net\/cotedivoire\/toutes-les-actualites\/adjame-une-brigade-de-surveillance-de-la-gare-ladji-abdoulaye-cisse-installee#primaryimage\"},\"thumbnailUrl\":\"https:\/\/static.africa-press.net\/cote\/sites\/43\/2023\/03\/postQueueImg_1679150925.63.jpg\",\"datePublished\":\"2023-03-18T18:18:34+00:00\",\"dateModified\":\"2023-03-18T19:10:50+00:00\",\"author\":{\"@id\":\"https:\/\/www.africa-press.net\/cotedivoire\/#\/schema\/person\/2b1cf3cd81a31e3cd26889ca66d677f1\"},\"description\":\"Une brigade de surveillance de la gare \u00ab Ladji Abdoulaye Cisse\u0301 \u00bb, dans la commune d\u2019Adjame\u0301 a e\u0301te\u0301 installe\u0301e. C\u2019est ...\",\"breadcrumb\":{\"@id\":\"https:\/\/www.africa-press.net\/cotedivoire\/toutes-les-actualites\/adjame-une-brigade-de-surveillance-de-la-gare-ladji-abdoulaye-cisse-installee#breadcrumb\"},\"inLanguage\":\"fr-FR\",\"potentialAction\":[{\"@type\":\"ReadAction\",\"target\":[\"https:\/\/www.africa-press.net\/cotedivoire\/toutes-les-actualites\/adjame-une-brigade-de-surveillance-de-la-gare-ladji-abdoulaye-cisse-installee\"]}]},{\"@type\":\"ImageObject\",\"inLanguage\":\"fr-FR\",\"@id\":\"https:\/\/www.africa-press.net\/cotedivoire\/toutes-les-actualites\/adjame-une-brigade-de-surveillance-de-la-gare-ladji-abdoulaye-cisse-installee#primaryimage\",\"url\":\"https:\/\/static.africa-press.net\/cote\/sites\/43\/2023\/03\/postQueueImg_1679150925.63.jpg\",\"contentUrl\":\"https:\/\/static.africa-press.net\/cote\/sites\/43\/2023\/03\/postQueueImg_1679150925.63.jpg\",\"width\":720,\"height\":522,\"caption\":\"Adjam\u00e9, une brigade de surveillance de la gare \u00ab Ladji Abdoulaye Ciss\u00e9 \u00bb, install\u00e9e\"},{\"@type\":\"BreadcrumbList\",\"@id\":\"https:\/\/www.africa-press.net\/cotedivoire\/toutes-les-actualites\/adjame-une-brigade-de-surveillance-de-la-gare-ladji-abdoulaye-cisse-installee#breadcrumb\",\"itemListElement\":[{\"@type\":\"ListItem\",\"position\":1,\"name\":\"Accueil\",\"item\":\"https:\/\/www.africa-press.net\/cotedivoire\/\"},{\"@type\":\"ListItem\",\"position\":2,\"name\":\"Adjam\u00e9, une brigade de surveillance de la gare \u00ab Ladji Abdoulaye Ciss\u00e9 \u00bb, install\u00e9e\"}]},{\"@type\":\"WebSite\",\"@id\":\"https:\/\/www.africa-press.net\/cotedivoire\/#website\",\"url\":\"https:\/\/www.africa-press.net\/cotedivoire\/\",\"name\":\"C\u00f4te d&#039;Ivoire\",\"description\":\"Just another Africa News Agency Sites site\",\"potentialAction\":[{\"@type\":\"SearchAction\",\"target\":{\"@type\":\"EntryPoint\",\"urlTemplate\":\"https:\/\/www.africa-press.net\/cotedivoire\/?s={search_term_string}\"},\"query-input\":{\"@type\":\"PropertyValueSpecification\",\"valueRequired\":true,\"valueName\":\"search_term_string\"}}],\"inLanguage\":\"fr-FR\"},{\"@type\":\"Person\",\"@id\":\"https:\/\/www.africa-press.net\/cotedivoire\/#\/schema\/person\/2b1cf3cd81a31e3cd26889ca66d677f1\",\"name\":\"cfeditorfr\"}]}<\/script>\n<!-- \/ Yoast SEO Premium plugin. -->","yoast_head_json":{"title":"Adjam\u00e9, une brigade de surveillance de la gare \u00ab Ladji Abdoulaye Ciss\u00e9 \u00bb, install\u00e9e - C\u00f4te d&#039;Ivoire","description":"Une brigade de surveillance de la gare \u00ab Ladji Abdoulaye Cisse\u0301 \u00bb, dans la commune d\u2019Adjame\u0301 a e\u0301te\u0301 installe\u0301e. C\u2019est ...","robots":{"index":"index","follow":"follow","max-snippet":"max-snippet:-1","max-image-preview":"max-image-preview:large","max-video-preview":"max-video-preview:-1"},"canonical":"https:\/\/www.africa-press.net\/cotedivoire\/toutes-les-actualites\/adjame-une-brigade-de-surveillance-de-la-gare-ladji-abdoulaye-cisse-installee","og_locale":"fr_FR","og_type":"article","og_title":"Adjam\u00e9, une brigade de surveillance de la gare \u00ab Ladji Abdoulaye Ciss\u00e9 \u00bb, install\u00e9e","og_description":"Une brigade de surveillance de la gare \u00ab Ladji Abdoulaye Cisse\u0301 \u00bb, dans la commune d\u2019Adjame\u0301 a e\u0301te\u0301 installe\u0301e. C\u2019est ...","og_url":"https:\/\/www.africa-press.net\/cotedivoire\/toutes-les-actualites\/adjame-une-brigade-de-surveillance-de-la-gare-ladji-abdoulaye-cisse-installee","og_site_name":"C\u00f4te d&#039;Ivoire","article_published_time":"2023-03-18T18:18:34+00:00","article_modified_time":"2023-03-18T19:10:50+00:00","og_image":[{"width":720,"height":522,"url":"https:\/\/static.africa-press.net\/cote\/sites\/43\/2023\/03\/postQueueImg_1679150925.63.jpg","type":"image\/jpeg"}],"author":"cfeditorfr","twitter_card":"summary_large_image","twitter_misc":{"\u00c9crit par":"cfeditorfr","Dur\u00e9e de lecture estim\u00e9e":"2 minutes"},"schema":{"@context":"https:\/\/schema.org","@graph":[{"@type":"Article","@id":"https:\/\/www.africa-press.net\/cotedivoire\/toutes-les-actualites\/adjame-une-brigade-de-surveillance-de-la-gare-ladji-abdoulaye-cisse-installee#article","isPartOf":{"@id":"https:\/\/www.africa-press.net\/cotedivoire\/toutes-les-actualites\/adjame-une-brigade-de-surveillance-de-la-gare-ladji-abdoulaye-cisse-installee"},"author":{"name":"cfeditorfr","@id":"https:\/\/www.africa-press.net\/cotedivoire\/#\/schema\/person\/2b1cf3cd81a31e3cd26889ca66d677f1"},"headline":"Adjam\u00e9, une brigade de surveillance de la gare \u00ab Ladji Abdoulaye Ciss\u00e9 \u00bb, install\u00e9e","datePublished":"2023-03-18T18:18:34+00:00","dateModified":"2023-03-18T19:10:50+00:00","mainEntityOfPage":{"@id":"https:\/\/www.africa-press.net\/cotedivoire\/toutes-les-actualites\/adjame-une-brigade-de-surveillance-de-la-gare-ladji-abdoulaye-cisse-installee"},"wordCount":387,"commentCount":0,"image":{"@id":"https:\/\/www.africa-press.net\/cotedivoire\/toutes-les-actualites\/adjame-une-brigade-de-surveillance-de-la-gare-ladji-abdoulaye-cisse-installee#primaryimage"},"thumbnailUrl":"https:\/\/static.africa-press.net\/cote\/sites\/43\/2023\/03\/postQueueImg_1679150925.63.jpg","keywords":["Africa Press","Africa Press-C\u00f4te d'Ivoire","Brigade","Coordination nationale des gares routi\u00e8res de C\u00f4te d\u2019Ivoire","C\u00d4TE D'IVOIRE","Gare Ladji","SECURITE"],"articleSection":["Communaut\u00e9","Toutes les actualit\u00e9s"],"inLanguage":"fr-FR","potentialAction":[{"@type":"CommentAction","name":"Comment","target":["https:\/\/www.africa-press.net\/cotedivoire\/toutes-les-actualites\/adjame-une-brigade-de-surveillance-de-la-gare-ladji-abdoulaye-cisse-installee#respond"]}]},{"@type":"WebPage","@id":"https:\/\/www.africa-press.net\/cotedivoire\/toutes-les-actualites\/adjame-une-brigade-de-surveillance-de-la-gare-ladji-abdoulaye-cisse-installee","url":"https:\/\/www.africa-press.net\/cotedivoire\/toutes-les-actualites\/adjame-une-brigade-de-surveillance-de-la-gare-ladji-abdoulaye-cisse-installee","name":"Adjam\u00e9, une brigade de surveillance de la gare \u00ab Ladji Abdoulaye Ciss\u00e9 \u00bb, install\u00e9e - C\u00f4te d&#039;Ivoire","isPartOf":{"@id":"https:\/\/www.africa-press.net\/cotedivoire\/#website"},"primaryImageOfPage":{"@id":"https:\/\/www.africa-press.net\/cotedivoire\/toutes-les-actualites\/adjame-une-brigade-de-surveillance-de-la-gare-ladji-abdoulaye-cisse-installee#primaryimage"},"image":{"@id":"https:\/\/www.africa-press.net\/cotedivoire\/toutes-les-actualites\/adjame-une-brigade-de-surveillance-de-la-gare-ladji-abdoulaye-cisse-installee#primaryimage"},"thumbnailUrl":"https:\/\/static.africa-press.net\/cote\/sites\/43\/2023\/03\/postQueueImg_1679150925.63.jpg","datePublished":"2023-03-18T18:18:34+00:00","dateModified":"2023-03-18T19:10:50+00:00","author":{"@id":"https:\/\/www.africa-press.net\/cotedivoire\/#\/schema\/person\/2b1cf3cd81a31e3cd26889ca66d677f1"},"description":"Une brigade de surveillance de la gare \u00ab Ladji Abdoulaye Cisse\u0301 \u00bb, dans la commune d\u2019Adjame\u0301 a e\u0301te\u0301 installe\u0301e. C\u2019est ...","breadcrumb":{"@id":"https:\/\/www.africa-press.net\/cotedivoire\/toutes-les-actualites\/adjame-une-brigade-de-surveillance-de-la-gare-ladji-abdoulaye-cisse-installee#breadcrumb"},"inLanguage":"fr-FR","potentialAction":[{"@type":"ReadAction","target":["https:\/\/www.africa-press.net\/cotedivoire\/toutes-les-actualites\/adjame-une-brigade-de-surveillance-de-la-gare-ladji-abdoulaye-cisse-installee"]}]},{"@type":"ImageObject","inLanguage":"fr-FR","@id":"https:\/\/www.africa-press.net\/cotedivoire\/toutes-les-actualites\/adjame-une-brigade-de-surveillance-de-la-gare-ladji-abdoulaye-cisse-installee#primaryimage","url":"https:\/\/static.africa-press.net\/cote\/sites\/43\/2023\/03\/postQueueImg_1679150925.63.jpg","contentUrl":"https:\/\/static.africa-press.net\/cote\/sites\/43\/2023\/03\/postQueueImg_1679150925.63.jpg","width":720,"height":522,"caption":"Adjam\u00e9, une brigade de surveillance de la gare \u00ab Ladji Abdoulaye Ciss\u00e9 \u00bb, install\u00e9e"},{"@type":"BreadcrumbList","@id":"https:\/\/www.africa-press.net\/cotedivoire\/toutes-les-actualites\/adjame-une-brigade-de-surveillance-de-la-gare-ladji-abdoulaye-cisse-installee#breadcrumb","itemListElement":[{"@type":"ListItem","position":1,"name":"Accueil","item":"https:\/\/www.africa-press.net\/cotedivoire\/"},{"@type":"ListItem","position":2,"name":"Adjam\u00e9, une brigade de surveillance de la gare \u00ab Ladji Abdoulaye Ciss\u00e9 \u00bb, install\u00e9e"}]},{"@type":"WebSite","@id":"https:\/\/www.africa-press.net\/cotedivoire\/#website","url":"https:\/\/www.africa-press.net\/cotedivoire\/","name":"C\u00f4te d&#039;Ivoire","description":"Just another Africa News Agency Sites site","potentialAction":[{"@type":"SearchAction","target":{"@type":"EntryPoint","urlTemplate":"https:\/\/www.africa-press.net\/cotedivoire\/?s={search_term_string}"},"query-input":{"@type":"PropertyValueSpecification","valueRequired":true,"valueName":"search_term_string"}}],"inLanguage":"fr-FR"},{"@type":"Person","@id":"https:\/\/www.africa-press.net\/cotedivoire\/#\/schema\/person\/2b1cf3cd81a31e3cd26889ca66d677f1","name":"cfeditorfr"}]}},"_links":{"self":[{"href":"https:\/\/www.africa-press.net\/cotedivoire\/wp-json\/wp\/v2\/posts\/55115","targetHints":{"allow":["GET"]}}],"collection":[{"href":"https:\/\/www.africa-press.net\/cotedivoire\/wp-json\/wp\/v2\/posts"}],"about":[{"href":"https:\/\/www.africa-press.net\/cotedivoire\/wp-json\/wp\/v2\/types\/post"}],"author":[{"embeddable":true,"href":"https:\/\/www.africa-press.net\/cotedivoire\/wp-json\/wp\/v2\/users\/82"}],"replies":[{"embeddable":true,"href":"https:\/\/www.africa-press.net\/cotedivoire\/wp-json\/wp\/v2\/comments?post=55115"}],"version-history":[{"count":0,"href":"https:\/\/www.africa-press.net\/cotedivoire\/wp-json\/wp\/v2\/posts\/55115\/revisions"}],"wp:featuredmedia":[{"embeddable":true,"href":"https:\/\/www.africa-press.net\/cotedivoire\/wp-json\/wp\/v2\/media\/55114"}],"wp:attachment":[{"href":"https:\/\/www.africa-press.net\/cotedivoire\/wp-json\/wp\/v2\/media?parent=55115"}],"wp:term":[{"taxonomy":"category","embeddable":true,"href":"https:\/\/www.africa-press.net\/cotedivoire\/wp-json\/wp\/v2\/categories?post=55115"},{"taxonomy":"post_tag","embeddable":true,"href":"https:\/\/www.africa-press.net\/cotedivoire\/wp-json\/wp\/v2\/tags?post=55115"}],"curies":[{"name":"wp","href":"https:\/\/api.w.org\/{rel}","templated":true}]}}