{"id":55210,"date":"2023-03-20T17:10:51","date_gmt":"2023-03-20T17:10:51","guid":{"rendered":"https:\/\/www.africa-press.net\/cotedivoire\/politique\/damana-pickass-regagne-son-domicile-apres-son-audition-devant-un-juge-dinstruction"},"modified":"2023-03-20T18:03:53","modified_gmt":"2023-03-20T18:03:53","slug":"damana-pickass-regagne-son-domicile-apres-son-audition-devant-un-juge-dinstruction","status":"publish","type":"post","link":"https:\/\/www.africa-press.net\/cotedivoire\/politique\/damana-pickass-regagne-son-domicile-apres-son-audition-devant-un-juge-dinstruction","title":{"rendered":"Damana Pickass regagne son domicile apr\u00e8s son audition devant un juge d&rsquo;instruction"},"content":{"rendered":"<p><span style=\"color: #ff6600\"><strong>Africa-Press &#8211; C\u00f4te d&rsquo;Ivoire. <\/strong><\/span>Le Secre\u0301taire Ge\u0301ne\u0301ral du Parti Des Peuples Africains de Co\u0302te d\u2019Ivoire (PPA-CI), Damana Adia Pickass a e\u0301te\u0301 a\u0300 nouveau entendu ce lundi 20 mars 2023 par un juge d\u2019instruction.<\/p>\n<p>Le motif de sa nouvelle convocation n\u2019a pas e\u0301te\u0301 re\u0301ve\u0301le\u0301. Mais nous apprenons que le proche de Laurent Gbagbo a regagne\u0301 librement son domicile apre\u0300s son audition.<\/p>\n<p>Dans la nuit du 20 au 21 avril 2021, aux environs d\u2019une heure du matin, le camp militaire du deuxie\u0300me bataillon projetable, situe\u0301 a\u0300 Anonkoua, dans la commune d\u2019Abobo, essuyait les tirs nourris de plusieurs assaillants lourdement arme\u0301s.<\/p>\n<p>Au triste bilan de cette attaque, il a e\u0301te\u0301 de\u0301nombre\u0301 trois de\u0301ce\u0300s et un blesse\u0301 par balles. L\u2019enque\u0302te, aussito\u0302t ouverte, aboutissait a\u0300 l\u2019interpellation de trente-trois (33) personnes, toutes inculpe\u0301es et place\u0301es en de\u0301tention pre\u0301ventive.<\/p>\n<p>Des interrogatoires et auditions de ces personnes, il ressort que cette attaque e\u0301tait le fruit d\u2019une conspiration entre combattants ivoiriens et libe\u0301riens. Les e\u0301le\u0301ments de l\u2019enque\u0302te laissant croire a\u0300 l\u2019implication des sieurs Damana Pickass et Ikpo Lagui dans les faits poursuivis, ces derniers ont e\u0301te\u0301 convoque\u0301s par le Magistrat instructeur pour e\u0302tre entendus.<\/p>\n<p>En de\u0301pit de l\u2019extre\u0302me gravite\u0301 de ces faits, ils ont e\u0301te\u0301 inculpe\u0301s, ce vendredi 24 fe\u0301vrier 2023, place\u0301s sous contro\u0302le judiciaire et laisse\u0301s en liberte\u0301 provisoire.<\/p>\n<p>Enfin, et comme annonce\u0301 de matin, la convocation du jour, la deuxie\u0300me pour les deux membres du PPA-CI, s&rsquo;est de\u0301roule\u0301e dans le calme, loin des agitations de la premie\u0300re, apre\u0300s un appel a\u0300 mobilisation qui avait e\u0301te\u0301 lance\u0301 par le parti. Il s&rsquo;e\u0301tait solde\u0301 par l&rsquo;arrestation et la condamnation d&rsquo;une vingtaine d&rsquo;individu qui avait tente\u0301 de forcer le dispositif de se\u0301curite\u0301 pour envahir le palais de justice.<\/p>\n<p><strong>Pour plus d&rsquo;informations et d&rsquo;analyses sur la <a href=\"https:\/\/www.africa-press.net\/cotedivoire\">C\u00f4te d&rsquo;Ivoire<\/a>, suivez <a href=\"https:\/\/www.africa-press.net\/\">Africa-Press<\/a><\/strong><\/p>\n","protected":false},"excerpt":{"rendered":"<p>Africa-Press &#8211; C\u00f4te d&rsquo;Ivoire. Le Secre\u0301taire Ge\u0301ne\u0301ral du Parti Des Peuples Africains de Co\u0302te d\u2019Ivoire (PPA-CI), Damana Adia Pickass a e\u0301te\u0301 a\u0300 nouveau entendu ce lundi 20 mars 2023 par un juge d\u2019instruction. Le motif de sa nouvelle convocation n\u2019a pas e\u0301te\u0301 re\u0301ve\u0301le\u0301. Mais nous apprenons que le proche de Laurent Gbagbo a regagne\u0301 librement [&hellip;]<\/p>\n","protected":false},"author":82,"featured_media":55208,"comment_status":"open","ping_status":"closed","sticky":false,"template":"","format":"standard","meta":{"footnotes":""},"categories":[2,10],"tags":[787,56,63,1986,29,1081,9201,2210,1952],"class_list":["post-55210","post","type-post","status-publish","format-standard","has-post-thumbnail","hentry","category-politique","category-toutes-les-actualites","tag-abobo","tag-africa-press","tag-africa-press-cote-divoire","tag-attaque","tag-cote-divoire","tag-damana-pickass","tag-ikpo-lagui","tag-juge","tag-ppa-ci"],"yoast_head":"<!-- This site is optimized with the Yoast SEO Premium plugin v26.1 (Yoast SEO v27.0) - https:\/\/yoast.com\/product\/yoast-seo-premium-wordpress\/ -->\n<title>Damana Pickass regagne son domicile apr\u00e8s son audition devant un juge d&#039;instruction - C\u00f4te d&#039;Ivoire<\/title>\n<meta name=\"description\" content=\"Le Secre\u0301taire Ge\u0301ne\u0301ral du Parti Des Peuples Africains de Co\u0302te d\u2019Ivoire (PPA-CI), Damana Adia Pickass a e\u0301te\u0301 a\u0300 nouve ...\" \/>\n<meta name=\"robots\" content=\"index, follow, max-snippet:-1, max-image-preview:large, max-video-preview:-1\" \/>\n<link rel=\"canonical\" href=\"https:\/\/www.africa-press.net\/cotedivoire\/politique\/damana-pickass-regagne-son-domicile-apres-son-audition-devant-un-juge-dinstruction\" \/>\n<meta property=\"og:locale\" content=\"fr_FR\" \/>\n<meta property=\"og:type\" content=\"article\" \/>\n<meta property=\"og:title\" content=\"Damana Pickass regagne son domicile apr\u00e8s son audition devant un juge d&#039;instruction\" \/>\n<meta property=\"og:description\" content=\"Le Secre\u0301taire Ge\u0301ne\u0301ral du Parti Des Peuples Africains de Co\u0302te d\u2019Ivoire (PPA-CI), Damana Adia Pickass a e\u0301te\u0301 a\u0300 nouve ...\" \/>\n<meta property=\"og:url\" content=\"https:\/\/www.africa-press.net\/cotedivoire\/politique\/damana-pickass-regagne-son-domicile-apres-son-audition-devant-un-juge-dinstruction\" \/>\n<meta property=\"og:site_name\" content=\"C\u00f4te d&#039;Ivoire\" \/>\n<meta property=\"article:published_time\" content=\"2023-03-20T17:10:51+00:00\" \/>\n<meta property=\"article:modified_time\" content=\"2023-03-20T18:03:53+00:00\" \/>\n<meta property=\"og:image\" content=\"https:\/\/static.africa-press.net\/cote\/sites\/43\/2023\/03\/postQueueImg_1679319657.53.jpg\" \/>\n\t<meta property=\"og:image:width\" content=\"720\" \/>\n\t<meta property=\"og:image:height\" content=\"472\" \/>\n\t<meta property=\"og:image:type\" content=\"image\/jpeg\" \/>\n<meta name=\"author\" content=\"cfeditorfr\" \/>\n<meta name=\"twitter:card\" content=\"summary_large_image\" \/>\n<meta name=\"twitter:label1\" content=\"\u00c9crit par\" \/>\n\t<meta name=\"twitter:data1\" content=\"cfeditorfr\" \/>\n\t<meta name=\"twitter:label2\" content=\"Dur\u00e9e de lecture estim\u00e9e\" \/>\n\t<meta name=\"twitter:data2\" content=\"2 minutes\" \/>\n<script type=\"application\/ld+json\" class=\"yoast-schema-graph\">{\"@context\":\"https:\/\/schema.org\",\"@graph\":[{\"@type\":\"Article\",\"@id\":\"https:\/\/www.africa-press.net\/cotedivoire\/politique\/damana-pickass-regagne-son-domicile-apres-son-audition-devant-un-juge-dinstruction#article\",\"isPartOf\":{\"@id\":\"https:\/\/www.africa-press.net\/cotedivoire\/politique\/damana-pickass-regagne-son-domicile-apres-son-audition-devant-un-juge-dinstruction\"},\"author\":{\"name\":\"cfeditorfr\",\"@id\":\"https:\/\/www.africa-press.net\/cotedivoire\/#\/schema\/person\/2b1cf3cd81a31e3cd26889ca66d677f1\"},\"headline\":\"Damana Pickass regagne son domicile apr\u00e8s son audition devant un juge d&rsquo;instruction\",\"datePublished\":\"2023-03-20T17:10:51+00:00\",\"dateModified\":\"2023-03-20T18:03:53+00:00\",\"mainEntityOfPage\":{\"@id\":\"https:\/\/www.africa-press.net\/cotedivoire\/politique\/damana-pickass-regagne-son-domicile-apres-son-audition-devant-un-juge-dinstruction\"},\"wordCount\":362,\"commentCount\":0,\"image\":{\"@id\":\"https:\/\/www.africa-press.net\/cotedivoire\/politique\/damana-pickass-regagne-son-domicile-apres-son-audition-devant-un-juge-dinstruction#primaryimage\"},\"thumbnailUrl\":\"https:\/\/static.africa-press.net\/cote\/sites\/43\/2023\/03\/postQueueImg_1679319657.53.jpg\",\"keywords\":[\"Abobo\",\"Africa Press\",\"Africa Press-C\u00f4te d'Ivoire\",\"attaque\",\"C\u00d4TE D'IVOIRE\",\"Damana Pickass\",\"IKPO LAGUI\",\"Juge\",\"PPA-CI\"],\"articleSection\":[\"Politique\",\"Toutes les actualit\u00e9s\"],\"inLanguage\":\"fr-FR\",\"potentialAction\":[{\"@type\":\"CommentAction\",\"name\":\"Comment\",\"target\":[\"https:\/\/www.africa-press.net\/cotedivoire\/politique\/damana-pickass-regagne-son-domicile-apres-son-audition-devant-un-juge-dinstruction#respond\"]}]},{\"@type\":\"WebPage\",\"@id\":\"https:\/\/www.africa-press.net\/cotedivoire\/politique\/damana-pickass-regagne-son-domicile-apres-son-audition-devant-un-juge-dinstruction\",\"url\":\"https:\/\/www.africa-press.net\/cotedivoire\/politique\/damana-pickass-regagne-son-domicile-apres-son-audition-devant-un-juge-dinstruction\",\"name\":\"Damana Pickass regagne son domicile apr\u00e8s son audition devant un juge d'instruction - C\u00f4te d&#039;Ivoire\",\"isPartOf\":{\"@id\":\"https:\/\/www.africa-press.net\/cotedivoire\/#website\"},\"primaryImageOfPage\":{\"@id\":\"https:\/\/www.africa-press.net\/cotedivoire\/politique\/damana-pickass-regagne-son-domicile-apres-son-audition-devant-un-juge-dinstruction#primaryimage\"},\"image\":{\"@id\":\"https:\/\/www.africa-press.net\/cotedivoire\/politique\/damana-pickass-regagne-son-domicile-apres-son-audition-devant-un-juge-dinstruction#primaryimage\"},\"thumbnailUrl\":\"https:\/\/static.africa-press.net\/cote\/sites\/43\/2023\/03\/postQueueImg_1679319657.53.jpg\",\"datePublished\":\"2023-03-20T17:10:51+00:00\",\"dateModified\":\"2023-03-20T18:03:53+00:00\",\"author\":{\"@id\":\"https:\/\/www.africa-press.net\/cotedivoire\/#\/schema\/person\/2b1cf3cd81a31e3cd26889ca66d677f1\"},\"description\":\"Le Secre\u0301taire Ge\u0301ne\u0301ral du Parti Des Peuples Africains de Co\u0302te d\u2019Ivoire (PPA-CI), Damana Adia Pickass a e\u0301te\u0301 a\u0300 nouve ...\",\"breadcrumb\":{\"@id\":\"https:\/\/www.africa-press.net\/cotedivoire\/politique\/damana-pickass-regagne-son-domicile-apres-son-audition-devant-un-juge-dinstruction#breadcrumb\"},\"inLanguage\":\"fr-FR\",\"potentialAction\":[{\"@type\":\"ReadAction\",\"target\":[\"https:\/\/www.africa-press.net\/cotedivoire\/politique\/damana-pickass-regagne-son-domicile-apres-son-audition-devant-un-juge-dinstruction\"]}]},{\"@type\":\"ImageObject\",\"inLanguage\":\"fr-FR\",\"@id\":\"https:\/\/www.africa-press.net\/cotedivoire\/politique\/damana-pickass-regagne-son-domicile-apres-son-audition-devant-un-juge-dinstruction#primaryimage\",\"url\":\"https:\/\/static.africa-press.net\/cote\/sites\/43\/2023\/03\/postQueueImg_1679319657.53.jpg\",\"contentUrl\":\"https:\/\/static.africa-press.net\/cote\/sites\/43\/2023\/03\/postQueueImg_1679319657.53.jpg\",\"width\":720,\"height\":472,\"caption\":\"Damana Pickass regagne son domicile apr\u00e8s son audition devant un juge d'instruction\"},{\"@type\":\"BreadcrumbList\",\"@id\":\"https:\/\/www.africa-press.net\/cotedivoire\/politique\/damana-pickass-regagne-son-domicile-apres-son-audition-devant-un-juge-dinstruction#breadcrumb\",\"itemListElement\":[{\"@type\":\"ListItem\",\"position\":1,\"name\":\"Accueil\",\"item\":\"https:\/\/www.africa-press.net\/cotedivoire\/\"},{\"@type\":\"ListItem\",\"position\":2,\"name\":\"Damana Pickass regagne son domicile apr\u00e8s son audition devant un juge d&#8217;instruction\"}]},{\"@type\":\"WebSite\",\"@id\":\"https:\/\/www.africa-press.net\/cotedivoire\/#website\",\"url\":\"https:\/\/www.africa-press.net\/cotedivoire\/\",\"name\":\"C\u00f4te d&#039;Ivoire\",\"description\":\"Just another Africa News Agency Sites site\",\"potentialAction\":[{\"@type\":\"SearchAction\",\"target\":{\"@type\":\"EntryPoint\",\"urlTemplate\":\"https:\/\/www.africa-press.net\/cotedivoire\/?s={search_term_string}\"},\"query-input\":{\"@type\":\"PropertyValueSpecification\",\"valueRequired\":true,\"valueName\":\"search_term_string\"}}],\"inLanguage\":\"fr-FR\"},{\"@type\":\"Person\",\"@id\":\"https:\/\/www.africa-press.net\/cotedivoire\/#\/schema\/person\/2b1cf3cd81a31e3cd26889ca66d677f1\",\"name\":\"cfeditorfr\"}]}<\/script>\n<!-- \/ Yoast SEO Premium plugin. -->","yoast_head_json":{"title":"Damana Pickass regagne son domicile apr\u00e8s son audition devant un juge d'instruction - C\u00f4te d&#039;Ivoire","description":"Le Secre\u0301taire Ge\u0301ne\u0301ral du Parti Des Peuples Africains de Co\u0302te d\u2019Ivoire (PPA-CI), Damana Adia Pickass a e\u0301te\u0301 a\u0300 nouve ...","robots":{"index":"index","follow":"follow","max-snippet":"max-snippet:-1","max-image-preview":"max-image-preview:large","max-video-preview":"max-video-preview:-1"},"canonical":"https:\/\/www.africa-press.net\/cotedivoire\/politique\/damana-pickass-regagne-son-domicile-apres-son-audition-devant-un-juge-dinstruction","og_locale":"fr_FR","og_type":"article","og_title":"Damana Pickass regagne son domicile apr\u00e8s son audition devant un juge d'instruction","og_description":"Le Secre\u0301taire Ge\u0301ne\u0301ral du Parti Des Peuples Africains de Co\u0302te d\u2019Ivoire (PPA-CI), Damana Adia Pickass a e\u0301te\u0301 a\u0300 nouve ...","og_url":"https:\/\/www.africa-press.net\/cotedivoire\/politique\/damana-pickass-regagne-son-domicile-apres-son-audition-devant-un-juge-dinstruction","og_site_name":"C\u00f4te d&#039;Ivoire","article_published_time":"2023-03-20T17:10:51+00:00","article_modified_time":"2023-03-20T18:03:53+00:00","og_image":[{"width":720,"height":472,"url":"https:\/\/static.africa-press.net\/cote\/sites\/43\/2023\/03\/postQueueImg_1679319657.53.jpg","type":"image\/jpeg"}],"author":"cfeditorfr","twitter_card":"summary_large_image","twitter_misc":{"\u00c9crit par":"cfeditorfr","Dur\u00e9e de lecture estim\u00e9e":"2 minutes"},"schema":{"@context":"https:\/\/schema.org","@graph":[{"@type":"Article","@id":"https:\/\/www.africa-press.net\/cotedivoire\/politique\/damana-pickass-regagne-son-domicile-apres-son-audition-devant-un-juge-dinstruction#article","isPartOf":{"@id":"https:\/\/www.africa-press.net\/cotedivoire\/politique\/damana-pickass-regagne-son-domicile-apres-son-audition-devant-un-juge-dinstruction"},"author":{"name":"cfeditorfr","@id":"https:\/\/www.africa-press.net\/cotedivoire\/#\/schema\/person\/2b1cf3cd81a31e3cd26889ca66d677f1"},"headline":"Damana Pickass regagne son domicile apr\u00e8s son audition devant un juge d&rsquo;instruction","datePublished":"2023-03-20T17:10:51+00:00","dateModified":"2023-03-20T18:03:53+00:00","mainEntityOfPage":{"@id":"https:\/\/www.africa-press.net\/cotedivoire\/politique\/damana-pickass-regagne-son-domicile-apres-son-audition-devant-un-juge-dinstruction"},"wordCount":362,"commentCount":0,"image":{"@id":"https:\/\/www.africa-press.net\/cotedivoire\/politique\/damana-pickass-regagne-son-domicile-apres-son-audition-devant-un-juge-dinstruction#primaryimage"},"thumbnailUrl":"https:\/\/static.africa-press.net\/cote\/sites\/43\/2023\/03\/postQueueImg_1679319657.53.jpg","keywords":["Abobo","Africa Press","Africa Press-C\u00f4te d'Ivoire","attaque","C\u00d4TE D'IVOIRE","Damana Pickass","IKPO LAGUI","Juge","PPA-CI"],"articleSection":["Politique","Toutes les actualit\u00e9s"],"inLanguage":"fr-FR","potentialAction":[{"@type":"CommentAction","name":"Comment","target":["https:\/\/www.africa-press.net\/cotedivoire\/politique\/damana-pickass-regagne-son-domicile-apres-son-audition-devant-un-juge-dinstruction#respond"]}]},{"@type":"WebPage","@id":"https:\/\/www.africa-press.net\/cotedivoire\/politique\/damana-pickass-regagne-son-domicile-apres-son-audition-devant-un-juge-dinstruction","url":"https:\/\/www.africa-press.net\/cotedivoire\/politique\/damana-pickass-regagne-son-domicile-apres-son-audition-devant-un-juge-dinstruction","name":"Damana Pickass regagne son domicile apr\u00e8s son audition devant un juge d'instruction - C\u00f4te d&#039;Ivoire","isPartOf":{"@id":"https:\/\/www.africa-press.net\/cotedivoire\/#website"},"primaryImageOfPage":{"@id":"https:\/\/www.africa-press.net\/cotedivoire\/politique\/damana-pickass-regagne-son-domicile-apres-son-audition-devant-un-juge-dinstruction#primaryimage"},"image":{"@id":"https:\/\/www.africa-press.net\/cotedivoire\/politique\/damana-pickass-regagne-son-domicile-apres-son-audition-devant-un-juge-dinstruction#primaryimage"},"thumbnailUrl":"https:\/\/static.africa-press.net\/cote\/sites\/43\/2023\/03\/postQueueImg_1679319657.53.jpg","datePublished":"2023-03-20T17:10:51+00:00","dateModified":"2023-03-20T18:03:53+00:00","author":{"@id":"https:\/\/www.africa-press.net\/cotedivoire\/#\/schema\/person\/2b1cf3cd81a31e3cd26889ca66d677f1"},"description":"Le Secre\u0301taire Ge\u0301ne\u0301ral du Parti Des Peuples Africains de Co\u0302te d\u2019Ivoire (PPA-CI), Damana Adia Pickass a e\u0301te\u0301 a\u0300 nouve ...","breadcrumb":{"@id":"https:\/\/www.africa-press.net\/cotedivoire\/politique\/damana-pickass-regagne-son-domicile-apres-son-audition-devant-un-juge-dinstruction#breadcrumb"},"inLanguage":"fr-FR","potentialAction":[{"@type":"ReadAction","target":["https:\/\/www.africa-press.net\/cotedivoire\/politique\/damana-pickass-regagne-son-domicile-apres-son-audition-devant-un-juge-dinstruction"]}]},{"@type":"ImageObject","inLanguage":"fr-FR","@id":"https:\/\/www.africa-press.net\/cotedivoire\/politique\/damana-pickass-regagne-son-domicile-apres-son-audition-devant-un-juge-dinstruction#primaryimage","url":"https:\/\/static.africa-press.net\/cote\/sites\/43\/2023\/03\/postQueueImg_1679319657.53.jpg","contentUrl":"https:\/\/static.africa-press.net\/cote\/sites\/43\/2023\/03\/postQueueImg_1679319657.53.jpg","width":720,"height":472,"caption":"Damana Pickass regagne son domicile apr\u00e8s son audition devant un juge d'instruction"},{"@type":"BreadcrumbList","@id":"https:\/\/www.africa-press.net\/cotedivoire\/politique\/damana-pickass-regagne-son-domicile-apres-son-audition-devant-un-juge-dinstruction#breadcrumb","itemListElement":[{"@type":"ListItem","position":1,"name":"Accueil","item":"https:\/\/www.africa-press.net\/cotedivoire\/"},{"@type":"ListItem","position":2,"name":"Damana Pickass regagne son domicile apr\u00e8s son audition devant un juge d&#8217;instruction"}]},{"@type":"WebSite","@id":"https:\/\/www.africa-press.net\/cotedivoire\/#website","url":"https:\/\/www.africa-press.net\/cotedivoire\/","name":"C\u00f4te d&#039;Ivoire","description":"Just another Africa News Agency Sites site","potentialAction":[{"@type":"SearchAction","target":{"@type":"EntryPoint","urlTemplate":"https:\/\/www.africa-press.net\/cotedivoire\/?s={search_term_string}"},"query-input":{"@type":"PropertyValueSpecification","valueRequired":true,"valueName":"search_term_string"}}],"inLanguage":"fr-FR"},{"@type":"Person","@id":"https:\/\/www.africa-press.net\/cotedivoire\/#\/schema\/person\/2b1cf3cd81a31e3cd26889ca66d677f1","name":"cfeditorfr"}]}},"_links":{"self":[{"href":"https:\/\/www.africa-press.net\/cotedivoire\/wp-json\/wp\/v2\/posts\/55210","targetHints":{"allow":["GET"]}}],"collection":[{"href":"https:\/\/www.africa-press.net\/cotedivoire\/wp-json\/wp\/v2\/posts"}],"about":[{"href":"https:\/\/www.africa-press.net\/cotedivoire\/wp-json\/wp\/v2\/types\/post"}],"author":[{"embeddable":true,"href":"https:\/\/www.africa-press.net\/cotedivoire\/wp-json\/wp\/v2\/users\/82"}],"replies":[{"embeddable":true,"href":"https:\/\/www.africa-press.net\/cotedivoire\/wp-json\/wp\/v2\/comments?post=55210"}],"version-history":[{"count":0,"href":"https:\/\/www.africa-press.net\/cotedivoire\/wp-json\/wp\/v2\/posts\/55210\/revisions"}],"wp:featuredmedia":[{"embeddable":true,"href":"https:\/\/www.africa-press.net\/cotedivoire\/wp-json\/wp\/v2\/media\/55208"}],"wp:attachment":[{"href":"https:\/\/www.africa-press.net\/cotedivoire\/wp-json\/wp\/v2\/media?parent=55210"}],"wp:term":[{"taxonomy":"category","embeddable":true,"href":"https:\/\/www.africa-press.net\/cotedivoire\/wp-json\/wp\/v2\/categories?post=55210"},{"taxonomy":"post_tag","embeddable":true,"href":"https:\/\/www.africa-press.net\/cotedivoire\/wp-json\/wp\/v2\/tags?post=55210"}],"curies":[{"name":"wp","href":"https:\/\/api.w.org\/{rel}","templated":true}]}}