{"id":55288,"date":"2023-03-22T18:07:36","date_gmt":"2023-03-22T18:07:36","guid":{"rendered":"https:\/\/www.africa-press.net\/cotedivoire\/politique\/commemoration-des-62-ans-de-lige-linstitution-souvre-au-grand-public-a-travers-des-exposes-et-panels-eclates"},"modified":"2023-03-22T18:56:32","modified_gmt":"2023-03-22T18:56:32","slug":"commemoration-des-62-ans-de-lige-linstitution-souvre-au-grand-public-a-travers-des-exposes-et-panels-eclates","status":"publish","type":"post","link":"https:\/\/www.africa-press.net\/cotedivoire\/toutes-les-actualites\/commemoration-des-62-ans-de-lige-linstitution-souvre-au-grand-public-a-travers-des-exposes-et-panels-eclates","title":{"rendered":"Comm\u00e9moration des 62 ans de l&rsquo;IGE, l&rsquo;Institution s&rsquo;ouvre au grand public \u00e0 travers des expos\u00e9s et panels \u00e9clat\u00e9s"},"content":{"rendered":"<p><span style=\"color: #ff6600\"><strong>Africa-Press &#8211; C\u00f4te d&rsquo;Ivoire. <\/strong><\/span>Jeannot Ahoussou-Kouadio, Pre\u0301sident du Se\u0301nat, repre\u0301sentant le chef de l&rsquo;Etat Alassane Ouattara a donne\u0301 aujourd&rsquo;hui a\u0300 Abidjan, le top de\u0301part des activite\u0301s marquant la comme\u0301moration des 62 ans d\u2019existence post-inde\u0301pendance de l&rsquo;Inspection ge\u0301ne\u0301rale d&rsquo;E\u0301tat en pre\u0301sence de plusieurs pre\u0301sidents d&rsquo;institutions ou leurs repre\u0301sentants.<\/p>\n<p>Il a salue\u0301 l&rsquo;initiative de l\u2019Inspecteur ge\u0301ne\u0301ral d&rsquo;Etat de marquer un temps d&rsquo;arre\u0302t pour appre\u0301cier le chemin parcouru, regarder et tutoyer le passe\u0301 avec franchise, tirer les lec\u0327ons et les enseignements re\u0301sultants des activite\u0301s mene\u0301e pour mieux vous projeter dans le futur.<\/p>\n<p>Le Pre\u0301sident du Se\u0301nat s&rsquo;est dit heureux du fait que l&rsquo;IGE ait de\u0301cide\u0301, a\u0300 travers cette comme\u0301moration, d\u2019ouvrir ses portes et se rapprocher des usagers, le temps de la ce\u0301re\u0301monie.<\/p>\n<p>\u00ab Une telle initiative est salutaire, car elle contribuera, sans aucun doute, a\u0300 une meilleure connaissance de l&rsquo;IGE et a\u0300 sa promotion en tant qu&rsquo;organe supe\u0301rieur de contro\u0302le de l&rsquo;ordre administratif \u00bb, a-t-il insiste\u0301.<\/p>\n<p>Il s&rsquo;agit de la ce\u0301le\u0301bration des 62 ans d&rsquo;existence post-inde\u0301pendance de l&rsquo;Inspection ge\u0301ne\u0301rale de l&rsquo;E\u0301tat, un outil du Pre\u0301sident de la Re\u0301publique pour veiller au contro\u0302le du bon fonctionnement des services publics, parapublics, ainsi que les EPN et les socie\u0301te\u0301s d&rsquo;Etat.<\/p>\n<p>Jeannot Ahoussou-Kouadio a rappele\u0301 que l&rsquo;Inspection ge\u0301ne\u0301rale de l&rsquo;Etat \u0153uvre a\u0300 s\u2019assurer de la bonne utilisation des deniers publics en vue de lutter plus efficacement contre la fraude, la corruption, la mauvaise gestion et la pre\u0301carisation des ressources publiques.<\/p>\n<p>Il a salue\u0301, Ahoua N&rsquo;doli The\u0301ophile pour le travail abattu a\u0300 la te\u0302te de l&rsquo;Institution et a affirme\u0301 que les re\u0301sultats obtenus, les constats ainsi que les judicieuses recommandations sont autant d&rsquo;e\u0301le\u0301ments de nature a\u0300 aider le Pre\u0301sident de la Re\u0301publique a\u0300 prendre les de\u0301cisions concernant les structures inspecte\u0301es ou audite\u0301es.<\/p>\n<p>\u00ab Je tiens une fois de plus, au nom du chef de l&rsquo;Etat a\u0300 vous encourager vous-me\u0302mes, l&rsquo;Inspecteur ge\u0301ne\u0301ral d&rsquo;Etat et vos collaborateurs. A travers, vous, je tiens a\u0300 fe\u0301liciter tous les acteurs du contro\u0302le administratif, notamment l&rsquo;Inspection ge\u0301ne\u0301rale des finances et l&rsquo;Inspection ge\u0301ne\u0301rale des ministe\u0300res. Les difficulte\u0301s que vous rencontrez dans le cadre de l&rsquo;exercice de vos fonctions ont e\u0301te\u0301 porte\u0301es a\u0300 la tre\u0300s haute connaissance du Pre\u0301sident de la Re\u0301publique. Soyez rassure\u0301s que dans la mesure des possibilite\u0301s offertes, il s&rsquo;atte\u0300lera a\u0300 y apporter des solutions idoines \u00bba mentionne\u0301, le Pre\u0301sident du Se\u0301nat.<\/p>\n<p>Il a enfin encourage\u0301, l&rsquo;Inspection ge\u0301ne\u0301rale d\u2019Etat a\u0300 maintenir la collaboration avec les autres structures de contro\u0302le administratif, notamment l&rsquo;Inspection ge\u0301ne\u0301rale de nos ministe\u0300res, la Haute autorite\u0301 pour la bonne gouvernance, la Cour des comptes et le ministe\u0300re de la Promotion de la bonne gouvernance, de lutte contre la corruption.<\/p>\n<p>\u00ab Je voudrais, au nom du chef de l&rsquo;Etat saluer tre\u0300s since\u0300rement la signature de la convention entre l&rsquo;IGE et la Haute autorite\u0301 pour la bonne gouvernance et celle a\u0300 venir entre l&rsquo;IGE et le ministe\u0300re charge\u0301 de la bonne gouvernance \u00bb, a conclu, le Pre\u0301sident du Se\u0301nat.<\/p>\n<p>Cette ce\u0301re\u0301monie est la premie\u0300re ce\u0301le\u0301bration du genre que l\u2019Inspection Ge\u0301ne\u0301rale d\u2019Etat de Co\u0302te d\u2019Ivoire organise depuis sa cre\u0301ation, alors qu&rsquo;elle est l\u2019he\u0301ritie\u0300re d\u2019un long et ancien processus de formalisation du syste\u0300me de contro\u0302le qui tire ses origines de la colonisation.<\/p>\n<p>\u00ab En effet, l\u2019Inspection Ge\u0301ne\u0301rale a e\u0301te\u0301 cre\u0301e\u0301e en 1904. Depuis lors, elle a subi des transformations et mutations successives qui en ont renforce\u0301 son champ d\u2019action, ses compe\u0301tences et son efficacite\u0301. Comme je l\u2019ai dit tanto\u0302t, l\u2019Inspection existe depuis 1904. Mais, c\u2019est en 1961, par le de\u0301cret n\u00b0 61-104 du 12 avril 1961, que le Pre\u0301sident Fe\u0301lix Houphoue\u0308t-Boigny l\u2019a en quelque sorte \u00ab ivoirise\u0301e \u00bb. Et, cela fait bien 62 ans. C\u2019est donc cette date qui nous vaut, aujourd\u2019hui, l\u2019organisation de la pre\u0301sence ce\u0301re\u0301monie \u00bb, a explique\u0301, l&rsquo;IGE.<\/p>\n<p>Ahou N&rsquo;doli The\u0301ophile a exprime\u0301 sa gratitude a\u0300 ses pre\u0301de\u0301cesseurs qui ont effectue\u0301 le de\u0301placement de l&rsquo;ho\u0302tel ivoire. Il s&rsquo;agit de l\u2019Inspecteur Ge\u0301ne\u0301ral des Services Publics, Sanogo Mamadou, et de l\u2019Inspecteur Ge\u0301ne\u0301ral d\u2019Etat, Niamien N\u2019goran, ainsi qu\u2019a\u0300 tous les anciens Inspecteurs d\u2019Etat qui e\u0301taient pre\u0301sents.<\/p>\n<p>Au cours de cette comme\u0301moration, l\u2019institution sera pre\u0301sente\u0301e au grand public, a\u0300 la fois, a\u0300 travers des expose\u0301s, des panels, mais e\u0301galement des confe\u0301rences e\u0301clate\u0301es qui sont pre\u0301vues a\u0300 l\u2019ENA, dans un certain nombre d\u2019universite\u0301s publiques et a\u0300 l\u2019INP-HB de Yamoussoukro.<\/p>\n<p>Pour Ahoua N&rsquo;doli The\u0301ophile, elle sera e\u0301galement l\u2019occasion de marquer un temps d\u2019arre\u0302t pour e\u0301valuer le chemin parcouru. Mais, au-dela\u0300, ce qui est plus important, c&rsquo;est de se projeter dans l\u2019avenir dans la recherche d\u2019une constante ame\u0301lioration de son efficacite\u0301 et de ses performances.<\/p>\n<p>Le 62e anniversaire de l&rsquo;Inspection ge\u0301ne\u0301rale d\u2019E\u0301tat s&rsquo;articule autour du the\u0300me : \u00ab Inspection Ge\u0301ne\u0301rale d\u2019Etat, 62 ans au service de la promotion de la bonne gouvernance : acquis, de\u0301fis et perspectives \u00bb.<\/p>\n<p>Selon l&rsquo;Inspecteur ge\u0301ne\u0301ral d&rsquo;Etat, cette the\u0301matique fera l\u2019objet, au cours des panels pre\u0301vus, de re\u0301flexions profondes autour de deux questionnements majeurs, a\u0300 savoir, \u00ab Quel est le ro\u0302le du syste\u0300me de contro\u0302le de l\u2019ordre administratif dans une socie\u0301te\u0301 en mutation ? \u00bb et \u00ab Quelle collaboration entre l\u2019IGE, l\u2019IGF, les IGM et les autres organes de promotion de la bonne gouvernance pour une meilleure synergie ? \u00bb<\/p>\n<p>Il a a\u0300 l&rsquo;occasion traduit ses fe\u0301licitations et ses encouragements a\u0300 l\u2019ensemble du personnel de l\u2019IGE, a\u0300 la fois les anciens et le personnel actuel, pour leur acharnement au travail qui a permis de glaner quelques lauriers. Toutefois, il les a exhorte\u0301s au travail.<\/p>\n<p>\u00ab S&rsquo;il est vrai que nous enregistrons beaucoup d\u2019acquis, nous restons cependant persuade\u0301s que nous avons encore un vaste chantier a\u0300 de\u0301fricher, eu e\u0301gard a\u0300 la forte volonte\u0301 du Pre\u0301sident de la Re\u0301publique d\u2019installer durablement la bonne gouvernance dans l\u2019esprit et les habitudes de ses compatriotes, en particulier ceux qui servent au sein des administrations publiques. Et, je puis vous assurer que sur cette question, nous sommes de\u0301termine\u0301s a\u0300 re\u0301ussir \u00bb, a-t-il conclu.<\/p>\n<p><strong>Pour plus d&rsquo;informations et d&rsquo;analyses sur la <a href=\"https:\/\/www.africa-press.net\/cotedivoire\">C\u00f4te d&rsquo;Ivoire<\/a>, suivez <a href=\"https:\/\/www.africa-press.net\/\">Africa-Press<\/a><\/strong><\/p>\n","protected":false},"excerpt":{"rendered":"<p>Africa-Press &#8211; C\u00f4te d&rsquo;Ivoire. Jeannot Ahoussou-Kouadio, Pre\u0301sident du Se\u0301nat, repre\u0301sentant le chef de l&rsquo;Etat Alassane Ouattara a donne\u0301 aujourd&rsquo;hui a\u0300 Abidjan, le top de\u0301part des activite\u0301s marquant la comme\u0301moration des 62 ans d\u2019existence post-inde\u0301pendance de l&rsquo;Inspection ge\u0301ne\u0301rale d&rsquo;E\u0301tat en pre\u0301sence de plusieurs pre\u0301sidents d&rsquo;institutions ou leurs repre\u0301sentants. Il a salue\u0301 l&rsquo;initiative de l\u2019Inspecteur ge\u0301ne\u0301ral d&rsquo;Etat [&hellip;]<\/p>\n","protected":false},"author":82,"featured_media":55287,"comment_status":"open","ping_status":"closed","sticky":false,"template":"","format":"standard","meta":{"footnotes":""},"categories":[21,10],"tags":[56,63,29,5297,2465,871],"class_list":["post-55288","post","type-post","status-publish","format-standard","has-post-thumbnail","hentry","category-communaute","category-toutes-les-actualites","tag-africa-press","tag-africa-press-cote-divoire","tag-cote-divoire","tag-fraude","tag-inspection","tag-jeannot-ahoussou-kouadio"],"yoast_head":"<!-- This site is optimized with the Yoast SEO Premium plugin v26.1 (Yoast SEO v27.0) - https:\/\/yoast.com\/product\/yoast-seo-premium-wordpress\/ -->\n<title>Comm\u00e9moration des 62 ans de l&#039;IGE, l&#039;Institution s&#039;ouvre au grand public \u00e0 travers des expos\u00e9s et panels \u00e9clat\u00e9s - C\u00f4te d&#039;Ivoire<\/title>\n<meta name=\"description\" content=\"Jeannot Ahoussou-Kouadio, Pre\u0301sident du Se\u0301nat, repre\u0301sentant le chef de l&#039;Etat Alassane Ouattara a donne\u0301 aujourd&#039;hui a ...\" \/>\n<meta name=\"robots\" content=\"index, follow, max-snippet:-1, max-image-preview:large, max-video-preview:-1\" \/>\n<link rel=\"canonical\" href=\"https:\/\/www.africa-press.net\/cotedivoire\/toutes-les-actualites\/commemoration-des-62-ans-de-lige-linstitution-souvre-au-grand-public-a-travers-des-exposes-et-panels-eclates\" \/>\n<meta property=\"og:locale\" content=\"fr_FR\" \/>\n<meta property=\"og:type\" content=\"article\" \/>\n<meta property=\"og:title\" content=\"Comm\u00e9moration des 62 ans de l&#039;IGE, l&#039;Institution s&#039;ouvre au grand public \u00e0 travers des expos\u00e9s et panels \u00e9clat\u00e9s\" \/>\n<meta property=\"og:description\" content=\"Jeannot Ahoussou-Kouadio, Pre\u0301sident du Se\u0301nat, repre\u0301sentant le chef de l&#039;Etat Alassane Ouattara a donne\u0301 aujourd&#039;hui a ...\" \/>\n<meta property=\"og:url\" content=\"https:\/\/www.africa-press.net\/cotedivoire\/toutes-les-actualites\/commemoration-des-62-ans-de-lige-linstitution-souvre-au-grand-public-a-travers-des-exposes-et-panels-eclates\" \/>\n<meta property=\"og:site_name\" content=\"C\u00f4te d&#039;Ivoire\" \/>\n<meta property=\"article:published_time\" content=\"2023-03-22T18:07:36+00:00\" \/>\n<meta property=\"article:modified_time\" content=\"2023-03-22T18:56:32+00:00\" \/>\n<meta property=\"og:image\" content=\"https:\/\/static.africa-press.net\/cote\/sites\/43\/2023\/03\/postQueueImg_1679492264.79.jpg\" \/>\n\t<meta property=\"og:image:width\" content=\"720\" \/>\n\t<meta property=\"og:image:height\" content=\"481\" \/>\n\t<meta property=\"og:image:type\" content=\"image\/jpeg\" \/>\n<meta name=\"author\" content=\"cfeditorfr\" \/>\n<meta name=\"twitter:card\" content=\"summary_large_image\" \/>\n<meta name=\"twitter:label1\" content=\"\u00c9crit par\" \/>\n\t<meta name=\"twitter:data1\" content=\"cfeditorfr\" \/>\n\t<meta name=\"twitter:label2\" content=\"Dur\u00e9e de lecture estim\u00e9e\" \/>\n\t<meta name=\"twitter:data2\" content=\"6 minutes\" \/>\n<script type=\"application\/ld+json\" class=\"yoast-schema-graph\">{\"@context\":\"https:\/\/schema.org\",\"@graph\":[{\"@type\":\"Article\",\"@id\":\"https:\/\/www.africa-press.net\/cotedivoire\/toutes-les-actualites\/commemoration-des-62-ans-de-lige-linstitution-souvre-au-grand-public-a-travers-des-exposes-et-panels-eclates#article\",\"isPartOf\":{\"@id\":\"https:\/\/www.africa-press.net\/cotedivoire\/toutes-les-actualites\/commemoration-des-62-ans-de-lige-linstitution-souvre-au-grand-public-a-travers-des-exposes-et-panels-eclates\"},\"author\":{\"name\":\"cfeditorfr\",\"@id\":\"https:\/\/www.africa-press.net\/cotedivoire\/#\/schema\/person\/2b1cf3cd81a31e3cd26889ca66d677f1\"},\"headline\":\"Comm\u00e9moration des 62 ans de l&rsquo;IGE, l&rsquo;Institution s&rsquo;ouvre au grand public \u00e0 travers des expos\u00e9s et panels \u00e9clat\u00e9s\",\"datePublished\":\"2023-03-22T18:07:36+00:00\",\"dateModified\":\"2023-03-22T18:56:32+00:00\",\"mainEntityOfPage\":{\"@id\":\"https:\/\/www.africa-press.net\/cotedivoire\/toutes-les-actualites\/commemoration-des-62-ans-de-lige-linstitution-souvre-au-grand-public-a-travers-des-exposes-et-panels-eclates\"},\"wordCount\":1221,\"commentCount\":0,\"image\":{\"@id\":\"https:\/\/www.africa-press.net\/cotedivoire\/toutes-les-actualites\/commemoration-des-62-ans-de-lige-linstitution-souvre-au-grand-public-a-travers-des-exposes-et-panels-eclates#primaryimage\"},\"thumbnailUrl\":\"https:\/\/static.africa-press.net\/cote\/sites\/43\/2023\/03\/postQueueImg_1679492264.79.jpg\",\"keywords\":[\"Africa Press\",\"Africa Press-C\u00f4te d'Ivoire\",\"C\u00d4TE D'IVOIRE\",\"fraude\",\"Inspection\",\"Jeannot Ahoussou-Kouadio\"],\"articleSection\":[\"Communaut\u00e9\",\"Toutes les actualit\u00e9s\"],\"inLanguage\":\"fr-FR\",\"potentialAction\":[{\"@type\":\"CommentAction\",\"name\":\"Comment\",\"target\":[\"https:\/\/www.africa-press.net\/cotedivoire\/toutes-les-actualites\/commemoration-des-62-ans-de-lige-linstitution-souvre-au-grand-public-a-travers-des-exposes-et-panels-eclates#respond\"]}]},{\"@type\":\"WebPage\",\"@id\":\"https:\/\/www.africa-press.net\/cotedivoire\/toutes-les-actualites\/commemoration-des-62-ans-de-lige-linstitution-souvre-au-grand-public-a-travers-des-exposes-et-panels-eclates\",\"url\":\"https:\/\/www.africa-press.net\/cotedivoire\/toutes-les-actualites\/commemoration-des-62-ans-de-lige-linstitution-souvre-au-grand-public-a-travers-des-exposes-et-panels-eclates\",\"name\":\"Comm\u00e9moration des 62 ans de l'IGE, l'Institution s'ouvre au grand public \u00e0 travers des expos\u00e9s et panels \u00e9clat\u00e9s - C\u00f4te d&#039;Ivoire\",\"isPartOf\":{\"@id\":\"https:\/\/www.africa-press.net\/cotedivoire\/#website\"},\"primaryImageOfPage\":{\"@id\":\"https:\/\/www.africa-press.net\/cotedivoire\/toutes-les-actualites\/commemoration-des-62-ans-de-lige-linstitution-souvre-au-grand-public-a-travers-des-exposes-et-panels-eclates#primaryimage\"},\"image\":{\"@id\":\"https:\/\/www.africa-press.net\/cotedivoire\/toutes-les-actualites\/commemoration-des-62-ans-de-lige-linstitution-souvre-au-grand-public-a-travers-des-exposes-et-panels-eclates#primaryimage\"},\"thumbnailUrl\":\"https:\/\/static.africa-press.net\/cote\/sites\/43\/2023\/03\/postQueueImg_1679492264.79.jpg\",\"datePublished\":\"2023-03-22T18:07:36+00:00\",\"dateModified\":\"2023-03-22T18:56:32+00:00\",\"author\":{\"@id\":\"https:\/\/www.africa-press.net\/cotedivoire\/#\/schema\/person\/2b1cf3cd81a31e3cd26889ca66d677f1\"},\"description\":\"Jeannot Ahoussou-Kouadio, Pre\u0301sident du Se\u0301nat, repre\u0301sentant le chef de l'Etat Alassane Ouattara a donne\u0301 aujourd'hui a ...\",\"breadcrumb\":{\"@id\":\"https:\/\/www.africa-press.net\/cotedivoire\/toutes-les-actualites\/commemoration-des-62-ans-de-lige-linstitution-souvre-au-grand-public-a-travers-des-exposes-et-panels-eclates#breadcrumb\"},\"inLanguage\":\"fr-FR\",\"potentialAction\":[{\"@type\":\"ReadAction\",\"target\":[\"https:\/\/www.africa-press.net\/cotedivoire\/toutes-les-actualites\/commemoration-des-62-ans-de-lige-linstitution-souvre-au-grand-public-a-travers-des-exposes-et-panels-eclates\"]}]},{\"@type\":\"ImageObject\",\"inLanguage\":\"fr-FR\",\"@id\":\"https:\/\/www.africa-press.net\/cotedivoire\/toutes-les-actualites\/commemoration-des-62-ans-de-lige-linstitution-souvre-au-grand-public-a-travers-des-exposes-et-panels-eclates#primaryimage\",\"url\":\"https:\/\/static.africa-press.net\/cote\/sites\/43\/2023\/03\/postQueueImg_1679492264.79.jpg\",\"contentUrl\":\"https:\/\/static.africa-press.net\/cote\/sites\/43\/2023\/03\/postQueueImg_1679492264.79.jpg\",\"width\":720,\"height\":481,\"caption\":\"Comm\u00e9moration des 62 ans de l'IGE, l'Institution s'ouvre au grand public \u00e0 travers des expos\u00e9s et panels \u00e9clat\u00e9s\"},{\"@type\":\"BreadcrumbList\",\"@id\":\"https:\/\/www.africa-press.net\/cotedivoire\/toutes-les-actualites\/commemoration-des-62-ans-de-lige-linstitution-souvre-au-grand-public-a-travers-des-exposes-et-panels-eclates#breadcrumb\",\"itemListElement\":[{\"@type\":\"ListItem\",\"position\":1,\"name\":\"Accueil\",\"item\":\"https:\/\/www.africa-press.net\/cotedivoire\/\"},{\"@type\":\"ListItem\",\"position\":2,\"name\":\"Comm\u00e9moration des 62 ans de l&#8217;IGE, l&#8217;Institution s&#8217;ouvre au grand public \u00e0 travers des expos\u00e9s et panels \u00e9clat\u00e9s\"}]},{\"@type\":\"WebSite\",\"@id\":\"https:\/\/www.africa-press.net\/cotedivoire\/#website\",\"url\":\"https:\/\/www.africa-press.net\/cotedivoire\/\",\"name\":\"C\u00f4te d&#039;Ivoire\",\"description\":\"Just another Africa News Agency Sites site\",\"potentialAction\":[{\"@type\":\"SearchAction\",\"target\":{\"@type\":\"EntryPoint\",\"urlTemplate\":\"https:\/\/www.africa-press.net\/cotedivoire\/?s={search_term_string}\"},\"query-input\":{\"@type\":\"PropertyValueSpecification\",\"valueRequired\":true,\"valueName\":\"search_term_string\"}}],\"inLanguage\":\"fr-FR\"},{\"@type\":\"Person\",\"@id\":\"https:\/\/www.africa-press.net\/cotedivoire\/#\/schema\/person\/2b1cf3cd81a31e3cd26889ca66d677f1\",\"name\":\"cfeditorfr\"}]}<\/script>\n<!-- \/ Yoast SEO Premium plugin. -->","yoast_head_json":{"title":"Comm\u00e9moration des 62 ans de l'IGE, l'Institution s'ouvre au grand public \u00e0 travers des expos\u00e9s et panels \u00e9clat\u00e9s - C\u00f4te d&#039;Ivoire","description":"Jeannot Ahoussou-Kouadio, Pre\u0301sident du Se\u0301nat, repre\u0301sentant le chef de l'Etat Alassane Ouattara a donne\u0301 aujourd'hui a ...","robots":{"index":"index","follow":"follow","max-snippet":"max-snippet:-1","max-image-preview":"max-image-preview:large","max-video-preview":"max-video-preview:-1"},"canonical":"https:\/\/www.africa-press.net\/cotedivoire\/toutes-les-actualites\/commemoration-des-62-ans-de-lige-linstitution-souvre-au-grand-public-a-travers-des-exposes-et-panels-eclates","og_locale":"fr_FR","og_type":"article","og_title":"Comm\u00e9moration des 62 ans de l'IGE, l'Institution s'ouvre au grand public \u00e0 travers des expos\u00e9s et panels \u00e9clat\u00e9s","og_description":"Jeannot Ahoussou-Kouadio, Pre\u0301sident du Se\u0301nat, repre\u0301sentant le chef de l'Etat Alassane Ouattara a donne\u0301 aujourd'hui a ...","og_url":"https:\/\/www.africa-press.net\/cotedivoire\/toutes-les-actualites\/commemoration-des-62-ans-de-lige-linstitution-souvre-au-grand-public-a-travers-des-exposes-et-panels-eclates","og_site_name":"C\u00f4te d&#039;Ivoire","article_published_time":"2023-03-22T18:07:36+00:00","article_modified_time":"2023-03-22T18:56:32+00:00","og_image":[{"width":720,"height":481,"url":"https:\/\/static.africa-press.net\/cote\/sites\/43\/2023\/03\/postQueueImg_1679492264.79.jpg","type":"image\/jpeg"}],"author":"cfeditorfr","twitter_card":"summary_large_image","twitter_misc":{"\u00c9crit par":"cfeditorfr","Dur\u00e9e de lecture estim\u00e9e":"6 minutes"},"schema":{"@context":"https:\/\/schema.org","@graph":[{"@type":"Article","@id":"https:\/\/www.africa-press.net\/cotedivoire\/toutes-les-actualites\/commemoration-des-62-ans-de-lige-linstitution-souvre-au-grand-public-a-travers-des-exposes-et-panels-eclates#article","isPartOf":{"@id":"https:\/\/www.africa-press.net\/cotedivoire\/toutes-les-actualites\/commemoration-des-62-ans-de-lige-linstitution-souvre-au-grand-public-a-travers-des-exposes-et-panels-eclates"},"author":{"name":"cfeditorfr","@id":"https:\/\/www.africa-press.net\/cotedivoire\/#\/schema\/person\/2b1cf3cd81a31e3cd26889ca66d677f1"},"headline":"Comm\u00e9moration des 62 ans de l&rsquo;IGE, l&rsquo;Institution s&rsquo;ouvre au grand public \u00e0 travers des expos\u00e9s et panels \u00e9clat\u00e9s","datePublished":"2023-03-22T18:07:36+00:00","dateModified":"2023-03-22T18:56:32+00:00","mainEntityOfPage":{"@id":"https:\/\/www.africa-press.net\/cotedivoire\/toutes-les-actualites\/commemoration-des-62-ans-de-lige-linstitution-souvre-au-grand-public-a-travers-des-exposes-et-panels-eclates"},"wordCount":1221,"commentCount":0,"image":{"@id":"https:\/\/www.africa-press.net\/cotedivoire\/toutes-les-actualites\/commemoration-des-62-ans-de-lige-linstitution-souvre-au-grand-public-a-travers-des-exposes-et-panels-eclates#primaryimage"},"thumbnailUrl":"https:\/\/static.africa-press.net\/cote\/sites\/43\/2023\/03\/postQueueImg_1679492264.79.jpg","keywords":["Africa Press","Africa Press-C\u00f4te d'Ivoire","C\u00d4TE D'IVOIRE","fraude","Inspection","Jeannot Ahoussou-Kouadio"],"articleSection":["Communaut\u00e9","Toutes les actualit\u00e9s"],"inLanguage":"fr-FR","potentialAction":[{"@type":"CommentAction","name":"Comment","target":["https:\/\/www.africa-press.net\/cotedivoire\/toutes-les-actualites\/commemoration-des-62-ans-de-lige-linstitution-souvre-au-grand-public-a-travers-des-exposes-et-panels-eclates#respond"]}]},{"@type":"WebPage","@id":"https:\/\/www.africa-press.net\/cotedivoire\/toutes-les-actualites\/commemoration-des-62-ans-de-lige-linstitution-souvre-au-grand-public-a-travers-des-exposes-et-panels-eclates","url":"https:\/\/www.africa-press.net\/cotedivoire\/toutes-les-actualites\/commemoration-des-62-ans-de-lige-linstitution-souvre-au-grand-public-a-travers-des-exposes-et-panels-eclates","name":"Comm\u00e9moration des 62 ans de l'IGE, l'Institution s'ouvre au grand public \u00e0 travers des expos\u00e9s et panels \u00e9clat\u00e9s - C\u00f4te d&#039;Ivoire","isPartOf":{"@id":"https:\/\/www.africa-press.net\/cotedivoire\/#website"},"primaryImageOfPage":{"@id":"https:\/\/www.africa-press.net\/cotedivoire\/toutes-les-actualites\/commemoration-des-62-ans-de-lige-linstitution-souvre-au-grand-public-a-travers-des-exposes-et-panels-eclates#primaryimage"},"image":{"@id":"https:\/\/www.africa-press.net\/cotedivoire\/toutes-les-actualites\/commemoration-des-62-ans-de-lige-linstitution-souvre-au-grand-public-a-travers-des-exposes-et-panels-eclates#primaryimage"},"thumbnailUrl":"https:\/\/static.africa-press.net\/cote\/sites\/43\/2023\/03\/postQueueImg_1679492264.79.jpg","datePublished":"2023-03-22T18:07:36+00:00","dateModified":"2023-03-22T18:56:32+00:00","author":{"@id":"https:\/\/www.africa-press.net\/cotedivoire\/#\/schema\/person\/2b1cf3cd81a31e3cd26889ca66d677f1"},"description":"Jeannot Ahoussou-Kouadio, Pre\u0301sident du Se\u0301nat, repre\u0301sentant le chef de l'Etat Alassane Ouattara a donne\u0301 aujourd'hui a ...","breadcrumb":{"@id":"https:\/\/www.africa-press.net\/cotedivoire\/toutes-les-actualites\/commemoration-des-62-ans-de-lige-linstitution-souvre-au-grand-public-a-travers-des-exposes-et-panels-eclates#breadcrumb"},"inLanguage":"fr-FR","potentialAction":[{"@type":"ReadAction","target":["https:\/\/www.africa-press.net\/cotedivoire\/toutes-les-actualites\/commemoration-des-62-ans-de-lige-linstitution-souvre-au-grand-public-a-travers-des-exposes-et-panels-eclates"]}]},{"@type":"ImageObject","inLanguage":"fr-FR","@id":"https:\/\/www.africa-press.net\/cotedivoire\/toutes-les-actualites\/commemoration-des-62-ans-de-lige-linstitution-souvre-au-grand-public-a-travers-des-exposes-et-panels-eclates#primaryimage","url":"https:\/\/static.africa-press.net\/cote\/sites\/43\/2023\/03\/postQueueImg_1679492264.79.jpg","contentUrl":"https:\/\/static.africa-press.net\/cote\/sites\/43\/2023\/03\/postQueueImg_1679492264.79.jpg","width":720,"height":481,"caption":"Comm\u00e9moration des 62 ans de l'IGE, l'Institution s'ouvre au grand public \u00e0 travers des expos\u00e9s et panels \u00e9clat\u00e9s"},{"@type":"BreadcrumbList","@id":"https:\/\/www.africa-press.net\/cotedivoire\/toutes-les-actualites\/commemoration-des-62-ans-de-lige-linstitution-souvre-au-grand-public-a-travers-des-exposes-et-panels-eclates#breadcrumb","itemListElement":[{"@type":"ListItem","position":1,"name":"Accueil","item":"https:\/\/www.africa-press.net\/cotedivoire\/"},{"@type":"ListItem","position":2,"name":"Comm\u00e9moration des 62 ans de l&#8217;IGE, l&#8217;Institution s&#8217;ouvre au grand public \u00e0 travers des expos\u00e9s et panels \u00e9clat\u00e9s"}]},{"@type":"WebSite","@id":"https:\/\/www.africa-press.net\/cotedivoire\/#website","url":"https:\/\/www.africa-press.net\/cotedivoire\/","name":"C\u00f4te d&#039;Ivoire","description":"Just another Africa News Agency Sites site","potentialAction":[{"@type":"SearchAction","target":{"@type":"EntryPoint","urlTemplate":"https:\/\/www.africa-press.net\/cotedivoire\/?s={search_term_string}"},"query-input":{"@type":"PropertyValueSpecification","valueRequired":true,"valueName":"search_term_string"}}],"inLanguage":"fr-FR"},{"@type":"Person","@id":"https:\/\/www.africa-press.net\/cotedivoire\/#\/schema\/person\/2b1cf3cd81a31e3cd26889ca66d677f1","name":"cfeditorfr"}]}},"_links":{"self":[{"href":"https:\/\/www.africa-press.net\/cotedivoire\/wp-json\/wp\/v2\/posts\/55288","targetHints":{"allow":["GET"]}}],"collection":[{"href":"https:\/\/www.africa-press.net\/cotedivoire\/wp-json\/wp\/v2\/posts"}],"about":[{"href":"https:\/\/www.africa-press.net\/cotedivoire\/wp-json\/wp\/v2\/types\/post"}],"author":[{"embeddable":true,"href":"https:\/\/www.africa-press.net\/cotedivoire\/wp-json\/wp\/v2\/users\/82"}],"replies":[{"embeddable":true,"href":"https:\/\/www.africa-press.net\/cotedivoire\/wp-json\/wp\/v2\/comments?post=55288"}],"version-history":[{"count":0,"href":"https:\/\/www.africa-press.net\/cotedivoire\/wp-json\/wp\/v2\/posts\/55288\/revisions"}],"wp:featuredmedia":[{"embeddable":true,"href":"https:\/\/www.africa-press.net\/cotedivoire\/wp-json\/wp\/v2\/media\/55287"}],"wp:attachment":[{"href":"https:\/\/www.africa-press.net\/cotedivoire\/wp-json\/wp\/v2\/media?parent=55288"}],"wp:term":[{"taxonomy":"category","embeddable":true,"href":"https:\/\/www.africa-press.net\/cotedivoire\/wp-json\/wp\/v2\/categories?post=55288"},{"taxonomy":"post_tag","embeddable":true,"href":"https:\/\/www.africa-press.net\/cotedivoire\/wp-json\/wp\/v2\/tags?post=55288"}],"curies":[{"name":"wp","href":"https:\/\/api.w.org\/{rel}","templated":true}]}}