{"id":55573,"date":"2023-03-27T18:00:23","date_gmt":"2023-03-27T18:00:23","guid":{"rendered":"https:\/\/www.africa-press.net\/cotedivoire\/politique\/kkb-annonce-la-tenue-de-la-26e-edition-de-la-journee-nationale-de-la-paix-du-pardon-et-du-souvenir-a-bouake"},"modified":"2023-03-28T11:59:07","modified_gmt":"2023-03-28T11:59:07","slug":"kkb-annonce-la-tenue-de-la-26e-edition-de-la-journee-nationale-de-la-paix-du-pardon-et-du-souvenir-a-bouake","status":"publish","type":"post","link":"https:\/\/www.africa-press.net\/cotedivoire\/politique\/kkb-annonce-la-tenue-de-la-26e-edition-de-la-journee-nationale-de-la-paix-du-pardon-et-du-souvenir-a-bouake","title":{"rendered":"KKB annonce la tenue de la 26e \u00e9dition de la Journ\u00e9e Nationale de la Paix, du Pardon et du Souvenir \u00e0 Bouak\u00e9"},"content":{"rendered":"<p><span style=\"color: #ff6600\"><strong>Africa-Press &#8211; C\u00f4te d&rsquo;Ivoire. <\/strong><\/span>La capitale de la re\u0301gion de Gbe\u0302ke\u0302, Bouake\u0301, abritera les festivite\u0301s marquant la 26e e\u0301dition de la ce\u0301le\u0301bration de la journe\u0301e nationale de la paix, du pardon et du souvenir le 15 novembre 2023, apre\u0300s Yamoussoukro en 2021 et Duekoue\u0301 en 2022. Cette information a e\u0301te\u0301 donne\u0301e ce samedi 25 mars 2023 a\u0300 la pre\u0301fecture de Gbe\u0302ke\u0302 par Kouadio Konan Bertin dit KKB, le ministre de la re\u0301conciliation et la cohe\u0301sion nationale.<\/p>\n<p>\u00ab Je suis venu annoncer aux populations que la ville de Bouake\u0301 a e\u0301te\u0301 choisie par le ministe\u0300re de la re\u0301conciliation et la cohe\u0301sion nationale pour abriter la prochaine e\u0301dition de la Journe\u0301e Nationale de la Paix, du Pardon et du Souvenir. A\u0300 la demande du chef de l\u2019Etat, tous les Ivoiriens doivent s\u2019approprier ce processus, accepter d\u2019aller a\u0300 la re\u0301conciliation et au Pardon.<\/p>\n<p>Nous voyons cette ville qui renai\u0302t avec les efforts conjugue\u0301s de l\u2019ensemble des cadres et e\u0301lus, mais surtout avec la pre\u0301sence du ministre Amadou Kone\u0301. Tous ces efforts de\u0301ploye\u0301s au quotidien pour que Bouake\u0301 redevienne une ville paisible. Cette journe\u0301e de la paix, du Pardon et du Souvenir, viendra donc consolider tous ces efforts de paix et de cohe\u0301sion que nous observons gra\u0302ce a\u0300 la vision et a\u0300 la politique du vivre ensemble du pre\u0301sident de la Re\u0301publique Alassane Ouattara.\u00bb, a explique\u0301 KKB qui a fait savoir qu&rsquo;il se\u0301journera tout le week-end dans la capitale de la re\u0301gion de Gbe\u0302ke\u0302.<\/p>\n<p>Le ministre KKB a fait savoir que des consultations seront faites avant la tenue de la journe\u0301e nationale de la paix. A\u0300 cet effet, une de\u0301le\u0301gation de son ministe\u0300re restera a\u0300 Bouake\u0301 pour des se\u0301ances d\u2019e\u0301coutes. Il en a profite\u0301 pour annoncer l\u2019organisation des Assises Re\u0301gionales de la Cohe\u0301sion avec l\u2019appui des directeurs re\u0301gionaux de la re\u0301conciliation et la cohe\u0301sion nationale. KKB s&rsquo;est rendu dans l&rsquo;apre\u0300s midi du samedi a\u0300 la grande mosque\u0301e de Bouake\u0301 et le dimanche 26 mars 2023 a\u0300 la Cathe\u0301drale de Bouake\u0301 pour passer le message et communier avec les fide\u0300les musulmans et chre\u0301tiens.<\/p>\n<p>\u00ab Cette ville a connu les crises successives survenues en Co\u0302te d\u2019Ivoire. Et depuis, Bouake\u0301 attendait cette journe\u0301e de paix. Avec le maire, le pre\u0301fet, le ministre Gouverneur et le forum des confessions religieuses, nous mettrons tout a\u0300 disposition pour que la journe\u0301e du 15 novembre 2023 soit un succe\u0300s&#8230; \u00bb, a promis le ministre des Transports, Amadou Kone\u0301, pre\u0301sent a\u0300 cette rencontre d&rsquo;information.<\/p>\n<p><strong>Pour plus d&rsquo;informations et d&rsquo;analyses sur la <a href=\"https:\/\/www.africa-press.net\/cotedivoire\">C\u00f4te d&rsquo;Ivoire<\/a>, suivez <a href=\"https:\/\/www.africa-press.net\/\">Africa-Press<\/a><\/strong><\/p>\n","protected":false},"excerpt":{"rendered":"<p>Africa-Press &#8211; C\u00f4te d&rsquo;Ivoire. La capitale de la re\u0301gion de Gbe\u0302ke\u0302, Bouake\u0301, abritera les festivite\u0301s marquant la 26e e\u0301dition de la ce\u0301le\u0301bration de la journe\u0301e nationale de la paix, du pardon et du souvenir le 15 novembre 2023, apre\u0300s Yamoussoukro en 2021 et Duekoue\u0301 en 2022. Cette information a e\u0301te\u0301 donne\u0301e ce samedi 25 mars [&hellip;]<\/p>\n","protected":false},"author":82,"featured_media":55572,"comment_status":"open","ping_status":"closed","sticky":false,"template":"","format":"standard","meta":{"footnotes":""},"categories":[2,10],"tags":[56,63,390,366,29,741,2410,958,600],"class_list":["post-55573","post","type-post","status-publish","format-standard","has-post-thumbnail","hentry","category-politique","category-toutes-les-actualites","tag-africa-press","tag-africa-press-cote-divoire","tag-amadou-kone","tag-bouake","tag-cote-divoire","tag-gbeke","tag-journee","tag-kkb","tag-paix"],"yoast_head":"<!-- This site is optimized with the Yoast SEO Premium plugin v26.1 (Yoast SEO v27.0) - https:\/\/yoast.com\/product\/yoast-seo-premium-wordpress\/ -->\n<title>KKB annonce la tenue de la 26e \u00e9dition de la Journ\u00e9e Nationale de la Paix, du Pardon et du Souvenir \u00e0 Bouak\u00e9 - C\u00f4te d&#039;Ivoire<\/title>\n<meta name=\"description\" content=\"La capitale de la re\u0301gion de Gbe\u0302ke\u0302, Bouake\u0301, abritera les festivite\u0301s marquant la 26e e\u0301dition de la ce\u0301le\u0301bration de ...\" \/>\n<meta name=\"robots\" content=\"index, follow, max-snippet:-1, max-image-preview:large, max-video-preview:-1\" \/>\n<link rel=\"canonical\" href=\"https:\/\/www.africa-press.net\/cotedivoire\/politique\/kkb-annonce-la-tenue-de-la-26e-edition-de-la-journee-nationale-de-la-paix-du-pardon-et-du-souvenir-a-bouake\" \/>\n<meta property=\"og:locale\" content=\"fr_FR\" \/>\n<meta property=\"og:type\" content=\"article\" \/>\n<meta property=\"og:title\" content=\"KKB annonce la tenue de la 26e \u00e9dition de la Journ\u00e9e Nationale de la Paix, du Pardon et du Souvenir \u00e0 Bouak\u00e9\" \/>\n<meta property=\"og:description\" content=\"La capitale de la re\u0301gion de Gbe\u0302ke\u0302, Bouake\u0301, abritera les festivite\u0301s marquant la 26e e\u0301dition de la ce\u0301le\u0301bration de ...\" \/>\n<meta property=\"og:url\" content=\"https:\/\/www.africa-press.net\/cotedivoire\/politique\/kkb-annonce-la-tenue-de-la-26e-edition-de-la-journee-nationale-de-la-paix-du-pardon-et-du-souvenir-a-bouake\" \/>\n<meta property=\"og:site_name\" content=\"C\u00f4te d&#039;Ivoire\" \/>\n<meta property=\"article:published_time\" content=\"2023-03-27T18:00:23+00:00\" \/>\n<meta property=\"article:modified_time\" content=\"2023-03-28T11:59:07+00:00\" \/>\n<meta property=\"og:image\" content=\"https:\/\/static.africa-press.net\/cote\/sites\/43\/2023\/03\/postQueueImg_1679923845.41.jpg\" \/>\n\t<meta property=\"og:image:width\" content=\"720\" \/>\n\t<meta property=\"og:image:height\" content=\"481\" \/>\n\t<meta property=\"og:image:type\" content=\"image\/jpeg\" \/>\n<meta name=\"author\" content=\"cfeditorfr\" \/>\n<meta name=\"twitter:card\" content=\"summary_large_image\" \/>\n<meta name=\"twitter:label1\" content=\"\u00c9crit par\" \/>\n\t<meta name=\"twitter:data1\" content=\"cfeditorfr\" \/>\n\t<meta name=\"twitter:label2\" content=\"Dur\u00e9e de lecture estim\u00e9e\" \/>\n\t<meta name=\"twitter:data2\" content=\"3 minutes\" \/>\n<script type=\"application\/ld+json\" class=\"yoast-schema-graph\">{\"@context\":\"https:\/\/schema.org\",\"@graph\":[{\"@type\":\"Article\",\"@id\":\"https:\/\/www.africa-press.net\/cotedivoire\/politique\/kkb-annonce-la-tenue-de-la-26e-edition-de-la-journee-nationale-de-la-paix-du-pardon-et-du-souvenir-a-bouake#article\",\"isPartOf\":{\"@id\":\"https:\/\/www.africa-press.net\/cotedivoire\/politique\/kkb-annonce-la-tenue-de-la-26e-edition-de-la-journee-nationale-de-la-paix-du-pardon-et-du-souvenir-a-bouake\"},\"author\":{\"name\":\"cfeditorfr\",\"@id\":\"https:\/\/www.africa-press.net\/cotedivoire\/#\/schema\/person\/2b1cf3cd81a31e3cd26889ca66d677f1\"},\"headline\":\"KKB annonce la tenue de la 26e \u00e9dition de la Journ\u00e9e Nationale de la Paix, du Pardon et du Souvenir \u00e0 Bouak\u00e9\",\"datePublished\":\"2023-03-27T18:00:23+00:00\",\"dateModified\":\"2023-03-28T11:59:07+00:00\",\"mainEntityOfPage\":{\"@id\":\"https:\/\/www.africa-press.net\/cotedivoire\/politique\/kkb-annonce-la-tenue-de-la-26e-edition-de-la-journee-nationale-de-la-paix-du-pardon-et-du-souvenir-a-bouake\"},\"wordCount\":497,\"commentCount\":0,\"image\":{\"@id\":\"https:\/\/www.africa-press.net\/cotedivoire\/politique\/kkb-annonce-la-tenue-de-la-26e-edition-de-la-journee-nationale-de-la-paix-du-pardon-et-du-souvenir-a-bouake#primaryimage\"},\"thumbnailUrl\":\"https:\/\/static.africa-press.net\/cote\/sites\/43\/2023\/03\/postQueueImg_1679923845.41.jpg\",\"keywords\":[\"Africa Press\",\"Africa Press-C\u00f4te d'Ivoire\",\"Amadou Kon\u00e9\",\"Bouak\u00e9\",\"C\u00d4TE D'IVOIRE\",\"Gb\u00eak\u00ea\",\"journ\u00e9e\",\"KKB\",\"paix\"],\"articleSection\":[\"Politique\",\"Toutes les actualit\u00e9s\"],\"inLanguage\":\"fr-FR\",\"potentialAction\":[{\"@type\":\"CommentAction\",\"name\":\"Comment\",\"target\":[\"https:\/\/www.africa-press.net\/cotedivoire\/politique\/kkb-annonce-la-tenue-de-la-26e-edition-de-la-journee-nationale-de-la-paix-du-pardon-et-du-souvenir-a-bouake#respond\"]}]},{\"@type\":\"WebPage\",\"@id\":\"https:\/\/www.africa-press.net\/cotedivoire\/politique\/kkb-annonce-la-tenue-de-la-26e-edition-de-la-journee-nationale-de-la-paix-du-pardon-et-du-souvenir-a-bouake\",\"url\":\"https:\/\/www.africa-press.net\/cotedivoire\/politique\/kkb-annonce-la-tenue-de-la-26e-edition-de-la-journee-nationale-de-la-paix-du-pardon-et-du-souvenir-a-bouake\",\"name\":\"KKB annonce la tenue de la 26e \u00e9dition de la Journ\u00e9e Nationale de la Paix, du Pardon et du Souvenir \u00e0 Bouak\u00e9 - C\u00f4te d&#039;Ivoire\",\"isPartOf\":{\"@id\":\"https:\/\/www.africa-press.net\/cotedivoire\/#website\"},\"primaryImageOfPage\":{\"@id\":\"https:\/\/www.africa-press.net\/cotedivoire\/politique\/kkb-annonce-la-tenue-de-la-26e-edition-de-la-journee-nationale-de-la-paix-du-pardon-et-du-souvenir-a-bouake#primaryimage\"},\"image\":{\"@id\":\"https:\/\/www.africa-press.net\/cotedivoire\/politique\/kkb-annonce-la-tenue-de-la-26e-edition-de-la-journee-nationale-de-la-paix-du-pardon-et-du-souvenir-a-bouake#primaryimage\"},\"thumbnailUrl\":\"https:\/\/static.africa-press.net\/cote\/sites\/43\/2023\/03\/postQueueImg_1679923845.41.jpg\",\"datePublished\":\"2023-03-27T18:00:23+00:00\",\"dateModified\":\"2023-03-28T11:59:07+00:00\",\"author\":{\"@id\":\"https:\/\/www.africa-press.net\/cotedivoire\/#\/schema\/person\/2b1cf3cd81a31e3cd26889ca66d677f1\"},\"description\":\"La capitale de la re\u0301gion de Gbe\u0302ke\u0302, Bouake\u0301, abritera les festivite\u0301s marquant la 26e e\u0301dition de la ce\u0301le\u0301bration de ...\",\"breadcrumb\":{\"@id\":\"https:\/\/www.africa-press.net\/cotedivoire\/politique\/kkb-annonce-la-tenue-de-la-26e-edition-de-la-journee-nationale-de-la-paix-du-pardon-et-du-souvenir-a-bouake#breadcrumb\"},\"inLanguage\":\"fr-FR\",\"potentialAction\":[{\"@type\":\"ReadAction\",\"target\":[\"https:\/\/www.africa-press.net\/cotedivoire\/politique\/kkb-annonce-la-tenue-de-la-26e-edition-de-la-journee-nationale-de-la-paix-du-pardon-et-du-souvenir-a-bouake\"]}]},{\"@type\":\"ImageObject\",\"inLanguage\":\"fr-FR\",\"@id\":\"https:\/\/www.africa-press.net\/cotedivoire\/politique\/kkb-annonce-la-tenue-de-la-26e-edition-de-la-journee-nationale-de-la-paix-du-pardon-et-du-souvenir-a-bouake#primaryimage\",\"url\":\"https:\/\/static.africa-press.net\/cote\/sites\/43\/2023\/03\/postQueueImg_1679923845.41.jpg\",\"contentUrl\":\"https:\/\/static.africa-press.net\/cote\/sites\/43\/2023\/03\/postQueueImg_1679923845.41.jpg\",\"width\":720,\"height\":481,\"caption\":\"KKB annonce la tenue de la 26e \u00e9dition de la Journ\u00e9e Nationale de la Paix, du Pardon et du Souvenir \u00e0 Bouak\u00e9\"},{\"@type\":\"BreadcrumbList\",\"@id\":\"https:\/\/www.africa-press.net\/cotedivoire\/politique\/kkb-annonce-la-tenue-de-la-26e-edition-de-la-journee-nationale-de-la-paix-du-pardon-et-du-souvenir-a-bouake#breadcrumb\",\"itemListElement\":[{\"@type\":\"ListItem\",\"position\":1,\"name\":\"Accueil\",\"item\":\"https:\/\/www.africa-press.net\/cotedivoire\/\"},{\"@type\":\"ListItem\",\"position\":2,\"name\":\"KKB annonce la tenue de la 26e \u00e9dition de la Journ\u00e9e Nationale de la Paix, du Pardon et du Souvenir \u00e0 Bouak\u00e9\"}]},{\"@type\":\"WebSite\",\"@id\":\"https:\/\/www.africa-press.net\/cotedivoire\/#website\",\"url\":\"https:\/\/www.africa-press.net\/cotedivoire\/\",\"name\":\"C\u00f4te d&#039;Ivoire\",\"description\":\"Just another Africa News Agency Sites site\",\"potentialAction\":[{\"@type\":\"SearchAction\",\"target\":{\"@type\":\"EntryPoint\",\"urlTemplate\":\"https:\/\/www.africa-press.net\/cotedivoire\/?s={search_term_string}\"},\"query-input\":{\"@type\":\"PropertyValueSpecification\",\"valueRequired\":true,\"valueName\":\"search_term_string\"}}],\"inLanguage\":\"fr-FR\"},{\"@type\":\"Person\",\"@id\":\"https:\/\/www.africa-press.net\/cotedivoire\/#\/schema\/person\/2b1cf3cd81a31e3cd26889ca66d677f1\",\"name\":\"cfeditorfr\"}]}<\/script>\n<!-- \/ Yoast SEO Premium plugin. -->","yoast_head_json":{"title":"KKB annonce la tenue de la 26e \u00e9dition de la Journ\u00e9e Nationale de la Paix, du Pardon et du Souvenir \u00e0 Bouak\u00e9 - C\u00f4te d&#039;Ivoire","description":"La capitale de la re\u0301gion de Gbe\u0302ke\u0302, Bouake\u0301, abritera les festivite\u0301s marquant la 26e e\u0301dition de la ce\u0301le\u0301bration de ...","robots":{"index":"index","follow":"follow","max-snippet":"max-snippet:-1","max-image-preview":"max-image-preview:large","max-video-preview":"max-video-preview:-1"},"canonical":"https:\/\/www.africa-press.net\/cotedivoire\/politique\/kkb-annonce-la-tenue-de-la-26e-edition-de-la-journee-nationale-de-la-paix-du-pardon-et-du-souvenir-a-bouake","og_locale":"fr_FR","og_type":"article","og_title":"KKB annonce la tenue de la 26e \u00e9dition de la Journ\u00e9e Nationale de la Paix, du Pardon et du Souvenir \u00e0 Bouak\u00e9","og_description":"La capitale de la re\u0301gion de Gbe\u0302ke\u0302, Bouake\u0301, abritera les festivite\u0301s marquant la 26e e\u0301dition de la ce\u0301le\u0301bration de ...","og_url":"https:\/\/www.africa-press.net\/cotedivoire\/politique\/kkb-annonce-la-tenue-de-la-26e-edition-de-la-journee-nationale-de-la-paix-du-pardon-et-du-souvenir-a-bouake","og_site_name":"C\u00f4te d&#039;Ivoire","article_published_time":"2023-03-27T18:00:23+00:00","article_modified_time":"2023-03-28T11:59:07+00:00","og_image":[{"width":720,"height":481,"url":"https:\/\/static.africa-press.net\/cote\/sites\/43\/2023\/03\/postQueueImg_1679923845.41.jpg","type":"image\/jpeg"}],"author":"cfeditorfr","twitter_card":"summary_large_image","twitter_misc":{"\u00c9crit par":"cfeditorfr","Dur\u00e9e de lecture estim\u00e9e":"3 minutes"},"schema":{"@context":"https:\/\/schema.org","@graph":[{"@type":"Article","@id":"https:\/\/www.africa-press.net\/cotedivoire\/politique\/kkb-annonce-la-tenue-de-la-26e-edition-de-la-journee-nationale-de-la-paix-du-pardon-et-du-souvenir-a-bouake#article","isPartOf":{"@id":"https:\/\/www.africa-press.net\/cotedivoire\/politique\/kkb-annonce-la-tenue-de-la-26e-edition-de-la-journee-nationale-de-la-paix-du-pardon-et-du-souvenir-a-bouake"},"author":{"name":"cfeditorfr","@id":"https:\/\/www.africa-press.net\/cotedivoire\/#\/schema\/person\/2b1cf3cd81a31e3cd26889ca66d677f1"},"headline":"KKB annonce la tenue de la 26e \u00e9dition de la Journ\u00e9e Nationale de la Paix, du Pardon et du Souvenir \u00e0 Bouak\u00e9","datePublished":"2023-03-27T18:00:23+00:00","dateModified":"2023-03-28T11:59:07+00:00","mainEntityOfPage":{"@id":"https:\/\/www.africa-press.net\/cotedivoire\/politique\/kkb-annonce-la-tenue-de-la-26e-edition-de-la-journee-nationale-de-la-paix-du-pardon-et-du-souvenir-a-bouake"},"wordCount":497,"commentCount":0,"image":{"@id":"https:\/\/www.africa-press.net\/cotedivoire\/politique\/kkb-annonce-la-tenue-de-la-26e-edition-de-la-journee-nationale-de-la-paix-du-pardon-et-du-souvenir-a-bouake#primaryimage"},"thumbnailUrl":"https:\/\/static.africa-press.net\/cote\/sites\/43\/2023\/03\/postQueueImg_1679923845.41.jpg","keywords":["Africa Press","Africa Press-C\u00f4te d'Ivoire","Amadou Kon\u00e9","Bouak\u00e9","C\u00d4TE D'IVOIRE","Gb\u00eak\u00ea","journ\u00e9e","KKB","paix"],"articleSection":["Politique","Toutes les actualit\u00e9s"],"inLanguage":"fr-FR","potentialAction":[{"@type":"CommentAction","name":"Comment","target":["https:\/\/www.africa-press.net\/cotedivoire\/politique\/kkb-annonce-la-tenue-de-la-26e-edition-de-la-journee-nationale-de-la-paix-du-pardon-et-du-souvenir-a-bouake#respond"]}]},{"@type":"WebPage","@id":"https:\/\/www.africa-press.net\/cotedivoire\/politique\/kkb-annonce-la-tenue-de-la-26e-edition-de-la-journee-nationale-de-la-paix-du-pardon-et-du-souvenir-a-bouake","url":"https:\/\/www.africa-press.net\/cotedivoire\/politique\/kkb-annonce-la-tenue-de-la-26e-edition-de-la-journee-nationale-de-la-paix-du-pardon-et-du-souvenir-a-bouake","name":"KKB annonce la tenue de la 26e \u00e9dition de la Journ\u00e9e Nationale de la Paix, du Pardon et du Souvenir \u00e0 Bouak\u00e9 - C\u00f4te d&#039;Ivoire","isPartOf":{"@id":"https:\/\/www.africa-press.net\/cotedivoire\/#website"},"primaryImageOfPage":{"@id":"https:\/\/www.africa-press.net\/cotedivoire\/politique\/kkb-annonce-la-tenue-de-la-26e-edition-de-la-journee-nationale-de-la-paix-du-pardon-et-du-souvenir-a-bouake#primaryimage"},"image":{"@id":"https:\/\/www.africa-press.net\/cotedivoire\/politique\/kkb-annonce-la-tenue-de-la-26e-edition-de-la-journee-nationale-de-la-paix-du-pardon-et-du-souvenir-a-bouake#primaryimage"},"thumbnailUrl":"https:\/\/static.africa-press.net\/cote\/sites\/43\/2023\/03\/postQueueImg_1679923845.41.jpg","datePublished":"2023-03-27T18:00:23+00:00","dateModified":"2023-03-28T11:59:07+00:00","author":{"@id":"https:\/\/www.africa-press.net\/cotedivoire\/#\/schema\/person\/2b1cf3cd81a31e3cd26889ca66d677f1"},"description":"La capitale de la re\u0301gion de Gbe\u0302ke\u0302, Bouake\u0301, abritera les festivite\u0301s marquant la 26e e\u0301dition de la ce\u0301le\u0301bration de ...","breadcrumb":{"@id":"https:\/\/www.africa-press.net\/cotedivoire\/politique\/kkb-annonce-la-tenue-de-la-26e-edition-de-la-journee-nationale-de-la-paix-du-pardon-et-du-souvenir-a-bouake#breadcrumb"},"inLanguage":"fr-FR","potentialAction":[{"@type":"ReadAction","target":["https:\/\/www.africa-press.net\/cotedivoire\/politique\/kkb-annonce-la-tenue-de-la-26e-edition-de-la-journee-nationale-de-la-paix-du-pardon-et-du-souvenir-a-bouake"]}]},{"@type":"ImageObject","inLanguage":"fr-FR","@id":"https:\/\/www.africa-press.net\/cotedivoire\/politique\/kkb-annonce-la-tenue-de-la-26e-edition-de-la-journee-nationale-de-la-paix-du-pardon-et-du-souvenir-a-bouake#primaryimage","url":"https:\/\/static.africa-press.net\/cote\/sites\/43\/2023\/03\/postQueueImg_1679923845.41.jpg","contentUrl":"https:\/\/static.africa-press.net\/cote\/sites\/43\/2023\/03\/postQueueImg_1679923845.41.jpg","width":720,"height":481,"caption":"KKB annonce la tenue de la 26e \u00e9dition de la Journ\u00e9e Nationale de la Paix, du Pardon et du Souvenir \u00e0 Bouak\u00e9"},{"@type":"BreadcrumbList","@id":"https:\/\/www.africa-press.net\/cotedivoire\/politique\/kkb-annonce-la-tenue-de-la-26e-edition-de-la-journee-nationale-de-la-paix-du-pardon-et-du-souvenir-a-bouake#breadcrumb","itemListElement":[{"@type":"ListItem","position":1,"name":"Accueil","item":"https:\/\/www.africa-press.net\/cotedivoire\/"},{"@type":"ListItem","position":2,"name":"KKB annonce la tenue de la 26e \u00e9dition de la Journ\u00e9e Nationale de la Paix, du Pardon et du Souvenir \u00e0 Bouak\u00e9"}]},{"@type":"WebSite","@id":"https:\/\/www.africa-press.net\/cotedivoire\/#website","url":"https:\/\/www.africa-press.net\/cotedivoire\/","name":"C\u00f4te d&#039;Ivoire","description":"Just another Africa News Agency Sites site","potentialAction":[{"@type":"SearchAction","target":{"@type":"EntryPoint","urlTemplate":"https:\/\/www.africa-press.net\/cotedivoire\/?s={search_term_string}"},"query-input":{"@type":"PropertyValueSpecification","valueRequired":true,"valueName":"search_term_string"}}],"inLanguage":"fr-FR"},{"@type":"Person","@id":"https:\/\/www.africa-press.net\/cotedivoire\/#\/schema\/person\/2b1cf3cd81a31e3cd26889ca66d677f1","name":"cfeditorfr"}]}},"_links":{"self":[{"href":"https:\/\/www.africa-press.net\/cotedivoire\/wp-json\/wp\/v2\/posts\/55573","targetHints":{"allow":["GET"]}}],"collection":[{"href":"https:\/\/www.africa-press.net\/cotedivoire\/wp-json\/wp\/v2\/posts"}],"about":[{"href":"https:\/\/www.africa-press.net\/cotedivoire\/wp-json\/wp\/v2\/types\/post"}],"author":[{"embeddable":true,"href":"https:\/\/www.africa-press.net\/cotedivoire\/wp-json\/wp\/v2\/users\/82"}],"replies":[{"embeddable":true,"href":"https:\/\/www.africa-press.net\/cotedivoire\/wp-json\/wp\/v2\/comments?post=55573"}],"version-history":[{"count":0,"href":"https:\/\/www.africa-press.net\/cotedivoire\/wp-json\/wp\/v2\/posts\/55573\/revisions"}],"wp:featuredmedia":[{"embeddable":true,"href":"https:\/\/www.africa-press.net\/cotedivoire\/wp-json\/wp\/v2\/media\/55572"}],"wp:attachment":[{"href":"https:\/\/www.africa-press.net\/cotedivoire\/wp-json\/wp\/v2\/media?parent=55573"}],"wp:term":[{"taxonomy":"category","embeddable":true,"href":"https:\/\/www.africa-press.net\/cotedivoire\/wp-json\/wp\/v2\/categories?post=55573"},{"taxonomy":"post_tag","embeddable":true,"href":"https:\/\/www.africa-press.net\/cotedivoire\/wp-json\/wp\/v2\/tags?post=55573"}],"curies":[{"name":"wp","href":"https:\/\/api.w.org\/{rel}","templated":true}]}}