{"id":55704,"date":"2023-03-30T13:39:12","date_gmt":"2023-03-30T13:39:12","guid":{"rendered":"https:\/\/www.africa-press.net\/cotedivoire\/?p=55704"},"modified":"2023-03-30T10:58:21","modified_gmt":"2023-03-30T10:58:21","slug":"cisse-sakande-dg-de-snedai-technologies-doublement-prime-par-le-padel-au-maroc","status":"publish","type":"post","link":"https:\/\/www.africa-press.net\/cotedivoire\/economie\/cisse-sakande-dg-de-snedai-technologies-doublement-prime-par-le-padel-au-maroc","title":{"rendered":"Ciss\u00e9 Sakand\u00e9, DG de Snedai Technologies, doublement prim\u00e9 par le PADEL au Maroc"},"content":{"rendered":"<p><span style=\"color: #ff6600\"><strong>Africa-Press &#8211; C\u00f4te d&rsquo;Ivoire. <\/strong><\/span>Chaque anne\u0301e, le PADEL (Prix Panafricain des Leaders) re\u0301compense des dirigeants africains dans le domaine des affaires, du management et de l\u2019industrie.<\/p>\n<p>Et cette anne\u0301e, c&rsquo;est a\u0300 Casablanca, au Maroc, que s&rsquo;est de\u0301roule\u0301e la 11e e\u0301dition de cet e\u0301ve\u0301nement organise\u0301 par l&rsquo;association NOV\u2019AFRIQUE. Et parmi les laure\u0301ats de cette e\u0301dition, le groupe SNEDAI s&rsquo;est vu doublement honore\u0301, gra\u0302ce a\u0300 sa filiale SNEDAI TECHNOLOGIES.<\/p>\n<p>En effet, le directeur ge\u0301ne\u0301ral de SNEDAI TECHNOLOGIES, Cisse\u0301 Sakande\u0301, a remporte\u0301 deux prix lors de cette soire\u0301e de gala, le Grand Prix Panafricain des Leaders et le Super Grand Prix PADEL dans la cate\u0301gorie OR, de\u0301signe\u0301 \u00ab Meilleur manager de l&rsquo;innovation technologique \u00bb. Un double sacre qui re\u0301compense l&rsquo;expertise et l&rsquo;engagement de Cisse\u0301 Sakande\u0301 dans le domaine de l&rsquo;innovation technologique.<\/p>\n<p>Inge\u0301nieur informaticien, Cisse\u0301 Sakande\u0301 a remporte\u0301 le Super Grand Prix Panafricain des Leaders 2023 pour sa contribution a\u0300 l&rsquo;innovation technologique en Co\u0302te d&rsquo;Ivoire principalement. Il a e\u0301te\u0301 reconnu comme e\u0301tant le Meilleur Manager dans la transformation nume\u0301rique des services aux citoyens lors d&rsquo;une ce\u0301re\u0301monie de remise des prix a\u0300 Casablanca, au Maroc, qui a rassemble\u0301 plus d\u2019une centaine de personnalite\u0301s du monde des affaires, des hommes d\u2019affaires et des personnalite\u0301s politiques et diplomatiques.<\/p>\n<p>Le discret cadre, originaire de la re\u0301gion de la Bagoue\u0301, a dirige\u0301 une e\u0301quipe de jeunes inge\u0301nieurs ambitieux et bien forme\u0301s pour re\u0301aliser plusieurs projets novateurs dans le domaine des technologies nume\u0301riques depuis 2017. SNEDAI TECHNOLOGIES a notamment mis en place une plateforme technologique pour la CNAM dans le cadre de la mise en place de la CMU. La socie\u0301te\u0301 a e\u0301galement de\u0301veloppe\u0301 une plateforme de ePatente et une application web eLiasse permettant aux contribuables (entreprises) d&rsquo;effectuer leurs de\u0301clarations fiscales en ligne. Elle a e\u0301galement conc\u0327u et re\u0301alise\u0301 une plate-forme de me\u0301diation financie\u0300re nume\u0301rique, ainsi que la conception et re\u0301alisation d&rsquo;une plate-forme de demande et d&rsquo;obtention de passeports biome\u0301triques se\u0301curise\u0301s en 72 heures.<\/p>\n<p>Mais c&rsquo;est la plate-forme de passeports biome\u0301triques remarque\u0301e, car elle a permis de re\u0301soudre l&rsquo;e\u0301pineux proble\u0300me des longues files d&rsquo;attente et de faux-frais pour l&rsquo;obtention de ce document important. Gra\u0302ce a\u0300 la plate-forme \u00ab\u00a0monpasseport.ci\u00a0\u00bb, les demandeurs peuvent de\u0301sormais effectuer leur pre\u0301-enro\u0302lement en ligne, prendre rendez-vous pour finaliser leur enro\u0302lement a\u0300 une date et heure qui leur conviennent, et payer les frais de timbre-passeport en ligne.<\/p>\n<p>La dynamique de la transformation nume\u0301rique des services et processus, ope\u0301re\u0301e par SNEDAI TECHNOLOGIES entend avoir aussi un impact social important et devenir un exemple pour les autres entreprises africaines. Le Super Grand Prix Panafricain des Leaders-PADEL 2023 de\u0301cerne\u0301 a\u0300 Cisse\u0301 Sakande\u0301 apparait comme une reconnaissance de son leadership et de son engagement en faveur de l&rsquo;innovation technologique en Afrique.<\/p>\n<p><strong>Pour plus d&rsquo;informations et d&rsquo;analyses sur la <a href=\"https:\/\/www.africa-press.net\/cotedivoire\">C\u00f4te d&rsquo;Ivoire<\/a>, suivez <a href=\"https:\/\/www.africa-press.net\/\">Africa-Press<\/a><\/strong><\/p>\n","protected":false},"excerpt":{"rendered":"<p>Africa-Press &#8211; C\u00f4te d&rsquo;Ivoire. Chaque anne\u0301e, le PADEL (Prix Panafricain des Leaders) re\u0301compense des dirigeants africains dans le domaine des affaires, du management et de l\u2019industrie. Et cette anne\u0301e, c&rsquo;est a\u0300 Casablanca, au Maroc, que s&rsquo;est de\u0301roule\u0301e la 11e e\u0301dition de cet e\u0301ve\u0301nement organise\u0301 par l&rsquo;association NOV\u2019AFRIQUE. Et parmi les laure\u0301ats de cette e\u0301dition, le [&hellip;]<\/p>\n","protected":false},"author":82,"featured_media":55702,"comment_status":"open","ping_status":"closed","sticky":false,"template":"","format":"standard","meta":{"footnotes":""},"categories":[3,10],"tags":[56,63,406,9589,29,9588,9590,1060,6436],"class_list":["post-55704","post","type-post","status-publish","format-standard","has-post-thumbnail","hentry","category-economie","category-toutes-les-actualites","tag-africa-press","tag-africa-press-cote-divoire","tag-bagoue","tag-cisse-sakande","tag-cote-divoire","tag-novafrique","tag-padel","tag-prix","tag-snedai"],"yoast_head":"<!-- This site is optimized with the Yoast SEO Premium plugin v26.1 (Yoast SEO v27.0) - https:\/\/yoast.com\/product\/yoast-seo-premium-wordpress\/ -->\n<title>Ciss\u00e9 Sakand\u00e9, DG de Snedai Technologies, doublement prim\u00e9 par le PADEL au Maroc - C\u00f4te d&#039;Ivoire<\/title>\n<meta name=\"description\" content=\"Chaque anne\u0301e, le PADEL (Prix Panafricain des Leaders) re\u0301compense des dirigeants africains dans le domaine des affaires ...\" \/>\n<meta name=\"robots\" content=\"index, follow, max-snippet:-1, max-image-preview:large, max-video-preview:-1\" \/>\n<link rel=\"canonical\" href=\"https:\/\/www.africa-press.net\/cotedivoire\/economie\/cisse-sakande-dg-de-snedai-technologies-doublement-prime-par-le-padel-au-maroc\" \/>\n<meta property=\"og:locale\" content=\"fr_FR\" \/>\n<meta property=\"og:type\" content=\"article\" \/>\n<meta property=\"og:title\" content=\"Ciss\u00e9 Sakand\u00e9, DG de Snedai Technologies, doublement prim\u00e9 par le PADEL au Maroc\" \/>\n<meta property=\"og:description\" content=\"Chaque anne\u0301e, le PADEL (Prix Panafricain des Leaders) re\u0301compense des dirigeants africains dans le domaine des affaires ...\" \/>\n<meta property=\"og:url\" content=\"https:\/\/www.africa-press.net\/cotedivoire\/economie\/cisse-sakande-dg-de-snedai-technologies-doublement-prime-par-le-padel-au-maroc\" \/>\n<meta property=\"og:site_name\" content=\"C\u00f4te d&#039;Ivoire\" \/>\n<meta property=\"article:published_time\" content=\"2023-03-30T13:39:12+00:00\" \/>\n<meta property=\"og:image\" content=\"https:\/\/static.africa-press.net\/cote\/sites\/43\/2023\/03\/postQueueImg_1680156394.40.jpg\" \/>\n\t<meta property=\"og:image:width\" content=\"720\" \/>\n\t<meta property=\"og:image:height\" content=\"370\" \/>\n\t<meta property=\"og:image:type\" content=\"image\/jpeg\" \/>\n<meta name=\"author\" content=\"cfeditorfr\" \/>\n<meta name=\"twitter:card\" content=\"summary_large_image\" \/>\n<meta name=\"twitter:label1\" content=\"\u00c9crit par\" \/>\n\t<meta name=\"twitter:data1\" content=\"cfeditorfr\" \/>\n\t<meta name=\"twitter:label2\" content=\"Dur\u00e9e de lecture estim\u00e9e\" \/>\n\t<meta name=\"twitter:data2\" content=\"3 minutes\" \/>\n<script type=\"application\/ld+json\" class=\"yoast-schema-graph\">{\"@context\":\"https:\/\/schema.org\",\"@graph\":[{\"@type\":\"Article\",\"@id\":\"https:\/\/www.africa-press.net\/cotedivoire\/economie\/cisse-sakande-dg-de-snedai-technologies-doublement-prime-par-le-padel-au-maroc#article\",\"isPartOf\":{\"@id\":\"https:\/\/www.africa-press.net\/cotedivoire\/economie\/cisse-sakande-dg-de-snedai-technologies-doublement-prime-par-le-padel-au-maroc\"},\"author\":{\"name\":\"cfeditorfr\",\"@id\":\"https:\/\/www.africa-press.net\/cotedivoire\/#\/schema\/person\/2b1cf3cd81a31e3cd26889ca66d677f1\"},\"headline\":\"Ciss\u00e9 Sakand\u00e9, DG de Snedai Technologies, doublement prim\u00e9 par le PADEL au Maroc\",\"datePublished\":\"2023-03-30T13:39:12+00:00\",\"mainEntityOfPage\":{\"@id\":\"https:\/\/www.africa-press.net\/cotedivoire\/economie\/cisse-sakande-dg-de-snedai-technologies-doublement-prime-par-le-padel-au-maroc\"},\"wordCount\":547,\"commentCount\":0,\"image\":{\"@id\":\"https:\/\/www.africa-press.net\/cotedivoire\/economie\/cisse-sakande-dg-de-snedai-technologies-doublement-prime-par-le-padel-au-maroc#primaryimage\"},\"thumbnailUrl\":\"https:\/\/static.africa-press.net\/cote\/sites\/43\/2023\/03\/postQueueImg_1680156394.40.jpg\",\"keywords\":[\"Africa Press\",\"Africa Press-C\u00f4te d'Ivoire\",\"Bagou\u00e9\",\"Ciss\u00e9 Sakand\u00e9\",\"C\u00d4TE D'IVOIRE\",\"NOV\u2019AFRIQUE\",\"PADEL\",\"Prix\",\"Snedai\"],\"articleSection\":[\"\u00c9conomie\",\"Toutes les actualit\u00e9s\"],\"inLanguage\":\"fr-FR\",\"potentialAction\":[{\"@type\":\"CommentAction\",\"name\":\"Comment\",\"target\":[\"https:\/\/www.africa-press.net\/cotedivoire\/economie\/cisse-sakande-dg-de-snedai-technologies-doublement-prime-par-le-padel-au-maroc#respond\"]}]},{\"@type\":\"WebPage\",\"@id\":\"https:\/\/www.africa-press.net\/cotedivoire\/economie\/cisse-sakande-dg-de-snedai-technologies-doublement-prime-par-le-padel-au-maroc\",\"url\":\"https:\/\/www.africa-press.net\/cotedivoire\/economie\/cisse-sakande-dg-de-snedai-technologies-doublement-prime-par-le-padel-au-maroc\",\"name\":\"Ciss\u00e9 Sakand\u00e9, DG de Snedai Technologies, doublement prim\u00e9 par le PADEL au Maroc - C\u00f4te d&#039;Ivoire\",\"isPartOf\":{\"@id\":\"https:\/\/www.africa-press.net\/cotedivoire\/#website\"},\"primaryImageOfPage\":{\"@id\":\"https:\/\/www.africa-press.net\/cotedivoire\/economie\/cisse-sakande-dg-de-snedai-technologies-doublement-prime-par-le-padel-au-maroc#primaryimage\"},\"image\":{\"@id\":\"https:\/\/www.africa-press.net\/cotedivoire\/economie\/cisse-sakande-dg-de-snedai-technologies-doublement-prime-par-le-padel-au-maroc#primaryimage\"},\"thumbnailUrl\":\"https:\/\/static.africa-press.net\/cote\/sites\/43\/2023\/03\/postQueueImg_1680156394.40.jpg\",\"datePublished\":\"2023-03-30T13:39:12+00:00\",\"author\":{\"@id\":\"https:\/\/www.africa-press.net\/cotedivoire\/#\/schema\/person\/2b1cf3cd81a31e3cd26889ca66d677f1\"},\"description\":\"Chaque anne\u0301e, le PADEL (Prix Panafricain des Leaders) re\u0301compense des dirigeants africains dans le domaine des affaires ...\",\"breadcrumb\":{\"@id\":\"https:\/\/www.africa-press.net\/cotedivoire\/economie\/cisse-sakande-dg-de-snedai-technologies-doublement-prime-par-le-padel-au-maroc#breadcrumb\"},\"inLanguage\":\"fr-FR\",\"potentialAction\":[{\"@type\":\"ReadAction\",\"target\":[\"https:\/\/www.africa-press.net\/cotedivoire\/economie\/cisse-sakande-dg-de-snedai-technologies-doublement-prime-par-le-padel-au-maroc\"]}]},{\"@type\":\"ImageObject\",\"inLanguage\":\"fr-FR\",\"@id\":\"https:\/\/www.africa-press.net\/cotedivoire\/economie\/cisse-sakande-dg-de-snedai-technologies-doublement-prime-par-le-padel-au-maroc#primaryimage\",\"url\":\"https:\/\/static.africa-press.net\/cote\/sites\/43\/2023\/03\/postQueueImg_1680156394.40.jpg\",\"contentUrl\":\"https:\/\/static.africa-press.net\/cote\/sites\/43\/2023\/03\/postQueueImg_1680156394.40.jpg\",\"width\":720,\"height\":370,\"caption\":\"Ciss\u00e9 Sakand\u00e9, DG de Snedai Technologies, doublement prim\u00e9 par le PADEL au Maroc\"},{\"@type\":\"BreadcrumbList\",\"@id\":\"https:\/\/www.africa-press.net\/cotedivoire\/economie\/cisse-sakande-dg-de-snedai-technologies-doublement-prime-par-le-padel-au-maroc#breadcrumb\",\"itemListElement\":[{\"@type\":\"ListItem\",\"position\":1,\"name\":\"Accueil\",\"item\":\"https:\/\/www.africa-press.net\/cotedivoire\/\"},{\"@type\":\"ListItem\",\"position\":2,\"name\":\"Ciss\u00e9 Sakand\u00e9, DG de Snedai Technologies, doublement prim\u00e9 par le PADEL au Maroc\"}]},{\"@type\":\"WebSite\",\"@id\":\"https:\/\/www.africa-press.net\/cotedivoire\/#website\",\"url\":\"https:\/\/www.africa-press.net\/cotedivoire\/\",\"name\":\"C\u00f4te d&#039;Ivoire\",\"description\":\"Just another Africa News Agency Sites site\",\"potentialAction\":[{\"@type\":\"SearchAction\",\"target\":{\"@type\":\"EntryPoint\",\"urlTemplate\":\"https:\/\/www.africa-press.net\/cotedivoire\/?s={search_term_string}\"},\"query-input\":{\"@type\":\"PropertyValueSpecification\",\"valueRequired\":true,\"valueName\":\"search_term_string\"}}],\"inLanguage\":\"fr-FR\"},{\"@type\":\"Person\",\"@id\":\"https:\/\/www.africa-press.net\/cotedivoire\/#\/schema\/person\/2b1cf3cd81a31e3cd26889ca66d677f1\",\"name\":\"cfeditorfr\"}]}<\/script>\n<!-- \/ Yoast SEO Premium plugin. -->","yoast_head_json":{"title":"Ciss\u00e9 Sakand\u00e9, DG de Snedai Technologies, doublement prim\u00e9 par le PADEL au Maroc - C\u00f4te d&#039;Ivoire","description":"Chaque anne\u0301e, le PADEL (Prix Panafricain des Leaders) re\u0301compense des dirigeants africains dans le domaine des affaires ...","robots":{"index":"index","follow":"follow","max-snippet":"max-snippet:-1","max-image-preview":"max-image-preview:large","max-video-preview":"max-video-preview:-1"},"canonical":"https:\/\/www.africa-press.net\/cotedivoire\/economie\/cisse-sakande-dg-de-snedai-technologies-doublement-prime-par-le-padel-au-maroc","og_locale":"fr_FR","og_type":"article","og_title":"Ciss\u00e9 Sakand\u00e9, DG de Snedai Technologies, doublement prim\u00e9 par le PADEL au Maroc","og_description":"Chaque anne\u0301e, le PADEL (Prix Panafricain des Leaders) re\u0301compense des dirigeants africains dans le domaine des affaires ...","og_url":"https:\/\/www.africa-press.net\/cotedivoire\/economie\/cisse-sakande-dg-de-snedai-technologies-doublement-prime-par-le-padel-au-maroc","og_site_name":"C\u00f4te d&#039;Ivoire","article_published_time":"2023-03-30T13:39:12+00:00","og_image":[{"width":720,"height":370,"url":"https:\/\/static.africa-press.net\/cote\/sites\/43\/2023\/03\/postQueueImg_1680156394.40.jpg","type":"image\/jpeg"}],"author":"cfeditorfr","twitter_card":"summary_large_image","twitter_misc":{"\u00c9crit par":"cfeditorfr","Dur\u00e9e de lecture estim\u00e9e":"3 minutes"},"schema":{"@context":"https:\/\/schema.org","@graph":[{"@type":"Article","@id":"https:\/\/www.africa-press.net\/cotedivoire\/economie\/cisse-sakande-dg-de-snedai-technologies-doublement-prime-par-le-padel-au-maroc#article","isPartOf":{"@id":"https:\/\/www.africa-press.net\/cotedivoire\/economie\/cisse-sakande-dg-de-snedai-technologies-doublement-prime-par-le-padel-au-maroc"},"author":{"name":"cfeditorfr","@id":"https:\/\/www.africa-press.net\/cotedivoire\/#\/schema\/person\/2b1cf3cd81a31e3cd26889ca66d677f1"},"headline":"Ciss\u00e9 Sakand\u00e9, DG de Snedai Technologies, doublement prim\u00e9 par le PADEL au Maroc","datePublished":"2023-03-30T13:39:12+00:00","mainEntityOfPage":{"@id":"https:\/\/www.africa-press.net\/cotedivoire\/economie\/cisse-sakande-dg-de-snedai-technologies-doublement-prime-par-le-padel-au-maroc"},"wordCount":547,"commentCount":0,"image":{"@id":"https:\/\/www.africa-press.net\/cotedivoire\/economie\/cisse-sakande-dg-de-snedai-technologies-doublement-prime-par-le-padel-au-maroc#primaryimage"},"thumbnailUrl":"https:\/\/static.africa-press.net\/cote\/sites\/43\/2023\/03\/postQueueImg_1680156394.40.jpg","keywords":["Africa Press","Africa Press-C\u00f4te d'Ivoire","Bagou\u00e9","Ciss\u00e9 Sakand\u00e9","C\u00d4TE D'IVOIRE","NOV\u2019AFRIQUE","PADEL","Prix","Snedai"],"articleSection":["\u00c9conomie","Toutes les actualit\u00e9s"],"inLanguage":"fr-FR","potentialAction":[{"@type":"CommentAction","name":"Comment","target":["https:\/\/www.africa-press.net\/cotedivoire\/economie\/cisse-sakande-dg-de-snedai-technologies-doublement-prime-par-le-padel-au-maroc#respond"]}]},{"@type":"WebPage","@id":"https:\/\/www.africa-press.net\/cotedivoire\/economie\/cisse-sakande-dg-de-snedai-technologies-doublement-prime-par-le-padel-au-maroc","url":"https:\/\/www.africa-press.net\/cotedivoire\/economie\/cisse-sakande-dg-de-snedai-technologies-doublement-prime-par-le-padel-au-maroc","name":"Ciss\u00e9 Sakand\u00e9, DG de Snedai Technologies, doublement prim\u00e9 par le PADEL au Maroc - C\u00f4te d&#039;Ivoire","isPartOf":{"@id":"https:\/\/www.africa-press.net\/cotedivoire\/#website"},"primaryImageOfPage":{"@id":"https:\/\/www.africa-press.net\/cotedivoire\/economie\/cisse-sakande-dg-de-snedai-technologies-doublement-prime-par-le-padel-au-maroc#primaryimage"},"image":{"@id":"https:\/\/www.africa-press.net\/cotedivoire\/economie\/cisse-sakande-dg-de-snedai-technologies-doublement-prime-par-le-padel-au-maroc#primaryimage"},"thumbnailUrl":"https:\/\/static.africa-press.net\/cote\/sites\/43\/2023\/03\/postQueueImg_1680156394.40.jpg","datePublished":"2023-03-30T13:39:12+00:00","author":{"@id":"https:\/\/www.africa-press.net\/cotedivoire\/#\/schema\/person\/2b1cf3cd81a31e3cd26889ca66d677f1"},"description":"Chaque anne\u0301e, le PADEL (Prix Panafricain des Leaders) re\u0301compense des dirigeants africains dans le domaine des affaires ...","breadcrumb":{"@id":"https:\/\/www.africa-press.net\/cotedivoire\/economie\/cisse-sakande-dg-de-snedai-technologies-doublement-prime-par-le-padel-au-maroc#breadcrumb"},"inLanguage":"fr-FR","potentialAction":[{"@type":"ReadAction","target":["https:\/\/www.africa-press.net\/cotedivoire\/economie\/cisse-sakande-dg-de-snedai-technologies-doublement-prime-par-le-padel-au-maroc"]}]},{"@type":"ImageObject","inLanguage":"fr-FR","@id":"https:\/\/www.africa-press.net\/cotedivoire\/economie\/cisse-sakande-dg-de-snedai-technologies-doublement-prime-par-le-padel-au-maroc#primaryimage","url":"https:\/\/static.africa-press.net\/cote\/sites\/43\/2023\/03\/postQueueImg_1680156394.40.jpg","contentUrl":"https:\/\/static.africa-press.net\/cote\/sites\/43\/2023\/03\/postQueueImg_1680156394.40.jpg","width":720,"height":370,"caption":"Ciss\u00e9 Sakand\u00e9, DG de Snedai Technologies, doublement prim\u00e9 par le PADEL au Maroc"},{"@type":"BreadcrumbList","@id":"https:\/\/www.africa-press.net\/cotedivoire\/economie\/cisse-sakande-dg-de-snedai-technologies-doublement-prime-par-le-padel-au-maroc#breadcrumb","itemListElement":[{"@type":"ListItem","position":1,"name":"Accueil","item":"https:\/\/www.africa-press.net\/cotedivoire\/"},{"@type":"ListItem","position":2,"name":"Ciss\u00e9 Sakand\u00e9, DG de Snedai Technologies, doublement prim\u00e9 par le PADEL au Maroc"}]},{"@type":"WebSite","@id":"https:\/\/www.africa-press.net\/cotedivoire\/#website","url":"https:\/\/www.africa-press.net\/cotedivoire\/","name":"C\u00f4te d&#039;Ivoire","description":"Just another Africa News Agency Sites site","potentialAction":[{"@type":"SearchAction","target":{"@type":"EntryPoint","urlTemplate":"https:\/\/www.africa-press.net\/cotedivoire\/?s={search_term_string}"},"query-input":{"@type":"PropertyValueSpecification","valueRequired":true,"valueName":"search_term_string"}}],"inLanguage":"fr-FR"},{"@type":"Person","@id":"https:\/\/www.africa-press.net\/cotedivoire\/#\/schema\/person\/2b1cf3cd81a31e3cd26889ca66d677f1","name":"cfeditorfr"}]}},"_links":{"self":[{"href":"https:\/\/www.africa-press.net\/cotedivoire\/wp-json\/wp\/v2\/posts\/55704","targetHints":{"allow":["GET"]}}],"collection":[{"href":"https:\/\/www.africa-press.net\/cotedivoire\/wp-json\/wp\/v2\/posts"}],"about":[{"href":"https:\/\/www.africa-press.net\/cotedivoire\/wp-json\/wp\/v2\/types\/post"}],"author":[{"embeddable":true,"href":"https:\/\/www.africa-press.net\/cotedivoire\/wp-json\/wp\/v2\/users\/82"}],"replies":[{"embeddable":true,"href":"https:\/\/www.africa-press.net\/cotedivoire\/wp-json\/wp\/v2\/comments?post=55704"}],"version-history":[{"count":0,"href":"https:\/\/www.africa-press.net\/cotedivoire\/wp-json\/wp\/v2\/posts\/55704\/revisions"}],"wp:featuredmedia":[{"embeddable":true,"href":"https:\/\/www.africa-press.net\/cotedivoire\/wp-json\/wp\/v2\/media\/55702"}],"wp:attachment":[{"href":"https:\/\/www.africa-press.net\/cotedivoire\/wp-json\/wp\/v2\/media?parent=55704"}],"wp:term":[{"taxonomy":"category","embeddable":true,"href":"https:\/\/www.africa-press.net\/cotedivoire\/wp-json\/wp\/v2\/categories?post=55704"},{"taxonomy":"post_tag","embeddable":true,"href":"https:\/\/www.africa-press.net\/cotedivoire\/wp-json\/wp\/v2\/tags?post=55704"}],"curies":[{"name":"wp","href":"https:\/\/api.w.org\/{rel}","templated":true}]}}