{"id":55735,"date":"2023-03-30T16:15:01","date_gmt":"2023-03-30T16:15:01","guid":{"rendered":"https:\/\/www.africa-press.net\/cotedivoire\/politique\/abidjan-renonce-a-lorganisation-de-la-3eme-edition-de-la-foire-commerciale-intra-africain-le-cpu-pme-ci-demande-des-comptes-a-letat"},"modified":"2023-03-30T17:04:03","modified_gmt":"2023-03-30T17:04:03","slug":"abidjan-renonce-a-lorganisation-de-la-3eme-edition-de-la-foire-commerciale-intra-africain-le-cpu-pme-ci-demande-des-comptes-a-letat","status":"publish","type":"post","link":"https:\/\/www.africa-press.net\/cotedivoire\/economie\/abidjan-renonce-a-lorganisation-de-la-3eme-edition-de-la-foire-commerciale-intra-africain-le-cpu-pme-ci-demande-des-comptes-a-letat","title":{"rendered":"Abidjan renonce \u00e0 l&rsquo;organisation de la 3\u00e8me \u00e9dition de la Foire commerciale Intra-africain, le CPU-PME.CI \u00abdemande des comptes \u00bb \u00e0 l&rsquo;Etat"},"content":{"rendered":"<p><span style=\"color: #ff6600\"><strong>Africa-Press &#8211; C\u00f4te d&rsquo;Ivoire. <\/strong><\/span>La Co\u0302te d&rsquo;Ivoire renonce a\u0300 l&rsquo;organisation de la troisie\u0300me e\u0301dition de la Foire commerciale Intra-africaine (IATF) initialement pre\u0301vue du 21 au 27 novembre 2023.<\/p>\n<p>Pourquoi donc ce revirement de situation puisque, parce que dans son discours a\u0300 la nation, le chef de l&rsquo;Etat de\u0301clarait le 31 de\u0301cembre 2022. \u00ab La Co\u0302te d&rsquo;Ivoire a pris rendez-vous, avec deux e\u0301ve\u0300nements majeurs en 2023\/2024. Il s&rsquo;agit de la Foire Commerciale Intra-Africaine en novembre 2023 et de la Coupe d&rsquo;Afrique des Nations (CAN) en janvier\/fe\u0301vrier 2024. Nous serons ainsi tous appele\u0301s a\u0300 continuer a\u0300 faire montre de la grande hospitalite\u0301 qui caracte\u0301rise notre Nation \u00bb.<\/p>\n<p>Dans une de\u0301claration de presse en notre possession, la Confe\u0301de\u0301ration patronale unique des petites et moyennes entreprises de la Co\u0302te d&rsquo;Ivoire (CPU-PME.CI) pre\u0301side\u0301e par Dr Moussa Elias Farakhan Diomande\u0301, marque son e\u0301tonnement face a\u0300 cette de\u0301cision des autorite\u0301s ivoiriennes de ne plus organiser cet important e\u0301ve\u0301nement.<\/p>\n<p>\u00ab Cette posture est d&rsquo;autant plus de\u0301concertante que, le Pre\u0301sident de la Re\u0301publique de Co\u0302te d&rsquo;Ivoire, conside\u0301rant que la Foire Intra-Africaine est une activite\u0301 commerciale et une re\u0301elle opportunite\u0301 pour les acteurs locaux (les PME et le secteur prive\u0301 national), avait entretenu l&rsquo;ensemble des Ivoiriens sur l&rsquo;importance de cet e\u0301ve\u0300nement, unique en son genre, dans son discours a\u0300 la Nation du 31 de\u0301cembre 2022 \u00bb, lit-on dans le document en notre possession.<\/p>\n<p>\u00abLes PME ivoiriennes, vis-a\u0300-vis de cette de\u0301cision, se sentent donc mal a\u0300 l&rsquo;aise, trahies et me\u0301prise\u0301es, tant les arguments avance\u0301s, pour justifier cette volte-face, sont faibles. Elles manquent ainsi l&rsquo;occasion qui devait leur permettre, tout en restant sur place, de se frotter au savoir-faire des PME des pays fre\u0300res de la ZLECAF \u00bb, pre\u0301cise, le communique\u0301 de presse.<\/p>\n<p>Dr Moussa Elias Farakhan estime que ce de\u0301sistement entache a\u0300 nouveau l&rsquo;image de la Co\u0302te d&rsquo;Ivoire, apre\u0300s l&rsquo;e\u0301pisode regrettable et o\u0302 combien frustrant du SIAO 2023.<\/p>\n<p>La Confe\u0301de\u0301ration Patronale Unique des PME de Co\u0302te d&rsquo;Ivoire, \u00ab Premie\u0300re Puissance Patronale \u00bb de Co\u0302te d&rsquo;Ivoire, interpelle-t-elle les pouvoirs publics et attire l&rsquo;attention du Pre\u0301sident de la Re\u0301publique de Co\u0302te d&rsquo;Ivoire sur la cacophonie qui re\u0300gne de plus en plus dans le processus de\u0301cisionnel et sa mise en \u0153uvre dans le pays.<\/p>\n<p>Elle souhaite enfin, avec insistance, que toute la lumie\u0300re soit faite sur ce de\u0301sistement qui intervient a\u0300 9 neuf mois de l&rsquo;e\u0301che\u0301ance pre\u0301vue ; afin que les responsabilite\u0301s soient situe\u0301es.<\/p>\n<p>\u00ab Ce souhait de la CPUPME.CI est d&rsquo;autant plus fonde\u0301 que des parties prenantes exigent de la Co\u0302te d&rsquo;Ivoire, du fait de son renoncement, conforme\u0301ment a\u0300 l&rsquo;accord de convention du pays ho\u0302te, de rembourser les frais engage\u0301s jusqu&rsquo;ici \u00bb, conclut, le document de presse.<\/p>\n<p><strong>Pour plus d&rsquo;informations et d&rsquo;analyses sur la <a href=\"https:\/\/www.africa-press.net\/cotedivoire\">C\u00f4te d&rsquo;Ivoire<\/a>, suivez <a href=\"https:\/\/www.africa-press.net\/\">Africa-Press<\/a><\/strong><\/p>\n","protected":false},"excerpt":{"rendered":"<p>Africa-Press &#8211; C\u00f4te d&rsquo;Ivoire. La Co\u0302te d&rsquo;Ivoire renonce a\u0300 l&rsquo;organisation de la troisie\u0300me e\u0301dition de la Foire commerciale Intra-africaine (IATF) initialement pre\u0301vue du 21 au 27 novembre 2023. Pourquoi donc ce revirement de situation puisque, parce que dans son discours a\u0300 la nation, le chef de l&rsquo;Etat de\u0301clarait le 31 de\u0301cembre 2022. \u00ab La Co\u0302te [&hellip;]<\/p>\n","protected":false},"author":82,"featured_media":55733,"comment_status":"open","ping_status":"closed","sticky":false,"template":"","format":"standard","meta":{"footnotes":""},"categories":[3,10],"tags":[56,63,29,9599,9195,9598],"class_list":["post-55735","post","type-post","status-publish","format-standard","has-post-thumbnail","hentry","category-economie","category-toutes-les-actualites","tag-africa-press","tag-africa-press-cote-divoire","tag-cote-divoire","tag-cpupme-ci","tag-iatf","tag-olesugun-obasanjo"],"yoast_head":"<!-- This site is optimized with the Yoast SEO Premium plugin v26.1 (Yoast SEO v27.0) - https:\/\/yoast.com\/product\/yoast-seo-premium-wordpress\/ -->\n<title>Abidjan renonce \u00e0 l&#039;organisation de la 3\u00e8me \u00e9dition de la Foire commerciale Intra-africain, le CPU-PME.CI \u00abdemande des comptes \u00bb \u00e0 l&#039;Etat - C\u00f4te d&#039;Ivoire<\/title>\n<meta name=\"description\" content=\"La Co\u0302te d&#039;Ivoire renonce a\u0300 l&#039;organisation de la troisie\u0300me e\u0301dition de la Foire commerciale Intra-africaine (IATF) ini ...\" \/>\n<meta name=\"robots\" content=\"index, follow, max-snippet:-1, max-image-preview:large, max-video-preview:-1\" \/>\n<link rel=\"canonical\" href=\"https:\/\/www.africa-press.net\/cotedivoire\/economie\/abidjan-renonce-a-lorganisation-de-la-3eme-edition-de-la-foire-commerciale-intra-africain-le-cpu-pme-ci-demande-des-comptes-a-letat\" \/>\n<meta property=\"og:locale\" content=\"fr_FR\" \/>\n<meta property=\"og:type\" content=\"article\" \/>\n<meta property=\"og:title\" content=\"Abidjan renonce \u00e0 l&#039;organisation de la 3\u00e8me \u00e9dition de la Foire commerciale Intra-africain, le CPU-PME.CI \u00abdemande des comptes \u00bb \u00e0 l&#039;Etat\" \/>\n<meta property=\"og:description\" content=\"La Co\u0302te d&#039;Ivoire renonce a\u0300 l&#039;organisation de la troisie\u0300me e\u0301dition de la Foire commerciale Intra-africaine (IATF) ini ...\" \/>\n<meta property=\"og:url\" content=\"https:\/\/www.africa-press.net\/cotedivoire\/economie\/abidjan-renonce-a-lorganisation-de-la-3eme-edition-de-la-foire-commerciale-intra-africain-le-cpu-pme-ci-demande-des-comptes-a-letat\" \/>\n<meta property=\"og:site_name\" content=\"C\u00f4te d&#039;Ivoire\" \/>\n<meta property=\"article:published_time\" content=\"2023-03-30T16:15:01+00:00\" \/>\n<meta property=\"article:modified_time\" content=\"2023-03-30T17:04:03+00:00\" \/>\n<meta property=\"og:image\" content=\"https:\/\/static.africa-press.net\/cote\/sites\/43\/2023\/03\/postQueueImg_1680176724.32.jpg\" \/>\n\t<meta property=\"og:image:width\" content=\"720\" \/>\n\t<meta property=\"og:image:height\" content=\"480\" \/>\n\t<meta property=\"og:image:type\" content=\"image\/jpeg\" \/>\n<meta name=\"author\" content=\"cfeditorfr\" \/>\n<meta name=\"twitter:card\" content=\"summary_large_image\" \/>\n<meta name=\"twitter:label1\" content=\"\u00c9crit par\" \/>\n\t<meta name=\"twitter:data1\" content=\"cfeditorfr\" \/>\n\t<meta name=\"twitter:label2\" content=\"Dur\u00e9e de lecture estim\u00e9e\" \/>\n\t<meta name=\"twitter:data2\" content=\"2 minutes\" \/>\n<script type=\"application\/ld+json\" class=\"yoast-schema-graph\">{\"@context\":\"https:\/\/schema.org\",\"@graph\":[{\"@type\":\"Article\",\"@id\":\"https:\/\/www.africa-press.net\/cotedivoire\/economie\/abidjan-renonce-a-lorganisation-de-la-3eme-edition-de-la-foire-commerciale-intra-africain-le-cpu-pme-ci-demande-des-comptes-a-letat#article\",\"isPartOf\":{\"@id\":\"https:\/\/www.africa-press.net\/cotedivoire\/economie\/abidjan-renonce-a-lorganisation-de-la-3eme-edition-de-la-foire-commerciale-intra-africain-le-cpu-pme-ci-demande-des-comptes-a-letat\"},\"author\":{\"name\":\"cfeditorfr\",\"@id\":\"https:\/\/www.africa-press.net\/cotedivoire\/#\/schema\/person\/2b1cf3cd81a31e3cd26889ca66d677f1\"},\"headline\":\"Abidjan renonce \u00e0 l&rsquo;organisation de la 3\u00e8me \u00e9dition de la Foire commerciale Intra-africain, le CPU-PME.CI \u00abdemande des comptes \u00bb \u00e0 l&rsquo;Etat\",\"datePublished\":\"2023-03-30T16:15:01+00:00\",\"dateModified\":\"2023-03-30T17:04:03+00:00\",\"mainEntityOfPage\":{\"@id\":\"https:\/\/www.africa-press.net\/cotedivoire\/economie\/abidjan-renonce-a-lorganisation-de-la-3eme-edition-de-la-foire-commerciale-intra-africain-le-cpu-pme-ci-demande-des-comptes-a-letat\"},\"wordCount\":542,\"commentCount\":0,\"image\":{\"@id\":\"https:\/\/www.africa-press.net\/cotedivoire\/economie\/abidjan-renonce-a-lorganisation-de-la-3eme-edition-de-la-foire-commerciale-intra-africain-le-cpu-pme-ci-demande-des-comptes-a-letat#primaryimage\"},\"thumbnailUrl\":\"https:\/\/static.africa-press.net\/cote\/sites\/43\/2023\/03\/postQueueImg_1680176724.32.jpg\",\"keywords\":[\"Africa Press\",\"Africa Press-C\u00f4te d'Ivoire\",\"C\u00d4TE D'IVOIRE\",\"CPUPME.CI\",\"IATF\",\"Olesugun Obasanjo\"],\"articleSection\":[\"\u00c9conomie\",\"Toutes les actualit\u00e9s\"],\"inLanguage\":\"fr-FR\",\"potentialAction\":[{\"@type\":\"CommentAction\",\"name\":\"Comment\",\"target\":[\"https:\/\/www.africa-press.net\/cotedivoire\/economie\/abidjan-renonce-a-lorganisation-de-la-3eme-edition-de-la-foire-commerciale-intra-africain-le-cpu-pme-ci-demande-des-comptes-a-letat#respond\"]}]},{\"@type\":\"WebPage\",\"@id\":\"https:\/\/www.africa-press.net\/cotedivoire\/economie\/abidjan-renonce-a-lorganisation-de-la-3eme-edition-de-la-foire-commerciale-intra-africain-le-cpu-pme-ci-demande-des-comptes-a-letat\",\"url\":\"https:\/\/www.africa-press.net\/cotedivoire\/economie\/abidjan-renonce-a-lorganisation-de-la-3eme-edition-de-la-foire-commerciale-intra-africain-le-cpu-pme-ci-demande-des-comptes-a-letat\",\"name\":\"Abidjan renonce \u00e0 l'organisation de la 3\u00e8me \u00e9dition de la Foire commerciale Intra-africain, le CPU-PME.CI \u00abdemande des comptes \u00bb \u00e0 l'Etat - C\u00f4te d&#039;Ivoire\",\"isPartOf\":{\"@id\":\"https:\/\/www.africa-press.net\/cotedivoire\/#website\"},\"primaryImageOfPage\":{\"@id\":\"https:\/\/www.africa-press.net\/cotedivoire\/economie\/abidjan-renonce-a-lorganisation-de-la-3eme-edition-de-la-foire-commerciale-intra-africain-le-cpu-pme-ci-demande-des-comptes-a-letat#primaryimage\"},\"image\":{\"@id\":\"https:\/\/www.africa-press.net\/cotedivoire\/economie\/abidjan-renonce-a-lorganisation-de-la-3eme-edition-de-la-foire-commerciale-intra-africain-le-cpu-pme-ci-demande-des-comptes-a-letat#primaryimage\"},\"thumbnailUrl\":\"https:\/\/static.africa-press.net\/cote\/sites\/43\/2023\/03\/postQueueImg_1680176724.32.jpg\",\"datePublished\":\"2023-03-30T16:15:01+00:00\",\"dateModified\":\"2023-03-30T17:04:03+00:00\",\"author\":{\"@id\":\"https:\/\/www.africa-press.net\/cotedivoire\/#\/schema\/person\/2b1cf3cd81a31e3cd26889ca66d677f1\"},\"description\":\"La Co\u0302te d'Ivoire renonce a\u0300 l'organisation de la troisie\u0300me e\u0301dition de la Foire commerciale Intra-africaine (IATF) ini ...\",\"breadcrumb\":{\"@id\":\"https:\/\/www.africa-press.net\/cotedivoire\/economie\/abidjan-renonce-a-lorganisation-de-la-3eme-edition-de-la-foire-commerciale-intra-africain-le-cpu-pme-ci-demande-des-comptes-a-letat#breadcrumb\"},\"inLanguage\":\"fr-FR\",\"potentialAction\":[{\"@type\":\"ReadAction\",\"target\":[\"https:\/\/www.africa-press.net\/cotedivoire\/economie\/abidjan-renonce-a-lorganisation-de-la-3eme-edition-de-la-foire-commerciale-intra-africain-le-cpu-pme-ci-demande-des-comptes-a-letat\"]}]},{\"@type\":\"ImageObject\",\"inLanguage\":\"fr-FR\",\"@id\":\"https:\/\/www.africa-press.net\/cotedivoire\/economie\/abidjan-renonce-a-lorganisation-de-la-3eme-edition-de-la-foire-commerciale-intra-africain-le-cpu-pme-ci-demande-des-comptes-a-letat#primaryimage\",\"url\":\"https:\/\/static.africa-press.net\/cote\/sites\/43\/2023\/03\/postQueueImg_1680176724.32.jpg\",\"contentUrl\":\"https:\/\/static.africa-press.net\/cote\/sites\/43\/2023\/03\/postQueueImg_1680176724.32.jpg\",\"width\":720,\"height\":480,\"caption\":\"Abidjan renonce \u00e0 l'organisation de la 3\u00e8me \u00e9dition de la Foire commerciale Intra-africain, le CPU-PME.CI \u00abdemande des comptes \u00bb \u00e0 l'Etat\"},{\"@type\":\"BreadcrumbList\",\"@id\":\"https:\/\/www.africa-press.net\/cotedivoire\/economie\/abidjan-renonce-a-lorganisation-de-la-3eme-edition-de-la-foire-commerciale-intra-africain-le-cpu-pme-ci-demande-des-comptes-a-letat#breadcrumb\",\"itemListElement\":[{\"@type\":\"ListItem\",\"position\":1,\"name\":\"Accueil\",\"item\":\"https:\/\/www.africa-press.net\/cotedivoire\/\"},{\"@type\":\"ListItem\",\"position\":2,\"name\":\"Abidjan renonce \u00e0 l&#8217;organisation de la 3\u00e8me \u00e9dition de la Foire commerciale Intra-africain, le CPU-PME.CI \u00abdemande des comptes \u00bb \u00e0 l&#8217;Etat\"}]},{\"@type\":\"WebSite\",\"@id\":\"https:\/\/www.africa-press.net\/cotedivoire\/#website\",\"url\":\"https:\/\/www.africa-press.net\/cotedivoire\/\",\"name\":\"C\u00f4te d&#039;Ivoire\",\"description\":\"Just another Africa News Agency Sites site\",\"potentialAction\":[{\"@type\":\"SearchAction\",\"target\":{\"@type\":\"EntryPoint\",\"urlTemplate\":\"https:\/\/www.africa-press.net\/cotedivoire\/?s={search_term_string}\"},\"query-input\":{\"@type\":\"PropertyValueSpecification\",\"valueRequired\":true,\"valueName\":\"search_term_string\"}}],\"inLanguage\":\"fr-FR\"},{\"@type\":\"Person\",\"@id\":\"https:\/\/www.africa-press.net\/cotedivoire\/#\/schema\/person\/2b1cf3cd81a31e3cd26889ca66d677f1\",\"name\":\"cfeditorfr\"}]}<\/script>\n<!-- \/ Yoast SEO Premium plugin. -->","yoast_head_json":{"title":"Abidjan renonce \u00e0 l'organisation de la 3\u00e8me \u00e9dition de la Foire commerciale Intra-africain, le CPU-PME.CI \u00abdemande des comptes \u00bb \u00e0 l'Etat - C\u00f4te d&#039;Ivoire","description":"La Co\u0302te d'Ivoire renonce a\u0300 l'organisation de la troisie\u0300me e\u0301dition de la Foire commerciale Intra-africaine (IATF) ini ...","robots":{"index":"index","follow":"follow","max-snippet":"max-snippet:-1","max-image-preview":"max-image-preview:large","max-video-preview":"max-video-preview:-1"},"canonical":"https:\/\/www.africa-press.net\/cotedivoire\/economie\/abidjan-renonce-a-lorganisation-de-la-3eme-edition-de-la-foire-commerciale-intra-africain-le-cpu-pme-ci-demande-des-comptes-a-letat","og_locale":"fr_FR","og_type":"article","og_title":"Abidjan renonce \u00e0 l'organisation de la 3\u00e8me \u00e9dition de la Foire commerciale Intra-africain, le CPU-PME.CI \u00abdemande des comptes \u00bb \u00e0 l'Etat","og_description":"La Co\u0302te d'Ivoire renonce a\u0300 l'organisation de la troisie\u0300me e\u0301dition de la Foire commerciale Intra-africaine (IATF) ini ...","og_url":"https:\/\/www.africa-press.net\/cotedivoire\/economie\/abidjan-renonce-a-lorganisation-de-la-3eme-edition-de-la-foire-commerciale-intra-africain-le-cpu-pme-ci-demande-des-comptes-a-letat","og_site_name":"C\u00f4te d&#039;Ivoire","article_published_time":"2023-03-30T16:15:01+00:00","article_modified_time":"2023-03-30T17:04:03+00:00","og_image":[{"width":720,"height":480,"url":"https:\/\/static.africa-press.net\/cote\/sites\/43\/2023\/03\/postQueueImg_1680176724.32.jpg","type":"image\/jpeg"}],"author":"cfeditorfr","twitter_card":"summary_large_image","twitter_misc":{"\u00c9crit par":"cfeditorfr","Dur\u00e9e de lecture estim\u00e9e":"2 minutes"},"schema":{"@context":"https:\/\/schema.org","@graph":[{"@type":"Article","@id":"https:\/\/www.africa-press.net\/cotedivoire\/economie\/abidjan-renonce-a-lorganisation-de-la-3eme-edition-de-la-foire-commerciale-intra-africain-le-cpu-pme-ci-demande-des-comptes-a-letat#article","isPartOf":{"@id":"https:\/\/www.africa-press.net\/cotedivoire\/economie\/abidjan-renonce-a-lorganisation-de-la-3eme-edition-de-la-foire-commerciale-intra-africain-le-cpu-pme-ci-demande-des-comptes-a-letat"},"author":{"name":"cfeditorfr","@id":"https:\/\/www.africa-press.net\/cotedivoire\/#\/schema\/person\/2b1cf3cd81a31e3cd26889ca66d677f1"},"headline":"Abidjan renonce \u00e0 l&rsquo;organisation de la 3\u00e8me \u00e9dition de la Foire commerciale Intra-africain, le CPU-PME.CI \u00abdemande des comptes \u00bb \u00e0 l&rsquo;Etat","datePublished":"2023-03-30T16:15:01+00:00","dateModified":"2023-03-30T17:04:03+00:00","mainEntityOfPage":{"@id":"https:\/\/www.africa-press.net\/cotedivoire\/economie\/abidjan-renonce-a-lorganisation-de-la-3eme-edition-de-la-foire-commerciale-intra-africain-le-cpu-pme-ci-demande-des-comptes-a-letat"},"wordCount":542,"commentCount":0,"image":{"@id":"https:\/\/www.africa-press.net\/cotedivoire\/economie\/abidjan-renonce-a-lorganisation-de-la-3eme-edition-de-la-foire-commerciale-intra-africain-le-cpu-pme-ci-demande-des-comptes-a-letat#primaryimage"},"thumbnailUrl":"https:\/\/static.africa-press.net\/cote\/sites\/43\/2023\/03\/postQueueImg_1680176724.32.jpg","keywords":["Africa Press","Africa Press-C\u00f4te d'Ivoire","C\u00d4TE D'IVOIRE","CPUPME.CI","IATF","Olesugun Obasanjo"],"articleSection":["\u00c9conomie","Toutes les actualit\u00e9s"],"inLanguage":"fr-FR","potentialAction":[{"@type":"CommentAction","name":"Comment","target":["https:\/\/www.africa-press.net\/cotedivoire\/economie\/abidjan-renonce-a-lorganisation-de-la-3eme-edition-de-la-foire-commerciale-intra-africain-le-cpu-pme-ci-demande-des-comptes-a-letat#respond"]}]},{"@type":"WebPage","@id":"https:\/\/www.africa-press.net\/cotedivoire\/economie\/abidjan-renonce-a-lorganisation-de-la-3eme-edition-de-la-foire-commerciale-intra-africain-le-cpu-pme-ci-demande-des-comptes-a-letat","url":"https:\/\/www.africa-press.net\/cotedivoire\/economie\/abidjan-renonce-a-lorganisation-de-la-3eme-edition-de-la-foire-commerciale-intra-africain-le-cpu-pme-ci-demande-des-comptes-a-letat","name":"Abidjan renonce \u00e0 l'organisation de la 3\u00e8me \u00e9dition de la Foire commerciale Intra-africain, le CPU-PME.CI \u00abdemande des comptes \u00bb \u00e0 l'Etat - C\u00f4te d&#039;Ivoire","isPartOf":{"@id":"https:\/\/www.africa-press.net\/cotedivoire\/#website"},"primaryImageOfPage":{"@id":"https:\/\/www.africa-press.net\/cotedivoire\/economie\/abidjan-renonce-a-lorganisation-de-la-3eme-edition-de-la-foire-commerciale-intra-africain-le-cpu-pme-ci-demande-des-comptes-a-letat#primaryimage"},"image":{"@id":"https:\/\/www.africa-press.net\/cotedivoire\/economie\/abidjan-renonce-a-lorganisation-de-la-3eme-edition-de-la-foire-commerciale-intra-africain-le-cpu-pme-ci-demande-des-comptes-a-letat#primaryimage"},"thumbnailUrl":"https:\/\/static.africa-press.net\/cote\/sites\/43\/2023\/03\/postQueueImg_1680176724.32.jpg","datePublished":"2023-03-30T16:15:01+00:00","dateModified":"2023-03-30T17:04:03+00:00","author":{"@id":"https:\/\/www.africa-press.net\/cotedivoire\/#\/schema\/person\/2b1cf3cd81a31e3cd26889ca66d677f1"},"description":"La Co\u0302te d'Ivoire renonce a\u0300 l'organisation de la troisie\u0300me e\u0301dition de la Foire commerciale Intra-africaine (IATF) ini ...","breadcrumb":{"@id":"https:\/\/www.africa-press.net\/cotedivoire\/economie\/abidjan-renonce-a-lorganisation-de-la-3eme-edition-de-la-foire-commerciale-intra-africain-le-cpu-pme-ci-demande-des-comptes-a-letat#breadcrumb"},"inLanguage":"fr-FR","potentialAction":[{"@type":"ReadAction","target":["https:\/\/www.africa-press.net\/cotedivoire\/economie\/abidjan-renonce-a-lorganisation-de-la-3eme-edition-de-la-foire-commerciale-intra-africain-le-cpu-pme-ci-demande-des-comptes-a-letat"]}]},{"@type":"ImageObject","inLanguage":"fr-FR","@id":"https:\/\/www.africa-press.net\/cotedivoire\/economie\/abidjan-renonce-a-lorganisation-de-la-3eme-edition-de-la-foire-commerciale-intra-africain-le-cpu-pme-ci-demande-des-comptes-a-letat#primaryimage","url":"https:\/\/static.africa-press.net\/cote\/sites\/43\/2023\/03\/postQueueImg_1680176724.32.jpg","contentUrl":"https:\/\/static.africa-press.net\/cote\/sites\/43\/2023\/03\/postQueueImg_1680176724.32.jpg","width":720,"height":480,"caption":"Abidjan renonce \u00e0 l'organisation de la 3\u00e8me \u00e9dition de la Foire commerciale Intra-africain, le CPU-PME.CI \u00abdemande des comptes \u00bb \u00e0 l'Etat"},{"@type":"BreadcrumbList","@id":"https:\/\/www.africa-press.net\/cotedivoire\/economie\/abidjan-renonce-a-lorganisation-de-la-3eme-edition-de-la-foire-commerciale-intra-africain-le-cpu-pme-ci-demande-des-comptes-a-letat#breadcrumb","itemListElement":[{"@type":"ListItem","position":1,"name":"Accueil","item":"https:\/\/www.africa-press.net\/cotedivoire\/"},{"@type":"ListItem","position":2,"name":"Abidjan renonce \u00e0 l&#8217;organisation de la 3\u00e8me \u00e9dition de la Foire commerciale Intra-africain, le CPU-PME.CI \u00abdemande des comptes \u00bb \u00e0 l&#8217;Etat"}]},{"@type":"WebSite","@id":"https:\/\/www.africa-press.net\/cotedivoire\/#website","url":"https:\/\/www.africa-press.net\/cotedivoire\/","name":"C\u00f4te d&#039;Ivoire","description":"Just another Africa News Agency Sites site","potentialAction":[{"@type":"SearchAction","target":{"@type":"EntryPoint","urlTemplate":"https:\/\/www.africa-press.net\/cotedivoire\/?s={search_term_string}"},"query-input":{"@type":"PropertyValueSpecification","valueRequired":true,"valueName":"search_term_string"}}],"inLanguage":"fr-FR"},{"@type":"Person","@id":"https:\/\/www.africa-press.net\/cotedivoire\/#\/schema\/person\/2b1cf3cd81a31e3cd26889ca66d677f1","name":"cfeditorfr"}]}},"_links":{"self":[{"href":"https:\/\/www.africa-press.net\/cotedivoire\/wp-json\/wp\/v2\/posts\/55735","targetHints":{"allow":["GET"]}}],"collection":[{"href":"https:\/\/www.africa-press.net\/cotedivoire\/wp-json\/wp\/v2\/posts"}],"about":[{"href":"https:\/\/www.africa-press.net\/cotedivoire\/wp-json\/wp\/v2\/types\/post"}],"author":[{"embeddable":true,"href":"https:\/\/www.africa-press.net\/cotedivoire\/wp-json\/wp\/v2\/users\/82"}],"replies":[{"embeddable":true,"href":"https:\/\/www.africa-press.net\/cotedivoire\/wp-json\/wp\/v2\/comments?post=55735"}],"version-history":[{"count":0,"href":"https:\/\/www.africa-press.net\/cotedivoire\/wp-json\/wp\/v2\/posts\/55735\/revisions"}],"wp:featuredmedia":[{"embeddable":true,"href":"https:\/\/www.africa-press.net\/cotedivoire\/wp-json\/wp\/v2\/media\/55733"}],"wp:attachment":[{"href":"https:\/\/www.africa-press.net\/cotedivoire\/wp-json\/wp\/v2\/media?parent=55735"}],"wp:term":[{"taxonomy":"category","embeddable":true,"href":"https:\/\/www.africa-press.net\/cotedivoire\/wp-json\/wp\/v2\/categories?post=55735"},{"taxonomy":"post_tag","embeddable":true,"href":"https:\/\/www.africa-press.net\/cotedivoire\/wp-json\/wp\/v2\/tags?post=55735"}],"curies":[{"name":"wp","href":"https:\/\/api.w.org\/{rel}","templated":true}]}}