{"id":55898,"date":"2023-04-01T17:38:05","date_gmt":"2023-04-01T17:38:05","guid":{"rendered":"https:\/\/www.africa-press.net\/cotedivoire\/politique\/les-agents-de-lins-plaident-pour-leur-profil-de-carriere-ouattara-et-achi-appeles-au-secours"},"modified":"2023-04-01T18:37:42","modified_gmt":"2023-04-01T18:37:42","slug":"les-agents-de-lins-plaident-pour-leur-profil-de-carriere-ouattara-et-achi-appeles-au-secours","status":"publish","type":"post","link":"https:\/\/www.africa-press.net\/cotedivoire\/politique\/les-agents-de-lins-plaident-pour-leur-profil-de-carriere-ouattara-et-achi-appeles-au-secours","title":{"rendered":"Les agents de l&rsquo;INS plaident pour leur profil de carri\u00e8re, Ouattara et Achi appel\u00e9s au secours"},"content":{"rendered":"<p><span style=\"color: #ff6600\"><strong>Africa-Press &#8211; C\u00f4te d&rsquo;Ivoire. <\/strong><\/span>Les agents de l\u2019Institut National de la Statistique (INS) plaident pour leur profil de carrie\u0300re. Ils l\u2019ont martele\u0301 lors d\u2019un congre\u0300s organise\u0301 a\u0300 Abidjan, place\u0301 sous le the\u0300me : \u00ab La mise en \u0153uvre du profil de carrie\u0300re et son inte\u0301re\u0302t pour le personnel des socie\u0301te\u0301s d\u2019Etat, cas de l\u2019INS.\u00bb<\/p>\n<p>Re\u0301unis au sein de l\u2019Union Syndicale des Agents de l\u2019INS de\u0301nomme\u0301 (USA-INS), les leaders des chiffres en Co\u0302te d\u2019Ivoire exigent e\u0301galement la revalorisation de leurs salaires.<\/p>\n<p>Le Secre\u0301taire Ge\u0301ne\u0301ral de USA-INS, M. Die\u0301, a releve\u0301 que le syste\u0300me actuel de re\u0301mune\u0301ration de l\u2019INS date de 2007 avec l\u2019adoption d\u2019une nouvelle grille de salaire propose\u0301e par la Commission de re\u0301flexion sur la politique de gestion des ressources humaines mise en place par le Directeur Ge\u0301ne\u0301ral en 2002.<\/p>\n<p>\u00ab Cette commission a propose\u0301 trois scenarii de grille de salaire qui devaient e\u0302tre mis en \u0153uvre de fac\u0327on progressive. Force est de constater que depuis octobre 2007, seul le premier sce\u0301nario a e\u0301te\u0301 mis en \u0153uvre. Aujourd\u2019hui, beaucoup de nos vaillants colle\u0300gues, qui sont demeure\u0301s fide\u0300les a\u0300 l\u2019INS et pour exprimer leur talent, ont pris leur droit a\u0300 la retraite sans avoir pu progresser et changer de cate\u0301gorie professionnelle \u00bb, a-t-il releve\u0301.<\/p>\n<p>\u00ab Le profil de carrie\u0300res est un outil de gestion des ressources humaines qui de\u0301finit les diffe\u0301rentes e\u0301tapes d\u2019une carrie\u0300re professionnelle. Il permet au personnel d\u2019avoir une bonne lisibilite\u0301 des possibilite\u0301s d\u2019e\u0301volution de carrie\u0300res qui lui sont offertes. Le profil de carrie\u0300res e\u0301tablit ainsi une transparence dans l\u2019e\u0301volution professionnelle et constitue ainsi un facteur important de motivation professionnelle. \u00bb<\/p>\n<p>Il a rappele\u0301 que, la Direction Ge\u0301ne\u0301rale a fait engager un expert avec le financement de l\u2019Union Europe\u0301en du nom de Lamine Diop en 2016 qui a e\u0301labore\u0301 le profil de carrie\u0300res du personnel de l\u2019INS. Ce document a e\u0301te\u0301 valide\u0301 par le Conseil d\u2019Administration en 2017.<\/p>\n<p>\u00ab 5 ans apre\u0300s, ce document n\u2019est pas encore en application, pour des raisons que nous ignorons. En lieu et place, l\u2019on a opte\u0301 pour des salaires a\u0300 double vitesse, qui dit-on est finance\u0301 par la Banque Mondiale. Pourquoi, la faveur ou l\u2019aide de la Banque Mondiale ne profite qu\u2019au personnel technique nouvellement recrute\u0301 au de\u0301triment des anciens ? Ainsi, le personnel technique nouvellement recrute\u0301 a un salaire qui fait le double et souvent le triple de celui des anciens qui ont le me\u0302me diplo\u0302me mais qui continuent de broyer du noir se nourrissant du secret espoir qu\u2019un jour, ce document sera mis en \u0153uvre comme cela le leur est toujours promis \u00bb, a-t-il re\u0301ve\u0301le\u0301.<\/p>\n<p>Pour lui, aujourd\u2019hui il est urgence que ce profil des carrie\u0300res soit mis en \u0153uvre en vue d\u2019e\u0301tablir la justice a\u0300 l\u2019INS et ame\u0301liorer les conditions de vie et de travail du personnel, avant de lancer : \u00ab Nous invitons la Direction Ge\u0301ne\u0301rale a\u0300 mener une petite enque\u0302te d\u2019opinion aupre\u0300s du personnel et elle se rendra compte que la de\u0301motivation est totale. Pour les arrie\u0301re\u0301s de 03 ans d\u2019allocation de conge\u0301s annuels, la Direction Ge\u0301ne\u0301rale a pre\u0301fe\u0301re\u0301 payer en priorite\u0301 les membres du comite\u0301 de direction au de\u0301triment du personnel d\u2019exe\u0301cution pour lequel nous n\u2019avons aucun calendrier d\u2019apurement de cette dette. A cela, il faut ajouter que les membres du comite\u0301 de direction se sont garanti un salaire de fonction a\u0300 travers une de\u0301cision et me\u0302me un avenant a\u0300 leur contrat de travail. \u00bb<\/p>\n<p>Enfin, l\u2019USA-INS note pour le de\u0301plorer que la plupart des postes de chefs de service sont vacants a\u0300 ce jour. Les disfonctionnements dans la gestion des ressources humaines de l\u2019INS sont le\u0301sion.<\/p>\n<p>\u00ab Il est e\u0301vident qu\u2019au sortir de ce congre\u0300s, nous saurons une feuille de route claire en vue d\u2019engager fermement et de fac\u0327on responsable des actions en vue des mesures correctives, pour le bonheur du personnel de l\u2019INS \u00bb, conclu le Secre\u0301taire Ge\u0301ne\u0301ral de l\u2019Union Syndicale des Agents de l\u2019Institut National Statistique (USA-INS), qui invite le chef de l\u2019Etat, Alassane Ouattara et son Premier Ministre, Patrick Achi a\u0300 se saisir de ce dossier.<\/p>\n<p><strong>Pour plus d&rsquo;informations et d&rsquo;analyses sur la <a href=\"https:\/\/www.africa-press.net\/cotedivoire\">C\u00f4te d&rsquo;Ivoire<\/a>, suivez <a href=\"https:\/\/www.africa-press.net\/\">Africa-Press<\/a><\/strong><\/p>\n","protected":false},"excerpt":{"rendered":"<p>Africa-Press &#8211; C\u00f4te d&rsquo;Ivoire. Les agents de l\u2019Institut National de la Statistique (INS) plaident pour leur profil de carrie\u0300re. Ils l\u2019ont martele\u0301 lors d\u2019un congre\u0300s organise\u0301 a\u0300 Abidjan, place\u0301 sous le the\u0300me : \u00ab La mise en \u0153uvre du profil de carrie\u0300re et son inte\u0301re\u0302t pour le personnel des socie\u0301te\u0301s d\u2019Etat, cas de l\u2019INS.\u00bb Re\u0301unis [&hellip;]<\/p>\n","protected":false},"author":82,"featured_media":55897,"comment_status":"open","ping_status":"closed","sticky":false,"template":"","format":"standard","meta":{"footnotes":""},"categories":[2,10],"tags":[56,63,29,2445],"class_list":["post-55898","post","type-post","status-publish","format-standard","has-post-thumbnail","hentry","category-politique","category-toutes-les-actualites","tag-africa-press","tag-africa-press-cote-divoire","tag-cote-divoire","tag-ins"],"yoast_head":"<!-- This site is optimized with the Yoast SEO Premium plugin v26.1 (Yoast SEO v27.0) - https:\/\/yoast.com\/product\/yoast-seo-premium-wordpress\/ -->\n<title>Les agents de l&#039;INS plaident pour leur profil de carri\u00e8re, Ouattara et Achi appel\u00e9s au secours - C\u00f4te d&#039;Ivoire<\/title>\n<meta name=\"description\" content=\"Les agents de l\u2019Institut National de la Statistique (INS) plaident pour leur profil de carrie\u0300re. Ils l\u2019ont martele\u0301 lor ...\" \/>\n<meta name=\"robots\" content=\"index, follow, max-snippet:-1, max-image-preview:large, max-video-preview:-1\" \/>\n<link rel=\"canonical\" href=\"https:\/\/www.africa-press.net\/cotedivoire\/politique\/les-agents-de-lins-plaident-pour-leur-profil-de-carriere-ouattara-et-achi-appeles-au-secours\" \/>\n<meta property=\"og:locale\" content=\"fr_FR\" \/>\n<meta property=\"og:type\" content=\"article\" \/>\n<meta property=\"og:title\" content=\"Les agents de l&#039;INS plaident pour leur profil de carri\u00e8re, Ouattara et Achi appel\u00e9s au secours\" \/>\n<meta property=\"og:description\" content=\"Les agents de l\u2019Institut National de la Statistique (INS) plaident pour leur profil de carrie\u0300re. Ils l\u2019ont martele\u0301 lor ...\" \/>\n<meta property=\"og:url\" content=\"https:\/\/www.africa-press.net\/cotedivoire\/politique\/les-agents-de-lins-plaident-pour-leur-profil-de-carriere-ouattara-et-achi-appeles-au-secours\" \/>\n<meta property=\"og:site_name\" content=\"C\u00f4te d&#039;Ivoire\" \/>\n<meta property=\"article:published_time\" content=\"2023-04-01T17:38:05+00:00\" \/>\n<meta property=\"article:modified_time\" content=\"2023-04-01T18:37:42+00:00\" \/>\n<meta property=\"og:image\" content=\"https:\/\/static.africa-press.net\/cote\/sites\/43\/2023\/04\/postQueueImg_1680354492.98.jpg\" \/>\n\t<meta property=\"og:image:width\" content=\"720\" \/>\n\t<meta property=\"og:image:height\" content=\"480\" \/>\n\t<meta property=\"og:image:type\" content=\"image\/jpeg\" \/>\n<meta name=\"author\" content=\"cfeditorfr\" \/>\n<meta name=\"twitter:card\" content=\"summary_large_image\" \/>\n<meta name=\"twitter:label1\" content=\"\u00c9crit par\" \/>\n\t<meta name=\"twitter:data1\" content=\"cfeditorfr\" \/>\n\t<meta name=\"twitter:label2\" content=\"Dur\u00e9e de lecture estim\u00e9e\" \/>\n\t<meta name=\"twitter:data2\" content=\"4 minutes\" \/>\n<script type=\"application\/ld+json\" class=\"yoast-schema-graph\">{\"@context\":\"https:\/\/schema.org\",\"@graph\":[{\"@type\":\"Article\",\"@id\":\"https:\/\/www.africa-press.net\/cotedivoire\/politique\/les-agents-de-lins-plaident-pour-leur-profil-de-carriere-ouattara-et-achi-appeles-au-secours#article\",\"isPartOf\":{\"@id\":\"https:\/\/www.africa-press.net\/cotedivoire\/politique\/les-agents-de-lins-plaident-pour-leur-profil-de-carriere-ouattara-et-achi-appeles-au-secours\"},\"author\":{\"name\":\"cfeditorfr\",\"@id\":\"https:\/\/www.africa-press.net\/cotedivoire\/#\/schema\/person\/2b1cf3cd81a31e3cd26889ca66d677f1\"},\"headline\":\"Les agents de l&rsquo;INS plaident pour leur profil de carri\u00e8re, Ouattara et Achi appel\u00e9s au secours\",\"datePublished\":\"2023-04-01T17:38:05+00:00\",\"dateModified\":\"2023-04-01T18:37:42+00:00\",\"mainEntityOfPage\":{\"@id\":\"https:\/\/www.africa-press.net\/cotedivoire\/politique\/les-agents-de-lins-plaident-pour-leur-profil-de-carriere-ouattara-et-achi-appeles-au-secours\"},\"wordCount\":799,\"commentCount\":0,\"image\":{\"@id\":\"https:\/\/www.africa-press.net\/cotedivoire\/politique\/les-agents-de-lins-plaident-pour-leur-profil-de-carriere-ouattara-et-achi-appeles-au-secours#primaryimage\"},\"thumbnailUrl\":\"https:\/\/static.africa-press.net\/cote\/sites\/43\/2023\/04\/postQueueImg_1680354492.98.jpg\",\"keywords\":[\"Africa Press\",\"Africa Press-C\u00f4te d'Ivoire\",\"C\u00d4TE D'IVOIRE\",\"INS\"],\"articleSection\":[\"Politique\",\"Toutes les actualit\u00e9s\"],\"inLanguage\":\"fr-FR\",\"potentialAction\":[{\"@type\":\"CommentAction\",\"name\":\"Comment\",\"target\":[\"https:\/\/www.africa-press.net\/cotedivoire\/politique\/les-agents-de-lins-plaident-pour-leur-profil-de-carriere-ouattara-et-achi-appeles-au-secours#respond\"]}]},{\"@type\":\"WebPage\",\"@id\":\"https:\/\/www.africa-press.net\/cotedivoire\/politique\/les-agents-de-lins-plaident-pour-leur-profil-de-carriere-ouattara-et-achi-appeles-au-secours\",\"url\":\"https:\/\/www.africa-press.net\/cotedivoire\/politique\/les-agents-de-lins-plaident-pour-leur-profil-de-carriere-ouattara-et-achi-appeles-au-secours\",\"name\":\"Les agents de l'INS plaident pour leur profil de carri\u00e8re, Ouattara et Achi appel\u00e9s au secours - C\u00f4te d&#039;Ivoire\",\"isPartOf\":{\"@id\":\"https:\/\/www.africa-press.net\/cotedivoire\/#website\"},\"primaryImageOfPage\":{\"@id\":\"https:\/\/www.africa-press.net\/cotedivoire\/politique\/les-agents-de-lins-plaident-pour-leur-profil-de-carriere-ouattara-et-achi-appeles-au-secours#primaryimage\"},\"image\":{\"@id\":\"https:\/\/www.africa-press.net\/cotedivoire\/politique\/les-agents-de-lins-plaident-pour-leur-profil-de-carriere-ouattara-et-achi-appeles-au-secours#primaryimage\"},\"thumbnailUrl\":\"https:\/\/static.africa-press.net\/cote\/sites\/43\/2023\/04\/postQueueImg_1680354492.98.jpg\",\"datePublished\":\"2023-04-01T17:38:05+00:00\",\"dateModified\":\"2023-04-01T18:37:42+00:00\",\"author\":{\"@id\":\"https:\/\/www.africa-press.net\/cotedivoire\/#\/schema\/person\/2b1cf3cd81a31e3cd26889ca66d677f1\"},\"description\":\"Les agents de l\u2019Institut National de la Statistique (INS) plaident pour leur profil de carrie\u0300re. Ils l\u2019ont martele\u0301 lor ...\",\"breadcrumb\":{\"@id\":\"https:\/\/www.africa-press.net\/cotedivoire\/politique\/les-agents-de-lins-plaident-pour-leur-profil-de-carriere-ouattara-et-achi-appeles-au-secours#breadcrumb\"},\"inLanguage\":\"fr-FR\",\"potentialAction\":[{\"@type\":\"ReadAction\",\"target\":[\"https:\/\/www.africa-press.net\/cotedivoire\/politique\/les-agents-de-lins-plaident-pour-leur-profil-de-carriere-ouattara-et-achi-appeles-au-secours\"]}]},{\"@type\":\"ImageObject\",\"inLanguage\":\"fr-FR\",\"@id\":\"https:\/\/www.africa-press.net\/cotedivoire\/politique\/les-agents-de-lins-plaident-pour-leur-profil-de-carriere-ouattara-et-achi-appeles-au-secours#primaryimage\",\"url\":\"https:\/\/static.africa-press.net\/cote\/sites\/43\/2023\/04\/postQueueImg_1680354492.98.jpg\",\"contentUrl\":\"https:\/\/static.africa-press.net\/cote\/sites\/43\/2023\/04\/postQueueImg_1680354492.98.jpg\",\"width\":720,\"height\":480,\"caption\":\"Les agents de l'INS plaident pour leur profil de carri\u00e8re, Ouattara et Achi appel\u00e9s au secours\"},{\"@type\":\"BreadcrumbList\",\"@id\":\"https:\/\/www.africa-press.net\/cotedivoire\/politique\/les-agents-de-lins-plaident-pour-leur-profil-de-carriere-ouattara-et-achi-appeles-au-secours#breadcrumb\",\"itemListElement\":[{\"@type\":\"ListItem\",\"position\":1,\"name\":\"Accueil\",\"item\":\"https:\/\/www.africa-press.net\/cotedivoire\/\"},{\"@type\":\"ListItem\",\"position\":2,\"name\":\"Les agents de l&#8217;INS plaident pour leur profil de carri\u00e8re, Ouattara et Achi appel\u00e9s au secours\"}]},{\"@type\":\"WebSite\",\"@id\":\"https:\/\/www.africa-press.net\/cotedivoire\/#website\",\"url\":\"https:\/\/www.africa-press.net\/cotedivoire\/\",\"name\":\"C\u00f4te d&#039;Ivoire\",\"description\":\"Just another Africa News Agency Sites site\",\"potentialAction\":[{\"@type\":\"SearchAction\",\"target\":{\"@type\":\"EntryPoint\",\"urlTemplate\":\"https:\/\/www.africa-press.net\/cotedivoire\/?s={search_term_string}\"},\"query-input\":{\"@type\":\"PropertyValueSpecification\",\"valueRequired\":true,\"valueName\":\"search_term_string\"}}],\"inLanguage\":\"fr-FR\"},{\"@type\":\"Person\",\"@id\":\"https:\/\/www.africa-press.net\/cotedivoire\/#\/schema\/person\/2b1cf3cd81a31e3cd26889ca66d677f1\",\"name\":\"cfeditorfr\"}]}<\/script>\n<!-- \/ Yoast SEO Premium plugin. -->","yoast_head_json":{"title":"Les agents de l'INS plaident pour leur profil de carri\u00e8re, Ouattara et Achi appel\u00e9s au secours - C\u00f4te d&#039;Ivoire","description":"Les agents de l\u2019Institut National de la Statistique (INS) plaident pour leur profil de carrie\u0300re. Ils l\u2019ont martele\u0301 lor ...","robots":{"index":"index","follow":"follow","max-snippet":"max-snippet:-1","max-image-preview":"max-image-preview:large","max-video-preview":"max-video-preview:-1"},"canonical":"https:\/\/www.africa-press.net\/cotedivoire\/politique\/les-agents-de-lins-plaident-pour-leur-profil-de-carriere-ouattara-et-achi-appeles-au-secours","og_locale":"fr_FR","og_type":"article","og_title":"Les agents de l'INS plaident pour leur profil de carri\u00e8re, Ouattara et Achi appel\u00e9s au secours","og_description":"Les agents de l\u2019Institut National de la Statistique (INS) plaident pour leur profil de carrie\u0300re. Ils l\u2019ont martele\u0301 lor ...","og_url":"https:\/\/www.africa-press.net\/cotedivoire\/politique\/les-agents-de-lins-plaident-pour-leur-profil-de-carriere-ouattara-et-achi-appeles-au-secours","og_site_name":"C\u00f4te d&#039;Ivoire","article_published_time":"2023-04-01T17:38:05+00:00","article_modified_time":"2023-04-01T18:37:42+00:00","og_image":[{"width":720,"height":480,"url":"https:\/\/static.africa-press.net\/cote\/sites\/43\/2023\/04\/postQueueImg_1680354492.98.jpg","type":"image\/jpeg"}],"author":"cfeditorfr","twitter_card":"summary_large_image","twitter_misc":{"\u00c9crit par":"cfeditorfr","Dur\u00e9e de lecture estim\u00e9e":"4 minutes"},"schema":{"@context":"https:\/\/schema.org","@graph":[{"@type":"Article","@id":"https:\/\/www.africa-press.net\/cotedivoire\/politique\/les-agents-de-lins-plaident-pour-leur-profil-de-carriere-ouattara-et-achi-appeles-au-secours#article","isPartOf":{"@id":"https:\/\/www.africa-press.net\/cotedivoire\/politique\/les-agents-de-lins-plaident-pour-leur-profil-de-carriere-ouattara-et-achi-appeles-au-secours"},"author":{"name":"cfeditorfr","@id":"https:\/\/www.africa-press.net\/cotedivoire\/#\/schema\/person\/2b1cf3cd81a31e3cd26889ca66d677f1"},"headline":"Les agents de l&rsquo;INS plaident pour leur profil de carri\u00e8re, Ouattara et Achi appel\u00e9s au secours","datePublished":"2023-04-01T17:38:05+00:00","dateModified":"2023-04-01T18:37:42+00:00","mainEntityOfPage":{"@id":"https:\/\/www.africa-press.net\/cotedivoire\/politique\/les-agents-de-lins-plaident-pour-leur-profil-de-carriere-ouattara-et-achi-appeles-au-secours"},"wordCount":799,"commentCount":0,"image":{"@id":"https:\/\/www.africa-press.net\/cotedivoire\/politique\/les-agents-de-lins-plaident-pour-leur-profil-de-carriere-ouattara-et-achi-appeles-au-secours#primaryimage"},"thumbnailUrl":"https:\/\/static.africa-press.net\/cote\/sites\/43\/2023\/04\/postQueueImg_1680354492.98.jpg","keywords":["Africa Press","Africa Press-C\u00f4te d'Ivoire","C\u00d4TE D'IVOIRE","INS"],"articleSection":["Politique","Toutes les actualit\u00e9s"],"inLanguage":"fr-FR","potentialAction":[{"@type":"CommentAction","name":"Comment","target":["https:\/\/www.africa-press.net\/cotedivoire\/politique\/les-agents-de-lins-plaident-pour-leur-profil-de-carriere-ouattara-et-achi-appeles-au-secours#respond"]}]},{"@type":"WebPage","@id":"https:\/\/www.africa-press.net\/cotedivoire\/politique\/les-agents-de-lins-plaident-pour-leur-profil-de-carriere-ouattara-et-achi-appeles-au-secours","url":"https:\/\/www.africa-press.net\/cotedivoire\/politique\/les-agents-de-lins-plaident-pour-leur-profil-de-carriere-ouattara-et-achi-appeles-au-secours","name":"Les agents de l'INS plaident pour leur profil de carri\u00e8re, Ouattara et Achi appel\u00e9s au secours - C\u00f4te d&#039;Ivoire","isPartOf":{"@id":"https:\/\/www.africa-press.net\/cotedivoire\/#website"},"primaryImageOfPage":{"@id":"https:\/\/www.africa-press.net\/cotedivoire\/politique\/les-agents-de-lins-plaident-pour-leur-profil-de-carriere-ouattara-et-achi-appeles-au-secours#primaryimage"},"image":{"@id":"https:\/\/www.africa-press.net\/cotedivoire\/politique\/les-agents-de-lins-plaident-pour-leur-profil-de-carriere-ouattara-et-achi-appeles-au-secours#primaryimage"},"thumbnailUrl":"https:\/\/static.africa-press.net\/cote\/sites\/43\/2023\/04\/postQueueImg_1680354492.98.jpg","datePublished":"2023-04-01T17:38:05+00:00","dateModified":"2023-04-01T18:37:42+00:00","author":{"@id":"https:\/\/www.africa-press.net\/cotedivoire\/#\/schema\/person\/2b1cf3cd81a31e3cd26889ca66d677f1"},"description":"Les agents de l\u2019Institut National de la Statistique (INS) plaident pour leur profil de carrie\u0300re. Ils l\u2019ont martele\u0301 lor ...","breadcrumb":{"@id":"https:\/\/www.africa-press.net\/cotedivoire\/politique\/les-agents-de-lins-plaident-pour-leur-profil-de-carriere-ouattara-et-achi-appeles-au-secours#breadcrumb"},"inLanguage":"fr-FR","potentialAction":[{"@type":"ReadAction","target":["https:\/\/www.africa-press.net\/cotedivoire\/politique\/les-agents-de-lins-plaident-pour-leur-profil-de-carriere-ouattara-et-achi-appeles-au-secours"]}]},{"@type":"ImageObject","inLanguage":"fr-FR","@id":"https:\/\/www.africa-press.net\/cotedivoire\/politique\/les-agents-de-lins-plaident-pour-leur-profil-de-carriere-ouattara-et-achi-appeles-au-secours#primaryimage","url":"https:\/\/static.africa-press.net\/cote\/sites\/43\/2023\/04\/postQueueImg_1680354492.98.jpg","contentUrl":"https:\/\/static.africa-press.net\/cote\/sites\/43\/2023\/04\/postQueueImg_1680354492.98.jpg","width":720,"height":480,"caption":"Les agents de l'INS plaident pour leur profil de carri\u00e8re, Ouattara et Achi appel\u00e9s au secours"},{"@type":"BreadcrumbList","@id":"https:\/\/www.africa-press.net\/cotedivoire\/politique\/les-agents-de-lins-plaident-pour-leur-profil-de-carriere-ouattara-et-achi-appeles-au-secours#breadcrumb","itemListElement":[{"@type":"ListItem","position":1,"name":"Accueil","item":"https:\/\/www.africa-press.net\/cotedivoire\/"},{"@type":"ListItem","position":2,"name":"Les agents de l&#8217;INS plaident pour leur profil de carri\u00e8re, Ouattara et Achi appel\u00e9s au secours"}]},{"@type":"WebSite","@id":"https:\/\/www.africa-press.net\/cotedivoire\/#website","url":"https:\/\/www.africa-press.net\/cotedivoire\/","name":"C\u00f4te d&#039;Ivoire","description":"Just another Africa News Agency Sites site","potentialAction":[{"@type":"SearchAction","target":{"@type":"EntryPoint","urlTemplate":"https:\/\/www.africa-press.net\/cotedivoire\/?s={search_term_string}"},"query-input":{"@type":"PropertyValueSpecification","valueRequired":true,"valueName":"search_term_string"}}],"inLanguage":"fr-FR"},{"@type":"Person","@id":"https:\/\/www.africa-press.net\/cotedivoire\/#\/schema\/person\/2b1cf3cd81a31e3cd26889ca66d677f1","name":"cfeditorfr"}]}},"_links":{"self":[{"href":"https:\/\/www.africa-press.net\/cotedivoire\/wp-json\/wp\/v2\/posts\/55898","targetHints":{"allow":["GET"]}}],"collection":[{"href":"https:\/\/www.africa-press.net\/cotedivoire\/wp-json\/wp\/v2\/posts"}],"about":[{"href":"https:\/\/www.africa-press.net\/cotedivoire\/wp-json\/wp\/v2\/types\/post"}],"author":[{"embeddable":true,"href":"https:\/\/www.africa-press.net\/cotedivoire\/wp-json\/wp\/v2\/users\/82"}],"replies":[{"embeddable":true,"href":"https:\/\/www.africa-press.net\/cotedivoire\/wp-json\/wp\/v2\/comments?post=55898"}],"version-history":[{"count":0,"href":"https:\/\/www.africa-press.net\/cotedivoire\/wp-json\/wp\/v2\/posts\/55898\/revisions"}],"wp:featuredmedia":[{"embeddable":true,"href":"https:\/\/www.africa-press.net\/cotedivoire\/wp-json\/wp\/v2\/media\/55897"}],"wp:attachment":[{"href":"https:\/\/www.africa-press.net\/cotedivoire\/wp-json\/wp\/v2\/media?parent=55898"}],"wp:term":[{"taxonomy":"category","embeddable":true,"href":"https:\/\/www.africa-press.net\/cotedivoire\/wp-json\/wp\/v2\/categories?post=55898"},{"taxonomy":"post_tag","embeddable":true,"href":"https:\/\/www.africa-press.net\/cotedivoire\/wp-json\/wp\/v2\/tags?post=55898"}],"curies":[{"name":"wp","href":"https:\/\/api.w.org\/{rel}","templated":true}]}}