{"id":55920,"date":"2023-04-01T17:40:07","date_gmt":"2023-04-01T17:40:07","guid":{"rendered":"https:\/\/www.africa-press.net\/cotedivoire\/politique\/malgre-les-piques-recues-au-meeting-du-ppa-ci-a-yopougon-lambassadeur-claude-sahi-droit-dans-ses-bottes-pour-representer-ouattara"},"modified":"2023-04-01T18:47:13","modified_gmt":"2023-04-01T18:47:13","slug":"malgre-les-piques-recues-au-meeting-du-ppa-ci-a-yopougon-lambassadeur-claude-sahi-droit-dans-ses-bottes-pour-representer-ouattara","status":"publish","type":"post","link":"https:\/\/www.africa-press.net\/cotedivoire\/politique\/malgre-les-piques-recues-au-meeting-du-ppa-ci-a-yopougon-lambassadeur-claude-sahi-droit-dans-ses-bottes-pour-representer-ouattara","title":{"rendered":"Malgr\u00e9 les piques re\u00e7ues au meeting du PPA-CI \u00e0 Yopougon, l&rsquo;ambassadeur Claude Sahi, droit dans ses bottes pour repr\u00e9senter Ouattara"},"content":{"rendered":"<p><span style=\"color: #ff6600\"><strong>Africa-Press &#8211; C\u00f4te d&rsquo;Ivoire. <\/strong><\/span>Le Parti des Peuples Africains- Co\u0302te d&rsquo;Ivoire (PPA-CI) a organise\u0301 hier vendredi 31 mars 2023, la premie\u0300re e\u0301dition de sa fe\u0302te de la liberte\u0301 a\u0300 la place Ficgayo de Yopougon.<\/p>\n<p>Au cours de cette activite\u0301 qui a vu une adresse de Laurent Gbagbo a\u0300 ses partisans venus massivement suivre ce rassemblement public, plusieurs partis politiques y e\u0301taient repre\u0301sente\u0301s.<\/p>\n<p>Au nombre des Partis invite\u0301s, le Rassemblement des Houphoue\u0301tistes pour la de\u0301mocratie et la Paix (RHDP), Parti pre\u0301sidentiel, n&rsquo;a pas boude\u0301 cette invitation.<\/p>\n<p>Le RHDP et son pre\u0301sident Alassane Ouattara e\u0301taient repre\u0301sente\u0301s par l&rsquo;ambassadeur Claude Sahi.<\/p>\n<p>Pre\u0301sent a\u0300 cette manifestation du PPA-CI au compte de son Parti, Claude Sahi, l&rsquo;homme qui a conduit plusieurs ne\u0301gociations pour le retour au Pays de certains proches de Gbagbo, a essuye\u0301 plusieurs piques.<\/p>\n<p>Des militants, aux diffe\u0301rentes interventions en passant par l&rsquo;orateur principal, Laurent Gbagbo, le RHDP a rec\u0327u des piques.<\/p>\n<p>Enfin, me\u0302me si souvent, le repre\u0301sentant du RHDP e\u0301tait mal a\u0300 l&rsquo;aise par certaines interventions, facilite\u0301es par l&rsquo;e\u0301motion de voir une foule a\u0300 cette place Ficgayo, l&rsquo;ambassadeur Claude Sahi est reste\u0301 droit dans ses bottes jusqu&rsquo;a\u0300 la fin de la ce\u0301re\u0301monie, affichant parfois un sourire.<\/p>\n<p><strong>Pour plus d&rsquo;informations et d&rsquo;analyses sur la <a href=\"https:\/\/www.africa-press.net\/cotedivoire\">C\u00f4te d&rsquo;Ivoire<\/a>, suivez <a href=\"https:\/\/www.africa-press.net\/\">Africa-Press<\/a><\/strong><\/p>\n","protected":false},"excerpt":{"rendered":"<p>Africa-Press &#8211; C\u00f4te d&rsquo;Ivoire. Le Parti des Peuples Africains- Co\u0302te d&rsquo;Ivoire (PPA-CI) a organise\u0301 hier vendredi 31 mars 2023, la premie\u0300re e\u0301dition de sa fe\u0302te de la liberte\u0301 a\u0300 la place Ficgayo de Yopougon. Au cours de cette activite\u0301 qui a vu une adresse de Laurent Gbagbo a\u0300 ses partisans venus massivement suivre ce rassemblement [&hellip;]<\/p>\n","protected":false},"author":82,"featured_media":55918,"comment_status":"open","ping_status":"closed","sticky":false,"template":"","format":"standard","meta":{"footnotes":""},"categories":[2,10],"tags":[56,63,38,29,8917,320,1952,371,540],"class_list":["post-55920","post","type-post","status-publish","format-standard","has-post-thumbnail","hentry","category-politique","category-toutes-les-actualites","tag-africa-press","tag-africa-press-cote-divoire","tag-alassane-ouattara","tag-cote-divoire","tag-ficgayo","tag-gbagbo","tag-ppa-ci","tag-rhdp","tag-yopougon"],"yoast_head":"<!-- This site is optimized with the Yoast SEO Premium plugin v26.1 (Yoast SEO v27.0) - https:\/\/yoast.com\/product\/yoast-seo-premium-wordpress\/ -->\n<title>Malgr\u00e9 les piques re\u00e7ues au meeting du PPA-CI \u00e0 Yopougon, l&#039;ambassadeur Claude Sahi, droit dans ses bottes pour repr\u00e9senter Ouattara - C\u00f4te d&#039;Ivoire<\/title>\n<meta name=\"description\" content=\"Le Parti des Peuples Africains- Co\u0302te d&#039;Ivoire (PPA-CI) a organise\u0301 hier vendredi 31 mars 2023, la premie\u0300re e\u0301dition de ...\" \/>\n<meta name=\"robots\" content=\"index, follow, max-snippet:-1, max-image-preview:large, max-video-preview:-1\" \/>\n<link rel=\"canonical\" href=\"https:\/\/www.africa-press.net\/cotedivoire\/politique\/malgre-les-piques-recues-au-meeting-du-ppa-ci-a-yopougon-lambassadeur-claude-sahi-droit-dans-ses-bottes-pour-representer-ouattara\" \/>\n<meta property=\"og:locale\" content=\"fr_FR\" \/>\n<meta property=\"og:type\" content=\"article\" \/>\n<meta property=\"og:title\" content=\"Malgr\u00e9 les piques re\u00e7ues au meeting du PPA-CI \u00e0 Yopougon, l&#039;ambassadeur Claude Sahi, droit dans ses bottes pour repr\u00e9senter Ouattara\" \/>\n<meta property=\"og:description\" content=\"Le Parti des Peuples Africains- Co\u0302te d&#039;Ivoire (PPA-CI) a organise\u0301 hier vendredi 31 mars 2023, la premie\u0300re e\u0301dition de ...\" \/>\n<meta property=\"og:url\" content=\"https:\/\/www.africa-press.net\/cotedivoire\/politique\/malgre-les-piques-recues-au-meeting-du-ppa-ci-a-yopougon-lambassadeur-claude-sahi-droit-dans-ses-bottes-pour-representer-ouattara\" \/>\n<meta property=\"og:site_name\" content=\"C\u00f4te d&#039;Ivoire\" \/>\n<meta property=\"article:published_time\" content=\"2023-04-01T17:40:07+00:00\" \/>\n<meta property=\"article:modified_time\" content=\"2023-04-01T18:47:13+00:00\" \/>\n<meta property=\"og:image\" content=\"https:\/\/static.africa-press.net\/cote\/sites\/43\/2023\/04\/postQueueImg_1680354615.94.jpg\" \/>\n\t<meta property=\"og:image:width\" content=\"720\" \/>\n\t<meta property=\"og:image:height\" content=\"480\" \/>\n\t<meta property=\"og:image:type\" content=\"image\/jpeg\" \/>\n<meta name=\"author\" content=\"cfeditorfr\" \/>\n<meta name=\"twitter:card\" content=\"summary_large_image\" \/>\n<meta name=\"twitter:label1\" content=\"\u00c9crit par\" \/>\n\t<meta name=\"twitter:data1\" content=\"cfeditorfr\" \/>\n\t<meta name=\"twitter:label2\" content=\"Dur\u00e9e de lecture estim\u00e9e\" \/>\n\t<meta name=\"twitter:data2\" content=\"1 minute\" \/>\n<script type=\"application\/ld+json\" class=\"yoast-schema-graph\">{\"@context\":\"https:\/\/schema.org\",\"@graph\":[{\"@type\":\"Article\",\"@id\":\"https:\/\/www.africa-press.net\/cotedivoire\/politique\/malgre-les-piques-recues-au-meeting-du-ppa-ci-a-yopougon-lambassadeur-claude-sahi-droit-dans-ses-bottes-pour-representer-ouattara#article\",\"isPartOf\":{\"@id\":\"https:\/\/www.africa-press.net\/cotedivoire\/politique\/malgre-les-piques-recues-au-meeting-du-ppa-ci-a-yopougon-lambassadeur-claude-sahi-droit-dans-ses-bottes-pour-representer-ouattara\"},\"author\":{\"name\":\"cfeditorfr\",\"@id\":\"https:\/\/www.africa-press.net\/cotedivoire\/#\/schema\/person\/2b1cf3cd81a31e3cd26889ca66d677f1\"},\"headline\":\"Malgr\u00e9 les piques re\u00e7ues au meeting du PPA-CI \u00e0 Yopougon, l&rsquo;ambassadeur Claude Sahi, droit dans ses bottes pour repr\u00e9senter Ouattara\",\"datePublished\":\"2023-04-01T17:40:07+00:00\",\"dateModified\":\"2023-04-01T18:47:13+00:00\",\"mainEntityOfPage\":{\"@id\":\"https:\/\/www.africa-press.net\/cotedivoire\/politique\/malgre-les-piques-recues-au-meeting-du-ppa-ci-a-yopougon-lambassadeur-claude-sahi-droit-dans-ses-bottes-pour-representer-ouattara\"},\"wordCount\":266,\"commentCount\":0,\"image\":{\"@id\":\"https:\/\/www.africa-press.net\/cotedivoire\/politique\/malgre-les-piques-recues-au-meeting-du-ppa-ci-a-yopougon-lambassadeur-claude-sahi-droit-dans-ses-bottes-pour-representer-ouattara#primaryimage\"},\"thumbnailUrl\":\"https:\/\/static.africa-press.net\/cote\/sites\/43\/2023\/04\/postQueueImg_1680354615.94.jpg\",\"keywords\":[\"Africa Press\",\"Africa Press-C\u00f4te d'Ivoire\",\"Alassane Ouattara\",\"C\u00d4TE D'IVOIRE\",\"Ficgayo\",\"Gbagbo\",\"PPA-CI\",\"RHDP\",\"Yopougon\"],\"articleSection\":[\"Politique\",\"Toutes les actualit\u00e9s\"],\"inLanguage\":\"fr-FR\",\"potentialAction\":[{\"@type\":\"CommentAction\",\"name\":\"Comment\",\"target\":[\"https:\/\/www.africa-press.net\/cotedivoire\/politique\/malgre-les-piques-recues-au-meeting-du-ppa-ci-a-yopougon-lambassadeur-claude-sahi-droit-dans-ses-bottes-pour-representer-ouattara#respond\"]}]},{\"@type\":\"WebPage\",\"@id\":\"https:\/\/www.africa-press.net\/cotedivoire\/politique\/malgre-les-piques-recues-au-meeting-du-ppa-ci-a-yopougon-lambassadeur-claude-sahi-droit-dans-ses-bottes-pour-representer-ouattara\",\"url\":\"https:\/\/www.africa-press.net\/cotedivoire\/politique\/malgre-les-piques-recues-au-meeting-du-ppa-ci-a-yopougon-lambassadeur-claude-sahi-droit-dans-ses-bottes-pour-representer-ouattara\",\"name\":\"Malgr\u00e9 les piques re\u00e7ues au meeting du PPA-CI \u00e0 Yopougon, l'ambassadeur Claude Sahi, droit dans ses bottes pour repr\u00e9senter Ouattara - C\u00f4te d&#039;Ivoire\",\"isPartOf\":{\"@id\":\"https:\/\/www.africa-press.net\/cotedivoire\/#website\"},\"primaryImageOfPage\":{\"@id\":\"https:\/\/www.africa-press.net\/cotedivoire\/politique\/malgre-les-piques-recues-au-meeting-du-ppa-ci-a-yopougon-lambassadeur-claude-sahi-droit-dans-ses-bottes-pour-representer-ouattara#primaryimage\"},\"image\":{\"@id\":\"https:\/\/www.africa-press.net\/cotedivoire\/politique\/malgre-les-piques-recues-au-meeting-du-ppa-ci-a-yopougon-lambassadeur-claude-sahi-droit-dans-ses-bottes-pour-representer-ouattara#primaryimage\"},\"thumbnailUrl\":\"https:\/\/static.africa-press.net\/cote\/sites\/43\/2023\/04\/postQueueImg_1680354615.94.jpg\",\"datePublished\":\"2023-04-01T17:40:07+00:00\",\"dateModified\":\"2023-04-01T18:47:13+00:00\",\"author\":{\"@id\":\"https:\/\/www.africa-press.net\/cotedivoire\/#\/schema\/person\/2b1cf3cd81a31e3cd26889ca66d677f1\"},\"description\":\"Le Parti des Peuples Africains- Co\u0302te d'Ivoire (PPA-CI) a organise\u0301 hier vendredi 31 mars 2023, la premie\u0300re e\u0301dition de ...\",\"breadcrumb\":{\"@id\":\"https:\/\/www.africa-press.net\/cotedivoire\/politique\/malgre-les-piques-recues-au-meeting-du-ppa-ci-a-yopougon-lambassadeur-claude-sahi-droit-dans-ses-bottes-pour-representer-ouattara#breadcrumb\"},\"inLanguage\":\"fr-FR\",\"potentialAction\":[{\"@type\":\"ReadAction\",\"target\":[\"https:\/\/www.africa-press.net\/cotedivoire\/politique\/malgre-les-piques-recues-au-meeting-du-ppa-ci-a-yopougon-lambassadeur-claude-sahi-droit-dans-ses-bottes-pour-representer-ouattara\"]}]},{\"@type\":\"ImageObject\",\"inLanguage\":\"fr-FR\",\"@id\":\"https:\/\/www.africa-press.net\/cotedivoire\/politique\/malgre-les-piques-recues-au-meeting-du-ppa-ci-a-yopougon-lambassadeur-claude-sahi-droit-dans-ses-bottes-pour-representer-ouattara#primaryimage\",\"url\":\"https:\/\/static.africa-press.net\/cote\/sites\/43\/2023\/04\/postQueueImg_1680354615.94.jpg\",\"contentUrl\":\"https:\/\/static.africa-press.net\/cote\/sites\/43\/2023\/04\/postQueueImg_1680354615.94.jpg\",\"width\":720,\"height\":480,\"caption\":\"Malgr\u00e9 les piques re\u00e7ues au meeting du PPA-CI \u00e0 Yopougon, l'ambassadeur Claude Sahi, droit dans ses bottes pour repr\u00e9senter Ouattara\"},{\"@type\":\"BreadcrumbList\",\"@id\":\"https:\/\/www.africa-press.net\/cotedivoire\/politique\/malgre-les-piques-recues-au-meeting-du-ppa-ci-a-yopougon-lambassadeur-claude-sahi-droit-dans-ses-bottes-pour-representer-ouattara#breadcrumb\",\"itemListElement\":[{\"@type\":\"ListItem\",\"position\":1,\"name\":\"Accueil\",\"item\":\"https:\/\/www.africa-press.net\/cotedivoire\/\"},{\"@type\":\"ListItem\",\"position\":2,\"name\":\"Malgr\u00e9 les piques re\u00e7ues au meeting du PPA-CI \u00e0 Yopougon, l&#8217;ambassadeur Claude Sahi, droit dans ses bottes pour repr\u00e9senter Ouattara\"}]},{\"@type\":\"WebSite\",\"@id\":\"https:\/\/www.africa-press.net\/cotedivoire\/#website\",\"url\":\"https:\/\/www.africa-press.net\/cotedivoire\/\",\"name\":\"C\u00f4te d&#039;Ivoire\",\"description\":\"Just another Africa News Agency Sites site\",\"potentialAction\":[{\"@type\":\"SearchAction\",\"target\":{\"@type\":\"EntryPoint\",\"urlTemplate\":\"https:\/\/www.africa-press.net\/cotedivoire\/?s={search_term_string}\"},\"query-input\":{\"@type\":\"PropertyValueSpecification\",\"valueRequired\":true,\"valueName\":\"search_term_string\"}}],\"inLanguage\":\"fr-FR\"},{\"@type\":\"Person\",\"@id\":\"https:\/\/www.africa-press.net\/cotedivoire\/#\/schema\/person\/2b1cf3cd81a31e3cd26889ca66d677f1\",\"name\":\"cfeditorfr\"}]}<\/script>\n<!-- \/ Yoast SEO Premium plugin. -->","yoast_head_json":{"title":"Malgr\u00e9 les piques re\u00e7ues au meeting du PPA-CI \u00e0 Yopougon, l'ambassadeur Claude Sahi, droit dans ses bottes pour repr\u00e9senter Ouattara - C\u00f4te d&#039;Ivoire","description":"Le Parti des Peuples Africains- Co\u0302te d'Ivoire (PPA-CI) a organise\u0301 hier vendredi 31 mars 2023, la premie\u0300re e\u0301dition de ...","robots":{"index":"index","follow":"follow","max-snippet":"max-snippet:-1","max-image-preview":"max-image-preview:large","max-video-preview":"max-video-preview:-1"},"canonical":"https:\/\/www.africa-press.net\/cotedivoire\/politique\/malgre-les-piques-recues-au-meeting-du-ppa-ci-a-yopougon-lambassadeur-claude-sahi-droit-dans-ses-bottes-pour-representer-ouattara","og_locale":"fr_FR","og_type":"article","og_title":"Malgr\u00e9 les piques re\u00e7ues au meeting du PPA-CI \u00e0 Yopougon, l'ambassadeur Claude Sahi, droit dans ses bottes pour repr\u00e9senter Ouattara","og_description":"Le Parti des Peuples Africains- Co\u0302te d'Ivoire (PPA-CI) a organise\u0301 hier vendredi 31 mars 2023, la premie\u0300re e\u0301dition de ...","og_url":"https:\/\/www.africa-press.net\/cotedivoire\/politique\/malgre-les-piques-recues-au-meeting-du-ppa-ci-a-yopougon-lambassadeur-claude-sahi-droit-dans-ses-bottes-pour-representer-ouattara","og_site_name":"C\u00f4te d&#039;Ivoire","article_published_time":"2023-04-01T17:40:07+00:00","article_modified_time":"2023-04-01T18:47:13+00:00","og_image":[{"width":720,"height":480,"url":"https:\/\/static.africa-press.net\/cote\/sites\/43\/2023\/04\/postQueueImg_1680354615.94.jpg","type":"image\/jpeg"}],"author":"cfeditorfr","twitter_card":"summary_large_image","twitter_misc":{"\u00c9crit par":"cfeditorfr","Dur\u00e9e de lecture estim\u00e9e":"1 minute"},"schema":{"@context":"https:\/\/schema.org","@graph":[{"@type":"Article","@id":"https:\/\/www.africa-press.net\/cotedivoire\/politique\/malgre-les-piques-recues-au-meeting-du-ppa-ci-a-yopougon-lambassadeur-claude-sahi-droit-dans-ses-bottes-pour-representer-ouattara#article","isPartOf":{"@id":"https:\/\/www.africa-press.net\/cotedivoire\/politique\/malgre-les-piques-recues-au-meeting-du-ppa-ci-a-yopougon-lambassadeur-claude-sahi-droit-dans-ses-bottes-pour-representer-ouattara"},"author":{"name":"cfeditorfr","@id":"https:\/\/www.africa-press.net\/cotedivoire\/#\/schema\/person\/2b1cf3cd81a31e3cd26889ca66d677f1"},"headline":"Malgr\u00e9 les piques re\u00e7ues au meeting du PPA-CI \u00e0 Yopougon, l&rsquo;ambassadeur Claude Sahi, droit dans ses bottes pour repr\u00e9senter Ouattara","datePublished":"2023-04-01T17:40:07+00:00","dateModified":"2023-04-01T18:47:13+00:00","mainEntityOfPage":{"@id":"https:\/\/www.africa-press.net\/cotedivoire\/politique\/malgre-les-piques-recues-au-meeting-du-ppa-ci-a-yopougon-lambassadeur-claude-sahi-droit-dans-ses-bottes-pour-representer-ouattara"},"wordCount":266,"commentCount":0,"image":{"@id":"https:\/\/www.africa-press.net\/cotedivoire\/politique\/malgre-les-piques-recues-au-meeting-du-ppa-ci-a-yopougon-lambassadeur-claude-sahi-droit-dans-ses-bottes-pour-representer-ouattara#primaryimage"},"thumbnailUrl":"https:\/\/static.africa-press.net\/cote\/sites\/43\/2023\/04\/postQueueImg_1680354615.94.jpg","keywords":["Africa Press","Africa Press-C\u00f4te d'Ivoire","Alassane Ouattara","C\u00d4TE D'IVOIRE","Ficgayo","Gbagbo","PPA-CI","RHDP","Yopougon"],"articleSection":["Politique","Toutes les actualit\u00e9s"],"inLanguage":"fr-FR","potentialAction":[{"@type":"CommentAction","name":"Comment","target":["https:\/\/www.africa-press.net\/cotedivoire\/politique\/malgre-les-piques-recues-au-meeting-du-ppa-ci-a-yopougon-lambassadeur-claude-sahi-droit-dans-ses-bottes-pour-representer-ouattara#respond"]}]},{"@type":"WebPage","@id":"https:\/\/www.africa-press.net\/cotedivoire\/politique\/malgre-les-piques-recues-au-meeting-du-ppa-ci-a-yopougon-lambassadeur-claude-sahi-droit-dans-ses-bottes-pour-representer-ouattara","url":"https:\/\/www.africa-press.net\/cotedivoire\/politique\/malgre-les-piques-recues-au-meeting-du-ppa-ci-a-yopougon-lambassadeur-claude-sahi-droit-dans-ses-bottes-pour-representer-ouattara","name":"Malgr\u00e9 les piques re\u00e7ues au meeting du PPA-CI \u00e0 Yopougon, l'ambassadeur Claude Sahi, droit dans ses bottes pour repr\u00e9senter Ouattara - C\u00f4te d&#039;Ivoire","isPartOf":{"@id":"https:\/\/www.africa-press.net\/cotedivoire\/#website"},"primaryImageOfPage":{"@id":"https:\/\/www.africa-press.net\/cotedivoire\/politique\/malgre-les-piques-recues-au-meeting-du-ppa-ci-a-yopougon-lambassadeur-claude-sahi-droit-dans-ses-bottes-pour-representer-ouattara#primaryimage"},"image":{"@id":"https:\/\/www.africa-press.net\/cotedivoire\/politique\/malgre-les-piques-recues-au-meeting-du-ppa-ci-a-yopougon-lambassadeur-claude-sahi-droit-dans-ses-bottes-pour-representer-ouattara#primaryimage"},"thumbnailUrl":"https:\/\/static.africa-press.net\/cote\/sites\/43\/2023\/04\/postQueueImg_1680354615.94.jpg","datePublished":"2023-04-01T17:40:07+00:00","dateModified":"2023-04-01T18:47:13+00:00","author":{"@id":"https:\/\/www.africa-press.net\/cotedivoire\/#\/schema\/person\/2b1cf3cd81a31e3cd26889ca66d677f1"},"description":"Le Parti des Peuples Africains- Co\u0302te d'Ivoire (PPA-CI) a organise\u0301 hier vendredi 31 mars 2023, la premie\u0300re e\u0301dition de ...","breadcrumb":{"@id":"https:\/\/www.africa-press.net\/cotedivoire\/politique\/malgre-les-piques-recues-au-meeting-du-ppa-ci-a-yopougon-lambassadeur-claude-sahi-droit-dans-ses-bottes-pour-representer-ouattara#breadcrumb"},"inLanguage":"fr-FR","potentialAction":[{"@type":"ReadAction","target":["https:\/\/www.africa-press.net\/cotedivoire\/politique\/malgre-les-piques-recues-au-meeting-du-ppa-ci-a-yopougon-lambassadeur-claude-sahi-droit-dans-ses-bottes-pour-representer-ouattara"]}]},{"@type":"ImageObject","inLanguage":"fr-FR","@id":"https:\/\/www.africa-press.net\/cotedivoire\/politique\/malgre-les-piques-recues-au-meeting-du-ppa-ci-a-yopougon-lambassadeur-claude-sahi-droit-dans-ses-bottes-pour-representer-ouattara#primaryimage","url":"https:\/\/static.africa-press.net\/cote\/sites\/43\/2023\/04\/postQueueImg_1680354615.94.jpg","contentUrl":"https:\/\/static.africa-press.net\/cote\/sites\/43\/2023\/04\/postQueueImg_1680354615.94.jpg","width":720,"height":480,"caption":"Malgr\u00e9 les piques re\u00e7ues au meeting du PPA-CI \u00e0 Yopougon, l'ambassadeur Claude Sahi, droit dans ses bottes pour repr\u00e9senter Ouattara"},{"@type":"BreadcrumbList","@id":"https:\/\/www.africa-press.net\/cotedivoire\/politique\/malgre-les-piques-recues-au-meeting-du-ppa-ci-a-yopougon-lambassadeur-claude-sahi-droit-dans-ses-bottes-pour-representer-ouattara#breadcrumb","itemListElement":[{"@type":"ListItem","position":1,"name":"Accueil","item":"https:\/\/www.africa-press.net\/cotedivoire\/"},{"@type":"ListItem","position":2,"name":"Malgr\u00e9 les piques re\u00e7ues au meeting du PPA-CI \u00e0 Yopougon, l&#8217;ambassadeur Claude Sahi, droit dans ses bottes pour repr\u00e9senter Ouattara"}]},{"@type":"WebSite","@id":"https:\/\/www.africa-press.net\/cotedivoire\/#website","url":"https:\/\/www.africa-press.net\/cotedivoire\/","name":"C\u00f4te d&#039;Ivoire","description":"Just another Africa News Agency Sites site","potentialAction":[{"@type":"SearchAction","target":{"@type":"EntryPoint","urlTemplate":"https:\/\/www.africa-press.net\/cotedivoire\/?s={search_term_string}"},"query-input":{"@type":"PropertyValueSpecification","valueRequired":true,"valueName":"search_term_string"}}],"inLanguage":"fr-FR"},{"@type":"Person","@id":"https:\/\/www.africa-press.net\/cotedivoire\/#\/schema\/person\/2b1cf3cd81a31e3cd26889ca66d677f1","name":"cfeditorfr"}]}},"_links":{"self":[{"href":"https:\/\/www.africa-press.net\/cotedivoire\/wp-json\/wp\/v2\/posts\/55920","targetHints":{"allow":["GET"]}}],"collection":[{"href":"https:\/\/www.africa-press.net\/cotedivoire\/wp-json\/wp\/v2\/posts"}],"about":[{"href":"https:\/\/www.africa-press.net\/cotedivoire\/wp-json\/wp\/v2\/types\/post"}],"author":[{"embeddable":true,"href":"https:\/\/www.africa-press.net\/cotedivoire\/wp-json\/wp\/v2\/users\/82"}],"replies":[{"embeddable":true,"href":"https:\/\/www.africa-press.net\/cotedivoire\/wp-json\/wp\/v2\/comments?post=55920"}],"version-history":[{"count":0,"href":"https:\/\/www.africa-press.net\/cotedivoire\/wp-json\/wp\/v2\/posts\/55920\/revisions"}],"wp:featuredmedia":[{"embeddable":true,"href":"https:\/\/www.africa-press.net\/cotedivoire\/wp-json\/wp\/v2\/media\/55918"}],"wp:attachment":[{"href":"https:\/\/www.africa-press.net\/cotedivoire\/wp-json\/wp\/v2\/media?parent=55920"}],"wp:term":[{"taxonomy":"category","embeddable":true,"href":"https:\/\/www.africa-press.net\/cotedivoire\/wp-json\/wp\/v2\/categories?post=55920"},{"taxonomy":"post_tag","embeddable":true,"href":"https:\/\/www.africa-press.net\/cotedivoire\/wp-json\/wp\/v2\/tags?post=55920"}],"curies":[{"name":"wp","href":"https:\/\/api.w.org\/{rel}","templated":true}]}}