{"id":56164,"date":"2023-04-06T19:16:42","date_gmt":"2023-04-06T19:16:42","guid":{"rendered":"https:\/\/www.africa-press.net\/cotedivoire\/politique\/des-nominations-de-nouveaux-directeurs-depn-la-liste-attendue"},"modified":"2023-04-06T20:37:53","modified_gmt":"2023-04-06T20:37:53","slug":"des-nominations-de-nouveaux-directeurs-depn-la-liste-attendue","status":"publish","type":"post","link":"https:\/\/www.africa-press.net\/cotedivoire\/politique\/des-nominations-de-nouveaux-directeurs-depn-la-liste-attendue","title":{"rendered":"Des nominations de nouveaux Directeurs d&rsquo;EPN, la liste attendue"},"content":{"rendered":"<p><span style=\"color: #ff6600\"><strong>Africa-Press &#8211; C\u00f4te d&rsquo;Ivoire. <\/strong><\/span><\/p>\n<p>Des nouveaux Directeurs sont nomme\u0301s a\u0300 la te\u0302te des E\u0301tablissements publics nationaux (EPN). Amadou Coulibaly, ministre de la Communication et de l&rsquo;e\u0301conomie nume\u0301rique, a donne\u0301 l&rsquo;information a\u0300 la presse hier, a\u0300 l&rsquo;issue de la re\u0301union hebdomadaire du Gouvernement, sans toutefois citer les noms des EPN qui subiront des changements de Directeurs.<\/p>\n<p>Cependant, il a assure\u0301 que contrairement a\u0300 ce qui se raconte sur les re\u0301seaux sociaux, des Directeurs de certains EPN indexe\u0301s resteront a\u0300 leur poste.<\/p>\n<p>\u00ab Personne ne bouge au Fonds d&rsquo;entretien routier, personne ne bouge a\u0300 la RTI, parce qu&rsquo;ils sont conside\u0301re\u0301s comme des EPN a\u0300 proble\u0300me \u00bb, a conclu, le porte-parole du gouvernement.<\/p>\n<p>En principe, la publication de la liste de ces nominations devrait e\u0302tre transmise a\u0300 la presse hier dans la soire\u0301e. Nous apprenions que cette liste sera disponible ulte\u0301rieurement.<\/p>\n<p>Par ailleurs, concernant l&rsquo;immatriculation des terres rurales, Amadou Coulibaly a annonce\u0301 que le prix de l&rsquo;hectare pour les personnes physiques et les collectivite\u0301s territoriales est fixe\u0301 a\u0300 300 FCF. En cas de mutation, l&rsquo;inscription au livre fait 500 FCFA par hectare avec un droit d&rsquo;inscription fixe de 3 000 FCFA.<\/p>\n<p><strong>Pour plus d&rsquo;informations et d&rsquo;analyses sur la <a href=\"https:\/\/www.africa-press.net\/cotedivoire\">C\u00f4te d&rsquo;Ivoire<\/a>, suivez <a href=\"https:\/\/www.africa-press.net\/\">Africa-Press<\/a><\/strong><\/p>\n","protected":false},"excerpt":{"rendered":"<p>Africa-Press &#8211; C\u00f4te d&rsquo;Ivoire. Des nouveaux Directeurs sont nomme\u0301s a\u0300 la te\u0302te des E\u0301tablissements publics nationaux (EPN). Amadou Coulibaly, ministre de la Communication et de l&rsquo;e\u0301conomie nume\u0301rique, a donne\u0301 l&rsquo;information a\u0300 la presse hier, a\u0300 l&rsquo;issue de la re\u0301union hebdomadaire du Gouvernement, sans toutefois citer les noms des EPN qui subiront des changements de Directeurs. [&hellip;]<\/p>\n","protected":false},"author":82,"featured_media":56163,"comment_status":"open","ping_status":"closed","sticky":false,"template":"","format":"standard","meta":{"footnotes":""},"categories":[2,10],"tags":[56,63,456,1875,29,2497,1636],"class_list":["post-56164","post","type-post","status-publish","format-standard","has-post-thumbnail","hentry","category-politique","category-toutes-les-actualites","tag-africa-press","tag-africa-press-cote-divoire","tag-amadou-coulibaly","tag-artci","tag-cote-divoire","tag-fer","tag-rti"],"yoast_head":"<!-- This site is optimized with the Yoast SEO Premium plugin v26.1 (Yoast SEO v27.0) - https:\/\/yoast.com\/product\/yoast-seo-premium-wordpress\/ -->\n<title>Des nominations de nouveaux Directeurs d&#039;EPN, la liste attendue - C\u00f4te d&#039;Ivoire<\/title>\n<meta name=\"description\" content=\"\ufeff Des nouveaux Directeurs sont nomme\u0301s a\u0300 la te\u0302te des E\u0301tablissements publics nationaux (EPN). Amadou Coulibaly, minis ...\" \/>\n<meta name=\"robots\" content=\"index, follow, max-snippet:-1, max-image-preview:large, max-video-preview:-1\" \/>\n<link rel=\"canonical\" href=\"https:\/\/www.africa-press.net\/cotedivoire\/politique\/des-nominations-de-nouveaux-directeurs-depn-la-liste-attendue\" \/>\n<meta property=\"og:locale\" content=\"fr_FR\" \/>\n<meta property=\"og:type\" content=\"article\" \/>\n<meta property=\"og:title\" content=\"Des nominations de nouveaux Directeurs d&#039;EPN, la liste attendue\" \/>\n<meta property=\"og:description\" content=\"\ufeff Des nouveaux Directeurs sont nomme\u0301s a\u0300 la te\u0302te des E\u0301tablissements publics nationaux (EPN). Amadou Coulibaly, minis ...\" \/>\n<meta property=\"og:url\" content=\"https:\/\/www.africa-press.net\/cotedivoire\/politique\/des-nominations-de-nouveaux-directeurs-depn-la-liste-attendue\" \/>\n<meta property=\"og:site_name\" content=\"C\u00f4te d&#039;Ivoire\" \/>\n<meta property=\"article:published_time\" content=\"2023-04-06T19:16:42+00:00\" \/>\n<meta property=\"article:modified_time\" content=\"2023-04-06T20:37:53+00:00\" \/>\n<meta property=\"og:image\" content=\"https:\/\/static.africa-press.net\/cote\/sites\/43\/2023\/04\/postQueueImg_1680792409.25.jpg\" \/>\n\t<meta property=\"og:image:width\" content=\"720\" \/>\n\t<meta property=\"og:image:height\" content=\"373\" \/>\n\t<meta property=\"og:image:type\" content=\"image\/jpeg\" \/>\n<meta name=\"author\" content=\"cfeditorfr\" \/>\n<meta name=\"twitter:card\" content=\"summary_large_image\" \/>\n<meta name=\"twitter:label1\" content=\"\u00c9crit par\" \/>\n\t<meta name=\"twitter:data1\" content=\"cfeditorfr\" \/>\n\t<meta name=\"twitter:label2\" content=\"Dur\u00e9e de lecture estim\u00e9e\" \/>\n\t<meta name=\"twitter:data2\" content=\"1 minute\" \/>\n<script type=\"application\/ld+json\" class=\"yoast-schema-graph\">{\"@context\":\"https:\/\/schema.org\",\"@graph\":[{\"@type\":\"Article\",\"@id\":\"https:\/\/www.africa-press.net\/cotedivoire\/politique\/des-nominations-de-nouveaux-directeurs-depn-la-liste-attendue#article\",\"isPartOf\":{\"@id\":\"https:\/\/www.africa-press.net\/cotedivoire\/politique\/des-nominations-de-nouveaux-directeurs-depn-la-liste-attendue\"},\"author\":{\"name\":\"cfeditorfr\",\"@id\":\"https:\/\/www.africa-press.net\/cotedivoire\/#\/schema\/person\/2b1cf3cd81a31e3cd26889ca66d677f1\"},\"headline\":\"Des nominations de nouveaux Directeurs d&rsquo;EPN, la liste attendue\",\"datePublished\":\"2023-04-06T19:16:42+00:00\",\"dateModified\":\"2023-04-06T20:37:53+00:00\",\"mainEntityOfPage\":{\"@id\":\"https:\/\/www.africa-press.net\/cotedivoire\/politique\/des-nominations-de-nouveaux-directeurs-depn-la-liste-attendue\"},\"wordCount\":233,\"commentCount\":0,\"image\":{\"@id\":\"https:\/\/www.africa-press.net\/cotedivoire\/politique\/des-nominations-de-nouveaux-directeurs-depn-la-liste-attendue#primaryimage\"},\"thumbnailUrl\":\"https:\/\/static.africa-press.net\/cote\/sites\/43\/2023\/04\/postQueueImg_1680792409.25.jpg\",\"keywords\":[\"Africa Press\",\"Africa Press-C\u00f4te d'Ivoire\",\"Amadou Coulibaly\",\"ARTCI\",\"C\u00d4TE D'IVOIRE\",\"FER\",\"RTI\"],\"articleSection\":[\"Politique\",\"Toutes les actualit\u00e9s\"],\"inLanguage\":\"fr-FR\",\"potentialAction\":[{\"@type\":\"CommentAction\",\"name\":\"Comment\",\"target\":[\"https:\/\/www.africa-press.net\/cotedivoire\/politique\/des-nominations-de-nouveaux-directeurs-depn-la-liste-attendue#respond\"]}]},{\"@type\":\"WebPage\",\"@id\":\"https:\/\/www.africa-press.net\/cotedivoire\/politique\/des-nominations-de-nouveaux-directeurs-depn-la-liste-attendue\",\"url\":\"https:\/\/www.africa-press.net\/cotedivoire\/politique\/des-nominations-de-nouveaux-directeurs-depn-la-liste-attendue\",\"name\":\"Des nominations de nouveaux Directeurs d'EPN, la liste attendue - C\u00f4te d&#039;Ivoire\",\"isPartOf\":{\"@id\":\"https:\/\/www.africa-press.net\/cotedivoire\/#website\"},\"primaryImageOfPage\":{\"@id\":\"https:\/\/www.africa-press.net\/cotedivoire\/politique\/des-nominations-de-nouveaux-directeurs-depn-la-liste-attendue#primaryimage\"},\"image\":{\"@id\":\"https:\/\/www.africa-press.net\/cotedivoire\/politique\/des-nominations-de-nouveaux-directeurs-depn-la-liste-attendue#primaryimage\"},\"thumbnailUrl\":\"https:\/\/static.africa-press.net\/cote\/sites\/43\/2023\/04\/postQueueImg_1680792409.25.jpg\",\"datePublished\":\"2023-04-06T19:16:42+00:00\",\"dateModified\":\"2023-04-06T20:37:53+00:00\",\"author\":{\"@id\":\"https:\/\/www.africa-press.net\/cotedivoire\/#\/schema\/person\/2b1cf3cd81a31e3cd26889ca66d677f1\"},\"description\":\"\ufeff Des nouveaux Directeurs sont nomme\u0301s a\u0300 la te\u0302te des E\u0301tablissements publics nationaux (EPN). Amadou Coulibaly, minis ...\",\"breadcrumb\":{\"@id\":\"https:\/\/www.africa-press.net\/cotedivoire\/politique\/des-nominations-de-nouveaux-directeurs-depn-la-liste-attendue#breadcrumb\"},\"inLanguage\":\"fr-FR\",\"potentialAction\":[{\"@type\":\"ReadAction\",\"target\":[\"https:\/\/www.africa-press.net\/cotedivoire\/politique\/des-nominations-de-nouveaux-directeurs-depn-la-liste-attendue\"]}]},{\"@type\":\"ImageObject\",\"inLanguage\":\"fr-FR\",\"@id\":\"https:\/\/www.africa-press.net\/cotedivoire\/politique\/des-nominations-de-nouveaux-directeurs-depn-la-liste-attendue#primaryimage\",\"url\":\"https:\/\/static.africa-press.net\/cote\/sites\/43\/2023\/04\/postQueueImg_1680792409.25.jpg\",\"contentUrl\":\"https:\/\/static.africa-press.net\/cote\/sites\/43\/2023\/04\/postQueueImg_1680792409.25.jpg\",\"width\":720,\"height\":373,\"caption\":\"Des nominations de nouveaux Directeurs d'EPN, la liste attendue\"},{\"@type\":\"BreadcrumbList\",\"@id\":\"https:\/\/www.africa-press.net\/cotedivoire\/politique\/des-nominations-de-nouveaux-directeurs-depn-la-liste-attendue#breadcrumb\",\"itemListElement\":[{\"@type\":\"ListItem\",\"position\":1,\"name\":\"Accueil\",\"item\":\"https:\/\/www.africa-press.net\/cotedivoire\/\"},{\"@type\":\"ListItem\",\"position\":2,\"name\":\"Des nominations de nouveaux Directeurs d&#8217;EPN, la liste attendue\"}]},{\"@type\":\"WebSite\",\"@id\":\"https:\/\/www.africa-press.net\/cotedivoire\/#website\",\"url\":\"https:\/\/www.africa-press.net\/cotedivoire\/\",\"name\":\"C\u00f4te d&#039;Ivoire\",\"description\":\"Just another Africa News Agency Sites site\",\"potentialAction\":[{\"@type\":\"SearchAction\",\"target\":{\"@type\":\"EntryPoint\",\"urlTemplate\":\"https:\/\/www.africa-press.net\/cotedivoire\/?s={search_term_string}\"},\"query-input\":{\"@type\":\"PropertyValueSpecification\",\"valueRequired\":true,\"valueName\":\"search_term_string\"}}],\"inLanguage\":\"fr-FR\"},{\"@type\":\"Person\",\"@id\":\"https:\/\/www.africa-press.net\/cotedivoire\/#\/schema\/person\/2b1cf3cd81a31e3cd26889ca66d677f1\",\"name\":\"cfeditorfr\"}]}<\/script>\n<!-- \/ Yoast SEO Premium plugin. -->","yoast_head_json":{"title":"Des nominations de nouveaux Directeurs d'EPN, la liste attendue - C\u00f4te d&#039;Ivoire","description":"\ufeff Des nouveaux Directeurs sont nomme\u0301s a\u0300 la te\u0302te des E\u0301tablissements publics nationaux (EPN). Amadou Coulibaly, minis ...","robots":{"index":"index","follow":"follow","max-snippet":"max-snippet:-1","max-image-preview":"max-image-preview:large","max-video-preview":"max-video-preview:-1"},"canonical":"https:\/\/www.africa-press.net\/cotedivoire\/politique\/des-nominations-de-nouveaux-directeurs-depn-la-liste-attendue","og_locale":"fr_FR","og_type":"article","og_title":"Des nominations de nouveaux Directeurs d'EPN, la liste attendue","og_description":"\ufeff Des nouveaux Directeurs sont nomme\u0301s a\u0300 la te\u0302te des E\u0301tablissements publics nationaux (EPN). Amadou Coulibaly, minis ...","og_url":"https:\/\/www.africa-press.net\/cotedivoire\/politique\/des-nominations-de-nouveaux-directeurs-depn-la-liste-attendue","og_site_name":"C\u00f4te d&#039;Ivoire","article_published_time":"2023-04-06T19:16:42+00:00","article_modified_time":"2023-04-06T20:37:53+00:00","og_image":[{"width":720,"height":373,"url":"https:\/\/static.africa-press.net\/cote\/sites\/43\/2023\/04\/postQueueImg_1680792409.25.jpg","type":"image\/jpeg"}],"author":"cfeditorfr","twitter_card":"summary_large_image","twitter_misc":{"\u00c9crit par":"cfeditorfr","Dur\u00e9e de lecture estim\u00e9e":"1 minute"},"schema":{"@context":"https:\/\/schema.org","@graph":[{"@type":"Article","@id":"https:\/\/www.africa-press.net\/cotedivoire\/politique\/des-nominations-de-nouveaux-directeurs-depn-la-liste-attendue#article","isPartOf":{"@id":"https:\/\/www.africa-press.net\/cotedivoire\/politique\/des-nominations-de-nouveaux-directeurs-depn-la-liste-attendue"},"author":{"name":"cfeditorfr","@id":"https:\/\/www.africa-press.net\/cotedivoire\/#\/schema\/person\/2b1cf3cd81a31e3cd26889ca66d677f1"},"headline":"Des nominations de nouveaux Directeurs d&rsquo;EPN, la liste attendue","datePublished":"2023-04-06T19:16:42+00:00","dateModified":"2023-04-06T20:37:53+00:00","mainEntityOfPage":{"@id":"https:\/\/www.africa-press.net\/cotedivoire\/politique\/des-nominations-de-nouveaux-directeurs-depn-la-liste-attendue"},"wordCount":233,"commentCount":0,"image":{"@id":"https:\/\/www.africa-press.net\/cotedivoire\/politique\/des-nominations-de-nouveaux-directeurs-depn-la-liste-attendue#primaryimage"},"thumbnailUrl":"https:\/\/static.africa-press.net\/cote\/sites\/43\/2023\/04\/postQueueImg_1680792409.25.jpg","keywords":["Africa Press","Africa Press-C\u00f4te d'Ivoire","Amadou Coulibaly","ARTCI","C\u00d4TE D'IVOIRE","FER","RTI"],"articleSection":["Politique","Toutes les actualit\u00e9s"],"inLanguage":"fr-FR","potentialAction":[{"@type":"CommentAction","name":"Comment","target":["https:\/\/www.africa-press.net\/cotedivoire\/politique\/des-nominations-de-nouveaux-directeurs-depn-la-liste-attendue#respond"]}]},{"@type":"WebPage","@id":"https:\/\/www.africa-press.net\/cotedivoire\/politique\/des-nominations-de-nouveaux-directeurs-depn-la-liste-attendue","url":"https:\/\/www.africa-press.net\/cotedivoire\/politique\/des-nominations-de-nouveaux-directeurs-depn-la-liste-attendue","name":"Des nominations de nouveaux Directeurs d'EPN, la liste attendue - C\u00f4te d&#039;Ivoire","isPartOf":{"@id":"https:\/\/www.africa-press.net\/cotedivoire\/#website"},"primaryImageOfPage":{"@id":"https:\/\/www.africa-press.net\/cotedivoire\/politique\/des-nominations-de-nouveaux-directeurs-depn-la-liste-attendue#primaryimage"},"image":{"@id":"https:\/\/www.africa-press.net\/cotedivoire\/politique\/des-nominations-de-nouveaux-directeurs-depn-la-liste-attendue#primaryimage"},"thumbnailUrl":"https:\/\/static.africa-press.net\/cote\/sites\/43\/2023\/04\/postQueueImg_1680792409.25.jpg","datePublished":"2023-04-06T19:16:42+00:00","dateModified":"2023-04-06T20:37:53+00:00","author":{"@id":"https:\/\/www.africa-press.net\/cotedivoire\/#\/schema\/person\/2b1cf3cd81a31e3cd26889ca66d677f1"},"description":"\ufeff Des nouveaux Directeurs sont nomme\u0301s a\u0300 la te\u0302te des E\u0301tablissements publics nationaux (EPN). Amadou Coulibaly, minis ...","breadcrumb":{"@id":"https:\/\/www.africa-press.net\/cotedivoire\/politique\/des-nominations-de-nouveaux-directeurs-depn-la-liste-attendue#breadcrumb"},"inLanguage":"fr-FR","potentialAction":[{"@type":"ReadAction","target":["https:\/\/www.africa-press.net\/cotedivoire\/politique\/des-nominations-de-nouveaux-directeurs-depn-la-liste-attendue"]}]},{"@type":"ImageObject","inLanguage":"fr-FR","@id":"https:\/\/www.africa-press.net\/cotedivoire\/politique\/des-nominations-de-nouveaux-directeurs-depn-la-liste-attendue#primaryimage","url":"https:\/\/static.africa-press.net\/cote\/sites\/43\/2023\/04\/postQueueImg_1680792409.25.jpg","contentUrl":"https:\/\/static.africa-press.net\/cote\/sites\/43\/2023\/04\/postQueueImg_1680792409.25.jpg","width":720,"height":373,"caption":"Des nominations de nouveaux Directeurs d'EPN, la liste attendue"},{"@type":"BreadcrumbList","@id":"https:\/\/www.africa-press.net\/cotedivoire\/politique\/des-nominations-de-nouveaux-directeurs-depn-la-liste-attendue#breadcrumb","itemListElement":[{"@type":"ListItem","position":1,"name":"Accueil","item":"https:\/\/www.africa-press.net\/cotedivoire\/"},{"@type":"ListItem","position":2,"name":"Des nominations de nouveaux Directeurs d&#8217;EPN, la liste attendue"}]},{"@type":"WebSite","@id":"https:\/\/www.africa-press.net\/cotedivoire\/#website","url":"https:\/\/www.africa-press.net\/cotedivoire\/","name":"C\u00f4te d&#039;Ivoire","description":"Just another Africa News Agency Sites site","potentialAction":[{"@type":"SearchAction","target":{"@type":"EntryPoint","urlTemplate":"https:\/\/www.africa-press.net\/cotedivoire\/?s={search_term_string}"},"query-input":{"@type":"PropertyValueSpecification","valueRequired":true,"valueName":"search_term_string"}}],"inLanguage":"fr-FR"},{"@type":"Person","@id":"https:\/\/www.africa-press.net\/cotedivoire\/#\/schema\/person\/2b1cf3cd81a31e3cd26889ca66d677f1","name":"cfeditorfr"}]}},"_links":{"self":[{"href":"https:\/\/www.africa-press.net\/cotedivoire\/wp-json\/wp\/v2\/posts\/56164","targetHints":{"allow":["GET"]}}],"collection":[{"href":"https:\/\/www.africa-press.net\/cotedivoire\/wp-json\/wp\/v2\/posts"}],"about":[{"href":"https:\/\/www.africa-press.net\/cotedivoire\/wp-json\/wp\/v2\/types\/post"}],"author":[{"embeddable":true,"href":"https:\/\/www.africa-press.net\/cotedivoire\/wp-json\/wp\/v2\/users\/82"}],"replies":[{"embeddable":true,"href":"https:\/\/www.africa-press.net\/cotedivoire\/wp-json\/wp\/v2\/comments?post=56164"}],"version-history":[{"count":0,"href":"https:\/\/www.africa-press.net\/cotedivoire\/wp-json\/wp\/v2\/posts\/56164\/revisions"}],"wp:featuredmedia":[{"embeddable":true,"href":"https:\/\/www.africa-press.net\/cotedivoire\/wp-json\/wp\/v2\/media\/56163"}],"wp:attachment":[{"href":"https:\/\/www.africa-press.net\/cotedivoire\/wp-json\/wp\/v2\/media?parent=56164"}],"wp:term":[{"taxonomy":"category","embeddable":true,"href":"https:\/\/www.africa-press.net\/cotedivoire\/wp-json\/wp\/v2\/categories?post=56164"},{"taxonomy":"post_tag","embeddable":true,"href":"https:\/\/www.africa-press.net\/cotedivoire\/wp-json\/wp\/v2\/tags?post=56164"}],"curies":[{"name":"wp","href":"https:\/\/api.w.org\/{rel}","templated":true}]}}