{"id":56603,"date":"2023-04-15T18:35:24","date_gmt":"2023-04-15T18:35:24","guid":{"rendered":"https:\/\/www.africa-press.net\/cotedivoire\/politique\/hausse-du-cout-dinternet-face-aux-polemiques-le-pm-achi-instruit-lartci-dengager-des-discussions-la-reaction-des-operateurs-de-telephonie"},"modified":"2023-04-15T20:10:24","modified_gmt":"2023-04-15T20:10:24","slug":"hausse-du-cout-dinternet-face-aux-polemiques-le-pm-achi-instruit-lartci-dengager-des-discussions-la-reaction-des-operateurs-de-telephonie","status":"publish","type":"post","link":"https:\/\/www.africa-press.net\/cotedivoire\/economie\/hausse-du-cout-dinternet-face-aux-polemiques-le-pm-achi-instruit-lartci-dengager-des-discussions-la-reaction-des-operateurs-de-telephonie","title":{"rendered":"Hausse du co\u00fbt d&rsquo;Internet, face aux pol\u00e9miques, le PM Achi instruit l&rsquo;ARTCI d&rsquo;engager des discussions, la r\u00e9action des op\u00e9rateurs de t\u00e9l\u00e9phonie"},"content":{"rendered":"<p><span style=\"color: #ff6600\"><strong>Africa-Press &#8211; C\u00f4te d&rsquo;Ivoire. <\/strong><\/span>Le de\u0301bat sur le cou\u0302t d\u2019Internet, ne\u0301 suite a\u0300 un article de KOACI le 7 avril dernier, continue de cre\u0301er les pole\u0301miques.<\/p>\n<p>Si conforme\u0301ment a\u0300 la dernie\u0300re sortie du porte-parole du Gouvernement Amadou Coulibaly, un ope\u0301rateur de te\u0301le\u0301phonie est revenu au prix de l\u2019Internet mobile au niveau d\u2019avant le 6 avril 2023, les deux autres compagnies de te\u0301le\u0301phonie, a\u0300 savoir Orange et MTN continuent de parame\u0301trer leur syste\u0300me.<\/p>\n<p>Selon le communique\u0301 de l\u2019ARTCI dont copie est parvenue a\u0300 KOACI, le Premier ministre Patrick Achi, face a\u0300 la pole\u0301mique qui se fait grandissante, a demande\u0301 au re\u0301gulateur d\u2019engager une concertation avec les ope\u0301rateurs afin de trouver une solution idoine dans le respect de l\u2019inte\u0301re\u0302t de toutes les parties prenantes.<\/p>\n<p>Cette rencontre qui a eu lieu hier vendredi 14 avril 2023 a abouti a\u0300 deux principes a\u0300 savoir premie\u0300rement l\u2019engagement par les ope\u0301rateurs d\u2019un retour au plus to\u0302t (en fonction chacun de ses contraintes techniques) des prix de l\u2019Internet mobile aux niveaux d\u2019avant le 6 avril 2023. Secundo, la reprise des consultations relativement a\u0300 la mise en \u0153uvre des meilleurs de\u0301lais de la de\u0301cision 2023-834 de l\u2019ARTCI.<\/p>\n<p>En re\u0301action a\u0300 cette note de l\u2019ARTCI, l\u2019Union Nationale des Entreprises de Te\u0301le\u0301communications (UNETEL) dont sont membres les ope\u0301rateurs mobiles Moov Africa, MTN et Orange-CI, dans un communique\u0301 parvenu a\u0300 notre re\u0301daction et conforme\u0301ment a\u0300 la de\u0301cision nume\u0301ro 2023-034 du 12 janvier 2023 de l\u2019ARTCI, disent avoir pris acte des instructions de la partie e\u0301tatique (gouvernement et ARTCI) de fixer le tarif minimum des data a\u0300 0.80FHT le Mo.<\/p>\n<p>Ces ope\u0301rateurs se donnent deux semaines (14 jours) pour tous, revenir aux anciens tarifs.<\/p>\n<p>Enfin, de leur co\u0302te\u0301, les initiateurs de la fronde contre la hausse du prix d\u2019Internet en Co\u0302te d\u2019Ivoire affirment qu\u2019ils poursuivront les appels au boycott jusqu\u2019a\u0300 ce que le prix des donne\u0301es soit revu a\u0300 la baisse a\u0300 l\u2019image des Pays comme la Somalie, le Se\u0301ne\u0301gal ou encore le Rwanda.<\/p>\n<p><strong>Pour plus d&rsquo;informations et d&rsquo;analyses sur la <a href=\"https:\/\/www.africa-press.net\/cotedivoire\">C\u00f4te d&rsquo;Ivoire<\/a>, suivez <a href=\"https:\/\/www.africa-press.net\/\">Africa-Press<\/a><\/strong><\/p>\n","protected":false},"excerpt":{"rendered":"<p>Africa-Press &#8211; C\u00f4te d&rsquo;Ivoire. Le de\u0301bat sur le cou\u0302t d\u2019Internet, ne\u0301 suite a\u0300 un article de KOACI le 7 avril dernier, continue de cre\u0301er les pole\u0301miques. Si conforme\u0301ment a\u0300 la dernie\u0300re sortie du porte-parole du Gouvernement Amadou Coulibaly, un ope\u0301rateur de te\u0301le\u0301phonie est revenu au prix de l\u2019Internet mobile au niveau d\u2019avant le 6 avril [&hellip;]<\/p>\n","protected":false},"author":82,"featured_media":56601,"comment_status":"open","ping_status":"closed","sticky":false,"template":"","format":"standard","meta":{"footnotes":""},"categories":[3,10],"tags":[56,63,1875,29,9751,402,5521,9752],"class_list":["post-56603","post","type-post","status-publish","format-standard","has-post-thumbnail","hentry","category-economie","category-toutes-les-actualites","tag-africa-press","tag-africa-press-cote-divoire","tag-artci","tag-cote-divoire","tag-data","tag-patrick-achi","tag-polemique","tag-unetel"],"yoast_head":"<!-- This site is optimized with the Yoast SEO Premium plugin v26.1 (Yoast SEO v27.0) - https:\/\/yoast.com\/product\/yoast-seo-premium-wordpress\/ -->\n<title>Hausse du co\u00fbt d&#039;Internet, face aux pol\u00e9miques, le PM Achi instruit l&#039;ARTCI d&#039;engager des discussions, la r\u00e9action des op\u00e9rateurs de t\u00e9l\u00e9phonie - C\u00f4te d&#039;Ivoire<\/title>\n<meta name=\"description\" content=\"Le de\u0301bat sur le cou\u0302t d\u2019Internet, ne\u0301 suite a\u0300 un article de KOACI le 7 avril dernier, continue de cre\u0301er les pole\u0301miqu ...\" \/>\n<meta name=\"robots\" content=\"index, follow, max-snippet:-1, max-image-preview:large, max-video-preview:-1\" \/>\n<link rel=\"canonical\" href=\"https:\/\/www.africa-press.net\/cotedivoire\/economie\/hausse-du-cout-dinternet-face-aux-polemiques-le-pm-achi-instruit-lartci-dengager-des-discussions-la-reaction-des-operateurs-de-telephonie\" \/>\n<meta property=\"og:locale\" content=\"fr_FR\" \/>\n<meta property=\"og:type\" content=\"article\" \/>\n<meta property=\"og:title\" content=\"Hausse du co\u00fbt d&#039;Internet, face aux pol\u00e9miques, le PM Achi instruit l&#039;ARTCI d&#039;engager des discussions, la r\u00e9action des op\u00e9rateurs de t\u00e9l\u00e9phonie\" \/>\n<meta property=\"og:description\" content=\"Le de\u0301bat sur le cou\u0302t d\u2019Internet, ne\u0301 suite a\u0300 un article de KOACI le 7 avril dernier, continue de cre\u0301er les pole\u0301miqu ...\" \/>\n<meta property=\"og:url\" content=\"https:\/\/www.africa-press.net\/cotedivoire\/economie\/hausse-du-cout-dinternet-face-aux-polemiques-le-pm-achi-instruit-lartci-dengager-des-discussions-la-reaction-des-operateurs-de-telephonie\" \/>\n<meta property=\"og:site_name\" content=\"C\u00f4te d&#039;Ivoire\" \/>\n<meta property=\"article:published_time\" content=\"2023-04-15T18:35:24+00:00\" \/>\n<meta property=\"article:modified_time\" content=\"2023-04-15T20:10:24+00:00\" \/>\n<meta property=\"og:image\" content=\"https:\/\/static.africa-press.net\/cote\/sites\/43\/2023\/04\/postQueueImg_1681567532.21.jpg\" \/>\n\t<meta property=\"og:image:width\" content=\"720\" \/>\n\t<meta property=\"og:image:height\" content=\"397\" \/>\n\t<meta property=\"og:image:type\" content=\"image\/jpeg\" \/>\n<meta name=\"author\" content=\"cfeditorfr\" \/>\n<meta name=\"twitter:card\" content=\"summary_large_image\" \/>\n<meta name=\"twitter:label1\" content=\"\u00c9crit par\" \/>\n\t<meta name=\"twitter:data1\" content=\"cfeditorfr\" \/>\n\t<meta name=\"twitter:label2\" content=\"Dur\u00e9e de lecture estim\u00e9e\" \/>\n\t<meta name=\"twitter:data2\" content=\"2 minutes\" \/>\n<script type=\"application\/ld+json\" class=\"yoast-schema-graph\">{\"@context\":\"https:\/\/schema.org\",\"@graph\":[{\"@type\":\"Article\",\"@id\":\"https:\/\/www.africa-press.net\/cotedivoire\/economie\/hausse-du-cout-dinternet-face-aux-polemiques-le-pm-achi-instruit-lartci-dengager-des-discussions-la-reaction-des-operateurs-de-telephonie#article\",\"isPartOf\":{\"@id\":\"https:\/\/www.africa-press.net\/cotedivoire\/economie\/hausse-du-cout-dinternet-face-aux-polemiques-le-pm-achi-instruit-lartci-dengager-des-discussions-la-reaction-des-operateurs-de-telephonie\"},\"author\":{\"name\":\"cfeditorfr\",\"@id\":\"https:\/\/www.africa-press.net\/cotedivoire\/#\/schema\/person\/2b1cf3cd81a31e3cd26889ca66d677f1\"},\"headline\":\"Hausse du co\u00fbt d&rsquo;Internet, face aux pol\u00e9miques, le PM Achi instruit l&rsquo;ARTCI d&rsquo;engager des discussions, la r\u00e9action des op\u00e9rateurs de t\u00e9l\u00e9phonie\",\"datePublished\":\"2023-04-15T18:35:24+00:00\",\"dateModified\":\"2023-04-15T20:10:24+00:00\",\"mainEntityOfPage\":{\"@id\":\"https:\/\/www.africa-press.net\/cotedivoire\/economie\/hausse-du-cout-dinternet-face-aux-polemiques-le-pm-achi-instruit-lartci-dengager-des-discussions-la-reaction-des-operateurs-de-telephonie\"},\"wordCount\":416,\"commentCount\":0,\"image\":{\"@id\":\"https:\/\/www.africa-press.net\/cotedivoire\/economie\/hausse-du-cout-dinternet-face-aux-polemiques-le-pm-achi-instruit-lartci-dengager-des-discussions-la-reaction-des-operateurs-de-telephonie#primaryimage\"},\"thumbnailUrl\":\"https:\/\/static.africa-press.net\/cote\/sites\/43\/2023\/04\/postQueueImg_1681567532.21.jpg\",\"keywords\":[\"Africa Press\",\"Africa Press-C\u00f4te d'Ivoire\",\"ARTCI\",\"C\u00d4TE D'IVOIRE\",\"data\",\"Patrick Achi\",\"Pol\u00e9mique\",\"UNETEL\"],\"articleSection\":[\"\u00c9conomie\",\"Toutes les actualit\u00e9s\"],\"inLanguage\":\"fr-FR\",\"potentialAction\":[{\"@type\":\"CommentAction\",\"name\":\"Comment\",\"target\":[\"https:\/\/www.africa-press.net\/cotedivoire\/economie\/hausse-du-cout-dinternet-face-aux-polemiques-le-pm-achi-instruit-lartci-dengager-des-discussions-la-reaction-des-operateurs-de-telephonie#respond\"]}]},{\"@type\":\"WebPage\",\"@id\":\"https:\/\/www.africa-press.net\/cotedivoire\/economie\/hausse-du-cout-dinternet-face-aux-polemiques-le-pm-achi-instruit-lartci-dengager-des-discussions-la-reaction-des-operateurs-de-telephonie\",\"url\":\"https:\/\/www.africa-press.net\/cotedivoire\/economie\/hausse-du-cout-dinternet-face-aux-polemiques-le-pm-achi-instruit-lartci-dengager-des-discussions-la-reaction-des-operateurs-de-telephonie\",\"name\":\"Hausse du co\u00fbt d'Internet, face aux pol\u00e9miques, le PM Achi instruit l'ARTCI d'engager des discussions, la r\u00e9action des op\u00e9rateurs de t\u00e9l\u00e9phonie - C\u00f4te d&#039;Ivoire\",\"isPartOf\":{\"@id\":\"https:\/\/www.africa-press.net\/cotedivoire\/#website\"},\"primaryImageOfPage\":{\"@id\":\"https:\/\/www.africa-press.net\/cotedivoire\/economie\/hausse-du-cout-dinternet-face-aux-polemiques-le-pm-achi-instruit-lartci-dengager-des-discussions-la-reaction-des-operateurs-de-telephonie#primaryimage\"},\"image\":{\"@id\":\"https:\/\/www.africa-press.net\/cotedivoire\/economie\/hausse-du-cout-dinternet-face-aux-polemiques-le-pm-achi-instruit-lartci-dengager-des-discussions-la-reaction-des-operateurs-de-telephonie#primaryimage\"},\"thumbnailUrl\":\"https:\/\/static.africa-press.net\/cote\/sites\/43\/2023\/04\/postQueueImg_1681567532.21.jpg\",\"datePublished\":\"2023-04-15T18:35:24+00:00\",\"dateModified\":\"2023-04-15T20:10:24+00:00\",\"author\":{\"@id\":\"https:\/\/www.africa-press.net\/cotedivoire\/#\/schema\/person\/2b1cf3cd81a31e3cd26889ca66d677f1\"},\"description\":\"Le de\u0301bat sur le cou\u0302t d\u2019Internet, ne\u0301 suite a\u0300 un article de KOACI le 7 avril dernier, continue de cre\u0301er les pole\u0301miqu ...\",\"breadcrumb\":{\"@id\":\"https:\/\/www.africa-press.net\/cotedivoire\/economie\/hausse-du-cout-dinternet-face-aux-polemiques-le-pm-achi-instruit-lartci-dengager-des-discussions-la-reaction-des-operateurs-de-telephonie#breadcrumb\"},\"inLanguage\":\"fr-FR\",\"potentialAction\":[{\"@type\":\"ReadAction\",\"target\":[\"https:\/\/www.africa-press.net\/cotedivoire\/economie\/hausse-du-cout-dinternet-face-aux-polemiques-le-pm-achi-instruit-lartci-dengager-des-discussions-la-reaction-des-operateurs-de-telephonie\"]}]},{\"@type\":\"ImageObject\",\"inLanguage\":\"fr-FR\",\"@id\":\"https:\/\/www.africa-press.net\/cotedivoire\/economie\/hausse-du-cout-dinternet-face-aux-polemiques-le-pm-achi-instruit-lartci-dengager-des-discussions-la-reaction-des-operateurs-de-telephonie#primaryimage\",\"url\":\"https:\/\/static.africa-press.net\/cote\/sites\/43\/2023\/04\/postQueueImg_1681567532.21.jpg\",\"contentUrl\":\"https:\/\/static.africa-press.net\/cote\/sites\/43\/2023\/04\/postQueueImg_1681567532.21.jpg\",\"width\":720,\"height\":397,\"caption\":\"Hausse du co\u00fbt d'Internet, face aux pol\u00e9miques, le PM Achi instruit l'ARTCI d'engager des discussions, la r\u00e9action des op\u00e9rateurs de t\u00e9l\u00e9phonie\"},{\"@type\":\"BreadcrumbList\",\"@id\":\"https:\/\/www.africa-press.net\/cotedivoire\/economie\/hausse-du-cout-dinternet-face-aux-polemiques-le-pm-achi-instruit-lartci-dengager-des-discussions-la-reaction-des-operateurs-de-telephonie#breadcrumb\",\"itemListElement\":[{\"@type\":\"ListItem\",\"position\":1,\"name\":\"Accueil\",\"item\":\"https:\/\/www.africa-press.net\/cotedivoire\/\"},{\"@type\":\"ListItem\",\"position\":2,\"name\":\"Hausse du co\u00fbt d&#8217;Internet, face aux pol\u00e9miques, le PM Achi instruit l&#8217;ARTCI d&#8217;engager des discussions, la r\u00e9action des op\u00e9rateurs de t\u00e9l\u00e9phonie\"}]},{\"@type\":\"WebSite\",\"@id\":\"https:\/\/www.africa-press.net\/cotedivoire\/#website\",\"url\":\"https:\/\/www.africa-press.net\/cotedivoire\/\",\"name\":\"C\u00f4te d&#039;Ivoire\",\"description\":\"Just another Africa News Agency Sites site\",\"potentialAction\":[{\"@type\":\"SearchAction\",\"target\":{\"@type\":\"EntryPoint\",\"urlTemplate\":\"https:\/\/www.africa-press.net\/cotedivoire\/?s={search_term_string}\"},\"query-input\":{\"@type\":\"PropertyValueSpecification\",\"valueRequired\":true,\"valueName\":\"search_term_string\"}}],\"inLanguage\":\"fr-FR\"},{\"@type\":\"Person\",\"@id\":\"https:\/\/www.africa-press.net\/cotedivoire\/#\/schema\/person\/2b1cf3cd81a31e3cd26889ca66d677f1\",\"name\":\"cfeditorfr\"}]}<\/script>\n<!-- \/ Yoast SEO Premium plugin. -->","yoast_head_json":{"title":"Hausse du co\u00fbt d'Internet, face aux pol\u00e9miques, le PM Achi instruit l'ARTCI d'engager des discussions, la r\u00e9action des op\u00e9rateurs de t\u00e9l\u00e9phonie - C\u00f4te d&#039;Ivoire","description":"Le de\u0301bat sur le cou\u0302t d\u2019Internet, ne\u0301 suite a\u0300 un article de KOACI le 7 avril dernier, continue de cre\u0301er les pole\u0301miqu ...","robots":{"index":"index","follow":"follow","max-snippet":"max-snippet:-1","max-image-preview":"max-image-preview:large","max-video-preview":"max-video-preview:-1"},"canonical":"https:\/\/www.africa-press.net\/cotedivoire\/economie\/hausse-du-cout-dinternet-face-aux-polemiques-le-pm-achi-instruit-lartci-dengager-des-discussions-la-reaction-des-operateurs-de-telephonie","og_locale":"fr_FR","og_type":"article","og_title":"Hausse du co\u00fbt d'Internet, face aux pol\u00e9miques, le PM Achi instruit l'ARTCI d'engager des discussions, la r\u00e9action des op\u00e9rateurs de t\u00e9l\u00e9phonie","og_description":"Le de\u0301bat sur le cou\u0302t d\u2019Internet, ne\u0301 suite a\u0300 un article de KOACI le 7 avril dernier, continue de cre\u0301er les pole\u0301miqu ...","og_url":"https:\/\/www.africa-press.net\/cotedivoire\/economie\/hausse-du-cout-dinternet-face-aux-polemiques-le-pm-achi-instruit-lartci-dengager-des-discussions-la-reaction-des-operateurs-de-telephonie","og_site_name":"C\u00f4te d&#039;Ivoire","article_published_time":"2023-04-15T18:35:24+00:00","article_modified_time":"2023-04-15T20:10:24+00:00","og_image":[{"width":720,"height":397,"url":"https:\/\/static.africa-press.net\/cote\/sites\/43\/2023\/04\/postQueueImg_1681567532.21.jpg","type":"image\/jpeg"}],"author":"cfeditorfr","twitter_card":"summary_large_image","twitter_misc":{"\u00c9crit par":"cfeditorfr","Dur\u00e9e de lecture estim\u00e9e":"2 minutes"},"schema":{"@context":"https:\/\/schema.org","@graph":[{"@type":"Article","@id":"https:\/\/www.africa-press.net\/cotedivoire\/economie\/hausse-du-cout-dinternet-face-aux-polemiques-le-pm-achi-instruit-lartci-dengager-des-discussions-la-reaction-des-operateurs-de-telephonie#article","isPartOf":{"@id":"https:\/\/www.africa-press.net\/cotedivoire\/economie\/hausse-du-cout-dinternet-face-aux-polemiques-le-pm-achi-instruit-lartci-dengager-des-discussions-la-reaction-des-operateurs-de-telephonie"},"author":{"name":"cfeditorfr","@id":"https:\/\/www.africa-press.net\/cotedivoire\/#\/schema\/person\/2b1cf3cd81a31e3cd26889ca66d677f1"},"headline":"Hausse du co\u00fbt d&rsquo;Internet, face aux pol\u00e9miques, le PM Achi instruit l&rsquo;ARTCI d&rsquo;engager des discussions, la r\u00e9action des op\u00e9rateurs de t\u00e9l\u00e9phonie","datePublished":"2023-04-15T18:35:24+00:00","dateModified":"2023-04-15T20:10:24+00:00","mainEntityOfPage":{"@id":"https:\/\/www.africa-press.net\/cotedivoire\/economie\/hausse-du-cout-dinternet-face-aux-polemiques-le-pm-achi-instruit-lartci-dengager-des-discussions-la-reaction-des-operateurs-de-telephonie"},"wordCount":416,"commentCount":0,"image":{"@id":"https:\/\/www.africa-press.net\/cotedivoire\/economie\/hausse-du-cout-dinternet-face-aux-polemiques-le-pm-achi-instruit-lartci-dengager-des-discussions-la-reaction-des-operateurs-de-telephonie#primaryimage"},"thumbnailUrl":"https:\/\/static.africa-press.net\/cote\/sites\/43\/2023\/04\/postQueueImg_1681567532.21.jpg","keywords":["Africa Press","Africa Press-C\u00f4te d'Ivoire","ARTCI","C\u00d4TE D'IVOIRE","data","Patrick Achi","Pol\u00e9mique","UNETEL"],"articleSection":["\u00c9conomie","Toutes les actualit\u00e9s"],"inLanguage":"fr-FR","potentialAction":[{"@type":"CommentAction","name":"Comment","target":["https:\/\/www.africa-press.net\/cotedivoire\/economie\/hausse-du-cout-dinternet-face-aux-polemiques-le-pm-achi-instruit-lartci-dengager-des-discussions-la-reaction-des-operateurs-de-telephonie#respond"]}]},{"@type":"WebPage","@id":"https:\/\/www.africa-press.net\/cotedivoire\/economie\/hausse-du-cout-dinternet-face-aux-polemiques-le-pm-achi-instruit-lartci-dengager-des-discussions-la-reaction-des-operateurs-de-telephonie","url":"https:\/\/www.africa-press.net\/cotedivoire\/economie\/hausse-du-cout-dinternet-face-aux-polemiques-le-pm-achi-instruit-lartci-dengager-des-discussions-la-reaction-des-operateurs-de-telephonie","name":"Hausse du co\u00fbt d'Internet, face aux pol\u00e9miques, le PM Achi instruit l'ARTCI d'engager des discussions, la r\u00e9action des op\u00e9rateurs de t\u00e9l\u00e9phonie - C\u00f4te d&#039;Ivoire","isPartOf":{"@id":"https:\/\/www.africa-press.net\/cotedivoire\/#website"},"primaryImageOfPage":{"@id":"https:\/\/www.africa-press.net\/cotedivoire\/economie\/hausse-du-cout-dinternet-face-aux-polemiques-le-pm-achi-instruit-lartci-dengager-des-discussions-la-reaction-des-operateurs-de-telephonie#primaryimage"},"image":{"@id":"https:\/\/www.africa-press.net\/cotedivoire\/economie\/hausse-du-cout-dinternet-face-aux-polemiques-le-pm-achi-instruit-lartci-dengager-des-discussions-la-reaction-des-operateurs-de-telephonie#primaryimage"},"thumbnailUrl":"https:\/\/static.africa-press.net\/cote\/sites\/43\/2023\/04\/postQueueImg_1681567532.21.jpg","datePublished":"2023-04-15T18:35:24+00:00","dateModified":"2023-04-15T20:10:24+00:00","author":{"@id":"https:\/\/www.africa-press.net\/cotedivoire\/#\/schema\/person\/2b1cf3cd81a31e3cd26889ca66d677f1"},"description":"Le de\u0301bat sur le cou\u0302t d\u2019Internet, ne\u0301 suite a\u0300 un article de KOACI le 7 avril dernier, continue de cre\u0301er les pole\u0301miqu ...","breadcrumb":{"@id":"https:\/\/www.africa-press.net\/cotedivoire\/economie\/hausse-du-cout-dinternet-face-aux-polemiques-le-pm-achi-instruit-lartci-dengager-des-discussions-la-reaction-des-operateurs-de-telephonie#breadcrumb"},"inLanguage":"fr-FR","potentialAction":[{"@type":"ReadAction","target":["https:\/\/www.africa-press.net\/cotedivoire\/economie\/hausse-du-cout-dinternet-face-aux-polemiques-le-pm-achi-instruit-lartci-dengager-des-discussions-la-reaction-des-operateurs-de-telephonie"]}]},{"@type":"ImageObject","inLanguage":"fr-FR","@id":"https:\/\/www.africa-press.net\/cotedivoire\/economie\/hausse-du-cout-dinternet-face-aux-polemiques-le-pm-achi-instruit-lartci-dengager-des-discussions-la-reaction-des-operateurs-de-telephonie#primaryimage","url":"https:\/\/static.africa-press.net\/cote\/sites\/43\/2023\/04\/postQueueImg_1681567532.21.jpg","contentUrl":"https:\/\/static.africa-press.net\/cote\/sites\/43\/2023\/04\/postQueueImg_1681567532.21.jpg","width":720,"height":397,"caption":"Hausse du co\u00fbt d'Internet, face aux pol\u00e9miques, le PM Achi instruit l'ARTCI d'engager des discussions, la r\u00e9action des op\u00e9rateurs de t\u00e9l\u00e9phonie"},{"@type":"BreadcrumbList","@id":"https:\/\/www.africa-press.net\/cotedivoire\/economie\/hausse-du-cout-dinternet-face-aux-polemiques-le-pm-achi-instruit-lartci-dengager-des-discussions-la-reaction-des-operateurs-de-telephonie#breadcrumb","itemListElement":[{"@type":"ListItem","position":1,"name":"Accueil","item":"https:\/\/www.africa-press.net\/cotedivoire\/"},{"@type":"ListItem","position":2,"name":"Hausse du co\u00fbt d&#8217;Internet, face aux pol\u00e9miques, le PM Achi instruit l&#8217;ARTCI d&#8217;engager des discussions, la r\u00e9action des op\u00e9rateurs de t\u00e9l\u00e9phonie"}]},{"@type":"WebSite","@id":"https:\/\/www.africa-press.net\/cotedivoire\/#website","url":"https:\/\/www.africa-press.net\/cotedivoire\/","name":"C\u00f4te d&#039;Ivoire","description":"Just another Africa News Agency Sites site","potentialAction":[{"@type":"SearchAction","target":{"@type":"EntryPoint","urlTemplate":"https:\/\/www.africa-press.net\/cotedivoire\/?s={search_term_string}"},"query-input":{"@type":"PropertyValueSpecification","valueRequired":true,"valueName":"search_term_string"}}],"inLanguage":"fr-FR"},{"@type":"Person","@id":"https:\/\/www.africa-press.net\/cotedivoire\/#\/schema\/person\/2b1cf3cd81a31e3cd26889ca66d677f1","name":"cfeditorfr"}]}},"_links":{"self":[{"href":"https:\/\/www.africa-press.net\/cotedivoire\/wp-json\/wp\/v2\/posts\/56603","targetHints":{"allow":["GET"]}}],"collection":[{"href":"https:\/\/www.africa-press.net\/cotedivoire\/wp-json\/wp\/v2\/posts"}],"about":[{"href":"https:\/\/www.africa-press.net\/cotedivoire\/wp-json\/wp\/v2\/types\/post"}],"author":[{"embeddable":true,"href":"https:\/\/www.africa-press.net\/cotedivoire\/wp-json\/wp\/v2\/users\/82"}],"replies":[{"embeddable":true,"href":"https:\/\/www.africa-press.net\/cotedivoire\/wp-json\/wp\/v2\/comments?post=56603"}],"version-history":[{"count":0,"href":"https:\/\/www.africa-press.net\/cotedivoire\/wp-json\/wp\/v2\/posts\/56603\/revisions"}],"wp:featuredmedia":[{"embeddable":true,"href":"https:\/\/www.africa-press.net\/cotedivoire\/wp-json\/wp\/v2\/media\/56601"}],"wp:attachment":[{"href":"https:\/\/www.africa-press.net\/cotedivoire\/wp-json\/wp\/v2\/media?parent=56603"}],"wp:term":[{"taxonomy":"category","embeddable":true,"href":"https:\/\/www.africa-press.net\/cotedivoire\/wp-json\/wp\/v2\/categories?post=56603"},{"taxonomy":"post_tag","embeddable":true,"href":"https:\/\/www.africa-press.net\/cotedivoire\/wp-json\/wp\/v2\/tags?post=56603"}],"curies":[{"name":"wp","href":"https:\/\/api.w.org\/{rel}","templated":true}]}}