{"id":56682,"date":"2023-04-17T18:58:10","date_gmt":"2023-04-17T18:58:10","guid":{"rendered":"https:\/\/www.africa-press.net\/cotedivoire\/politique\/acte-de-piraterie-au-large-dabidjan-reaction-du-chef-detat-major"},"modified":"2023-04-18T18:28:55","modified_gmt":"2023-04-18T18:28:55","slug":"acte-de-piraterie-au-large-dabidjan-reaction-du-chef-detat-major","status":"publish","type":"post","link":"https:\/\/www.africa-press.net\/cotedivoire\/politique\/acte-de-piraterie-au-large-dabidjan-reaction-du-chef-detat-major","title":{"rendered":"Acte de piraterie au large d&rsquo;Abidjan, r\u00e9action du chef d&rsquo;Etat-major"},"content":{"rendered":"<p><span style=\"color: #ff6600\"><strong>Africa-Press &#8211; C\u00f4te d&rsquo;Ivoire. <\/strong><\/span>Selon une note du Ge\u0301ne\u0301ral de Corps d\u2019Arme\u0301e Lassina Doumbia Chef d\u2019Etat-Major Ge\u0301ne\u0301ral des Arme\u0301es, le lundi 10 avril 2023, le pe\u0301trolier Success 9 battant pavillon Singapour a e\u0301te\u0301 la cible d\u2019une attaque de pirates dans les eaux internationales a\u0300 environ 600 km au sud d\u2019Abidjan.<\/p>\n<p>Ce dernier nous apprend que, de\u0300s la survenue de cet e\u0301ve\u0300nement et suite a\u0300 l\u2019alerte donne\u0301e par le Centre Re\u0301gional pour la Se\u0301curite\u0301 Maritime en Afrique de l\u2019Ouest (CRESMAO), la Marine Nationale a de\u0301ploye\u0301 son Patrouilleur de haute mer, le Contre-Amiral Fadika, avec mission de retrouver le bateau et porter secours a\u0300 l\u2019e\u0301quipage.<\/p>\n<p>\u00ab Au terme de 5 jours de recherche en mer et en coordination avec des moyens ae\u0301ronaval de l\u2019Arme\u0301e franc\u0327aise stationne\u0301s a\u0300 Dakar, le pe\u0301trolier a finalement e\u0301te\u0301 retrouve\u0301 et se\u0301curise\u0301. Il a e\u0301te\u0301 achemine\u0301 ce samedi 15 avril au Port Autonome d\u2019Abidjan pour les formalite\u0301s d\u2019enque\u0302te. Quant a\u0300 l\u2019e\u0301quipage, il a e\u0301te\u0301 retrouve\u0301 sain et sauf et fait l\u2019objet d\u2019une prise en charge psychologique \u00bb, explique le Ge\u0301ne\u0301ral Doumbia.<\/p>\n<p>Enfin, le Chef d\u2019Etat-Major ge\u0301ne\u0301ral des Arme\u0301es adresse ses fe\u0301licitations au patrouilleur CF Se\u0301kongo et aux diffe\u0301rentes e\u0301quipes de visite qui ont conduit l\u2019ope\u0301ration et se fe\u0301licite pour la bonne coordination avec la marine franc\u0327aise et les acteurs de la se\u0301curite\u0301 maritime dans la gestion de cet incident.<\/p>\n<p><strong>Pour plus d&rsquo;informations et d&rsquo;analyses sur la <a href=\"https:\/\/www.africa-press.net\/cotedivoire\">C\u00f4te d&rsquo;Ivoire<\/a>, suivez <a href=\"https:\/\/www.africa-press.net\/\">Africa-Press<\/a><\/strong><\/p>\n","protected":false},"excerpt":{"rendered":"<p>Africa-Press &#8211; C\u00f4te d&rsquo;Ivoire. Selon une note du Ge\u0301ne\u0301ral de Corps d\u2019Arme\u0301e Lassina Doumbia Chef d\u2019Etat-Major Ge\u0301ne\u0301ral des Arme\u0301es, le lundi 10 avril 2023, le pe\u0301trolier Success 9 battant pavillon Singapour a e\u0301te\u0301 la cible d\u2019une attaque de pirates dans les eaux internationales a\u0300 environ 600 km au sud d\u2019Abidjan. Ce dernier nous apprend que, [&hellip;]<\/p>\n","protected":false},"author":82,"featured_media":56681,"comment_status":"open","ping_status":"closed","sticky":false,"template":"","format":"standard","meta":{"footnotes":""},"categories":[2,10],"tags":[30,56,63,29,9766,1898,9765],"class_list":["post-56682","post","type-post","status-publish","format-standard","has-post-thumbnail","hentry","category-politique","category-toutes-les-actualites","tag-abidjan","tag-africa-press","tag-africa-press-cote-divoire","tag-cote-divoire","tag-large","tag-lassina-doumbia","tag-piraterie"],"yoast_head":"<!-- This site is optimized with the Yoast SEO Premium plugin v26.1 (Yoast SEO v27.0) - https:\/\/yoast.com\/product\/yoast-seo-premium-wordpress\/ -->\n<title>Acte de piraterie au large d&#039;Abidjan, r\u00e9action du chef d&#039;Etat-major - C\u00f4te d&#039;Ivoire<\/title>\n<meta name=\"description\" content=\"Selon une note du Ge\u0301ne\u0301ral de Corps d\u2019Arme\u0301e Lassina Doumbia Chef d\u2019Etat-Major Ge\u0301ne\u0301ral des Arme\u0301es, le lundi 10 avril ...\" \/>\n<meta name=\"robots\" content=\"index, follow, max-snippet:-1, max-image-preview:large, max-video-preview:-1\" \/>\n<link rel=\"canonical\" href=\"https:\/\/www.africa-press.net\/cotedivoire\/politique\/acte-de-piraterie-au-large-dabidjan-reaction-du-chef-detat-major\" \/>\n<meta property=\"og:locale\" content=\"fr_FR\" \/>\n<meta property=\"og:type\" content=\"article\" \/>\n<meta property=\"og:title\" content=\"Acte de piraterie au large d&#039;Abidjan, r\u00e9action du chef d&#039;Etat-major\" \/>\n<meta property=\"og:description\" content=\"Selon une note du Ge\u0301ne\u0301ral de Corps d\u2019Arme\u0301e Lassina Doumbia Chef d\u2019Etat-Major Ge\u0301ne\u0301ral des Arme\u0301es, le lundi 10 avril ...\" \/>\n<meta property=\"og:url\" content=\"https:\/\/www.africa-press.net\/cotedivoire\/politique\/acte-de-piraterie-au-large-dabidjan-reaction-du-chef-detat-major\" \/>\n<meta property=\"og:site_name\" content=\"C\u00f4te d&#039;Ivoire\" \/>\n<meta property=\"article:published_time\" content=\"2023-04-17T18:58:10+00:00\" \/>\n<meta property=\"article:modified_time\" content=\"2023-04-18T18:28:55+00:00\" \/>\n<meta property=\"og:image\" content=\"https:\/\/static.africa-press.net\/cote\/sites\/43\/2023\/04\/postQueueImg_1681741697.08.jpg\" \/>\n\t<meta property=\"og:image:width\" content=\"720\" \/>\n\t<meta property=\"og:image:height\" content=\"540\" \/>\n\t<meta property=\"og:image:type\" content=\"image\/jpeg\" \/>\n<meta name=\"author\" content=\"cfeditorfr\" \/>\n<meta name=\"twitter:card\" content=\"summary_large_image\" \/>\n<meta name=\"twitter:label1\" content=\"\u00c9crit par\" \/>\n\t<meta name=\"twitter:data1\" content=\"cfeditorfr\" \/>\n\t<meta name=\"twitter:label2\" content=\"Dur\u00e9e de lecture estim\u00e9e\" \/>\n\t<meta name=\"twitter:data2\" content=\"2 minutes\" \/>\n<script type=\"application\/ld+json\" class=\"yoast-schema-graph\">{\"@context\":\"https:\/\/schema.org\",\"@graph\":[{\"@type\":\"Article\",\"@id\":\"https:\/\/www.africa-press.net\/cotedivoire\/politique\/acte-de-piraterie-au-large-dabidjan-reaction-du-chef-detat-major#article\",\"isPartOf\":{\"@id\":\"https:\/\/www.africa-press.net\/cotedivoire\/politique\/acte-de-piraterie-au-large-dabidjan-reaction-du-chef-detat-major\"},\"author\":{\"name\":\"cfeditorfr\",\"@id\":\"https:\/\/www.africa-press.net\/cotedivoire\/#\/schema\/person\/2b1cf3cd81a31e3cd26889ca66d677f1\"},\"headline\":\"Acte de piraterie au large d&rsquo;Abidjan, r\u00e9action du chef d&rsquo;Etat-major\",\"datePublished\":\"2023-04-17T18:58:10+00:00\",\"dateModified\":\"2023-04-18T18:28:55+00:00\",\"mainEntityOfPage\":{\"@id\":\"https:\/\/www.africa-press.net\/cotedivoire\/politique\/acte-de-piraterie-au-large-dabidjan-reaction-du-chef-detat-major\"},\"wordCount\":299,\"commentCount\":0,\"image\":{\"@id\":\"https:\/\/www.africa-press.net\/cotedivoire\/politique\/acte-de-piraterie-au-large-dabidjan-reaction-du-chef-detat-major#primaryimage\"},\"thumbnailUrl\":\"https:\/\/static.africa-press.net\/cote\/sites\/43\/2023\/04\/postQueueImg_1681741697.08.jpg\",\"keywords\":[\"Abidjan\",\"Africa Press\",\"Africa Press-C\u00f4te d'Ivoire\",\"C\u00d4TE D'IVOIRE\",\"large\",\"Lassina Doumbia\",\"piraterie\"],\"articleSection\":[\"Politique\",\"Toutes les actualit\u00e9s\"],\"inLanguage\":\"fr-FR\",\"potentialAction\":[{\"@type\":\"CommentAction\",\"name\":\"Comment\",\"target\":[\"https:\/\/www.africa-press.net\/cotedivoire\/politique\/acte-de-piraterie-au-large-dabidjan-reaction-du-chef-detat-major#respond\"]}]},{\"@type\":\"WebPage\",\"@id\":\"https:\/\/www.africa-press.net\/cotedivoire\/politique\/acte-de-piraterie-au-large-dabidjan-reaction-du-chef-detat-major\",\"url\":\"https:\/\/www.africa-press.net\/cotedivoire\/politique\/acte-de-piraterie-au-large-dabidjan-reaction-du-chef-detat-major\",\"name\":\"Acte de piraterie au large d'Abidjan, r\u00e9action du chef d'Etat-major - C\u00f4te d&#039;Ivoire\",\"isPartOf\":{\"@id\":\"https:\/\/www.africa-press.net\/cotedivoire\/#website\"},\"primaryImageOfPage\":{\"@id\":\"https:\/\/www.africa-press.net\/cotedivoire\/politique\/acte-de-piraterie-au-large-dabidjan-reaction-du-chef-detat-major#primaryimage\"},\"image\":{\"@id\":\"https:\/\/www.africa-press.net\/cotedivoire\/politique\/acte-de-piraterie-au-large-dabidjan-reaction-du-chef-detat-major#primaryimage\"},\"thumbnailUrl\":\"https:\/\/static.africa-press.net\/cote\/sites\/43\/2023\/04\/postQueueImg_1681741697.08.jpg\",\"datePublished\":\"2023-04-17T18:58:10+00:00\",\"dateModified\":\"2023-04-18T18:28:55+00:00\",\"author\":{\"@id\":\"https:\/\/www.africa-press.net\/cotedivoire\/#\/schema\/person\/2b1cf3cd81a31e3cd26889ca66d677f1\"},\"description\":\"Selon une note du Ge\u0301ne\u0301ral de Corps d\u2019Arme\u0301e Lassina Doumbia Chef d\u2019Etat-Major Ge\u0301ne\u0301ral des Arme\u0301es, le lundi 10 avril ...\",\"breadcrumb\":{\"@id\":\"https:\/\/www.africa-press.net\/cotedivoire\/politique\/acte-de-piraterie-au-large-dabidjan-reaction-du-chef-detat-major#breadcrumb\"},\"inLanguage\":\"fr-FR\",\"potentialAction\":[{\"@type\":\"ReadAction\",\"target\":[\"https:\/\/www.africa-press.net\/cotedivoire\/politique\/acte-de-piraterie-au-large-dabidjan-reaction-du-chef-detat-major\"]}]},{\"@type\":\"ImageObject\",\"inLanguage\":\"fr-FR\",\"@id\":\"https:\/\/www.africa-press.net\/cotedivoire\/politique\/acte-de-piraterie-au-large-dabidjan-reaction-du-chef-detat-major#primaryimage\",\"url\":\"https:\/\/static.africa-press.net\/cote\/sites\/43\/2023\/04\/postQueueImg_1681741697.08.jpg\",\"contentUrl\":\"https:\/\/static.africa-press.net\/cote\/sites\/43\/2023\/04\/postQueueImg_1681741697.08.jpg\",\"width\":720,\"height\":540,\"caption\":\"Acte de piraterie au large d'Abidjan, r\u00e9action du chef d'Etat-major\"},{\"@type\":\"BreadcrumbList\",\"@id\":\"https:\/\/www.africa-press.net\/cotedivoire\/politique\/acte-de-piraterie-au-large-dabidjan-reaction-du-chef-detat-major#breadcrumb\",\"itemListElement\":[{\"@type\":\"ListItem\",\"position\":1,\"name\":\"Accueil\",\"item\":\"https:\/\/www.africa-press.net\/cotedivoire\/\"},{\"@type\":\"ListItem\",\"position\":2,\"name\":\"Acte de piraterie au large d&#8217;Abidjan, r\u00e9action du chef d&#8217;Etat-major\"}]},{\"@type\":\"WebSite\",\"@id\":\"https:\/\/www.africa-press.net\/cotedivoire\/#website\",\"url\":\"https:\/\/www.africa-press.net\/cotedivoire\/\",\"name\":\"C\u00f4te d&#039;Ivoire\",\"description\":\"Just another Africa News Agency Sites site\",\"potentialAction\":[{\"@type\":\"SearchAction\",\"target\":{\"@type\":\"EntryPoint\",\"urlTemplate\":\"https:\/\/www.africa-press.net\/cotedivoire\/?s={search_term_string}\"},\"query-input\":{\"@type\":\"PropertyValueSpecification\",\"valueRequired\":true,\"valueName\":\"search_term_string\"}}],\"inLanguage\":\"fr-FR\"},{\"@type\":\"Person\",\"@id\":\"https:\/\/www.africa-press.net\/cotedivoire\/#\/schema\/person\/2b1cf3cd81a31e3cd26889ca66d677f1\",\"name\":\"cfeditorfr\"}]}<\/script>\n<!-- \/ Yoast SEO Premium plugin. -->","yoast_head_json":{"title":"Acte de piraterie au large d'Abidjan, r\u00e9action du chef d'Etat-major - C\u00f4te d&#039;Ivoire","description":"Selon une note du Ge\u0301ne\u0301ral de Corps d\u2019Arme\u0301e Lassina Doumbia Chef d\u2019Etat-Major Ge\u0301ne\u0301ral des Arme\u0301es, le lundi 10 avril ...","robots":{"index":"index","follow":"follow","max-snippet":"max-snippet:-1","max-image-preview":"max-image-preview:large","max-video-preview":"max-video-preview:-1"},"canonical":"https:\/\/www.africa-press.net\/cotedivoire\/politique\/acte-de-piraterie-au-large-dabidjan-reaction-du-chef-detat-major","og_locale":"fr_FR","og_type":"article","og_title":"Acte de piraterie au large d'Abidjan, r\u00e9action du chef d'Etat-major","og_description":"Selon une note du Ge\u0301ne\u0301ral de Corps d\u2019Arme\u0301e Lassina Doumbia Chef d\u2019Etat-Major Ge\u0301ne\u0301ral des Arme\u0301es, le lundi 10 avril ...","og_url":"https:\/\/www.africa-press.net\/cotedivoire\/politique\/acte-de-piraterie-au-large-dabidjan-reaction-du-chef-detat-major","og_site_name":"C\u00f4te d&#039;Ivoire","article_published_time":"2023-04-17T18:58:10+00:00","article_modified_time":"2023-04-18T18:28:55+00:00","og_image":[{"width":720,"height":540,"url":"https:\/\/static.africa-press.net\/cote\/sites\/43\/2023\/04\/postQueueImg_1681741697.08.jpg","type":"image\/jpeg"}],"author":"cfeditorfr","twitter_card":"summary_large_image","twitter_misc":{"\u00c9crit par":"cfeditorfr","Dur\u00e9e de lecture estim\u00e9e":"2 minutes"},"schema":{"@context":"https:\/\/schema.org","@graph":[{"@type":"Article","@id":"https:\/\/www.africa-press.net\/cotedivoire\/politique\/acte-de-piraterie-au-large-dabidjan-reaction-du-chef-detat-major#article","isPartOf":{"@id":"https:\/\/www.africa-press.net\/cotedivoire\/politique\/acte-de-piraterie-au-large-dabidjan-reaction-du-chef-detat-major"},"author":{"name":"cfeditorfr","@id":"https:\/\/www.africa-press.net\/cotedivoire\/#\/schema\/person\/2b1cf3cd81a31e3cd26889ca66d677f1"},"headline":"Acte de piraterie au large d&rsquo;Abidjan, r\u00e9action du chef d&rsquo;Etat-major","datePublished":"2023-04-17T18:58:10+00:00","dateModified":"2023-04-18T18:28:55+00:00","mainEntityOfPage":{"@id":"https:\/\/www.africa-press.net\/cotedivoire\/politique\/acte-de-piraterie-au-large-dabidjan-reaction-du-chef-detat-major"},"wordCount":299,"commentCount":0,"image":{"@id":"https:\/\/www.africa-press.net\/cotedivoire\/politique\/acte-de-piraterie-au-large-dabidjan-reaction-du-chef-detat-major#primaryimage"},"thumbnailUrl":"https:\/\/static.africa-press.net\/cote\/sites\/43\/2023\/04\/postQueueImg_1681741697.08.jpg","keywords":["Abidjan","Africa Press","Africa Press-C\u00f4te d'Ivoire","C\u00d4TE D'IVOIRE","large","Lassina Doumbia","piraterie"],"articleSection":["Politique","Toutes les actualit\u00e9s"],"inLanguage":"fr-FR","potentialAction":[{"@type":"CommentAction","name":"Comment","target":["https:\/\/www.africa-press.net\/cotedivoire\/politique\/acte-de-piraterie-au-large-dabidjan-reaction-du-chef-detat-major#respond"]}]},{"@type":"WebPage","@id":"https:\/\/www.africa-press.net\/cotedivoire\/politique\/acte-de-piraterie-au-large-dabidjan-reaction-du-chef-detat-major","url":"https:\/\/www.africa-press.net\/cotedivoire\/politique\/acte-de-piraterie-au-large-dabidjan-reaction-du-chef-detat-major","name":"Acte de piraterie au large d'Abidjan, r\u00e9action du chef d'Etat-major - C\u00f4te d&#039;Ivoire","isPartOf":{"@id":"https:\/\/www.africa-press.net\/cotedivoire\/#website"},"primaryImageOfPage":{"@id":"https:\/\/www.africa-press.net\/cotedivoire\/politique\/acte-de-piraterie-au-large-dabidjan-reaction-du-chef-detat-major#primaryimage"},"image":{"@id":"https:\/\/www.africa-press.net\/cotedivoire\/politique\/acte-de-piraterie-au-large-dabidjan-reaction-du-chef-detat-major#primaryimage"},"thumbnailUrl":"https:\/\/static.africa-press.net\/cote\/sites\/43\/2023\/04\/postQueueImg_1681741697.08.jpg","datePublished":"2023-04-17T18:58:10+00:00","dateModified":"2023-04-18T18:28:55+00:00","author":{"@id":"https:\/\/www.africa-press.net\/cotedivoire\/#\/schema\/person\/2b1cf3cd81a31e3cd26889ca66d677f1"},"description":"Selon une note du Ge\u0301ne\u0301ral de Corps d\u2019Arme\u0301e Lassina Doumbia Chef d\u2019Etat-Major Ge\u0301ne\u0301ral des Arme\u0301es, le lundi 10 avril ...","breadcrumb":{"@id":"https:\/\/www.africa-press.net\/cotedivoire\/politique\/acte-de-piraterie-au-large-dabidjan-reaction-du-chef-detat-major#breadcrumb"},"inLanguage":"fr-FR","potentialAction":[{"@type":"ReadAction","target":["https:\/\/www.africa-press.net\/cotedivoire\/politique\/acte-de-piraterie-au-large-dabidjan-reaction-du-chef-detat-major"]}]},{"@type":"ImageObject","inLanguage":"fr-FR","@id":"https:\/\/www.africa-press.net\/cotedivoire\/politique\/acte-de-piraterie-au-large-dabidjan-reaction-du-chef-detat-major#primaryimage","url":"https:\/\/static.africa-press.net\/cote\/sites\/43\/2023\/04\/postQueueImg_1681741697.08.jpg","contentUrl":"https:\/\/static.africa-press.net\/cote\/sites\/43\/2023\/04\/postQueueImg_1681741697.08.jpg","width":720,"height":540,"caption":"Acte de piraterie au large d'Abidjan, r\u00e9action du chef d'Etat-major"},{"@type":"BreadcrumbList","@id":"https:\/\/www.africa-press.net\/cotedivoire\/politique\/acte-de-piraterie-au-large-dabidjan-reaction-du-chef-detat-major#breadcrumb","itemListElement":[{"@type":"ListItem","position":1,"name":"Accueil","item":"https:\/\/www.africa-press.net\/cotedivoire\/"},{"@type":"ListItem","position":2,"name":"Acte de piraterie au large d&#8217;Abidjan, r\u00e9action du chef d&#8217;Etat-major"}]},{"@type":"WebSite","@id":"https:\/\/www.africa-press.net\/cotedivoire\/#website","url":"https:\/\/www.africa-press.net\/cotedivoire\/","name":"C\u00f4te d&#039;Ivoire","description":"Just another Africa News Agency Sites site","potentialAction":[{"@type":"SearchAction","target":{"@type":"EntryPoint","urlTemplate":"https:\/\/www.africa-press.net\/cotedivoire\/?s={search_term_string}"},"query-input":{"@type":"PropertyValueSpecification","valueRequired":true,"valueName":"search_term_string"}}],"inLanguage":"fr-FR"},{"@type":"Person","@id":"https:\/\/www.africa-press.net\/cotedivoire\/#\/schema\/person\/2b1cf3cd81a31e3cd26889ca66d677f1","name":"cfeditorfr"}]}},"_links":{"self":[{"href":"https:\/\/www.africa-press.net\/cotedivoire\/wp-json\/wp\/v2\/posts\/56682","targetHints":{"allow":["GET"]}}],"collection":[{"href":"https:\/\/www.africa-press.net\/cotedivoire\/wp-json\/wp\/v2\/posts"}],"about":[{"href":"https:\/\/www.africa-press.net\/cotedivoire\/wp-json\/wp\/v2\/types\/post"}],"author":[{"embeddable":true,"href":"https:\/\/www.africa-press.net\/cotedivoire\/wp-json\/wp\/v2\/users\/82"}],"replies":[{"embeddable":true,"href":"https:\/\/www.africa-press.net\/cotedivoire\/wp-json\/wp\/v2\/comments?post=56682"}],"version-history":[{"count":0,"href":"https:\/\/www.africa-press.net\/cotedivoire\/wp-json\/wp\/v2\/posts\/56682\/revisions"}],"wp:featuredmedia":[{"embeddable":true,"href":"https:\/\/www.africa-press.net\/cotedivoire\/wp-json\/wp\/v2\/media\/56681"}],"wp:attachment":[{"href":"https:\/\/www.africa-press.net\/cotedivoire\/wp-json\/wp\/v2\/media?parent=56682"}],"wp:term":[{"taxonomy":"category","embeddable":true,"href":"https:\/\/www.africa-press.net\/cotedivoire\/wp-json\/wp\/v2\/categories?post=56682"},{"taxonomy":"post_tag","embeddable":true,"href":"https:\/\/www.africa-press.net\/cotedivoire\/wp-json\/wp\/v2\/tags?post=56682"}],"curies":[{"name":"wp","href":"https:\/\/api.w.org\/{rel}","templated":true}]}}