{"id":56775,"date":"2023-04-20T11:12:21","date_gmt":"2023-04-20T11:12:21","guid":{"rendered":"https:\/\/www.africa-press.net\/cotedivoire\/?p=56775"},"modified":"2023-04-20T08:22:18","modified_gmt":"2023-04-20T08:22:18","slug":"cote-divoire-gambie-adama-barrow-annonce-a-abidjan-pour-une-visite-damitie-et-de-travail","status":"publish","type":"post","link":"https:\/\/www.africa-press.net\/cotedivoire\/politique\/cote-divoire-gambie-adama-barrow-annonce-a-abidjan-pour-une-visite-damitie-et-de-travail","title":{"rendered":"C\u00f4te d&rsquo;Ivoire-Gambie : Adama Barrow annonc\u00e9 \u00e0 Abidjan pour une visite d&rsquo;amiti\u00e9 et de travail"},"content":{"rendered":"<p><span style=\"color: #ff6600\"><strong>Africa-Press &#8211; C\u00f4te d&rsquo;Ivoire. <\/strong><\/span>Adama Barrow, pre\u0301sident de la Re\u0301publique de Gambie, est annonce\u0301 en Co\u0302te d&rsquo;Ivoire le 26 avril 2023 dans le cadre d&rsquo;une visite d&rsquo;amitie\u0301 et de travail qui aura lieu le 27 avril 2023.<\/p>\n<p>Amadou Coulibaly, ministre de la Communication et de l&rsquo;E\u0301conomie Nume\u0301rique a donne\u0301 l&rsquo;information a\u0300 la presse aujourd&rsquo;hui a\u0300 l&rsquo;issue d&rsquo;une confe\u0301rence de presse au sortir du conseil des ministres.<\/p>\n<p><strong>Pour plus d&rsquo;informations et d&rsquo;analyses sur la <a href=\"https:\/\/www.africa-press.net\/cotedivoire\">C\u00f4te d&rsquo;Ivoire<\/a>, suivez <a href=\"https:\/\/www.africa-press.net\/\">Africa-Press<\/a><\/strong><\/p>\n","protected":false},"excerpt":{"rendered":"<p>Africa-Press &#8211; C\u00f4te d&rsquo;Ivoire. Adama Barrow, pre\u0301sident de la Re\u0301publique de Gambie, est annonce\u0301 en Co\u0302te d&rsquo;Ivoire le 26 avril 2023 dans le cadre d&rsquo;une visite d&rsquo;amitie\u0301 et de travail qui aura lieu le 27 avril 2023. Amadou Coulibaly, ministre de la Communication et de l&rsquo;E\u0301conomie Nume\u0301rique a donne\u0301 l&rsquo;information a\u0300 la presse aujourd&rsquo;hui a\u0300 [&hellip;]<\/p>\n","protected":false},"author":82,"featured_media":56774,"comment_status":"open","ping_status":"closed","sticky":false,"template":"","format":"standard","meta":{"footnotes":""},"categories":[2,10],"tags":[9782,56,63,29],"class_list":{"0":"post-56775","1":"post","2":"type-post","3":"status-publish","4":"format-standard","5":"has-post-thumbnail","6":"hentry","7":"category-politique","8":"category-toutes-les-actualites","10":"tag-africa-press","11":"tag-africa-press-cote-divoire","12":"tag-cote-divoire"},"yoast_head":"<!-- This site is optimized with the Yoast SEO Premium plugin v26.1 (Yoast SEO v27.0) - https:\/\/yoast.com\/product\/yoast-seo-premium-wordpress\/ -->\n<title>C\u00f4te d&#039;Ivoire-Gambie : Adama Barrow annonc\u00e9 \u00e0 Abidjan pour une visite d&#039;amiti\u00e9 et de travail - C\u00f4te d&#039;Ivoire<\/title>\n<meta name=\"description\" content=\"Adama Barrow, pre\u0301sident de la Re\u0301publique de Gambie, est annonce\u0301 en Co\u0302te d&#039;Ivoire le 26 avril 2023 dans le cadre d&#039;un ...\" \/>\n<meta name=\"robots\" content=\"index, follow, max-snippet:-1, max-image-preview:large, max-video-preview:-1\" \/>\n<link rel=\"canonical\" href=\"https:\/\/www.africa-press.net\/cotedivoire\/politique\/cote-divoire-gambie-adama-barrow-annonce-a-abidjan-pour-une-visite-damitie-et-de-travail\" \/>\n<meta property=\"og:locale\" content=\"fr_FR\" \/>\n<meta property=\"og:type\" content=\"article\" \/>\n<meta property=\"og:title\" content=\"C\u00f4te d&#039;Ivoire-Gambie : Adama Barrow annonc\u00e9 \u00e0 Abidjan pour une visite d&#039;amiti\u00e9 et de travail\" \/>\n<meta property=\"og:description\" content=\"Adama Barrow, pre\u0301sident de la Re\u0301publique de Gambie, est annonce\u0301 en Co\u0302te d&#039;Ivoire le 26 avril 2023 dans le cadre d&#039;un ...\" \/>\n<meta property=\"og:url\" content=\"https:\/\/www.africa-press.net\/cotedivoire\/politique\/cote-divoire-gambie-adama-barrow-annonce-a-abidjan-pour-une-visite-damitie-et-de-travail\" \/>\n<meta property=\"og:site_name\" content=\"C\u00f4te d&#039;Ivoire\" \/>\n<meta property=\"article:published_time\" content=\"2023-04-20T11:12:21+00:00\" \/>\n<meta property=\"og:image\" content=\"https:\/\/static.africa-press.net\/cote\/sites\/43\/2023\/04\/postQueueImg_1681962093.23.jpg\" \/>\n\t<meta property=\"og:image:width\" content=\"720\" \/>\n\t<meta property=\"og:image:height\" content=\"386\" \/>\n\t<meta property=\"og:image:type\" content=\"image\/jpeg\" \/>\n<meta name=\"author\" content=\"cfeditorfr\" \/>\n<meta name=\"twitter:card\" content=\"summary_large_image\" \/>\n<meta name=\"twitter:label1\" content=\"\u00c9crit par\" \/>\n\t<meta name=\"twitter:data1\" content=\"cfeditorfr\" \/>\n<script type=\"application\/ld+json\" class=\"yoast-schema-graph\">{\"@context\":\"https:\/\/schema.org\",\"@graph\":[{\"@type\":\"Article\",\"@id\":\"https:\/\/www.africa-press.net\/cotedivoire\/politique\/cote-divoire-gambie-adama-barrow-annonce-a-abidjan-pour-une-visite-damitie-et-de-travail#article\",\"isPartOf\":{\"@id\":\"https:\/\/www.africa-press.net\/cotedivoire\/politique\/cote-divoire-gambie-adama-barrow-annonce-a-abidjan-pour-une-visite-damitie-et-de-travail\"},\"author\":{\"name\":\"cfeditorfr\",\"@id\":\"https:\/\/www.africa-press.net\/cotedivoire\/#\/schema\/person\/2b1cf3cd81a31e3cd26889ca66d677f1\"},\"headline\":\"C\u00f4te d&rsquo;Ivoire-Gambie : Adama Barrow annonc\u00e9 \u00e0 Abidjan pour une visite d&rsquo;amiti\u00e9 et de travail\",\"datePublished\":\"2023-04-20T11:12:21+00:00\",\"mainEntityOfPage\":{\"@id\":\"https:\/\/www.africa-press.net\/cotedivoire\/politique\/cote-divoire-gambie-adama-barrow-annonce-a-abidjan-pour-une-visite-damitie-et-de-travail\"},\"wordCount\":109,\"commentCount\":0,\"image\":{\"@id\":\"https:\/\/www.africa-press.net\/cotedivoire\/politique\/cote-divoire-gambie-adama-barrow-annonce-a-abidjan-pour-une-visite-damitie-et-de-travail#primaryimage\"},\"thumbnailUrl\":\"https:\/\/static.africa-press.net\/cote\/sites\/43\/2023\/04\/postQueueImg_1681962093.23.jpg\",\"keywords\":[\"Adama Barrow\",\"Africa Press\",\"Africa Press-C\u00f4te d'Ivoire\",\"C\u00d4TE D'IVOIRE\"],\"articleSection\":[\"Politique\",\"Toutes les actualit\u00e9s\"],\"inLanguage\":\"fr-FR\",\"potentialAction\":[{\"@type\":\"CommentAction\",\"name\":\"Comment\",\"target\":[\"https:\/\/www.africa-press.net\/cotedivoire\/politique\/cote-divoire-gambie-adama-barrow-annonce-a-abidjan-pour-une-visite-damitie-et-de-travail#respond\"]}]},{\"@type\":\"WebPage\",\"@id\":\"https:\/\/www.africa-press.net\/cotedivoire\/politique\/cote-divoire-gambie-adama-barrow-annonce-a-abidjan-pour-une-visite-damitie-et-de-travail\",\"url\":\"https:\/\/www.africa-press.net\/cotedivoire\/politique\/cote-divoire-gambie-adama-barrow-annonce-a-abidjan-pour-une-visite-damitie-et-de-travail\",\"name\":\"C\u00f4te d'Ivoire-Gambie : Adama Barrow annonc\u00e9 \u00e0 Abidjan pour une visite d'amiti\u00e9 et de travail - C\u00f4te d&#039;Ivoire\",\"isPartOf\":{\"@id\":\"https:\/\/www.africa-press.net\/cotedivoire\/#website\"},\"primaryImageOfPage\":{\"@id\":\"https:\/\/www.africa-press.net\/cotedivoire\/politique\/cote-divoire-gambie-adama-barrow-annonce-a-abidjan-pour-une-visite-damitie-et-de-travail#primaryimage\"},\"image\":{\"@id\":\"https:\/\/www.africa-press.net\/cotedivoire\/politique\/cote-divoire-gambie-adama-barrow-annonce-a-abidjan-pour-une-visite-damitie-et-de-travail#primaryimage\"},\"thumbnailUrl\":\"https:\/\/static.africa-press.net\/cote\/sites\/43\/2023\/04\/postQueueImg_1681962093.23.jpg\",\"datePublished\":\"2023-04-20T11:12:21+00:00\",\"author\":{\"@id\":\"https:\/\/www.africa-press.net\/cotedivoire\/#\/schema\/person\/2b1cf3cd81a31e3cd26889ca66d677f1\"},\"description\":\"Adama Barrow, pre\u0301sident de la Re\u0301publique de Gambie, est annonce\u0301 en Co\u0302te d'Ivoire le 26 avril 2023 dans le cadre d'un ...\",\"breadcrumb\":{\"@id\":\"https:\/\/www.africa-press.net\/cotedivoire\/politique\/cote-divoire-gambie-adama-barrow-annonce-a-abidjan-pour-une-visite-damitie-et-de-travail#breadcrumb\"},\"inLanguage\":\"fr-FR\",\"potentialAction\":[{\"@type\":\"ReadAction\",\"target\":[\"https:\/\/www.africa-press.net\/cotedivoire\/politique\/cote-divoire-gambie-adama-barrow-annonce-a-abidjan-pour-une-visite-damitie-et-de-travail\"]}]},{\"@type\":\"ImageObject\",\"inLanguage\":\"fr-FR\",\"@id\":\"https:\/\/www.africa-press.net\/cotedivoire\/politique\/cote-divoire-gambie-adama-barrow-annonce-a-abidjan-pour-une-visite-damitie-et-de-travail#primaryimage\",\"url\":\"https:\/\/static.africa-press.net\/cote\/sites\/43\/2023\/04\/postQueueImg_1681962093.23.jpg\",\"contentUrl\":\"https:\/\/static.africa-press.net\/cote\/sites\/43\/2023\/04\/postQueueImg_1681962093.23.jpg\",\"width\":720,\"height\":386,\"caption\":\"C\u00f4te d'Ivoire-Gambie : Adama Barrow annonc\u00e9 \u00e0 Abidjan pour une visite d'amiti\u00e9 et de travail\"},{\"@type\":\"BreadcrumbList\",\"@id\":\"https:\/\/www.africa-press.net\/cotedivoire\/politique\/cote-divoire-gambie-adama-barrow-annonce-a-abidjan-pour-une-visite-damitie-et-de-travail#breadcrumb\",\"itemListElement\":[{\"@type\":\"ListItem\",\"position\":1,\"name\":\"Accueil\",\"item\":\"https:\/\/www.africa-press.net\/cotedivoire\/\"},{\"@type\":\"ListItem\",\"position\":2,\"name\":\"C\u00f4te d&#8217;Ivoire-Gambie : Adama Barrow annonc\u00e9 \u00e0 Abidjan pour une visite d&#8217;amiti\u00e9 et de travail\"}]},{\"@type\":\"WebSite\",\"@id\":\"https:\/\/www.africa-press.net\/cotedivoire\/#website\",\"url\":\"https:\/\/www.africa-press.net\/cotedivoire\/\",\"name\":\"C\u00f4te d&#039;Ivoire\",\"description\":\"Just another Africa News Agency Sites site\",\"potentialAction\":[{\"@type\":\"SearchAction\",\"target\":{\"@type\":\"EntryPoint\",\"urlTemplate\":\"https:\/\/www.africa-press.net\/cotedivoire\/?s={search_term_string}\"},\"query-input\":{\"@type\":\"PropertyValueSpecification\",\"valueRequired\":true,\"valueName\":\"search_term_string\"}}],\"inLanguage\":\"fr-FR\"},{\"@type\":\"Person\",\"@id\":\"https:\/\/www.africa-press.net\/cotedivoire\/#\/schema\/person\/2b1cf3cd81a31e3cd26889ca66d677f1\",\"name\":\"cfeditorfr\"}]}<\/script>\n<!-- \/ Yoast SEO Premium plugin. -->","yoast_head_json":{"title":"C\u00f4te d'Ivoire-Gambie : Adama Barrow annonc\u00e9 \u00e0 Abidjan pour une visite d'amiti\u00e9 et de travail - C\u00f4te d&#039;Ivoire","description":"Adama Barrow, pre\u0301sident de la Re\u0301publique de Gambie, est annonce\u0301 en Co\u0302te d'Ivoire le 26 avril 2023 dans le cadre d'un ...","robots":{"index":"index","follow":"follow","max-snippet":"max-snippet:-1","max-image-preview":"max-image-preview:large","max-video-preview":"max-video-preview:-1"},"canonical":"https:\/\/www.africa-press.net\/cotedivoire\/politique\/cote-divoire-gambie-adama-barrow-annonce-a-abidjan-pour-une-visite-damitie-et-de-travail","og_locale":"fr_FR","og_type":"article","og_title":"C\u00f4te d'Ivoire-Gambie : Adama Barrow annonc\u00e9 \u00e0 Abidjan pour une visite d'amiti\u00e9 et de travail","og_description":"Adama Barrow, pre\u0301sident de la Re\u0301publique de Gambie, est annonce\u0301 en Co\u0302te d'Ivoire le 26 avril 2023 dans le cadre d'un ...","og_url":"https:\/\/www.africa-press.net\/cotedivoire\/politique\/cote-divoire-gambie-adama-barrow-annonce-a-abidjan-pour-une-visite-damitie-et-de-travail","og_site_name":"C\u00f4te d&#039;Ivoire","article_published_time":"2023-04-20T11:12:21+00:00","og_image":[{"width":720,"height":386,"url":"https:\/\/static.africa-press.net\/cote\/sites\/43\/2023\/04\/postQueueImg_1681962093.23.jpg","type":"image\/jpeg"}],"author":"cfeditorfr","twitter_card":"summary_large_image","twitter_misc":{"\u00c9crit par":"cfeditorfr"},"schema":{"@context":"https:\/\/schema.org","@graph":[{"@type":"Article","@id":"https:\/\/www.africa-press.net\/cotedivoire\/politique\/cote-divoire-gambie-adama-barrow-annonce-a-abidjan-pour-une-visite-damitie-et-de-travail#article","isPartOf":{"@id":"https:\/\/www.africa-press.net\/cotedivoire\/politique\/cote-divoire-gambie-adama-barrow-annonce-a-abidjan-pour-une-visite-damitie-et-de-travail"},"author":{"name":"cfeditorfr","@id":"https:\/\/www.africa-press.net\/cotedivoire\/#\/schema\/person\/2b1cf3cd81a31e3cd26889ca66d677f1"},"headline":"C\u00f4te d&rsquo;Ivoire-Gambie : Adama Barrow annonc\u00e9 \u00e0 Abidjan pour une visite d&rsquo;amiti\u00e9 et de travail","datePublished":"2023-04-20T11:12:21+00:00","mainEntityOfPage":{"@id":"https:\/\/www.africa-press.net\/cotedivoire\/politique\/cote-divoire-gambie-adama-barrow-annonce-a-abidjan-pour-une-visite-damitie-et-de-travail"},"wordCount":109,"commentCount":0,"image":{"@id":"https:\/\/www.africa-press.net\/cotedivoire\/politique\/cote-divoire-gambie-adama-barrow-annonce-a-abidjan-pour-une-visite-damitie-et-de-travail#primaryimage"},"thumbnailUrl":"https:\/\/static.africa-press.net\/cote\/sites\/43\/2023\/04\/postQueueImg_1681962093.23.jpg","keywords":["Adama Barrow","Africa Press","Africa Press-C\u00f4te d'Ivoire","C\u00d4TE D'IVOIRE"],"articleSection":["Politique","Toutes les actualit\u00e9s"],"inLanguage":"fr-FR","potentialAction":[{"@type":"CommentAction","name":"Comment","target":["https:\/\/www.africa-press.net\/cotedivoire\/politique\/cote-divoire-gambie-adama-barrow-annonce-a-abidjan-pour-une-visite-damitie-et-de-travail#respond"]}]},{"@type":"WebPage","@id":"https:\/\/www.africa-press.net\/cotedivoire\/politique\/cote-divoire-gambie-adama-barrow-annonce-a-abidjan-pour-une-visite-damitie-et-de-travail","url":"https:\/\/www.africa-press.net\/cotedivoire\/politique\/cote-divoire-gambie-adama-barrow-annonce-a-abidjan-pour-une-visite-damitie-et-de-travail","name":"C\u00f4te d'Ivoire-Gambie : Adama Barrow annonc\u00e9 \u00e0 Abidjan pour une visite d'amiti\u00e9 et de travail - C\u00f4te d&#039;Ivoire","isPartOf":{"@id":"https:\/\/www.africa-press.net\/cotedivoire\/#website"},"primaryImageOfPage":{"@id":"https:\/\/www.africa-press.net\/cotedivoire\/politique\/cote-divoire-gambie-adama-barrow-annonce-a-abidjan-pour-une-visite-damitie-et-de-travail#primaryimage"},"image":{"@id":"https:\/\/www.africa-press.net\/cotedivoire\/politique\/cote-divoire-gambie-adama-barrow-annonce-a-abidjan-pour-une-visite-damitie-et-de-travail#primaryimage"},"thumbnailUrl":"https:\/\/static.africa-press.net\/cote\/sites\/43\/2023\/04\/postQueueImg_1681962093.23.jpg","datePublished":"2023-04-20T11:12:21+00:00","author":{"@id":"https:\/\/www.africa-press.net\/cotedivoire\/#\/schema\/person\/2b1cf3cd81a31e3cd26889ca66d677f1"},"description":"Adama Barrow, pre\u0301sident de la Re\u0301publique de Gambie, est annonce\u0301 en Co\u0302te d'Ivoire le 26 avril 2023 dans le cadre d'un ...","breadcrumb":{"@id":"https:\/\/www.africa-press.net\/cotedivoire\/politique\/cote-divoire-gambie-adama-barrow-annonce-a-abidjan-pour-une-visite-damitie-et-de-travail#breadcrumb"},"inLanguage":"fr-FR","potentialAction":[{"@type":"ReadAction","target":["https:\/\/www.africa-press.net\/cotedivoire\/politique\/cote-divoire-gambie-adama-barrow-annonce-a-abidjan-pour-une-visite-damitie-et-de-travail"]}]},{"@type":"ImageObject","inLanguage":"fr-FR","@id":"https:\/\/www.africa-press.net\/cotedivoire\/politique\/cote-divoire-gambie-adama-barrow-annonce-a-abidjan-pour-une-visite-damitie-et-de-travail#primaryimage","url":"https:\/\/static.africa-press.net\/cote\/sites\/43\/2023\/04\/postQueueImg_1681962093.23.jpg","contentUrl":"https:\/\/static.africa-press.net\/cote\/sites\/43\/2023\/04\/postQueueImg_1681962093.23.jpg","width":720,"height":386,"caption":"C\u00f4te d'Ivoire-Gambie : Adama Barrow annonc\u00e9 \u00e0 Abidjan pour une visite d'amiti\u00e9 et de travail"},{"@type":"BreadcrumbList","@id":"https:\/\/www.africa-press.net\/cotedivoire\/politique\/cote-divoire-gambie-adama-barrow-annonce-a-abidjan-pour-une-visite-damitie-et-de-travail#breadcrumb","itemListElement":[{"@type":"ListItem","position":1,"name":"Accueil","item":"https:\/\/www.africa-press.net\/cotedivoire\/"},{"@type":"ListItem","position":2,"name":"C\u00f4te d&#8217;Ivoire-Gambie : Adama Barrow annonc\u00e9 \u00e0 Abidjan pour une visite d&#8217;amiti\u00e9 et de travail"}]},{"@type":"WebSite","@id":"https:\/\/www.africa-press.net\/cotedivoire\/#website","url":"https:\/\/www.africa-press.net\/cotedivoire\/","name":"C\u00f4te d&#039;Ivoire","description":"Just another Africa News Agency Sites site","potentialAction":[{"@type":"SearchAction","target":{"@type":"EntryPoint","urlTemplate":"https:\/\/www.africa-press.net\/cotedivoire\/?s={search_term_string}"},"query-input":{"@type":"PropertyValueSpecification","valueRequired":true,"valueName":"search_term_string"}}],"inLanguage":"fr-FR"},{"@type":"Person","@id":"https:\/\/www.africa-press.net\/cotedivoire\/#\/schema\/person\/2b1cf3cd81a31e3cd26889ca66d677f1","name":"cfeditorfr"}]}},"_links":{"self":[{"href":"https:\/\/www.africa-press.net\/cotedivoire\/wp-json\/wp\/v2\/posts\/56775","targetHints":{"allow":["GET"]}}],"collection":[{"href":"https:\/\/www.africa-press.net\/cotedivoire\/wp-json\/wp\/v2\/posts"}],"about":[{"href":"https:\/\/www.africa-press.net\/cotedivoire\/wp-json\/wp\/v2\/types\/post"}],"author":[{"embeddable":true,"href":"https:\/\/www.africa-press.net\/cotedivoire\/wp-json\/wp\/v2\/users\/82"}],"replies":[{"embeddable":true,"href":"https:\/\/www.africa-press.net\/cotedivoire\/wp-json\/wp\/v2\/comments?post=56775"}],"version-history":[{"count":0,"href":"https:\/\/www.africa-press.net\/cotedivoire\/wp-json\/wp\/v2\/posts\/56775\/revisions"}],"wp:featuredmedia":[{"embeddable":true,"href":"https:\/\/www.africa-press.net\/cotedivoire\/wp-json\/wp\/v2\/media\/56774"}],"wp:attachment":[{"href":"https:\/\/www.africa-press.net\/cotedivoire\/wp-json\/wp\/v2\/media?parent=56775"}],"wp:term":[{"taxonomy":"category","embeddable":true,"href":"https:\/\/www.africa-press.net\/cotedivoire\/wp-json\/wp\/v2\/categories?post=56775"},{"taxonomy":"post_tag","embeddable":true,"href":"https:\/\/www.africa-press.net\/cotedivoire\/wp-json\/wp\/v2\/tags?post=56775"}],"curies":[{"name":"wp","href":"https:\/\/api.w.org\/{rel}","templated":true}]}}