{"id":56781,"date":"2023-04-20T13:12:59","date_gmt":"2023-04-20T13:12:59","guid":{"rendered":"https:\/\/www.africa-press.net\/cotedivoire\/?p=56781"},"modified":"2023-04-20T08:23:38","modified_gmt":"2023-04-20T08:23:38","slug":"cote-divoire-maroc-une-ressortissante-ivoirienne-portee-disparue-retrouvee-a-tan-tan-lambassade-sactive-pour-son-rapatriement","status":"publish","type":"post","link":"https:\/\/www.africa-press.net\/cotedivoire\/toutes-les-actualites\/cote-divoire-maroc-une-ressortissante-ivoirienne-portee-disparue-retrouvee-a-tan-tan-lambassade-sactive-pour-son-rapatriement","title":{"rendered":"C\u00f4te d&rsquo;Ivoire-Maroc : Une ressortissante ivoirienne port\u00e9e disparue retrouv\u00e9e \u00e0 Tan-Tan, l&rsquo;Ambassade s&rsquo;active pour son rapatriement"},"content":{"rendered":"<p><span style=\"color: #ff6600\"><strong>Africa-Press &#8211; C\u00f4te d&rsquo;Ivoire. <\/strong><\/span>Une ressortissante ivoirienne porte\u0301e disparue, depuis le 4 avril 2023, et qui e\u0301tait activement recherche\u0301e, a finalement e\u0301te\u0301 retrouve\u0301e, a\u0300 Tan-Tan, sur la co\u0302te ouest du Maroc, le 15 avril 2023, a-t-on appris de source proche du ministe\u0300re d\u2019Etat en charge des Affaires e\u0301trange\u0300res, de l\u2019Inte\u0301gration africaine et de la Diaspora.<\/p>\n<p>Il s\u2019agit de Bagayoko Teneba Latifati qui avait quitte\u0301 la Co\u0302te d\u2019Ivoire pour le royaume Che\u0301rifien.<\/p>\n<p>La concerne\u0301e, enceinte de 6 mois et accompagne\u0301e de deux enfants mineurs, entendait traverser la me\u0301diterrane\u0301e pour se rendre en Europe.<\/p>\n<p>Nous apprenons que, le chef de la mission diplomatique ivoirienne au Maroc, Idrissa Traore\u0301, a convaincu Mme Bagayoko de renoncer a\u0300 son projet tout en lui promettant \u00ab que sa cause, dont se sont de\u0301ja\u0300 saisies les plus hautes autorite\u0301s ivoiriennes, connaitra un de\u0301nouement heureux, de\u0300s son arrive\u0301e a\u0300 Abidjan \u00bb.<\/p>\n<p>L\u2019ambassade de Co\u0302te d\u2019Ivoire au Maroc s\u2019active a\u0300 organiser le voyage retour, dans les plus brefs de\u0301lais, des trois membres de la famille Bakare\u0301 Aliou Oliade\u0301, retrouve\u0301s sains et saufs, informe-t-on.<\/p>\n<p><strong>Pour plus d&rsquo;informations et d&rsquo;analyses sur la <a href=\"https:\/\/www.africa-press.net\/cotedivoire\">C\u00f4te d&rsquo;Ivoire<\/a>, suivez <a href=\"https:\/\/www.africa-press.net\/\">Africa-Press<\/a><\/strong><\/p>\n","protected":false},"excerpt":{"rendered":"<p>Africa-Press &#8211; C\u00f4te d&rsquo;Ivoire. Une ressortissante ivoirienne porte\u0301e disparue, depuis le 4 avril 2023, et qui e\u0301tait activement recherche\u0301e, a finalement e\u0301te\u0301 retrouve\u0301e, a\u0300 Tan-Tan, sur la co\u0302te ouest du Maroc, le 15 avril 2023, a-t-on appris de source proche du ministe\u0300re d\u2019Etat en charge des Affaires e\u0301trange\u0300res, de l\u2019Inte\u0301gration africaine et de la Diaspora. [&hellip;]<\/p>\n","protected":false},"author":82,"featured_media":56780,"comment_status":"open","ping_status":"closed","sticky":false,"template":"","format":"standard","meta":{"footnotes":""},"categories":[21,10],"tags":[56,63,3370,29,7257,498,571,9784,9783],"class_list":["post-56781","post","type-post","status-publish","format-standard","has-post-thumbnail","hentry","category-communaute","category-toutes-les-actualites","tag-africa-press","tag-africa-press-cote-divoire","tag-ambassade","tag-cote-divoire","tag-ivoirienne","tag-maroc","tag-ministere","tag-ressortissante","tag-tan-tan"],"yoast_head":"<!-- This site is optimized with the Yoast SEO Premium plugin v26.1 (Yoast SEO v27.0) - https:\/\/yoast.com\/product\/yoast-seo-premium-wordpress\/ -->\n<title>C\u00f4te d&#039;Ivoire-Maroc : Une ressortissante ivoirienne port\u00e9e disparue retrouv\u00e9e \u00e0 Tan-Tan, l&#039;Ambassade s&#039;active pour son rapatriement - C\u00f4te d&#039;Ivoire<\/title>\n<meta name=\"description\" content=\"Une ressortissante ivoirienne porte\u0301e disparue, depuis le 4 avril 2023, et qui e\u0301tait activement recherche\u0301e, a finaleme ...\" \/>\n<meta name=\"robots\" content=\"index, follow, max-snippet:-1, max-image-preview:large, max-video-preview:-1\" \/>\n<link rel=\"canonical\" href=\"https:\/\/www.africa-press.net\/cotedivoire\/toutes-les-actualites\/cote-divoire-maroc-une-ressortissante-ivoirienne-portee-disparue-retrouvee-a-tan-tan-lambassade-sactive-pour-son-rapatriement\" \/>\n<meta property=\"og:locale\" content=\"fr_FR\" \/>\n<meta property=\"og:type\" content=\"article\" \/>\n<meta property=\"og:title\" content=\"C\u00f4te d&#039;Ivoire-Maroc : Une ressortissante ivoirienne port\u00e9e disparue retrouv\u00e9e \u00e0 Tan-Tan, l&#039;Ambassade s&#039;active pour son rapatriement\" \/>\n<meta property=\"og:description\" content=\"Une ressortissante ivoirienne porte\u0301e disparue, depuis le 4 avril 2023, et qui e\u0301tait activement recherche\u0301e, a finaleme ...\" \/>\n<meta property=\"og:url\" content=\"https:\/\/www.africa-press.net\/cotedivoire\/toutes-les-actualites\/cote-divoire-maroc-une-ressortissante-ivoirienne-portee-disparue-retrouvee-a-tan-tan-lambassade-sactive-pour-son-rapatriement\" \/>\n<meta property=\"og:site_name\" content=\"C\u00f4te d&#039;Ivoire\" \/>\n<meta property=\"article:published_time\" content=\"2023-04-20T13:12:59+00:00\" \/>\n<meta property=\"og:image\" content=\"https:\/\/static.africa-press.net\/cote\/sites\/43\/2023\/04\/postQueueImg_1681962082.11.jpg\" \/>\n\t<meta property=\"og:image:width\" content=\"720\" \/>\n\t<meta property=\"og:image:height\" content=\"367\" \/>\n\t<meta property=\"og:image:type\" content=\"image\/jpeg\" \/>\n<meta name=\"author\" content=\"cfeditorfr\" \/>\n<meta name=\"twitter:card\" content=\"summary_large_image\" \/>\n<meta name=\"twitter:label1\" content=\"\u00c9crit par\" \/>\n\t<meta name=\"twitter:data1\" content=\"cfeditorfr\" \/>\n\t<meta name=\"twitter:label2\" content=\"Dur\u00e9e de lecture estim\u00e9e\" \/>\n\t<meta name=\"twitter:data2\" content=\"1 minute\" \/>\n<script type=\"application\/ld+json\" class=\"yoast-schema-graph\">{\"@context\":\"https:\/\/schema.org\",\"@graph\":[{\"@type\":\"Article\",\"@id\":\"https:\/\/www.africa-press.net\/cotedivoire\/toutes-les-actualites\/cote-divoire-maroc-une-ressortissante-ivoirienne-portee-disparue-retrouvee-a-tan-tan-lambassade-sactive-pour-son-rapatriement#article\",\"isPartOf\":{\"@id\":\"https:\/\/www.africa-press.net\/cotedivoire\/toutes-les-actualites\/cote-divoire-maroc-une-ressortissante-ivoirienne-portee-disparue-retrouvee-a-tan-tan-lambassade-sactive-pour-son-rapatriement\"},\"author\":{\"name\":\"cfeditorfr\",\"@id\":\"https:\/\/www.africa-press.net\/cotedivoire\/#\/schema\/person\/2b1cf3cd81a31e3cd26889ca66d677f1\"},\"headline\":\"C\u00f4te d&rsquo;Ivoire-Maroc : Une ressortissante ivoirienne port\u00e9e disparue retrouv\u00e9e \u00e0 Tan-Tan, l&rsquo;Ambassade s&rsquo;active pour son rapatriement\",\"datePublished\":\"2023-04-20T13:12:59+00:00\",\"mainEntityOfPage\":{\"@id\":\"https:\/\/www.africa-press.net\/cotedivoire\/toutes-les-actualites\/cote-divoire-maroc-une-ressortissante-ivoirienne-portee-disparue-retrouvee-a-tan-tan-lambassade-sactive-pour-son-rapatriement\"},\"wordCount\":235,\"commentCount\":0,\"image\":{\"@id\":\"https:\/\/www.africa-press.net\/cotedivoire\/toutes-les-actualites\/cote-divoire-maroc-une-ressortissante-ivoirienne-portee-disparue-retrouvee-a-tan-tan-lambassade-sactive-pour-son-rapatriement#primaryimage\"},\"thumbnailUrl\":\"https:\/\/static.africa-press.net\/cote\/sites\/43\/2023\/04\/postQueueImg_1681962082.11.jpg\",\"keywords\":[\"Africa Press\",\"Africa Press-C\u00f4te d'Ivoire\",\"Ambassade\",\"C\u00d4TE D'IVOIRE\",\"ivoirienne\",\"Maroc\",\"Minist\u00e8re\",\"ressortissante\",\"Tan-Tan\"],\"articleSection\":[\"Communaut\u00e9\",\"Toutes les actualit\u00e9s\"],\"inLanguage\":\"fr-FR\",\"potentialAction\":[{\"@type\":\"CommentAction\",\"name\":\"Comment\",\"target\":[\"https:\/\/www.africa-press.net\/cotedivoire\/toutes-les-actualites\/cote-divoire-maroc-une-ressortissante-ivoirienne-portee-disparue-retrouvee-a-tan-tan-lambassade-sactive-pour-son-rapatriement#respond\"]}]},{\"@type\":\"WebPage\",\"@id\":\"https:\/\/www.africa-press.net\/cotedivoire\/toutes-les-actualites\/cote-divoire-maroc-une-ressortissante-ivoirienne-portee-disparue-retrouvee-a-tan-tan-lambassade-sactive-pour-son-rapatriement\",\"url\":\"https:\/\/www.africa-press.net\/cotedivoire\/toutes-les-actualites\/cote-divoire-maroc-une-ressortissante-ivoirienne-portee-disparue-retrouvee-a-tan-tan-lambassade-sactive-pour-son-rapatriement\",\"name\":\"C\u00f4te d'Ivoire-Maroc : Une ressortissante ivoirienne port\u00e9e disparue retrouv\u00e9e \u00e0 Tan-Tan, l'Ambassade s'active pour son rapatriement - C\u00f4te d&#039;Ivoire\",\"isPartOf\":{\"@id\":\"https:\/\/www.africa-press.net\/cotedivoire\/#website\"},\"primaryImageOfPage\":{\"@id\":\"https:\/\/www.africa-press.net\/cotedivoire\/toutes-les-actualites\/cote-divoire-maroc-une-ressortissante-ivoirienne-portee-disparue-retrouvee-a-tan-tan-lambassade-sactive-pour-son-rapatriement#primaryimage\"},\"image\":{\"@id\":\"https:\/\/www.africa-press.net\/cotedivoire\/toutes-les-actualites\/cote-divoire-maroc-une-ressortissante-ivoirienne-portee-disparue-retrouvee-a-tan-tan-lambassade-sactive-pour-son-rapatriement#primaryimage\"},\"thumbnailUrl\":\"https:\/\/static.africa-press.net\/cote\/sites\/43\/2023\/04\/postQueueImg_1681962082.11.jpg\",\"datePublished\":\"2023-04-20T13:12:59+00:00\",\"author\":{\"@id\":\"https:\/\/www.africa-press.net\/cotedivoire\/#\/schema\/person\/2b1cf3cd81a31e3cd26889ca66d677f1\"},\"description\":\"Une ressortissante ivoirienne porte\u0301e disparue, depuis le 4 avril 2023, et qui e\u0301tait activement recherche\u0301e, a finaleme ...\",\"breadcrumb\":{\"@id\":\"https:\/\/www.africa-press.net\/cotedivoire\/toutes-les-actualites\/cote-divoire-maroc-une-ressortissante-ivoirienne-portee-disparue-retrouvee-a-tan-tan-lambassade-sactive-pour-son-rapatriement#breadcrumb\"},\"inLanguage\":\"fr-FR\",\"potentialAction\":[{\"@type\":\"ReadAction\",\"target\":[\"https:\/\/www.africa-press.net\/cotedivoire\/toutes-les-actualites\/cote-divoire-maroc-une-ressortissante-ivoirienne-portee-disparue-retrouvee-a-tan-tan-lambassade-sactive-pour-son-rapatriement\"]}]},{\"@type\":\"ImageObject\",\"inLanguage\":\"fr-FR\",\"@id\":\"https:\/\/www.africa-press.net\/cotedivoire\/toutes-les-actualites\/cote-divoire-maroc-une-ressortissante-ivoirienne-portee-disparue-retrouvee-a-tan-tan-lambassade-sactive-pour-son-rapatriement#primaryimage\",\"url\":\"https:\/\/static.africa-press.net\/cote\/sites\/43\/2023\/04\/postQueueImg_1681962082.11.jpg\",\"contentUrl\":\"https:\/\/static.africa-press.net\/cote\/sites\/43\/2023\/04\/postQueueImg_1681962082.11.jpg\",\"width\":720,\"height\":367,\"caption\":\"C\u00f4te d'Ivoire-Maroc : Une ressortissante ivoirienne port\u00e9e disparue retrouv\u00e9e \u00e0 Tan-Tan, l'Ambassade s'active pour son rapatriement\"},{\"@type\":\"BreadcrumbList\",\"@id\":\"https:\/\/www.africa-press.net\/cotedivoire\/toutes-les-actualites\/cote-divoire-maroc-une-ressortissante-ivoirienne-portee-disparue-retrouvee-a-tan-tan-lambassade-sactive-pour-son-rapatriement#breadcrumb\",\"itemListElement\":[{\"@type\":\"ListItem\",\"position\":1,\"name\":\"Accueil\",\"item\":\"https:\/\/www.africa-press.net\/cotedivoire\/\"},{\"@type\":\"ListItem\",\"position\":2,\"name\":\"C\u00f4te d&#8217;Ivoire-Maroc : Une ressortissante ivoirienne port\u00e9e disparue retrouv\u00e9e \u00e0 Tan-Tan, l&#8217;Ambassade s&#8217;active pour son rapatriement\"}]},{\"@type\":\"WebSite\",\"@id\":\"https:\/\/www.africa-press.net\/cotedivoire\/#website\",\"url\":\"https:\/\/www.africa-press.net\/cotedivoire\/\",\"name\":\"C\u00f4te d&#039;Ivoire\",\"description\":\"Just another Africa News Agency Sites site\",\"potentialAction\":[{\"@type\":\"SearchAction\",\"target\":{\"@type\":\"EntryPoint\",\"urlTemplate\":\"https:\/\/www.africa-press.net\/cotedivoire\/?s={search_term_string}\"},\"query-input\":{\"@type\":\"PropertyValueSpecification\",\"valueRequired\":true,\"valueName\":\"search_term_string\"}}],\"inLanguage\":\"fr-FR\"},{\"@type\":\"Person\",\"@id\":\"https:\/\/www.africa-press.net\/cotedivoire\/#\/schema\/person\/2b1cf3cd81a31e3cd26889ca66d677f1\",\"name\":\"cfeditorfr\"}]}<\/script>\n<!-- \/ Yoast SEO Premium plugin. -->","yoast_head_json":{"title":"C\u00f4te d'Ivoire-Maroc : Une ressortissante ivoirienne port\u00e9e disparue retrouv\u00e9e \u00e0 Tan-Tan, l'Ambassade s'active pour son rapatriement - C\u00f4te d&#039;Ivoire","description":"Une ressortissante ivoirienne porte\u0301e disparue, depuis le 4 avril 2023, et qui e\u0301tait activement recherche\u0301e, a finaleme ...","robots":{"index":"index","follow":"follow","max-snippet":"max-snippet:-1","max-image-preview":"max-image-preview:large","max-video-preview":"max-video-preview:-1"},"canonical":"https:\/\/www.africa-press.net\/cotedivoire\/toutes-les-actualites\/cote-divoire-maroc-une-ressortissante-ivoirienne-portee-disparue-retrouvee-a-tan-tan-lambassade-sactive-pour-son-rapatriement","og_locale":"fr_FR","og_type":"article","og_title":"C\u00f4te d'Ivoire-Maroc : Une ressortissante ivoirienne port\u00e9e disparue retrouv\u00e9e \u00e0 Tan-Tan, l'Ambassade s'active pour son rapatriement","og_description":"Une ressortissante ivoirienne porte\u0301e disparue, depuis le 4 avril 2023, et qui e\u0301tait activement recherche\u0301e, a finaleme ...","og_url":"https:\/\/www.africa-press.net\/cotedivoire\/toutes-les-actualites\/cote-divoire-maroc-une-ressortissante-ivoirienne-portee-disparue-retrouvee-a-tan-tan-lambassade-sactive-pour-son-rapatriement","og_site_name":"C\u00f4te d&#039;Ivoire","article_published_time":"2023-04-20T13:12:59+00:00","og_image":[{"width":720,"height":367,"url":"https:\/\/static.africa-press.net\/cote\/sites\/43\/2023\/04\/postQueueImg_1681962082.11.jpg","type":"image\/jpeg"}],"author":"cfeditorfr","twitter_card":"summary_large_image","twitter_misc":{"\u00c9crit par":"cfeditorfr","Dur\u00e9e de lecture estim\u00e9e":"1 minute"},"schema":{"@context":"https:\/\/schema.org","@graph":[{"@type":"Article","@id":"https:\/\/www.africa-press.net\/cotedivoire\/toutes-les-actualites\/cote-divoire-maroc-une-ressortissante-ivoirienne-portee-disparue-retrouvee-a-tan-tan-lambassade-sactive-pour-son-rapatriement#article","isPartOf":{"@id":"https:\/\/www.africa-press.net\/cotedivoire\/toutes-les-actualites\/cote-divoire-maroc-une-ressortissante-ivoirienne-portee-disparue-retrouvee-a-tan-tan-lambassade-sactive-pour-son-rapatriement"},"author":{"name":"cfeditorfr","@id":"https:\/\/www.africa-press.net\/cotedivoire\/#\/schema\/person\/2b1cf3cd81a31e3cd26889ca66d677f1"},"headline":"C\u00f4te d&rsquo;Ivoire-Maroc : Une ressortissante ivoirienne port\u00e9e disparue retrouv\u00e9e \u00e0 Tan-Tan, l&rsquo;Ambassade s&rsquo;active pour son rapatriement","datePublished":"2023-04-20T13:12:59+00:00","mainEntityOfPage":{"@id":"https:\/\/www.africa-press.net\/cotedivoire\/toutes-les-actualites\/cote-divoire-maroc-une-ressortissante-ivoirienne-portee-disparue-retrouvee-a-tan-tan-lambassade-sactive-pour-son-rapatriement"},"wordCount":235,"commentCount":0,"image":{"@id":"https:\/\/www.africa-press.net\/cotedivoire\/toutes-les-actualites\/cote-divoire-maroc-une-ressortissante-ivoirienne-portee-disparue-retrouvee-a-tan-tan-lambassade-sactive-pour-son-rapatriement#primaryimage"},"thumbnailUrl":"https:\/\/static.africa-press.net\/cote\/sites\/43\/2023\/04\/postQueueImg_1681962082.11.jpg","keywords":["Africa Press","Africa Press-C\u00f4te d'Ivoire","Ambassade","C\u00d4TE D'IVOIRE","ivoirienne","Maroc","Minist\u00e8re","ressortissante","Tan-Tan"],"articleSection":["Communaut\u00e9","Toutes les actualit\u00e9s"],"inLanguage":"fr-FR","potentialAction":[{"@type":"CommentAction","name":"Comment","target":["https:\/\/www.africa-press.net\/cotedivoire\/toutes-les-actualites\/cote-divoire-maroc-une-ressortissante-ivoirienne-portee-disparue-retrouvee-a-tan-tan-lambassade-sactive-pour-son-rapatriement#respond"]}]},{"@type":"WebPage","@id":"https:\/\/www.africa-press.net\/cotedivoire\/toutes-les-actualites\/cote-divoire-maroc-une-ressortissante-ivoirienne-portee-disparue-retrouvee-a-tan-tan-lambassade-sactive-pour-son-rapatriement","url":"https:\/\/www.africa-press.net\/cotedivoire\/toutes-les-actualites\/cote-divoire-maroc-une-ressortissante-ivoirienne-portee-disparue-retrouvee-a-tan-tan-lambassade-sactive-pour-son-rapatriement","name":"C\u00f4te d'Ivoire-Maroc : Une ressortissante ivoirienne port\u00e9e disparue retrouv\u00e9e \u00e0 Tan-Tan, l'Ambassade s'active pour son rapatriement - C\u00f4te d&#039;Ivoire","isPartOf":{"@id":"https:\/\/www.africa-press.net\/cotedivoire\/#website"},"primaryImageOfPage":{"@id":"https:\/\/www.africa-press.net\/cotedivoire\/toutes-les-actualites\/cote-divoire-maroc-une-ressortissante-ivoirienne-portee-disparue-retrouvee-a-tan-tan-lambassade-sactive-pour-son-rapatriement#primaryimage"},"image":{"@id":"https:\/\/www.africa-press.net\/cotedivoire\/toutes-les-actualites\/cote-divoire-maroc-une-ressortissante-ivoirienne-portee-disparue-retrouvee-a-tan-tan-lambassade-sactive-pour-son-rapatriement#primaryimage"},"thumbnailUrl":"https:\/\/static.africa-press.net\/cote\/sites\/43\/2023\/04\/postQueueImg_1681962082.11.jpg","datePublished":"2023-04-20T13:12:59+00:00","author":{"@id":"https:\/\/www.africa-press.net\/cotedivoire\/#\/schema\/person\/2b1cf3cd81a31e3cd26889ca66d677f1"},"description":"Une ressortissante ivoirienne porte\u0301e disparue, depuis le 4 avril 2023, et qui e\u0301tait activement recherche\u0301e, a finaleme ...","breadcrumb":{"@id":"https:\/\/www.africa-press.net\/cotedivoire\/toutes-les-actualites\/cote-divoire-maroc-une-ressortissante-ivoirienne-portee-disparue-retrouvee-a-tan-tan-lambassade-sactive-pour-son-rapatriement#breadcrumb"},"inLanguage":"fr-FR","potentialAction":[{"@type":"ReadAction","target":["https:\/\/www.africa-press.net\/cotedivoire\/toutes-les-actualites\/cote-divoire-maroc-une-ressortissante-ivoirienne-portee-disparue-retrouvee-a-tan-tan-lambassade-sactive-pour-son-rapatriement"]}]},{"@type":"ImageObject","inLanguage":"fr-FR","@id":"https:\/\/www.africa-press.net\/cotedivoire\/toutes-les-actualites\/cote-divoire-maroc-une-ressortissante-ivoirienne-portee-disparue-retrouvee-a-tan-tan-lambassade-sactive-pour-son-rapatriement#primaryimage","url":"https:\/\/static.africa-press.net\/cote\/sites\/43\/2023\/04\/postQueueImg_1681962082.11.jpg","contentUrl":"https:\/\/static.africa-press.net\/cote\/sites\/43\/2023\/04\/postQueueImg_1681962082.11.jpg","width":720,"height":367,"caption":"C\u00f4te d'Ivoire-Maroc : Une ressortissante ivoirienne port\u00e9e disparue retrouv\u00e9e \u00e0 Tan-Tan, l'Ambassade s'active pour son rapatriement"},{"@type":"BreadcrumbList","@id":"https:\/\/www.africa-press.net\/cotedivoire\/toutes-les-actualites\/cote-divoire-maroc-une-ressortissante-ivoirienne-portee-disparue-retrouvee-a-tan-tan-lambassade-sactive-pour-son-rapatriement#breadcrumb","itemListElement":[{"@type":"ListItem","position":1,"name":"Accueil","item":"https:\/\/www.africa-press.net\/cotedivoire\/"},{"@type":"ListItem","position":2,"name":"C\u00f4te d&#8217;Ivoire-Maroc : Une ressortissante ivoirienne port\u00e9e disparue retrouv\u00e9e \u00e0 Tan-Tan, l&#8217;Ambassade s&#8217;active pour son rapatriement"}]},{"@type":"WebSite","@id":"https:\/\/www.africa-press.net\/cotedivoire\/#website","url":"https:\/\/www.africa-press.net\/cotedivoire\/","name":"C\u00f4te d&#039;Ivoire","description":"Just another Africa News Agency Sites site","potentialAction":[{"@type":"SearchAction","target":{"@type":"EntryPoint","urlTemplate":"https:\/\/www.africa-press.net\/cotedivoire\/?s={search_term_string}"},"query-input":{"@type":"PropertyValueSpecification","valueRequired":true,"valueName":"search_term_string"}}],"inLanguage":"fr-FR"},{"@type":"Person","@id":"https:\/\/www.africa-press.net\/cotedivoire\/#\/schema\/person\/2b1cf3cd81a31e3cd26889ca66d677f1","name":"cfeditorfr"}]}},"_links":{"self":[{"href":"https:\/\/www.africa-press.net\/cotedivoire\/wp-json\/wp\/v2\/posts\/56781","targetHints":{"allow":["GET"]}}],"collection":[{"href":"https:\/\/www.africa-press.net\/cotedivoire\/wp-json\/wp\/v2\/posts"}],"about":[{"href":"https:\/\/www.africa-press.net\/cotedivoire\/wp-json\/wp\/v2\/types\/post"}],"author":[{"embeddable":true,"href":"https:\/\/www.africa-press.net\/cotedivoire\/wp-json\/wp\/v2\/users\/82"}],"replies":[{"embeddable":true,"href":"https:\/\/www.africa-press.net\/cotedivoire\/wp-json\/wp\/v2\/comments?post=56781"}],"version-history":[{"count":0,"href":"https:\/\/www.africa-press.net\/cotedivoire\/wp-json\/wp\/v2\/posts\/56781\/revisions"}],"wp:featuredmedia":[{"embeddable":true,"href":"https:\/\/www.africa-press.net\/cotedivoire\/wp-json\/wp\/v2\/media\/56780"}],"wp:attachment":[{"href":"https:\/\/www.africa-press.net\/cotedivoire\/wp-json\/wp\/v2\/media?parent=56781"}],"wp:term":[{"taxonomy":"category","embeddable":true,"href":"https:\/\/www.africa-press.net\/cotedivoire\/wp-json\/wp\/v2\/categories?post=56781"},{"taxonomy":"post_tag","embeddable":true,"href":"https:\/\/www.africa-press.net\/cotedivoire\/wp-json\/wp\/v2\/tags?post=56781"}],"curies":[{"name":"wp","href":"https:\/\/api.w.org\/{rel}","templated":true}]}}