{"id":56879,"date":"2023-04-21T17:26:34","date_gmt":"2023-04-21T17:26:34","guid":{"rendered":"https:\/\/www.africa-press.net\/cotedivoire\/politique\/le-gerant-du-siege-du-pdci-rda-a-gagnoa-sinquiete-de-son-fonctionnement-actuel"},"modified":"2023-04-21T18:42:04","modified_gmt":"2023-04-21T18:42:04","slug":"le-gerant-du-siege-du-pdci-rda-a-gagnoa-sinquiete-de-son-fonctionnement-actuel","status":"publish","type":"post","link":"https:\/\/www.africa-press.net\/cotedivoire\/parties\/le-gerant-du-siege-du-pdci-rda-a-gagnoa-sinquiete-de-son-fonctionnement-actuel","title":{"rendered":"Le g\u00e9rant du si\u00e8ge du PDCI-RDA \u00e0   Gagnoa s&rsquo;inqui\u00e8te de son fonctionnement actuel"},"content":{"rendered":"<p><span style=\"color: #ff6600\"><strong>Africa-Press &#8211; C\u00f4te d&rsquo;Ivoire. <\/strong><\/span>Charles Zadi membre du grand conseil et permanent de la de\u0301le\u0301gation de\u0301partementale Gagnoa 1, qui ge\u0300re actuellement le sie\u0300ge du PDCI- RDA de Gagnoa n&rsquo;appre\u0301cie pas ce qui s&rsquo;y passe au quotidien.<\/p>\n<p>Ayant constate\u0301 que le sie\u0300ge du parti est constamment ferme\u0301 ou n&rsquo;est ouvert qu&rsquo;a\u0300 l&rsquo;occasion des re\u0301unions, Charles Zadi s&rsquo;est re\u0301solu de se rendre disponible pour pallier cette situation que vit son parti politique a\u0300 Gagnoa. Puisqu&rsquo;il a le PDCI-RDA dans le sang et dans l&rsquo;a\u0302me.<\/p>\n<p>C&rsquo;est donc en accord avec le secre\u0301taire exe\u0301cutif en chef Maurice Kakou Guikahue\u0301 qu&rsquo;il est depuis 2021, le ge\u0301rant du sie\u0300ge du plus vieux parti de la Co\u0302te d&rsquo;Ivoire dans la commune de Gagnoa.<\/p>\n<p>Son quotidien est d&rsquo;ouvrir et de nettoyer re\u0301gulie\u0300rement le sie\u0300ge. Le seul hic, est qu&rsquo;il ne dispose d&rsquo;aucun budget de fonctionnement.<\/p>\n<p>Si ce n&rsquo;est des interventions financie\u0300res sporadiques du vice-pre\u0301sident Zahui Thomas, de mai\u0302tre Attabi et de mai\u0302tre Ble\u0301 Michel qui font vivre le sie\u0300ge du parti cre\u0301e\u0301 par Fe\u0301lix Houphoue\u0308t Boigny de Gagnoa.<\/p>\n<p>A\u0300 l&rsquo;heure ou\u0300 nous mettions sous presse cet article, la broussaille a envahi la cour de ce beau sie\u0300ge a\u0300 tel point que les reptiles sont devenus les premiers visiteurs des lieux.<\/p>\n<p>Face a\u0300 cette re\u0301alite\u0301, Charles Zadi a encore sollicite\u0301 ses bailleurs pour re\u0301soudre cette difficulte\u0301. C&rsquo;est ainsi que Ble\u0301 Michel a mis la main a\u0300 la poche pour que cette broussaille disparaisse de ce lieu qui abrite le parti du pre\u0301sident Henri Konan Be\u0301die\u0301.<\/p>\n<p>Pour e\u0302tre plus dynamique, le ge\u0301rant en a profite\u0301 pour mettre sur la plate-forme, le devis de la peinture, de la clo\u0302ture qui s&rsquo;e\u0301croule et de la re\u0301habilitation des toilettes.<\/p>\n<p>Il est donc impatient de revoir ce sie\u0300ge reluisant comme il e\u0301tait a\u0300 l&rsquo;e\u0301poque. Mais en attendant, il faudra selon lui que les responsables locaux de son parti me\u0300nent une politique de redynamisation des membres dans toute la re\u0301gion du Go\u0302h.<\/p>\n<p>\u00ab La zone PDCI qu&rsquo;on a\u0300 Gagnoa, c&rsquo;est a\u0300 Se\u0301rihio. Selon les anciennes statistiques, aucun autre parti ne peut prendre Se\u0301rihio si ce n&rsquo;est le PDCI-RDA. Mais est-ce que c&rsquo;est encore le cas ? Puisque les autres sont sur le terrain a\u0300 offrir des motos et autres a\u0300 nos militants. Il faut donc galvaniser nos militants. Nous avons beaucoup de militants a\u0300 Dioulabougou a\u0300 Gagnoa ville mais il n&rsquo;y a personne pour les galvaniser. J&rsquo;ai re\u0301gulie\u0300rement remonte\u0301 l&rsquo;information mais jusqu&rsquo;a\u0300 la\u0300 rien n&rsquo;est visible. C&rsquo;est difficile \u00bb, s\u2019est-il lamente\u0301.<\/p>\n<p>Il en a profite\u0301 pour re\u0301pondre a\u0300 ceux qui croient que le PPA-CI du Pre\u0301sident Gbagbo est encore majoritaire dans la re\u0301gion du Go\u0302h.<\/p>\n<p>\u00ab Lors des deux dernie\u0300res e\u0301lections, les cadres de son parti d&rsquo;alors, ont empe\u0302che\u0301 leurs militants de s\u2019inscrire pour se faire enro\u0302ler sur la liste e\u0301lectorale. Aujourd&rsquo;hui pour ce fait, le PPA-CI n&rsquo;est plus majoritaire a\u0300 Gagnoa.<\/p>\n<p>Pour cela, il faut que ce parti s&rsquo;allie au PDCI-RDA pour les e\u0301lections de 2023 et 2025. Gagnoa n&rsquo;est plus pour le Pre\u0301sident Laurent Gbagbo par la propre faute des cadres du FPI d&rsquo;alors. Si nous allons en rang disperse\u0301, nous allons nous faire avoir. Il serait mieux d&rsquo;aller en rang serre\u0301 avec le PDCI-RDA \u00bb, a-t-il souhaite\u0301.<\/p>\n<p><strong>Pour plus d&rsquo;informations et d&rsquo;analyses sur la <a href=\"https:\/\/www.africa-press.net\/cotedivoire\">C\u00f4te d&rsquo;Ivoire<\/a>, suivez <a href=\"https:\/\/www.africa-press.net\/\">Africa-Press<\/a><\/strong><\/p>\n","protected":false},"excerpt":{"rendered":"<p>Africa-Press &#8211; C\u00f4te d&rsquo;Ivoire. Charles Zadi membre du grand conseil et permanent de la de\u0301le\u0301gation de\u0301partementale Gagnoa 1, qui ge\u0300re actuellement le sie\u0300ge du PDCI- RDA de Gagnoa n&rsquo;appre\u0301cie pas ce qui s&rsquo;y passe au quotidien. Ayant constate\u0301 que le sie\u0300ge du parti est constamment ferme\u0301 ou n&rsquo;est ouvert qu&rsquo;a\u0300 l&rsquo;occasion des re\u0301unions, Charles Zadi [&hellip;]<\/p>\n","protected":false},"author":82,"featured_media":56878,"comment_status":"open","ping_status":"closed","sticky":false,"template":"","format":"standard","meta":{"footnotes":""},"categories":[4,10],"tags":[9800,56,63,29,1506,739],"class_list":["post-56879","post","type-post","status-publish","format-standard","has-post-thumbnail","hentry","category-parties","category-toutes-les-actualites","tag-9800","tag-africa-press","tag-africa-press-cote-divoire","tag-cote-divoire","tag-gagnoa","tag-pdci-rda"],"yoast_head":"<!-- This site is optimized with the Yoast SEO Premium plugin v26.1 (Yoast SEO v27.0) - https:\/\/yoast.com\/product\/yoast-seo-premium-wordpress\/ -->\n<title>Le g\u00e9rant du si\u00e8ge du PDCI-RDA \u00e0  Gagnoa s&#039;inqui\u00e8te de son fonctionnement actuel - C\u00f4te d&#039;Ivoire<\/title>\n<meta name=\"description\" content=\"Charles Zadi membre du grand conseil et permanent de la de\u0301le\u0301gation de\u0301partementale Gagnoa 1, qui ge\u0300re actuellement le ...\" \/>\n<meta name=\"robots\" content=\"index, follow, max-snippet:-1, max-image-preview:large, max-video-preview:-1\" \/>\n<link rel=\"canonical\" href=\"https:\/\/www.africa-press.net\/cotedivoire\/parties\/le-gerant-du-siege-du-pdci-rda-a-gagnoa-sinquiete-de-son-fonctionnement-actuel\" \/>\n<meta property=\"og:locale\" content=\"fr_FR\" \/>\n<meta property=\"og:type\" content=\"article\" \/>\n<meta property=\"og:title\" content=\"Le g\u00e9rant du si\u00e8ge du PDCI-RDA \u00e0  Gagnoa s&#039;inqui\u00e8te de son fonctionnement actuel\" \/>\n<meta property=\"og:description\" content=\"Charles Zadi membre du grand conseil et permanent de la de\u0301le\u0301gation de\u0301partementale Gagnoa 1, qui ge\u0300re actuellement le ...\" \/>\n<meta property=\"og:url\" content=\"https:\/\/www.africa-press.net\/cotedivoire\/parties\/le-gerant-du-siege-du-pdci-rda-a-gagnoa-sinquiete-de-son-fonctionnement-actuel\" \/>\n<meta property=\"og:site_name\" content=\"C\u00f4te d&#039;Ivoire\" \/>\n<meta property=\"article:published_time\" content=\"2023-04-21T17:26:34+00:00\" \/>\n<meta property=\"article:modified_time\" content=\"2023-04-21T18:42:04+00:00\" \/>\n<meta property=\"og:image\" content=\"https:\/\/static.africa-press.net\/cote\/sites\/43\/2023\/04\/postQueueImg_1682081809.34.jpg\" \/>\n\t<meta property=\"og:image:width\" content=\"720\" \/>\n\t<meta property=\"og:image:height\" content=\"540\" \/>\n\t<meta property=\"og:image:type\" content=\"image\/jpeg\" \/>\n<meta name=\"author\" content=\"cfeditorfr\" \/>\n<meta name=\"twitter:card\" content=\"summary_large_image\" \/>\n<meta name=\"twitter:label1\" content=\"\u00c9crit par\" \/>\n\t<meta name=\"twitter:data1\" content=\"cfeditorfr\" \/>\n\t<meta name=\"twitter:label2\" content=\"Dur\u00e9e de lecture estim\u00e9e\" \/>\n\t<meta name=\"twitter:data2\" content=\"3 minutes\" \/>\n<script type=\"application\/ld+json\" class=\"yoast-schema-graph\">{\"@context\":\"https:\/\/schema.org\",\"@graph\":[{\"@type\":\"Article\",\"@id\":\"https:\/\/www.africa-press.net\/cotedivoire\/parties\/le-gerant-du-siege-du-pdci-rda-a-gagnoa-sinquiete-de-son-fonctionnement-actuel#article\",\"isPartOf\":{\"@id\":\"https:\/\/www.africa-press.net\/cotedivoire\/parties\/le-gerant-du-siege-du-pdci-rda-a-gagnoa-sinquiete-de-son-fonctionnement-actuel\"},\"author\":{\"name\":\"cfeditorfr\",\"@id\":\"https:\/\/www.africa-press.net\/cotedivoire\/#\/schema\/person\/2b1cf3cd81a31e3cd26889ca66d677f1\"},\"headline\":\"Le g\u00e9rant du si\u00e8ge du PDCI-RDA \u00e0 Gagnoa s&rsquo;inqui\u00e8te de son fonctionnement actuel\",\"datePublished\":\"2023-04-21T17:26:34+00:00\",\"dateModified\":\"2023-04-21T18:42:04+00:00\",\"mainEntityOfPage\":{\"@id\":\"https:\/\/www.africa-press.net\/cotedivoire\/parties\/le-gerant-du-siege-du-pdci-rda-a-gagnoa-sinquiete-de-son-fonctionnement-actuel\"},\"wordCount\":644,\"commentCount\":0,\"image\":{\"@id\":\"https:\/\/www.africa-press.net\/cotedivoire\/parties\/le-gerant-du-siege-du-pdci-rda-a-gagnoa-sinquiete-de-son-fonctionnement-actuel#primaryimage\"},\"thumbnailUrl\":\"https:\/\/static.africa-press.net\/cote\/sites\/43\/2023\/04\/postQueueImg_1682081809.34.jpg\",\"keywords\":[\"5\",\"Africa Press\",\"Africa Press-C\u00f4te d'Ivoire\",\"C\u00d4TE D'IVOIRE\",\"Gagnoa\",\"PDCI-RDA\"],\"articleSection\":[\"Parties\",\"Toutes les actualit\u00e9s\"],\"inLanguage\":\"fr-FR\",\"potentialAction\":[{\"@type\":\"CommentAction\",\"name\":\"Comment\",\"target\":[\"https:\/\/www.africa-press.net\/cotedivoire\/parties\/le-gerant-du-siege-du-pdci-rda-a-gagnoa-sinquiete-de-son-fonctionnement-actuel#respond\"]}]},{\"@type\":\"WebPage\",\"@id\":\"https:\/\/www.africa-press.net\/cotedivoire\/parties\/le-gerant-du-siege-du-pdci-rda-a-gagnoa-sinquiete-de-son-fonctionnement-actuel\",\"url\":\"https:\/\/www.africa-press.net\/cotedivoire\/parties\/le-gerant-du-siege-du-pdci-rda-a-gagnoa-sinquiete-de-son-fonctionnement-actuel\",\"name\":\"Le g\u00e9rant du si\u00e8ge du PDCI-RDA \u00e0 Gagnoa s'inqui\u00e8te de son fonctionnement actuel - C\u00f4te d&#039;Ivoire\",\"isPartOf\":{\"@id\":\"https:\/\/www.africa-press.net\/cotedivoire\/#website\"},\"primaryImageOfPage\":{\"@id\":\"https:\/\/www.africa-press.net\/cotedivoire\/parties\/le-gerant-du-siege-du-pdci-rda-a-gagnoa-sinquiete-de-son-fonctionnement-actuel#primaryimage\"},\"image\":{\"@id\":\"https:\/\/www.africa-press.net\/cotedivoire\/parties\/le-gerant-du-siege-du-pdci-rda-a-gagnoa-sinquiete-de-son-fonctionnement-actuel#primaryimage\"},\"thumbnailUrl\":\"https:\/\/static.africa-press.net\/cote\/sites\/43\/2023\/04\/postQueueImg_1682081809.34.jpg\",\"datePublished\":\"2023-04-21T17:26:34+00:00\",\"dateModified\":\"2023-04-21T18:42:04+00:00\",\"author\":{\"@id\":\"https:\/\/www.africa-press.net\/cotedivoire\/#\/schema\/person\/2b1cf3cd81a31e3cd26889ca66d677f1\"},\"description\":\"Charles Zadi membre du grand conseil et permanent de la de\u0301le\u0301gation de\u0301partementale Gagnoa 1, qui ge\u0300re actuellement le ...\",\"breadcrumb\":{\"@id\":\"https:\/\/www.africa-press.net\/cotedivoire\/parties\/le-gerant-du-siege-du-pdci-rda-a-gagnoa-sinquiete-de-son-fonctionnement-actuel#breadcrumb\"},\"inLanguage\":\"fr-FR\",\"potentialAction\":[{\"@type\":\"ReadAction\",\"target\":[\"https:\/\/www.africa-press.net\/cotedivoire\/parties\/le-gerant-du-siege-du-pdci-rda-a-gagnoa-sinquiete-de-son-fonctionnement-actuel\"]}]},{\"@type\":\"ImageObject\",\"inLanguage\":\"fr-FR\",\"@id\":\"https:\/\/www.africa-press.net\/cotedivoire\/parties\/le-gerant-du-siege-du-pdci-rda-a-gagnoa-sinquiete-de-son-fonctionnement-actuel#primaryimage\",\"url\":\"https:\/\/static.africa-press.net\/cote\/sites\/43\/2023\/04\/postQueueImg_1682081809.34.jpg\",\"contentUrl\":\"https:\/\/static.africa-press.net\/cote\/sites\/43\/2023\/04\/postQueueImg_1682081809.34.jpg\",\"width\":720,\"height\":540,\"caption\":\"Le g\u00e9rant du si\u00e8ge du PDCI-RDA \u00e0 Gagnoa s'inqui\u00e8te de son fonctionnement actuel\"},{\"@type\":\"BreadcrumbList\",\"@id\":\"https:\/\/www.africa-press.net\/cotedivoire\/parties\/le-gerant-du-siege-du-pdci-rda-a-gagnoa-sinquiete-de-son-fonctionnement-actuel#breadcrumb\",\"itemListElement\":[{\"@type\":\"ListItem\",\"position\":1,\"name\":\"Accueil\",\"item\":\"https:\/\/www.africa-press.net\/cotedivoire\/\"},{\"@type\":\"ListItem\",\"position\":2,\"name\":\"Le g\u00e9rant du si\u00e8ge du PDCI-RDA \u00e0 Gagnoa s&#8217;inqui\u00e8te de son fonctionnement actuel\"}]},{\"@type\":\"WebSite\",\"@id\":\"https:\/\/www.africa-press.net\/cotedivoire\/#website\",\"url\":\"https:\/\/www.africa-press.net\/cotedivoire\/\",\"name\":\"C\u00f4te d&#039;Ivoire\",\"description\":\"Just another Africa News Agency Sites site\",\"potentialAction\":[{\"@type\":\"SearchAction\",\"target\":{\"@type\":\"EntryPoint\",\"urlTemplate\":\"https:\/\/www.africa-press.net\/cotedivoire\/?s={search_term_string}\"},\"query-input\":{\"@type\":\"PropertyValueSpecification\",\"valueRequired\":true,\"valueName\":\"search_term_string\"}}],\"inLanguage\":\"fr-FR\"},{\"@type\":\"Person\",\"@id\":\"https:\/\/www.africa-press.net\/cotedivoire\/#\/schema\/person\/2b1cf3cd81a31e3cd26889ca66d677f1\",\"name\":\"cfeditorfr\"}]}<\/script>\n<!-- \/ Yoast SEO Premium plugin. -->","yoast_head_json":{"title":"Le g\u00e9rant du si\u00e8ge du PDCI-RDA \u00e0  Gagnoa s'inqui\u00e8te de son fonctionnement actuel - C\u00f4te d&#039;Ivoire","description":"Charles Zadi membre du grand conseil et permanent de la de\u0301le\u0301gation de\u0301partementale Gagnoa 1, qui ge\u0300re actuellement le ...","robots":{"index":"index","follow":"follow","max-snippet":"max-snippet:-1","max-image-preview":"max-image-preview:large","max-video-preview":"max-video-preview:-1"},"canonical":"https:\/\/www.africa-press.net\/cotedivoire\/parties\/le-gerant-du-siege-du-pdci-rda-a-gagnoa-sinquiete-de-son-fonctionnement-actuel","og_locale":"fr_FR","og_type":"article","og_title":"Le g\u00e9rant du si\u00e8ge du PDCI-RDA \u00e0  Gagnoa s'inqui\u00e8te de son fonctionnement actuel","og_description":"Charles Zadi membre du grand conseil et permanent de la de\u0301le\u0301gation de\u0301partementale Gagnoa 1, qui ge\u0300re actuellement le ...","og_url":"https:\/\/www.africa-press.net\/cotedivoire\/parties\/le-gerant-du-siege-du-pdci-rda-a-gagnoa-sinquiete-de-son-fonctionnement-actuel","og_site_name":"C\u00f4te d&#039;Ivoire","article_published_time":"2023-04-21T17:26:34+00:00","article_modified_time":"2023-04-21T18:42:04+00:00","og_image":[{"width":720,"height":540,"url":"https:\/\/static.africa-press.net\/cote\/sites\/43\/2023\/04\/postQueueImg_1682081809.34.jpg","type":"image\/jpeg"}],"author":"cfeditorfr","twitter_card":"summary_large_image","twitter_misc":{"\u00c9crit par":"cfeditorfr","Dur\u00e9e de lecture estim\u00e9e":"3 minutes"},"schema":{"@context":"https:\/\/schema.org","@graph":[{"@type":"Article","@id":"https:\/\/www.africa-press.net\/cotedivoire\/parties\/le-gerant-du-siege-du-pdci-rda-a-gagnoa-sinquiete-de-son-fonctionnement-actuel#article","isPartOf":{"@id":"https:\/\/www.africa-press.net\/cotedivoire\/parties\/le-gerant-du-siege-du-pdci-rda-a-gagnoa-sinquiete-de-son-fonctionnement-actuel"},"author":{"name":"cfeditorfr","@id":"https:\/\/www.africa-press.net\/cotedivoire\/#\/schema\/person\/2b1cf3cd81a31e3cd26889ca66d677f1"},"headline":"Le g\u00e9rant du si\u00e8ge du PDCI-RDA \u00e0 Gagnoa s&rsquo;inqui\u00e8te de son fonctionnement actuel","datePublished":"2023-04-21T17:26:34+00:00","dateModified":"2023-04-21T18:42:04+00:00","mainEntityOfPage":{"@id":"https:\/\/www.africa-press.net\/cotedivoire\/parties\/le-gerant-du-siege-du-pdci-rda-a-gagnoa-sinquiete-de-son-fonctionnement-actuel"},"wordCount":644,"commentCount":0,"image":{"@id":"https:\/\/www.africa-press.net\/cotedivoire\/parties\/le-gerant-du-siege-du-pdci-rda-a-gagnoa-sinquiete-de-son-fonctionnement-actuel#primaryimage"},"thumbnailUrl":"https:\/\/static.africa-press.net\/cote\/sites\/43\/2023\/04\/postQueueImg_1682081809.34.jpg","keywords":["5","Africa Press","Africa Press-C\u00f4te d'Ivoire","C\u00d4TE D'IVOIRE","Gagnoa","PDCI-RDA"],"articleSection":["Parties","Toutes les actualit\u00e9s"],"inLanguage":"fr-FR","potentialAction":[{"@type":"CommentAction","name":"Comment","target":["https:\/\/www.africa-press.net\/cotedivoire\/parties\/le-gerant-du-siege-du-pdci-rda-a-gagnoa-sinquiete-de-son-fonctionnement-actuel#respond"]}]},{"@type":"WebPage","@id":"https:\/\/www.africa-press.net\/cotedivoire\/parties\/le-gerant-du-siege-du-pdci-rda-a-gagnoa-sinquiete-de-son-fonctionnement-actuel","url":"https:\/\/www.africa-press.net\/cotedivoire\/parties\/le-gerant-du-siege-du-pdci-rda-a-gagnoa-sinquiete-de-son-fonctionnement-actuel","name":"Le g\u00e9rant du si\u00e8ge du PDCI-RDA \u00e0 Gagnoa s'inqui\u00e8te de son fonctionnement actuel - C\u00f4te d&#039;Ivoire","isPartOf":{"@id":"https:\/\/www.africa-press.net\/cotedivoire\/#website"},"primaryImageOfPage":{"@id":"https:\/\/www.africa-press.net\/cotedivoire\/parties\/le-gerant-du-siege-du-pdci-rda-a-gagnoa-sinquiete-de-son-fonctionnement-actuel#primaryimage"},"image":{"@id":"https:\/\/www.africa-press.net\/cotedivoire\/parties\/le-gerant-du-siege-du-pdci-rda-a-gagnoa-sinquiete-de-son-fonctionnement-actuel#primaryimage"},"thumbnailUrl":"https:\/\/static.africa-press.net\/cote\/sites\/43\/2023\/04\/postQueueImg_1682081809.34.jpg","datePublished":"2023-04-21T17:26:34+00:00","dateModified":"2023-04-21T18:42:04+00:00","author":{"@id":"https:\/\/www.africa-press.net\/cotedivoire\/#\/schema\/person\/2b1cf3cd81a31e3cd26889ca66d677f1"},"description":"Charles Zadi membre du grand conseil et permanent de la de\u0301le\u0301gation de\u0301partementale Gagnoa 1, qui ge\u0300re actuellement le ...","breadcrumb":{"@id":"https:\/\/www.africa-press.net\/cotedivoire\/parties\/le-gerant-du-siege-du-pdci-rda-a-gagnoa-sinquiete-de-son-fonctionnement-actuel#breadcrumb"},"inLanguage":"fr-FR","potentialAction":[{"@type":"ReadAction","target":["https:\/\/www.africa-press.net\/cotedivoire\/parties\/le-gerant-du-siege-du-pdci-rda-a-gagnoa-sinquiete-de-son-fonctionnement-actuel"]}]},{"@type":"ImageObject","inLanguage":"fr-FR","@id":"https:\/\/www.africa-press.net\/cotedivoire\/parties\/le-gerant-du-siege-du-pdci-rda-a-gagnoa-sinquiete-de-son-fonctionnement-actuel#primaryimage","url":"https:\/\/static.africa-press.net\/cote\/sites\/43\/2023\/04\/postQueueImg_1682081809.34.jpg","contentUrl":"https:\/\/static.africa-press.net\/cote\/sites\/43\/2023\/04\/postQueueImg_1682081809.34.jpg","width":720,"height":540,"caption":"Le g\u00e9rant du si\u00e8ge du PDCI-RDA \u00e0 Gagnoa s'inqui\u00e8te de son fonctionnement actuel"},{"@type":"BreadcrumbList","@id":"https:\/\/www.africa-press.net\/cotedivoire\/parties\/le-gerant-du-siege-du-pdci-rda-a-gagnoa-sinquiete-de-son-fonctionnement-actuel#breadcrumb","itemListElement":[{"@type":"ListItem","position":1,"name":"Accueil","item":"https:\/\/www.africa-press.net\/cotedivoire\/"},{"@type":"ListItem","position":2,"name":"Le g\u00e9rant du si\u00e8ge du PDCI-RDA \u00e0 Gagnoa s&#8217;inqui\u00e8te de son fonctionnement actuel"}]},{"@type":"WebSite","@id":"https:\/\/www.africa-press.net\/cotedivoire\/#website","url":"https:\/\/www.africa-press.net\/cotedivoire\/","name":"C\u00f4te d&#039;Ivoire","description":"Just another Africa News Agency Sites site","potentialAction":[{"@type":"SearchAction","target":{"@type":"EntryPoint","urlTemplate":"https:\/\/www.africa-press.net\/cotedivoire\/?s={search_term_string}"},"query-input":{"@type":"PropertyValueSpecification","valueRequired":true,"valueName":"search_term_string"}}],"inLanguage":"fr-FR"},{"@type":"Person","@id":"https:\/\/www.africa-press.net\/cotedivoire\/#\/schema\/person\/2b1cf3cd81a31e3cd26889ca66d677f1","name":"cfeditorfr"}]}},"_links":{"self":[{"href":"https:\/\/www.africa-press.net\/cotedivoire\/wp-json\/wp\/v2\/posts\/56879","targetHints":{"allow":["GET"]}}],"collection":[{"href":"https:\/\/www.africa-press.net\/cotedivoire\/wp-json\/wp\/v2\/posts"}],"about":[{"href":"https:\/\/www.africa-press.net\/cotedivoire\/wp-json\/wp\/v2\/types\/post"}],"author":[{"embeddable":true,"href":"https:\/\/www.africa-press.net\/cotedivoire\/wp-json\/wp\/v2\/users\/82"}],"replies":[{"embeddable":true,"href":"https:\/\/www.africa-press.net\/cotedivoire\/wp-json\/wp\/v2\/comments?post=56879"}],"version-history":[{"count":0,"href":"https:\/\/www.africa-press.net\/cotedivoire\/wp-json\/wp\/v2\/posts\/56879\/revisions"}],"wp:featuredmedia":[{"embeddable":true,"href":"https:\/\/www.africa-press.net\/cotedivoire\/wp-json\/wp\/v2\/media\/56878"}],"wp:attachment":[{"href":"https:\/\/www.africa-press.net\/cotedivoire\/wp-json\/wp\/v2\/media?parent=56879"}],"wp:term":[{"taxonomy":"category","embeddable":true,"href":"https:\/\/www.africa-press.net\/cotedivoire\/wp-json\/wp\/v2\/categories?post=56879"},{"taxonomy":"post_tag","embeddable":true,"href":"https:\/\/www.africa-press.net\/cotedivoire\/wp-json\/wp\/v2\/tags?post=56879"}],"curies":[{"name":"wp","href":"https:\/\/api.w.org\/{rel}","templated":true}]}}