{"id":56934,"date":"2023-04-23T18:45:46","date_gmt":"2023-04-23T18:45:46","guid":{"rendered":"https:\/\/www.africa-press.net\/cotedivoire\/politique\/logements-sociaux-le-ministere-de-la-construction-cible-deux-champions-nationaux-pour-le-lancement-du-projet-de-terrains-a-bas-couts"},"modified":"2023-04-23T19:20:53","modified_gmt":"2023-04-23T19:20:53","slug":"logements-sociaux-le-ministere-de-la-construction-cible-deux-champions-nationaux-pour-le-lancement-du-projet-de-terrains-a-bas-couts","status":"publish","type":"post","link":"https:\/\/www.africa-press.net\/cotedivoire\/economie\/logements-sociaux-le-ministere-de-la-construction-cible-deux-champions-nationaux-pour-le-lancement-du-projet-de-terrains-a-bas-couts","title":{"rendered":"Logements sociaux, le minist\u00e8re de la Construction cible deux champions nationaux pour le lancement du projet de terrains \u00e0 bas couts"},"content":{"rendered":"<p><span style=\"color: #ff6600\"><strong>Africa-Press &#8211; C\u00f4te d&rsquo;Ivoire. <\/strong><\/span>Dans le souci de re\u0301pondre aux besoins croissants de loger les populations ivoiriennes de toutes les classes sociales, le gouvernement adopte une politique efficace. Une politique qui consiste a\u0300 ame\u0301nager des terrains e\u0301quipe\u0301s a\u0300 bas couts. Et pour sa mise en \u0153uvre, le gouvernement sollicite l&rsquo;expertise de 2 champions nationaux ; SODAF et RIA.<\/p>\n<p>Projets prometteurs qui viendra certainement relancer le programme de logements sociaux et augmenter la capacite\u0301 de production nationale pour faire face aux besoins des populations. Le principal de\u0301fi dans ce processus est de pouvoir assurer une organisation optimale du secteur prive\u0301 pour satisfaire les exigences de qualite\u0301 et le volume de la demande.<\/p>\n<p>Ainsi, s&rsquo;est tenue re\u0301cemment la ce\u0301re\u0301monie marquant le de\u0301but des travaux sur le site de Be\u0301nie\u0301ri par CETAM et SODAF. Les avantages du projet de terrains a\u0300 bas couts ; faire des modifications a\u0300 la base et optimiser son budget de construction. Des travaux conjoints, RIA ge\u0301rant l&rsquo;aspect standing et SODAF pour des maisons a\u0300 des couts abordables pour des me\u0301nages a\u0300 faible revenu.<\/p>\n<p>Pour relever ce de\u0301fi, les acteurs prennent des dispositions a\u0300 la fois sur le plan re\u0301glementaire et au niveau ope\u0301rationnel. Sur le plan re\u0301glementaire, plusieurs textes ont e\u0301te\u0301 pris pour de\u0301finir les conditions favorables au de\u0301veloppement du secteur de l\u2019habitat et en particulier dans la construction de logements sociaux et e\u0301conomiques.<\/p>\n<p>Notons qu&rsquo;au terme de la crise post-e\u0301lectorale en 2011, le Gouvernement a entrepris de mettre en place une strate\u0301gie visant a\u0300 construire 60 000 logements de 2011 a\u0300 2015. Suite a\u0300 l\u2019adoption de cette strate\u0301gie en novembre 2012, les e\u0301tudes mene\u0301es ont permis de re\u0301e\u0301valuer le de\u0301ficit en logements et de de\u0301finir de nouveaux objectifs. Ainsi, en 2015, il a e\u0301te\u0301 arre\u0302te\u0301 comme objectif, de construire 150 000 logements a\u0300 l\u2019horizon 2020 pour re\u0301pondre au de\u0301ficit en logements de l\u2019ordre de 400 000 unite\u0301s en Co\u0302te d\u2019Ivoire.<\/p>\n<p><strong>Pour plus d&rsquo;informations et d&rsquo;analyses sur la <a href=\"https:\/\/www.africa-press.net\/cotedivoire\">C\u00f4te d&rsquo;Ivoire<\/a>, suivez <a href=\"https:\/\/www.africa-press.net\/\">Africa-Press<\/a><\/strong><\/p>\n","protected":false},"excerpt":{"rendered":"<p>Africa-Press &#8211; C\u00f4te d&rsquo;Ivoire. Dans le souci de re\u0301pondre aux besoins croissants de loger les populations ivoiriennes de toutes les classes sociales, le gouvernement adopte une politique efficace. Une politique qui consiste a\u0300 ame\u0301nager des terrains e\u0301quipe\u0301s a\u0300 bas couts. Et pour sa mise en \u0153uvre, le gouvernement sollicite l&rsquo;expertise de 2 champions nationaux ; [&hellip;]<\/p>\n","protected":false},"author":82,"featured_media":56933,"comment_status":"open","ping_status":"closed","sticky":false,"template":"","format":"standard","meta":{"footnotes":""},"categories":[3,10],"tags":[56,63,1384,29,762,5721,5835],"class_list":["post-56934","post","type-post","status-publish","format-standard","has-post-thumbnail","hentry","category-economie","category-toutes-les-actualites","tag-africa-press","tag-africa-press-cote-divoire","tag-champions","tag-cote-divoire","tag-gouvernement","tag-logements-sociaux","tag-nationaux"],"yoast_head":"<!-- This site is optimized with the Yoast SEO Premium plugin v26.1 (Yoast SEO v27.0) - https:\/\/yoast.com\/product\/yoast-seo-premium-wordpress\/ -->\n<title>Logements sociaux, le minist\u00e8re de la Construction cible deux champions nationaux pour le lancement du projet de terrains \u00e0 bas couts - C\u00f4te d&#039;Ivoire<\/title>\n<meta name=\"description\" content=\"Dans le souci de re\u0301pondre aux besoins croissants de loger les populations ivoiriennes de toutes les classes sociales, l ...\" \/>\n<meta name=\"robots\" content=\"index, follow, max-snippet:-1, max-image-preview:large, max-video-preview:-1\" \/>\n<link rel=\"canonical\" href=\"https:\/\/www.africa-press.net\/cotedivoire\/economie\/logements-sociaux-le-ministere-de-la-construction-cible-deux-champions-nationaux-pour-le-lancement-du-projet-de-terrains-a-bas-couts\" \/>\n<meta property=\"og:locale\" content=\"fr_FR\" \/>\n<meta property=\"og:type\" content=\"article\" \/>\n<meta property=\"og:title\" content=\"Logements sociaux, le minist\u00e8re de la Construction cible deux champions nationaux pour le lancement du projet de terrains \u00e0 bas couts\" \/>\n<meta property=\"og:description\" content=\"Dans le souci de re\u0301pondre aux besoins croissants de loger les populations ivoiriennes de toutes les classes sociales, l ...\" \/>\n<meta property=\"og:url\" content=\"https:\/\/www.africa-press.net\/cotedivoire\/economie\/logements-sociaux-le-ministere-de-la-construction-cible-deux-champions-nationaux-pour-le-lancement-du-projet-de-terrains-a-bas-couts\" \/>\n<meta property=\"og:site_name\" content=\"C\u00f4te d&#039;Ivoire\" \/>\n<meta property=\"article:published_time\" content=\"2023-04-23T18:45:46+00:00\" \/>\n<meta property=\"article:modified_time\" content=\"2023-04-23T19:20:53+00:00\" \/>\n<meta property=\"og:image\" content=\"https:\/\/static.africa-press.net\/cote\/sites\/43\/2023\/04\/postQueueImg_1682259359.36.jpg\" \/>\n\t<meta property=\"og:image:width\" content=\"1280\" \/>\n\t<meta property=\"og:image:height\" content=\"720\" \/>\n\t<meta property=\"og:image:type\" content=\"image\/jpeg\" \/>\n<meta name=\"author\" content=\"cfeditorfr\" \/>\n<meta name=\"twitter:card\" content=\"summary_large_image\" \/>\n<meta name=\"twitter:label1\" content=\"\u00c9crit par\" \/>\n\t<meta name=\"twitter:data1\" content=\"cfeditorfr\" \/>\n\t<meta name=\"twitter:label2\" content=\"Dur\u00e9e de lecture estim\u00e9e\" \/>\n\t<meta name=\"twitter:data2\" content=\"2 minutes\" \/>\n<script type=\"application\/ld+json\" class=\"yoast-schema-graph\">{\"@context\":\"https:\/\/schema.org\",\"@graph\":[{\"@type\":\"Article\",\"@id\":\"https:\/\/www.africa-press.net\/cotedivoire\/economie\/logements-sociaux-le-ministere-de-la-construction-cible-deux-champions-nationaux-pour-le-lancement-du-projet-de-terrains-a-bas-couts#article\",\"isPartOf\":{\"@id\":\"https:\/\/www.africa-press.net\/cotedivoire\/economie\/logements-sociaux-le-ministere-de-la-construction-cible-deux-champions-nationaux-pour-le-lancement-du-projet-de-terrains-a-bas-couts\"},\"author\":{\"name\":\"cfeditorfr\",\"@id\":\"https:\/\/www.africa-press.net\/cotedivoire\/#\/schema\/person\/2b1cf3cd81a31e3cd26889ca66d677f1\"},\"headline\":\"Logements sociaux, le minist\u00e8re de la Construction cible deux champions nationaux pour le lancement du projet de terrains \u00e0 bas couts\",\"datePublished\":\"2023-04-23T18:45:46+00:00\",\"dateModified\":\"2023-04-23T19:20:53+00:00\",\"mainEntityOfPage\":{\"@id\":\"https:\/\/www.africa-press.net\/cotedivoire\/economie\/logements-sociaux-le-ministere-de-la-construction-cible-deux-champions-nationaux-pour-le-lancement-du-projet-de-terrains-a-bas-couts\"},\"wordCount\":381,\"commentCount\":0,\"image\":{\"@id\":\"https:\/\/www.africa-press.net\/cotedivoire\/economie\/logements-sociaux-le-ministere-de-la-construction-cible-deux-champions-nationaux-pour-le-lancement-du-projet-de-terrains-a-bas-couts#primaryimage\"},\"thumbnailUrl\":\"https:\/\/static.africa-press.net\/cote\/sites\/43\/2023\/04\/postQueueImg_1682259359.36.jpg\",\"keywords\":[\"Africa Press\",\"Africa Press-C\u00f4te d'Ivoire\",\"champions\",\"C\u00d4TE D'IVOIRE\",\"Gouvernement\",\"logements sociaux\",\"nationaux\"],\"articleSection\":[\"\u00c9conomie\",\"Toutes les actualit\u00e9s\"],\"inLanguage\":\"fr-FR\",\"potentialAction\":[{\"@type\":\"CommentAction\",\"name\":\"Comment\",\"target\":[\"https:\/\/www.africa-press.net\/cotedivoire\/economie\/logements-sociaux-le-ministere-de-la-construction-cible-deux-champions-nationaux-pour-le-lancement-du-projet-de-terrains-a-bas-couts#respond\"]}]},{\"@type\":\"WebPage\",\"@id\":\"https:\/\/www.africa-press.net\/cotedivoire\/economie\/logements-sociaux-le-ministere-de-la-construction-cible-deux-champions-nationaux-pour-le-lancement-du-projet-de-terrains-a-bas-couts\",\"url\":\"https:\/\/www.africa-press.net\/cotedivoire\/economie\/logements-sociaux-le-ministere-de-la-construction-cible-deux-champions-nationaux-pour-le-lancement-du-projet-de-terrains-a-bas-couts\",\"name\":\"Logements sociaux, le minist\u00e8re de la Construction cible deux champions nationaux pour le lancement du projet de terrains \u00e0 bas couts - C\u00f4te d&#039;Ivoire\",\"isPartOf\":{\"@id\":\"https:\/\/www.africa-press.net\/cotedivoire\/#website\"},\"primaryImageOfPage\":{\"@id\":\"https:\/\/www.africa-press.net\/cotedivoire\/economie\/logements-sociaux-le-ministere-de-la-construction-cible-deux-champions-nationaux-pour-le-lancement-du-projet-de-terrains-a-bas-couts#primaryimage\"},\"image\":{\"@id\":\"https:\/\/www.africa-press.net\/cotedivoire\/economie\/logements-sociaux-le-ministere-de-la-construction-cible-deux-champions-nationaux-pour-le-lancement-du-projet-de-terrains-a-bas-couts#primaryimage\"},\"thumbnailUrl\":\"https:\/\/static.africa-press.net\/cote\/sites\/43\/2023\/04\/postQueueImg_1682259359.36.jpg\",\"datePublished\":\"2023-04-23T18:45:46+00:00\",\"dateModified\":\"2023-04-23T19:20:53+00:00\",\"author\":{\"@id\":\"https:\/\/www.africa-press.net\/cotedivoire\/#\/schema\/person\/2b1cf3cd81a31e3cd26889ca66d677f1\"},\"description\":\"Dans le souci de re\u0301pondre aux besoins croissants de loger les populations ivoiriennes de toutes les classes sociales, l ...\",\"breadcrumb\":{\"@id\":\"https:\/\/www.africa-press.net\/cotedivoire\/economie\/logements-sociaux-le-ministere-de-la-construction-cible-deux-champions-nationaux-pour-le-lancement-du-projet-de-terrains-a-bas-couts#breadcrumb\"},\"inLanguage\":\"fr-FR\",\"potentialAction\":[{\"@type\":\"ReadAction\",\"target\":[\"https:\/\/www.africa-press.net\/cotedivoire\/economie\/logements-sociaux-le-ministere-de-la-construction-cible-deux-champions-nationaux-pour-le-lancement-du-projet-de-terrains-a-bas-couts\"]}]},{\"@type\":\"ImageObject\",\"inLanguage\":\"fr-FR\",\"@id\":\"https:\/\/www.africa-press.net\/cotedivoire\/economie\/logements-sociaux-le-ministere-de-la-construction-cible-deux-champions-nationaux-pour-le-lancement-du-projet-de-terrains-a-bas-couts#primaryimage\",\"url\":\"https:\/\/static.africa-press.net\/cote\/sites\/43\/2023\/04\/postQueueImg_1682259359.36.jpg\",\"contentUrl\":\"https:\/\/static.africa-press.net\/cote\/sites\/43\/2023\/04\/postQueueImg_1682259359.36.jpg\",\"width\":1280,\"height\":720,\"caption\":\"Logements sociaux, le minist\u00e8re de la Construction cible deux champions nationaux pour le lancement du projet de terrains \u00e0 bas couts\"},{\"@type\":\"BreadcrumbList\",\"@id\":\"https:\/\/www.africa-press.net\/cotedivoire\/economie\/logements-sociaux-le-ministere-de-la-construction-cible-deux-champions-nationaux-pour-le-lancement-du-projet-de-terrains-a-bas-couts#breadcrumb\",\"itemListElement\":[{\"@type\":\"ListItem\",\"position\":1,\"name\":\"Accueil\",\"item\":\"https:\/\/www.africa-press.net\/cotedivoire\/\"},{\"@type\":\"ListItem\",\"position\":2,\"name\":\"Logements sociaux, le minist\u00e8re de la Construction cible deux champions nationaux pour le lancement du projet de terrains \u00e0 bas couts\"}]},{\"@type\":\"WebSite\",\"@id\":\"https:\/\/www.africa-press.net\/cotedivoire\/#website\",\"url\":\"https:\/\/www.africa-press.net\/cotedivoire\/\",\"name\":\"C\u00f4te d&#039;Ivoire\",\"description\":\"Just another Africa News Agency Sites site\",\"potentialAction\":[{\"@type\":\"SearchAction\",\"target\":{\"@type\":\"EntryPoint\",\"urlTemplate\":\"https:\/\/www.africa-press.net\/cotedivoire\/?s={search_term_string}\"},\"query-input\":{\"@type\":\"PropertyValueSpecification\",\"valueRequired\":true,\"valueName\":\"search_term_string\"}}],\"inLanguage\":\"fr-FR\"},{\"@type\":\"Person\",\"@id\":\"https:\/\/www.africa-press.net\/cotedivoire\/#\/schema\/person\/2b1cf3cd81a31e3cd26889ca66d677f1\",\"name\":\"cfeditorfr\"}]}<\/script>\n<!-- \/ Yoast SEO Premium plugin. -->","yoast_head_json":{"title":"Logements sociaux, le minist\u00e8re de la Construction cible deux champions nationaux pour le lancement du projet de terrains \u00e0 bas couts - C\u00f4te d&#039;Ivoire","description":"Dans le souci de re\u0301pondre aux besoins croissants de loger les populations ivoiriennes de toutes les classes sociales, l ...","robots":{"index":"index","follow":"follow","max-snippet":"max-snippet:-1","max-image-preview":"max-image-preview:large","max-video-preview":"max-video-preview:-1"},"canonical":"https:\/\/www.africa-press.net\/cotedivoire\/economie\/logements-sociaux-le-ministere-de-la-construction-cible-deux-champions-nationaux-pour-le-lancement-du-projet-de-terrains-a-bas-couts","og_locale":"fr_FR","og_type":"article","og_title":"Logements sociaux, le minist\u00e8re de la Construction cible deux champions nationaux pour le lancement du projet de terrains \u00e0 bas couts","og_description":"Dans le souci de re\u0301pondre aux besoins croissants de loger les populations ivoiriennes de toutes les classes sociales, l ...","og_url":"https:\/\/www.africa-press.net\/cotedivoire\/economie\/logements-sociaux-le-ministere-de-la-construction-cible-deux-champions-nationaux-pour-le-lancement-du-projet-de-terrains-a-bas-couts","og_site_name":"C\u00f4te d&#039;Ivoire","article_published_time":"2023-04-23T18:45:46+00:00","article_modified_time":"2023-04-23T19:20:53+00:00","og_image":[{"width":1280,"height":720,"url":"https:\/\/static.africa-press.net\/cote\/sites\/43\/2023\/04\/postQueueImg_1682259359.36.jpg","type":"image\/jpeg"}],"author":"cfeditorfr","twitter_card":"summary_large_image","twitter_misc":{"\u00c9crit par":"cfeditorfr","Dur\u00e9e de lecture estim\u00e9e":"2 minutes"},"schema":{"@context":"https:\/\/schema.org","@graph":[{"@type":"Article","@id":"https:\/\/www.africa-press.net\/cotedivoire\/economie\/logements-sociaux-le-ministere-de-la-construction-cible-deux-champions-nationaux-pour-le-lancement-du-projet-de-terrains-a-bas-couts#article","isPartOf":{"@id":"https:\/\/www.africa-press.net\/cotedivoire\/economie\/logements-sociaux-le-ministere-de-la-construction-cible-deux-champions-nationaux-pour-le-lancement-du-projet-de-terrains-a-bas-couts"},"author":{"name":"cfeditorfr","@id":"https:\/\/www.africa-press.net\/cotedivoire\/#\/schema\/person\/2b1cf3cd81a31e3cd26889ca66d677f1"},"headline":"Logements sociaux, le minist\u00e8re de la Construction cible deux champions nationaux pour le lancement du projet de terrains \u00e0 bas couts","datePublished":"2023-04-23T18:45:46+00:00","dateModified":"2023-04-23T19:20:53+00:00","mainEntityOfPage":{"@id":"https:\/\/www.africa-press.net\/cotedivoire\/economie\/logements-sociaux-le-ministere-de-la-construction-cible-deux-champions-nationaux-pour-le-lancement-du-projet-de-terrains-a-bas-couts"},"wordCount":381,"commentCount":0,"image":{"@id":"https:\/\/www.africa-press.net\/cotedivoire\/economie\/logements-sociaux-le-ministere-de-la-construction-cible-deux-champions-nationaux-pour-le-lancement-du-projet-de-terrains-a-bas-couts#primaryimage"},"thumbnailUrl":"https:\/\/static.africa-press.net\/cote\/sites\/43\/2023\/04\/postQueueImg_1682259359.36.jpg","keywords":["Africa Press","Africa Press-C\u00f4te d'Ivoire","champions","C\u00d4TE D'IVOIRE","Gouvernement","logements sociaux","nationaux"],"articleSection":["\u00c9conomie","Toutes les actualit\u00e9s"],"inLanguage":"fr-FR","potentialAction":[{"@type":"CommentAction","name":"Comment","target":["https:\/\/www.africa-press.net\/cotedivoire\/economie\/logements-sociaux-le-ministere-de-la-construction-cible-deux-champions-nationaux-pour-le-lancement-du-projet-de-terrains-a-bas-couts#respond"]}]},{"@type":"WebPage","@id":"https:\/\/www.africa-press.net\/cotedivoire\/economie\/logements-sociaux-le-ministere-de-la-construction-cible-deux-champions-nationaux-pour-le-lancement-du-projet-de-terrains-a-bas-couts","url":"https:\/\/www.africa-press.net\/cotedivoire\/economie\/logements-sociaux-le-ministere-de-la-construction-cible-deux-champions-nationaux-pour-le-lancement-du-projet-de-terrains-a-bas-couts","name":"Logements sociaux, le minist\u00e8re de la Construction cible deux champions nationaux pour le lancement du projet de terrains \u00e0 bas couts - C\u00f4te d&#039;Ivoire","isPartOf":{"@id":"https:\/\/www.africa-press.net\/cotedivoire\/#website"},"primaryImageOfPage":{"@id":"https:\/\/www.africa-press.net\/cotedivoire\/economie\/logements-sociaux-le-ministere-de-la-construction-cible-deux-champions-nationaux-pour-le-lancement-du-projet-de-terrains-a-bas-couts#primaryimage"},"image":{"@id":"https:\/\/www.africa-press.net\/cotedivoire\/economie\/logements-sociaux-le-ministere-de-la-construction-cible-deux-champions-nationaux-pour-le-lancement-du-projet-de-terrains-a-bas-couts#primaryimage"},"thumbnailUrl":"https:\/\/static.africa-press.net\/cote\/sites\/43\/2023\/04\/postQueueImg_1682259359.36.jpg","datePublished":"2023-04-23T18:45:46+00:00","dateModified":"2023-04-23T19:20:53+00:00","author":{"@id":"https:\/\/www.africa-press.net\/cotedivoire\/#\/schema\/person\/2b1cf3cd81a31e3cd26889ca66d677f1"},"description":"Dans le souci de re\u0301pondre aux besoins croissants de loger les populations ivoiriennes de toutes les classes sociales, l ...","breadcrumb":{"@id":"https:\/\/www.africa-press.net\/cotedivoire\/economie\/logements-sociaux-le-ministere-de-la-construction-cible-deux-champions-nationaux-pour-le-lancement-du-projet-de-terrains-a-bas-couts#breadcrumb"},"inLanguage":"fr-FR","potentialAction":[{"@type":"ReadAction","target":["https:\/\/www.africa-press.net\/cotedivoire\/economie\/logements-sociaux-le-ministere-de-la-construction-cible-deux-champions-nationaux-pour-le-lancement-du-projet-de-terrains-a-bas-couts"]}]},{"@type":"ImageObject","inLanguage":"fr-FR","@id":"https:\/\/www.africa-press.net\/cotedivoire\/economie\/logements-sociaux-le-ministere-de-la-construction-cible-deux-champions-nationaux-pour-le-lancement-du-projet-de-terrains-a-bas-couts#primaryimage","url":"https:\/\/static.africa-press.net\/cote\/sites\/43\/2023\/04\/postQueueImg_1682259359.36.jpg","contentUrl":"https:\/\/static.africa-press.net\/cote\/sites\/43\/2023\/04\/postQueueImg_1682259359.36.jpg","width":1280,"height":720,"caption":"Logements sociaux, le minist\u00e8re de la Construction cible deux champions nationaux pour le lancement du projet de terrains \u00e0 bas couts"},{"@type":"BreadcrumbList","@id":"https:\/\/www.africa-press.net\/cotedivoire\/economie\/logements-sociaux-le-ministere-de-la-construction-cible-deux-champions-nationaux-pour-le-lancement-du-projet-de-terrains-a-bas-couts#breadcrumb","itemListElement":[{"@type":"ListItem","position":1,"name":"Accueil","item":"https:\/\/www.africa-press.net\/cotedivoire\/"},{"@type":"ListItem","position":2,"name":"Logements sociaux, le minist\u00e8re de la Construction cible deux champions nationaux pour le lancement du projet de terrains \u00e0 bas couts"}]},{"@type":"WebSite","@id":"https:\/\/www.africa-press.net\/cotedivoire\/#website","url":"https:\/\/www.africa-press.net\/cotedivoire\/","name":"C\u00f4te d&#039;Ivoire","description":"Just another Africa News Agency Sites site","potentialAction":[{"@type":"SearchAction","target":{"@type":"EntryPoint","urlTemplate":"https:\/\/www.africa-press.net\/cotedivoire\/?s={search_term_string}"},"query-input":{"@type":"PropertyValueSpecification","valueRequired":true,"valueName":"search_term_string"}}],"inLanguage":"fr-FR"},{"@type":"Person","@id":"https:\/\/www.africa-press.net\/cotedivoire\/#\/schema\/person\/2b1cf3cd81a31e3cd26889ca66d677f1","name":"cfeditorfr"}]}},"_links":{"self":[{"href":"https:\/\/www.africa-press.net\/cotedivoire\/wp-json\/wp\/v2\/posts\/56934","targetHints":{"allow":["GET"]}}],"collection":[{"href":"https:\/\/www.africa-press.net\/cotedivoire\/wp-json\/wp\/v2\/posts"}],"about":[{"href":"https:\/\/www.africa-press.net\/cotedivoire\/wp-json\/wp\/v2\/types\/post"}],"author":[{"embeddable":true,"href":"https:\/\/www.africa-press.net\/cotedivoire\/wp-json\/wp\/v2\/users\/82"}],"replies":[{"embeddable":true,"href":"https:\/\/www.africa-press.net\/cotedivoire\/wp-json\/wp\/v2\/comments?post=56934"}],"version-history":[{"count":0,"href":"https:\/\/www.africa-press.net\/cotedivoire\/wp-json\/wp\/v2\/posts\/56934\/revisions"}],"wp:featuredmedia":[{"embeddable":true,"href":"https:\/\/www.africa-press.net\/cotedivoire\/wp-json\/wp\/v2\/media\/56933"}],"wp:attachment":[{"href":"https:\/\/www.africa-press.net\/cotedivoire\/wp-json\/wp\/v2\/media?parent=56934"}],"wp:term":[{"taxonomy":"category","embeddable":true,"href":"https:\/\/www.africa-press.net\/cotedivoire\/wp-json\/wp\/v2\/categories?post=56934"},{"taxonomy":"post_tag","embeddable":true,"href":"https:\/\/www.africa-press.net\/cotedivoire\/wp-json\/wp\/v2\/tags?post=56934"}],"curies":[{"name":"wp","href":"https:\/\/api.w.org\/{rel}","templated":true}]}}