{"id":57029,"date":"2023-04-25T18:41:21","date_gmt":"2023-04-25T18:41:21","guid":{"rendered":"https:\/\/www.africa-press.net\/cotedivoire\/politique\/en-raison-du-discours-du-chef-de-letat-devant-les-deputes-et-senateurs-la-fesci-reporte-sa-greve-illimitee-au-02-mai"},"modified":"2023-04-25T20:05:26","modified_gmt":"2023-04-25T20:05:26","slug":"en-raison-du-discours-du-chef-de-letat-devant-les-deputes-et-senateurs-la-fesci-reporte-sa-greve-illimitee-au-02-mai","status":"publish","type":"post","link":"https:\/\/www.africa-press.net\/cotedivoire\/politique\/en-raison-du-discours-du-chef-de-letat-devant-les-deputes-et-senateurs-la-fesci-reporte-sa-greve-illimitee-au-02-mai","title":{"rendered":"En raison du discours du chef de l&rsquo;Etat devant les d\u00e9put\u00e9s et S\u00e9nateurs, la FESCI reporte sa gr\u00e8ve illimit\u00e9e au 02 mai"},"content":{"rendered":"<p><span style=\"color: #ff6600\"><strong>Africa-Press &#8211; C\u00f4te d&rsquo;Ivoire. <\/strong><\/span>La Fe\u0301de\u0301ration Estudiantine et Scolaire de Co\u0302te d\u2019Ivoire (FESCI) qui avait annonce\u0301 une gre\u0300ve nationale illimite\u0301e a\u0300 compter de ce mardi 25 avril 2023 est reporte\u0301e au mardi 02 mai 2023.<\/p>\n<p>Nous apprenons aupre\u0300s d\u2019un communique\u0301 de la FESCI que la gre\u0300ve est reporte\u0301e en raison du discours sur l\u2019Etat de la Nation du pre\u0301sident de la Re\u0301publique, Alassane Ouattara devant les deux chambres du parlement re\u0301uni en congre\u0300s ce jour.<\/p>\n<p>Le syndicat estudiantin rappelle que le discours du pre\u0301sident de la Re\u0301publique sur l\u2019e\u0301tat de la nation est un exercice re\u0301publicain d\u2019une extre\u0302me importance, requiert de toutes les composantes de la nation une attention particulie\u0300re.<\/p>\n<p>La FESCI re\u0301affirme cependant sa ferme volonte\u0301 et son engagement sans faille a\u0300 mener les actions ne\u0301cessaires pour la satisfaction totale de ses revendications dans l\u2019inte\u0301re\u0302t des e\u0301le\u0300ves et e\u0301tudiants ivoiriens. Elle appelle donc ces derniers a\u0300 rester mobilise\u0301s.<\/p>\n<p><strong>Pour plus d&rsquo;informations et d&rsquo;analyses sur la <a href=\"https:\/\/www.africa-press.net\/cotedivoire\">C\u00f4te d&rsquo;Ivoire<\/a>, suivez <a href=\"https:\/\/www.africa-press.net\/\">Africa-Press<\/a><\/strong><\/p>\n","protected":false},"excerpt":{"rendered":"<p>Africa-Press &#8211; C\u00f4te d&rsquo;Ivoire. La Fe\u0301de\u0301ration Estudiantine et Scolaire de Co\u0302te d\u2019Ivoire (FESCI) qui avait annonce\u0301 une gre\u0300ve nationale illimite\u0301e a\u0300 compter de ce mardi 25 avril 2023 est reporte\u0301e au mardi 02 mai 2023. Nous apprenons aupre\u0300s d\u2019un communique\u0301 de la FESCI que la gre\u0300ve est reporte\u0301e en raison du discours sur l\u2019Etat de [&hellip;]<\/p>\n","protected":false},"author":82,"featured_media":57028,"comment_status":"open","ping_status":"closed","sticky":false,"template":"","format":"standard","meta":{"footnotes":""},"categories":[2,10],"tags":[56,63,38,29,1738,5631,1015,554,6244],"class_list":["post-57029","post","type-post","status-publish","format-standard","has-post-thumbnail","hentry","category-politique","category-toutes-les-actualites","tag-africa-press","tag-africa-press-cote-divoire","tag-alassane-ouattara","tag-cote-divoire","tag-deputes","tag-discours","tag-fesci","tag-greve","tag-senateurs"],"yoast_head":"<!-- This site is optimized with the Yoast SEO Premium plugin v26.1 (Yoast SEO v27.0) - https:\/\/yoast.com\/product\/yoast-seo-premium-wordpress\/ -->\n<title>En raison du discours du chef de l&#039;Etat devant les d\u00e9put\u00e9s et S\u00e9nateurs, la FESCI reporte sa gr\u00e8ve illimit\u00e9e au 02 mai - C\u00f4te d&#039;Ivoire<\/title>\n<meta name=\"description\" content=\"La Fe\u0301de\u0301ration Estudiantine et Scolaire de Co\u0302te d\u2019Ivoire (FESCI) qui avait annonce\u0301 une gre\u0300ve nationale illimite\u0301e a\u0300 ...\" \/>\n<meta name=\"robots\" content=\"index, follow, max-snippet:-1, max-image-preview:large, max-video-preview:-1\" \/>\n<link rel=\"canonical\" href=\"https:\/\/www.africa-press.net\/cotedivoire\/politique\/en-raison-du-discours-du-chef-de-letat-devant-les-deputes-et-senateurs-la-fesci-reporte-sa-greve-illimitee-au-02-mai\" \/>\n<meta property=\"og:locale\" content=\"fr_FR\" \/>\n<meta property=\"og:type\" content=\"article\" \/>\n<meta property=\"og:title\" content=\"En raison du discours du chef de l&#039;Etat devant les d\u00e9put\u00e9s et S\u00e9nateurs, la FESCI reporte sa gr\u00e8ve illimit\u00e9e au 02 mai\" \/>\n<meta property=\"og:description\" content=\"La Fe\u0301de\u0301ration Estudiantine et Scolaire de Co\u0302te d\u2019Ivoire (FESCI) qui avait annonce\u0301 une gre\u0300ve nationale illimite\u0301e a\u0300 ...\" \/>\n<meta property=\"og:url\" content=\"https:\/\/www.africa-press.net\/cotedivoire\/politique\/en-raison-du-discours-du-chef-de-letat-devant-les-deputes-et-senateurs-la-fesci-reporte-sa-greve-illimitee-au-02-mai\" \/>\n<meta property=\"og:site_name\" content=\"C\u00f4te d&#039;Ivoire\" \/>\n<meta property=\"article:published_time\" content=\"2023-04-25T18:41:21+00:00\" \/>\n<meta property=\"article:modified_time\" content=\"2023-04-25T20:05:26+00:00\" \/>\n<meta property=\"og:image\" content=\"https:\/\/static.africa-press.net\/cote\/sites\/43\/2023\/04\/postQueueImg_1682436683.76.jpg\" \/>\n\t<meta property=\"og:image:width\" content=\"720\" \/>\n\t<meta property=\"og:image:height\" content=\"540\" \/>\n\t<meta property=\"og:image:type\" content=\"image\/jpeg\" \/>\n<meta name=\"author\" content=\"cfeditorfr\" \/>\n<meta name=\"twitter:card\" content=\"summary_large_image\" \/>\n<meta name=\"twitter:label1\" content=\"\u00c9crit par\" \/>\n\t<meta name=\"twitter:data1\" content=\"cfeditorfr\" \/>\n\t<meta name=\"twitter:label2\" content=\"Dur\u00e9e de lecture estim\u00e9e\" \/>\n\t<meta name=\"twitter:data2\" content=\"1 minute\" \/>\n<script type=\"application\/ld+json\" class=\"yoast-schema-graph\">{\"@context\":\"https:\/\/schema.org\",\"@graph\":[{\"@type\":\"Article\",\"@id\":\"https:\/\/www.africa-press.net\/cotedivoire\/politique\/en-raison-du-discours-du-chef-de-letat-devant-les-deputes-et-senateurs-la-fesci-reporte-sa-greve-illimitee-au-02-mai#article\",\"isPartOf\":{\"@id\":\"https:\/\/www.africa-press.net\/cotedivoire\/politique\/en-raison-du-discours-du-chef-de-letat-devant-les-deputes-et-senateurs-la-fesci-reporte-sa-greve-illimitee-au-02-mai\"},\"author\":{\"name\":\"cfeditorfr\",\"@id\":\"https:\/\/www.africa-press.net\/cotedivoire\/#\/schema\/person\/2b1cf3cd81a31e3cd26889ca66d677f1\"},\"headline\":\"En raison du discours du chef de l&rsquo;Etat devant les d\u00e9put\u00e9s et S\u00e9nateurs, la FESCI reporte sa gr\u00e8ve illimit\u00e9e au 02 mai\",\"datePublished\":\"2023-04-25T18:41:21+00:00\",\"dateModified\":\"2023-04-25T20:05:26+00:00\",\"mainEntityOfPage\":{\"@id\":\"https:\/\/www.africa-press.net\/cotedivoire\/politique\/en-raison-du-discours-du-chef-de-letat-devant-les-deputes-et-senateurs-la-fesci-reporte-sa-greve-illimitee-au-02-mai\"},\"wordCount\":222,\"commentCount\":0,\"image\":{\"@id\":\"https:\/\/www.africa-press.net\/cotedivoire\/politique\/en-raison-du-discours-du-chef-de-letat-devant-les-deputes-et-senateurs-la-fesci-reporte-sa-greve-illimitee-au-02-mai#primaryimage\"},\"thumbnailUrl\":\"https:\/\/static.africa-press.net\/cote\/sites\/43\/2023\/04\/postQueueImg_1682436683.76.jpg\",\"keywords\":[\"Africa Press\",\"Africa Press-C\u00f4te d'Ivoire\",\"Alassane Ouattara\",\"C\u00d4TE D'IVOIRE\",\"d\u00e9put\u00e9s\",\"Discours\",\"Fesci\",\"gr\u00e8ve\",\"S\u00e9nateurs\"],\"articleSection\":[\"Politique\",\"Toutes les actualit\u00e9s\"],\"inLanguage\":\"fr-FR\",\"potentialAction\":[{\"@type\":\"CommentAction\",\"name\":\"Comment\",\"target\":[\"https:\/\/www.africa-press.net\/cotedivoire\/politique\/en-raison-du-discours-du-chef-de-letat-devant-les-deputes-et-senateurs-la-fesci-reporte-sa-greve-illimitee-au-02-mai#respond\"]}]},{\"@type\":\"WebPage\",\"@id\":\"https:\/\/www.africa-press.net\/cotedivoire\/politique\/en-raison-du-discours-du-chef-de-letat-devant-les-deputes-et-senateurs-la-fesci-reporte-sa-greve-illimitee-au-02-mai\",\"url\":\"https:\/\/www.africa-press.net\/cotedivoire\/politique\/en-raison-du-discours-du-chef-de-letat-devant-les-deputes-et-senateurs-la-fesci-reporte-sa-greve-illimitee-au-02-mai\",\"name\":\"En raison du discours du chef de l'Etat devant les d\u00e9put\u00e9s et S\u00e9nateurs, la FESCI reporte sa gr\u00e8ve illimit\u00e9e au 02 mai - C\u00f4te d&#039;Ivoire\",\"isPartOf\":{\"@id\":\"https:\/\/www.africa-press.net\/cotedivoire\/#website\"},\"primaryImageOfPage\":{\"@id\":\"https:\/\/www.africa-press.net\/cotedivoire\/politique\/en-raison-du-discours-du-chef-de-letat-devant-les-deputes-et-senateurs-la-fesci-reporte-sa-greve-illimitee-au-02-mai#primaryimage\"},\"image\":{\"@id\":\"https:\/\/www.africa-press.net\/cotedivoire\/politique\/en-raison-du-discours-du-chef-de-letat-devant-les-deputes-et-senateurs-la-fesci-reporte-sa-greve-illimitee-au-02-mai#primaryimage\"},\"thumbnailUrl\":\"https:\/\/static.africa-press.net\/cote\/sites\/43\/2023\/04\/postQueueImg_1682436683.76.jpg\",\"datePublished\":\"2023-04-25T18:41:21+00:00\",\"dateModified\":\"2023-04-25T20:05:26+00:00\",\"author\":{\"@id\":\"https:\/\/www.africa-press.net\/cotedivoire\/#\/schema\/person\/2b1cf3cd81a31e3cd26889ca66d677f1\"},\"description\":\"La Fe\u0301de\u0301ration Estudiantine et Scolaire de Co\u0302te d\u2019Ivoire (FESCI) qui avait annonce\u0301 une gre\u0300ve nationale illimite\u0301e a\u0300 ...\",\"breadcrumb\":{\"@id\":\"https:\/\/www.africa-press.net\/cotedivoire\/politique\/en-raison-du-discours-du-chef-de-letat-devant-les-deputes-et-senateurs-la-fesci-reporte-sa-greve-illimitee-au-02-mai#breadcrumb\"},\"inLanguage\":\"fr-FR\",\"potentialAction\":[{\"@type\":\"ReadAction\",\"target\":[\"https:\/\/www.africa-press.net\/cotedivoire\/politique\/en-raison-du-discours-du-chef-de-letat-devant-les-deputes-et-senateurs-la-fesci-reporte-sa-greve-illimitee-au-02-mai\"]}]},{\"@type\":\"ImageObject\",\"inLanguage\":\"fr-FR\",\"@id\":\"https:\/\/www.africa-press.net\/cotedivoire\/politique\/en-raison-du-discours-du-chef-de-letat-devant-les-deputes-et-senateurs-la-fesci-reporte-sa-greve-illimitee-au-02-mai#primaryimage\",\"url\":\"https:\/\/static.africa-press.net\/cote\/sites\/43\/2023\/04\/postQueueImg_1682436683.76.jpg\",\"contentUrl\":\"https:\/\/static.africa-press.net\/cote\/sites\/43\/2023\/04\/postQueueImg_1682436683.76.jpg\",\"width\":720,\"height\":540,\"caption\":\"En raison du discours du chef de l'Etat devant les d\u00e9put\u00e9s et S\u00e9nateurs, la FESCI reporte sa gr\u00e8ve illimit\u00e9e au 02 mai\"},{\"@type\":\"BreadcrumbList\",\"@id\":\"https:\/\/www.africa-press.net\/cotedivoire\/politique\/en-raison-du-discours-du-chef-de-letat-devant-les-deputes-et-senateurs-la-fesci-reporte-sa-greve-illimitee-au-02-mai#breadcrumb\",\"itemListElement\":[{\"@type\":\"ListItem\",\"position\":1,\"name\":\"Accueil\",\"item\":\"https:\/\/www.africa-press.net\/cotedivoire\/\"},{\"@type\":\"ListItem\",\"position\":2,\"name\":\"En raison du discours du chef de l&#8217;Etat devant les d\u00e9put\u00e9s et S\u00e9nateurs, la FESCI reporte sa gr\u00e8ve illimit\u00e9e au 02 mai\"}]},{\"@type\":\"WebSite\",\"@id\":\"https:\/\/www.africa-press.net\/cotedivoire\/#website\",\"url\":\"https:\/\/www.africa-press.net\/cotedivoire\/\",\"name\":\"C\u00f4te d&#039;Ivoire\",\"description\":\"Just another Africa News Agency Sites site\",\"potentialAction\":[{\"@type\":\"SearchAction\",\"target\":{\"@type\":\"EntryPoint\",\"urlTemplate\":\"https:\/\/www.africa-press.net\/cotedivoire\/?s={search_term_string}\"},\"query-input\":{\"@type\":\"PropertyValueSpecification\",\"valueRequired\":true,\"valueName\":\"search_term_string\"}}],\"inLanguage\":\"fr-FR\"},{\"@type\":\"Person\",\"@id\":\"https:\/\/www.africa-press.net\/cotedivoire\/#\/schema\/person\/2b1cf3cd81a31e3cd26889ca66d677f1\",\"name\":\"cfeditorfr\"}]}<\/script>\n<!-- \/ Yoast SEO Premium plugin. -->","yoast_head_json":{"title":"En raison du discours du chef de l'Etat devant les d\u00e9put\u00e9s et S\u00e9nateurs, la FESCI reporte sa gr\u00e8ve illimit\u00e9e au 02 mai - C\u00f4te d&#039;Ivoire","description":"La Fe\u0301de\u0301ration Estudiantine et Scolaire de Co\u0302te d\u2019Ivoire (FESCI) qui avait annonce\u0301 une gre\u0300ve nationale illimite\u0301e a\u0300 ...","robots":{"index":"index","follow":"follow","max-snippet":"max-snippet:-1","max-image-preview":"max-image-preview:large","max-video-preview":"max-video-preview:-1"},"canonical":"https:\/\/www.africa-press.net\/cotedivoire\/politique\/en-raison-du-discours-du-chef-de-letat-devant-les-deputes-et-senateurs-la-fesci-reporte-sa-greve-illimitee-au-02-mai","og_locale":"fr_FR","og_type":"article","og_title":"En raison du discours du chef de l'Etat devant les d\u00e9put\u00e9s et S\u00e9nateurs, la FESCI reporte sa gr\u00e8ve illimit\u00e9e au 02 mai","og_description":"La Fe\u0301de\u0301ration Estudiantine et Scolaire de Co\u0302te d\u2019Ivoire (FESCI) qui avait annonce\u0301 une gre\u0300ve nationale illimite\u0301e a\u0300 ...","og_url":"https:\/\/www.africa-press.net\/cotedivoire\/politique\/en-raison-du-discours-du-chef-de-letat-devant-les-deputes-et-senateurs-la-fesci-reporte-sa-greve-illimitee-au-02-mai","og_site_name":"C\u00f4te d&#039;Ivoire","article_published_time":"2023-04-25T18:41:21+00:00","article_modified_time":"2023-04-25T20:05:26+00:00","og_image":[{"width":720,"height":540,"url":"https:\/\/static.africa-press.net\/cote\/sites\/43\/2023\/04\/postQueueImg_1682436683.76.jpg","type":"image\/jpeg"}],"author":"cfeditorfr","twitter_card":"summary_large_image","twitter_misc":{"\u00c9crit par":"cfeditorfr","Dur\u00e9e de lecture estim\u00e9e":"1 minute"},"schema":{"@context":"https:\/\/schema.org","@graph":[{"@type":"Article","@id":"https:\/\/www.africa-press.net\/cotedivoire\/politique\/en-raison-du-discours-du-chef-de-letat-devant-les-deputes-et-senateurs-la-fesci-reporte-sa-greve-illimitee-au-02-mai#article","isPartOf":{"@id":"https:\/\/www.africa-press.net\/cotedivoire\/politique\/en-raison-du-discours-du-chef-de-letat-devant-les-deputes-et-senateurs-la-fesci-reporte-sa-greve-illimitee-au-02-mai"},"author":{"name":"cfeditorfr","@id":"https:\/\/www.africa-press.net\/cotedivoire\/#\/schema\/person\/2b1cf3cd81a31e3cd26889ca66d677f1"},"headline":"En raison du discours du chef de l&rsquo;Etat devant les d\u00e9put\u00e9s et S\u00e9nateurs, la FESCI reporte sa gr\u00e8ve illimit\u00e9e au 02 mai","datePublished":"2023-04-25T18:41:21+00:00","dateModified":"2023-04-25T20:05:26+00:00","mainEntityOfPage":{"@id":"https:\/\/www.africa-press.net\/cotedivoire\/politique\/en-raison-du-discours-du-chef-de-letat-devant-les-deputes-et-senateurs-la-fesci-reporte-sa-greve-illimitee-au-02-mai"},"wordCount":222,"commentCount":0,"image":{"@id":"https:\/\/www.africa-press.net\/cotedivoire\/politique\/en-raison-du-discours-du-chef-de-letat-devant-les-deputes-et-senateurs-la-fesci-reporte-sa-greve-illimitee-au-02-mai#primaryimage"},"thumbnailUrl":"https:\/\/static.africa-press.net\/cote\/sites\/43\/2023\/04\/postQueueImg_1682436683.76.jpg","keywords":["Africa Press","Africa Press-C\u00f4te d'Ivoire","Alassane Ouattara","C\u00d4TE D'IVOIRE","d\u00e9put\u00e9s","Discours","Fesci","gr\u00e8ve","S\u00e9nateurs"],"articleSection":["Politique","Toutes les actualit\u00e9s"],"inLanguage":"fr-FR","potentialAction":[{"@type":"CommentAction","name":"Comment","target":["https:\/\/www.africa-press.net\/cotedivoire\/politique\/en-raison-du-discours-du-chef-de-letat-devant-les-deputes-et-senateurs-la-fesci-reporte-sa-greve-illimitee-au-02-mai#respond"]}]},{"@type":"WebPage","@id":"https:\/\/www.africa-press.net\/cotedivoire\/politique\/en-raison-du-discours-du-chef-de-letat-devant-les-deputes-et-senateurs-la-fesci-reporte-sa-greve-illimitee-au-02-mai","url":"https:\/\/www.africa-press.net\/cotedivoire\/politique\/en-raison-du-discours-du-chef-de-letat-devant-les-deputes-et-senateurs-la-fesci-reporte-sa-greve-illimitee-au-02-mai","name":"En raison du discours du chef de l'Etat devant les d\u00e9put\u00e9s et S\u00e9nateurs, la FESCI reporte sa gr\u00e8ve illimit\u00e9e au 02 mai - C\u00f4te d&#039;Ivoire","isPartOf":{"@id":"https:\/\/www.africa-press.net\/cotedivoire\/#website"},"primaryImageOfPage":{"@id":"https:\/\/www.africa-press.net\/cotedivoire\/politique\/en-raison-du-discours-du-chef-de-letat-devant-les-deputes-et-senateurs-la-fesci-reporte-sa-greve-illimitee-au-02-mai#primaryimage"},"image":{"@id":"https:\/\/www.africa-press.net\/cotedivoire\/politique\/en-raison-du-discours-du-chef-de-letat-devant-les-deputes-et-senateurs-la-fesci-reporte-sa-greve-illimitee-au-02-mai#primaryimage"},"thumbnailUrl":"https:\/\/static.africa-press.net\/cote\/sites\/43\/2023\/04\/postQueueImg_1682436683.76.jpg","datePublished":"2023-04-25T18:41:21+00:00","dateModified":"2023-04-25T20:05:26+00:00","author":{"@id":"https:\/\/www.africa-press.net\/cotedivoire\/#\/schema\/person\/2b1cf3cd81a31e3cd26889ca66d677f1"},"description":"La Fe\u0301de\u0301ration Estudiantine et Scolaire de Co\u0302te d\u2019Ivoire (FESCI) qui avait annonce\u0301 une gre\u0300ve nationale illimite\u0301e a\u0300 ...","breadcrumb":{"@id":"https:\/\/www.africa-press.net\/cotedivoire\/politique\/en-raison-du-discours-du-chef-de-letat-devant-les-deputes-et-senateurs-la-fesci-reporte-sa-greve-illimitee-au-02-mai#breadcrumb"},"inLanguage":"fr-FR","potentialAction":[{"@type":"ReadAction","target":["https:\/\/www.africa-press.net\/cotedivoire\/politique\/en-raison-du-discours-du-chef-de-letat-devant-les-deputes-et-senateurs-la-fesci-reporte-sa-greve-illimitee-au-02-mai"]}]},{"@type":"ImageObject","inLanguage":"fr-FR","@id":"https:\/\/www.africa-press.net\/cotedivoire\/politique\/en-raison-du-discours-du-chef-de-letat-devant-les-deputes-et-senateurs-la-fesci-reporte-sa-greve-illimitee-au-02-mai#primaryimage","url":"https:\/\/static.africa-press.net\/cote\/sites\/43\/2023\/04\/postQueueImg_1682436683.76.jpg","contentUrl":"https:\/\/static.africa-press.net\/cote\/sites\/43\/2023\/04\/postQueueImg_1682436683.76.jpg","width":720,"height":540,"caption":"En raison du discours du chef de l'Etat devant les d\u00e9put\u00e9s et S\u00e9nateurs, la FESCI reporte sa gr\u00e8ve illimit\u00e9e au 02 mai"},{"@type":"BreadcrumbList","@id":"https:\/\/www.africa-press.net\/cotedivoire\/politique\/en-raison-du-discours-du-chef-de-letat-devant-les-deputes-et-senateurs-la-fesci-reporte-sa-greve-illimitee-au-02-mai#breadcrumb","itemListElement":[{"@type":"ListItem","position":1,"name":"Accueil","item":"https:\/\/www.africa-press.net\/cotedivoire\/"},{"@type":"ListItem","position":2,"name":"En raison du discours du chef de l&#8217;Etat devant les d\u00e9put\u00e9s et S\u00e9nateurs, la FESCI reporte sa gr\u00e8ve illimit\u00e9e au 02 mai"}]},{"@type":"WebSite","@id":"https:\/\/www.africa-press.net\/cotedivoire\/#website","url":"https:\/\/www.africa-press.net\/cotedivoire\/","name":"C\u00f4te d&#039;Ivoire","description":"Just another Africa News Agency Sites site","potentialAction":[{"@type":"SearchAction","target":{"@type":"EntryPoint","urlTemplate":"https:\/\/www.africa-press.net\/cotedivoire\/?s={search_term_string}"},"query-input":{"@type":"PropertyValueSpecification","valueRequired":true,"valueName":"search_term_string"}}],"inLanguage":"fr-FR"},{"@type":"Person","@id":"https:\/\/www.africa-press.net\/cotedivoire\/#\/schema\/person\/2b1cf3cd81a31e3cd26889ca66d677f1","name":"cfeditorfr"}]}},"_links":{"self":[{"href":"https:\/\/www.africa-press.net\/cotedivoire\/wp-json\/wp\/v2\/posts\/57029","targetHints":{"allow":["GET"]}}],"collection":[{"href":"https:\/\/www.africa-press.net\/cotedivoire\/wp-json\/wp\/v2\/posts"}],"about":[{"href":"https:\/\/www.africa-press.net\/cotedivoire\/wp-json\/wp\/v2\/types\/post"}],"author":[{"embeddable":true,"href":"https:\/\/www.africa-press.net\/cotedivoire\/wp-json\/wp\/v2\/users\/82"}],"replies":[{"embeddable":true,"href":"https:\/\/www.africa-press.net\/cotedivoire\/wp-json\/wp\/v2\/comments?post=57029"}],"version-history":[{"count":0,"href":"https:\/\/www.africa-press.net\/cotedivoire\/wp-json\/wp\/v2\/posts\/57029\/revisions"}],"wp:featuredmedia":[{"embeddable":true,"href":"https:\/\/www.africa-press.net\/cotedivoire\/wp-json\/wp\/v2\/media\/57028"}],"wp:attachment":[{"href":"https:\/\/www.africa-press.net\/cotedivoire\/wp-json\/wp\/v2\/media?parent=57029"}],"wp:term":[{"taxonomy":"category","embeddable":true,"href":"https:\/\/www.africa-press.net\/cotedivoire\/wp-json\/wp\/v2\/categories?post=57029"},{"taxonomy":"post_tag","embeddable":true,"href":"https:\/\/www.africa-press.net\/cotedivoire\/wp-json\/wp\/v2\/tags?post=57029"}],"curies":[{"name":"wp","href":"https:\/\/api.w.org\/{rel}","templated":true}]}}