{"id":57125,"date":"2023-04-27T16:44:42","date_gmt":"2023-04-27T16:44:42","guid":{"rendered":"https:\/\/www.africa-press.net\/cotedivoire\/politique\/elections-locales-2023-gbagbo-va-presider-une-ceremonie-de-presentation-de-ses-candidats"},"modified":"2023-04-27T18:44:57","modified_gmt":"2023-04-27T18:44:57","slug":"elections-locales-2023-gbagbo-va-presider-une-ceremonie-de-presentation-de-ses-candidats","status":"publish","type":"post","link":"https:\/\/www.africa-press.net\/cotedivoire\/politique\/elections-locales-2023-gbagbo-va-presider-une-ceremonie-de-presentation-de-ses-candidats","title":{"rendered":"Elections locales 2023, Gbagbo va pr\u00e9sider une c\u00e9r\u00e9monie de pr\u00e9sentation de ses candidats"},"content":{"rendered":"<p><span style=\"color: #ff6600\"><strong>Africa-Press &#8211; C\u00f4te d&rsquo;Ivoire. <\/strong><\/span>Le pre\u0301sident du Parti des Peuples Africains-Co\u0302te d\u2019Ivoire (PPA-CI), Laurent Gbagbo accorde une place de choix aux prochaines e\u0301lections locales du 2 septembre 2023, car, pour lui, ces e\u0301che\u0301ances feront le lit de la prochaine e\u0301lection pre\u0301sidentielle de 2025, pour laquelle ses partisans souhaitent qu\u2019il se porte candidat.<\/p>\n<p>Laurent Gbagbo, apre\u0300s avoir mis en place un organe de lutte contre la fraude e\u0301lectorale, pre\u0301side\u0301 par Me Habiba Toure\u0301, va pre\u0301sider le vendredi 05 mai 2023 a\u0300 la Salle Lougah Franc\u0327ois du Palais de la Culture, une ce\u0301re\u0301monie de pre\u0301sentation des candidats du PPA-CI aux e\u0301lections re\u0301gionales et municipales de septembre prochain.<\/p>\n<p>Dans un communique\u0301 dont KOACI a rec\u0327u copie, ce jour, il est mentionne\u0301 que l\u2019ancien pre\u0301sident, pre\u0301sidera une double ce\u0301re\u0301monie de pre\u0301sentation officielle des candidats retenus aux e\u0301lections re\u0301gionales et municipales 2023 et des membres de l&rsquo;Organe de lutte contre les fraudes e\u0301lectorales, le vendredi 05 mai 2023 a\u0300 partir de 14 heures a\u0300 la Salle Lougah Franc\u0327ois du Palais de la Culture d&rsquo;Abidjan-Treichville.<\/p>\n<p>Pour rappel, Laurent Gbagbo de retour de son pe\u0301riple judiciaire a\u0300 la cour pe\u0301nale internationale (CPI), ou\u0300 il a e\u0301te\u0301 de\u0301finitivement acquitte\u0301 par les juges de cette juridiction internationale le 31 mars 2021, a de\u0301cide\u0301 de se doter d\u2019un nouvel instrument politique pour reconque\u0301rir le pouvoir d\u2019Etat, perdu en 2010.<\/p>\n<p><strong>Pour plus d&rsquo;informations et d&rsquo;analyses sur la <a href=\"https:\/\/www.africa-press.net\/cotedivoire\">C\u00f4te d&rsquo;Ivoire<\/a>, suivez <a href=\"https:\/\/www.africa-press.net\/\">Africa-Press<\/a><\/strong><\/p>\n","protected":false},"excerpt":{"rendered":"<p>Africa-Press &#8211; C\u00f4te d&rsquo;Ivoire. Le pre\u0301sident du Parti des Peuples Africains-Co\u0302te d\u2019Ivoire (PPA-CI), Laurent Gbagbo accorde une place de choix aux prochaines e\u0301lections locales du 2 septembre 2023, car, pour lui, ces e\u0301che\u0301ances feront le lit de la prochaine e\u0301lection pre\u0301sidentielle de 2025, pour laquelle ses partisans souhaitent qu\u2019il se porte candidat. Laurent Gbagbo, apre\u0300s [&hellip;]<\/p>\n","protected":false},"author":82,"featured_media":57124,"comment_status":"open","ping_status":"closed","sticky":false,"template":"","format":"standard","meta":{"footnotes":""},"categories":[2,20,10],"tags":[56,63,5252,29,7027,320,1952,398],"class_list":["post-57125","post","type-post","status-publish","format-standard","has-post-thumbnail","hentry","category-politique","category-top-nouvelles","category-toutes-les-actualites","tag-africa-press","tag-africa-press-cote-divoire","tag-candidat","tag-cote-divoire","tag-elections-locales-2023","tag-gbagbo","tag-ppa-ci","tag-treichville"],"yoast_head":"<!-- This site is optimized with the Yoast SEO Premium plugin v26.1 (Yoast SEO v27.0) - https:\/\/yoast.com\/product\/yoast-seo-premium-wordpress\/ -->\n<title>Elections locales 2023, Gbagbo va pr\u00e9sider une c\u00e9r\u00e9monie de pr\u00e9sentation de ses candidats - C\u00f4te d&#039;Ivoire<\/title>\n<meta name=\"description\" content=\"Le pre\u0301sident du Parti des Peuples Africains-Co\u0302te d\u2019Ivoire (PPA-CI), Laurent Gbagbo accorde une place de choix aux proc ...\" \/>\n<meta name=\"robots\" content=\"index, follow, max-snippet:-1, max-image-preview:large, max-video-preview:-1\" \/>\n<link rel=\"canonical\" href=\"https:\/\/www.africa-press.net\/cotedivoire\/politique\/elections-locales-2023-gbagbo-va-presider-une-ceremonie-de-presentation-de-ses-candidats\" \/>\n<meta property=\"og:locale\" content=\"fr_FR\" \/>\n<meta property=\"og:type\" content=\"article\" \/>\n<meta property=\"og:title\" content=\"Elections locales 2023, Gbagbo va pr\u00e9sider une c\u00e9r\u00e9monie de pr\u00e9sentation de ses candidats\" \/>\n<meta property=\"og:description\" content=\"Le pre\u0301sident du Parti des Peuples Africains-Co\u0302te d\u2019Ivoire (PPA-CI), Laurent Gbagbo accorde une place de choix aux proc ...\" \/>\n<meta property=\"og:url\" content=\"https:\/\/www.africa-press.net\/cotedivoire\/politique\/elections-locales-2023-gbagbo-va-presider-une-ceremonie-de-presentation-de-ses-candidats\" \/>\n<meta property=\"og:site_name\" content=\"C\u00f4te d&#039;Ivoire\" \/>\n<meta property=\"article:published_time\" content=\"2023-04-27T16:44:42+00:00\" \/>\n<meta property=\"article:modified_time\" content=\"2023-04-27T18:44:57+00:00\" \/>\n<meta property=\"og:image\" content=\"https:\/\/static.africa-press.net\/cote\/sites\/43\/2023\/04\/postQueueImg_1682597697.14.jpg\" \/>\n\t<meta property=\"og:image:width\" content=\"720\" \/>\n\t<meta property=\"og:image:height\" content=\"453\" \/>\n\t<meta property=\"og:image:type\" content=\"image\/jpeg\" \/>\n<meta name=\"author\" content=\"cfeditorfr\" \/>\n<meta name=\"twitter:card\" content=\"summary_large_image\" \/>\n<meta name=\"twitter:label1\" content=\"\u00c9crit par\" \/>\n\t<meta name=\"twitter:data1\" content=\"cfeditorfr\" \/>\n\t<meta name=\"twitter:label2\" content=\"Dur\u00e9e de lecture estim\u00e9e\" \/>\n\t<meta name=\"twitter:data2\" content=\"2 minutes\" \/>\n<script type=\"application\/ld+json\" class=\"yoast-schema-graph\">{\"@context\":\"https:\/\/schema.org\",\"@graph\":[{\"@type\":\"Article\",\"@id\":\"https:\/\/www.africa-press.net\/cotedivoire\/politique\/elections-locales-2023-gbagbo-va-presider-une-ceremonie-de-presentation-de-ses-candidats#article\",\"isPartOf\":{\"@id\":\"https:\/\/www.africa-press.net\/cotedivoire\/politique\/elections-locales-2023-gbagbo-va-presider-une-ceremonie-de-presentation-de-ses-candidats\"},\"author\":{\"name\":\"cfeditorfr\",\"@id\":\"https:\/\/www.africa-press.net\/cotedivoire\/#\/schema\/person\/2b1cf3cd81a31e3cd26889ca66d677f1\"},\"headline\":\"Elections locales 2023, Gbagbo va pr\u00e9sider une c\u00e9r\u00e9monie de pr\u00e9sentation de ses candidats\",\"datePublished\":\"2023-04-27T16:44:42+00:00\",\"dateModified\":\"2023-04-27T18:44:57+00:00\",\"mainEntityOfPage\":{\"@id\":\"https:\/\/www.africa-press.net\/cotedivoire\/politique\/elections-locales-2023-gbagbo-va-presider-une-ceremonie-de-presentation-de-ses-candidats\"},\"wordCount\":280,\"commentCount\":0,\"image\":{\"@id\":\"https:\/\/www.africa-press.net\/cotedivoire\/politique\/elections-locales-2023-gbagbo-va-presider-une-ceremonie-de-presentation-de-ses-candidats#primaryimage\"},\"thumbnailUrl\":\"https:\/\/static.africa-press.net\/cote\/sites\/43\/2023\/04\/postQueueImg_1682597697.14.jpg\",\"keywords\":[\"Africa Press\",\"Africa Press-C\u00f4te d'Ivoire\",\"candidat\",\"C\u00d4TE D'IVOIRE\",\"Elections locales 2023\",\"Gbagbo\",\"PPA-CI\",\"Treichville\"],\"articleSection\":[\"Politique\",\"Top Nouvelles\",\"Toutes les actualit\u00e9s\"],\"inLanguage\":\"fr-FR\",\"potentialAction\":[{\"@type\":\"CommentAction\",\"name\":\"Comment\",\"target\":[\"https:\/\/www.africa-press.net\/cotedivoire\/politique\/elections-locales-2023-gbagbo-va-presider-une-ceremonie-de-presentation-de-ses-candidats#respond\"]}]},{\"@type\":\"WebPage\",\"@id\":\"https:\/\/www.africa-press.net\/cotedivoire\/politique\/elections-locales-2023-gbagbo-va-presider-une-ceremonie-de-presentation-de-ses-candidats\",\"url\":\"https:\/\/www.africa-press.net\/cotedivoire\/politique\/elections-locales-2023-gbagbo-va-presider-une-ceremonie-de-presentation-de-ses-candidats\",\"name\":\"Elections locales 2023, Gbagbo va pr\u00e9sider une c\u00e9r\u00e9monie de pr\u00e9sentation de ses candidats - C\u00f4te d&#039;Ivoire\",\"isPartOf\":{\"@id\":\"https:\/\/www.africa-press.net\/cotedivoire\/#website\"},\"primaryImageOfPage\":{\"@id\":\"https:\/\/www.africa-press.net\/cotedivoire\/politique\/elections-locales-2023-gbagbo-va-presider-une-ceremonie-de-presentation-de-ses-candidats#primaryimage\"},\"image\":{\"@id\":\"https:\/\/www.africa-press.net\/cotedivoire\/politique\/elections-locales-2023-gbagbo-va-presider-une-ceremonie-de-presentation-de-ses-candidats#primaryimage\"},\"thumbnailUrl\":\"https:\/\/static.africa-press.net\/cote\/sites\/43\/2023\/04\/postQueueImg_1682597697.14.jpg\",\"datePublished\":\"2023-04-27T16:44:42+00:00\",\"dateModified\":\"2023-04-27T18:44:57+00:00\",\"author\":{\"@id\":\"https:\/\/www.africa-press.net\/cotedivoire\/#\/schema\/person\/2b1cf3cd81a31e3cd26889ca66d677f1\"},\"description\":\"Le pre\u0301sident du Parti des Peuples Africains-Co\u0302te d\u2019Ivoire (PPA-CI), Laurent Gbagbo accorde une place de choix aux proc ...\",\"breadcrumb\":{\"@id\":\"https:\/\/www.africa-press.net\/cotedivoire\/politique\/elections-locales-2023-gbagbo-va-presider-une-ceremonie-de-presentation-de-ses-candidats#breadcrumb\"},\"inLanguage\":\"fr-FR\",\"potentialAction\":[{\"@type\":\"ReadAction\",\"target\":[\"https:\/\/www.africa-press.net\/cotedivoire\/politique\/elections-locales-2023-gbagbo-va-presider-une-ceremonie-de-presentation-de-ses-candidats\"]}]},{\"@type\":\"ImageObject\",\"inLanguage\":\"fr-FR\",\"@id\":\"https:\/\/www.africa-press.net\/cotedivoire\/politique\/elections-locales-2023-gbagbo-va-presider-une-ceremonie-de-presentation-de-ses-candidats#primaryimage\",\"url\":\"https:\/\/static.africa-press.net\/cote\/sites\/43\/2023\/04\/postQueueImg_1682597697.14.jpg\",\"contentUrl\":\"https:\/\/static.africa-press.net\/cote\/sites\/43\/2023\/04\/postQueueImg_1682597697.14.jpg\",\"width\":720,\"height\":453,\"caption\":\"Elections locales 2023, Gbagbo va pr\u00e9sider une c\u00e9r\u00e9monie de pr\u00e9sentation de ses candidats\"},{\"@type\":\"BreadcrumbList\",\"@id\":\"https:\/\/www.africa-press.net\/cotedivoire\/politique\/elections-locales-2023-gbagbo-va-presider-une-ceremonie-de-presentation-de-ses-candidats#breadcrumb\",\"itemListElement\":[{\"@type\":\"ListItem\",\"position\":1,\"name\":\"Accueil\",\"item\":\"https:\/\/www.africa-press.net\/cotedivoire\/\"},{\"@type\":\"ListItem\",\"position\":2,\"name\":\"Elections locales 2023, Gbagbo va pr\u00e9sider une c\u00e9r\u00e9monie de pr\u00e9sentation de ses candidats\"}]},{\"@type\":\"WebSite\",\"@id\":\"https:\/\/www.africa-press.net\/cotedivoire\/#website\",\"url\":\"https:\/\/www.africa-press.net\/cotedivoire\/\",\"name\":\"C\u00f4te d&#039;Ivoire\",\"description\":\"Just another Africa News Agency Sites site\",\"potentialAction\":[{\"@type\":\"SearchAction\",\"target\":{\"@type\":\"EntryPoint\",\"urlTemplate\":\"https:\/\/www.africa-press.net\/cotedivoire\/?s={search_term_string}\"},\"query-input\":{\"@type\":\"PropertyValueSpecification\",\"valueRequired\":true,\"valueName\":\"search_term_string\"}}],\"inLanguage\":\"fr-FR\"},{\"@type\":\"Person\",\"@id\":\"https:\/\/www.africa-press.net\/cotedivoire\/#\/schema\/person\/2b1cf3cd81a31e3cd26889ca66d677f1\",\"name\":\"cfeditorfr\"}]}<\/script>\n<!-- \/ Yoast SEO Premium plugin. -->","yoast_head_json":{"title":"Elections locales 2023, Gbagbo va pr\u00e9sider une c\u00e9r\u00e9monie de pr\u00e9sentation de ses candidats - C\u00f4te d&#039;Ivoire","description":"Le pre\u0301sident du Parti des Peuples Africains-Co\u0302te d\u2019Ivoire (PPA-CI), Laurent Gbagbo accorde une place de choix aux proc ...","robots":{"index":"index","follow":"follow","max-snippet":"max-snippet:-1","max-image-preview":"max-image-preview:large","max-video-preview":"max-video-preview:-1"},"canonical":"https:\/\/www.africa-press.net\/cotedivoire\/politique\/elections-locales-2023-gbagbo-va-presider-une-ceremonie-de-presentation-de-ses-candidats","og_locale":"fr_FR","og_type":"article","og_title":"Elections locales 2023, Gbagbo va pr\u00e9sider une c\u00e9r\u00e9monie de pr\u00e9sentation de ses candidats","og_description":"Le pre\u0301sident du Parti des Peuples Africains-Co\u0302te d\u2019Ivoire (PPA-CI), Laurent Gbagbo accorde une place de choix aux proc ...","og_url":"https:\/\/www.africa-press.net\/cotedivoire\/politique\/elections-locales-2023-gbagbo-va-presider-une-ceremonie-de-presentation-de-ses-candidats","og_site_name":"C\u00f4te d&#039;Ivoire","article_published_time":"2023-04-27T16:44:42+00:00","article_modified_time":"2023-04-27T18:44:57+00:00","og_image":[{"width":720,"height":453,"url":"https:\/\/static.africa-press.net\/cote\/sites\/43\/2023\/04\/postQueueImg_1682597697.14.jpg","type":"image\/jpeg"}],"author":"cfeditorfr","twitter_card":"summary_large_image","twitter_misc":{"\u00c9crit par":"cfeditorfr","Dur\u00e9e de lecture estim\u00e9e":"2 minutes"},"schema":{"@context":"https:\/\/schema.org","@graph":[{"@type":"Article","@id":"https:\/\/www.africa-press.net\/cotedivoire\/politique\/elections-locales-2023-gbagbo-va-presider-une-ceremonie-de-presentation-de-ses-candidats#article","isPartOf":{"@id":"https:\/\/www.africa-press.net\/cotedivoire\/politique\/elections-locales-2023-gbagbo-va-presider-une-ceremonie-de-presentation-de-ses-candidats"},"author":{"name":"cfeditorfr","@id":"https:\/\/www.africa-press.net\/cotedivoire\/#\/schema\/person\/2b1cf3cd81a31e3cd26889ca66d677f1"},"headline":"Elections locales 2023, Gbagbo va pr\u00e9sider une c\u00e9r\u00e9monie de pr\u00e9sentation de ses candidats","datePublished":"2023-04-27T16:44:42+00:00","dateModified":"2023-04-27T18:44:57+00:00","mainEntityOfPage":{"@id":"https:\/\/www.africa-press.net\/cotedivoire\/politique\/elections-locales-2023-gbagbo-va-presider-une-ceremonie-de-presentation-de-ses-candidats"},"wordCount":280,"commentCount":0,"image":{"@id":"https:\/\/www.africa-press.net\/cotedivoire\/politique\/elections-locales-2023-gbagbo-va-presider-une-ceremonie-de-presentation-de-ses-candidats#primaryimage"},"thumbnailUrl":"https:\/\/static.africa-press.net\/cote\/sites\/43\/2023\/04\/postQueueImg_1682597697.14.jpg","keywords":["Africa Press","Africa Press-C\u00f4te d'Ivoire","candidat","C\u00d4TE D'IVOIRE","Elections locales 2023","Gbagbo","PPA-CI","Treichville"],"articleSection":["Politique","Top Nouvelles","Toutes les actualit\u00e9s"],"inLanguage":"fr-FR","potentialAction":[{"@type":"CommentAction","name":"Comment","target":["https:\/\/www.africa-press.net\/cotedivoire\/politique\/elections-locales-2023-gbagbo-va-presider-une-ceremonie-de-presentation-de-ses-candidats#respond"]}]},{"@type":"WebPage","@id":"https:\/\/www.africa-press.net\/cotedivoire\/politique\/elections-locales-2023-gbagbo-va-presider-une-ceremonie-de-presentation-de-ses-candidats","url":"https:\/\/www.africa-press.net\/cotedivoire\/politique\/elections-locales-2023-gbagbo-va-presider-une-ceremonie-de-presentation-de-ses-candidats","name":"Elections locales 2023, Gbagbo va pr\u00e9sider une c\u00e9r\u00e9monie de pr\u00e9sentation de ses candidats - C\u00f4te d&#039;Ivoire","isPartOf":{"@id":"https:\/\/www.africa-press.net\/cotedivoire\/#website"},"primaryImageOfPage":{"@id":"https:\/\/www.africa-press.net\/cotedivoire\/politique\/elections-locales-2023-gbagbo-va-presider-une-ceremonie-de-presentation-de-ses-candidats#primaryimage"},"image":{"@id":"https:\/\/www.africa-press.net\/cotedivoire\/politique\/elections-locales-2023-gbagbo-va-presider-une-ceremonie-de-presentation-de-ses-candidats#primaryimage"},"thumbnailUrl":"https:\/\/static.africa-press.net\/cote\/sites\/43\/2023\/04\/postQueueImg_1682597697.14.jpg","datePublished":"2023-04-27T16:44:42+00:00","dateModified":"2023-04-27T18:44:57+00:00","author":{"@id":"https:\/\/www.africa-press.net\/cotedivoire\/#\/schema\/person\/2b1cf3cd81a31e3cd26889ca66d677f1"},"description":"Le pre\u0301sident du Parti des Peuples Africains-Co\u0302te d\u2019Ivoire (PPA-CI), Laurent Gbagbo accorde une place de choix aux proc ...","breadcrumb":{"@id":"https:\/\/www.africa-press.net\/cotedivoire\/politique\/elections-locales-2023-gbagbo-va-presider-une-ceremonie-de-presentation-de-ses-candidats#breadcrumb"},"inLanguage":"fr-FR","potentialAction":[{"@type":"ReadAction","target":["https:\/\/www.africa-press.net\/cotedivoire\/politique\/elections-locales-2023-gbagbo-va-presider-une-ceremonie-de-presentation-de-ses-candidats"]}]},{"@type":"ImageObject","inLanguage":"fr-FR","@id":"https:\/\/www.africa-press.net\/cotedivoire\/politique\/elections-locales-2023-gbagbo-va-presider-une-ceremonie-de-presentation-de-ses-candidats#primaryimage","url":"https:\/\/static.africa-press.net\/cote\/sites\/43\/2023\/04\/postQueueImg_1682597697.14.jpg","contentUrl":"https:\/\/static.africa-press.net\/cote\/sites\/43\/2023\/04\/postQueueImg_1682597697.14.jpg","width":720,"height":453,"caption":"Elections locales 2023, Gbagbo va pr\u00e9sider une c\u00e9r\u00e9monie de pr\u00e9sentation de ses candidats"},{"@type":"BreadcrumbList","@id":"https:\/\/www.africa-press.net\/cotedivoire\/politique\/elections-locales-2023-gbagbo-va-presider-une-ceremonie-de-presentation-de-ses-candidats#breadcrumb","itemListElement":[{"@type":"ListItem","position":1,"name":"Accueil","item":"https:\/\/www.africa-press.net\/cotedivoire\/"},{"@type":"ListItem","position":2,"name":"Elections locales 2023, Gbagbo va pr\u00e9sider une c\u00e9r\u00e9monie de pr\u00e9sentation de ses candidats"}]},{"@type":"WebSite","@id":"https:\/\/www.africa-press.net\/cotedivoire\/#website","url":"https:\/\/www.africa-press.net\/cotedivoire\/","name":"C\u00f4te d&#039;Ivoire","description":"Just another Africa News Agency Sites site","potentialAction":[{"@type":"SearchAction","target":{"@type":"EntryPoint","urlTemplate":"https:\/\/www.africa-press.net\/cotedivoire\/?s={search_term_string}"},"query-input":{"@type":"PropertyValueSpecification","valueRequired":true,"valueName":"search_term_string"}}],"inLanguage":"fr-FR"},{"@type":"Person","@id":"https:\/\/www.africa-press.net\/cotedivoire\/#\/schema\/person\/2b1cf3cd81a31e3cd26889ca66d677f1","name":"cfeditorfr"}]}},"_links":{"self":[{"href":"https:\/\/www.africa-press.net\/cotedivoire\/wp-json\/wp\/v2\/posts\/57125","targetHints":{"allow":["GET"]}}],"collection":[{"href":"https:\/\/www.africa-press.net\/cotedivoire\/wp-json\/wp\/v2\/posts"}],"about":[{"href":"https:\/\/www.africa-press.net\/cotedivoire\/wp-json\/wp\/v2\/types\/post"}],"author":[{"embeddable":true,"href":"https:\/\/www.africa-press.net\/cotedivoire\/wp-json\/wp\/v2\/users\/82"}],"replies":[{"embeddable":true,"href":"https:\/\/www.africa-press.net\/cotedivoire\/wp-json\/wp\/v2\/comments?post=57125"}],"version-history":[{"count":0,"href":"https:\/\/www.africa-press.net\/cotedivoire\/wp-json\/wp\/v2\/posts\/57125\/revisions"}],"wp:featuredmedia":[{"embeddable":true,"href":"https:\/\/www.africa-press.net\/cotedivoire\/wp-json\/wp\/v2\/media\/57124"}],"wp:attachment":[{"href":"https:\/\/www.africa-press.net\/cotedivoire\/wp-json\/wp\/v2\/media?parent=57125"}],"wp:term":[{"taxonomy":"category","embeddable":true,"href":"https:\/\/www.africa-press.net\/cotedivoire\/wp-json\/wp\/v2\/categories?post=57125"},{"taxonomy":"post_tag","embeddable":true,"href":"https:\/\/www.africa-press.net\/cotedivoire\/wp-json\/wp\/v2\/tags?post=57125"}],"curies":[{"name":"wp","href":"https:\/\/api.w.org\/{rel}","templated":true}]}}