{"id":57229,"date":"2023-04-29T19:35:21","date_gmt":"2023-04-29T19:35:21","guid":{"rendered":"https:\/\/www.africa-press.net\/cotedivoire\/politique\/choix-des-candidats-du-pdci-aux-locales-jour-de-verite-ce-samedi-entre-bedie-et-les-candidats-a-la-candidature"},"modified":"2023-04-29T20:13:10","modified_gmt":"2023-04-29T20:13:10","slug":"choix-des-candidats-du-pdci-aux-locales-jour-de-verite-ce-samedi-entre-bedie-et-les-candidats-a-la-candidature","status":"publish","type":"post","link":"https:\/\/www.africa-press.net\/cotedivoire\/parties\/choix-des-candidats-du-pdci-aux-locales-jour-de-verite-ce-samedi-entre-bedie-et-les-candidats-a-la-candidature","title":{"rendered":"Choix des candidats du PDCI aux locales, jour de v\u00e9rit\u00e9 ce samedi entre B\u00e9di\u00e9 et les candidats \u00e0 la candidature"},"content":{"rendered":"<p><span style=\"color: #ff6600\"><strong>Africa-Press &#8211; C\u00f4te d&rsquo;Ivoire. <\/strong><\/span>Apre\u0300s le report de la rencontre du 20 avril 2023 \u00ab en raison de la fe\u0302te de ramadan \u00bb, le pre\u0301sident du Parti de\u0301mocratique de Co\u0302te d\u2019Ivoire, Henri Konan Be\u0301die\u0301 sera face aux candidats a\u0300 la candidature pour les Municipales et Re\u0301gionales ce samedi 29 avril 2023 a\u0300 Daoukro.<\/p>\n<p>La rencontre est e\u0301galement e\u0301largie aux membres du Comite\u0301 de Gestion et de Suivi des Elections (CGSE), aux pre\u0301sidents et aux rapporteurs des Commissions de De\u0301signation des Candidats, et aux membres de la Commission de Me\u0301diation.<\/p>\n<p>Ladite rencontre s\u2019annonce de\u0301terminante pour le choix des candidats du PDCI aux e\u0301lections locales du 02 septembre 2023.<\/p>\n<p>Il s\u2019agira pour Be\u0301die\u0301 et sa Direction de trancher sur les zones ou\u0300 des cadres de poids se battent pour conduire les destine\u0301es du parti aux e\u0301lections.<\/p>\n<p>C\u2019est le cas a\u0300 Cocody, ou\u0300 Yasmina Oue\u0301gnin veut la place du Maire sortant, Jean-Marc Yace\u0301. A Yopougon, Yao Euphrasie refuse de faire de l\u2019ombre au jeune et dynamique Dia Houphoue\u0308t et a\u0300 Daloa, ou\u0300 deux \u00ab vielles \u00bb marmites, Le\u0301opoldine Coffi et Dje\u0301dje\u0301 Mady se livrent a\u0300 une bataille fe\u0301roce pour conduire la liste du PDCI aux Re\u0301gionales dans le Haut-Sassandra.<\/p>\n<p>Que va de\u0301cider aujourd\u2019hui Henri Konan Be\u0301die\u0301 pour ne pas fragiliser encore son parti ? Attendons de voir<\/p>\n<p><strong>Pour plus d&rsquo;informations et d&rsquo;analyses sur la <a href=\"https:\/\/www.africa-press.net\/cotedivoire\">C\u00f4te d&rsquo;Ivoire<\/a>, suivez <a href=\"https:\/\/www.africa-press.net\/\">Africa-Press<\/a><\/strong><\/p>\n","protected":false},"excerpt":{"rendered":"<p>Africa-Press &#8211; C\u00f4te d&rsquo;Ivoire. Apre\u0300s le report de la rencontre du 20 avril 2023 \u00ab en raison de la fe\u0302te de ramadan \u00bb, le pre\u0301sident du Parti de\u0301mocratique de Co\u0302te d\u2019Ivoire, Henri Konan Be\u0301die\u0301 sera face aux candidats a\u0300 la candidature pour les Municipales et Re\u0301gionales ce samedi 29 avril 2023 a\u0300 Daoukro. La rencontre [&hellip;]<\/p>\n","protected":false},"author":82,"featured_media":57228,"comment_status":"open","ping_status":"closed","sticky":false,"template":"","format":"standard","meta":{"footnotes":""},"categories":[4,10],"tags":[56,63,29,9854,739,540],"class_list":["post-57229","post","type-post","status-publish","format-standard","has-post-thumbnail","hentry","category-parties","category-toutes-les-actualites","tag-africa-press","tag-africa-press-cote-divoire","tag-cote-divoire","tag-dia-augustin","tag-pdci-rda","tag-yopougon"],"yoast_head":"<!-- This site is optimized with the Yoast SEO Premium plugin v26.1 (Yoast SEO v27.0) - https:\/\/yoast.com\/product\/yoast-seo-premium-wordpress\/ -->\n<title>Choix des candidats du PDCI aux locales, jour de v\u00e9rit\u00e9 ce samedi entre B\u00e9di\u00e9 et les candidats \u00e0 la candidature - C\u00f4te d&#039;Ivoire<\/title>\n<meta name=\"description\" content=\"Apre\u0300s le report de la rencontre du 20 avril 2023 \u00ab en raison de la fe\u0302te de ramadan \u00bb, le pre\u0301sident du Parti de\u0301mocrat ...\" \/>\n<meta name=\"robots\" content=\"index, follow, max-snippet:-1, max-image-preview:large, max-video-preview:-1\" \/>\n<link rel=\"canonical\" href=\"https:\/\/www.africa-press.net\/cotedivoire\/parties\/choix-des-candidats-du-pdci-aux-locales-jour-de-verite-ce-samedi-entre-bedie-et-les-candidats-a-la-candidature\" \/>\n<meta property=\"og:locale\" content=\"fr_FR\" \/>\n<meta property=\"og:type\" content=\"article\" \/>\n<meta property=\"og:title\" content=\"Choix des candidats du PDCI aux locales, jour de v\u00e9rit\u00e9 ce samedi entre B\u00e9di\u00e9 et les candidats \u00e0 la candidature\" \/>\n<meta property=\"og:description\" content=\"Apre\u0300s le report de la rencontre du 20 avril 2023 \u00ab en raison de la fe\u0302te de ramadan \u00bb, le pre\u0301sident du Parti de\u0301mocrat ...\" \/>\n<meta property=\"og:url\" content=\"https:\/\/www.africa-press.net\/cotedivoire\/parties\/choix-des-candidats-du-pdci-aux-locales-jour-de-verite-ce-samedi-entre-bedie-et-les-candidats-a-la-candidature\" \/>\n<meta property=\"og:site_name\" content=\"C\u00f4te d&#039;Ivoire\" \/>\n<meta property=\"article:published_time\" content=\"2023-04-29T19:35:21+00:00\" \/>\n<meta property=\"article:modified_time\" content=\"2023-04-29T20:13:10+00:00\" \/>\n<meta property=\"og:image\" content=\"https:\/\/static.africa-press.net\/cote\/sites\/43\/2023\/04\/postQueueImg_1682780738.81.jpg\" \/>\n\t<meta property=\"og:image:width\" content=\"720\" \/>\n\t<meta property=\"og:image:height\" content=\"480\" \/>\n\t<meta property=\"og:image:type\" content=\"image\/jpeg\" \/>\n<meta name=\"author\" content=\"cfeditorfr\" \/>\n<meta name=\"twitter:card\" content=\"summary_large_image\" \/>\n<meta name=\"twitter:label1\" content=\"\u00c9crit par\" \/>\n\t<meta name=\"twitter:data1\" content=\"cfeditorfr\" \/>\n\t<meta name=\"twitter:label2\" content=\"Dur\u00e9e de lecture estim\u00e9e\" \/>\n\t<meta name=\"twitter:data2\" content=\"1 minute\" \/>\n<script type=\"application\/ld+json\" class=\"yoast-schema-graph\">{\"@context\":\"https:\/\/schema.org\",\"@graph\":[{\"@type\":\"Article\",\"@id\":\"https:\/\/www.africa-press.net\/cotedivoire\/parties\/choix-des-candidats-du-pdci-aux-locales-jour-de-verite-ce-samedi-entre-bedie-et-les-candidats-a-la-candidature#article\",\"isPartOf\":{\"@id\":\"https:\/\/www.africa-press.net\/cotedivoire\/parties\/choix-des-candidats-du-pdci-aux-locales-jour-de-verite-ce-samedi-entre-bedie-et-les-candidats-a-la-candidature\"},\"author\":{\"name\":\"cfeditorfr\",\"@id\":\"https:\/\/www.africa-press.net\/cotedivoire\/#\/schema\/person\/2b1cf3cd81a31e3cd26889ca66d677f1\"},\"headline\":\"Choix des candidats du PDCI aux locales, jour de v\u00e9rit\u00e9 ce samedi entre B\u00e9di\u00e9 et les candidats \u00e0 la candidature\",\"datePublished\":\"2023-04-29T19:35:21+00:00\",\"dateModified\":\"2023-04-29T20:13:10+00:00\",\"mainEntityOfPage\":{\"@id\":\"https:\/\/www.africa-press.net\/cotedivoire\/parties\/choix-des-candidats-du-pdci-aux-locales-jour-de-verite-ce-samedi-entre-bedie-et-les-candidats-a-la-candidature\"},\"wordCount\":272,\"commentCount\":0,\"image\":{\"@id\":\"https:\/\/www.africa-press.net\/cotedivoire\/parties\/choix-des-candidats-du-pdci-aux-locales-jour-de-verite-ce-samedi-entre-bedie-et-les-candidats-a-la-candidature#primaryimage\"},\"thumbnailUrl\":\"https:\/\/static.africa-press.net\/cote\/sites\/43\/2023\/04\/postQueueImg_1682780738.81.jpg\",\"keywords\":[\"Africa Press\",\"Africa Press-C\u00f4te d'Ivoire\",\"C\u00d4TE D'IVOIRE\",\"Dia Augustin\",\"PDCI-RDA\",\"Yopougon\"],\"articleSection\":[\"Parties\",\"Toutes les actualit\u00e9s\"],\"inLanguage\":\"fr-FR\",\"potentialAction\":[{\"@type\":\"CommentAction\",\"name\":\"Comment\",\"target\":[\"https:\/\/www.africa-press.net\/cotedivoire\/parties\/choix-des-candidats-du-pdci-aux-locales-jour-de-verite-ce-samedi-entre-bedie-et-les-candidats-a-la-candidature#respond\"]}]},{\"@type\":\"WebPage\",\"@id\":\"https:\/\/www.africa-press.net\/cotedivoire\/parties\/choix-des-candidats-du-pdci-aux-locales-jour-de-verite-ce-samedi-entre-bedie-et-les-candidats-a-la-candidature\",\"url\":\"https:\/\/www.africa-press.net\/cotedivoire\/parties\/choix-des-candidats-du-pdci-aux-locales-jour-de-verite-ce-samedi-entre-bedie-et-les-candidats-a-la-candidature\",\"name\":\"Choix des candidats du PDCI aux locales, jour de v\u00e9rit\u00e9 ce samedi entre B\u00e9di\u00e9 et les candidats \u00e0 la candidature - C\u00f4te d&#039;Ivoire\",\"isPartOf\":{\"@id\":\"https:\/\/www.africa-press.net\/cotedivoire\/#website\"},\"primaryImageOfPage\":{\"@id\":\"https:\/\/www.africa-press.net\/cotedivoire\/parties\/choix-des-candidats-du-pdci-aux-locales-jour-de-verite-ce-samedi-entre-bedie-et-les-candidats-a-la-candidature#primaryimage\"},\"image\":{\"@id\":\"https:\/\/www.africa-press.net\/cotedivoire\/parties\/choix-des-candidats-du-pdci-aux-locales-jour-de-verite-ce-samedi-entre-bedie-et-les-candidats-a-la-candidature#primaryimage\"},\"thumbnailUrl\":\"https:\/\/static.africa-press.net\/cote\/sites\/43\/2023\/04\/postQueueImg_1682780738.81.jpg\",\"datePublished\":\"2023-04-29T19:35:21+00:00\",\"dateModified\":\"2023-04-29T20:13:10+00:00\",\"author\":{\"@id\":\"https:\/\/www.africa-press.net\/cotedivoire\/#\/schema\/person\/2b1cf3cd81a31e3cd26889ca66d677f1\"},\"description\":\"Apre\u0300s le report de la rencontre du 20 avril 2023 \u00ab en raison de la fe\u0302te de ramadan \u00bb, le pre\u0301sident du Parti de\u0301mocrat ...\",\"breadcrumb\":{\"@id\":\"https:\/\/www.africa-press.net\/cotedivoire\/parties\/choix-des-candidats-du-pdci-aux-locales-jour-de-verite-ce-samedi-entre-bedie-et-les-candidats-a-la-candidature#breadcrumb\"},\"inLanguage\":\"fr-FR\",\"potentialAction\":[{\"@type\":\"ReadAction\",\"target\":[\"https:\/\/www.africa-press.net\/cotedivoire\/parties\/choix-des-candidats-du-pdci-aux-locales-jour-de-verite-ce-samedi-entre-bedie-et-les-candidats-a-la-candidature\"]}]},{\"@type\":\"ImageObject\",\"inLanguage\":\"fr-FR\",\"@id\":\"https:\/\/www.africa-press.net\/cotedivoire\/parties\/choix-des-candidats-du-pdci-aux-locales-jour-de-verite-ce-samedi-entre-bedie-et-les-candidats-a-la-candidature#primaryimage\",\"url\":\"https:\/\/static.africa-press.net\/cote\/sites\/43\/2023\/04\/postQueueImg_1682780738.81.jpg\",\"contentUrl\":\"https:\/\/static.africa-press.net\/cote\/sites\/43\/2023\/04\/postQueueImg_1682780738.81.jpg\",\"width\":720,\"height\":480,\"caption\":\"Choix des candidats du PDCI aux locales, jour de v\u00e9rit\u00e9 ce samedi entre B\u00e9di\u00e9 et les candidats \u00e0 la candidature\"},{\"@type\":\"BreadcrumbList\",\"@id\":\"https:\/\/www.africa-press.net\/cotedivoire\/parties\/choix-des-candidats-du-pdci-aux-locales-jour-de-verite-ce-samedi-entre-bedie-et-les-candidats-a-la-candidature#breadcrumb\",\"itemListElement\":[{\"@type\":\"ListItem\",\"position\":1,\"name\":\"Accueil\",\"item\":\"https:\/\/www.africa-press.net\/cotedivoire\/\"},{\"@type\":\"ListItem\",\"position\":2,\"name\":\"Choix des candidats du PDCI aux locales, jour de v\u00e9rit\u00e9 ce samedi entre B\u00e9di\u00e9 et les candidats \u00e0 la candidature\"}]},{\"@type\":\"WebSite\",\"@id\":\"https:\/\/www.africa-press.net\/cotedivoire\/#website\",\"url\":\"https:\/\/www.africa-press.net\/cotedivoire\/\",\"name\":\"C\u00f4te d&#039;Ivoire\",\"description\":\"Just another Africa News Agency Sites site\",\"potentialAction\":[{\"@type\":\"SearchAction\",\"target\":{\"@type\":\"EntryPoint\",\"urlTemplate\":\"https:\/\/www.africa-press.net\/cotedivoire\/?s={search_term_string}\"},\"query-input\":{\"@type\":\"PropertyValueSpecification\",\"valueRequired\":true,\"valueName\":\"search_term_string\"}}],\"inLanguage\":\"fr-FR\"},{\"@type\":\"Person\",\"@id\":\"https:\/\/www.africa-press.net\/cotedivoire\/#\/schema\/person\/2b1cf3cd81a31e3cd26889ca66d677f1\",\"name\":\"cfeditorfr\"}]}<\/script>\n<!-- \/ Yoast SEO Premium plugin. -->","yoast_head_json":{"title":"Choix des candidats du PDCI aux locales, jour de v\u00e9rit\u00e9 ce samedi entre B\u00e9di\u00e9 et les candidats \u00e0 la candidature - C\u00f4te d&#039;Ivoire","description":"Apre\u0300s le report de la rencontre du 20 avril 2023 \u00ab en raison de la fe\u0302te de ramadan \u00bb, le pre\u0301sident du Parti de\u0301mocrat ...","robots":{"index":"index","follow":"follow","max-snippet":"max-snippet:-1","max-image-preview":"max-image-preview:large","max-video-preview":"max-video-preview:-1"},"canonical":"https:\/\/www.africa-press.net\/cotedivoire\/parties\/choix-des-candidats-du-pdci-aux-locales-jour-de-verite-ce-samedi-entre-bedie-et-les-candidats-a-la-candidature","og_locale":"fr_FR","og_type":"article","og_title":"Choix des candidats du PDCI aux locales, jour de v\u00e9rit\u00e9 ce samedi entre B\u00e9di\u00e9 et les candidats \u00e0 la candidature","og_description":"Apre\u0300s le report de la rencontre du 20 avril 2023 \u00ab en raison de la fe\u0302te de ramadan \u00bb, le pre\u0301sident du Parti de\u0301mocrat ...","og_url":"https:\/\/www.africa-press.net\/cotedivoire\/parties\/choix-des-candidats-du-pdci-aux-locales-jour-de-verite-ce-samedi-entre-bedie-et-les-candidats-a-la-candidature","og_site_name":"C\u00f4te d&#039;Ivoire","article_published_time":"2023-04-29T19:35:21+00:00","article_modified_time":"2023-04-29T20:13:10+00:00","og_image":[{"width":720,"height":480,"url":"https:\/\/static.africa-press.net\/cote\/sites\/43\/2023\/04\/postQueueImg_1682780738.81.jpg","type":"image\/jpeg"}],"author":"cfeditorfr","twitter_card":"summary_large_image","twitter_misc":{"\u00c9crit par":"cfeditorfr","Dur\u00e9e de lecture estim\u00e9e":"1 minute"},"schema":{"@context":"https:\/\/schema.org","@graph":[{"@type":"Article","@id":"https:\/\/www.africa-press.net\/cotedivoire\/parties\/choix-des-candidats-du-pdci-aux-locales-jour-de-verite-ce-samedi-entre-bedie-et-les-candidats-a-la-candidature#article","isPartOf":{"@id":"https:\/\/www.africa-press.net\/cotedivoire\/parties\/choix-des-candidats-du-pdci-aux-locales-jour-de-verite-ce-samedi-entre-bedie-et-les-candidats-a-la-candidature"},"author":{"name":"cfeditorfr","@id":"https:\/\/www.africa-press.net\/cotedivoire\/#\/schema\/person\/2b1cf3cd81a31e3cd26889ca66d677f1"},"headline":"Choix des candidats du PDCI aux locales, jour de v\u00e9rit\u00e9 ce samedi entre B\u00e9di\u00e9 et les candidats \u00e0 la candidature","datePublished":"2023-04-29T19:35:21+00:00","dateModified":"2023-04-29T20:13:10+00:00","mainEntityOfPage":{"@id":"https:\/\/www.africa-press.net\/cotedivoire\/parties\/choix-des-candidats-du-pdci-aux-locales-jour-de-verite-ce-samedi-entre-bedie-et-les-candidats-a-la-candidature"},"wordCount":272,"commentCount":0,"image":{"@id":"https:\/\/www.africa-press.net\/cotedivoire\/parties\/choix-des-candidats-du-pdci-aux-locales-jour-de-verite-ce-samedi-entre-bedie-et-les-candidats-a-la-candidature#primaryimage"},"thumbnailUrl":"https:\/\/static.africa-press.net\/cote\/sites\/43\/2023\/04\/postQueueImg_1682780738.81.jpg","keywords":["Africa Press","Africa Press-C\u00f4te d'Ivoire","C\u00d4TE D'IVOIRE","Dia Augustin","PDCI-RDA","Yopougon"],"articleSection":["Parties","Toutes les actualit\u00e9s"],"inLanguage":"fr-FR","potentialAction":[{"@type":"CommentAction","name":"Comment","target":["https:\/\/www.africa-press.net\/cotedivoire\/parties\/choix-des-candidats-du-pdci-aux-locales-jour-de-verite-ce-samedi-entre-bedie-et-les-candidats-a-la-candidature#respond"]}]},{"@type":"WebPage","@id":"https:\/\/www.africa-press.net\/cotedivoire\/parties\/choix-des-candidats-du-pdci-aux-locales-jour-de-verite-ce-samedi-entre-bedie-et-les-candidats-a-la-candidature","url":"https:\/\/www.africa-press.net\/cotedivoire\/parties\/choix-des-candidats-du-pdci-aux-locales-jour-de-verite-ce-samedi-entre-bedie-et-les-candidats-a-la-candidature","name":"Choix des candidats du PDCI aux locales, jour de v\u00e9rit\u00e9 ce samedi entre B\u00e9di\u00e9 et les candidats \u00e0 la candidature - C\u00f4te d&#039;Ivoire","isPartOf":{"@id":"https:\/\/www.africa-press.net\/cotedivoire\/#website"},"primaryImageOfPage":{"@id":"https:\/\/www.africa-press.net\/cotedivoire\/parties\/choix-des-candidats-du-pdci-aux-locales-jour-de-verite-ce-samedi-entre-bedie-et-les-candidats-a-la-candidature#primaryimage"},"image":{"@id":"https:\/\/www.africa-press.net\/cotedivoire\/parties\/choix-des-candidats-du-pdci-aux-locales-jour-de-verite-ce-samedi-entre-bedie-et-les-candidats-a-la-candidature#primaryimage"},"thumbnailUrl":"https:\/\/static.africa-press.net\/cote\/sites\/43\/2023\/04\/postQueueImg_1682780738.81.jpg","datePublished":"2023-04-29T19:35:21+00:00","dateModified":"2023-04-29T20:13:10+00:00","author":{"@id":"https:\/\/www.africa-press.net\/cotedivoire\/#\/schema\/person\/2b1cf3cd81a31e3cd26889ca66d677f1"},"description":"Apre\u0300s le report de la rencontre du 20 avril 2023 \u00ab en raison de la fe\u0302te de ramadan \u00bb, le pre\u0301sident du Parti de\u0301mocrat ...","breadcrumb":{"@id":"https:\/\/www.africa-press.net\/cotedivoire\/parties\/choix-des-candidats-du-pdci-aux-locales-jour-de-verite-ce-samedi-entre-bedie-et-les-candidats-a-la-candidature#breadcrumb"},"inLanguage":"fr-FR","potentialAction":[{"@type":"ReadAction","target":["https:\/\/www.africa-press.net\/cotedivoire\/parties\/choix-des-candidats-du-pdci-aux-locales-jour-de-verite-ce-samedi-entre-bedie-et-les-candidats-a-la-candidature"]}]},{"@type":"ImageObject","inLanguage":"fr-FR","@id":"https:\/\/www.africa-press.net\/cotedivoire\/parties\/choix-des-candidats-du-pdci-aux-locales-jour-de-verite-ce-samedi-entre-bedie-et-les-candidats-a-la-candidature#primaryimage","url":"https:\/\/static.africa-press.net\/cote\/sites\/43\/2023\/04\/postQueueImg_1682780738.81.jpg","contentUrl":"https:\/\/static.africa-press.net\/cote\/sites\/43\/2023\/04\/postQueueImg_1682780738.81.jpg","width":720,"height":480,"caption":"Choix des candidats du PDCI aux locales, jour de v\u00e9rit\u00e9 ce samedi entre B\u00e9di\u00e9 et les candidats \u00e0 la candidature"},{"@type":"BreadcrumbList","@id":"https:\/\/www.africa-press.net\/cotedivoire\/parties\/choix-des-candidats-du-pdci-aux-locales-jour-de-verite-ce-samedi-entre-bedie-et-les-candidats-a-la-candidature#breadcrumb","itemListElement":[{"@type":"ListItem","position":1,"name":"Accueil","item":"https:\/\/www.africa-press.net\/cotedivoire\/"},{"@type":"ListItem","position":2,"name":"Choix des candidats du PDCI aux locales, jour de v\u00e9rit\u00e9 ce samedi entre B\u00e9di\u00e9 et les candidats \u00e0 la candidature"}]},{"@type":"WebSite","@id":"https:\/\/www.africa-press.net\/cotedivoire\/#website","url":"https:\/\/www.africa-press.net\/cotedivoire\/","name":"C\u00f4te d&#039;Ivoire","description":"Just another Africa News Agency Sites site","potentialAction":[{"@type":"SearchAction","target":{"@type":"EntryPoint","urlTemplate":"https:\/\/www.africa-press.net\/cotedivoire\/?s={search_term_string}"},"query-input":{"@type":"PropertyValueSpecification","valueRequired":true,"valueName":"search_term_string"}}],"inLanguage":"fr-FR"},{"@type":"Person","@id":"https:\/\/www.africa-press.net\/cotedivoire\/#\/schema\/person\/2b1cf3cd81a31e3cd26889ca66d677f1","name":"cfeditorfr"}]}},"_links":{"self":[{"href":"https:\/\/www.africa-press.net\/cotedivoire\/wp-json\/wp\/v2\/posts\/57229","targetHints":{"allow":["GET"]}}],"collection":[{"href":"https:\/\/www.africa-press.net\/cotedivoire\/wp-json\/wp\/v2\/posts"}],"about":[{"href":"https:\/\/www.africa-press.net\/cotedivoire\/wp-json\/wp\/v2\/types\/post"}],"author":[{"embeddable":true,"href":"https:\/\/www.africa-press.net\/cotedivoire\/wp-json\/wp\/v2\/users\/82"}],"replies":[{"embeddable":true,"href":"https:\/\/www.africa-press.net\/cotedivoire\/wp-json\/wp\/v2\/comments?post=57229"}],"version-history":[{"count":0,"href":"https:\/\/www.africa-press.net\/cotedivoire\/wp-json\/wp\/v2\/posts\/57229\/revisions"}],"wp:featuredmedia":[{"embeddable":true,"href":"https:\/\/www.africa-press.net\/cotedivoire\/wp-json\/wp\/v2\/media\/57228"}],"wp:attachment":[{"href":"https:\/\/www.africa-press.net\/cotedivoire\/wp-json\/wp\/v2\/media?parent=57229"}],"wp:term":[{"taxonomy":"category","embeddable":true,"href":"https:\/\/www.africa-press.net\/cotedivoire\/wp-json\/wp\/v2\/categories?post=57229"},{"taxonomy":"post_tag","embeddable":true,"href":"https:\/\/www.africa-press.net\/cotedivoire\/wp-json\/wp\/v2\/tags?post=57229"}],"curies":[{"name":"wp","href":"https:\/\/api.w.org\/{rel}","templated":true}]}}