{"id":57385,"date":"2023-05-02T18:19:07","date_gmt":"2023-05-02T18:19:07","guid":{"rendered":"https:\/\/www.africa-press.net\/cotedivoire\/politique\/rentree-commerciale-2023-de-la-lonaci-le-dg-oeuvre-le-seminaire-interne-de-formation-et-de-partage-dexperiences-et-encourage-ses-collaborateurs-a-elargir-le-champ-de-la-certificatio"},"modified":"2023-05-02T19:42:04","modified_gmt":"2023-05-02T19:42:04","slug":"rentree-commerciale-2023-de-la-lonaci-le-dg-oeuvre-le-seminaire-interne-de-formation-et-de-partage-dexperiences-et-encourage-ses-collaborateurs-a-elargir-le-champ-de-la-certificatio","status":"publish","type":"post","link":"https:\/\/www.africa-press.net\/cotedivoire\/economie\/rentree-commerciale-2023-de-la-lonaci-le-dg-oeuvre-le-seminaire-interne-de-formation-et-de-partage-dexperiences-et-encourage-ses-collaborateurs-a-elargir-le-champ-de-la-certificatio","title":{"rendered":"Rentr\u00e9e commerciale 2023 de la LONACI, le DG \u0153uvre le s\u00e9minaire interne de formation et de partage d&rsquo;exp\u00e9riences et encourage ses collaborateurs \u00e0 \u00e9largir le champ de la certificatio"},"content":{"rendered":"<p><span style=\"color: #ff6600\"><strong>Africa-Press &#8211; C\u00f4te d&rsquo;Ivoire. <\/strong><\/span>Dramane Coulibaly, Directeur ge\u0301ne\u0301ral de la Loterie nationale de Co\u0302te d&rsquo;Ivoire (LONACI) a lance\u0301 aujourd\u2019hui les activite\u0301s de la rentre\u0301e commerciale 2023 avec l\u2019ouverture officielle du se\u0301minaire commercial interne de formation et de partage d\u2019expe\u0301riences. Ce se\u0301minaire est favorable au renforcement de l\u2019Esprit d\u2019e\u0301quipe auquel Dramane Coulibaly accorde une importance particulie\u0300re.<\/p>\n<p>Depuis 2022 l&rsquo;entreprise fonctionne avec un Syste\u0300me de management de la Qualite\u0301, qui a e\u0301te\u0301 certifie\u0301 conforme a\u0300 la norme ISO 9001 :2015, au mois de de\u0301cembre dernier. Selon le DG ce certificat exige des agents de nouvelles pratiques professionnelles, de nouveaux comportements personnels et me\u0302me un nouvel e\u0301tat d\u2019esprit.<\/p>\n<p>C\u2019est pourquoi, il a demande\u0301 aux participants au cours de leurs e\u0301changes de garder a\u0300 l\u2019esprit les exigences qu\u2019il vient d\u2019e\u0301voquer afin de contribuer au renforcement de leur SMQ.<\/p>\n<p>L\u2019audit initial de certification n&rsquo;ayant porte\u0301 que sur un nombre limite\u0301 d\u2019agences, Dramane Coulibaly encourage ses collaborateurs a\u0300 envisager maintenant l\u2019e\u0301largissement du champ de la certification a\u0300 toutes les agences.<\/p>\n<p>\u00abDans cette optique, le SMQ devrait donc e\u0302tre applique\u0301 avec toute la rigueur requise, sur l\u2019ensemble du re\u0301seau commercial. C\u2019est un de\u0301fi qu\u2019ensemble nous saurons relever, j\u2019en suis convaincu. Il vous appartiendra aussi d\u2019accorder un inte\u0301re\u0302t tout particulier aux mutations de notre re\u0301seau de vente \u00bb, a-t-il ajoute\u0301.<\/p>\n<p>Le DG a invite\u0301 ses collaborateurs a\u0300 de\u0301velopper le re\u0301seau et les e\u0301volutions du partenariat avec les distributeurs. Car selon lui, si le re\u0301seau physique a connu une croissance rapide, le digital s\u2019affirme de\u0301sormais comme un canal prometteur pour la vente des produits.<\/p>\n<p>En ce qui concerne les distributeurs, la LONANCI a lance\u0301 plusieurs innovations dont la formule du pre\u0301paid au Lotobonheur. Pour Dramane Coulibaly, les acteurs sont au c\u0153ur de la mise en \u0153uvre des orientations strate\u0301giques de la Direction Ge\u0301ne\u0301rale.<\/p>\n<p>\u00abVotre ro\u0302le est donc de\u0301terminant dans la bonne gestion de tous ces changements qui visent le renforcement de la re\u0301silience du re\u0301seau commercial et partant de la LONACI \u00bb, a-t-il insiste\u0301.<\/p>\n<p>Le DG a e\u0301galement fe\u0301licite\u0301 ses collaborateurs du re\u0301seau de vente, pour les re\u0301sultats obtenus au cours de l\u2019exercice 2022. Car, pour un objectif de 410 milliards de FCFA, ils ont re\u0301alise\u0301 411, 8 milliards de FCFA.<\/p>\n<p>Pour maintenir le cap, il pense qu&rsquo;il faut renforcer l\u2019organisation du travail. C&rsquo;est pourquoi, il a invite\u0301 ses collaborateurs a\u0300 s&rsquo;approprier le SMQ dont l\u2019organisation en processus accroi\u0302t la collaboration entre services, re\u0301duisant ainsi leur cloisonnement.<\/p>\n<p>\u00abVous devez faire preuve d\u2019esprit novateur afin d\u2019e\u0301pouser au mieux les grandes mutations de notre entreprise. Je rappelle que l\u2019objectif commercial pour cette anne\u0301e est de 485,243 milliards de F CFA. Je sais pouvoir compter sur vous pour sa re\u0301alisation \u00bb, a conclu, Dramane Coulibaly.<\/p>\n<p><strong>Pour plus d&rsquo;informations et d&rsquo;analyses sur la <a href=\"https:\/\/www.africa-press.net\/cotedivoire\">C\u00f4te d&rsquo;Ivoire<\/a>, suivez <a href=\"https:\/\/www.africa-press.net\/\">Africa-Press<\/a><\/strong><\/p>\n","protected":false},"excerpt":{"rendered":"<p>Africa-Press &#8211; C\u00f4te d&rsquo;Ivoire. Dramane Coulibaly, Directeur ge\u0301ne\u0301ral de la Loterie nationale de Co\u0302te d&rsquo;Ivoire (LONACI) a lance\u0301 aujourd\u2019hui les activite\u0301s de la rentre\u0301e commerciale 2023 avec l\u2019ouverture officielle du se\u0301minaire commercial interne de formation et de partage d\u2019expe\u0301riences. Ce se\u0301minaire est favorable au renforcement de l\u2019Esprit d\u2019e\u0301quipe auquel Dramane Coulibaly accorde une importance particulie\u0300re. [&hellip;]<\/p>\n","protected":false},"author":82,"featured_media":57383,"comment_status":"open","ping_status":"closed","sticky":false,"template":"","format":"standard","meta":{"footnotes":""},"categories":[3,10],"tags":[56,63,29,6145,5772],"class_list":["post-57385","post","type-post","status-publish","format-standard","has-post-thumbnail","hentry","category-economie","category-toutes-les-actualites","tag-africa-press","tag-africa-press-cote-divoire","tag-cote-divoire","tag-dramane-coulibaly","tag-lonaci"],"yoast_head":"<!-- This site is optimized with the Yoast SEO Premium plugin v26.1 (Yoast SEO v27.0) - https:\/\/yoast.com\/product\/yoast-seo-premium-wordpress\/ -->\n<title>Rentr\u00e9e commerciale 2023 de la LONACI, le DG \u0153uvre le s\u00e9minaire interne de formation et de partage d&#039;exp\u00e9riences et encourage ses collaborateurs \u00e0 \u00e9largir le champ de la certificatio - C\u00f4te d&#039;Ivoire<\/title>\n<meta name=\"description\" content=\"Dramane Coulibaly, Directeur ge\u0301ne\u0301ral de la Loterie nationale de Co\u0302te d&#039;Ivoire (LONACI) a lance\u0301 aujourd\u2019hui les activ ...\" \/>\n<meta name=\"robots\" content=\"index, follow, max-snippet:-1, max-image-preview:large, max-video-preview:-1\" \/>\n<link rel=\"canonical\" href=\"https:\/\/www.africa-press.net\/cotedivoire\/economie\/rentree-commerciale-2023-de-la-lonaci-le-dg-oeuvre-le-seminaire-interne-de-formation-et-de-partage-dexperiences-et-encourage-ses-collaborateurs-a-elargir-le-champ-de-la-certificatio\" \/>\n<meta property=\"og:locale\" content=\"fr_FR\" \/>\n<meta property=\"og:type\" content=\"article\" \/>\n<meta property=\"og:title\" content=\"Rentr\u00e9e commerciale 2023 de la LONACI, le DG \u0153uvre le s\u00e9minaire interne de formation et de partage d&#039;exp\u00e9riences et encourage ses collaborateurs \u00e0 \u00e9largir le champ de la certificatio\" \/>\n<meta property=\"og:description\" content=\"Dramane Coulibaly, Directeur ge\u0301ne\u0301ral de la Loterie nationale de Co\u0302te d&#039;Ivoire (LONACI) a lance\u0301 aujourd\u2019hui les activ ...\" \/>\n<meta property=\"og:url\" content=\"https:\/\/www.africa-press.net\/cotedivoire\/economie\/rentree-commerciale-2023-de-la-lonaci-le-dg-oeuvre-le-seminaire-interne-de-formation-et-de-partage-dexperiences-et-encourage-ses-collaborateurs-a-elargir-le-champ-de-la-certificatio\" \/>\n<meta property=\"og:site_name\" content=\"C\u00f4te d&#039;Ivoire\" \/>\n<meta property=\"article:published_time\" content=\"2023-05-02T18:19:07+00:00\" \/>\n<meta property=\"article:modified_time\" content=\"2023-05-02T19:42:04+00:00\" \/>\n<meta property=\"og:image\" content=\"https:\/\/static.africa-press.net\/cote\/sites\/43\/2023\/05\/postQueueImg_1683035354.98.jpg\" \/>\n\t<meta property=\"og:image:width\" content=\"720\" \/>\n\t<meta property=\"og:image:height\" content=\"498\" \/>\n\t<meta property=\"og:image:type\" content=\"image\/jpeg\" \/>\n<meta name=\"author\" content=\"cfeditorfr\" \/>\n<meta name=\"twitter:card\" content=\"summary_large_image\" \/>\n<meta name=\"twitter:label1\" content=\"\u00c9crit par\" \/>\n\t<meta name=\"twitter:data1\" content=\"cfeditorfr\" \/>\n\t<meta name=\"twitter:label2\" content=\"Dur\u00e9e de lecture estim\u00e9e\" \/>\n\t<meta name=\"twitter:data2\" content=\"3 minutes\" \/>\n<script type=\"application\/ld+json\" class=\"yoast-schema-graph\">{\"@context\":\"https:\/\/schema.org\",\"@graph\":[{\"@type\":\"Article\",\"@id\":\"https:\/\/www.africa-press.net\/cotedivoire\/economie\/rentree-commerciale-2023-de-la-lonaci-le-dg-oeuvre-le-seminaire-interne-de-formation-et-de-partage-dexperiences-et-encourage-ses-collaborateurs-a-elargir-le-champ-de-la-certificatio#article\",\"isPartOf\":{\"@id\":\"https:\/\/www.africa-press.net\/cotedivoire\/economie\/rentree-commerciale-2023-de-la-lonaci-le-dg-oeuvre-le-seminaire-interne-de-formation-et-de-partage-dexperiences-et-encourage-ses-collaborateurs-a-elargir-le-champ-de-la-certificatio\"},\"author\":{\"name\":\"cfeditorfr\",\"@id\":\"https:\/\/www.africa-press.net\/cotedivoire\/#\/schema\/person\/2b1cf3cd81a31e3cd26889ca66d677f1\"},\"headline\":\"Rentr\u00e9e commerciale 2023 de la LONACI, le DG \u0153uvre le s\u00e9minaire interne de formation et de partage d&rsquo;exp\u00e9riences et encourage ses collaborateurs \u00e0 \u00e9largir le champ de la certificatio\",\"datePublished\":\"2023-05-02T18:19:07+00:00\",\"dateModified\":\"2023-05-02T19:42:04+00:00\",\"mainEntityOfPage\":{\"@id\":\"https:\/\/www.africa-press.net\/cotedivoire\/economie\/rentree-commerciale-2023-de-la-lonaci-le-dg-oeuvre-le-seminaire-interne-de-formation-et-de-partage-dexperiences-et-encourage-ses-collaborateurs-a-elargir-le-champ-de-la-certificatio\"},\"wordCount\":558,\"commentCount\":0,\"image\":{\"@id\":\"https:\/\/www.africa-press.net\/cotedivoire\/economie\/rentree-commerciale-2023-de-la-lonaci-le-dg-oeuvre-le-seminaire-interne-de-formation-et-de-partage-dexperiences-et-encourage-ses-collaborateurs-a-elargir-le-champ-de-la-certificatio#primaryimage\"},\"thumbnailUrl\":\"https:\/\/static.africa-press.net\/cote\/sites\/43\/2023\/05\/postQueueImg_1683035354.98.jpg\",\"keywords\":[\"Africa Press\",\"Africa Press-C\u00f4te d'Ivoire\",\"C\u00d4TE D'IVOIRE\",\"Dramane Coulibaly\",\"LONACI\"],\"articleSection\":[\"\u00c9conomie\",\"Toutes les actualit\u00e9s\"],\"inLanguage\":\"fr-FR\",\"potentialAction\":[{\"@type\":\"CommentAction\",\"name\":\"Comment\",\"target\":[\"https:\/\/www.africa-press.net\/cotedivoire\/economie\/rentree-commerciale-2023-de-la-lonaci-le-dg-oeuvre-le-seminaire-interne-de-formation-et-de-partage-dexperiences-et-encourage-ses-collaborateurs-a-elargir-le-champ-de-la-certificatio#respond\"]}]},{\"@type\":\"WebPage\",\"@id\":\"https:\/\/www.africa-press.net\/cotedivoire\/economie\/rentree-commerciale-2023-de-la-lonaci-le-dg-oeuvre-le-seminaire-interne-de-formation-et-de-partage-dexperiences-et-encourage-ses-collaborateurs-a-elargir-le-champ-de-la-certificatio\",\"url\":\"https:\/\/www.africa-press.net\/cotedivoire\/economie\/rentree-commerciale-2023-de-la-lonaci-le-dg-oeuvre-le-seminaire-interne-de-formation-et-de-partage-dexperiences-et-encourage-ses-collaborateurs-a-elargir-le-champ-de-la-certificatio\",\"name\":\"Rentr\u00e9e commerciale 2023 de la LONACI, le DG \u0153uvre le s\u00e9minaire interne de formation et de partage d'exp\u00e9riences et encourage ses collaborateurs \u00e0 \u00e9largir le champ de la certificatio - C\u00f4te d&#039;Ivoire\",\"isPartOf\":{\"@id\":\"https:\/\/www.africa-press.net\/cotedivoire\/#website\"},\"primaryImageOfPage\":{\"@id\":\"https:\/\/www.africa-press.net\/cotedivoire\/economie\/rentree-commerciale-2023-de-la-lonaci-le-dg-oeuvre-le-seminaire-interne-de-formation-et-de-partage-dexperiences-et-encourage-ses-collaborateurs-a-elargir-le-champ-de-la-certificatio#primaryimage\"},\"image\":{\"@id\":\"https:\/\/www.africa-press.net\/cotedivoire\/economie\/rentree-commerciale-2023-de-la-lonaci-le-dg-oeuvre-le-seminaire-interne-de-formation-et-de-partage-dexperiences-et-encourage-ses-collaborateurs-a-elargir-le-champ-de-la-certificatio#primaryimage\"},\"thumbnailUrl\":\"https:\/\/static.africa-press.net\/cote\/sites\/43\/2023\/05\/postQueueImg_1683035354.98.jpg\",\"datePublished\":\"2023-05-02T18:19:07+00:00\",\"dateModified\":\"2023-05-02T19:42:04+00:00\",\"author\":{\"@id\":\"https:\/\/www.africa-press.net\/cotedivoire\/#\/schema\/person\/2b1cf3cd81a31e3cd26889ca66d677f1\"},\"description\":\"Dramane Coulibaly, Directeur ge\u0301ne\u0301ral de la Loterie nationale de Co\u0302te d'Ivoire (LONACI) a lance\u0301 aujourd\u2019hui les activ ...\",\"breadcrumb\":{\"@id\":\"https:\/\/www.africa-press.net\/cotedivoire\/economie\/rentree-commerciale-2023-de-la-lonaci-le-dg-oeuvre-le-seminaire-interne-de-formation-et-de-partage-dexperiences-et-encourage-ses-collaborateurs-a-elargir-le-champ-de-la-certificatio#breadcrumb\"},\"inLanguage\":\"fr-FR\",\"potentialAction\":[{\"@type\":\"ReadAction\",\"target\":[\"https:\/\/www.africa-press.net\/cotedivoire\/economie\/rentree-commerciale-2023-de-la-lonaci-le-dg-oeuvre-le-seminaire-interne-de-formation-et-de-partage-dexperiences-et-encourage-ses-collaborateurs-a-elargir-le-champ-de-la-certificatio\"]}]},{\"@type\":\"ImageObject\",\"inLanguage\":\"fr-FR\",\"@id\":\"https:\/\/www.africa-press.net\/cotedivoire\/economie\/rentree-commerciale-2023-de-la-lonaci-le-dg-oeuvre-le-seminaire-interne-de-formation-et-de-partage-dexperiences-et-encourage-ses-collaborateurs-a-elargir-le-champ-de-la-certificatio#primaryimage\",\"url\":\"https:\/\/static.africa-press.net\/cote\/sites\/43\/2023\/05\/postQueueImg_1683035354.98.jpg\",\"contentUrl\":\"https:\/\/static.africa-press.net\/cote\/sites\/43\/2023\/05\/postQueueImg_1683035354.98.jpg\",\"width\":720,\"height\":498,\"caption\":\"Rentr\u00e9e commerciale 2023 de la LONACI, le DG \u0153uvre le s\u00e9minaire interne de formation et de partage d'exp\u00e9riences et encourage ses collaborateurs \u00e0 \u00e9largir le champ de la certificatio\"},{\"@type\":\"BreadcrumbList\",\"@id\":\"https:\/\/www.africa-press.net\/cotedivoire\/economie\/rentree-commerciale-2023-de-la-lonaci-le-dg-oeuvre-le-seminaire-interne-de-formation-et-de-partage-dexperiences-et-encourage-ses-collaborateurs-a-elargir-le-champ-de-la-certificatio#breadcrumb\",\"itemListElement\":[{\"@type\":\"ListItem\",\"position\":1,\"name\":\"Accueil\",\"item\":\"https:\/\/www.africa-press.net\/cotedivoire\/\"},{\"@type\":\"ListItem\",\"position\":2,\"name\":\"Rentr\u00e9e commerciale 2023 de la LONACI, le DG \u0153uvre le s\u00e9minaire interne de formation et de partage d&#8217;exp\u00e9riences et encourage ses collaborateurs \u00e0 \u00e9largir le champ de la certificatio\"}]},{\"@type\":\"WebSite\",\"@id\":\"https:\/\/www.africa-press.net\/cotedivoire\/#website\",\"url\":\"https:\/\/www.africa-press.net\/cotedivoire\/\",\"name\":\"C\u00f4te d&#039;Ivoire\",\"description\":\"Just another Africa News Agency Sites site\",\"potentialAction\":[{\"@type\":\"SearchAction\",\"target\":{\"@type\":\"EntryPoint\",\"urlTemplate\":\"https:\/\/www.africa-press.net\/cotedivoire\/?s={search_term_string}\"},\"query-input\":{\"@type\":\"PropertyValueSpecification\",\"valueRequired\":true,\"valueName\":\"search_term_string\"}}],\"inLanguage\":\"fr-FR\"},{\"@type\":\"Person\",\"@id\":\"https:\/\/www.africa-press.net\/cotedivoire\/#\/schema\/person\/2b1cf3cd81a31e3cd26889ca66d677f1\",\"name\":\"cfeditorfr\"}]}<\/script>\n<!-- \/ Yoast SEO Premium plugin. -->","yoast_head_json":{"title":"Rentr\u00e9e commerciale 2023 de la LONACI, le DG \u0153uvre le s\u00e9minaire interne de formation et de partage d'exp\u00e9riences et encourage ses collaborateurs \u00e0 \u00e9largir le champ de la certificatio - C\u00f4te d&#039;Ivoire","description":"Dramane Coulibaly, Directeur ge\u0301ne\u0301ral de la Loterie nationale de Co\u0302te d'Ivoire (LONACI) a lance\u0301 aujourd\u2019hui les activ ...","robots":{"index":"index","follow":"follow","max-snippet":"max-snippet:-1","max-image-preview":"max-image-preview:large","max-video-preview":"max-video-preview:-1"},"canonical":"https:\/\/www.africa-press.net\/cotedivoire\/economie\/rentree-commerciale-2023-de-la-lonaci-le-dg-oeuvre-le-seminaire-interne-de-formation-et-de-partage-dexperiences-et-encourage-ses-collaborateurs-a-elargir-le-champ-de-la-certificatio","og_locale":"fr_FR","og_type":"article","og_title":"Rentr\u00e9e commerciale 2023 de la LONACI, le DG \u0153uvre le s\u00e9minaire interne de formation et de partage d'exp\u00e9riences et encourage ses collaborateurs \u00e0 \u00e9largir le champ de la certificatio","og_description":"Dramane Coulibaly, Directeur ge\u0301ne\u0301ral de la Loterie nationale de Co\u0302te d'Ivoire (LONACI) a lance\u0301 aujourd\u2019hui les activ ...","og_url":"https:\/\/www.africa-press.net\/cotedivoire\/economie\/rentree-commerciale-2023-de-la-lonaci-le-dg-oeuvre-le-seminaire-interne-de-formation-et-de-partage-dexperiences-et-encourage-ses-collaborateurs-a-elargir-le-champ-de-la-certificatio","og_site_name":"C\u00f4te d&#039;Ivoire","article_published_time":"2023-05-02T18:19:07+00:00","article_modified_time":"2023-05-02T19:42:04+00:00","og_image":[{"width":720,"height":498,"url":"https:\/\/static.africa-press.net\/cote\/sites\/43\/2023\/05\/postQueueImg_1683035354.98.jpg","type":"image\/jpeg"}],"author":"cfeditorfr","twitter_card":"summary_large_image","twitter_misc":{"\u00c9crit par":"cfeditorfr","Dur\u00e9e de lecture estim\u00e9e":"3 minutes"},"schema":{"@context":"https:\/\/schema.org","@graph":[{"@type":"Article","@id":"https:\/\/www.africa-press.net\/cotedivoire\/economie\/rentree-commerciale-2023-de-la-lonaci-le-dg-oeuvre-le-seminaire-interne-de-formation-et-de-partage-dexperiences-et-encourage-ses-collaborateurs-a-elargir-le-champ-de-la-certificatio#article","isPartOf":{"@id":"https:\/\/www.africa-press.net\/cotedivoire\/economie\/rentree-commerciale-2023-de-la-lonaci-le-dg-oeuvre-le-seminaire-interne-de-formation-et-de-partage-dexperiences-et-encourage-ses-collaborateurs-a-elargir-le-champ-de-la-certificatio"},"author":{"name":"cfeditorfr","@id":"https:\/\/www.africa-press.net\/cotedivoire\/#\/schema\/person\/2b1cf3cd81a31e3cd26889ca66d677f1"},"headline":"Rentr\u00e9e commerciale 2023 de la LONACI, le DG \u0153uvre le s\u00e9minaire interne de formation et de partage d&rsquo;exp\u00e9riences et encourage ses collaborateurs \u00e0 \u00e9largir le champ de la certificatio","datePublished":"2023-05-02T18:19:07+00:00","dateModified":"2023-05-02T19:42:04+00:00","mainEntityOfPage":{"@id":"https:\/\/www.africa-press.net\/cotedivoire\/economie\/rentree-commerciale-2023-de-la-lonaci-le-dg-oeuvre-le-seminaire-interne-de-formation-et-de-partage-dexperiences-et-encourage-ses-collaborateurs-a-elargir-le-champ-de-la-certificatio"},"wordCount":558,"commentCount":0,"image":{"@id":"https:\/\/www.africa-press.net\/cotedivoire\/economie\/rentree-commerciale-2023-de-la-lonaci-le-dg-oeuvre-le-seminaire-interne-de-formation-et-de-partage-dexperiences-et-encourage-ses-collaborateurs-a-elargir-le-champ-de-la-certificatio#primaryimage"},"thumbnailUrl":"https:\/\/static.africa-press.net\/cote\/sites\/43\/2023\/05\/postQueueImg_1683035354.98.jpg","keywords":["Africa Press","Africa Press-C\u00f4te d'Ivoire","C\u00d4TE D'IVOIRE","Dramane Coulibaly","LONACI"],"articleSection":["\u00c9conomie","Toutes les actualit\u00e9s"],"inLanguage":"fr-FR","potentialAction":[{"@type":"CommentAction","name":"Comment","target":["https:\/\/www.africa-press.net\/cotedivoire\/economie\/rentree-commerciale-2023-de-la-lonaci-le-dg-oeuvre-le-seminaire-interne-de-formation-et-de-partage-dexperiences-et-encourage-ses-collaborateurs-a-elargir-le-champ-de-la-certificatio#respond"]}]},{"@type":"WebPage","@id":"https:\/\/www.africa-press.net\/cotedivoire\/economie\/rentree-commerciale-2023-de-la-lonaci-le-dg-oeuvre-le-seminaire-interne-de-formation-et-de-partage-dexperiences-et-encourage-ses-collaborateurs-a-elargir-le-champ-de-la-certificatio","url":"https:\/\/www.africa-press.net\/cotedivoire\/economie\/rentree-commerciale-2023-de-la-lonaci-le-dg-oeuvre-le-seminaire-interne-de-formation-et-de-partage-dexperiences-et-encourage-ses-collaborateurs-a-elargir-le-champ-de-la-certificatio","name":"Rentr\u00e9e commerciale 2023 de la LONACI, le DG \u0153uvre le s\u00e9minaire interne de formation et de partage d'exp\u00e9riences et encourage ses collaborateurs \u00e0 \u00e9largir le champ de la certificatio - C\u00f4te d&#039;Ivoire","isPartOf":{"@id":"https:\/\/www.africa-press.net\/cotedivoire\/#website"},"primaryImageOfPage":{"@id":"https:\/\/www.africa-press.net\/cotedivoire\/economie\/rentree-commerciale-2023-de-la-lonaci-le-dg-oeuvre-le-seminaire-interne-de-formation-et-de-partage-dexperiences-et-encourage-ses-collaborateurs-a-elargir-le-champ-de-la-certificatio#primaryimage"},"image":{"@id":"https:\/\/www.africa-press.net\/cotedivoire\/economie\/rentree-commerciale-2023-de-la-lonaci-le-dg-oeuvre-le-seminaire-interne-de-formation-et-de-partage-dexperiences-et-encourage-ses-collaborateurs-a-elargir-le-champ-de-la-certificatio#primaryimage"},"thumbnailUrl":"https:\/\/static.africa-press.net\/cote\/sites\/43\/2023\/05\/postQueueImg_1683035354.98.jpg","datePublished":"2023-05-02T18:19:07+00:00","dateModified":"2023-05-02T19:42:04+00:00","author":{"@id":"https:\/\/www.africa-press.net\/cotedivoire\/#\/schema\/person\/2b1cf3cd81a31e3cd26889ca66d677f1"},"description":"Dramane Coulibaly, Directeur ge\u0301ne\u0301ral de la Loterie nationale de Co\u0302te d'Ivoire (LONACI) a lance\u0301 aujourd\u2019hui les activ ...","breadcrumb":{"@id":"https:\/\/www.africa-press.net\/cotedivoire\/economie\/rentree-commerciale-2023-de-la-lonaci-le-dg-oeuvre-le-seminaire-interne-de-formation-et-de-partage-dexperiences-et-encourage-ses-collaborateurs-a-elargir-le-champ-de-la-certificatio#breadcrumb"},"inLanguage":"fr-FR","potentialAction":[{"@type":"ReadAction","target":["https:\/\/www.africa-press.net\/cotedivoire\/economie\/rentree-commerciale-2023-de-la-lonaci-le-dg-oeuvre-le-seminaire-interne-de-formation-et-de-partage-dexperiences-et-encourage-ses-collaborateurs-a-elargir-le-champ-de-la-certificatio"]}]},{"@type":"ImageObject","inLanguage":"fr-FR","@id":"https:\/\/www.africa-press.net\/cotedivoire\/economie\/rentree-commerciale-2023-de-la-lonaci-le-dg-oeuvre-le-seminaire-interne-de-formation-et-de-partage-dexperiences-et-encourage-ses-collaborateurs-a-elargir-le-champ-de-la-certificatio#primaryimage","url":"https:\/\/static.africa-press.net\/cote\/sites\/43\/2023\/05\/postQueueImg_1683035354.98.jpg","contentUrl":"https:\/\/static.africa-press.net\/cote\/sites\/43\/2023\/05\/postQueueImg_1683035354.98.jpg","width":720,"height":498,"caption":"Rentr\u00e9e commerciale 2023 de la LONACI, le DG \u0153uvre le s\u00e9minaire interne de formation et de partage d'exp\u00e9riences et encourage ses collaborateurs \u00e0 \u00e9largir le champ de la certificatio"},{"@type":"BreadcrumbList","@id":"https:\/\/www.africa-press.net\/cotedivoire\/economie\/rentree-commerciale-2023-de-la-lonaci-le-dg-oeuvre-le-seminaire-interne-de-formation-et-de-partage-dexperiences-et-encourage-ses-collaborateurs-a-elargir-le-champ-de-la-certificatio#breadcrumb","itemListElement":[{"@type":"ListItem","position":1,"name":"Accueil","item":"https:\/\/www.africa-press.net\/cotedivoire\/"},{"@type":"ListItem","position":2,"name":"Rentr\u00e9e commerciale 2023 de la LONACI, le DG \u0153uvre le s\u00e9minaire interne de formation et de partage d&#8217;exp\u00e9riences et encourage ses collaborateurs \u00e0 \u00e9largir le champ de la certificatio"}]},{"@type":"WebSite","@id":"https:\/\/www.africa-press.net\/cotedivoire\/#website","url":"https:\/\/www.africa-press.net\/cotedivoire\/","name":"C\u00f4te d&#039;Ivoire","description":"Just another Africa News Agency Sites site","potentialAction":[{"@type":"SearchAction","target":{"@type":"EntryPoint","urlTemplate":"https:\/\/www.africa-press.net\/cotedivoire\/?s={search_term_string}"},"query-input":{"@type":"PropertyValueSpecification","valueRequired":true,"valueName":"search_term_string"}}],"inLanguage":"fr-FR"},{"@type":"Person","@id":"https:\/\/www.africa-press.net\/cotedivoire\/#\/schema\/person\/2b1cf3cd81a31e3cd26889ca66d677f1","name":"cfeditorfr"}]}},"_links":{"self":[{"href":"https:\/\/www.africa-press.net\/cotedivoire\/wp-json\/wp\/v2\/posts\/57385","targetHints":{"allow":["GET"]}}],"collection":[{"href":"https:\/\/www.africa-press.net\/cotedivoire\/wp-json\/wp\/v2\/posts"}],"about":[{"href":"https:\/\/www.africa-press.net\/cotedivoire\/wp-json\/wp\/v2\/types\/post"}],"author":[{"embeddable":true,"href":"https:\/\/www.africa-press.net\/cotedivoire\/wp-json\/wp\/v2\/users\/82"}],"replies":[{"embeddable":true,"href":"https:\/\/www.africa-press.net\/cotedivoire\/wp-json\/wp\/v2\/comments?post=57385"}],"version-history":[{"count":0,"href":"https:\/\/www.africa-press.net\/cotedivoire\/wp-json\/wp\/v2\/posts\/57385\/revisions"}],"wp:featuredmedia":[{"embeddable":true,"href":"https:\/\/www.africa-press.net\/cotedivoire\/wp-json\/wp\/v2\/media\/57383"}],"wp:attachment":[{"href":"https:\/\/www.africa-press.net\/cotedivoire\/wp-json\/wp\/v2\/media?parent=57385"}],"wp:term":[{"taxonomy":"category","embeddable":true,"href":"https:\/\/www.africa-press.net\/cotedivoire\/wp-json\/wp\/v2\/categories?post=57385"},{"taxonomy":"post_tag","embeddable":true,"href":"https:\/\/www.africa-press.net\/cotedivoire\/wp-json\/wp\/v2\/tags?post=57385"}],"curies":[{"name":"wp","href":"https:\/\/api.w.org\/{rel}","templated":true}]}}