{"id":57614,"date":"2023-05-06T19:17:55","date_gmt":"2023-05-06T19:17:55","guid":{"rendered":"https:\/\/www.africa-press.net\/cotedivoire\/politique\/cote-divoire-le-pca-de-lapromac-annonce-la-mise-en-place-dune-academie-des-metiers-de-lhevea-et-plaide-pour-le-soutien-du-projet-de-labelisation-du-caoutchouc-naturel"},"modified":"2023-05-06T19:24:51","modified_gmt":"2023-05-06T19:24:51","slug":"cote-divoire-le-pca-de-lapromac-annonce-la-mise-en-place-dune-academie-des-metiers-de-lhevea-et-plaide-pour-le-soutien-du-projet-de-labelisation-du-caoutchouc-naturel","status":"publish","type":"post","link":"https:\/\/www.africa-press.net\/cotedivoire\/economie\/cote-divoire-le-pca-de-lapromac-annonce-la-mise-en-place-dune-academie-des-metiers-de-lhevea-et-plaide-pour-le-soutien-du-projet-de-labelisation-du-caoutchouc-naturel","title":{"rendered":"C\u00f4te d&rsquo;Ivoire:  Le PCA de l&rsquo;APROMAC annonce la mise en place d&rsquo;une acad\u00e9mie des m\u00e9tiers de l&rsquo;h\u00e9v\u00e9a et plaide pour le soutien du projet de lab\u00e9lisation du caoutchouc naturel"},"content":{"rendered":"<p><span style=\"color: #ff6600\"><strong>Africa-Press &#8211; C\u00f4te d&rsquo;Ivoire. <\/strong><\/span>Charles-Emmanuel Yace\u0301 et Serge Paco\u0302me Moro Kouame\u0301, respectivement, Pre\u0301sident du Conseil d\u2019Administration de l\u2019Association des Professionnels du Caoutchouc Naturel de Co\u0302te d\u2019Ivoire (APROMAC) et Secre\u0301taire Exe\u0301cutif de l\u2019APROMAC, ont e\u0301te\u0301 rec\u0327u hier en audience par Jeannot Ahoussou-Kouadio, Pre\u0301sident du Se\u0301nat au sie\u0300ge de l&rsquo;institution a\u0300 Cocody-Attoban.<\/p>\n<p>Au cours de cette audience, M. Yace\u0301 a pre\u0301sente\u0301 les de\u0301fis majeurs de l\u2019APROMAC. D&rsquo;entre\u0301e de jeu, le Pre\u0301sident a pre\u0301sente\u0301 la filie\u0300re He\u0301ve\u0301a et a de\u0301clare\u0301 que l&rsquo;APROMAC est compose\u0301e de deux colle\u0300ges. Il s&rsquo;agit, du Colle\u0300ge des Producteurs et de celui des Transformateurs.<\/p>\n<p>Le Pre\u0301sident a ensuite indique\u0301 que son ambition est de de\u0301velopper la filie\u0300re he\u0301ve\u0301a par la professionnalisation des acteurs a\u0300 travers le renforcement des capacite\u0301s et des moyens de production et de transformation.<\/p>\n<p>L&rsquo;APROMAC a cre\u0301e\u0301 le Fonds de De\u0301veloppement He\u0301ve\u0301a (FDH), en 2008, afin de supple\u0301er le manque de financement (externe) et de soutenir le de\u0301veloppement des plantations d\u2019he\u0301ve\u0301as.<\/p>\n<p>Selon Charles-Emmanuel Yace\u0301, il s\u2019est agi, au de\u0301part, d\u2019aider les planteurs a\u0300 cre\u0301er des plantations d\u2019he\u0301ve\u0301as et former les Ivoiriens aux me\u0301tiers de l\u2019he\u0301ve\u0301a et ensuite re\u0301habiliter des pistes des zones productrices d&rsquo;he\u0301ve\u0301a.<\/p>\n<p>L&rsquo;APROMAC compte un programme relatif a\u0300 la cre\u0301ation et a\u0300 la gestion durable de plantations d\u2019he\u0301ve\u0301a de qualite\u0301, un autre pour appuyer la formation aux me\u0301tiers de l\u2019he\u0301ve\u0301a et un troisie\u0300me pour l\u2019entretien des pistes d\u2019acce\u0300s aux plantations d\u2019he\u0301ve\u0301a.<\/p>\n<p>Selon le Pre\u0301sident a\u0300 ce jour, 150 000 ha de plantations d\u2019he\u0301ve\u0301a ont e\u0301te\u0301 cre\u0301e\u0301es a\u0300 partir de plants se\u0301lectionne\u0301s subventionne\u0301s, 8000 personnes ont e\u0301te\u0301 forme\u0301es aux me\u0301tiers de l\u2019he\u0301ve\u0301a, 2 350 kilome\u0300tres de pistes reprofile\u0301es, 10000 me\u0300tres line\u0301aires de buses pose\u0301es et 73 dalots construits pour faciliter l\u2019acce\u0300s aux plantations d\u2019he\u0301ve\u0301a et l\u2019e\u0301vacuation du caoutchouc des planteurs.<\/p>\n<p>Le PCA de l\u2019APROMAC a informe\u0301, le Pre\u0301sident du Se\u0301nat que la Co\u0302te d\u2019Ivoire est classe\u0301e 3e\u0300me producteur mondial de caoutchouc naturel. Il a soutenu que l\u2019APROMAC veut aller au-dela\u0300 de ces activite\u0301s de de\u0301veloppement. Donc, elle vise, a\u0300 moyen terme, la consolidation de ses acquis tant sur le plan national qu\u2019international, en amplifiant, notamment, les programmes de de\u0301veloppement.<\/p>\n<p>M. Yace\u0301 a annonce\u0301 la mise en place d&rsquo;une acade\u0301mie des me\u0301tiers de l&rsquo;he\u0301ve\u0301a et estime qu&rsquo;il est ne\u0301cessaire que le pays maintienne un e\u0301quilibre entre la production nationale et la capacite\u0301 d\u2019usinage installe\u0301e.<\/p>\n<p>La deuxie\u0300me transformation du caoutchouc ivoirien qui consistera essentiellement a\u0300 accroi\u0302tre la part de la 2e\u0300me transformation et a\u0300 adapter les modules de formation aux me\u0301tiers de celle-ci (2e\u0300me transformation) a e\u0301te\u0301 e\u0301voque\u0301e lors des e\u0301changes entre Ahoussou et ses ho\u0302tes.<\/p>\n<p>Selon lui, il est ne\u0301cessaire d\u2019adopter une de\u0301marche de durabilite\u0301, d\u2019ope\u0301rationnaliser de la \u00ab Centrale des Risques \u00bb et la labe\u0301lisation du caoutchouc produit en Co\u0302te d\u2019Ivoire.<\/p>\n<p>Le Pre\u0301sident de l&rsquo;APROMAC a insiste\u0301 sur les retombe\u0301es de la labe\u0301lisation du caoutchouc naturel Ivoirien, car elle va apporter une plus-value au caoutchouc Ivoirien sur le marche\u0301 international.<\/p>\n<p>C&rsquo;est pourquoi, il a plaide\u0301 aupre\u0300s du Pre\u0301sident Ahoussou afin qu\u2019il porte ce projet de labe\u0301lisation dont la mise en place pourra ame\u0301liorer les revenus de milliers d\u2019he\u0301ve\u0301aculteurs.<\/p>\n<p>Le Pre\u0301sident Jeannot Ahoussou-Kouadio s\u2019est re\u0301joui de cette visite de l\u2019APROMAC et a fe\u0301licite\u0301 Charles-Emmanuel Yace\u0301 pour sa de\u0301signation a\u0300 la te\u0302te de la faitie\u0300re he\u0301ve\u0301icole ivoirienne. Il l&rsquo;a encourage\u0301 a\u0300 poursuivre sur sa lance\u0301e et a salue\u0301 le projet de labe\u0301lisation du caoutchouc de Co\u0302te d\u2019Ivoire.<\/p>\n<p><strong>Pour plus d&rsquo;informations et d&rsquo;analyses sur la <a href=\"https:\/\/www.africa-press.net\/cotedivoire\">C\u00f4te d&rsquo;Ivoire<\/a>, suivez <a href=\"https:\/\/www.africa-press.net\/\">Africa-Press<\/a><\/strong><\/p>\n","protected":false},"excerpt":{"rendered":"<p>Africa-Press &#8211; C\u00f4te d&rsquo;Ivoire. Charles-Emmanuel Yace\u0301 et Serge Paco\u0302me Moro Kouame\u0301, respectivement, Pre\u0301sident du Conseil d\u2019Administration de l\u2019Association des Professionnels du Caoutchouc Naturel de Co\u0302te d\u2019Ivoire (APROMAC) et Secre\u0301taire Exe\u0301cutif de l\u2019APROMAC, ont e\u0301te\u0301 rec\u0327u hier en audience par Jeannot Ahoussou-Kouadio, Pre\u0301sident du Se\u0301nat au sie\u0300ge de l&rsquo;institution a\u0300 Cocody-Attoban. Au cours de cette audience, [&hellip;]<\/p>\n","protected":false},"author":82,"featured_media":57612,"comment_status":"open","ping_status":"closed","sticky":false,"template":"","format":"standard","meta":{"footnotes":""},"categories":[3,10],"tags":[56,63,1695,9625,29,871,9932],"class_list":["post-57614","post","type-post","status-publish","format-standard","has-post-thumbnail","hentry","category-economie","category-toutes-les-actualites","tag-africa-press","tag-africa-press-cote-divoire","tag-apromac","tag-charles-emmanuel-yace-2","tag-cote-divoire","tag-jeannot-ahoussou-kouadio","tag-serge-pacome-moto-kouame"],"yoast_head":"<!-- This site is optimized with the Yoast SEO Premium plugin v26.1 (Yoast SEO v27.0) - https:\/\/yoast.com\/product\/yoast-seo-premium-wordpress\/ -->\n<title>C\u00f4te d&#039;Ivoire: Le PCA de l&#039;APROMAC annonce la mise en place d&#039;une acad\u00e9mie des m\u00e9tiers de l&#039;h\u00e9v\u00e9a et plaide pour le soutien du projet de lab\u00e9lisation du caoutchouc naturel - C\u00f4te d&#039;Ivoire<\/title>\n<meta name=\"description\" content=\"Charles-Emmanuel Yace\u0301 et Serge Paco\u0302me Moro Kouame\u0301, respectivement, Pre\u0301sident du Conseil d\u2019Administration de l\u2019Associ ...\" \/>\n<meta name=\"robots\" content=\"index, follow, max-snippet:-1, max-image-preview:large, max-video-preview:-1\" \/>\n<link rel=\"canonical\" href=\"https:\/\/www.africa-press.net\/cotedivoire\/economie\/cote-divoire-le-pca-de-lapromac-annonce-la-mise-en-place-dune-academie-des-metiers-de-lhevea-et-plaide-pour-le-soutien-du-projet-de-labelisation-du-caoutchouc-naturel\" \/>\n<meta property=\"og:locale\" content=\"fr_FR\" \/>\n<meta property=\"og:type\" content=\"article\" \/>\n<meta property=\"og:title\" content=\"C\u00f4te d&#039;Ivoire: Le PCA de l&#039;APROMAC annonce la mise en place d&#039;une acad\u00e9mie des m\u00e9tiers de l&#039;h\u00e9v\u00e9a et plaide pour le soutien du projet de lab\u00e9lisation du caoutchouc naturel\" \/>\n<meta property=\"og:description\" content=\"Charles-Emmanuel Yace\u0301 et Serge Paco\u0302me Moro Kouame\u0301, respectivement, Pre\u0301sident du Conseil d\u2019Administration de l\u2019Associ ...\" \/>\n<meta property=\"og:url\" content=\"https:\/\/www.africa-press.net\/cotedivoire\/economie\/cote-divoire-le-pca-de-lapromac-annonce-la-mise-en-place-dune-academie-des-metiers-de-lhevea-et-plaide-pour-le-soutien-du-projet-de-labelisation-du-caoutchouc-naturel\" \/>\n<meta property=\"og:site_name\" content=\"C\u00f4te d&#039;Ivoire\" \/>\n<meta property=\"article:published_time\" content=\"2023-05-06T19:17:55+00:00\" \/>\n<meta property=\"article:modified_time\" content=\"2023-05-06T19:24:51+00:00\" \/>\n<meta property=\"og:image\" content=\"https:\/\/static.africa-press.net\/cote\/sites\/43\/2023\/05\/postQueueImg_1683384481.12.jpg\" \/>\n\t<meta property=\"og:image:width\" content=\"720\" \/>\n\t<meta property=\"og:image:height\" content=\"480\" \/>\n\t<meta property=\"og:image:type\" content=\"image\/jpeg\" \/>\n<meta name=\"author\" content=\"cfeditorfr\" \/>\n<meta name=\"twitter:card\" content=\"summary_large_image\" \/>\n<meta name=\"twitter:label1\" content=\"\u00c9crit par\" \/>\n\t<meta name=\"twitter:data1\" content=\"cfeditorfr\" \/>\n\t<meta name=\"twitter:label2\" content=\"Dur\u00e9e de lecture estim\u00e9e\" \/>\n\t<meta name=\"twitter:data2\" content=\"3 minutes\" \/>\n<script type=\"application\/ld+json\" class=\"yoast-schema-graph\">{\"@context\":\"https:\/\/schema.org\",\"@graph\":[{\"@type\":\"Article\",\"@id\":\"https:\/\/www.africa-press.net\/cotedivoire\/economie\/cote-divoire-le-pca-de-lapromac-annonce-la-mise-en-place-dune-academie-des-metiers-de-lhevea-et-plaide-pour-le-soutien-du-projet-de-labelisation-du-caoutchouc-naturel#article\",\"isPartOf\":{\"@id\":\"https:\/\/www.africa-press.net\/cotedivoire\/economie\/cote-divoire-le-pca-de-lapromac-annonce-la-mise-en-place-dune-academie-des-metiers-de-lhevea-et-plaide-pour-le-soutien-du-projet-de-labelisation-du-caoutchouc-naturel\"},\"author\":{\"name\":\"cfeditorfr\",\"@id\":\"https:\/\/www.africa-press.net\/cotedivoire\/#\/schema\/person\/2b1cf3cd81a31e3cd26889ca66d677f1\"},\"headline\":\"C\u00f4te d&rsquo;Ivoire: Le PCA de l&rsquo;APROMAC annonce la mise en place d&rsquo;une acad\u00e9mie des m\u00e9tiers de l&rsquo;h\u00e9v\u00e9a et plaide pour le soutien du projet de lab\u00e9lisation du caoutchouc naturel\",\"datePublished\":\"2023-05-06T19:17:55+00:00\",\"dateModified\":\"2023-05-06T19:24:51+00:00\",\"mainEntityOfPage\":{\"@id\":\"https:\/\/www.africa-press.net\/cotedivoire\/economie\/cote-divoire-le-pca-de-lapromac-annonce-la-mise-en-place-dune-academie-des-metiers-de-lhevea-et-plaide-pour-le-soutien-du-projet-de-labelisation-du-caoutchouc-naturel\"},\"wordCount\":771,\"commentCount\":0,\"image\":{\"@id\":\"https:\/\/www.africa-press.net\/cotedivoire\/economie\/cote-divoire-le-pca-de-lapromac-annonce-la-mise-en-place-dune-academie-des-metiers-de-lhevea-et-plaide-pour-le-soutien-du-projet-de-labelisation-du-caoutchouc-naturel#primaryimage\"},\"thumbnailUrl\":\"https:\/\/static.africa-press.net\/cote\/sites\/43\/2023\/05\/postQueueImg_1683384481.12.jpg\",\"keywords\":[\"Africa Press\",\"Africa Press-C\u00f4te d'Ivoire\",\"APROMAC\",\"Charles-Emmanuel Yac\u00e9\",\"C\u00d4TE D'IVOIRE\",\"Jeannot Ahoussou-Kouadio\",\"Serge Pac\u00f4me Moto Kouam\u00e9\"],\"articleSection\":[\"\u00c9conomie\",\"Toutes les actualit\u00e9s\"],\"inLanguage\":\"fr-FR\",\"potentialAction\":[{\"@type\":\"CommentAction\",\"name\":\"Comment\",\"target\":[\"https:\/\/www.africa-press.net\/cotedivoire\/economie\/cote-divoire-le-pca-de-lapromac-annonce-la-mise-en-place-dune-academie-des-metiers-de-lhevea-et-plaide-pour-le-soutien-du-projet-de-labelisation-du-caoutchouc-naturel#respond\"]}]},{\"@type\":\"WebPage\",\"@id\":\"https:\/\/www.africa-press.net\/cotedivoire\/economie\/cote-divoire-le-pca-de-lapromac-annonce-la-mise-en-place-dune-academie-des-metiers-de-lhevea-et-plaide-pour-le-soutien-du-projet-de-labelisation-du-caoutchouc-naturel\",\"url\":\"https:\/\/www.africa-press.net\/cotedivoire\/economie\/cote-divoire-le-pca-de-lapromac-annonce-la-mise-en-place-dune-academie-des-metiers-de-lhevea-et-plaide-pour-le-soutien-du-projet-de-labelisation-du-caoutchouc-naturel\",\"name\":\"C\u00f4te d'Ivoire: Le PCA de l'APROMAC annonce la mise en place d'une acad\u00e9mie des m\u00e9tiers de l'h\u00e9v\u00e9a et plaide pour le soutien du projet de lab\u00e9lisation du caoutchouc naturel - C\u00f4te d&#039;Ivoire\",\"isPartOf\":{\"@id\":\"https:\/\/www.africa-press.net\/cotedivoire\/#website\"},\"primaryImageOfPage\":{\"@id\":\"https:\/\/www.africa-press.net\/cotedivoire\/economie\/cote-divoire-le-pca-de-lapromac-annonce-la-mise-en-place-dune-academie-des-metiers-de-lhevea-et-plaide-pour-le-soutien-du-projet-de-labelisation-du-caoutchouc-naturel#primaryimage\"},\"image\":{\"@id\":\"https:\/\/www.africa-press.net\/cotedivoire\/economie\/cote-divoire-le-pca-de-lapromac-annonce-la-mise-en-place-dune-academie-des-metiers-de-lhevea-et-plaide-pour-le-soutien-du-projet-de-labelisation-du-caoutchouc-naturel#primaryimage\"},\"thumbnailUrl\":\"https:\/\/static.africa-press.net\/cote\/sites\/43\/2023\/05\/postQueueImg_1683384481.12.jpg\",\"datePublished\":\"2023-05-06T19:17:55+00:00\",\"dateModified\":\"2023-05-06T19:24:51+00:00\",\"author\":{\"@id\":\"https:\/\/www.africa-press.net\/cotedivoire\/#\/schema\/person\/2b1cf3cd81a31e3cd26889ca66d677f1\"},\"description\":\"Charles-Emmanuel Yace\u0301 et Serge Paco\u0302me Moro Kouame\u0301, respectivement, Pre\u0301sident du Conseil d\u2019Administration de l\u2019Associ ...\",\"breadcrumb\":{\"@id\":\"https:\/\/www.africa-press.net\/cotedivoire\/economie\/cote-divoire-le-pca-de-lapromac-annonce-la-mise-en-place-dune-academie-des-metiers-de-lhevea-et-plaide-pour-le-soutien-du-projet-de-labelisation-du-caoutchouc-naturel#breadcrumb\"},\"inLanguage\":\"fr-FR\",\"potentialAction\":[{\"@type\":\"ReadAction\",\"target\":[\"https:\/\/www.africa-press.net\/cotedivoire\/economie\/cote-divoire-le-pca-de-lapromac-annonce-la-mise-en-place-dune-academie-des-metiers-de-lhevea-et-plaide-pour-le-soutien-du-projet-de-labelisation-du-caoutchouc-naturel\"]}]},{\"@type\":\"ImageObject\",\"inLanguage\":\"fr-FR\",\"@id\":\"https:\/\/www.africa-press.net\/cotedivoire\/economie\/cote-divoire-le-pca-de-lapromac-annonce-la-mise-en-place-dune-academie-des-metiers-de-lhevea-et-plaide-pour-le-soutien-du-projet-de-labelisation-du-caoutchouc-naturel#primaryimage\",\"url\":\"https:\/\/static.africa-press.net\/cote\/sites\/43\/2023\/05\/postQueueImg_1683384481.12.jpg\",\"contentUrl\":\"https:\/\/static.africa-press.net\/cote\/sites\/43\/2023\/05\/postQueueImg_1683384481.12.jpg\",\"width\":720,\"height\":480,\"caption\":\"C\u00f4te d'Ivoire: Le PCA de l'APROMAC annonce la mise en place d'une acad\u00e9mie des m\u00e9tiers de l'h\u00e9v\u00e9a et plaide pour le soutien du projet de lab\u00e9lisation du caoutchouc naturel\"},{\"@type\":\"BreadcrumbList\",\"@id\":\"https:\/\/www.africa-press.net\/cotedivoire\/economie\/cote-divoire-le-pca-de-lapromac-annonce-la-mise-en-place-dune-academie-des-metiers-de-lhevea-et-plaide-pour-le-soutien-du-projet-de-labelisation-du-caoutchouc-naturel#breadcrumb\",\"itemListElement\":[{\"@type\":\"ListItem\",\"position\":1,\"name\":\"Accueil\",\"item\":\"https:\/\/www.africa-press.net\/cotedivoire\/\"},{\"@type\":\"ListItem\",\"position\":2,\"name\":\"C\u00f4te d&#8217;Ivoire: Le PCA de l&#8217;APROMAC annonce la mise en place d&#8217;une acad\u00e9mie des m\u00e9tiers de l&#8217;h\u00e9v\u00e9a et plaide pour le soutien du projet de lab\u00e9lisation du caoutchouc naturel\"}]},{\"@type\":\"WebSite\",\"@id\":\"https:\/\/www.africa-press.net\/cotedivoire\/#website\",\"url\":\"https:\/\/www.africa-press.net\/cotedivoire\/\",\"name\":\"C\u00f4te d&#039;Ivoire\",\"description\":\"Just another Africa News Agency Sites site\",\"potentialAction\":[{\"@type\":\"SearchAction\",\"target\":{\"@type\":\"EntryPoint\",\"urlTemplate\":\"https:\/\/www.africa-press.net\/cotedivoire\/?s={search_term_string}\"},\"query-input\":{\"@type\":\"PropertyValueSpecification\",\"valueRequired\":true,\"valueName\":\"search_term_string\"}}],\"inLanguage\":\"fr-FR\"},{\"@type\":\"Person\",\"@id\":\"https:\/\/www.africa-press.net\/cotedivoire\/#\/schema\/person\/2b1cf3cd81a31e3cd26889ca66d677f1\",\"name\":\"cfeditorfr\"}]}<\/script>\n<!-- \/ Yoast SEO Premium plugin. -->","yoast_head_json":{"title":"C\u00f4te d'Ivoire: Le PCA de l'APROMAC annonce la mise en place d'une acad\u00e9mie des m\u00e9tiers de l'h\u00e9v\u00e9a et plaide pour le soutien du projet de lab\u00e9lisation du caoutchouc naturel - C\u00f4te d&#039;Ivoire","description":"Charles-Emmanuel Yace\u0301 et Serge Paco\u0302me Moro Kouame\u0301, respectivement, Pre\u0301sident du Conseil d\u2019Administration de l\u2019Associ ...","robots":{"index":"index","follow":"follow","max-snippet":"max-snippet:-1","max-image-preview":"max-image-preview:large","max-video-preview":"max-video-preview:-1"},"canonical":"https:\/\/www.africa-press.net\/cotedivoire\/economie\/cote-divoire-le-pca-de-lapromac-annonce-la-mise-en-place-dune-academie-des-metiers-de-lhevea-et-plaide-pour-le-soutien-du-projet-de-labelisation-du-caoutchouc-naturel","og_locale":"fr_FR","og_type":"article","og_title":"C\u00f4te d'Ivoire: Le PCA de l'APROMAC annonce la mise en place d'une acad\u00e9mie des m\u00e9tiers de l'h\u00e9v\u00e9a et plaide pour le soutien du projet de lab\u00e9lisation du caoutchouc naturel","og_description":"Charles-Emmanuel Yace\u0301 et Serge Paco\u0302me Moro Kouame\u0301, respectivement, Pre\u0301sident du Conseil d\u2019Administration de l\u2019Associ ...","og_url":"https:\/\/www.africa-press.net\/cotedivoire\/economie\/cote-divoire-le-pca-de-lapromac-annonce-la-mise-en-place-dune-academie-des-metiers-de-lhevea-et-plaide-pour-le-soutien-du-projet-de-labelisation-du-caoutchouc-naturel","og_site_name":"C\u00f4te d&#039;Ivoire","article_published_time":"2023-05-06T19:17:55+00:00","article_modified_time":"2023-05-06T19:24:51+00:00","og_image":[{"width":720,"height":480,"url":"https:\/\/static.africa-press.net\/cote\/sites\/43\/2023\/05\/postQueueImg_1683384481.12.jpg","type":"image\/jpeg"}],"author":"cfeditorfr","twitter_card":"summary_large_image","twitter_misc":{"\u00c9crit par":"cfeditorfr","Dur\u00e9e de lecture estim\u00e9e":"3 minutes"},"schema":{"@context":"https:\/\/schema.org","@graph":[{"@type":"Article","@id":"https:\/\/www.africa-press.net\/cotedivoire\/economie\/cote-divoire-le-pca-de-lapromac-annonce-la-mise-en-place-dune-academie-des-metiers-de-lhevea-et-plaide-pour-le-soutien-du-projet-de-labelisation-du-caoutchouc-naturel#article","isPartOf":{"@id":"https:\/\/www.africa-press.net\/cotedivoire\/economie\/cote-divoire-le-pca-de-lapromac-annonce-la-mise-en-place-dune-academie-des-metiers-de-lhevea-et-plaide-pour-le-soutien-du-projet-de-labelisation-du-caoutchouc-naturel"},"author":{"name":"cfeditorfr","@id":"https:\/\/www.africa-press.net\/cotedivoire\/#\/schema\/person\/2b1cf3cd81a31e3cd26889ca66d677f1"},"headline":"C\u00f4te d&rsquo;Ivoire: Le PCA de l&rsquo;APROMAC annonce la mise en place d&rsquo;une acad\u00e9mie des m\u00e9tiers de l&rsquo;h\u00e9v\u00e9a et plaide pour le soutien du projet de lab\u00e9lisation du caoutchouc naturel","datePublished":"2023-05-06T19:17:55+00:00","dateModified":"2023-05-06T19:24:51+00:00","mainEntityOfPage":{"@id":"https:\/\/www.africa-press.net\/cotedivoire\/economie\/cote-divoire-le-pca-de-lapromac-annonce-la-mise-en-place-dune-academie-des-metiers-de-lhevea-et-plaide-pour-le-soutien-du-projet-de-labelisation-du-caoutchouc-naturel"},"wordCount":771,"commentCount":0,"image":{"@id":"https:\/\/www.africa-press.net\/cotedivoire\/economie\/cote-divoire-le-pca-de-lapromac-annonce-la-mise-en-place-dune-academie-des-metiers-de-lhevea-et-plaide-pour-le-soutien-du-projet-de-labelisation-du-caoutchouc-naturel#primaryimage"},"thumbnailUrl":"https:\/\/static.africa-press.net\/cote\/sites\/43\/2023\/05\/postQueueImg_1683384481.12.jpg","keywords":["Africa Press","Africa Press-C\u00f4te d'Ivoire","APROMAC","Charles-Emmanuel Yac\u00e9","C\u00d4TE D'IVOIRE","Jeannot Ahoussou-Kouadio","Serge Pac\u00f4me Moto Kouam\u00e9"],"articleSection":["\u00c9conomie","Toutes les actualit\u00e9s"],"inLanguage":"fr-FR","potentialAction":[{"@type":"CommentAction","name":"Comment","target":["https:\/\/www.africa-press.net\/cotedivoire\/economie\/cote-divoire-le-pca-de-lapromac-annonce-la-mise-en-place-dune-academie-des-metiers-de-lhevea-et-plaide-pour-le-soutien-du-projet-de-labelisation-du-caoutchouc-naturel#respond"]}]},{"@type":"WebPage","@id":"https:\/\/www.africa-press.net\/cotedivoire\/economie\/cote-divoire-le-pca-de-lapromac-annonce-la-mise-en-place-dune-academie-des-metiers-de-lhevea-et-plaide-pour-le-soutien-du-projet-de-labelisation-du-caoutchouc-naturel","url":"https:\/\/www.africa-press.net\/cotedivoire\/economie\/cote-divoire-le-pca-de-lapromac-annonce-la-mise-en-place-dune-academie-des-metiers-de-lhevea-et-plaide-pour-le-soutien-du-projet-de-labelisation-du-caoutchouc-naturel","name":"C\u00f4te d'Ivoire: Le PCA de l'APROMAC annonce la mise en place d'une acad\u00e9mie des m\u00e9tiers de l'h\u00e9v\u00e9a et plaide pour le soutien du projet de lab\u00e9lisation du caoutchouc naturel - C\u00f4te d&#039;Ivoire","isPartOf":{"@id":"https:\/\/www.africa-press.net\/cotedivoire\/#website"},"primaryImageOfPage":{"@id":"https:\/\/www.africa-press.net\/cotedivoire\/economie\/cote-divoire-le-pca-de-lapromac-annonce-la-mise-en-place-dune-academie-des-metiers-de-lhevea-et-plaide-pour-le-soutien-du-projet-de-labelisation-du-caoutchouc-naturel#primaryimage"},"image":{"@id":"https:\/\/www.africa-press.net\/cotedivoire\/economie\/cote-divoire-le-pca-de-lapromac-annonce-la-mise-en-place-dune-academie-des-metiers-de-lhevea-et-plaide-pour-le-soutien-du-projet-de-labelisation-du-caoutchouc-naturel#primaryimage"},"thumbnailUrl":"https:\/\/static.africa-press.net\/cote\/sites\/43\/2023\/05\/postQueueImg_1683384481.12.jpg","datePublished":"2023-05-06T19:17:55+00:00","dateModified":"2023-05-06T19:24:51+00:00","author":{"@id":"https:\/\/www.africa-press.net\/cotedivoire\/#\/schema\/person\/2b1cf3cd81a31e3cd26889ca66d677f1"},"description":"Charles-Emmanuel Yace\u0301 et Serge Paco\u0302me Moro Kouame\u0301, respectivement, Pre\u0301sident du Conseil d\u2019Administration de l\u2019Associ ...","breadcrumb":{"@id":"https:\/\/www.africa-press.net\/cotedivoire\/economie\/cote-divoire-le-pca-de-lapromac-annonce-la-mise-en-place-dune-academie-des-metiers-de-lhevea-et-plaide-pour-le-soutien-du-projet-de-labelisation-du-caoutchouc-naturel#breadcrumb"},"inLanguage":"fr-FR","potentialAction":[{"@type":"ReadAction","target":["https:\/\/www.africa-press.net\/cotedivoire\/economie\/cote-divoire-le-pca-de-lapromac-annonce-la-mise-en-place-dune-academie-des-metiers-de-lhevea-et-plaide-pour-le-soutien-du-projet-de-labelisation-du-caoutchouc-naturel"]}]},{"@type":"ImageObject","inLanguage":"fr-FR","@id":"https:\/\/www.africa-press.net\/cotedivoire\/economie\/cote-divoire-le-pca-de-lapromac-annonce-la-mise-en-place-dune-academie-des-metiers-de-lhevea-et-plaide-pour-le-soutien-du-projet-de-labelisation-du-caoutchouc-naturel#primaryimage","url":"https:\/\/static.africa-press.net\/cote\/sites\/43\/2023\/05\/postQueueImg_1683384481.12.jpg","contentUrl":"https:\/\/static.africa-press.net\/cote\/sites\/43\/2023\/05\/postQueueImg_1683384481.12.jpg","width":720,"height":480,"caption":"C\u00f4te d'Ivoire: Le PCA de l'APROMAC annonce la mise en place d'une acad\u00e9mie des m\u00e9tiers de l'h\u00e9v\u00e9a et plaide pour le soutien du projet de lab\u00e9lisation du caoutchouc naturel"},{"@type":"BreadcrumbList","@id":"https:\/\/www.africa-press.net\/cotedivoire\/economie\/cote-divoire-le-pca-de-lapromac-annonce-la-mise-en-place-dune-academie-des-metiers-de-lhevea-et-plaide-pour-le-soutien-du-projet-de-labelisation-du-caoutchouc-naturel#breadcrumb","itemListElement":[{"@type":"ListItem","position":1,"name":"Accueil","item":"https:\/\/www.africa-press.net\/cotedivoire\/"},{"@type":"ListItem","position":2,"name":"C\u00f4te d&#8217;Ivoire: Le PCA de l&#8217;APROMAC annonce la mise en place d&#8217;une acad\u00e9mie des m\u00e9tiers de l&#8217;h\u00e9v\u00e9a et plaide pour le soutien du projet de lab\u00e9lisation du caoutchouc naturel"}]},{"@type":"WebSite","@id":"https:\/\/www.africa-press.net\/cotedivoire\/#website","url":"https:\/\/www.africa-press.net\/cotedivoire\/","name":"C\u00f4te d&#039;Ivoire","description":"Just another Africa News Agency Sites site","potentialAction":[{"@type":"SearchAction","target":{"@type":"EntryPoint","urlTemplate":"https:\/\/www.africa-press.net\/cotedivoire\/?s={search_term_string}"},"query-input":{"@type":"PropertyValueSpecification","valueRequired":true,"valueName":"search_term_string"}}],"inLanguage":"fr-FR"},{"@type":"Person","@id":"https:\/\/www.africa-press.net\/cotedivoire\/#\/schema\/person\/2b1cf3cd81a31e3cd26889ca66d677f1","name":"cfeditorfr"}]}},"_links":{"self":[{"href":"https:\/\/www.africa-press.net\/cotedivoire\/wp-json\/wp\/v2\/posts\/57614","targetHints":{"allow":["GET"]}}],"collection":[{"href":"https:\/\/www.africa-press.net\/cotedivoire\/wp-json\/wp\/v2\/posts"}],"about":[{"href":"https:\/\/www.africa-press.net\/cotedivoire\/wp-json\/wp\/v2\/types\/post"}],"author":[{"embeddable":true,"href":"https:\/\/www.africa-press.net\/cotedivoire\/wp-json\/wp\/v2\/users\/82"}],"replies":[{"embeddable":true,"href":"https:\/\/www.africa-press.net\/cotedivoire\/wp-json\/wp\/v2\/comments?post=57614"}],"version-history":[{"count":0,"href":"https:\/\/www.africa-press.net\/cotedivoire\/wp-json\/wp\/v2\/posts\/57614\/revisions"}],"wp:featuredmedia":[{"embeddable":true,"href":"https:\/\/www.africa-press.net\/cotedivoire\/wp-json\/wp\/v2\/media\/57612"}],"wp:attachment":[{"href":"https:\/\/www.africa-press.net\/cotedivoire\/wp-json\/wp\/v2\/media?parent=57614"}],"wp:term":[{"taxonomy":"category","embeddable":true,"href":"https:\/\/www.africa-press.net\/cotedivoire\/wp-json\/wp\/v2\/categories?post=57614"},{"taxonomy":"post_tag","embeddable":true,"href":"https:\/\/www.africa-press.net\/cotedivoire\/wp-json\/wp\/v2\/tags?post=57614"}],"curies":[{"name":"wp","href":"https:\/\/api.w.org\/{rel}","templated":true}]}}