{"id":57684,"date":"2023-05-08T17:10:36","date_gmt":"2023-05-08T17:10:36","guid":{"rendered":"https:\/\/www.africa-press.net\/cotedivoire\/politique\/regionales-dans-le-haut-sassandra-le-candidat-mamadou-toure-nous-savons-que-nous-allons-gagner-ces-elections"},"modified":"2023-05-08T17:41:30","modified_gmt":"2023-05-08T17:41:30","slug":"regionales-dans-le-haut-sassandra-le-candidat-mamadou-toure-nous-savons-que-nous-allons-gagner-ces-elections","status":"publish","type":"post","link":"https:\/\/www.africa-press.net\/cotedivoire\/politique\/regionales-dans-le-haut-sassandra-le-candidat-mamadou-toure-nous-savons-que-nous-allons-gagner-ces-elections","title":{"rendered":"R\u00e9gionales dans le Haut-Sassandra, le candidat Mamadou Tour\u00e9 : \u00ab Nous savons que nous allons gagner ces \u00e9lections \u00bb"},"content":{"rendered":"<p><span style=\"color: #ff6600\"><strong>Africa-Press &#8211; C\u00f4te d&rsquo;Ivoire. <\/strong><\/span>Le candidat du Rassemblement des Houphoue\u0308tistes pour la De\u0301mocratie et la Paix (RHDP), pour les e\u0301lections Re\u0301gionales du 02 septembre 2023, Mamadou Toure\u0301, est confiant quant a\u0300 la victoire de son parti.<\/p>\n<p>Le ministre l\u2019a affiche\u0301 lors d\u2019un meeting samedi dernier au quartier Abattoir de Daloa. \u00ab Nous savons que nous allons gagner ces e\u0301lections. Daloa est RHDP. Daloa sera ce qu\u2019Alassane Ouattara voudra \u00bb, a-t-il annonce\u0301.<\/p>\n<p>Mamadou Toure\u0301 a rappele\u0301 que, les dernie\u0300res e\u0301lections le\u0301gislatives qui ont vu la participation de tous les grands partis politiques en Co\u0302te d\u2019Ivoire, le RHDP s\u2019en est sorti majoritaire dans le Haut-Sassandra avec 11 sur 15 de\u0301pute\u0301s et 5 sur 6 communes. \u00ab Avec c\u0327a on ne peut pas perdre ces e\u0301lections\u00bb, insiste-t-il.<\/p>\n<p>Mamadou Toure\u0301 candidats du RHDP aux e\u0301lections Re\u0301gionales aura face a\u0300 lui Ste\u0301phane Kipre\u0301 du PPA-CI, le pre\u0301sident sortant, Alphonse Dje\u0301dje\u0301 Mady du PDCI-RDA.<\/p>\n<p><strong>Pour plus d&rsquo;informations et d&rsquo;analyses sur la <a href=\"https:\/\/www.africa-press.net\/cotedivoire\">C\u00f4te d&rsquo;Ivoire<\/a>, suivez <a href=\"https:\/\/www.africa-press.net\/\">Africa-Press<\/a><\/strong><\/p>\n","protected":false},"excerpt":{"rendered":"<p>Africa-Press &#8211; C\u00f4te d&rsquo;Ivoire. Le candidat du Rassemblement des Houphoue\u0308tistes pour la De\u0301mocratie et la Paix (RHDP), pour les e\u0301lections Re\u0301gionales du 02 septembre 2023, Mamadou Toure\u0301, est confiant quant a\u0300 la victoire de son parti. Le ministre l\u2019a affiche\u0301 lors d\u2019un meeting samedi dernier au quartier Abattoir de Daloa. \u00ab Nous savons que nous [&hellip;]<\/p>\n","protected":false},"author":82,"featured_media":57682,"comment_status":"open","ping_status":"closed","sticky":false,"template":"","format":"standard","meta":{"footnotes":""},"categories":[2,10],"tags":[56,63,29,1074,3087,4961,1652,3655,371,356],"class_list":["post-57684","post","type-post","status-publish","format-standard","has-post-thumbnail","hentry","category-politique","category-toutes-les-actualites","tag-africa-press","tag-africa-press-cote-divoire","tag-cote-divoire","tag-daloa","tag-djedje-mady","tag-haut-sassandra","tag-mamadou-toure","tag-regionales","tag-rhdp","tag-stephane-kipre"],"yoast_head":"<!-- This site is optimized with the Yoast SEO Premium plugin v26.1 (Yoast SEO v27.0) - https:\/\/yoast.com\/product\/yoast-seo-premium-wordpress\/ -->\n<title>R\u00e9gionales dans le Haut-Sassandra, le candidat Mamadou Tour\u00e9 : \u00ab Nous savons que nous allons gagner ces \u00e9lections \u00bb - C\u00f4te d&#039;Ivoire<\/title>\n<meta name=\"description\" content=\"Le candidat du Rassemblement des Houphoue\u0308tistes pour la De\u0301mocratie et la Paix (RHDP), pour les e\u0301lections Re\u0301gionales ...\" \/>\n<meta name=\"robots\" content=\"index, follow, max-snippet:-1, max-image-preview:large, max-video-preview:-1\" \/>\n<link rel=\"canonical\" href=\"https:\/\/www.africa-press.net\/cotedivoire\/politique\/regionales-dans-le-haut-sassandra-le-candidat-mamadou-toure-nous-savons-que-nous-allons-gagner-ces-elections\" \/>\n<meta property=\"og:locale\" content=\"fr_FR\" \/>\n<meta property=\"og:type\" content=\"article\" \/>\n<meta property=\"og:title\" content=\"R\u00e9gionales dans le Haut-Sassandra, le candidat Mamadou Tour\u00e9 : \u00ab Nous savons que nous allons gagner ces \u00e9lections \u00bb\" \/>\n<meta property=\"og:description\" content=\"Le candidat du Rassemblement des Houphoue\u0308tistes pour la De\u0301mocratie et la Paix (RHDP), pour les e\u0301lections Re\u0301gionales ...\" \/>\n<meta property=\"og:url\" content=\"https:\/\/www.africa-press.net\/cotedivoire\/politique\/regionales-dans-le-haut-sassandra-le-candidat-mamadou-toure-nous-savons-que-nous-allons-gagner-ces-elections\" \/>\n<meta property=\"og:site_name\" content=\"C\u00f4te d&#039;Ivoire\" \/>\n<meta property=\"article:published_time\" content=\"2023-05-08T17:10:36+00:00\" \/>\n<meta property=\"article:modified_time\" content=\"2023-05-08T17:41:30+00:00\" \/>\n<meta property=\"og:image\" content=\"https:\/\/static.africa-press.net\/cote\/sites\/43\/2023\/05\/postQueueImg_1683549641.98.jpg\" \/>\n\t<meta property=\"og:image:width\" content=\"720\" \/>\n\t<meta property=\"og:image:height\" content=\"411\" \/>\n\t<meta property=\"og:image:type\" content=\"image\/jpeg\" \/>\n<meta name=\"author\" content=\"cfeditorfr\" \/>\n<meta name=\"twitter:card\" content=\"summary_large_image\" \/>\n<meta name=\"twitter:label1\" content=\"\u00c9crit par\" \/>\n\t<meta name=\"twitter:data1\" content=\"cfeditorfr\" \/>\n\t<meta name=\"twitter:label2\" content=\"Dur\u00e9e de lecture estim\u00e9e\" \/>\n\t<meta name=\"twitter:data2\" content=\"1 minute\" \/>\n<script type=\"application\/ld+json\" class=\"yoast-schema-graph\">{\"@context\":\"https:\/\/schema.org\",\"@graph\":[{\"@type\":\"Article\",\"@id\":\"https:\/\/www.africa-press.net\/cotedivoire\/politique\/regionales-dans-le-haut-sassandra-le-candidat-mamadou-toure-nous-savons-que-nous-allons-gagner-ces-elections#article\",\"isPartOf\":{\"@id\":\"https:\/\/www.africa-press.net\/cotedivoire\/politique\/regionales-dans-le-haut-sassandra-le-candidat-mamadou-toure-nous-savons-que-nous-allons-gagner-ces-elections\"},\"author\":{\"name\":\"cfeditorfr\",\"@id\":\"https:\/\/www.africa-press.net\/cotedivoire\/#\/schema\/person\/2b1cf3cd81a31e3cd26889ca66d677f1\"},\"headline\":\"R\u00e9gionales dans le Haut-Sassandra, le candidat Mamadou Tour\u00e9 : \u00ab Nous savons que nous allons gagner ces \u00e9lections \u00bb\",\"datePublished\":\"2023-05-08T17:10:36+00:00\",\"dateModified\":\"2023-05-08T17:41:30+00:00\",\"mainEntityOfPage\":{\"@id\":\"https:\/\/www.africa-press.net\/cotedivoire\/politique\/regionales-dans-le-haut-sassandra-le-candidat-mamadou-toure-nous-savons-que-nous-allons-gagner-ces-elections\"},\"wordCount\":196,\"commentCount\":0,\"image\":{\"@id\":\"https:\/\/www.africa-press.net\/cotedivoire\/politique\/regionales-dans-le-haut-sassandra-le-candidat-mamadou-toure-nous-savons-que-nous-allons-gagner-ces-elections#primaryimage\"},\"thumbnailUrl\":\"https:\/\/static.africa-press.net\/cote\/sites\/43\/2023\/05\/postQueueImg_1683549641.98.jpg\",\"keywords\":[\"Africa Press\",\"Africa Press-C\u00f4te d'Ivoire\",\"C\u00d4TE D'IVOIRE\",\"Daloa\",\"Dj\u00e9dj\u00e9 Mady\",\"Haut-Sassandra\",\"Mamadou Tour\u00e9\",\"r\u00e9gionales\",\"RHDP\",\"St\u00e9phane Kipr\u00e9\"],\"articleSection\":[\"Politique\",\"Toutes les actualit\u00e9s\"],\"inLanguage\":\"fr-FR\",\"potentialAction\":[{\"@type\":\"CommentAction\",\"name\":\"Comment\",\"target\":[\"https:\/\/www.africa-press.net\/cotedivoire\/politique\/regionales-dans-le-haut-sassandra-le-candidat-mamadou-toure-nous-savons-que-nous-allons-gagner-ces-elections#respond\"]}]},{\"@type\":\"WebPage\",\"@id\":\"https:\/\/www.africa-press.net\/cotedivoire\/politique\/regionales-dans-le-haut-sassandra-le-candidat-mamadou-toure-nous-savons-que-nous-allons-gagner-ces-elections\",\"url\":\"https:\/\/www.africa-press.net\/cotedivoire\/politique\/regionales-dans-le-haut-sassandra-le-candidat-mamadou-toure-nous-savons-que-nous-allons-gagner-ces-elections\",\"name\":\"R\u00e9gionales dans le Haut-Sassandra, le candidat Mamadou Tour\u00e9 : \u00ab Nous savons que nous allons gagner ces \u00e9lections \u00bb - C\u00f4te d&#039;Ivoire\",\"isPartOf\":{\"@id\":\"https:\/\/www.africa-press.net\/cotedivoire\/#website\"},\"primaryImageOfPage\":{\"@id\":\"https:\/\/www.africa-press.net\/cotedivoire\/politique\/regionales-dans-le-haut-sassandra-le-candidat-mamadou-toure-nous-savons-que-nous-allons-gagner-ces-elections#primaryimage\"},\"image\":{\"@id\":\"https:\/\/www.africa-press.net\/cotedivoire\/politique\/regionales-dans-le-haut-sassandra-le-candidat-mamadou-toure-nous-savons-que-nous-allons-gagner-ces-elections#primaryimage\"},\"thumbnailUrl\":\"https:\/\/static.africa-press.net\/cote\/sites\/43\/2023\/05\/postQueueImg_1683549641.98.jpg\",\"datePublished\":\"2023-05-08T17:10:36+00:00\",\"dateModified\":\"2023-05-08T17:41:30+00:00\",\"author\":{\"@id\":\"https:\/\/www.africa-press.net\/cotedivoire\/#\/schema\/person\/2b1cf3cd81a31e3cd26889ca66d677f1\"},\"description\":\"Le candidat du Rassemblement des Houphoue\u0308tistes pour la De\u0301mocratie et la Paix (RHDP), pour les e\u0301lections Re\u0301gionales ...\",\"breadcrumb\":{\"@id\":\"https:\/\/www.africa-press.net\/cotedivoire\/politique\/regionales-dans-le-haut-sassandra-le-candidat-mamadou-toure-nous-savons-que-nous-allons-gagner-ces-elections#breadcrumb\"},\"inLanguage\":\"fr-FR\",\"potentialAction\":[{\"@type\":\"ReadAction\",\"target\":[\"https:\/\/www.africa-press.net\/cotedivoire\/politique\/regionales-dans-le-haut-sassandra-le-candidat-mamadou-toure-nous-savons-que-nous-allons-gagner-ces-elections\"]}]},{\"@type\":\"ImageObject\",\"inLanguage\":\"fr-FR\",\"@id\":\"https:\/\/www.africa-press.net\/cotedivoire\/politique\/regionales-dans-le-haut-sassandra-le-candidat-mamadou-toure-nous-savons-que-nous-allons-gagner-ces-elections#primaryimage\",\"url\":\"https:\/\/static.africa-press.net\/cote\/sites\/43\/2023\/05\/postQueueImg_1683549641.98.jpg\",\"contentUrl\":\"https:\/\/static.africa-press.net\/cote\/sites\/43\/2023\/05\/postQueueImg_1683549641.98.jpg\",\"width\":720,\"height\":411,\"caption\":\"R\u00e9gionales dans le Haut-Sassandra, le candidat Mamadou Tour\u00e9 : \u00ab Nous savons que nous allons gagner ces \u00e9lections \u00bb\"},{\"@type\":\"BreadcrumbList\",\"@id\":\"https:\/\/www.africa-press.net\/cotedivoire\/politique\/regionales-dans-le-haut-sassandra-le-candidat-mamadou-toure-nous-savons-que-nous-allons-gagner-ces-elections#breadcrumb\",\"itemListElement\":[{\"@type\":\"ListItem\",\"position\":1,\"name\":\"Accueil\",\"item\":\"https:\/\/www.africa-press.net\/cotedivoire\/\"},{\"@type\":\"ListItem\",\"position\":2,\"name\":\"R\u00e9gionales dans le Haut-Sassandra, le candidat Mamadou Tour\u00e9 : \u00ab Nous savons que nous allons gagner ces \u00e9lections \u00bb\"}]},{\"@type\":\"WebSite\",\"@id\":\"https:\/\/www.africa-press.net\/cotedivoire\/#website\",\"url\":\"https:\/\/www.africa-press.net\/cotedivoire\/\",\"name\":\"C\u00f4te d&#039;Ivoire\",\"description\":\"Just another Africa News Agency Sites site\",\"potentialAction\":[{\"@type\":\"SearchAction\",\"target\":{\"@type\":\"EntryPoint\",\"urlTemplate\":\"https:\/\/www.africa-press.net\/cotedivoire\/?s={search_term_string}\"},\"query-input\":{\"@type\":\"PropertyValueSpecification\",\"valueRequired\":true,\"valueName\":\"search_term_string\"}}],\"inLanguage\":\"fr-FR\"},{\"@type\":\"Person\",\"@id\":\"https:\/\/www.africa-press.net\/cotedivoire\/#\/schema\/person\/2b1cf3cd81a31e3cd26889ca66d677f1\",\"name\":\"cfeditorfr\"}]}<\/script>\n<!-- \/ Yoast SEO Premium plugin. -->","yoast_head_json":{"title":"R\u00e9gionales dans le Haut-Sassandra, le candidat Mamadou Tour\u00e9 : \u00ab Nous savons que nous allons gagner ces \u00e9lections \u00bb - C\u00f4te d&#039;Ivoire","description":"Le candidat du Rassemblement des Houphoue\u0308tistes pour la De\u0301mocratie et la Paix (RHDP), pour les e\u0301lections Re\u0301gionales ...","robots":{"index":"index","follow":"follow","max-snippet":"max-snippet:-1","max-image-preview":"max-image-preview:large","max-video-preview":"max-video-preview:-1"},"canonical":"https:\/\/www.africa-press.net\/cotedivoire\/politique\/regionales-dans-le-haut-sassandra-le-candidat-mamadou-toure-nous-savons-que-nous-allons-gagner-ces-elections","og_locale":"fr_FR","og_type":"article","og_title":"R\u00e9gionales dans le Haut-Sassandra, le candidat Mamadou Tour\u00e9 : \u00ab Nous savons que nous allons gagner ces \u00e9lections \u00bb","og_description":"Le candidat du Rassemblement des Houphoue\u0308tistes pour la De\u0301mocratie et la Paix (RHDP), pour les e\u0301lections Re\u0301gionales ...","og_url":"https:\/\/www.africa-press.net\/cotedivoire\/politique\/regionales-dans-le-haut-sassandra-le-candidat-mamadou-toure-nous-savons-que-nous-allons-gagner-ces-elections","og_site_name":"C\u00f4te d&#039;Ivoire","article_published_time":"2023-05-08T17:10:36+00:00","article_modified_time":"2023-05-08T17:41:30+00:00","og_image":[{"width":720,"height":411,"url":"https:\/\/static.africa-press.net\/cote\/sites\/43\/2023\/05\/postQueueImg_1683549641.98.jpg","type":"image\/jpeg"}],"author":"cfeditorfr","twitter_card":"summary_large_image","twitter_misc":{"\u00c9crit par":"cfeditorfr","Dur\u00e9e de lecture estim\u00e9e":"1 minute"},"schema":{"@context":"https:\/\/schema.org","@graph":[{"@type":"Article","@id":"https:\/\/www.africa-press.net\/cotedivoire\/politique\/regionales-dans-le-haut-sassandra-le-candidat-mamadou-toure-nous-savons-que-nous-allons-gagner-ces-elections#article","isPartOf":{"@id":"https:\/\/www.africa-press.net\/cotedivoire\/politique\/regionales-dans-le-haut-sassandra-le-candidat-mamadou-toure-nous-savons-que-nous-allons-gagner-ces-elections"},"author":{"name":"cfeditorfr","@id":"https:\/\/www.africa-press.net\/cotedivoire\/#\/schema\/person\/2b1cf3cd81a31e3cd26889ca66d677f1"},"headline":"R\u00e9gionales dans le Haut-Sassandra, le candidat Mamadou Tour\u00e9 : \u00ab Nous savons que nous allons gagner ces \u00e9lections \u00bb","datePublished":"2023-05-08T17:10:36+00:00","dateModified":"2023-05-08T17:41:30+00:00","mainEntityOfPage":{"@id":"https:\/\/www.africa-press.net\/cotedivoire\/politique\/regionales-dans-le-haut-sassandra-le-candidat-mamadou-toure-nous-savons-que-nous-allons-gagner-ces-elections"},"wordCount":196,"commentCount":0,"image":{"@id":"https:\/\/www.africa-press.net\/cotedivoire\/politique\/regionales-dans-le-haut-sassandra-le-candidat-mamadou-toure-nous-savons-que-nous-allons-gagner-ces-elections#primaryimage"},"thumbnailUrl":"https:\/\/static.africa-press.net\/cote\/sites\/43\/2023\/05\/postQueueImg_1683549641.98.jpg","keywords":["Africa Press","Africa Press-C\u00f4te d'Ivoire","C\u00d4TE D'IVOIRE","Daloa","Dj\u00e9dj\u00e9 Mady","Haut-Sassandra","Mamadou Tour\u00e9","r\u00e9gionales","RHDP","St\u00e9phane Kipr\u00e9"],"articleSection":["Politique","Toutes les actualit\u00e9s"],"inLanguage":"fr-FR","potentialAction":[{"@type":"CommentAction","name":"Comment","target":["https:\/\/www.africa-press.net\/cotedivoire\/politique\/regionales-dans-le-haut-sassandra-le-candidat-mamadou-toure-nous-savons-que-nous-allons-gagner-ces-elections#respond"]}]},{"@type":"WebPage","@id":"https:\/\/www.africa-press.net\/cotedivoire\/politique\/regionales-dans-le-haut-sassandra-le-candidat-mamadou-toure-nous-savons-que-nous-allons-gagner-ces-elections","url":"https:\/\/www.africa-press.net\/cotedivoire\/politique\/regionales-dans-le-haut-sassandra-le-candidat-mamadou-toure-nous-savons-que-nous-allons-gagner-ces-elections","name":"R\u00e9gionales dans le Haut-Sassandra, le candidat Mamadou Tour\u00e9 : \u00ab Nous savons que nous allons gagner ces \u00e9lections \u00bb - C\u00f4te d&#039;Ivoire","isPartOf":{"@id":"https:\/\/www.africa-press.net\/cotedivoire\/#website"},"primaryImageOfPage":{"@id":"https:\/\/www.africa-press.net\/cotedivoire\/politique\/regionales-dans-le-haut-sassandra-le-candidat-mamadou-toure-nous-savons-que-nous-allons-gagner-ces-elections#primaryimage"},"image":{"@id":"https:\/\/www.africa-press.net\/cotedivoire\/politique\/regionales-dans-le-haut-sassandra-le-candidat-mamadou-toure-nous-savons-que-nous-allons-gagner-ces-elections#primaryimage"},"thumbnailUrl":"https:\/\/static.africa-press.net\/cote\/sites\/43\/2023\/05\/postQueueImg_1683549641.98.jpg","datePublished":"2023-05-08T17:10:36+00:00","dateModified":"2023-05-08T17:41:30+00:00","author":{"@id":"https:\/\/www.africa-press.net\/cotedivoire\/#\/schema\/person\/2b1cf3cd81a31e3cd26889ca66d677f1"},"description":"Le candidat du Rassemblement des Houphoue\u0308tistes pour la De\u0301mocratie et la Paix (RHDP), pour les e\u0301lections Re\u0301gionales ...","breadcrumb":{"@id":"https:\/\/www.africa-press.net\/cotedivoire\/politique\/regionales-dans-le-haut-sassandra-le-candidat-mamadou-toure-nous-savons-que-nous-allons-gagner-ces-elections#breadcrumb"},"inLanguage":"fr-FR","potentialAction":[{"@type":"ReadAction","target":["https:\/\/www.africa-press.net\/cotedivoire\/politique\/regionales-dans-le-haut-sassandra-le-candidat-mamadou-toure-nous-savons-que-nous-allons-gagner-ces-elections"]}]},{"@type":"ImageObject","inLanguage":"fr-FR","@id":"https:\/\/www.africa-press.net\/cotedivoire\/politique\/regionales-dans-le-haut-sassandra-le-candidat-mamadou-toure-nous-savons-que-nous-allons-gagner-ces-elections#primaryimage","url":"https:\/\/static.africa-press.net\/cote\/sites\/43\/2023\/05\/postQueueImg_1683549641.98.jpg","contentUrl":"https:\/\/static.africa-press.net\/cote\/sites\/43\/2023\/05\/postQueueImg_1683549641.98.jpg","width":720,"height":411,"caption":"R\u00e9gionales dans le Haut-Sassandra, le candidat Mamadou Tour\u00e9 : \u00ab Nous savons que nous allons gagner ces \u00e9lections \u00bb"},{"@type":"BreadcrumbList","@id":"https:\/\/www.africa-press.net\/cotedivoire\/politique\/regionales-dans-le-haut-sassandra-le-candidat-mamadou-toure-nous-savons-que-nous-allons-gagner-ces-elections#breadcrumb","itemListElement":[{"@type":"ListItem","position":1,"name":"Accueil","item":"https:\/\/www.africa-press.net\/cotedivoire\/"},{"@type":"ListItem","position":2,"name":"R\u00e9gionales dans le Haut-Sassandra, le candidat Mamadou Tour\u00e9 : \u00ab Nous savons que nous allons gagner ces \u00e9lections \u00bb"}]},{"@type":"WebSite","@id":"https:\/\/www.africa-press.net\/cotedivoire\/#website","url":"https:\/\/www.africa-press.net\/cotedivoire\/","name":"C\u00f4te d&#039;Ivoire","description":"Just another Africa News Agency Sites site","potentialAction":[{"@type":"SearchAction","target":{"@type":"EntryPoint","urlTemplate":"https:\/\/www.africa-press.net\/cotedivoire\/?s={search_term_string}"},"query-input":{"@type":"PropertyValueSpecification","valueRequired":true,"valueName":"search_term_string"}}],"inLanguage":"fr-FR"},{"@type":"Person","@id":"https:\/\/www.africa-press.net\/cotedivoire\/#\/schema\/person\/2b1cf3cd81a31e3cd26889ca66d677f1","name":"cfeditorfr"}]}},"_links":{"self":[{"href":"https:\/\/www.africa-press.net\/cotedivoire\/wp-json\/wp\/v2\/posts\/57684","targetHints":{"allow":["GET"]}}],"collection":[{"href":"https:\/\/www.africa-press.net\/cotedivoire\/wp-json\/wp\/v2\/posts"}],"about":[{"href":"https:\/\/www.africa-press.net\/cotedivoire\/wp-json\/wp\/v2\/types\/post"}],"author":[{"embeddable":true,"href":"https:\/\/www.africa-press.net\/cotedivoire\/wp-json\/wp\/v2\/users\/82"}],"replies":[{"embeddable":true,"href":"https:\/\/www.africa-press.net\/cotedivoire\/wp-json\/wp\/v2\/comments?post=57684"}],"version-history":[{"count":0,"href":"https:\/\/www.africa-press.net\/cotedivoire\/wp-json\/wp\/v2\/posts\/57684\/revisions"}],"wp:featuredmedia":[{"embeddable":true,"href":"https:\/\/www.africa-press.net\/cotedivoire\/wp-json\/wp\/v2\/media\/57682"}],"wp:attachment":[{"href":"https:\/\/www.africa-press.net\/cotedivoire\/wp-json\/wp\/v2\/media?parent=57684"}],"wp:term":[{"taxonomy":"category","embeddable":true,"href":"https:\/\/www.africa-press.net\/cotedivoire\/wp-json\/wp\/v2\/categories?post=57684"},{"taxonomy":"post_tag","embeddable":true,"href":"https:\/\/www.africa-press.net\/cotedivoire\/wp-json\/wp\/v2\/tags?post=57684"}],"curies":[{"name":"wp","href":"https:\/\/api.w.org\/{rel}","templated":true}]}}