{"id":57753,"date":"2023-05-09T15:46:58","date_gmt":"2023-05-09T15:46:58","guid":{"rendered":"https:\/\/www.africa-press.net\/cotedivoire\/politique\/lancement-du-controle-intensif-et-de-demantelement-des-reseaux-dans-plusieurs-etablissements-sanitaires-prives-a-abidjan"},"modified":"2023-05-09T16:00:50","modified_gmt":"2023-05-09T16:00:50","slug":"lancement-du-controle-intensif-et-de-demantelement-des-reseaux-dans-plusieurs-etablissements-sanitaires-prives-a-abidjan","status":"publish","type":"post","link":"https:\/\/www.africa-press.net\/cotedivoire\/toutes-les-actualites\/lancement-du-controle-intensif-et-de-demantelement-des-reseaux-dans-plusieurs-etablissements-sanitaires-prives-a-abidjan","title":{"rendered":"Lancement du contr\u00f4le intensif et de d\u00e9mant\u00e8lement des r\u00e9seaux dans plusieurs \u00e9tablissements sanitaires priv\u00e9s \u00e0 Abidjan"},"content":{"rendered":"<p><span style=\"color: #ff6600\"><strong>Africa-Press &#8211; C\u00f4te d&rsquo;Ivoire. <\/strong><\/span>La direction des e\u0301tablissements prive\u0301s et des professions sanitaires (DEPPS) a proce\u0301de\u0301, lundi 08 mai 2023, au lancement du contro\u0302le intensif et de de\u0301mante\u0300lement des re\u0301seaux, dans plusieurs e\u0301tablissements sanitaires prive\u0301s de la direction re\u0301gionale d\u2019Abidjan II.<\/p>\n<p>L\u2019on note qu\u2019il s\u2019agit de 815 e\u0301tablissements sanitaires prive\u0301s, identifie\u0301s dans neuf communes d\u2019Abidjan qui seront visite\u0301es par des e\u0301quipes de la DEPPS jusqu\u2019au vendredi 12 mai 2023.<\/p>\n<p>Pendant ces visites dans les e\u0301tablissements sanitaires prive\u0301s, la DEPPS va s\u2019assurer de la re\u0301gularite\u0301 administrative et de la qualite\u0301 des e\u0301tablissements.<\/p>\n<p>Elle proce\u0300de aussi a\u0300 des fe\u0301licitations, des convocations, des arre\u0302ts d\u2019activite\u0301, des mises en demeure, explique-t-on.<\/p>\n<p>L&rsquo;objectif de cette ope\u0301ration est d\u2019assainir les e\u0301tablissements prive\u0301s, en vue d\u2019offrir a\u0300 la population des services de sante\u0301 de qualite\u0301.<\/p>\n<p>Ces contro\u0302les qui ont e\u0301te\u0301 ope\u0301re\u0301s dans le cadre du projet \u00ab Ze\u0301ro clinique me\u0301dicale d\u2019ici 2025 \u00bb, ont e\u0301te\u0301 lance\u0301s en octobre 2022 par la DEPPS.<\/p>\n<p><strong>Pour plus d&rsquo;informations et d&rsquo;analyses sur la <a href=\"https:\/\/www.africa-press.net\/cotedivoire\">C\u00f4te d&rsquo;Ivoire<\/a>, suivez <a href=\"https:\/\/www.africa-press.net\/\">Africa-Press<\/a><\/strong><\/p>\n","protected":false},"excerpt":{"rendered":"<p>Africa-Press &#8211; C\u00f4te d&rsquo;Ivoire. La direction des e\u0301tablissements prive\u0301s et des professions sanitaires (DEPPS) a proce\u0301de\u0301, lundi 08 mai 2023, au lancement du contro\u0302le intensif et de de\u0301mante\u0300lement des re\u0301seaux, dans plusieurs e\u0301tablissements sanitaires prive\u0301s de la direction re\u0301gionale d\u2019Abidjan II. L\u2019on note qu\u2019il s\u2019agit de 815 e\u0301tablissements sanitaires prive\u0301s, identifie\u0301s dans neuf communes d\u2019Abidjan [&hellip;]<\/p>\n","protected":false},"author":82,"featured_media":57751,"comment_status":"open","ping_status":"closed","sticky":false,"template":"","format":"standard","meta":{"footnotes":""},"categories":[21,10],"tags":[56,63,9957,1857,29,8424,8812,1197,9958,8283,3816],"class_list":["post-57753","post","type-post","status-publish","format-standard","has-post-thumbnail","hentry","category-communaute","category-toutes-les-actualites","tag-africa-press","tag-africa-press-cote-divoire","tag-cliniques","tag-controle","tag-cote-divoire","tag-demantelement","tag-depps","tag-etablissements","tag-privees","tag-reseaux","tag-sanitaires"],"yoast_head":"<!-- This site is optimized with the Yoast SEO Premium plugin v26.1 (Yoast SEO v27.0) - https:\/\/yoast.com\/product\/yoast-seo-premium-wordpress\/ -->\n<title>Lancement du contr\u00f4le intensif et de d\u00e9mant\u00e8lement des r\u00e9seaux dans plusieurs \u00e9tablissements sanitaires priv\u00e9s \u00e0 Abidjan - C\u00f4te d&#039;Ivoire<\/title>\n<meta name=\"description\" content=\"La direction des e\u0301tablissements prive\u0301s et des professions sanitaires (DEPPS) a proce\u0301de\u0301, lundi 08 mai 2023, au lancem ...\" \/>\n<meta name=\"robots\" content=\"index, follow, max-snippet:-1, max-image-preview:large, max-video-preview:-1\" \/>\n<link rel=\"canonical\" href=\"https:\/\/www.africa-press.net\/cotedivoire\/toutes-les-actualites\/lancement-du-controle-intensif-et-de-demantelement-des-reseaux-dans-plusieurs-etablissements-sanitaires-prives-a-abidjan\" \/>\n<meta property=\"og:locale\" content=\"fr_FR\" \/>\n<meta property=\"og:type\" content=\"article\" \/>\n<meta property=\"og:title\" content=\"Lancement du contr\u00f4le intensif et de d\u00e9mant\u00e8lement des r\u00e9seaux dans plusieurs \u00e9tablissements sanitaires priv\u00e9s \u00e0 Abidjan\" \/>\n<meta property=\"og:description\" content=\"La direction des e\u0301tablissements prive\u0301s et des professions sanitaires (DEPPS) a proce\u0301de\u0301, lundi 08 mai 2023, au lancem ...\" \/>\n<meta property=\"og:url\" content=\"https:\/\/www.africa-press.net\/cotedivoire\/toutes-les-actualites\/lancement-du-controle-intensif-et-de-demantelement-des-reseaux-dans-plusieurs-etablissements-sanitaires-prives-a-abidjan\" \/>\n<meta property=\"og:site_name\" content=\"C\u00f4te d&#039;Ivoire\" \/>\n<meta property=\"article:published_time\" content=\"2023-05-09T15:46:58+00:00\" \/>\n<meta property=\"article:modified_time\" content=\"2023-05-09T16:00:50+00:00\" \/>\n<meta property=\"og:image\" content=\"https:\/\/static.africa-press.net\/cote\/sites\/43\/2023\/05\/postQueueImg_1683631039.27.jpg\" \/>\n\t<meta property=\"og:image:width\" content=\"720\" \/>\n\t<meta property=\"og:image:height\" content=\"397\" \/>\n\t<meta property=\"og:image:type\" content=\"image\/jpeg\" \/>\n<meta name=\"author\" content=\"cfeditorfr\" \/>\n<meta name=\"twitter:card\" content=\"summary_large_image\" \/>\n<meta name=\"twitter:label1\" content=\"\u00c9crit par\" \/>\n\t<meta name=\"twitter:data1\" content=\"cfeditorfr\" \/>\n\t<meta name=\"twitter:label2\" content=\"Dur\u00e9e de lecture estim\u00e9e\" \/>\n\t<meta name=\"twitter:data2\" content=\"1 minute\" \/>\n<script type=\"application\/ld+json\" class=\"yoast-schema-graph\">{\"@context\":\"https:\/\/schema.org\",\"@graph\":[{\"@type\":\"Article\",\"@id\":\"https:\/\/www.africa-press.net\/cotedivoire\/toutes-les-actualites\/lancement-du-controle-intensif-et-de-demantelement-des-reseaux-dans-plusieurs-etablissements-sanitaires-prives-a-abidjan#article\",\"isPartOf\":{\"@id\":\"https:\/\/www.africa-press.net\/cotedivoire\/toutes-les-actualites\/lancement-du-controle-intensif-et-de-demantelement-des-reseaux-dans-plusieurs-etablissements-sanitaires-prives-a-abidjan\"},\"author\":{\"name\":\"cfeditorfr\",\"@id\":\"https:\/\/www.africa-press.net\/cotedivoire\/#\/schema\/person\/2b1cf3cd81a31e3cd26889ca66d677f1\"},\"headline\":\"Lancement du contr\u00f4le intensif et de d\u00e9mant\u00e8lement des r\u00e9seaux dans plusieurs \u00e9tablissements sanitaires priv\u00e9s \u00e0 Abidjan\",\"datePublished\":\"2023-05-09T15:46:58+00:00\",\"dateModified\":\"2023-05-09T16:00:50+00:00\",\"mainEntityOfPage\":{\"@id\":\"https:\/\/www.africa-press.net\/cotedivoire\/toutes-les-actualites\/lancement-du-controle-intensif-et-de-demantelement-des-reseaux-dans-plusieurs-etablissements-sanitaires-prives-a-abidjan\"},\"wordCount\":228,\"commentCount\":0,\"image\":{\"@id\":\"https:\/\/www.africa-press.net\/cotedivoire\/toutes-les-actualites\/lancement-du-controle-intensif-et-de-demantelement-des-reseaux-dans-plusieurs-etablissements-sanitaires-prives-a-abidjan#primaryimage\"},\"thumbnailUrl\":\"https:\/\/static.africa-press.net\/cote\/sites\/43\/2023\/05\/postQueueImg_1683631039.27.jpg\",\"keywords\":[\"Africa Press\",\"Africa Press-C\u00f4te d'Ivoire\",\"cliniques\",\"contr\u00f4le\",\"C\u00d4TE D'IVOIRE\",\"d\u00e9mant\u00e8lement\",\"DEPPS\",\"\u00e9tablissements\",\"priv\u00e9es\",\"R\u00e9seaux\",\"sanitaires\"],\"articleSection\":[\"Communaut\u00e9\",\"Toutes les actualit\u00e9s\"],\"inLanguage\":\"fr-FR\",\"potentialAction\":[{\"@type\":\"CommentAction\",\"name\":\"Comment\",\"target\":[\"https:\/\/www.africa-press.net\/cotedivoire\/toutes-les-actualites\/lancement-du-controle-intensif-et-de-demantelement-des-reseaux-dans-plusieurs-etablissements-sanitaires-prives-a-abidjan#respond\"]}]},{\"@type\":\"WebPage\",\"@id\":\"https:\/\/www.africa-press.net\/cotedivoire\/toutes-les-actualites\/lancement-du-controle-intensif-et-de-demantelement-des-reseaux-dans-plusieurs-etablissements-sanitaires-prives-a-abidjan\",\"url\":\"https:\/\/www.africa-press.net\/cotedivoire\/toutes-les-actualites\/lancement-du-controle-intensif-et-de-demantelement-des-reseaux-dans-plusieurs-etablissements-sanitaires-prives-a-abidjan\",\"name\":\"Lancement du contr\u00f4le intensif et de d\u00e9mant\u00e8lement des r\u00e9seaux dans plusieurs \u00e9tablissements sanitaires priv\u00e9s \u00e0 Abidjan - C\u00f4te d&#039;Ivoire\",\"isPartOf\":{\"@id\":\"https:\/\/www.africa-press.net\/cotedivoire\/#website\"},\"primaryImageOfPage\":{\"@id\":\"https:\/\/www.africa-press.net\/cotedivoire\/toutes-les-actualites\/lancement-du-controle-intensif-et-de-demantelement-des-reseaux-dans-plusieurs-etablissements-sanitaires-prives-a-abidjan#primaryimage\"},\"image\":{\"@id\":\"https:\/\/www.africa-press.net\/cotedivoire\/toutes-les-actualites\/lancement-du-controle-intensif-et-de-demantelement-des-reseaux-dans-plusieurs-etablissements-sanitaires-prives-a-abidjan#primaryimage\"},\"thumbnailUrl\":\"https:\/\/static.africa-press.net\/cote\/sites\/43\/2023\/05\/postQueueImg_1683631039.27.jpg\",\"datePublished\":\"2023-05-09T15:46:58+00:00\",\"dateModified\":\"2023-05-09T16:00:50+00:00\",\"author\":{\"@id\":\"https:\/\/www.africa-press.net\/cotedivoire\/#\/schema\/person\/2b1cf3cd81a31e3cd26889ca66d677f1\"},\"description\":\"La direction des e\u0301tablissements prive\u0301s et des professions sanitaires (DEPPS) a proce\u0301de\u0301, lundi 08 mai 2023, au lancem ...\",\"breadcrumb\":{\"@id\":\"https:\/\/www.africa-press.net\/cotedivoire\/toutes-les-actualites\/lancement-du-controle-intensif-et-de-demantelement-des-reseaux-dans-plusieurs-etablissements-sanitaires-prives-a-abidjan#breadcrumb\"},\"inLanguage\":\"fr-FR\",\"potentialAction\":[{\"@type\":\"ReadAction\",\"target\":[\"https:\/\/www.africa-press.net\/cotedivoire\/toutes-les-actualites\/lancement-du-controle-intensif-et-de-demantelement-des-reseaux-dans-plusieurs-etablissements-sanitaires-prives-a-abidjan\"]}]},{\"@type\":\"ImageObject\",\"inLanguage\":\"fr-FR\",\"@id\":\"https:\/\/www.africa-press.net\/cotedivoire\/toutes-les-actualites\/lancement-du-controle-intensif-et-de-demantelement-des-reseaux-dans-plusieurs-etablissements-sanitaires-prives-a-abidjan#primaryimage\",\"url\":\"https:\/\/static.africa-press.net\/cote\/sites\/43\/2023\/05\/postQueueImg_1683631039.27.jpg\",\"contentUrl\":\"https:\/\/static.africa-press.net\/cote\/sites\/43\/2023\/05\/postQueueImg_1683631039.27.jpg\",\"width\":720,\"height\":397,\"caption\":\"Lancement du contr\u00f4le intensif et de d\u00e9mant\u00e8lement des r\u00e9seaux dans plusieurs \u00e9tablissements sanitaires priv\u00e9s \u00e0 Abidjan\"},{\"@type\":\"BreadcrumbList\",\"@id\":\"https:\/\/www.africa-press.net\/cotedivoire\/toutes-les-actualites\/lancement-du-controle-intensif-et-de-demantelement-des-reseaux-dans-plusieurs-etablissements-sanitaires-prives-a-abidjan#breadcrumb\",\"itemListElement\":[{\"@type\":\"ListItem\",\"position\":1,\"name\":\"Accueil\",\"item\":\"https:\/\/www.africa-press.net\/cotedivoire\/\"},{\"@type\":\"ListItem\",\"position\":2,\"name\":\"Lancement du contr\u00f4le intensif et de d\u00e9mant\u00e8lement des r\u00e9seaux dans plusieurs \u00e9tablissements sanitaires priv\u00e9s \u00e0 Abidjan\"}]},{\"@type\":\"WebSite\",\"@id\":\"https:\/\/www.africa-press.net\/cotedivoire\/#website\",\"url\":\"https:\/\/www.africa-press.net\/cotedivoire\/\",\"name\":\"C\u00f4te d&#039;Ivoire\",\"description\":\"Just another Africa News Agency Sites site\",\"potentialAction\":[{\"@type\":\"SearchAction\",\"target\":{\"@type\":\"EntryPoint\",\"urlTemplate\":\"https:\/\/www.africa-press.net\/cotedivoire\/?s={search_term_string}\"},\"query-input\":{\"@type\":\"PropertyValueSpecification\",\"valueRequired\":true,\"valueName\":\"search_term_string\"}}],\"inLanguage\":\"fr-FR\"},{\"@type\":\"Person\",\"@id\":\"https:\/\/www.africa-press.net\/cotedivoire\/#\/schema\/person\/2b1cf3cd81a31e3cd26889ca66d677f1\",\"name\":\"cfeditorfr\"}]}<\/script>\n<!-- \/ Yoast SEO Premium plugin. -->","yoast_head_json":{"title":"Lancement du contr\u00f4le intensif et de d\u00e9mant\u00e8lement des r\u00e9seaux dans plusieurs \u00e9tablissements sanitaires priv\u00e9s \u00e0 Abidjan - C\u00f4te d&#039;Ivoire","description":"La direction des e\u0301tablissements prive\u0301s et des professions sanitaires (DEPPS) a proce\u0301de\u0301, lundi 08 mai 2023, au lancem ...","robots":{"index":"index","follow":"follow","max-snippet":"max-snippet:-1","max-image-preview":"max-image-preview:large","max-video-preview":"max-video-preview:-1"},"canonical":"https:\/\/www.africa-press.net\/cotedivoire\/toutes-les-actualites\/lancement-du-controle-intensif-et-de-demantelement-des-reseaux-dans-plusieurs-etablissements-sanitaires-prives-a-abidjan","og_locale":"fr_FR","og_type":"article","og_title":"Lancement du contr\u00f4le intensif et de d\u00e9mant\u00e8lement des r\u00e9seaux dans plusieurs \u00e9tablissements sanitaires priv\u00e9s \u00e0 Abidjan","og_description":"La direction des e\u0301tablissements prive\u0301s et des professions sanitaires (DEPPS) a proce\u0301de\u0301, lundi 08 mai 2023, au lancem ...","og_url":"https:\/\/www.africa-press.net\/cotedivoire\/toutes-les-actualites\/lancement-du-controle-intensif-et-de-demantelement-des-reseaux-dans-plusieurs-etablissements-sanitaires-prives-a-abidjan","og_site_name":"C\u00f4te d&#039;Ivoire","article_published_time":"2023-05-09T15:46:58+00:00","article_modified_time":"2023-05-09T16:00:50+00:00","og_image":[{"width":720,"height":397,"url":"https:\/\/static.africa-press.net\/cote\/sites\/43\/2023\/05\/postQueueImg_1683631039.27.jpg","type":"image\/jpeg"}],"author":"cfeditorfr","twitter_card":"summary_large_image","twitter_misc":{"\u00c9crit par":"cfeditorfr","Dur\u00e9e de lecture estim\u00e9e":"1 minute"},"schema":{"@context":"https:\/\/schema.org","@graph":[{"@type":"Article","@id":"https:\/\/www.africa-press.net\/cotedivoire\/toutes-les-actualites\/lancement-du-controle-intensif-et-de-demantelement-des-reseaux-dans-plusieurs-etablissements-sanitaires-prives-a-abidjan#article","isPartOf":{"@id":"https:\/\/www.africa-press.net\/cotedivoire\/toutes-les-actualites\/lancement-du-controle-intensif-et-de-demantelement-des-reseaux-dans-plusieurs-etablissements-sanitaires-prives-a-abidjan"},"author":{"name":"cfeditorfr","@id":"https:\/\/www.africa-press.net\/cotedivoire\/#\/schema\/person\/2b1cf3cd81a31e3cd26889ca66d677f1"},"headline":"Lancement du contr\u00f4le intensif et de d\u00e9mant\u00e8lement des r\u00e9seaux dans plusieurs \u00e9tablissements sanitaires priv\u00e9s \u00e0 Abidjan","datePublished":"2023-05-09T15:46:58+00:00","dateModified":"2023-05-09T16:00:50+00:00","mainEntityOfPage":{"@id":"https:\/\/www.africa-press.net\/cotedivoire\/toutes-les-actualites\/lancement-du-controle-intensif-et-de-demantelement-des-reseaux-dans-plusieurs-etablissements-sanitaires-prives-a-abidjan"},"wordCount":228,"commentCount":0,"image":{"@id":"https:\/\/www.africa-press.net\/cotedivoire\/toutes-les-actualites\/lancement-du-controle-intensif-et-de-demantelement-des-reseaux-dans-plusieurs-etablissements-sanitaires-prives-a-abidjan#primaryimage"},"thumbnailUrl":"https:\/\/static.africa-press.net\/cote\/sites\/43\/2023\/05\/postQueueImg_1683631039.27.jpg","keywords":["Africa Press","Africa Press-C\u00f4te d'Ivoire","cliniques","contr\u00f4le","C\u00d4TE D'IVOIRE","d\u00e9mant\u00e8lement","DEPPS","\u00e9tablissements","priv\u00e9es","R\u00e9seaux","sanitaires"],"articleSection":["Communaut\u00e9","Toutes les actualit\u00e9s"],"inLanguage":"fr-FR","potentialAction":[{"@type":"CommentAction","name":"Comment","target":["https:\/\/www.africa-press.net\/cotedivoire\/toutes-les-actualites\/lancement-du-controle-intensif-et-de-demantelement-des-reseaux-dans-plusieurs-etablissements-sanitaires-prives-a-abidjan#respond"]}]},{"@type":"WebPage","@id":"https:\/\/www.africa-press.net\/cotedivoire\/toutes-les-actualites\/lancement-du-controle-intensif-et-de-demantelement-des-reseaux-dans-plusieurs-etablissements-sanitaires-prives-a-abidjan","url":"https:\/\/www.africa-press.net\/cotedivoire\/toutes-les-actualites\/lancement-du-controle-intensif-et-de-demantelement-des-reseaux-dans-plusieurs-etablissements-sanitaires-prives-a-abidjan","name":"Lancement du contr\u00f4le intensif et de d\u00e9mant\u00e8lement des r\u00e9seaux dans plusieurs \u00e9tablissements sanitaires priv\u00e9s \u00e0 Abidjan - C\u00f4te d&#039;Ivoire","isPartOf":{"@id":"https:\/\/www.africa-press.net\/cotedivoire\/#website"},"primaryImageOfPage":{"@id":"https:\/\/www.africa-press.net\/cotedivoire\/toutes-les-actualites\/lancement-du-controle-intensif-et-de-demantelement-des-reseaux-dans-plusieurs-etablissements-sanitaires-prives-a-abidjan#primaryimage"},"image":{"@id":"https:\/\/www.africa-press.net\/cotedivoire\/toutes-les-actualites\/lancement-du-controle-intensif-et-de-demantelement-des-reseaux-dans-plusieurs-etablissements-sanitaires-prives-a-abidjan#primaryimage"},"thumbnailUrl":"https:\/\/static.africa-press.net\/cote\/sites\/43\/2023\/05\/postQueueImg_1683631039.27.jpg","datePublished":"2023-05-09T15:46:58+00:00","dateModified":"2023-05-09T16:00:50+00:00","author":{"@id":"https:\/\/www.africa-press.net\/cotedivoire\/#\/schema\/person\/2b1cf3cd81a31e3cd26889ca66d677f1"},"description":"La direction des e\u0301tablissements prive\u0301s et des professions sanitaires (DEPPS) a proce\u0301de\u0301, lundi 08 mai 2023, au lancem ...","breadcrumb":{"@id":"https:\/\/www.africa-press.net\/cotedivoire\/toutes-les-actualites\/lancement-du-controle-intensif-et-de-demantelement-des-reseaux-dans-plusieurs-etablissements-sanitaires-prives-a-abidjan#breadcrumb"},"inLanguage":"fr-FR","potentialAction":[{"@type":"ReadAction","target":["https:\/\/www.africa-press.net\/cotedivoire\/toutes-les-actualites\/lancement-du-controle-intensif-et-de-demantelement-des-reseaux-dans-plusieurs-etablissements-sanitaires-prives-a-abidjan"]}]},{"@type":"ImageObject","inLanguage":"fr-FR","@id":"https:\/\/www.africa-press.net\/cotedivoire\/toutes-les-actualites\/lancement-du-controle-intensif-et-de-demantelement-des-reseaux-dans-plusieurs-etablissements-sanitaires-prives-a-abidjan#primaryimage","url":"https:\/\/static.africa-press.net\/cote\/sites\/43\/2023\/05\/postQueueImg_1683631039.27.jpg","contentUrl":"https:\/\/static.africa-press.net\/cote\/sites\/43\/2023\/05\/postQueueImg_1683631039.27.jpg","width":720,"height":397,"caption":"Lancement du contr\u00f4le intensif et de d\u00e9mant\u00e8lement des r\u00e9seaux dans plusieurs \u00e9tablissements sanitaires priv\u00e9s \u00e0 Abidjan"},{"@type":"BreadcrumbList","@id":"https:\/\/www.africa-press.net\/cotedivoire\/toutes-les-actualites\/lancement-du-controle-intensif-et-de-demantelement-des-reseaux-dans-plusieurs-etablissements-sanitaires-prives-a-abidjan#breadcrumb","itemListElement":[{"@type":"ListItem","position":1,"name":"Accueil","item":"https:\/\/www.africa-press.net\/cotedivoire\/"},{"@type":"ListItem","position":2,"name":"Lancement du contr\u00f4le intensif et de d\u00e9mant\u00e8lement des r\u00e9seaux dans plusieurs \u00e9tablissements sanitaires priv\u00e9s \u00e0 Abidjan"}]},{"@type":"WebSite","@id":"https:\/\/www.africa-press.net\/cotedivoire\/#website","url":"https:\/\/www.africa-press.net\/cotedivoire\/","name":"C\u00f4te d&#039;Ivoire","description":"Just another Africa News Agency Sites site","potentialAction":[{"@type":"SearchAction","target":{"@type":"EntryPoint","urlTemplate":"https:\/\/www.africa-press.net\/cotedivoire\/?s={search_term_string}"},"query-input":{"@type":"PropertyValueSpecification","valueRequired":true,"valueName":"search_term_string"}}],"inLanguage":"fr-FR"},{"@type":"Person","@id":"https:\/\/www.africa-press.net\/cotedivoire\/#\/schema\/person\/2b1cf3cd81a31e3cd26889ca66d677f1","name":"cfeditorfr"}]}},"_links":{"self":[{"href":"https:\/\/www.africa-press.net\/cotedivoire\/wp-json\/wp\/v2\/posts\/57753","targetHints":{"allow":["GET"]}}],"collection":[{"href":"https:\/\/www.africa-press.net\/cotedivoire\/wp-json\/wp\/v2\/posts"}],"about":[{"href":"https:\/\/www.africa-press.net\/cotedivoire\/wp-json\/wp\/v2\/types\/post"}],"author":[{"embeddable":true,"href":"https:\/\/www.africa-press.net\/cotedivoire\/wp-json\/wp\/v2\/users\/82"}],"replies":[{"embeddable":true,"href":"https:\/\/www.africa-press.net\/cotedivoire\/wp-json\/wp\/v2\/comments?post=57753"}],"version-history":[{"count":0,"href":"https:\/\/www.africa-press.net\/cotedivoire\/wp-json\/wp\/v2\/posts\/57753\/revisions"}],"wp:featuredmedia":[{"embeddable":true,"href":"https:\/\/www.africa-press.net\/cotedivoire\/wp-json\/wp\/v2\/media\/57751"}],"wp:attachment":[{"href":"https:\/\/www.africa-press.net\/cotedivoire\/wp-json\/wp\/v2\/media?parent=57753"}],"wp:term":[{"taxonomy":"category","embeddable":true,"href":"https:\/\/www.africa-press.net\/cotedivoire\/wp-json\/wp\/v2\/categories?post=57753"},{"taxonomy":"post_tag","embeddable":true,"href":"https:\/\/www.africa-press.net\/cotedivoire\/wp-json\/wp\/v2\/tags?post=57753"}],"curies":[{"name":"wp","href":"https:\/\/api.w.org\/{rel}","templated":true}]}}