{"id":57759,"date":"2023-05-09T15:47:36","date_gmt":"2023-05-09T15:47:36","guid":{"rendered":"https:\/\/www.africa-press.net\/cotedivoire\/politique\/vente-aux-encheres-dun-bateau-confisque-par-jugement-du-pole-penal-economique-et-financier-le-cout-estime-a-286-millions-fcfa"},"modified":"2023-05-09T16:01:58","modified_gmt":"2023-05-09T16:01:58","slug":"vente-aux-encheres-dun-bateau-confisque-par-jugement-du-pole-penal-economique-et-financier-le-cout-estime-a-286-millions-fcfa","status":"publish","type":"post","link":"https:\/\/www.africa-press.net\/cotedivoire\/toutes-les-actualites\/vente-aux-encheres-dun-bateau-confisque-par-jugement-du-pole-penal-economique-et-financier-le-cout-estime-a-286-millions-fcfa","title":{"rendered":"Vente aux ench\u00e8res d&rsquo;un bateau confisqu\u00e9  par jugement du P\u00f4le P\u00e9nal Economique et Financier, le co\u00fbt estim\u00e9 \u00e0 286 millions FCFA"},"content":{"rendered":"<p><span style=\"color: #ff6600\"><strong>Africa-Press &#8211; C\u00f4te d&rsquo;Ivoire. <\/strong><\/span>La premie\u0300re vente aux enche\u0300res publiques de l\u2019Agence de Gestion et de Recouvrement des Avoirs Criminels (AGRAC) a e\u0301te\u0301 organise\u0301e vendredi dernier au quai d\u2019outillage du Port Autonome d\u2019Abidjan, a-t-on appris de sources officielles.<\/p>\n<p>Il s\u2019agissait de la vente du bateau NAJLAN (General Cargo) &#8211; IMO : 8806137, Pavillon Saint Kitts et Nevis.<\/p>\n<p>Au terme de la vente aux enche\u0300res, le bien a e\u0301te\u0301 acquis au cou\u0302t de 286 millions FCFA, par la socie\u0301te\u0301 Alexander Navigation Inc.<\/p>\n<p>Ce navire vendu aux enche\u0300res a fait l\u2019objet d\u2019une de\u0301cision de confiscation par jugement n\u00b067 du 02 juin 2022 du Po\u0302le Pe\u0301nal Economique et Financier.<\/p>\n<p>Mis a\u0300 la disposition de l\u2019agence, au mois de fe\u0301vrier 2023, une expertise a e\u0301te\u0301 re\u0301alise\u0301e pour de\u0301terminer sa valeur ve\u0301nale, avant sa mise en vente aux enche\u0300res publiques, comme le prescrivent les textes.<\/p>\n<p>Cre\u0301e\u0301e en juin 2022, l\u2019Agence de Gestion et de Recouvrement des Avoirs Criminels (AGRAC) a ainsi proce\u0301de\u0301 a\u0300 sa premie\u0300re vente aux enche\u0300res publiques.<\/p>\n<p>L\u2019AGRAC est un e\u0301tablissement public national de type particulier, place\u0301e sous la tutelle technique et administrative du ministe\u0300re de la Justice et sous la tutelle e\u0301conomique et financie\u0300re du Ministe\u0300re du Budget et du Portefeuille de l\u2019E\u0301tat.<\/p>\n<p>Elle est charge\u0301e, dans le cadre de la lutte contre la criminalite\u0301 financie\u0300re, d\u2019exe\u0301cuter les de\u0301cisions de gel, de saisie et de confiscation des avoirs illicites prononce\u0301es dans le cadre de proce\u0301dures pe\u0301nales ou administratives. Elle a e\u0301galement la charge de ge\u0301rer tous les biens, quelle que soit leur nature, qui lui sont confie\u0301s et qui ne\u0301cessitent des actes d\u2019administration.<\/p>\n<p>Le produit de ces ventes aux enche\u0300res est acquis au be\u0301ne\u0301fice de l\u2019E\u0301tat pour servir de moyen de lutte contre la corruption et les infractions assimile\u0301es, note-t-on.<\/p>\n<p><strong>Pour plus d&rsquo;informations et d&rsquo;analyses sur la <a href=\"https:\/\/www.africa-press.net\/cotedivoire\">C\u00f4te d&rsquo;Ivoire<\/a>, suivez <a href=\"https:\/\/www.africa-press.net\/\">Africa-Press<\/a><\/strong><\/p>\n","protected":false},"excerpt":{"rendered":"<p>Africa-Press &#8211; C\u00f4te d&rsquo;Ivoire. La premie\u0300re vente aux enche\u0300res publiques de l\u2019Agence de Gestion et de Recouvrement des Avoirs Criminels (AGRAC) a e\u0301te\u0301 organise\u0301e vendredi dernier au quai d\u2019outillage du Port Autonome d\u2019Abidjan, a-t-on appris de sources officielles. Il s\u2019agissait de la vente du bateau NAJLAN (General Cargo) &#8211; IMO : 8806137, Pavillon Saint Kitts [&hellip;]<\/p>\n","protected":false},"author":82,"featured_media":57757,"comment_status":"open","ping_status":"closed","sticky":false,"template":"","format":"standard","meta":{"footnotes":""},"categories":[21,10],"tags":[56,63,9964,651,29,9965,4109,5257],"class_list":["post-57759","post","type-post","status-publish","format-standard","has-post-thumbnail","hentry","category-communaute","category-toutes-les-actualites","tag-africa-press","tag-africa-press-cote-divoire","tag-agrac","tag-bateau","tag-cote-divoire","tag-encheres","tag-navire","tag-vente"],"yoast_head":"<!-- This site is optimized with the Yoast SEO Premium plugin v26.1 (Yoast SEO v27.0) - https:\/\/yoast.com\/product\/yoast-seo-premium-wordpress\/ -->\n<title>Vente aux ench\u00e8res d&#039;un bateau confisqu\u00e9 par jugement du P\u00f4le P\u00e9nal Economique et Financier, le co\u00fbt estim\u00e9 \u00e0 286 millions FCFA - C\u00f4te d&#039;Ivoire<\/title>\n<meta name=\"description\" content=\"La premie\u0300re vente aux enche\u0300res publiques de l\u2019Agence de Gestion et de Recouvrement des Avoirs Criminels (AGRAC) a e\u0301te ...\" \/>\n<meta name=\"robots\" content=\"index, follow, max-snippet:-1, max-image-preview:large, max-video-preview:-1\" \/>\n<link rel=\"canonical\" href=\"https:\/\/www.africa-press.net\/cotedivoire\/toutes-les-actualites\/vente-aux-encheres-dun-bateau-confisque-par-jugement-du-pole-penal-economique-et-financier-le-cout-estime-a-286-millions-fcfa\" \/>\n<meta property=\"og:locale\" content=\"fr_FR\" \/>\n<meta property=\"og:type\" content=\"article\" \/>\n<meta property=\"og:title\" content=\"Vente aux ench\u00e8res d&#039;un bateau confisqu\u00e9 par jugement du P\u00f4le P\u00e9nal Economique et Financier, le co\u00fbt estim\u00e9 \u00e0 286 millions FCFA\" \/>\n<meta property=\"og:description\" content=\"La premie\u0300re vente aux enche\u0300res publiques de l\u2019Agence de Gestion et de Recouvrement des Avoirs Criminels (AGRAC) a e\u0301te ...\" \/>\n<meta property=\"og:url\" content=\"https:\/\/www.africa-press.net\/cotedivoire\/toutes-les-actualites\/vente-aux-encheres-dun-bateau-confisque-par-jugement-du-pole-penal-economique-et-financier-le-cout-estime-a-286-millions-fcfa\" \/>\n<meta property=\"og:site_name\" content=\"C\u00f4te d&#039;Ivoire\" \/>\n<meta property=\"article:published_time\" content=\"2023-05-09T15:47:36+00:00\" \/>\n<meta property=\"article:modified_time\" content=\"2023-05-09T16:01:58+00:00\" \/>\n<meta property=\"og:image\" content=\"https:\/\/static.africa-press.net\/cote\/sites\/43\/2023\/05\/postQueueImg_1683631063.79.jpg\" \/>\n\t<meta property=\"og:image:width\" content=\"720\" \/>\n\t<meta property=\"og:image:height\" content=\"328\" \/>\n\t<meta property=\"og:image:type\" content=\"image\/jpeg\" \/>\n<meta name=\"author\" content=\"cfeditorfr\" \/>\n<meta name=\"twitter:card\" content=\"summary_large_image\" \/>\n<meta name=\"twitter:label1\" content=\"\u00c9crit par\" \/>\n\t<meta name=\"twitter:data1\" content=\"cfeditorfr\" \/>\n\t<meta name=\"twitter:label2\" content=\"Dur\u00e9e de lecture estim\u00e9e\" \/>\n\t<meta name=\"twitter:data2\" content=\"2 minutes\" \/>\n<script type=\"application\/ld+json\" class=\"yoast-schema-graph\">{\"@context\":\"https:\/\/schema.org\",\"@graph\":[{\"@type\":\"Article\",\"@id\":\"https:\/\/www.africa-press.net\/cotedivoire\/toutes-les-actualites\/vente-aux-encheres-dun-bateau-confisque-par-jugement-du-pole-penal-economique-et-financier-le-cout-estime-a-286-millions-fcfa#article\",\"isPartOf\":{\"@id\":\"https:\/\/www.africa-press.net\/cotedivoire\/toutes-les-actualites\/vente-aux-encheres-dun-bateau-confisque-par-jugement-du-pole-penal-economique-et-financier-le-cout-estime-a-286-millions-fcfa\"},\"author\":{\"name\":\"cfeditorfr\",\"@id\":\"https:\/\/www.africa-press.net\/cotedivoire\/#\/schema\/person\/2b1cf3cd81a31e3cd26889ca66d677f1\"},\"headline\":\"Vente aux ench\u00e8res d&rsquo;un bateau confisqu\u00e9 par jugement du P\u00f4le P\u00e9nal Economique et Financier, le co\u00fbt estim\u00e9 \u00e0 286 millions FCFA\",\"datePublished\":\"2023-05-09T15:47:36+00:00\",\"dateModified\":\"2023-05-09T16:01:58+00:00\",\"mainEntityOfPage\":{\"@id\":\"https:\/\/www.africa-press.net\/cotedivoire\/toutes-les-actualites\/vente-aux-encheres-dun-bateau-confisque-par-jugement-du-pole-penal-economique-et-financier-le-cout-estime-a-286-millions-fcfa\"},\"wordCount\":382,\"commentCount\":0,\"image\":{\"@id\":\"https:\/\/www.africa-press.net\/cotedivoire\/toutes-les-actualites\/vente-aux-encheres-dun-bateau-confisque-par-jugement-du-pole-penal-economique-et-financier-le-cout-estime-a-286-millions-fcfa#primaryimage\"},\"thumbnailUrl\":\"https:\/\/static.africa-press.net\/cote\/sites\/43\/2023\/05\/postQueueImg_1683631063.79.jpg\",\"keywords\":[\"Africa Press\",\"Africa Press-C\u00f4te d'Ivoire\",\"AGRAC\",\"bateau\",\"C\u00d4TE D'IVOIRE\",\"ench\u00e8res\",\"navire\",\"vente\"],\"articleSection\":[\"Communaut\u00e9\",\"Toutes les actualit\u00e9s\"],\"inLanguage\":\"fr-FR\",\"potentialAction\":[{\"@type\":\"CommentAction\",\"name\":\"Comment\",\"target\":[\"https:\/\/www.africa-press.net\/cotedivoire\/toutes-les-actualites\/vente-aux-encheres-dun-bateau-confisque-par-jugement-du-pole-penal-economique-et-financier-le-cout-estime-a-286-millions-fcfa#respond\"]}]},{\"@type\":\"WebPage\",\"@id\":\"https:\/\/www.africa-press.net\/cotedivoire\/toutes-les-actualites\/vente-aux-encheres-dun-bateau-confisque-par-jugement-du-pole-penal-economique-et-financier-le-cout-estime-a-286-millions-fcfa\",\"url\":\"https:\/\/www.africa-press.net\/cotedivoire\/toutes-les-actualites\/vente-aux-encheres-dun-bateau-confisque-par-jugement-du-pole-penal-economique-et-financier-le-cout-estime-a-286-millions-fcfa\",\"name\":\"Vente aux ench\u00e8res d'un bateau confisqu\u00e9 par jugement du P\u00f4le P\u00e9nal Economique et Financier, le co\u00fbt estim\u00e9 \u00e0 286 millions FCFA - C\u00f4te d&#039;Ivoire\",\"isPartOf\":{\"@id\":\"https:\/\/www.africa-press.net\/cotedivoire\/#website\"},\"primaryImageOfPage\":{\"@id\":\"https:\/\/www.africa-press.net\/cotedivoire\/toutes-les-actualites\/vente-aux-encheres-dun-bateau-confisque-par-jugement-du-pole-penal-economique-et-financier-le-cout-estime-a-286-millions-fcfa#primaryimage\"},\"image\":{\"@id\":\"https:\/\/www.africa-press.net\/cotedivoire\/toutes-les-actualites\/vente-aux-encheres-dun-bateau-confisque-par-jugement-du-pole-penal-economique-et-financier-le-cout-estime-a-286-millions-fcfa#primaryimage\"},\"thumbnailUrl\":\"https:\/\/static.africa-press.net\/cote\/sites\/43\/2023\/05\/postQueueImg_1683631063.79.jpg\",\"datePublished\":\"2023-05-09T15:47:36+00:00\",\"dateModified\":\"2023-05-09T16:01:58+00:00\",\"author\":{\"@id\":\"https:\/\/www.africa-press.net\/cotedivoire\/#\/schema\/person\/2b1cf3cd81a31e3cd26889ca66d677f1\"},\"description\":\"La premie\u0300re vente aux enche\u0300res publiques de l\u2019Agence de Gestion et de Recouvrement des Avoirs Criminels (AGRAC) a e\u0301te ...\",\"breadcrumb\":{\"@id\":\"https:\/\/www.africa-press.net\/cotedivoire\/toutes-les-actualites\/vente-aux-encheres-dun-bateau-confisque-par-jugement-du-pole-penal-economique-et-financier-le-cout-estime-a-286-millions-fcfa#breadcrumb\"},\"inLanguage\":\"fr-FR\",\"potentialAction\":[{\"@type\":\"ReadAction\",\"target\":[\"https:\/\/www.africa-press.net\/cotedivoire\/toutes-les-actualites\/vente-aux-encheres-dun-bateau-confisque-par-jugement-du-pole-penal-economique-et-financier-le-cout-estime-a-286-millions-fcfa\"]}]},{\"@type\":\"ImageObject\",\"inLanguage\":\"fr-FR\",\"@id\":\"https:\/\/www.africa-press.net\/cotedivoire\/toutes-les-actualites\/vente-aux-encheres-dun-bateau-confisque-par-jugement-du-pole-penal-economique-et-financier-le-cout-estime-a-286-millions-fcfa#primaryimage\",\"url\":\"https:\/\/static.africa-press.net\/cote\/sites\/43\/2023\/05\/postQueueImg_1683631063.79.jpg\",\"contentUrl\":\"https:\/\/static.africa-press.net\/cote\/sites\/43\/2023\/05\/postQueueImg_1683631063.79.jpg\",\"width\":720,\"height\":328,\"caption\":\"Vente aux ench\u00e8res d'un bateau confisqu\u00e9 par jugement du P\u00f4le P\u00e9nal Economique et Financier, le co\u00fbt estim\u00e9 \u00e0 286 millions FCFA\"},{\"@type\":\"BreadcrumbList\",\"@id\":\"https:\/\/www.africa-press.net\/cotedivoire\/toutes-les-actualites\/vente-aux-encheres-dun-bateau-confisque-par-jugement-du-pole-penal-economique-et-financier-le-cout-estime-a-286-millions-fcfa#breadcrumb\",\"itemListElement\":[{\"@type\":\"ListItem\",\"position\":1,\"name\":\"Accueil\",\"item\":\"https:\/\/www.africa-press.net\/cotedivoire\/\"},{\"@type\":\"ListItem\",\"position\":2,\"name\":\"Vente aux ench\u00e8res d&#8217;un bateau confisqu\u00e9 par jugement du P\u00f4le P\u00e9nal Economique et Financier, le co\u00fbt estim\u00e9 \u00e0 286 millions FCFA\"}]},{\"@type\":\"WebSite\",\"@id\":\"https:\/\/www.africa-press.net\/cotedivoire\/#website\",\"url\":\"https:\/\/www.africa-press.net\/cotedivoire\/\",\"name\":\"C\u00f4te d&#039;Ivoire\",\"description\":\"Just another Africa News Agency Sites site\",\"potentialAction\":[{\"@type\":\"SearchAction\",\"target\":{\"@type\":\"EntryPoint\",\"urlTemplate\":\"https:\/\/www.africa-press.net\/cotedivoire\/?s={search_term_string}\"},\"query-input\":{\"@type\":\"PropertyValueSpecification\",\"valueRequired\":true,\"valueName\":\"search_term_string\"}}],\"inLanguage\":\"fr-FR\"},{\"@type\":\"Person\",\"@id\":\"https:\/\/www.africa-press.net\/cotedivoire\/#\/schema\/person\/2b1cf3cd81a31e3cd26889ca66d677f1\",\"name\":\"cfeditorfr\"}]}<\/script>\n<!-- \/ Yoast SEO Premium plugin. -->","yoast_head_json":{"title":"Vente aux ench\u00e8res d'un bateau confisqu\u00e9 par jugement du P\u00f4le P\u00e9nal Economique et Financier, le co\u00fbt estim\u00e9 \u00e0 286 millions FCFA - C\u00f4te d&#039;Ivoire","description":"La premie\u0300re vente aux enche\u0300res publiques de l\u2019Agence de Gestion et de Recouvrement des Avoirs Criminels (AGRAC) a e\u0301te ...","robots":{"index":"index","follow":"follow","max-snippet":"max-snippet:-1","max-image-preview":"max-image-preview:large","max-video-preview":"max-video-preview:-1"},"canonical":"https:\/\/www.africa-press.net\/cotedivoire\/toutes-les-actualites\/vente-aux-encheres-dun-bateau-confisque-par-jugement-du-pole-penal-economique-et-financier-le-cout-estime-a-286-millions-fcfa","og_locale":"fr_FR","og_type":"article","og_title":"Vente aux ench\u00e8res d'un bateau confisqu\u00e9 par jugement du P\u00f4le P\u00e9nal Economique et Financier, le co\u00fbt estim\u00e9 \u00e0 286 millions FCFA","og_description":"La premie\u0300re vente aux enche\u0300res publiques de l\u2019Agence de Gestion et de Recouvrement des Avoirs Criminels (AGRAC) a e\u0301te ...","og_url":"https:\/\/www.africa-press.net\/cotedivoire\/toutes-les-actualites\/vente-aux-encheres-dun-bateau-confisque-par-jugement-du-pole-penal-economique-et-financier-le-cout-estime-a-286-millions-fcfa","og_site_name":"C\u00f4te d&#039;Ivoire","article_published_time":"2023-05-09T15:47:36+00:00","article_modified_time":"2023-05-09T16:01:58+00:00","og_image":[{"width":720,"height":328,"url":"https:\/\/static.africa-press.net\/cote\/sites\/43\/2023\/05\/postQueueImg_1683631063.79.jpg","type":"image\/jpeg"}],"author":"cfeditorfr","twitter_card":"summary_large_image","twitter_misc":{"\u00c9crit par":"cfeditorfr","Dur\u00e9e de lecture estim\u00e9e":"2 minutes"},"schema":{"@context":"https:\/\/schema.org","@graph":[{"@type":"Article","@id":"https:\/\/www.africa-press.net\/cotedivoire\/toutes-les-actualites\/vente-aux-encheres-dun-bateau-confisque-par-jugement-du-pole-penal-economique-et-financier-le-cout-estime-a-286-millions-fcfa#article","isPartOf":{"@id":"https:\/\/www.africa-press.net\/cotedivoire\/toutes-les-actualites\/vente-aux-encheres-dun-bateau-confisque-par-jugement-du-pole-penal-economique-et-financier-le-cout-estime-a-286-millions-fcfa"},"author":{"name":"cfeditorfr","@id":"https:\/\/www.africa-press.net\/cotedivoire\/#\/schema\/person\/2b1cf3cd81a31e3cd26889ca66d677f1"},"headline":"Vente aux ench\u00e8res d&rsquo;un bateau confisqu\u00e9 par jugement du P\u00f4le P\u00e9nal Economique et Financier, le co\u00fbt estim\u00e9 \u00e0 286 millions FCFA","datePublished":"2023-05-09T15:47:36+00:00","dateModified":"2023-05-09T16:01:58+00:00","mainEntityOfPage":{"@id":"https:\/\/www.africa-press.net\/cotedivoire\/toutes-les-actualites\/vente-aux-encheres-dun-bateau-confisque-par-jugement-du-pole-penal-economique-et-financier-le-cout-estime-a-286-millions-fcfa"},"wordCount":382,"commentCount":0,"image":{"@id":"https:\/\/www.africa-press.net\/cotedivoire\/toutes-les-actualites\/vente-aux-encheres-dun-bateau-confisque-par-jugement-du-pole-penal-economique-et-financier-le-cout-estime-a-286-millions-fcfa#primaryimage"},"thumbnailUrl":"https:\/\/static.africa-press.net\/cote\/sites\/43\/2023\/05\/postQueueImg_1683631063.79.jpg","keywords":["Africa Press","Africa Press-C\u00f4te d'Ivoire","AGRAC","bateau","C\u00d4TE D'IVOIRE","ench\u00e8res","navire","vente"],"articleSection":["Communaut\u00e9","Toutes les actualit\u00e9s"],"inLanguage":"fr-FR","potentialAction":[{"@type":"CommentAction","name":"Comment","target":["https:\/\/www.africa-press.net\/cotedivoire\/toutes-les-actualites\/vente-aux-encheres-dun-bateau-confisque-par-jugement-du-pole-penal-economique-et-financier-le-cout-estime-a-286-millions-fcfa#respond"]}]},{"@type":"WebPage","@id":"https:\/\/www.africa-press.net\/cotedivoire\/toutes-les-actualites\/vente-aux-encheres-dun-bateau-confisque-par-jugement-du-pole-penal-economique-et-financier-le-cout-estime-a-286-millions-fcfa","url":"https:\/\/www.africa-press.net\/cotedivoire\/toutes-les-actualites\/vente-aux-encheres-dun-bateau-confisque-par-jugement-du-pole-penal-economique-et-financier-le-cout-estime-a-286-millions-fcfa","name":"Vente aux ench\u00e8res d'un bateau confisqu\u00e9 par jugement du P\u00f4le P\u00e9nal Economique et Financier, le co\u00fbt estim\u00e9 \u00e0 286 millions FCFA - C\u00f4te d&#039;Ivoire","isPartOf":{"@id":"https:\/\/www.africa-press.net\/cotedivoire\/#website"},"primaryImageOfPage":{"@id":"https:\/\/www.africa-press.net\/cotedivoire\/toutes-les-actualites\/vente-aux-encheres-dun-bateau-confisque-par-jugement-du-pole-penal-economique-et-financier-le-cout-estime-a-286-millions-fcfa#primaryimage"},"image":{"@id":"https:\/\/www.africa-press.net\/cotedivoire\/toutes-les-actualites\/vente-aux-encheres-dun-bateau-confisque-par-jugement-du-pole-penal-economique-et-financier-le-cout-estime-a-286-millions-fcfa#primaryimage"},"thumbnailUrl":"https:\/\/static.africa-press.net\/cote\/sites\/43\/2023\/05\/postQueueImg_1683631063.79.jpg","datePublished":"2023-05-09T15:47:36+00:00","dateModified":"2023-05-09T16:01:58+00:00","author":{"@id":"https:\/\/www.africa-press.net\/cotedivoire\/#\/schema\/person\/2b1cf3cd81a31e3cd26889ca66d677f1"},"description":"La premie\u0300re vente aux enche\u0300res publiques de l\u2019Agence de Gestion et de Recouvrement des Avoirs Criminels (AGRAC) a e\u0301te ...","breadcrumb":{"@id":"https:\/\/www.africa-press.net\/cotedivoire\/toutes-les-actualites\/vente-aux-encheres-dun-bateau-confisque-par-jugement-du-pole-penal-economique-et-financier-le-cout-estime-a-286-millions-fcfa#breadcrumb"},"inLanguage":"fr-FR","potentialAction":[{"@type":"ReadAction","target":["https:\/\/www.africa-press.net\/cotedivoire\/toutes-les-actualites\/vente-aux-encheres-dun-bateau-confisque-par-jugement-du-pole-penal-economique-et-financier-le-cout-estime-a-286-millions-fcfa"]}]},{"@type":"ImageObject","inLanguage":"fr-FR","@id":"https:\/\/www.africa-press.net\/cotedivoire\/toutes-les-actualites\/vente-aux-encheres-dun-bateau-confisque-par-jugement-du-pole-penal-economique-et-financier-le-cout-estime-a-286-millions-fcfa#primaryimage","url":"https:\/\/static.africa-press.net\/cote\/sites\/43\/2023\/05\/postQueueImg_1683631063.79.jpg","contentUrl":"https:\/\/static.africa-press.net\/cote\/sites\/43\/2023\/05\/postQueueImg_1683631063.79.jpg","width":720,"height":328,"caption":"Vente aux ench\u00e8res d'un bateau confisqu\u00e9 par jugement du P\u00f4le P\u00e9nal Economique et Financier, le co\u00fbt estim\u00e9 \u00e0 286 millions FCFA"},{"@type":"BreadcrumbList","@id":"https:\/\/www.africa-press.net\/cotedivoire\/toutes-les-actualites\/vente-aux-encheres-dun-bateau-confisque-par-jugement-du-pole-penal-economique-et-financier-le-cout-estime-a-286-millions-fcfa#breadcrumb","itemListElement":[{"@type":"ListItem","position":1,"name":"Accueil","item":"https:\/\/www.africa-press.net\/cotedivoire\/"},{"@type":"ListItem","position":2,"name":"Vente aux ench\u00e8res d&#8217;un bateau confisqu\u00e9 par jugement du P\u00f4le P\u00e9nal Economique et Financier, le co\u00fbt estim\u00e9 \u00e0 286 millions FCFA"}]},{"@type":"WebSite","@id":"https:\/\/www.africa-press.net\/cotedivoire\/#website","url":"https:\/\/www.africa-press.net\/cotedivoire\/","name":"C\u00f4te d&#039;Ivoire","description":"Just another Africa News Agency Sites site","potentialAction":[{"@type":"SearchAction","target":{"@type":"EntryPoint","urlTemplate":"https:\/\/www.africa-press.net\/cotedivoire\/?s={search_term_string}"},"query-input":{"@type":"PropertyValueSpecification","valueRequired":true,"valueName":"search_term_string"}}],"inLanguage":"fr-FR"},{"@type":"Person","@id":"https:\/\/www.africa-press.net\/cotedivoire\/#\/schema\/person\/2b1cf3cd81a31e3cd26889ca66d677f1","name":"cfeditorfr"}]}},"_links":{"self":[{"href":"https:\/\/www.africa-press.net\/cotedivoire\/wp-json\/wp\/v2\/posts\/57759","targetHints":{"allow":["GET"]}}],"collection":[{"href":"https:\/\/www.africa-press.net\/cotedivoire\/wp-json\/wp\/v2\/posts"}],"about":[{"href":"https:\/\/www.africa-press.net\/cotedivoire\/wp-json\/wp\/v2\/types\/post"}],"author":[{"embeddable":true,"href":"https:\/\/www.africa-press.net\/cotedivoire\/wp-json\/wp\/v2\/users\/82"}],"replies":[{"embeddable":true,"href":"https:\/\/www.africa-press.net\/cotedivoire\/wp-json\/wp\/v2\/comments?post=57759"}],"version-history":[{"count":0,"href":"https:\/\/www.africa-press.net\/cotedivoire\/wp-json\/wp\/v2\/posts\/57759\/revisions"}],"wp:featuredmedia":[{"embeddable":true,"href":"https:\/\/www.africa-press.net\/cotedivoire\/wp-json\/wp\/v2\/media\/57757"}],"wp:attachment":[{"href":"https:\/\/www.africa-press.net\/cotedivoire\/wp-json\/wp\/v2\/media?parent=57759"}],"wp:term":[{"taxonomy":"category","embeddable":true,"href":"https:\/\/www.africa-press.net\/cotedivoire\/wp-json\/wp\/v2\/categories?post=57759"},{"taxonomy":"post_tag","embeddable":true,"href":"https:\/\/www.africa-press.net\/cotedivoire\/wp-json\/wp\/v2\/tags?post=57759"}],"curies":[{"name":"wp","href":"https:\/\/api.w.org\/{rel}","templated":true}]}}