{"id":57786,"date":"2023-05-10T16:53:31","date_gmt":"2023-05-10T16:53:31","guid":{"rendered":"https:\/\/www.africa-press.net\/cotedivoire\/politique\/lambassadeur-moriko-tiemoko-nouveau-representant-permanent-du-pays-a-lonu"},"modified":"2023-05-10T18:04:52","modified_gmt":"2023-05-10T18:04:52","slug":"lambassadeur-moriko-tiemoko-nouveau-representant-permanent-du-pays-a-lonu","status":"publish","type":"post","link":"https:\/\/www.africa-press.net\/cotedivoire\/politique\/lambassadeur-moriko-tiemoko-nouveau-representant-permanent-du-pays-a-lonu","title":{"rendered":"L&rsquo;Ambassadeur Moriko Ti\u00e9moko nouveau repr\u00e9sentant permanent  du pays \u00e0 l&rsquo;ONU"},"content":{"rendered":"<p><span style=\"color: #ff6600\"><strong>Africa-Press &#8211; C\u00f4te d&rsquo;Ivoire. <\/strong><\/span>L&rsquo;Ambassadeur Ibrahima Toure\u0301 a rec\u0327u S.E.M Moriko Tie\u0301moko, nouveau Repre\u0301sentant permanent de la Co\u0302te d&rsquo;Ivoire a\u0300 l&rsquo;ONU (DR)<\/p>\n<p>Son Excellence Monsieur Moriko Tie\u0301moko, nouveau Repre\u0301sentant permanent de la Co\u0302te d\u2019Ivoire aupre\u0300s des Nations Unies.<\/p>\n<p>Il remplace a\u0300 ce poste, M. Kacou Houadja Le\u0301on Adom, nomme\u0301 Ministre de\u0301le\u0301gue\u0301 aupre\u0300s du Ministre d&rsquo;Etat, Ministre des Affaires Etrange\u0300res, de l&rsquo;Inte\u0301gration Africaine et de la Diaspora.<\/p>\n<p>Le nouveau Repre\u0301sentant permanent de la Co\u0302te d\u2019Ivoire aupre\u0300s des Nations Unies, a rendu une visite de courtoisie a\u0300 son homologue, l&rsquo;Ambassadeur Ibrahima Toure\u0301, Chef de la Mission diplomatique de Co\u0302te d\u2019Ivoire a\u0300 Washington, DC, le lundi 8 mai 2023.<\/p>\n<p>A\u0300 la faveur des e\u0301changes qu\u2019ils ont eus, les deux Ambassadeurs se sont re\u0301jouis de la bonne dynamique e\u0301conomique en cours en Co\u0302te d\u2019Ivoire et des opportunite\u0301s offertes par ce regain d\u2019activite\u0301s.<\/p>\n<p>Ils ont e\u0301galement e\u0301voque\u0301 les nombreux de\u0301fis a\u0300 relever, ainsi que la ne\u0301cessite\u0301 de renforcer la pre\u0301sence de la Co\u0302te d\u2019Ivoire dans le concert des relations de coope\u0301ration aussi bien bilate\u0301rale que multilate\u0301rale, rele\u0300ve une note de la Diplomatie ivoirienne a\u0300 Washington.<\/p>\n<p><strong>Pour plus d&rsquo;informations et d&rsquo;analyses sur la <a href=\"https:\/\/www.africa-press.net\/cotedivoire\">C\u00f4te d&rsquo;Ivoire<\/a>, suivez <a href=\"https:\/\/www.africa-press.net\/\">Africa-Press<\/a><\/strong><\/p>\n","protected":false},"excerpt":{"rendered":"<p>Africa-Press &#8211; C\u00f4te d&rsquo;Ivoire. L&rsquo;Ambassadeur Ibrahima Toure\u0301 a rec\u0327u S.E.M Moriko Tie\u0301moko, nouveau Repre\u0301sentant permanent de la Co\u0302te d&rsquo;Ivoire a\u0300 l&rsquo;ONU (DR) Son Excellence Monsieur Moriko Tie\u0301moko, nouveau Repre\u0301sentant permanent de la Co\u0302te d\u2019Ivoire aupre\u0300s des Nations Unies. Il remplace a\u0300 ce poste, M. Kacou Houadja Le\u0301on Adom, nomme\u0301 Ministre de\u0301le\u0301gue\u0301 aupre\u0300s du Ministre d&rsquo;Etat, [&hellip;]<\/p>\n","protected":false},"author":82,"featured_media":57785,"comment_status":"open","ping_status":"closed","sticky":false,"template":"","format":"standard","meta":{"footnotes":""},"categories":[2,10],"tags":[56,63,29,4537,9970,9969,4085],"class_list":["post-57786","post","type-post","status-publish","format-standard","has-post-thumbnail","hentry","category-politique","category-toutes-les-actualites","tag-africa-press","tag-africa-press-cote-divoire","tag-cote-divoire","tag-ibrahima-toure","tag-kacou-houadja","tag-moriko-tiemoko","tag-onu"],"yoast_head":"<!-- This site is optimized with the Yoast SEO Premium plugin v26.1 (Yoast SEO v27.0) - https:\/\/yoast.com\/product\/yoast-seo-premium-wordpress\/ -->\n<title>L&#039;Ambassadeur Moriko Ti\u00e9moko nouveau repr\u00e9sentant permanent du pays \u00e0 l&#039;ONU - C\u00f4te d&#039;Ivoire<\/title>\n<meta name=\"description\" content=\"L&#039;Ambassadeur Ibrahima Toure\u0301 a rec\u0327u S.E.M Moriko Tie\u0301moko, nouveau Repre\u0301sentant permanent de la Co\u0302te d&#039;Ivoire a\u0300 l&#039;O ...\" \/>\n<meta name=\"robots\" content=\"index, follow, max-snippet:-1, max-image-preview:large, max-video-preview:-1\" \/>\n<link rel=\"canonical\" href=\"https:\/\/www.africa-press.net\/cotedivoire\/politique\/lambassadeur-moriko-tiemoko-nouveau-representant-permanent-du-pays-a-lonu\" \/>\n<meta property=\"og:locale\" content=\"fr_FR\" \/>\n<meta property=\"og:type\" content=\"article\" \/>\n<meta property=\"og:title\" content=\"L&#039;Ambassadeur Moriko Ti\u00e9moko nouveau repr\u00e9sentant permanent du pays \u00e0 l&#039;ONU\" \/>\n<meta property=\"og:description\" content=\"L&#039;Ambassadeur Ibrahima Toure\u0301 a rec\u0327u S.E.M Moriko Tie\u0301moko, nouveau Repre\u0301sentant permanent de la Co\u0302te d&#039;Ivoire a\u0300 l&#039;O ...\" \/>\n<meta property=\"og:url\" content=\"https:\/\/www.africa-press.net\/cotedivoire\/politique\/lambassadeur-moriko-tiemoko-nouveau-representant-permanent-du-pays-a-lonu\" \/>\n<meta property=\"og:site_name\" content=\"C\u00f4te d&#039;Ivoire\" \/>\n<meta property=\"article:published_time\" content=\"2023-05-10T16:53:31+00:00\" \/>\n<meta property=\"article:modified_time\" content=\"2023-05-10T18:04:52+00:00\" \/>\n<meta property=\"og:image\" content=\"https:\/\/static.africa-press.net\/cote\/sites\/43\/2023\/05\/postQueueImg_1683721428.55.jpg\" \/>\n\t<meta property=\"og:image:width\" content=\"720\" \/>\n\t<meta property=\"og:image:height\" content=\"352\" \/>\n\t<meta property=\"og:image:type\" content=\"image\/jpeg\" \/>\n<meta name=\"author\" content=\"cfeditorfr\" \/>\n<meta name=\"twitter:card\" content=\"summary_large_image\" \/>\n<meta name=\"twitter:label1\" content=\"\u00c9crit par\" \/>\n\t<meta name=\"twitter:data1\" content=\"cfeditorfr\" \/>\n\t<meta name=\"twitter:label2\" content=\"Dur\u00e9e de lecture estim\u00e9e\" \/>\n\t<meta name=\"twitter:data2\" content=\"1 minute\" \/>\n<script type=\"application\/ld+json\" class=\"yoast-schema-graph\">{\"@context\":\"https:\/\/schema.org\",\"@graph\":[{\"@type\":\"Article\",\"@id\":\"https:\/\/www.africa-press.net\/cotedivoire\/politique\/lambassadeur-moriko-tiemoko-nouveau-representant-permanent-du-pays-a-lonu#article\",\"isPartOf\":{\"@id\":\"https:\/\/www.africa-press.net\/cotedivoire\/politique\/lambassadeur-moriko-tiemoko-nouveau-representant-permanent-du-pays-a-lonu\"},\"author\":{\"name\":\"cfeditorfr\",\"@id\":\"https:\/\/www.africa-press.net\/cotedivoire\/#\/schema\/person\/2b1cf3cd81a31e3cd26889ca66d677f1\"},\"headline\":\"L&rsquo;Ambassadeur Moriko Ti\u00e9moko nouveau repr\u00e9sentant permanent du pays \u00e0 l&rsquo;ONU\",\"datePublished\":\"2023-05-10T16:53:31+00:00\",\"dateModified\":\"2023-05-10T18:04:52+00:00\",\"mainEntityOfPage\":{\"@id\":\"https:\/\/www.africa-press.net\/cotedivoire\/politique\/lambassadeur-moriko-tiemoko-nouveau-representant-permanent-du-pays-a-lonu\"},\"wordCount\":257,\"commentCount\":0,\"image\":{\"@id\":\"https:\/\/www.africa-press.net\/cotedivoire\/politique\/lambassadeur-moriko-tiemoko-nouveau-representant-permanent-du-pays-a-lonu#primaryimage\"},\"thumbnailUrl\":\"https:\/\/static.africa-press.net\/cote\/sites\/43\/2023\/05\/postQueueImg_1683721428.55.jpg\",\"keywords\":[\"Africa Press\",\"Africa Press-C\u00f4te d'Ivoire\",\"C\u00d4TE D'IVOIRE\",\"Ibrahima Tour\u00e9\",\"Kacou Houadja\",\"Moriko Ti\u00e9moko\",\"ONU\"],\"articleSection\":[\"Politique\",\"Toutes les actualit\u00e9s\"],\"inLanguage\":\"fr-FR\",\"potentialAction\":[{\"@type\":\"CommentAction\",\"name\":\"Comment\",\"target\":[\"https:\/\/www.africa-press.net\/cotedivoire\/politique\/lambassadeur-moriko-tiemoko-nouveau-representant-permanent-du-pays-a-lonu#respond\"]}]},{\"@type\":\"WebPage\",\"@id\":\"https:\/\/www.africa-press.net\/cotedivoire\/politique\/lambassadeur-moriko-tiemoko-nouveau-representant-permanent-du-pays-a-lonu\",\"url\":\"https:\/\/www.africa-press.net\/cotedivoire\/politique\/lambassadeur-moriko-tiemoko-nouveau-representant-permanent-du-pays-a-lonu\",\"name\":\"L'Ambassadeur Moriko Ti\u00e9moko nouveau repr\u00e9sentant permanent du pays \u00e0 l'ONU - C\u00f4te d&#039;Ivoire\",\"isPartOf\":{\"@id\":\"https:\/\/www.africa-press.net\/cotedivoire\/#website\"},\"primaryImageOfPage\":{\"@id\":\"https:\/\/www.africa-press.net\/cotedivoire\/politique\/lambassadeur-moriko-tiemoko-nouveau-representant-permanent-du-pays-a-lonu#primaryimage\"},\"image\":{\"@id\":\"https:\/\/www.africa-press.net\/cotedivoire\/politique\/lambassadeur-moriko-tiemoko-nouveau-representant-permanent-du-pays-a-lonu#primaryimage\"},\"thumbnailUrl\":\"https:\/\/static.africa-press.net\/cote\/sites\/43\/2023\/05\/postQueueImg_1683721428.55.jpg\",\"datePublished\":\"2023-05-10T16:53:31+00:00\",\"dateModified\":\"2023-05-10T18:04:52+00:00\",\"author\":{\"@id\":\"https:\/\/www.africa-press.net\/cotedivoire\/#\/schema\/person\/2b1cf3cd81a31e3cd26889ca66d677f1\"},\"description\":\"L'Ambassadeur Ibrahima Toure\u0301 a rec\u0327u S.E.M Moriko Tie\u0301moko, nouveau Repre\u0301sentant permanent de la Co\u0302te d'Ivoire a\u0300 l'O ...\",\"breadcrumb\":{\"@id\":\"https:\/\/www.africa-press.net\/cotedivoire\/politique\/lambassadeur-moriko-tiemoko-nouveau-representant-permanent-du-pays-a-lonu#breadcrumb\"},\"inLanguage\":\"fr-FR\",\"potentialAction\":[{\"@type\":\"ReadAction\",\"target\":[\"https:\/\/www.africa-press.net\/cotedivoire\/politique\/lambassadeur-moriko-tiemoko-nouveau-representant-permanent-du-pays-a-lonu\"]}]},{\"@type\":\"ImageObject\",\"inLanguage\":\"fr-FR\",\"@id\":\"https:\/\/www.africa-press.net\/cotedivoire\/politique\/lambassadeur-moriko-tiemoko-nouveau-representant-permanent-du-pays-a-lonu#primaryimage\",\"url\":\"https:\/\/static.africa-press.net\/cote\/sites\/43\/2023\/05\/postQueueImg_1683721428.55.jpg\",\"contentUrl\":\"https:\/\/static.africa-press.net\/cote\/sites\/43\/2023\/05\/postQueueImg_1683721428.55.jpg\",\"width\":720,\"height\":352,\"caption\":\"L'Ambassadeur Moriko Ti\u00e9moko nouveau repr\u00e9sentant permanent du pays \u00e0 l'ONU\"},{\"@type\":\"BreadcrumbList\",\"@id\":\"https:\/\/www.africa-press.net\/cotedivoire\/politique\/lambassadeur-moriko-tiemoko-nouveau-representant-permanent-du-pays-a-lonu#breadcrumb\",\"itemListElement\":[{\"@type\":\"ListItem\",\"position\":1,\"name\":\"Accueil\",\"item\":\"https:\/\/www.africa-press.net\/cotedivoire\/\"},{\"@type\":\"ListItem\",\"position\":2,\"name\":\"L&#8217;Ambassadeur Moriko Ti\u00e9moko nouveau repr\u00e9sentant permanent du pays \u00e0 l&#8217;ONU\"}]},{\"@type\":\"WebSite\",\"@id\":\"https:\/\/www.africa-press.net\/cotedivoire\/#website\",\"url\":\"https:\/\/www.africa-press.net\/cotedivoire\/\",\"name\":\"C\u00f4te d&#039;Ivoire\",\"description\":\"Just another Africa News Agency Sites site\",\"potentialAction\":[{\"@type\":\"SearchAction\",\"target\":{\"@type\":\"EntryPoint\",\"urlTemplate\":\"https:\/\/www.africa-press.net\/cotedivoire\/?s={search_term_string}\"},\"query-input\":{\"@type\":\"PropertyValueSpecification\",\"valueRequired\":true,\"valueName\":\"search_term_string\"}}],\"inLanguage\":\"fr-FR\"},{\"@type\":\"Person\",\"@id\":\"https:\/\/www.africa-press.net\/cotedivoire\/#\/schema\/person\/2b1cf3cd81a31e3cd26889ca66d677f1\",\"name\":\"cfeditorfr\"}]}<\/script>\n<!-- \/ Yoast SEO Premium plugin. -->","yoast_head_json":{"title":"L'Ambassadeur Moriko Ti\u00e9moko nouveau repr\u00e9sentant permanent du pays \u00e0 l'ONU - C\u00f4te d&#039;Ivoire","description":"L'Ambassadeur Ibrahima Toure\u0301 a rec\u0327u S.E.M Moriko Tie\u0301moko, nouveau Repre\u0301sentant permanent de la Co\u0302te d'Ivoire a\u0300 l'O ...","robots":{"index":"index","follow":"follow","max-snippet":"max-snippet:-1","max-image-preview":"max-image-preview:large","max-video-preview":"max-video-preview:-1"},"canonical":"https:\/\/www.africa-press.net\/cotedivoire\/politique\/lambassadeur-moriko-tiemoko-nouveau-representant-permanent-du-pays-a-lonu","og_locale":"fr_FR","og_type":"article","og_title":"L'Ambassadeur Moriko Ti\u00e9moko nouveau repr\u00e9sentant permanent du pays \u00e0 l'ONU","og_description":"L'Ambassadeur Ibrahima Toure\u0301 a rec\u0327u S.E.M Moriko Tie\u0301moko, nouveau Repre\u0301sentant permanent de la Co\u0302te d'Ivoire a\u0300 l'O ...","og_url":"https:\/\/www.africa-press.net\/cotedivoire\/politique\/lambassadeur-moriko-tiemoko-nouveau-representant-permanent-du-pays-a-lonu","og_site_name":"C\u00f4te d&#039;Ivoire","article_published_time":"2023-05-10T16:53:31+00:00","article_modified_time":"2023-05-10T18:04:52+00:00","og_image":[{"width":720,"height":352,"url":"https:\/\/static.africa-press.net\/cote\/sites\/43\/2023\/05\/postQueueImg_1683721428.55.jpg","type":"image\/jpeg"}],"author":"cfeditorfr","twitter_card":"summary_large_image","twitter_misc":{"\u00c9crit par":"cfeditorfr","Dur\u00e9e de lecture estim\u00e9e":"1 minute"},"schema":{"@context":"https:\/\/schema.org","@graph":[{"@type":"Article","@id":"https:\/\/www.africa-press.net\/cotedivoire\/politique\/lambassadeur-moriko-tiemoko-nouveau-representant-permanent-du-pays-a-lonu#article","isPartOf":{"@id":"https:\/\/www.africa-press.net\/cotedivoire\/politique\/lambassadeur-moriko-tiemoko-nouveau-representant-permanent-du-pays-a-lonu"},"author":{"name":"cfeditorfr","@id":"https:\/\/www.africa-press.net\/cotedivoire\/#\/schema\/person\/2b1cf3cd81a31e3cd26889ca66d677f1"},"headline":"L&rsquo;Ambassadeur Moriko Ti\u00e9moko nouveau repr\u00e9sentant permanent du pays \u00e0 l&rsquo;ONU","datePublished":"2023-05-10T16:53:31+00:00","dateModified":"2023-05-10T18:04:52+00:00","mainEntityOfPage":{"@id":"https:\/\/www.africa-press.net\/cotedivoire\/politique\/lambassadeur-moriko-tiemoko-nouveau-representant-permanent-du-pays-a-lonu"},"wordCount":257,"commentCount":0,"image":{"@id":"https:\/\/www.africa-press.net\/cotedivoire\/politique\/lambassadeur-moriko-tiemoko-nouveau-representant-permanent-du-pays-a-lonu#primaryimage"},"thumbnailUrl":"https:\/\/static.africa-press.net\/cote\/sites\/43\/2023\/05\/postQueueImg_1683721428.55.jpg","keywords":["Africa Press","Africa Press-C\u00f4te d'Ivoire","C\u00d4TE D'IVOIRE","Ibrahima Tour\u00e9","Kacou Houadja","Moriko Ti\u00e9moko","ONU"],"articleSection":["Politique","Toutes les actualit\u00e9s"],"inLanguage":"fr-FR","potentialAction":[{"@type":"CommentAction","name":"Comment","target":["https:\/\/www.africa-press.net\/cotedivoire\/politique\/lambassadeur-moriko-tiemoko-nouveau-representant-permanent-du-pays-a-lonu#respond"]}]},{"@type":"WebPage","@id":"https:\/\/www.africa-press.net\/cotedivoire\/politique\/lambassadeur-moriko-tiemoko-nouveau-representant-permanent-du-pays-a-lonu","url":"https:\/\/www.africa-press.net\/cotedivoire\/politique\/lambassadeur-moriko-tiemoko-nouveau-representant-permanent-du-pays-a-lonu","name":"L'Ambassadeur Moriko Ti\u00e9moko nouveau repr\u00e9sentant permanent du pays \u00e0 l'ONU - C\u00f4te d&#039;Ivoire","isPartOf":{"@id":"https:\/\/www.africa-press.net\/cotedivoire\/#website"},"primaryImageOfPage":{"@id":"https:\/\/www.africa-press.net\/cotedivoire\/politique\/lambassadeur-moriko-tiemoko-nouveau-representant-permanent-du-pays-a-lonu#primaryimage"},"image":{"@id":"https:\/\/www.africa-press.net\/cotedivoire\/politique\/lambassadeur-moriko-tiemoko-nouveau-representant-permanent-du-pays-a-lonu#primaryimage"},"thumbnailUrl":"https:\/\/static.africa-press.net\/cote\/sites\/43\/2023\/05\/postQueueImg_1683721428.55.jpg","datePublished":"2023-05-10T16:53:31+00:00","dateModified":"2023-05-10T18:04:52+00:00","author":{"@id":"https:\/\/www.africa-press.net\/cotedivoire\/#\/schema\/person\/2b1cf3cd81a31e3cd26889ca66d677f1"},"description":"L'Ambassadeur Ibrahima Toure\u0301 a rec\u0327u S.E.M Moriko Tie\u0301moko, nouveau Repre\u0301sentant permanent de la Co\u0302te d'Ivoire a\u0300 l'O ...","breadcrumb":{"@id":"https:\/\/www.africa-press.net\/cotedivoire\/politique\/lambassadeur-moriko-tiemoko-nouveau-representant-permanent-du-pays-a-lonu#breadcrumb"},"inLanguage":"fr-FR","potentialAction":[{"@type":"ReadAction","target":["https:\/\/www.africa-press.net\/cotedivoire\/politique\/lambassadeur-moriko-tiemoko-nouveau-representant-permanent-du-pays-a-lonu"]}]},{"@type":"ImageObject","inLanguage":"fr-FR","@id":"https:\/\/www.africa-press.net\/cotedivoire\/politique\/lambassadeur-moriko-tiemoko-nouveau-representant-permanent-du-pays-a-lonu#primaryimage","url":"https:\/\/static.africa-press.net\/cote\/sites\/43\/2023\/05\/postQueueImg_1683721428.55.jpg","contentUrl":"https:\/\/static.africa-press.net\/cote\/sites\/43\/2023\/05\/postQueueImg_1683721428.55.jpg","width":720,"height":352,"caption":"L'Ambassadeur Moriko Ti\u00e9moko nouveau repr\u00e9sentant permanent du pays \u00e0 l'ONU"},{"@type":"BreadcrumbList","@id":"https:\/\/www.africa-press.net\/cotedivoire\/politique\/lambassadeur-moriko-tiemoko-nouveau-representant-permanent-du-pays-a-lonu#breadcrumb","itemListElement":[{"@type":"ListItem","position":1,"name":"Accueil","item":"https:\/\/www.africa-press.net\/cotedivoire\/"},{"@type":"ListItem","position":2,"name":"L&#8217;Ambassadeur Moriko Ti\u00e9moko nouveau repr\u00e9sentant permanent du pays \u00e0 l&#8217;ONU"}]},{"@type":"WebSite","@id":"https:\/\/www.africa-press.net\/cotedivoire\/#website","url":"https:\/\/www.africa-press.net\/cotedivoire\/","name":"C\u00f4te d&#039;Ivoire","description":"Just another Africa News Agency Sites site","potentialAction":[{"@type":"SearchAction","target":{"@type":"EntryPoint","urlTemplate":"https:\/\/www.africa-press.net\/cotedivoire\/?s={search_term_string}"},"query-input":{"@type":"PropertyValueSpecification","valueRequired":true,"valueName":"search_term_string"}}],"inLanguage":"fr-FR"},{"@type":"Person","@id":"https:\/\/www.africa-press.net\/cotedivoire\/#\/schema\/person\/2b1cf3cd81a31e3cd26889ca66d677f1","name":"cfeditorfr"}]}},"_links":{"self":[{"href":"https:\/\/www.africa-press.net\/cotedivoire\/wp-json\/wp\/v2\/posts\/57786","targetHints":{"allow":["GET"]}}],"collection":[{"href":"https:\/\/www.africa-press.net\/cotedivoire\/wp-json\/wp\/v2\/posts"}],"about":[{"href":"https:\/\/www.africa-press.net\/cotedivoire\/wp-json\/wp\/v2\/types\/post"}],"author":[{"embeddable":true,"href":"https:\/\/www.africa-press.net\/cotedivoire\/wp-json\/wp\/v2\/users\/82"}],"replies":[{"embeddable":true,"href":"https:\/\/www.africa-press.net\/cotedivoire\/wp-json\/wp\/v2\/comments?post=57786"}],"version-history":[{"count":0,"href":"https:\/\/www.africa-press.net\/cotedivoire\/wp-json\/wp\/v2\/posts\/57786\/revisions"}],"wp:featuredmedia":[{"embeddable":true,"href":"https:\/\/www.africa-press.net\/cotedivoire\/wp-json\/wp\/v2\/media\/57785"}],"wp:attachment":[{"href":"https:\/\/www.africa-press.net\/cotedivoire\/wp-json\/wp\/v2\/media?parent=57786"}],"wp:term":[{"taxonomy":"category","embeddable":true,"href":"https:\/\/www.africa-press.net\/cotedivoire\/wp-json\/wp\/v2\/categories?post=57786"},{"taxonomy":"post_tag","embeddable":true,"href":"https:\/\/www.africa-press.net\/cotedivoire\/wp-json\/wp\/v2\/tags?post=57786"}],"curies":[{"name":"wp","href":"https:\/\/api.w.org\/{rel}","templated":true}]}}