{"id":58175,"date":"2023-05-16T19:06:37","date_gmt":"2023-05-16T19:06:37","guid":{"rendered":"https:\/\/www.africa-press.net\/cotedivoire\/politique\/usa-adama-bictogo-en-louisiane-sadresse-pour-la-premiere-fois-aux-senateurs-et-aux-representants-du-18%e1%b5%89-etat"},"modified":"2023-05-16T19:38:04","modified_gmt":"2023-05-16T19:38:04","slug":"usa-adama-bictogo-en-louisiane-sadresse-pour-la-premiere-fois-aux-senateurs-et-aux-representants-du-18%e1%b5%89-etat","status":"publish","type":"post","link":"https:\/\/www.africa-press.net\/cotedivoire\/politique\/usa-adama-bictogo-en-louisiane-sadresse-pour-la-premiere-fois-aux-senateurs-et-aux-representants-du-18%e1%b5%89-etat","title":{"rendered":"USA, Adama Bictogo en Louisiane, s&rsquo;adresse pour la premi\u00e8re fois aux S\u00e9nateurs et aux repr\u00e9sentants du 18\u1d49 Etat"},"content":{"rendered":"<p><span style=\"color: #ff6600\"><strong>Africa-Press &#8211; C\u00f4te d&rsquo;Ivoire. <\/strong><\/span><\/p>\n<p>Adama Bictogo, pre\u0301sident de l&rsquo;Assemble\u0301e nationale de Co\u0302te d&rsquo;Ivoire a effectue\u0301 une visite de travail et d&rsquo;amitie\u0301 aux Etats-Unis d&rsquo;Ame\u0301rique. Lors de son se\u0301jour, il s&rsquo;est adresse\u0301 aux repre\u0301sentants et aux se\u0301nateurs de Louisiane.<\/p>\n<p>Arrive\u0301 a\u0300 Washington DC, Adama Bictogo a participe\u0301 a\u0300 un panel sur le the\u0300me \u00ab\u00a0Contribution des Parlements a\u0300 la promotion de la paix et de la stabilite\u0301 au plan national et dans la re\u0301gion ouest-africaine\u00a0\u00bb, a\u0300 l&rsquo;United Institute of peace.<\/p>\n<p>Dans la foule\u0301e, il a eu une se\u0301ance de travail avec Mme Sheila Jackson Lee, vice-pre\u0301sidente de\u0301mocrate de la Chambre des repre\u0301sentants des USA. Le Pre\u0301sident de l&rsquo;Assemble\u0301e nationale s&rsquo;est rendu a\u0300 Ba\u0302ton Rouge, en Louisiane, ou\u0300 il s&rsquo;est adresse\u0301, aux Se\u0301nateurs et aux repre\u0301sentants du 18e Etat des USA re\u0301unis en session.<\/p>\n<p>\u00abLe sentiment qui m&rsquo;anime en ce moment pre\u0301cis est un sentiment de joie et de fierte\u0301 de pouvoir prendre la parole devant cette noble assemble\u0301e. Une premie\u0300re pour un Pre\u0301sident d&rsquo;Assemble\u0301e nationale de mon pays. Aussi, voudrais-je, de prime abord, vous adresser mes since\u0300res remerciements pour cette opportunite\u0301 et vous exprimer toute ma gratitude pour la qualite\u0301 de l&rsquo;accueil que vous avez bien voulu re\u0301server a\u0300 ma de\u0301le\u0301gation ainsi qu&rsquo;a\u0300 moi-me\u0302me \u00bb, a de\u0301clare\u0301 Bictogo.<\/p>\n<p>Poursuivant, le Pre\u0301sident Adama Bictogo a rappele\u0301 l&rsquo;excellence des relations entre les Etats-Unis d&rsquo;Ame\u0301rique et la Co\u0302te d&rsquo;Ivoire qui date du 21 novembre 1961, au lendemain de l&rsquo;inde\u0301pendance de la Co\u0302te d&rsquo;Ivoire.<\/p>\n<p>\u00ab L&rsquo;attachement re\u0301ciproque de nos Etats respectifs va se concre\u0301tiser, de\u0300s 1962, avec la visite de travail et d&rsquo;amitie\u0301 de deux semaines aux Etats-Unis d&rsquo;Ame\u0301rique de notre premier Pre\u0301sident, Feu Son Excellence Monsieur Fe\u0301lix Houphoue\u0308t-Boigny, aux co\u0302te\u0301s de Son Excellence Monsieur John Fitzgerald Kennedy \u00bb, a ajoute\u0301, le Pre\u0301sident de l&rsquo;Assemble\u0301e nationale.<\/p>\n<p>\u00ab Notre participation a\u0300 la pre\u0301sente session et la tribune que vous m&rsquo;offrez ce jour reve\u0302tent e\u0301galement pour moi un caracte\u0300re tout particulier en ce qu&rsquo;ils constituent une opportunite\u0301 de pouvoir raffermir et consolider les relations entre nos diffe\u0301rentes Institutions parlementaires, dans le cadre de la diplomatie parlementaire qui constitue un des axes prioritaires de ma gouvernance \u00bb, a-t-il mentionne\u0301.<\/p>\n<p>Adama Bictogo a vante\u0301 la destination de son pays qui depuis l&rsquo;accession de Ouattara au pouvoir est devenu e\u0301mergent.<\/p>\n<p>\u00ab La Co\u0302te d&rsquo;Ivoire est en effet, la locomotive e\u0301conomique de l&rsquo;Afrique de l&rsquo;Ouest. Premier pays producteur mondial de cacao et de noix de cajou, elle est une destination touristique privile\u0301gie\u0301e \u00bb, s&rsquo;est fe\u0301licite\u0301, Bictogo.<\/p>\n<p>Le Pre\u0301sident Adama Bictogo a traduit la gratitude du gouvernement ivoirien aux USA pour l&rsquo;assistance multiforme dont be\u0301ne\u0301ficie son pays a\u0300 travers l&rsquo;USAID via ses programmes d&rsquo;appui dans le domaine de la paix, de la bonne gouvernance, de la sante\u0301 et du de\u0301veloppement e\u0301conomique et social.<\/p>\n<p>\u00ab Vous comprendrez aise\u0301ment, Mesdames et Messieurs, la joie qui nous anime, ma de\u0301le\u0301gation et moi-me\u0302me, de nous retrouver sur cette terre qui nous semble si familie\u0300re et dont les vastes proprie\u0301te\u0301s agricoles nous rappellent notre che\u0300re Co\u0302te d&rsquo;Ivoire dont l \u0301e\u0301conomie repose essentiellement sur l&rsquo;agriculture \u00bb, a-t-il souligne\u0301.<\/p>\n<p>\u00ab Certes, mon pays a ve\u0301cu, dans un passe\u0301 re\u0301cent, une expe\u0301rience douloureuse ou\u0300 il a e\u0301te\u0301 secoue\u0301 pendant plus d&rsquo;une de\u0301cennie par une crise sociopolitique et militaire qui a laisse\u0301 le pays divise\u0301 et profonde\u0301ment meurtri, mais il a su se relever gra\u0302ce au leadership e\u0301claire\u0301 du Pre\u0301sident de la Re\u0301publique, Son Excellence Monsieur Alassane Ouattara. Il a ainsi initie\u0301 plusieurs actions en vue de restaurer la confiance entre ivoiriens et permettre a\u0300 ceux qui s&rsquo;e\u0301taient exile\u0301s de rentrer au pays \u00bb, a ajoute\u0301, Bictogo.<\/p>\n<p>Selon lui, la diplomatie parlementaire permet de raffermir les relations Institutionnelles entre deux pays.<\/p>\n<p>\u00ab Elle nous aura permis de venir vers vous pour de\u0301couvrir de plus pre\u0300s vos Institutions et envisager ensemble un renforcement de nos relations a\u0300 travers une coope\u0301ration fructueuse, marque\u0301e par le partage d&rsquo;expe\u0301riences et de valeurs che\u0300res a\u0300 nos peuples respectifs. Nous serons tre\u0300s heureux de vous accueillir a\u0300 notre tour en terre ivoirienne, afin de poursuivre ce bel e\u0301lan d&rsquo;amitie\u0301 et de fraternite\u0301 dont nous posons, aujourd&rsquo;hui ensemble, les premiers jalons \u00bb, a-t-il conclu.<\/p>\n<p>Wassimagnon<\/p>\n\r\n                <style type=\"text\/css\">\r\n                    \r\n                    #td_uid_1_69f414df05af8  .td-doubleSlider-2 .td-item1 {\r\n                        background: url(https:\/\/static.africa-press.net\/cote\/sites\/43\/2023\/05\/postMediaimg_16_1-80x60.jpg) 0 0 no-repeat;\r\n                    }\r\n                    #td_uid_1_69f414df05af8  .td-doubleSlider-2 .td-item2 {\r\n                        background: url(https:\/\/static.africa-press.net\/cote\/sites\/43\/2023\/05\/postMediaimg_16_2-80x60.jpg) 0 0 no-repeat;\r\n                    }\r\n                <\/style>\r\n\r\n                <div id=\"td_uid_1_69f414df05af8\" class=\"td-gallery td-slide-on-2-columns\">\r\n                    <div class=\"post_td_gallery\">\r\n                        <div class=\"td-gallery-slide-top\">\r\n                           <div class=\"td-gallery-title\"><\/div>\r\n\r\n                            <div class=\"td-gallery-controls-wrapper\">\r\n                                <div class=\"td-gallery-slide-count\"><span class=\"td-gallery-slide-item-focus\">1<\/span> de 2<\/div>\r\n                                <div class=\"td-gallery-slide-prev-next-but\">\r\n                                    <i class = \"td-icon-left doubleSliderPrevButton\"><\/i>\r\n                                    <i class = \"td-icon-right doubleSliderNextButton\"><\/i>\r\n                                <\/div>\r\n                            <\/div>\r\n                        <\/div>\r\n\r\n                        <div class = \"td-doubleSlider-1 \">\r\n                            <div class = \"td-slider\">\r\n                                \r\n                    <div class = \"td-slide-item td-item1\">\r\n                        <figure class=\"td-slide-galery-figure td-slide-popup-gallery\">\r\n                            <a class=\"slide-gallery-image-link\" href=\"https:\/\/static.africa-press.net\/cote\/sites\/43\/2023\/05\/postMediaimg_16_1.jpg\" title=\"postMediaimg_16_1\"  data-caption=\"\"  data-description=\"\">\r\n                                <img decoding=\"async\" src=\"https:\/\/static.africa-press.net\/cote\/sites\/43\/2023\/05\/postMediaimg_16_1.jpg\" srcset=\"https:\/\/static.africa-press.net\/cote\/sites\/43\/2023\/05\/postMediaimg_16_1.jpg 1000w, https:\/\/static.africa-press.net\/cote\/sites\/43\/2023\/05\/postMediaimg_16_1-300x151.jpg 300w, https:\/\/static.africa-press.net\/cote\/sites\/43\/2023\/05\/postMediaimg_16_1-768x387.jpg 768w\" sizes=\"(max-width: 1000px) 100vw, 1000px\" alt=\"\">\r\n                            <\/a>\r\n                            \r\n                        <\/figure>\r\n                    <\/div>\r\n                    <div class = \"td-slide-item td-item2\">\r\n                        <figure class=\"td-slide-galery-figure td-slide-popup-gallery\">\r\n                            <a class=\"slide-gallery-image-link\" href=\"https:\/\/static.africa-press.net\/cote\/sites\/43\/2023\/05\/postMediaimg_16_2.jpg\" title=\"postMediaimg_16_2\"  data-caption=\"\"  data-description=\"\">\r\n                                <img decoding=\"async\" src=\"https:\/\/static.africa-press.net\/cote\/sites\/43\/2023\/05\/postMediaimg_16_2.jpg\" srcset=\"https:\/\/static.africa-press.net\/cote\/sites\/43\/2023\/05\/postMediaimg_16_2.jpg 1000w, https:\/\/static.africa-press.net\/cote\/sites\/43\/2023\/05\/postMediaimg_16_2-300x146.jpg 300w, https:\/\/static.africa-press.net\/cote\/sites\/43\/2023\/05\/postMediaimg_16_2-768x375.jpg 768w, https:\/\/static.africa-press.net\/cote\/sites\/43\/2023\/05\/postMediaimg_16_2-533x261.jpg 533w\" sizes=\"(max-width: 1000px) 100vw, 1000px\" alt=\"\">\r\n                            <\/a>\r\n                            \r\n                        <\/figure>\r\n                    <\/div>\r\n                            <\/div>\r\n                        <\/div>\r\n\r\n                        <div class = \"td-doubleSlider-2\">\r\n                            <div class = \"td-slider\">\r\n                                \r\n                    <div class = \"td-button td-item1\">\r\n                        <div class = \"td-border\"><\/div>\r\n                    <\/div>\r\n                    <div class = \"td-button td-item2\">\r\n                        <div class = \"td-border\"><\/div>\r\n                    <\/div>\r\n                            <\/div>\r\n                        <\/div>\r\n\r\n                    <\/div>\r\n\r\n                <\/div>\r\n                \n<p><strong>Pour plus d&rsquo;informations et d&rsquo;analyses sur la <a href=\"https:\/\/www.africa-press.net\/cotedivoire\">C\u00f4te d&rsquo;Ivoire<\/a>, suivez <a href=\"https:\/\/www.africa-press.net\/\">Africa-Press<\/a><\/strong><\/p>\n","protected":false},"excerpt":{"rendered":"<p>Africa-Press &#8211; C\u00f4te d&rsquo;Ivoire. Adama Bictogo, pre\u0301sident de l&rsquo;Assemble\u0301e nationale de Co\u0302te d&rsquo;Ivoire a effectue\u0301 une visite de travail et d&rsquo;amitie\u0301 aux Etats-Unis d&rsquo;Ame\u0301rique. Lors de son se\u0301jour, il s&rsquo;est adresse\u0301 aux repre\u0301sentants et aux se\u0301nateurs de Louisiane. Arrive\u0301 a\u0300 Washington DC, Adama Bictogo a participe\u0301 a\u0300 un panel sur le the\u0300me \u00ab\u00a0Contribution des Parlements [&hellip;]<\/p>\n","protected":false},"author":82,"featured_media":58174,"comment_status":"open","ping_status":"closed","sticky":false,"template":"","format":"standard","meta":{"footnotes":""},"categories":[8,2,10],"tags":[1265,56,63,29,10032,960,1533],"class_list":["post-58175","post","type-post","status-publish","format-standard","has-post-thumbnail","hentry","category-photo","category-politique","category-toutes-les-actualites","tag-adama-bictogo","tag-africa-press","tag-africa-press-cote-divoire","tag-cote-divoire","tag-louisiane","tag-senateur","tag-usa"],"yoast_head":"<!-- This site is optimized with the Yoast SEO Premium plugin v26.1 (Yoast SEO v27.0) - https:\/\/yoast.com\/product\/yoast-seo-premium-wordpress\/ -->\n<title>USA, Adama Bictogo en Louisiane, s&#039;adresse pour la premi\u00e8re fois aux S\u00e9nateurs et aux repr\u00e9sentants du 18\u1d49 Etat - C\u00f4te d&#039;Ivoire<\/title>\n<meta name=\"description\" content=\"\ufeff Adama Bictogo, pre\u0301sident de l&#039;Assemble\u0301e nationale de Co\u0302te d&#039;Ivoire a effectue\u0301 une visite de travail et d&#039;amitie\u0301 ...\" \/>\n<meta name=\"robots\" content=\"index, follow, max-snippet:-1, max-image-preview:large, max-video-preview:-1\" \/>\n<link rel=\"canonical\" href=\"https:\/\/www.africa-press.net\/cotedivoire\/politique\/usa-adama-bictogo-en-louisiane-sadresse-pour-la-premiere-fois-aux-senateurs-et-aux-representants-du-18\u1d49-etat\" \/>\n<meta property=\"og:locale\" content=\"fr_FR\" \/>\n<meta property=\"og:type\" content=\"article\" \/>\n<meta property=\"og:title\" content=\"USA, Adama Bictogo en Louisiane, s&#039;adresse pour la premi\u00e8re fois aux S\u00e9nateurs et aux repr\u00e9sentants du 18\u1d49 Etat\" \/>\n<meta property=\"og:description\" content=\"\ufeff Adama Bictogo, pre\u0301sident de l&#039;Assemble\u0301e nationale de Co\u0302te d&#039;Ivoire a effectue\u0301 une visite de travail et d&#039;amitie\u0301 ...\" \/>\n<meta property=\"og:url\" content=\"https:\/\/www.africa-press.net\/cotedivoire\/politique\/usa-adama-bictogo-en-louisiane-sadresse-pour-la-premiere-fois-aux-senateurs-et-aux-representants-du-18\u1d49-etat\" \/>\n<meta property=\"og:site_name\" content=\"C\u00f4te d&#039;Ivoire\" \/>\n<meta property=\"article:published_time\" content=\"2023-05-16T19:06:37+00:00\" \/>\n<meta property=\"article:modified_time\" content=\"2023-05-16T19:38:04+00:00\" \/>\n<meta property=\"og:image\" content=\"https:\/\/static.africa-press.net\/cote\/sites\/43\/2023\/05\/postQueueImg_1684251456.63.jpg\" \/>\n\t<meta property=\"og:image:width\" content=\"720\" \/>\n\t<meta property=\"og:image:height\" content=\"330\" \/>\n\t<meta property=\"og:image:type\" content=\"image\/jpeg\" \/>\n<meta name=\"author\" content=\"cfeditorfr\" \/>\n<meta name=\"twitter:card\" content=\"summary_large_image\" \/>\n<meta name=\"twitter:label1\" content=\"\u00c9crit par\" \/>\n\t<meta name=\"twitter:data1\" content=\"cfeditorfr\" \/>\n\t<meta name=\"twitter:label2\" content=\"Dur\u00e9e de lecture estim\u00e9e\" \/>\n\t<meta name=\"twitter:data2\" content=\"4 minutes\" \/>\n<script type=\"application\/ld+json\" class=\"yoast-schema-graph\">{\"@context\":\"https:\/\/schema.org\",\"@graph\":[{\"@type\":\"Article\",\"@id\":\"https:\/\/www.africa-press.net\/cotedivoire\/politique\/usa-adama-bictogo-en-louisiane-sadresse-pour-la-premiere-fois-aux-senateurs-et-aux-representants-du-18%e1%b5%89-etat#article\",\"isPartOf\":{\"@id\":\"https:\/\/www.africa-press.net\/cotedivoire\/politique\/usa-adama-bictogo-en-louisiane-sadresse-pour-la-premiere-fois-aux-senateurs-et-aux-representants-du-18%e1%b5%89-etat\"},\"author\":{\"name\":\"cfeditorfr\",\"@id\":\"https:\/\/www.africa-press.net\/cotedivoire\/#\/schema\/person\/2b1cf3cd81a31e3cd26889ca66d677f1\"},\"headline\":\"USA, Adama Bictogo en Louisiane, s&rsquo;adresse pour la premi\u00e8re fois aux S\u00e9nateurs et aux repr\u00e9sentants du 18\u1d49 Etat\",\"datePublished\":\"2023-05-16T19:06:37+00:00\",\"dateModified\":\"2023-05-16T19:38:04+00:00\",\"mainEntityOfPage\":{\"@id\":\"https:\/\/www.africa-press.net\/cotedivoire\/politique\/usa-adama-bictogo-en-louisiane-sadresse-pour-la-premiere-fois-aux-senateurs-et-aux-representants-du-18%e1%b5%89-etat\"},\"wordCount\":840,\"commentCount\":0,\"image\":{\"@id\":\"https:\/\/www.africa-press.net\/cotedivoire\/politique\/usa-adama-bictogo-en-louisiane-sadresse-pour-la-premiere-fois-aux-senateurs-et-aux-representants-du-18%e1%b5%89-etat#primaryimage\"},\"thumbnailUrl\":\"https:\/\/static.africa-press.net\/cote\/sites\/43\/2023\/05\/postQueueImg_1684251456.63.jpg\",\"keywords\":[\"Adama Bictogo\",\"Africa Press\",\"Africa Press-C\u00f4te d'Ivoire\",\"C\u00d4TE D'IVOIRE\",\"Louisiane\",\"s\u00e9nateur\",\"USA\"],\"articleSection\":[\"Photo\",\"Politique\",\"Toutes les actualit\u00e9s\"],\"inLanguage\":\"fr-FR\",\"potentialAction\":[{\"@type\":\"CommentAction\",\"name\":\"Comment\",\"target\":[\"https:\/\/www.africa-press.net\/cotedivoire\/politique\/usa-adama-bictogo-en-louisiane-sadresse-pour-la-premiere-fois-aux-senateurs-et-aux-representants-du-18%e1%b5%89-etat#respond\"]}]},{\"@type\":\"WebPage\",\"@id\":\"https:\/\/www.africa-press.net\/cotedivoire\/politique\/usa-adama-bictogo-en-louisiane-sadresse-pour-la-premiere-fois-aux-senateurs-et-aux-representants-du-18%e1%b5%89-etat\",\"url\":\"https:\/\/www.africa-press.net\/cotedivoire\/politique\/usa-adama-bictogo-en-louisiane-sadresse-pour-la-premiere-fois-aux-senateurs-et-aux-representants-du-18%e1%b5%89-etat\",\"name\":\"USA, Adama Bictogo en Louisiane, s'adresse pour la premi\u00e8re fois aux S\u00e9nateurs et aux repr\u00e9sentants du 18\u1d49 Etat - C\u00f4te d&#039;Ivoire\",\"isPartOf\":{\"@id\":\"https:\/\/www.africa-press.net\/cotedivoire\/#website\"},\"primaryImageOfPage\":{\"@id\":\"https:\/\/www.africa-press.net\/cotedivoire\/politique\/usa-adama-bictogo-en-louisiane-sadresse-pour-la-premiere-fois-aux-senateurs-et-aux-representants-du-18%e1%b5%89-etat#primaryimage\"},\"image\":{\"@id\":\"https:\/\/www.africa-press.net\/cotedivoire\/politique\/usa-adama-bictogo-en-louisiane-sadresse-pour-la-premiere-fois-aux-senateurs-et-aux-representants-du-18%e1%b5%89-etat#primaryimage\"},\"thumbnailUrl\":\"https:\/\/static.africa-press.net\/cote\/sites\/43\/2023\/05\/postQueueImg_1684251456.63.jpg\",\"datePublished\":\"2023-05-16T19:06:37+00:00\",\"dateModified\":\"2023-05-16T19:38:04+00:00\",\"author\":{\"@id\":\"https:\/\/www.africa-press.net\/cotedivoire\/#\/schema\/person\/2b1cf3cd81a31e3cd26889ca66d677f1\"},\"description\":\"\ufeff Adama Bictogo, pre\u0301sident de l'Assemble\u0301e nationale de Co\u0302te d'Ivoire a effectue\u0301 une visite de travail et d'amitie\u0301 ...\",\"breadcrumb\":{\"@id\":\"https:\/\/www.africa-press.net\/cotedivoire\/politique\/usa-adama-bictogo-en-louisiane-sadresse-pour-la-premiere-fois-aux-senateurs-et-aux-representants-du-18%e1%b5%89-etat#breadcrumb\"},\"inLanguage\":\"fr-FR\",\"potentialAction\":[{\"@type\":\"ReadAction\",\"target\":[\"https:\/\/www.africa-press.net\/cotedivoire\/politique\/usa-adama-bictogo-en-louisiane-sadresse-pour-la-premiere-fois-aux-senateurs-et-aux-representants-du-18%e1%b5%89-etat\"]}]},{\"@type\":\"ImageObject\",\"inLanguage\":\"fr-FR\",\"@id\":\"https:\/\/www.africa-press.net\/cotedivoire\/politique\/usa-adama-bictogo-en-louisiane-sadresse-pour-la-premiere-fois-aux-senateurs-et-aux-representants-du-18%e1%b5%89-etat#primaryimage\",\"url\":\"https:\/\/static.africa-press.net\/cote\/sites\/43\/2023\/05\/postQueueImg_1684251456.63.jpg\",\"contentUrl\":\"https:\/\/static.africa-press.net\/cote\/sites\/43\/2023\/05\/postQueueImg_1684251456.63.jpg\",\"width\":720,\"height\":330,\"caption\":\"USA, Adama Bictogo en Louisiane, s'adresse pour la premi\u00e8re fois aux S\u00e9nateurs et aux repr\u00e9sentants du 18\u1d49 Etat\"},{\"@type\":\"BreadcrumbList\",\"@id\":\"https:\/\/www.africa-press.net\/cotedivoire\/politique\/usa-adama-bictogo-en-louisiane-sadresse-pour-la-premiere-fois-aux-senateurs-et-aux-representants-du-18%e1%b5%89-etat#breadcrumb\",\"itemListElement\":[{\"@type\":\"ListItem\",\"position\":1,\"name\":\"Accueil\",\"item\":\"https:\/\/www.africa-press.net\/cotedivoire\/\"},{\"@type\":\"ListItem\",\"position\":2,\"name\":\"USA, Adama Bictogo en Louisiane, s&#8217;adresse pour la premi\u00e8re fois aux S\u00e9nateurs et aux repr\u00e9sentants du 18\u1d49 Etat\"}]},{\"@type\":\"WebSite\",\"@id\":\"https:\/\/www.africa-press.net\/cotedivoire\/#website\",\"url\":\"https:\/\/www.africa-press.net\/cotedivoire\/\",\"name\":\"C\u00f4te d&#039;Ivoire\",\"description\":\"Just another Africa News Agency Sites site\",\"potentialAction\":[{\"@type\":\"SearchAction\",\"target\":{\"@type\":\"EntryPoint\",\"urlTemplate\":\"https:\/\/www.africa-press.net\/cotedivoire\/?s={search_term_string}\"},\"query-input\":{\"@type\":\"PropertyValueSpecification\",\"valueRequired\":true,\"valueName\":\"search_term_string\"}}],\"inLanguage\":\"fr-FR\"},{\"@type\":\"Person\",\"@id\":\"https:\/\/www.africa-press.net\/cotedivoire\/#\/schema\/person\/2b1cf3cd81a31e3cd26889ca66d677f1\",\"name\":\"cfeditorfr\"}]}<\/script>\n<!-- \/ Yoast SEO Premium plugin. -->","yoast_head_json":{"title":"USA, Adama Bictogo en Louisiane, s'adresse pour la premi\u00e8re fois aux S\u00e9nateurs et aux repr\u00e9sentants du 18\u1d49 Etat - C\u00f4te d&#039;Ivoire","description":"\ufeff Adama Bictogo, pre\u0301sident de l'Assemble\u0301e nationale de Co\u0302te d'Ivoire a effectue\u0301 une visite de travail et d'amitie\u0301 ...","robots":{"index":"index","follow":"follow","max-snippet":"max-snippet:-1","max-image-preview":"max-image-preview:large","max-video-preview":"max-video-preview:-1"},"canonical":"https:\/\/www.africa-press.net\/cotedivoire\/politique\/usa-adama-bictogo-en-louisiane-sadresse-pour-la-premiere-fois-aux-senateurs-et-aux-representants-du-18\u1d49-etat","og_locale":"fr_FR","og_type":"article","og_title":"USA, Adama Bictogo en Louisiane, s'adresse pour la premi\u00e8re fois aux S\u00e9nateurs et aux repr\u00e9sentants du 18\u1d49 Etat","og_description":"\ufeff Adama Bictogo, pre\u0301sident de l'Assemble\u0301e nationale de Co\u0302te d'Ivoire a effectue\u0301 une visite de travail et d'amitie\u0301 ...","og_url":"https:\/\/www.africa-press.net\/cotedivoire\/politique\/usa-adama-bictogo-en-louisiane-sadresse-pour-la-premiere-fois-aux-senateurs-et-aux-representants-du-18\u1d49-etat","og_site_name":"C\u00f4te d&#039;Ivoire","article_published_time":"2023-05-16T19:06:37+00:00","article_modified_time":"2023-05-16T19:38:04+00:00","og_image":[{"width":720,"height":330,"url":"https:\/\/static.africa-press.net\/cote\/sites\/43\/2023\/05\/postQueueImg_1684251456.63.jpg","type":"image\/jpeg"}],"author":"cfeditorfr","twitter_card":"summary_large_image","twitter_misc":{"\u00c9crit par":"cfeditorfr","Dur\u00e9e de lecture estim\u00e9e":"4 minutes"},"schema":{"@context":"https:\/\/schema.org","@graph":[{"@type":"Article","@id":"https:\/\/www.africa-press.net\/cotedivoire\/politique\/usa-adama-bictogo-en-louisiane-sadresse-pour-la-premiere-fois-aux-senateurs-et-aux-representants-du-18%e1%b5%89-etat#article","isPartOf":{"@id":"https:\/\/www.africa-press.net\/cotedivoire\/politique\/usa-adama-bictogo-en-louisiane-sadresse-pour-la-premiere-fois-aux-senateurs-et-aux-representants-du-18%e1%b5%89-etat"},"author":{"name":"cfeditorfr","@id":"https:\/\/www.africa-press.net\/cotedivoire\/#\/schema\/person\/2b1cf3cd81a31e3cd26889ca66d677f1"},"headline":"USA, Adama Bictogo en Louisiane, s&rsquo;adresse pour la premi\u00e8re fois aux S\u00e9nateurs et aux repr\u00e9sentants du 18\u1d49 Etat","datePublished":"2023-05-16T19:06:37+00:00","dateModified":"2023-05-16T19:38:04+00:00","mainEntityOfPage":{"@id":"https:\/\/www.africa-press.net\/cotedivoire\/politique\/usa-adama-bictogo-en-louisiane-sadresse-pour-la-premiere-fois-aux-senateurs-et-aux-representants-du-18%e1%b5%89-etat"},"wordCount":840,"commentCount":0,"image":{"@id":"https:\/\/www.africa-press.net\/cotedivoire\/politique\/usa-adama-bictogo-en-louisiane-sadresse-pour-la-premiere-fois-aux-senateurs-et-aux-representants-du-18%e1%b5%89-etat#primaryimage"},"thumbnailUrl":"https:\/\/static.africa-press.net\/cote\/sites\/43\/2023\/05\/postQueueImg_1684251456.63.jpg","keywords":["Adama Bictogo","Africa Press","Africa Press-C\u00f4te d'Ivoire","C\u00d4TE D'IVOIRE","Louisiane","s\u00e9nateur","USA"],"articleSection":["Photo","Politique","Toutes les actualit\u00e9s"],"inLanguage":"fr-FR","potentialAction":[{"@type":"CommentAction","name":"Comment","target":["https:\/\/www.africa-press.net\/cotedivoire\/politique\/usa-adama-bictogo-en-louisiane-sadresse-pour-la-premiere-fois-aux-senateurs-et-aux-representants-du-18%e1%b5%89-etat#respond"]}]},{"@type":"WebPage","@id":"https:\/\/www.africa-press.net\/cotedivoire\/politique\/usa-adama-bictogo-en-louisiane-sadresse-pour-la-premiere-fois-aux-senateurs-et-aux-representants-du-18%e1%b5%89-etat","url":"https:\/\/www.africa-press.net\/cotedivoire\/politique\/usa-adama-bictogo-en-louisiane-sadresse-pour-la-premiere-fois-aux-senateurs-et-aux-representants-du-18%e1%b5%89-etat","name":"USA, Adama Bictogo en Louisiane, s'adresse pour la premi\u00e8re fois aux S\u00e9nateurs et aux repr\u00e9sentants du 18\u1d49 Etat - C\u00f4te d&#039;Ivoire","isPartOf":{"@id":"https:\/\/www.africa-press.net\/cotedivoire\/#website"},"primaryImageOfPage":{"@id":"https:\/\/www.africa-press.net\/cotedivoire\/politique\/usa-adama-bictogo-en-louisiane-sadresse-pour-la-premiere-fois-aux-senateurs-et-aux-representants-du-18%e1%b5%89-etat#primaryimage"},"image":{"@id":"https:\/\/www.africa-press.net\/cotedivoire\/politique\/usa-adama-bictogo-en-louisiane-sadresse-pour-la-premiere-fois-aux-senateurs-et-aux-representants-du-18%e1%b5%89-etat#primaryimage"},"thumbnailUrl":"https:\/\/static.africa-press.net\/cote\/sites\/43\/2023\/05\/postQueueImg_1684251456.63.jpg","datePublished":"2023-05-16T19:06:37+00:00","dateModified":"2023-05-16T19:38:04+00:00","author":{"@id":"https:\/\/www.africa-press.net\/cotedivoire\/#\/schema\/person\/2b1cf3cd81a31e3cd26889ca66d677f1"},"description":"\ufeff Adama Bictogo, pre\u0301sident de l'Assemble\u0301e nationale de Co\u0302te d'Ivoire a effectue\u0301 une visite de travail et d'amitie\u0301 ...","breadcrumb":{"@id":"https:\/\/www.africa-press.net\/cotedivoire\/politique\/usa-adama-bictogo-en-louisiane-sadresse-pour-la-premiere-fois-aux-senateurs-et-aux-representants-du-18%e1%b5%89-etat#breadcrumb"},"inLanguage":"fr-FR","potentialAction":[{"@type":"ReadAction","target":["https:\/\/www.africa-press.net\/cotedivoire\/politique\/usa-adama-bictogo-en-louisiane-sadresse-pour-la-premiere-fois-aux-senateurs-et-aux-representants-du-18%e1%b5%89-etat"]}]},{"@type":"ImageObject","inLanguage":"fr-FR","@id":"https:\/\/www.africa-press.net\/cotedivoire\/politique\/usa-adama-bictogo-en-louisiane-sadresse-pour-la-premiere-fois-aux-senateurs-et-aux-representants-du-18%e1%b5%89-etat#primaryimage","url":"https:\/\/static.africa-press.net\/cote\/sites\/43\/2023\/05\/postQueueImg_1684251456.63.jpg","contentUrl":"https:\/\/static.africa-press.net\/cote\/sites\/43\/2023\/05\/postQueueImg_1684251456.63.jpg","width":720,"height":330,"caption":"USA, Adama Bictogo en Louisiane, s'adresse pour la premi\u00e8re fois aux S\u00e9nateurs et aux repr\u00e9sentants du 18\u1d49 Etat"},{"@type":"BreadcrumbList","@id":"https:\/\/www.africa-press.net\/cotedivoire\/politique\/usa-adama-bictogo-en-louisiane-sadresse-pour-la-premiere-fois-aux-senateurs-et-aux-representants-du-18%e1%b5%89-etat#breadcrumb","itemListElement":[{"@type":"ListItem","position":1,"name":"Accueil","item":"https:\/\/www.africa-press.net\/cotedivoire\/"},{"@type":"ListItem","position":2,"name":"USA, Adama Bictogo en Louisiane, s&#8217;adresse pour la premi\u00e8re fois aux S\u00e9nateurs et aux repr\u00e9sentants du 18\u1d49 Etat"}]},{"@type":"WebSite","@id":"https:\/\/www.africa-press.net\/cotedivoire\/#website","url":"https:\/\/www.africa-press.net\/cotedivoire\/","name":"C\u00f4te d&#039;Ivoire","description":"Just another Africa News Agency Sites site","potentialAction":[{"@type":"SearchAction","target":{"@type":"EntryPoint","urlTemplate":"https:\/\/www.africa-press.net\/cotedivoire\/?s={search_term_string}"},"query-input":{"@type":"PropertyValueSpecification","valueRequired":true,"valueName":"search_term_string"}}],"inLanguage":"fr-FR"},{"@type":"Person","@id":"https:\/\/www.africa-press.net\/cotedivoire\/#\/schema\/person\/2b1cf3cd81a31e3cd26889ca66d677f1","name":"cfeditorfr"}]}},"_links":{"self":[{"href":"https:\/\/www.africa-press.net\/cotedivoire\/wp-json\/wp\/v2\/posts\/58175","targetHints":{"allow":["GET"]}}],"collection":[{"href":"https:\/\/www.africa-press.net\/cotedivoire\/wp-json\/wp\/v2\/posts"}],"about":[{"href":"https:\/\/www.africa-press.net\/cotedivoire\/wp-json\/wp\/v2\/types\/post"}],"author":[{"embeddable":true,"href":"https:\/\/www.africa-press.net\/cotedivoire\/wp-json\/wp\/v2\/users\/82"}],"replies":[{"embeddable":true,"href":"https:\/\/www.africa-press.net\/cotedivoire\/wp-json\/wp\/v2\/comments?post=58175"}],"version-history":[{"count":0,"href":"https:\/\/www.africa-press.net\/cotedivoire\/wp-json\/wp\/v2\/posts\/58175\/revisions"}],"wp:featuredmedia":[{"embeddable":true,"href":"https:\/\/www.africa-press.net\/cotedivoire\/wp-json\/wp\/v2\/media\/58174"}],"wp:attachment":[{"href":"https:\/\/www.africa-press.net\/cotedivoire\/wp-json\/wp\/v2\/media?parent=58175"}],"wp:term":[{"taxonomy":"category","embeddable":true,"href":"https:\/\/www.africa-press.net\/cotedivoire\/wp-json\/wp\/v2\/categories?post=58175"},{"taxonomy":"post_tag","embeddable":true,"href":"https:\/\/www.africa-press.net\/cotedivoire\/wp-json\/wp\/v2\/tags?post=58175"}],"curies":[{"name":"wp","href":"https:\/\/api.w.org\/{rel}","templated":true}]}}