{"id":59489,"date":"2023-06-07T15:59:59","date_gmt":"2023-06-07T15:59:59","guid":{"rendered":"https:\/\/www.africa-press.net\/cotedivoire\/politique\/signature-des-accords-pour-les-parcs-industriels-de-bouake-et-de-yamoussoukro"},"modified":"2023-06-07T16:30:02","modified_gmt":"2023-06-07T16:30:02","slug":"signature-des-accords-pour-les-parcs-industriels-de-bouake-et-de-yamoussoukro","status":"publish","type":"post","link":"https:\/\/www.africa-press.net\/cotedivoire\/economie\/signature-des-accords-pour-les-parcs-industriels-de-bouake-et-de-yamoussoukro","title":{"rendered":"Signature des accords pour les parcs industriels de Bouak\u00e9 et de Yamoussoukro"},"content":{"rendered":"<p><span style=\"color: #ff6600\"><strong>Africa-Press &#8211; C\u00f4te d&rsquo;Ivoire. <\/strong><\/span>L\u2019Etat ivoirien a signe\u0301 deux accords-cadres dont le premier vise a\u0300 la re\u0301alisation du parc industriel de Bouake\u0301 entre l&rsquo;Etat de Co\u0302te d&rsquo;Ivoire et la socie\u0301te\u0301 China Road and Bridge Corporation (CRBC) sur un site de 1 000 hectares et le second vise a\u0300 la re\u0301alisation du parc industriel de Yamoussoukro entre l&rsquo;Etat de Co\u0302te d&rsquo;Ivoire et la socie\u0301te\u0301 PFO sur un site de 750 hectares, a-t-on appris de sources officielles.<\/p>\n<p>Les diffe\u0301rentes parties ont paraphe\u0301 ces accords d&rsquo;un montant global de 370 milliards de francs CFA le mardi 06 juin 2023 en marge du sommet Africa CEO Forum qui s&rsquo;est ouvert mardi a\u0300 Abidjan, en pre\u0301sence du chef de l\u2019Etat, Alassane Ouattara.<\/p>\n<p>Selon le ministre du Commerce, de l&rsquo;Industrie et de la Promotion des PME, Souleymane Diarrassouba ces accords signe\u0301s gra\u0302ce a\u0300 l\u2019appui du Centre national de pre\u0301vention et de protection (CNPP), avec le groupe PFO, pour l\u2019ame\u0301nagement et l\u2019exploitation de la zone industrielle de Yamoussoukro qui a une contenance globale de 750 hectares, permettra a\u0300 la ville d\u2019accueillir comme cela a de\u0301ja\u0300 commence\u0301 les entreprises industrielles non polluantes notamment au niveau de l\u2019agro-industrie a\u0300 l\u2019effet de pouvoir cre\u0301er de l\u2019emploi dans la capitale politique de la Co\u0302te d\u2019Ivoire.<\/p>\n<p>L&rsquo;objectif est en fait avoir une certaine dynamique e\u0301conomique et c\u2019est ce que l&rsquo;E\u0301tat de Co\u0302te d\u2019Ivoire vient de faire. Le second protocole d\u2019accord avec l\u2019entreprise chinois, CRBC pour l&rsquo;ame\u0301nagement et l&rsquo;exploitation d&rsquo;un parc industriel a\u0300 Bouake\u0301 va donner l&rsquo;opportunite\u0301 a\u0300 cette firme chinoise a\u0300 l\u2019effet de donner a\u0300 Bouake\u0301 son luxe d\u2019antan en terme de capacite\u0301 industrielle pour continuer a\u0300 transformer la matie\u0300re premie\u0300re de cette zone du pays et cre\u0301er de l\u2019emploi pour les habitants de la re\u0301gion du Gbe\u0302ke\u0302.<\/p>\n<p><strong>Pour plus d&rsquo;informations et d&rsquo;analyses sur la <a href=\"https:\/\/www.africa-press.net\/cotedivoire\">C\u00f4te d&rsquo;Ivoire<\/a>, suivez <a href=\"https:\/\/www.africa-press.net\/\">Africa-Press<\/a><\/strong><\/p>\n","protected":false},"excerpt":{"rendered":"<p>Africa-Press &#8211; C\u00f4te d&rsquo;Ivoire. L\u2019Etat ivoirien a signe\u0301 deux accords-cadres dont le premier vise a\u0300 la re\u0301alisation du parc industriel de Bouake\u0301 entre l&rsquo;Etat de Co\u0302te d&rsquo;Ivoire et la socie\u0301te\u0301 China Road and Bridge Corporation (CRBC) sur un site de 1 000 hectares et le second vise a\u0300 la re\u0301alisation du parc industriel de Yamoussoukro [&hellip;]<\/p>\n","protected":false},"author":82,"featured_media":59487,"comment_status":"open","ping_status":"closed","sticky":false,"template":"","format":"standard","meta":{"footnotes":""},"categories":[3,10],"tags":[2565,56,63,366,29,10251,2746,10250,2856,733,33],"class_list":["post-59489","post","type-post","status-publish","format-standard","has-post-thumbnail","hentry","category-economie","category-toutes-les-actualites","tag-accords","tag-africa-press","tag-africa-press-cote-divoire","tag-bouake","tag-cote-divoire","tag-crbc","tag-industriels","tag-parcs","tag-pfo","tag-souleymane-diarrassouba","tag-yamoussoukro"],"yoast_head":"<!-- This site is optimized with the Yoast SEO Premium plugin v26.1 (Yoast SEO v27.0) - https:\/\/yoast.com\/product\/yoast-seo-premium-wordpress\/ -->\n<title>Signature des accords pour les parcs industriels de Bouak\u00e9 et de Yamoussoukro - C\u00f4te d&#039;Ivoire<\/title>\n<meta name=\"description\" content=\"L\u2019Etat ivoirien a signe\u0301 deux accords-cadres dont le premier vise a\u0300 la re\u0301alisation du parc industriel de Bouake\u0301 entre ...\" \/>\n<meta name=\"robots\" content=\"index, follow, max-snippet:-1, max-image-preview:large, max-video-preview:-1\" \/>\n<link rel=\"canonical\" href=\"https:\/\/www.africa-press.net\/cotedivoire\/economie\/signature-des-accords-pour-les-parcs-industriels-de-bouake-et-de-yamoussoukro\" \/>\n<meta property=\"og:locale\" content=\"fr_FR\" \/>\n<meta property=\"og:type\" content=\"article\" \/>\n<meta property=\"og:title\" content=\"Signature des accords pour les parcs industriels de Bouak\u00e9 et de Yamoussoukro\" \/>\n<meta property=\"og:description\" content=\"L\u2019Etat ivoirien a signe\u0301 deux accords-cadres dont le premier vise a\u0300 la re\u0301alisation du parc industriel de Bouake\u0301 entre ...\" \/>\n<meta property=\"og:url\" content=\"https:\/\/www.africa-press.net\/cotedivoire\/economie\/signature-des-accords-pour-les-parcs-industriels-de-bouake-et-de-yamoussoukro\" \/>\n<meta property=\"og:site_name\" content=\"C\u00f4te d&#039;Ivoire\" \/>\n<meta property=\"article:published_time\" content=\"2023-06-07T15:59:59+00:00\" \/>\n<meta property=\"article:modified_time\" content=\"2023-06-07T16:30:02+00:00\" \/>\n<meta property=\"og:image\" content=\"https:\/\/static.africa-press.net\/cote\/sites\/43\/2023\/06\/sm_1686142757.936499.jpg\" \/>\n\t<meta property=\"og:image:width\" content=\"720\" \/>\n\t<meta property=\"og:image:height\" content=\"392\" \/>\n\t<meta property=\"og:image:type\" content=\"image\/jpeg\" \/>\n<meta name=\"author\" content=\"cfeditorfr\" \/>\n<meta name=\"twitter:card\" content=\"summary_large_image\" \/>\n<meta name=\"twitter:label1\" content=\"\u00c9crit par\" \/>\n\t<meta name=\"twitter:data1\" content=\"cfeditorfr\" \/>\n\t<meta name=\"twitter:label2\" content=\"Dur\u00e9e de lecture estim\u00e9e\" \/>\n\t<meta name=\"twitter:data2\" content=\"2 minutes\" \/>\n<script type=\"application\/ld+json\" class=\"yoast-schema-graph\">{\"@context\":\"https:\/\/schema.org\",\"@graph\":[{\"@type\":\"Article\",\"@id\":\"https:\/\/www.africa-press.net\/cotedivoire\/economie\/signature-des-accords-pour-les-parcs-industriels-de-bouake-et-de-yamoussoukro#article\",\"isPartOf\":{\"@id\":\"https:\/\/www.africa-press.net\/cotedivoire\/economie\/signature-des-accords-pour-les-parcs-industriels-de-bouake-et-de-yamoussoukro\"},\"author\":{\"name\":\"cfeditorfr\",\"@id\":\"https:\/\/www.africa-press.net\/cotedivoire\/#\/schema\/person\/2b1cf3cd81a31e3cd26889ca66d677f1\"},\"headline\":\"Signature des accords pour les parcs industriels de Bouak\u00e9 et de Yamoussoukro\",\"datePublished\":\"2023-06-07T15:59:59+00:00\",\"dateModified\":\"2023-06-07T16:30:02+00:00\",\"mainEntityOfPage\":{\"@id\":\"https:\/\/www.africa-press.net\/cotedivoire\/economie\/signature-des-accords-pour-les-parcs-industriels-de-bouake-et-de-yamoussoukro\"},\"wordCount\":362,\"commentCount\":0,\"image\":{\"@id\":\"https:\/\/www.africa-press.net\/cotedivoire\/economie\/signature-des-accords-pour-les-parcs-industriels-de-bouake-et-de-yamoussoukro#primaryimage\"},\"thumbnailUrl\":\"https:\/\/static.africa-press.net\/cote\/sites\/43\/2023\/06\/sm_1686142757.936499.jpg\",\"keywords\":[\"accords\",\"Africa Press\",\"Africa Press-C\u00f4te d'Ivoire\",\"Bouak\u00e9\",\"C\u00d4TE D'IVOIRE\",\"CRBC\",\"industriels\",\"parcs\",\"PFO\",\"Souleymane Diarrassouba\",\"Yamoussoukro\"],\"articleSection\":[\"\u00c9conomie\",\"Toutes les actualit\u00e9s\"],\"inLanguage\":\"fr-FR\",\"potentialAction\":[{\"@type\":\"CommentAction\",\"name\":\"Comment\",\"target\":[\"https:\/\/www.africa-press.net\/cotedivoire\/economie\/signature-des-accords-pour-les-parcs-industriels-de-bouake-et-de-yamoussoukro#respond\"]}]},{\"@type\":\"WebPage\",\"@id\":\"https:\/\/www.africa-press.net\/cotedivoire\/economie\/signature-des-accords-pour-les-parcs-industriels-de-bouake-et-de-yamoussoukro\",\"url\":\"https:\/\/www.africa-press.net\/cotedivoire\/economie\/signature-des-accords-pour-les-parcs-industriels-de-bouake-et-de-yamoussoukro\",\"name\":\"Signature des accords pour les parcs industriels de Bouak\u00e9 et de Yamoussoukro - C\u00f4te d&#039;Ivoire\",\"isPartOf\":{\"@id\":\"https:\/\/www.africa-press.net\/cotedivoire\/#website\"},\"primaryImageOfPage\":{\"@id\":\"https:\/\/www.africa-press.net\/cotedivoire\/economie\/signature-des-accords-pour-les-parcs-industriels-de-bouake-et-de-yamoussoukro#primaryimage\"},\"image\":{\"@id\":\"https:\/\/www.africa-press.net\/cotedivoire\/economie\/signature-des-accords-pour-les-parcs-industriels-de-bouake-et-de-yamoussoukro#primaryimage\"},\"thumbnailUrl\":\"https:\/\/static.africa-press.net\/cote\/sites\/43\/2023\/06\/sm_1686142757.936499.jpg\",\"datePublished\":\"2023-06-07T15:59:59+00:00\",\"dateModified\":\"2023-06-07T16:30:02+00:00\",\"author\":{\"@id\":\"https:\/\/www.africa-press.net\/cotedivoire\/#\/schema\/person\/2b1cf3cd81a31e3cd26889ca66d677f1\"},\"description\":\"L\u2019Etat ivoirien a signe\u0301 deux accords-cadres dont le premier vise a\u0300 la re\u0301alisation du parc industriel de Bouake\u0301 entre ...\",\"breadcrumb\":{\"@id\":\"https:\/\/www.africa-press.net\/cotedivoire\/economie\/signature-des-accords-pour-les-parcs-industriels-de-bouake-et-de-yamoussoukro#breadcrumb\"},\"inLanguage\":\"fr-FR\",\"potentialAction\":[{\"@type\":\"ReadAction\",\"target\":[\"https:\/\/www.africa-press.net\/cotedivoire\/economie\/signature-des-accords-pour-les-parcs-industriels-de-bouake-et-de-yamoussoukro\"]}]},{\"@type\":\"ImageObject\",\"inLanguage\":\"fr-FR\",\"@id\":\"https:\/\/www.africa-press.net\/cotedivoire\/economie\/signature-des-accords-pour-les-parcs-industriels-de-bouake-et-de-yamoussoukro#primaryimage\",\"url\":\"https:\/\/static.africa-press.net\/cote\/sites\/43\/2023\/06\/sm_1686142757.936499.jpg\",\"contentUrl\":\"https:\/\/static.africa-press.net\/cote\/sites\/43\/2023\/06\/sm_1686142757.936499.jpg\",\"width\":720,\"height\":392,\"caption\":\"Signature des accords pour les parcs industriels de Bouak\u00e9 et de Yamoussoukro\"},{\"@type\":\"BreadcrumbList\",\"@id\":\"https:\/\/www.africa-press.net\/cotedivoire\/economie\/signature-des-accords-pour-les-parcs-industriels-de-bouake-et-de-yamoussoukro#breadcrumb\",\"itemListElement\":[{\"@type\":\"ListItem\",\"position\":1,\"name\":\"Accueil\",\"item\":\"https:\/\/www.africa-press.net\/cotedivoire\/\"},{\"@type\":\"ListItem\",\"position\":2,\"name\":\"Signature des accords pour les parcs industriels de Bouak\u00e9 et de Yamoussoukro\"}]},{\"@type\":\"WebSite\",\"@id\":\"https:\/\/www.africa-press.net\/cotedivoire\/#website\",\"url\":\"https:\/\/www.africa-press.net\/cotedivoire\/\",\"name\":\"C\u00f4te d&#039;Ivoire\",\"description\":\"Just another Africa News Agency Sites site\",\"potentialAction\":[{\"@type\":\"SearchAction\",\"target\":{\"@type\":\"EntryPoint\",\"urlTemplate\":\"https:\/\/www.africa-press.net\/cotedivoire\/?s={search_term_string}\"},\"query-input\":{\"@type\":\"PropertyValueSpecification\",\"valueRequired\":true,\"valueName\":\"search_term_string\"}}],\"inLanguage\":\"fr-FR\"},{\"@type\":\"Person\",\"@id\":\"https:\/\/www.africa-press.net\/cotedivoire\/#\/schema\/person\/2b1cf3cd81a31e3cd26889ca66d677f1\",\"name\":\"cfeditorfr\"}]}<\/script>\n<!-- \/ Yoast SEO Premium plugin. -->","yoast_head_json":{"title":"Signature des accords pour les parcs industriels de Bouak\u00e9 et de Yamoussoukro - C\u00f4te d&#039;Ivoire","description":"L\u2019Etat ivoirien a signe\u0301 deux accords-cadres dont le premier vise a\u0300 la re\u0301alisation du parc industriel de Bouake\u0301 entre ...","robots":{"index":"index","follow":"follow","max-snippet":"max-snippet:-1","max-image-preview":"max-image-preview:large","max-video-preview":"max-video-preview:-1"},"canonical":"https:\/\/www.africa-press.net\/cotedivoire\/economie\/signature-des-accords-pour-les-parcs-industriels-de-bouake-et-de-yamoussoukro","og_locale":"fr_FR","og_type":"article","og_title":"Signature des accords pour les parcs industriels de Bouak\u00e9 et de Yamoussoukro","og_description":"L\u2019Etat ivoirien a signe\u0301 deux accords-cadres dont le premier vise a\u0300 la re\u0301alisation du parc industriel de Bouake\u0301 entre ...","og_url":"https:\/\/www.africa-press.net\/cotedivoire\/economie\/signature-des-accords-pour-les-parcs-industriels-de-bouake-et-de-yamoussoukro","og_site_name":"C\u00f4te d&#039;Ivoire","article_published_time":"2023-06-07T15:59:59+00:00","article_modified_time":"2023-06-07T16:30:02+00:00","og_image":[{"width":720,"height":392,"url":"https:\/\/static.africa-press.net\/cote\/sites\/43\/2023\/06\/sm_1686142757.936499.jpg","type":"image\/jpeg"}],"author":"cfeditorfr","twitter_card":"summary_large_image","twitter_misc":{"\u00c9crit par":"cfeditorfr","Dur\u00e9e de lecture estim\u00e9e":"2 minutes"},"schema":{"@context":"https:\/\/schema.org","@graph":[{"@type":"Article","@id":"https:\/\/www.africa-press.net\/cotedivoire\/economie\/signature-des-accords-pour-les-parcs-industriels-de-bouake-et-de-yamoussoukro#article","isPartOf":{"@id":"https:\/\/www.africa-press.net\/cotedivoire\/economie\/signature-des-accords-pour-les-parcs-industriels-de-bouake-et-de-yamoussoukro"},"author":{"name":"cfeditorfr","@id":"https:\/\/www.africa-press.net\/cotedivoire\/#\/schema\/person\/2b1cf3cd81a31e3cd26889ca66d677f1"},"headline":"Signature des accords pour les parcs industriels de Bouak\u00e9 et de Yamoussoukro","datePublished":"2023-06-07T15:59:59+00:00","dateModified":"2023-06-07T16:30:02+00:00","mainEntityOfPage":{"@id":"https:\/\/www.africa-press.net\/cotedivoire\/economie\/signature-des-accords-pour-les-parcs-industriels-de-bouake-et-de-yamoussoukro"},"wordCount":362,"commentCount":0,"image":{"@id":"https:\/\/www.africa-press.net\/cotedivoire\/economie\/signature-des-accords-pour-les-parcs-industriels-de-bouake-et-de-yamoussoukro#primaryimage"},"thumbnailUrl":"https:\/\/static.africa-press.net\/cote\/sites\/43\/2023\/06\/sm_1686142757.936499.jpg","keywords":["accords","Africa Press","Africa Press-C\u00f4te d'Ivoire","Bouak\u00e9","C\u00d4TE D'IVOIRE","CRBC","industriels","parcs","PFO","Souleymane Diarrassouba","Yamoussoukro"],"articleSection":["\u00c9conomie","Toutes les actualit\u00e9s"],"inLanguage":"fr-FR","potentialAction":[{"@type":"CommentAction","name":"Comment","target":["https:\/\/www.africa-press.net\/cotedivoire\/economie\/signature-des-accords-pour-les-parcs-industriels-de-bouake-et-de-yamoussoukro#respond"]}]},{"@type":"WebPage","@id":"https:\/\/www.africa-press.net\/cotedivoire\/economie\/signature-des-accords-pour-les-parcs-industriels-de-bouake-et-de-yamoussoukro","url":"https:\/\/www.africa-press.net\/cotedivoire\/economie\/signature-des-accords-pour-les-parcs-industriels-de-bouake-et-de-yamoussoukro","name":"Signature des accords pour les parcs industriels de Bouak\u00e9 et de Yamoussoukro - C\u00f4te d&#039;Ivoire","isPartOf":{"@id":"https:\/\/www.africa-press.net\/cotedivoire\/#website"},"primaryImageOfPage":{"@id":"https:\/\/www.africa-press.net\/cotedivoire\/economie\/signature-des-accords-pour-les-parcs-industriels-de-bouake-et-de-yamoussoukro#primaryimage"},"image":{"@id":"https:\/\/www.africa-press.net\/cotedivoire\/economie\/signature-des-accords-pour-les-parcs-industriels-de-bouake-et-de-yamoussoukro#primaryimage"},"thumbnailUrl":"https:\/\/static.africa-press.net\/cote\/sites\/43\/2023\/06\/sm_1686142757.936499.jpg","datePublished":"2023-06-07T15:59:59+00:00","dateModified":"2023-06-07T16:30:02+00:00","author":{"@id":"https:\/\/www.africa-press.net\/cotedivoire\/#\/schema\/person\/2b1cf3cd81a31e3cd26889ca66d677f1"},"description":"L\u2019Etat ivoirien a signe\u0301 deux accords-cadres dont le premier vise a\u0300 la re\u0301alisation du parc industriel de Bouake\u0301 entre ...","breadcrumb":{"@id":"https:\/\/www.africa-press.net\/cotedivoire\/economie\/signature-des-accords-pour-les-parcs-industriels-de-bouake-et-de-yamoussoukro#breadcrumb"},"inLanguage":"fr-FR","potentialAction":[{"@type":"ReadAction","target":["https:\/\/www.africa-press.net\/cotedivoire\/economie\/signature-des-accords-pour-les-parcs-industriels-de-bouake-et-de-yamoussoukro"]}]},{"@type":"ImageObject","inLanguage":"fr-FR","@id":"https:\/\/www.africa-press.net\/cotedivoire\/economie\/signature-des-accords-pour-les-parcs-industriels-de-bouake-et-de-yamoussoukro#primaryimage","url":"https:\/\/static.africa-press.net\/cote\/sites\/43\/2023\/06\/sm_1686142757.936499.jpg","contentUrl":"https:\/\/static.africa-press.net\/cote\/sites\/43\/2023\/06\/sm_1686142757.936499.jpg","width":720,"height":392,"caption":"Signature des accords pour les parcs industriels de Bouak\u00e9 et de Yamoussoukro"},{"@type":"BreadcrumbList","@id":"https:\/\/www.africa-press.net\/cotedivoire\/economie\/signature-des-accords-pour-les-parcs-industriels-de-bouake-et-de-yamoussoukro#breadcrumb","itemListElement":[{"@type":"ListItem","position":1,"name":"Accueil","item":"https:\/\/www.africa-press.net\/cotedivoire\/"},{"@type":"ListItem","position":2,"name":"Signature des accords pour les parcs industriels de Bouak\u00e9 et de Yamoussoukro"}]},{"@type":"WebSite","@id":"https:\/\/www.africa-press.net\/cotedivoire\/#website","url":"https:\/\/www.africa-press.net\/cotedivoire\/","name":"C\u00f4te d&#039;Ivoire","description":"Just another Africa News Agency Sites site","potentialAction":[{"@type":"SearchAction","target":{"@type":"EntryPoint","urlTemplate":"https:\/\/www.africa-press.net\/cotedivoire\/?s={search_term_string}"},"query-input":{"@type":"PropertyValueSpecification","valueRequired":true,"valueName":"search_term_string"}}],"inLanguage":"fr-FR"},{"@type":"Person","@id":"https:\/\/www.africa-press.net\/cotedivoire\/#\/schema\/person\/2b1cf3cd81a31e3cd26889ca66d677f1","name":"cfeditorfr"}]}},"_links":{"self":[{"href":"https:\/\/www.africa-press.net\/cotedivoire\/wp-json\/wp\/v2\/posts\/59489","targetHints":{"allow":["GET"]}}],"collection":[{"href":"https:\/\/www.africa-press.net\/cotedivoire\/wp-json\/wp\/v2\/posts"}],"about":[{"href":"https:\/\/www.africa-press.net\/cotedivoire\/wp-json\/wp\/v2\/types\/post"}],"author":[{"embeddable":true,"href":"https:\/\/www.africa-press.net\/cotedivoire\/wp-json\/wp\/v2\/users\/82"}],"replies":[{"embeddable":true,"href":"https:\/\/www.africa-press.net\/cotedivoire\/wp-json\/wp\/v2\/comments?post=59489"}],"version-history":[{"count":0,"href":"https:\/\/www.africa-press.net\/cotedivoire\/wp-json\/wp\/v2\/posts\/59489\/revisions"}],"wp:featuredmedia":[{"embeddable":true,"href":"https:\/\/www.africa-press.net\/cotedivoire\/wp-json\/wp\/v2\/media\/59487"}],"wp:attachment":[{"href":"https:\/\/www.africa-press.net\/cotedivoire\/wp-json\/wp\/v2\/media?parent=59489"}],"wp:term":[{"taxonomy":"category","embeddable":true,"href":"https:\/\/www.africa-press.net\/cotedivoire\/wp-json\/wp\/v2\/categories?post=59489"},{"taxonomy":"post_tag","embeddable":true,"href":"https:\/\/www.africa-press.net\/cotedivoire\/wp-json\/wp\/v2\/tags?post=59489"}],"curies":[{"name":"wp","href":"https:\/\/api.w.org\/{rel}","templated":true}]}}