{"id":59957,"date":"2023-06-15T08:56:43","date_gmt":"2023-06-15T08:56:43","guid":{"rendered":"https:\/\/www.africa-press.net\/cotedivoire\/?p=59957"},"modified":"2023-06-15T06:48:22","modified_gmt":"2023-06-15T06:48:22","slug":"presentation-de-liaca-au-corps-diplomatique-epiphane-zoro-souhaite-que-la-formation-soit-orientee-vers-les-pays-dafrique-francophones","status":"publish","type":"post","link":"https:\/\/www.africa-press.net\/cotedivoire\/photo\/presentation-de-liaca-au-corps-diplomatique-epiphane-zoro-souhaite-que-la-formation-soit-orientee-vers-les-pays-dafrique-francophones","title":{"rendered":"Pr\u00e9sentation de l&rsquo;IACA au corps diplomatique, Epiphane Zoro souhaite que la formation soit orient\u00e9e vers les pays d&rsquo;Afrique francophones"},"content":{"rendered":"<p><span style=\"color: #ff6600\"><strong>Africa-Press &#8211; C\u00f4te d&rsquo;Ivoire. <\/strong><\/span>En pre\u0301lude a\u0300 la ce\u0301re\u0301monie d&rsquo;ouverture du forum de l&rsquo;Alliance internationale anti-corruption (ICHA) du groupe de la Banque mondiale pre\u0301vue ce jour, la veille, Epiphane Zoro Ballo, ministre de la Promotion de la bonne gouvernance et de la lutte contre la corruption, a pre\u0301sente\u0301 l&rsquo;Acade\u0301mie internationale anti-corruption (IACA) au corps diplomatique a\u0300 la salle des banquets du ministe\u0300re des Affaires e\u0301trange\u0300res.<\/p>\n<p>Il a a\u0300 l&rsquo;occasion souhaite\u0301 que la formation de l&rsquo;Acade\u0301mie soit oriente\u0301e vers les pays d&rsquo;Afrique francophones pour que son pays serve d&rsquo;espace de formation et d&rsquo;externalisation de la formation de l&rsquo;IACA. Le ministre a invite\u0301 le corps diplomatique a\u0300 promouvoir l&rsquo;IACA et a\u0300 contribuer a\u0300 son de\u0301veloppement.<\/p>\n<p>\u00ab\u00a0Nous souhaitons que la formation soit oriente\u0301e vers les pays d\u2019Afrique francophones. La Co\u0302te d\u2019Ivoire voudrait servir d\u2019espace de formation et d\u2019externalisation de la formation de l\u2019IACA. Cette rencontre marque le de\u0301but des activite\u0301s du bureau de l\u2019IACA. La lutte contre la corruption est une \u0153uvre de longue aleine. Nous voulons que les E\u0301tats s\u2019approprient cet outil qu\u2019est l\u2019IACA. La pre\u0301sidence de l\u2019IACA que nous assurons est la preuve tangible de notre engagement. Il a invite\u0301 le corps diplomatique a\u0300 promouvoir l\u2019IACA et a\u0300 contribuer a\u0300 son de\u0301veloppement \u201c, a de\u0301clare\u0301, Epiphane Zoro Ballo.<\/p>\n<p>Le forum qui de\u0301marre ce mercredi 14 juin, s&rsquo;e\u0301tendra sur trois jours et permettra aux participants de mener d&rsquo;importantes discussions.<\/p>\n<p>Stelzer Thomas, Secre\u0301taire exe\u0301cutif de l\u2019IACA a soutenu que la question de la corruption est un proble\u0300me extra national, donc il est important pour l&rsquo;Acade\u0301mie de renforcer ses actions et de travailler en toute synergie pour accompagner les relations publiques.<\/p>\n<p>Selon lui, la rencontre qu\u2019abritera la Co\u0302te d\u2019Ivoire permettra de trouver des pistes de solutions, des strate\u0301gies pour l\u2019atteinte de bons re\u0301sultats pour tous les pays touche\u0301s par la corruption.<\/p>\n<p>\u00ab\u00a0Chacun apportera son expertise, son savoir pour trouver des solutions afin d\u2019e\u0301radiquer la corruption dans notre monde. La corruption est vraiment un fle\u0301au qui mine le de\u0301veloppement de certains pays. C\u2019est pour nous un honneur d\u2019accompagner votre pays, nous avons choisi de faire ces assises en Co\u0302te d\u2019Ivoire parce que la Co\u0302te d\u2019Ivoire est tre\u0300s avance\u0301e dans la lutte contre la corruption avec les efforts du gouvernement. Nous voulons connecter toutes les parties prenantes pour pouvoir ame\u0301liorer notre programme et aider les pays africains a\u0300 e\u0301radiquer ce fle\u0301au. Nous souhaitons que les gouvernants africains nous accompagnent dans notre de\u0301marche\u201d, a-t-il indique\u0301.<\/p>\n<p>Le\u0301on Kacou Adom, ministre de\u0301le\u0301gue\u0301 aupre\u0300s du ministre d\u2019Etat, ministre des Affaires e\u0301trange\u0300res, s&rsquo;est re\u0301joui du fait que son pays soit a\u0300 la te\u0302te de la pre\u0301sidence de l\u2019IACA. Car son action encouragera les E\u0301tats africains a\u0300 inte\u0301grer massivement l\u2019IACA qui se pre\u0301sente comme un puissant levier de lutte contre la corruption.<\/p>\n<p>Wassimagnon<\/p>\n\r\n                <style type=\"text\/css\">\r\n                    \r\n                    #td_uid_1_69f187fe6e130  .td-doubleSlider-2 .td-item1 {\r\n                        background: url(https:\/\/static.africa-press.net\/cote\/sites\/43\/2023\/06\/sm_1686799057.701992-80x60.jpg) 0 0 no-repeat;\r\n                    }\r\n                    #td_uid_1_69f187fe6e130  .td-doubleSlider-2 .td-item2 {\r\n                        background: url(https:\/\/static.africa-press.net\/cote\/sites\/43\/2023\/06\/sm_1686799064.904828-80x60.jpg) 0 0 no-repeat;\r\n                    }\r\n                <\/style>\r\n\r\n                <div id=\"td_uid_1_69f187fe6e130\" class=\"td-gallery td-slide-on-2-columns\">\r\n                    <div class=\"post_td_gallery\">\r\n                        <div class=\"td-gallery-slide-top\">\r\n                           <div class=\"td-gallery-title\"><\/div>\r\n\r\n                            <div class=\"td-gallery-controls-wrapper\">\r\n                                <div class=\"td-gallery-slide-count\"><span class=\"td-gallery-slide-item-focus\">1<\/span> de 2<\/div>\r\n                                <div class=\"td-gallery-slide-prev-next-but\">\r\n                                    <i class = \"td-icon-left doubleSliderPrevButton\"><\/i>\r\n                                    <i class = \"td-icon-right doubleSliderNextButton\"><\/i>\r\n                                <\/div>\r\n                            <\/div>\r\n                        <\/div>\r\n\r\n                        <div class = \"td-doubleSlider-1 \">\r\n                            <div class = \"td-slider\">\r\n                                \r\n                    <div class = \"td-slide-item td-item1\">\r\n                        <figure class=\"td-slide-galery-figure td-slide-popup-gallery\">\r\n                            <a class=\"slide-gallery-image-link\" href=\"https:\/\/static.africa-press.net\/cote\/sites\/43\/2023\/06\/sm_1686799057.701992.jpg\" title=\"sm_1686799057.701992\"  data-caption=\"\"  data-description=\"\">\r\n                                <img decoding=\"async\" src=\"https:\/\/static.africa-press.net\/cote\/sites\/43\/2023\/06\/sm_1686799057.701992.jpg\" srcset=\"https:\/\/static.africa-press.net\/cote\/sites\/43\/2023\/06\/sm_1686799057.701992.jpg 1000w, https:\/\/static.africa-press.net\/cote\/sites\/43\/2023\/06\/sm_1686799057.701992-300x188.jpg 300w, https:\/\/static.africa-press.net\/cote\/sites\/43\/2023\/06\/sm_1686799057.701992-768x480.jpg 768w\" sizes=\"(max-width: 1000px) 100vw, 1000px\" alt=\"\">\r\n                            <\/a>\r\n                            \r\n                        <\/figure>\r\n                    <\/div>\r\n                    <div class = \"td-slide-item td-item2\">\r\n                        <figure class=\"td-slide-galery-figure td-slide-popup-gallery\">\r\n                            <a class=\"slide-gallery-image-link\" href=\"https:\/\/static.africa-press.net\/cote\/sites\/43\/2023\/06\/sm_1686799064.904828.jpg\" title=\"sm_1686799064.904828\"  data-caption=\"\"  data-description=\"\">\r\n                                <img decoding=\"async\" src=\"https:\/\/static.africa-press.net\/cote\/sites\/43\/2023\/06\/sm_1686799064.904828.jpg\" srcset=\"https:\/\/static.africa-press.net\/cote\/sites\/43\/2023\/06\/sm_1686799064.904828.jpg 1000w, https:\/\/static.africa-press.net\/cote\/sites\/43\/2023\/06\/sm_1686799064.904828-300x200.jpg 300w, https:\/\/static.africa-press.net\/cote\/sites\/43\/2023\/06\/sm_1686799064.904828-768x512.jpg 768w\" sizes=\"(max-width: 1000px) 100vw, 1000px\" alt=\"\">\r\n                            <\/a>\r\n                            \r\n                        <\/figure>\r\n                    <\/div>\r\n                            <\/div>\r\n                        <\/div>\r\n\r\n                        <div class = \"td-doubleSlider-2\">\r\n                            <div class = \"td-slider\">\r\n                                \r\n                    <div class = \"td-button td-item1\">\r\n                        <div class = \"td-border\"><\/div>\r\n                    <\/div>\r\n                    <div class = \"td-button td-item2\">\r\n                        <div class = \"td-border\"><\/div>\r\n                    <\/div>\r\n                            <\/div>\r\n                        <\/div>\r\n\r\n                    <\/div>\r\n\r\n                <\/div>\r\n                \n<p><strong>Pour plus d&rsquo;informations et d&rsquo;analyses sur la <a href=\"https:\/\/www.africa-press.net\/cotedivoire\">C\u00f4te d&rsquo;Ivoire<\/a>, suivez <a href=\"https:\/\/www.africa-press.net\/\">Africa-Press<\/a><\/strong><\/p>\n","protected":false},"excerpt":{"rendered":"<p>Africa-Press &#8211; C\u00f4te d&rsquo;Ivoire. En pre\u0301lude a\u0300 la ce\u0301re\u0301monie d&rsquo;ouverture du forum de l&rsquo;Alliance internationale anti-corruption (ICHA) du groupe de la Banque mondiale pre\u0301vue ce jour, la veille, Epiphane Zoro Ballo, ministre de la Promotion de la bonne gouvernance et de la lutte contre la corruption, a pre\u0301sente\u0301 l&rsquo;Acade\u0301mie internationale anti-corruption (IACA) au corps diplomatique [&hellip;]<\/p>\n","protected":false},"author":82,"featured_media":59956,"comment_status":"open","ping_status":"closed","sticky":false,"template":"","format":"standard","meta":{"footnotes":""},"categories":[21,8,10],"tags":[56,63,10352,29,9254,10350],"class_list":["post-59957","post","type-post","status-publish","format-standard","has-post-thumbnail","hentry","category-communaute","category-photo","category-toutes-les-actualites","tag-africa-press","tag-africa-press-cote-divoire","tag-alliance-internationale-anti-corruption","tag-cote-divoire","tag-epiphane-zoro-ballo","tag-stelzer-thomas"],"yoast_head":"<!-- This site is optimized with the Yoast SEO Premium plugin v26.1 (Yoast SEO v27.0) - https:\/\/yoast.com\/product\/yoast-seo-premium-wordpress\/ -->\n<title>Pr\u00e9sentation de l&#039;IACA au corps diplomatique, Epiphane Zoro souhaite que la formation soit orient\u00e9e vers les pays d&#039;Afrique francophones - C\u00f4te d&#039;Ivoire<\/title>\n<meta name=\"description\" content=\"En pre\u0301lude a\u0300 la ce\u0301re\u0301monie d&#039;ouverture du forum de l&#039;Alliance internationale anti-corruption (ICHA) du groupe de la B ...\" \/>\n<meta name=\"robots\" content=\"index, follow, max-snippet:-1, max-image-preview:large, max-video-preview:-1\" \/>\n<link rel=\"canonical\" href=\"https:\/\/www.africa-press.net\/cotedivoire\/photo\/presentation-de-liaca-au-corps-diplomatique-epiphane-zoro-souhaite-que-la-formation-soit-orientee-vers-les-pays-dafrique-francophones\" \/>\n<meta property=\"og:locale\" content=\"fr_FR\" \/>\n<meta property=\"og:type\" content=\"article\" \/>\n<meta property=\"og:title\" content=\"Pr\u00e9sentation de l&#039;IACA au corps diplomatique, Epiphane Zoro souhaite que la formation soit orient\u00e9e vers les pays d&#039;Afrique francophones\" \/>\n<meta property=\"og:description\" content=\"En pre\u0301lude a\u0300 la ce\u0301re\u0301monie d&#039;ouverture du forum de l&#039;Alliance internationale anti-corruption (ICHA) du groupe de la B ...\" \/>\n<meta property=\"og:url\" content=\"https:\/\/www.africa-press.net\/cotedivoire\/photo\/presentation-de-liaca-au-corps-diplomatique-epiphane-zoro-souhaite-que-la-formation-soit-orientee-vers-les-pays-dafrique-francophones\" \/>\n<meta property=\"og:site_name\" content=\"C\u00f4te d&#039;Ivoire\" \/>\n<meta property=\"article:published_time\" content=\"2023-06-15T08:56:43+00:00\" \/>\n<meta property=\"og:image\" content=\"https:\/\/static.africa-press.net\/cote\/sites\/43\/2023\/06\/sm_1686799073.401874.jpg\" \/>\n\t<meta property=\"og:image:width\" content=\"720\" \/>\n\t<meta property=\"og:image:height\" content=\"480\" \/>\n\t<meta property=\"og:image:type\" content=\"image\/jpeg\" \/>\n<meta name=\"author\" content=\"cfeditorfr\" \/>\n<meta name=\"twitter:card\" content=\"summary_large_image\" \/>\n<meta name=\"twitter:label1\" content=\"\u00c9crit par\" \/>\n\t<meta name=\"twitter:data1\" content=\"cfeditorfr\" \/>\n\t<meta name=\"twitter:label2\" content=\"Dur\u00e9e de lecture estim\u00e9e\" \/>\n\t<meta name=\"twitter:data2\" content=\"3 minutes\" \/>\n<script type=\"application\/ld+json\" class=\"yoast-schema-graph\">{\"@context\":\"https:\/\/schema.org\",\"@graph\":[{\"@type\":\"Article\",\"@id\":\"https:\/\/www.africa-press.net\/cotedivoire\/photo\/presentation-de-liaca-au-corps-diplomatique-epiphane-zoro-souhaite-que-la-formation-soit-orientee-vers-les-pays-dafrique-francophones#article\",\"isPartOf\":{\"@id\":\"https:\/\/www.africa-press.net\/cotedivoire\/photo\/presentation-de-liaca-au-corps-diplomatique-epiphane-zoro-souhaite-que-la-formation-soit-orientee-vers-les-pays-dafrique-francophones\"},\"author\":{\"name\":\"cfeditorfr\",\"@id\":\"https:\/\/www.africa-press.net\/cotedivoire\/#\/schema\/person\/2b1cf3cd81a31e3cd26889ca66d677f1\"},\"headline\":\"Pr\u00e9sentation de l&rsquo;IACA au corps diplomatique, Epiphane Zoro souhaite que la formation soit orient\u00e9e vers les pays d&rsquo;Afrique francophones\",\"datePublished\":\"2023-06-15T08:56:43+00:00\",\"mainEntityOfPage\":{\"@id\":\"https:\/\/www.africa-press.net\/cotedivoire\/photo\/presentation-de-liaca-au-corps-diplomatique-epiphane-zoro-souhaite-que-la-formation-soit-orientee-vers-les-pays-dafrique-francophones\"},\"wordCount\":589,\"commentCount\":0,\"image\":{\"@id\":\"https:\/\/www.africa-press.net\/cotedivoire\/photo\/presentation-de-liaca-au-corps-diplomatique-epiphane-zoro-souhaite-que-la-formation-soit-orientee-vers-les-pays-dafrique-francophones#primaryimage\"},\"thumbnailUrl\":\"https:\/\/static.africa-press.net\/cote\/sites\/43\/2023\/06\/sm_1686799073.401874.jpg\",\"keywords\":[\"Africa Press\",\"Africa Press-C\u00f4te d'Ivoire\",\"Alliance internationale anti-corruption\",\"C\u00d4TE D'IVOIRE\",\"\u00c9piphane Zoro Ballo\",\"Stelzer Thomas\"],\"articleSection\":[\"Communaut\u00e9\",\"Photo\",\"Toutes les actualit\u00e9s\"],\"inLanguage\":\"fr-FR\",\"potentialAction\":[{\"@type\":\"CommentAction\",\"name\":\"Comment\",\"target\":[\"https:\/\/www.africa-press.net\/cotedivoire\/photo\/presentation-de-liaca-au-corps-diplomatique-epiphane-zoro-souhaite-que-la-formation-soit-orientee-vers-les-pays-dafrique-francophones#respond\"]}]},{\"@type\":\"WebPage\",\"@id\":\"https:\/\/www.africa-press.net\/cotedivoire\/photo\/presentation-de-liaca-au-corps-diplomatique-epiphane-zoro-souhaite-que-la-formation-soit-orientee-vers-les-pays-dafrique-francophones\",\"url\":\"https:\/\/www.africa-press.net\/cotedivoire\/photo\/presentation-de-liaca-au-corps-diplomatique-epiphane-zoro-souhaite-que-la-formation-soit-orientee-vers-les-pays-dafrique-francophones\",\"name\":\"Pr\u00e9sentation de l'IACA au corps diplomatique, Epiphane Zoro souhaite que la formation soit orient\u00e9e vers les pays d'Afrique francophones - C\u00f4te d&#039;Ivoire\",\"isPartOf\":{\"@id\":\"https:\/\/www.africa-press.net\/cotedivoire\/#website\"},\"primaryImageOfPage\":{\"@id\":\"https:\/\/www.africa-press.net\/cotedivoire\/photo\/presentation-de-liaca-au-corps-diplomatique-epiphane-zoro-souhaite-que-la-formation-soit-orientee-vers-les-pays-dafrique-francophones#primaryimage\"},\"image\":{\"@id\":\"https:\/\/www.africa-press.net\/cotedivoire\/photo\/presentation-de-liaca-au-corps-diplomatique-epiphane-zoro-souhaite-que-la-formation-soit-orientee-vers-les-pays-dafrique-francophones#primaryimage\"},\"thumbnailUrl\":\"https:\/\/static.africa-press.net\/cote\/sites\/43\/2023\/06\/sm_1686799073.401874.jpg\",\"datePublished\":\"2023-06-15T08:56:43+00:00\",\"author\":{\"@id\":\"https:\/\/www.africa-press.net\/cotedivoire\/#\/schema\/person\/2b1cf3cd81a31e3cd26889ca66d677f1\"},\"description\":\"En pre\u0301lude a\u0300 la ce\u0301re\u0301monie d'ouverture du forum de l'Alliance internationale anti-corruption (ICHA) du groupe de la B ...\",\"breadcrumb\":{\"@id\":\"https:\/\/www.africa-press.net\/cotedivoire\/photo\/presentation-de-liaca-au-corps-diplomatique-epiphane-zoro-souhaite-que-la-formation-soit-orientee-vers-les-pays-dafrique-francophones#breadcrumb\"},\"inLanguage\":\"fr-FR\",\"potentialAction\":[{\"@type\":\"ReadAction\",\"target\":[\"https:\/\/www.africa-press.net\/cotedivoire\/photo\/presentation-de-liaca-au-corps-diplomatique-epiphane-zoro-souhaite-que-la-formation-soit-orientee-vers-les-pays-dafrique-francophones\"]}]},{\"@type\":\"ImageObject\",\"inLanguage\":\"fr-FR\",\"@id\":\"https:\/\/www.africa-press.net\/cotedivoire\/photo\/presentation-de-liaca-au-corps-diplomatique-epiphane-zoro-souhaite-que-la-formation-soit-orientee-vers-les-pays-dafrique-francophones#primaryimage\",\"url\":\"https:\/\/static.africa-press.net\/cote\/sites\/43\/2023\/06\/sm_1686799073.401874.jpg\",\"contentUrl\":\"https:\/\/static.africa-press.net\/cote\/sites\/43\/2023\/06\/sm_1686799073.401874.jpg\",\"width\":720,\"height\":480,\"caption\":\"Pr\u00e9sentation de l'IACA au corps diplomatique, Epiphane Zoro souhaite que la formation soit orient\u00e9e vers les pays d'Afrique francophones\"},{\"@type\":\"BreadcrumbList\",\"@id\":\"https:\/\/www.africa-press.net\/cotedivoire\/photo\/presentation-de-liaca-au-corps-diplomatique-epiphane-zoro-souhaite-que-la-formation-soit-orientee-vers-les-pays-dafrique-francophones#breadcrumb\",\"itemListElement\":[{\"@type\":\"ListItem\",\"position\":1,\"name\":\"Accueil\",\"item\":\"https:\/\/www.africa-press.net\/cotedivoire\/\"},{\"@type\":\"ListItem\",\"position\":2,\"name\":\"Pr\u00e9sentation de l&#8217;IACA au corps diplomatique, Epiphane Zoro souhaite que la formation soit orient\u00e9e vers les pays d&#8217;Afrique francophones\"}]},{\"@type\":\"WebSite\",\"@id\":\"https:\/\/www.africa-press.net\/cotedivoire\/#website\",\"url\":\"https:\/\/www.africa-press.net\/cotedivoire\/\",\"name\":\"C\u00f4te d&#039;Ivoire\",\"description\":\"Just another Africa News Agency Sites site\",\"potentialAction\":[{\"@type\":\"SearchAction\",\"target\":{\"@type\":\"EntryPoint\",\"urlTemplate\":\"https:\/\/www.africa-press.net\/cotedivoire\/?s={search_term_string}\"},\"query-input\":{\"@type\":\"PropertyValueSpecification\",\"valueRequired\":true,\"valueName\":\"search_term_string\"}}],\"inLanguage\":\"fr-FR\"},{\"@type\":\"Person\",\"@id\":\"https:\/\/www.africa-press.net\/cotedivoire\/#\/schema\/person\/2b1cf3cd81a31e3cd26889ca66d677f1\",\"name\":\"cfeditorfr\"}]}<\/script>\n<!-- \/ Yoast SEO Premium plugin. -->","yoast_head_json":{"title":"Pr\u00e9sentation de l'IACA au corps diplomatique, Epiphane Zoro souhaite que la formation soit orient\u00e9e vers les pays d'Afrique francophones - C\u00f4te d&#039;Ivoire","description":"En pre\u0301lude a\u0300 la ce\u0301re\u0301monie d'ouverture du forum de l'Alliance internationale anti-corruption (ICHA) du groupe de la B ...","robots":{"index":"index","follow":"follow","max-snippet":"max-snippet:-1","max-image-preview":"max-image-preview:large","max-video-preview":"max-video-preview:-1"},"canonical":"https:\/\/www.africa-press.net\/cotedivoire\/photo\/presentation-de-liaca-au-corps-diplomatique-epiphane-zoro-souhaite-que-la-formation-soit-orientee-vers-les-pays-dafrique-francophones","og_locale":"fr_FR","og_type":"article","og_title":"Pr\u00e9sentation de l'IACA au corps diplomatique, Epiphane Zoro souhaite que la formation soit orient\u00e9e vers les pays d'Afrique francophones","og_description":"En pre\u0301lude a\u0300 la ce\u0301re\u0301monie d'ouverture du forum de l'Alliance internationale anti-corruption (ICHA) du groupe de la B ...","og_url":"https:\/\/www.africa-press.net\/cotedivoire\/photo\/presentation-de-liaca-au-corps-diplomatique-epiphane-zoro-souhaite-que-la-formation-soit-orientee-vers-les-pays-dafrique-francophones","og_site_name":"C\u00f4te d&#039;Ivoire","article_published_time":"2023-06-15T08:56:43+00:00","og_image":[{"width":720,"height":480,"url":"https:\/\/static.africa-press.net\/cote\/sites\/43\/2023\/06\/sm_1686799073.401874.jpg","type":"image\/jpeg"}],"author":"cfeditorfr","twitter_card":"summary_large_image","twitter_misc":{"\u00c9crit par":"cfeditorfr","Dur\u00e9e de lecture estim\u00e9e":"3 minutes"},"schema":{"@context":"https:\/\/schema.org","@graph":[{"@type":"Article","@id":"https:\/\/www.africa-press.net\/cotedivoire\/photo\/presentation-de-liaca-au-corps-diplomatique-epiphane-zoro-souhaite-que-la-formation-soit-orientee-vers-les-pays-dafrique-francophones#article","isPartOf":{"@id":"https:\/\/www.africa-press.net\/cotedivoire\/photo\/presentation-de-liaca-au-corps-diplomatique-epiphane-zoro-souhaite-que-la-formation-soit-orientee-vers-les-pays-dafrique-francophones"},"author":{"name":"cfeditorfr","@id":"https:\/\/www.africa-press.net\/cotedivoire\/#\/schema\/person\/2b1cf3cd81a31e3cd26889ca66d677f1"},"headline":"Pr\u00e9sentation de l&rsquo;IACA au corps diplomatique, Epiphane Zoro souhaite que la formation soit orient\u00e9e vers les pays d&rsquo;Afrique francophones","datePublished":"2023-06-15T08:56:43+00:00","mainEntityOfPage":{"@id":"https:\/\/www.africa-press.net\/cotedivoire\/photo\/presentation-de-liaca-au-corps-diplomatique-epiphane-zoro-souhaite-que-la-formation-soit-orientee-vers-les-pays-dafrique-francophones"},"wordCount":589,"commentCount":0,"image":{"@id":"https:\/\/www.africa-press.net\/cotedivoire\/photo\/presentation-de-liaca-au-corps-diplomatique-epiphane-zoro-souhaite-que-la-formation-soit-orientee-vers-les-pays-dafrique-francophones#primaryimage"},"thumbnailUrl":"https:\/\/static.africa-press.net\/cote\/sites\/43\/2023\/06\/sm_1686799073.401874.jpg","keywords":["Africa Press","Africa Press-C\u00f4te d'Ivoire","Alliance internationale anti-corruption","C\u00d4TE D'IVOIRE","\u00c9piphane Zoro Ballo","Stelzer Thomas"],"articleSection":["Communaut\u00e9","Photo","Toutes les actualit\u00e9s"],"inLanguage":"fr-FR","potentialAction":[{"@type":"CommentAction","name":"Comment","target":["https:\/\/www.africa-press.net\/cotedivoire\/photo\/presentation-de-liaca-au-corps-diplomatique-epiphane-zoro-souhaite-que-la-formation-soit-orientee-vers-les-pays-dafrique-francophones#respond"]}]},{"@type":"WebPage","@id":"https:\/\/www.africa-press.net\/cotedivoire\/photo\/presentation-de-liaca-au-corps-diplomatique-epiphane-zoro-souhaite-que-la-formation-soit-orientee-vers-les-pays-dafrique-francophones","url":"https:\/\/www.africa-press.net\/cotedivoire\/photo\/presentation-de-liaca-au-corps-diplomatique-epiphane-zoro-souhaite-que-la-formation-soit-orientee-vers-les-pays-dafrique-francophones","name":"Pr\u00e9sentation de l'IACA au corps diplomatique, Epiphane Zoro souhaite que la formation soit orient\u00e9e vers les pays d'Afrique francophones - C\u00f4te d&#039;Ivoire","isPartOf":{"@id":"https:\/\/www.africa-press.net\/cotedivoire\/#website"},"primaryImageOfPage":{"@id":"https:\/\/www.africa-press.net\/cotedivoire\/photo\/presentation-de-liaca-au-corps-diplomatique-epiphane-zoro-souhaite-que-la-formation-soit-orientee-vers-les-pays-dafrique-francophones#primaryimage"},"image":{"@id":"https:\/\/www.africa-press.net\/cotedivoire\/photo\/presentation-de-liaca-au-corps-diplomatique-epiphane-zoro-souhaite-que-la-formation-soit-orientee-vers-les-pays-dafrique-francophones#primaryimage"},"thumbnailUrl":"https:\/\/static.africa-press.net\/cote\/sites\/43\/2023\/06\/sm_1686799073.401874.jpg","datePublished":"2023-06-15T08:56:43+00:00","author":{"@id":"https:\/\/www.africa-press.net\/cotedivoire\/#\/schema\/person\/2b1cf3cd81a31e3cd26889ca66d677f1"},"description":"En pre\u0301lude a\u0300 la ce\u0301re\u0301monie d'ouverture du forum de l'Alliance internationale anti-corruption (ICHA) du groupe de la B ...","breadcrumb":{"@id":"https:\/\/www.africa-press.net\/cotedivoire\/photo\/presentation-de-liaca-au-corps-diplomatique-epiphane-zoro-souhaite-que-la-formation-soit-orientee-vers-les-pays-dafrique-francophones#breadcrumb"},"inLanguage":"fr-FR","potentialAction":[{"@type":"ReadAction","target":["https:\/\/www.africa-press.net\/cotedivoire\/photo\/presentation-de-liaca-au-corps-diplomatique-epiphane-zoro-souhaite-que-la-formation-soit-orientee-vers-les-pays-dafrique-francophones"]}]},{"@type":"ImageObject","inLanguage":"fr-FR","@id":"https:\/\/www.africa-press.net\/cotedivoire\/photo\/presentation-de-liaca-au-corps-diplomatique-epiphane-zoro-souhaite-que-la-formation-soit-orientee-vers-les-pays-dafrique-francophones#primaryimage","url":"https:\/\/static.africa-press.net\/cote\/sites\/43\/2023\/06\/sm_1686799073.401874.jpg","contentUrl":"https:\/\/static.africa-press.net\/cote\/sites\/43\/2023\/06\/sm_1686799073.401874.jpg","width":720,"height":480,"caption":"Pr\u00e9sentation de l'IACA au corps diplomatique, Epiphane Zoro souhaite que la formation soit orient\u00e9e vers les pays d'Afrique francophones"},{"@type":"BreadcrumbList","@id":"https:\/\/www.africa-press.net\/cotedivoire\/photo\/presentation-de-liaca-au-corps-diplomatique-epiphane-zoro-souhaite-que-la-formation-soit-orientee-vers-les-pays-dafrique-francophones#breadcrumb","itemListElement":[{"@type":"ListItem","position":1,"name":"Accueil","item":"https:\/\/www.africa-press.net\/cotedivoire\/"},{"@type":"ListItem","position":2,"name":"Pr\u00e9sentation de l&#8217;IACA au corps diplomatique, Epiphane Zoro souhaite que la formation soit orient\u00e9e vers les pays d&#8217;Afrique francophones"}]},{"@type":"WebSite","@id":"https:\/\/www.africa-press.net\/cotedivoire\/#website","url":"https:\/\/www.africa-press.net\/cotedivoire\/","name":"C\u00f4te d&#039;Ivoire","description":"Just another Africa News Agency Sites site","potentialAction":[{"@type":"SearchAction","target":{"@type":"EntryPoint","urlTemplate":"https:\/\/www.africa-press.net\/cotedivoire\/?s={search_term_string}"},"query-input":{"@type":"PropertyValueSpecification","valueRequired":true,"valueName":"search_term_string"}}],"inLanguage":"fr-FR"},{"@type":"Person","@id":"https:\/\/www.africa-press.net\/cotedivoire\/#\/schema\/person\/2b1cf3cd81a31e3cd26889ca66d677f1","name":"cfeditorfr"}]}},"_links":{"self":[{"href":"https:\/\/www.africa-press.net\/cotedivoire\/wp-json\/wp\/v2\/posts\/59957","targetHints":{"allow":["GET"]}}],"collection":[{"href":"https:\/\/www.africa-press.net\/cotedivoire\/wp-json\/wp\/v2\/posts"}],"about":[{"href":"https:\/\/www.africa-press.net\/cotedivoire\/wp-json\/wp\/v2\/types\/post"}],"author":[{"embeddable":true,"href":"https:\/\/www.africa-press.net\/cotedivoire\/wp-json\/wp\/v2\/users\/82"}],"replies":[{"embeddable":true,"href":"https:\/\/www.africa-press.net\/cotedivoire\/wp-json\/wp\/v2\/comments?post=59957"}],"version-history":[{"count":0,"href":"https:\/\/www.africa-press.net\/cotedivoire\/wp-json\/wp\/v2\/posts\/59957\/revisions"}],"wp:featuredmedia":[{"embeddable":true,"href":"https:\/\/www.africa-press.net\/cotedivoire\/wp-json\/wp\/v2\/media\/59956"}],"wp:attachment":[{"href":"https:\/\/www.africa-press.net\/cotedivoire\/wp-json\/wp\/v2\/media?parent=59957"}],"wp:term":[{"taxonomy":"category","embeddable":true,"href":"https:\/\/www.africa-press.net\/cotedivoire\/wp-json\/wp\/v2\/categories?post=59957"},{"taxonomy":"post_tag","embeddable":true,"href":"https:\/\/www.africa-press.net\/cotedivoire\/wp-json\/wp\/v2\/tags?post=59957"}],"curies":[{"name":"wp","href":"https:\/\/api.w.org\/{rel}","templated":true}]}}