{"id":59998,"date":"2023-06-15T06:39:19","date_gmt":"2023-06-15T06:39:19","guid":{"rendered":"https:\/\/www.africa-press.net\/cotedivoire\/politique\/cote-divoire-france-wesley-fofana-donne-les-raisons-de-choix-pour-les-bleus-au-detriment-des-elephants"},"modified":"2023-06-15T07:00:53","modified_gmt":"2023-06-15T07:00:53","slug":"cote-divoire-france-wesley-fofana-donne-les-raisons-de-choix-pour-les-bleus-au-detriment-des-elephants","status":"publish","type":"post","link":"https:\/\/www.africa-press.net\/cotedivoire\/sports\/cote-divoire-france-wesley-fofana-donne-les-raisons-de-choix-pour-les-bleus-au-detriment-des-elephants","title":{"rendered":"C\u00f4te d&rsquo;Ivoire-France : Wesley Fofana donne les raisons de choix pour les Bleus au d\u00e9triment des \u00e9l\u00e9phants"},"content":{"rendered":"<p><span style=\"color: #ff6600\"><strong>Africa-Press &#8211; C\u00f4te d&rsquo;Ivoire. <\/strong><\/span>Alors qu\u2019il e\u0301tait dans le viseur de la Fe\u0301de\u0301ration ivoirienne de Football (FIF) afin de rejoindre la se\u0301lection nationale pour la CAN 2023, le De\u0301fenseur de Chelsea, Wesley Tijan Fofana, a de\u0301cide\u0301 de jouer avec l\u2019e\u0301quipe de France.<\/p>\n<p>Il a e\u0301te\u0301 se\u0301lectionne\u0301 par l\u2019entrai\u0302neur franc\u0327ais, Didier Deschamps, pour les matches face a\u0300 Gibraltar et la Gre\u0300ce dans le cadre des e\u0301liminatoires de l\u2019Euro 2024.<\/p>\n<p>Face aux critiques, l\u2019ancien Ste\u0301phanois a de\u0301cide\u0301 de rompre le silence en donnant les raisons de son choix.<\/p>\n<p>\u00ab On ne va pas dire que c\u0327a e\u0301te\u0301 facile. Je suis Franc\u0327ais, la France a fait mon e\u0301ducation. Je suis ne\u0301 en France, j\u2019ai joue\u0301 en e\u0301quipe de France espoirs donc c\u2019e\u0301tait le choix logique. C\u2019est normal, c\u2019est le choix du c\u0153ur. Je suis Franc\u0327ais avant tout donc, pour moi, c\u2019est un peu logique \u00bb, explique le natif de Marseille.<\/p>\n<p>Le joueur qui posse\u0300de la double nationalite\u0301 (ivoirienne et Franc\u0327aise), soutient ne\u0301anmoins qu\u2019il a e\u0301te\u0301 approche\u0301 par le se\u0301lectionneur des e\u0301le\u0301phants, Jean-Louis Gasset, mais avait de\u0301ja\u0300 fait son choix.<\/p>\n<p>\u00ab Oui, j\u2019ai eu des e\u0301changes avec le se\u0301lectionneur de la Co\u0302te d\u2019Ivoire, mais je suis franc\u0327ais avant tout \u00bb, admet l\u2019ex-joueur de Leicester, avant de poursuivre.<\/p>\n<p>\u00ab Comme je l\u2019ai dit. Je suis ne\u0301 en France, j\u2019ai fait mon e\u0301ducation ici. J\u2019ai toujours joue\u0301 en espe\u0301rant jouer pour l\u2019e\u0301quipe de France un jour. C\u2019est su\u0302r que le choix n\u2019a pas e\u0301te\u0301 facile. Quand on voit l\u2019engouement, on ne se pose pas des questions. Mais je suis Franc\u0327ais, c\u2019est un choix logique, un choix normal. C\u2019est le choix du c\u0153ur. C\u2019est ce que je ressentais au fond de moi. Au final, j\u2019ai choisi la France parce que c\u2019est ce qu\u2019il y avait au fond de moi. \u00bb<\/p>\n<p>Une clarification qui met ainsi fin au de\u0301bat sur le choix de Wesley Tijan Fofana de porter le maillot de l\u2019e\u0301quipe de France au de\u0301triment de celui de la Co\u0302te d\u2019Ivoire, son pays d\u2019origine.<\/p>\n<p><strong>Pour plus d&rsquo;informations et d&rsquo;analyses sur la <a href=\"https:\/\/www.africa-press.net\/cotedivoire\">C\u00f4te d&rsquo;Ivoire<\/a>, suivez <a href=\"https:\/\/www.africa-press.net\/\">Africa-Press<\/a><\/strong><\/p>\n","protected":false},"excerpt":{"rendered":"<p>Africa-Press &#8211; C\u00f4te d&rsquo;Ivoire. Alors qu\u2019il e\u0301tait dans le viseur de la Fe\u0301de\u0301ration ivoirienne de Football (FIF) afin de rejoindre la se\u0301lection nationale pour la CAN 2023, le De\u0301fenseur de Chelsea, Wesley Tijan Fofana, a de\u0301cide\u0301 de jouer avec l\u2019e\u0301quipe de France. Il a e\u0301te\u0301 se\u0301lectionne\u0301 par l\u2019entrai\u0302neur franc\u0327ais, Didier Deschamps, pour les matches face [&hellip;]<\/p>\n","protected":false},"author":82,"featured_media":59996,"comment_status":"open","ping_status":"closed","sticky":false,"template":"","format":"standard","meta":{"footnotes":""},"categories":[6,10],"tags":[56,63,5132,10365,29,5133,526,859,6074,10178],"class_list":["post-59998","post","type-post","status-publish","format-standard","has-post-thumbnail","hentry","category-sports","category-toutes-les-actualites","tag-africa-press","tag-africa-press-cote-divoire","tag-bleus","tag-choix","tag-cote-divoire","tag-didier-deschamps","tag-elephants","tag-fif","tag-jean-louis-gasset-2","tag-wesley-fofana"],"yoast_head":"<!-- This site is optimized with the Yoast SEO Premium plugin v26.1 (Yoast SEO v27.0) - https:\/\/yoast.com\/product\/yoast-seo-premium-wordpress\/ -->\n<title>C\u00f4te d&#039;Ivoire-France : Wesley Fofana donne les raisons de choix pour les Bleus au d\u00e9triment des \u00e9l\u00e9phants - C\u00f4te d&#039;Ivoire<\/title>\n<meta name=\"description\" content=\"Alors qu\u2019il e\u0301tait dans le viseur de la Fe\u0301de\u0301ration ivoirienne de Football (FIF) afin de rejoindre la se\u0301lection nation ...\" \/>\n<meta name=\"robots\" content=\"index, follow, max-snippet:-1, max-image-preview:large, max-video-preview:-1\" \/>\n<link rel=\"canonical\" href=\"https:\/\/www.africa-press.net\/cotedivoire\/sports\/cote-divoire-france-wesley-fofana-donne-les-raisons-de-choix-pour-les-bleus-au-detriment-des-elephants\" \/>\n<meta property=\"og:locale\" content=\"fr_FR\" \/>\n<meta property=\"og:type\" content=\"article\" \/>\n<meta property=\"og:title\" content=\"C\u00f4te d&#039;Ivoire-France : Wesley Fofana donne les raisons de choix pour les Bleus au d\u00e9triment des \u00e9l\u00e9phants\" \/>\n<meta property=\"og:description\" content=\"Alors qu\u2019il e\u0301tait dans le viseur de la Fe\u0301de\u0301ration ivoirienne de Football (FIF) afin de rejoindre la se\u0301lection nation ...\" \/>\n<meta property=\"og:url\" content=\"https:\/\/www.africa-press.net\/cotedivoire\/sports\/cote-divoire-france-wesley-fofana-donne-les-raisons-de-choix-pour-les-bleus-au-detriment-des-elephants\" \/>\n<meta property=\"og:site_name\" content=\"C\u00f4te d&#039;Ivoire\" \/>\n<meta property=\"article:published_time\" content=\"2023-06-15T06:39:19+00:00\" \/>\n<meta property=\"article:modified_time\" content=\"2023-06-15T07:00:53+00:00\" \/>\n<meta property=\"og:image\" content=\"https:\/\/static.africa-press.net\/cote\/sites\/43\/2023\/06\/sm_1686799826.999649.jpg\" \/>\n\t<meta property=\"og:image:width\" content=\"720\" \/>\n\t<meta property=\"og:image:height\" content=\"405\" \/>\n\t<meta property=\"og:image:type\" content=\"image\/jpeg\" \/>\n<meta name=\"author\" content=\"cfeditorfr\" \/>\n<meta name=\"twitter:card\" content=\"summary_large_image\" \/>\n<meta name=\"twitter:label1\" content=\"\u00c9crit par\" \/>\n\t<meta name=\"twitter:data1\" content=\"cfeditorfr\" \/>\n\t<meta name=\"twitter:label2\" content=\"Dur\u00e9e de lecture estim\u00e9e\" \/>\n\t<meta name=\"twitter:data2\" content=\"2 minutes\" \/>\n<script type=\"application\/ld+json\" class=\"yoast-schema-graph\">{\"@context\":\"https:\/\/schema.org\",\"@graph\":[{\"@type\":\"Article\",\"@id\":\"https:\/\/www.africa-press.net\/cotedivoire\/sports\/cote-divoire-france-wesley-fofana-donne-les-raisons-de-choix-pour-les-bleus-au-detriment-des-elephants#article\",\"isPartOf\":{\"@id\":\"https:\/\/www.africa-press.net\/cotedivoire\/sports\/cote-divoire-france-wesley-fofana-donne-les-raisons-de-choix-pour-les-bleus-au-detriment-des-elephants\"},\"author\":{\"name\":\"cfeditorfr\",\"@id\":\"https:\/\/www.africa-press.net\/cotedivoire\/#\/schema\/person\/2b1cf3cd81a31e3cd26889ca66d677f1\"},\"headline\":\"C\u00f4te d&rsquo;Ivoire-France : Wesley Fofana donne les raisons de choix pour les Bleus au d\u00e9triment des \u00e9l\u00e9phants\",\"datePublished\":\"2023-06-15T06:39:19+00:00\",\"dateModified\":\"2023-06-15T07:00:53+00:00\",\"mainEntityOfPage\":{\"@id\":\"https:\/\/www.africa-press.net\/cotedivoire\/sports\/cote-divoire-france-wesley-fofana-donne-les-raisons-de-choix-pour-les-bleus-au-detriment-des-elephants\"},\"wordCount\":432,\"commentCount\":0,\"image\":{\"@id\":\"https:\/\/www.africa-press.net\/cotedivoire\/sports\/cote-divoire-france-wesley-fofana-donne-les-raisons-de-choix-pour-les-bleus-au-detriment-des-elephants#primaryimage\"},\"thumbnailUrl\":\"https:\/\/static.africa-press.net\/cote\/sites\/43\/2023\/06\/sm_1686799826.999649.jpg\",\"keywords\":[\"Africa Press\",\"Africa Press-C\u00f4te d'Ivoire\",\"bleus\",\"choix\",\"C\u00d4TE D'IVOIRE\",\"Didier Deschamps\",\"\u00e9l\u00e9phants\",\"FIF\",\"Jean-Louis Gasset\",\"Wesley Fofana\"],\"articleSection\":[\"Sports\",\"Toutes les actualit\u00e9s\"],\"inLanguage\":\"fr-FR\",\"potentialAction\":[{\"@type\":\"CommentAction\",\"name\":\"Comment\",\"target\":[\"https:\/\/www.africa-press.net\/cotedivoire\/sports\/cote-divoire-france-wesley-fofana-donne-les-raisons-de-choix-pour-les-bleus-au-detriment-des-elephants#respond\"]}]},{\"@type\":\"WebPage\",\"@id\":\"https:\/\/www.africa-press.net\/cotedivoire\/sports\/cote-divoire-france-wesley-fofana-donne-les-raisons-de-choix-pour-les-bleus-au-detriment-des-elephants\",\"url\":\"https:\/\/www.africa-press.net\/cotedivoire\/sports\/cote-divoire-france-wesley-fofana-donne-les-raisons-de-choix-pour-les-bleus-au-detriment-des-elephants\",\"name\":\"C\u00f4te d'Ivoire-France : Wesley Fofana donne les raisons de choix pour les Bleus au d\u00e9triment des \u00e9l\u00e9phants - C\u00f4te d&#039;Ivoire\",\"isPartOf\":{\"@id\":\"https:\/\/www.africa-press.net\/cotedivoire\/#website\"},\"primaryImageOfPage\":{\"@id\":\"https:\/\/www.africa-press.net\/cotedivoire\/sports\/cote-divoire-france-wesley-fofana-donne-les-raisons-de-choix-pour-les-bleus-au-detriment-des-elephants#primaryimage\"},\"image\":{\"@id\":\"https:\/\/www.africa-press.net\/cotedivoire\/sports\/cote-divoire-france-wesley-fofana-donne-les-raisons-de-choix-pour-les-bleus-au-detriment-des-elephants#primaryimage\"},\"thumbnailUrl\":\"https:\/\/static.africa-press.net\/cote\/sites\/43\/2023\/06\/sm_1686799826.999649.jpg\",\"datePublished\":\"2023-06-15T06:39:19+00:00\",\"dateModified\":\"2023-06-15T07:00:53+00:00\",\"author\":{\"@id\":\"https:\/\/www.africa-press.net\/cotedivoire\/#\/schema\/person\/2b1cf3cd81a31e3cd26889ca66d677f1\"},\"description\":\"Alors qu\u2019il e\u0301tait dans le viseur de la Fe\u0301de\u0301ration ivoirienne de Football (FIF) afin de rejoindre la se\u0301lection nation ...\",\"breadcrumb\":{\"@id\":\"https:\/\/www.africa-press.net\/cotedivoire\/sports\/cote-divoire-france-wesley-fofana-donne-les-raisons-de-choix-pour-les-bleus-au-detriment-des-elephants#breadcrumb\"},\"inLanguage\":\"fr-FR\",\"potentialAction\":[{\"@type\":\"ReadAction\",\"target\":[\"https:\/\/www.africa-press.net\/cotedivoire\/sports\/cote-divoire-france-wesley-fofana-donne-les-raisons-de-choix-pour-les-bleus-au-detriment-des-elephants\"]}]},{\"@type\":\"ImageObject\",\"inLanguage\":\"fr-FR\",\"@id\":\"https:\/\/www.africa-press.net\/cotedivoire\/sports\/cote-divoire-france-wesley-fofana-donne-les-raisons-de-choix-pour-les-bleus-au-detriment-des-elephants#primaryimage\",\"url\":\"https:\/\/static.africa-press.net\/cote\/sites\/43\/2023\/06\/sm_1686799826.999649.jpg\",\"contentUrl\":\"https:\/\/static.africa-press.net\/cote\/sites\/43\/2023\/06\/sm_1686799826.999649.jpg\",\"width\":720,\"height\":405,\"caption\":\"C\u00f4te d'Ivoire-France : Wesley Fofana donne les raisons de choix pour les Bleus au d\u00e9triment des \u00e9l\u00e9phants\"},{\"@type\":\"BreadcrumbList\",\"@id\":\"https:\/\/www.africa-press.net\/cotedivoire\/sports\/cote-divoire-france-wesley-fofana-donne-les-raisons-de-choix-pour-les-bleus-au-detriment-des-elephants#breadcrumb\",\"itemListElement\":[{\"@type\":\"ListItem\",\"position\":1,\"name\":\"Accueil\",\"item\":\"https:\/\/www.africa-press.net\/cotedivoire\/\"},{\"@type\":\"ListItem\",\"position\":2,\"name\":\"C\u00f4te d&#8217;Ivoire-France : Wesley Fofana donne les raisons de choix pour les Bleus au d\u00e9triment des \u00e9l\u00e9phants\"}]},{\"@type\":\"WebSite\",\"@id\":\"https:\/\/www.africa-press.net\/cotedivoire\/#website\",\"url\":\"https:\/\/www.africa-press.net\/cotedivoire\/\",\"name\":\"C\u00f4te d&#039;Ivoire\",\"description\":\"Just another Africa News Agency Sites site\",\"potentialAction\":[{\"@type\":\"SearchAction\",\"target\":{\"@type\":\"EntryPoint\",\"urlTemplate\":\"https:\/\/www.africa-press.net\/cotedivoire\/?s={search_term_string}\"},\"query-input\":{\"@type\":\"PropertyValueSpecification\",\"valueRequired\":true,\"valueName\":\"search_term_string\"}}],\"inLanguage\":\"fr-FR\"},{\"@type\":\"Person\",\"@id\":\"https:\/\/www.africa-press.net\/cotedivoire\/#\/schema\/person\/2b1cf3cd81a31e3cd26889ca66d677f1\",\"name\":\"cfeditorfr\"}]}<\/script>\n<!-- \/ Yoast SEO Premium plugin. -->","yoast_head_json":{"title":"C\u00f4te d'Ivoire-France : Wesley Fofana donne les raisons de choix pour les Bleus au d\u00e9triment des \u00e9l\u00e9phants - C\u00f4te d&#039;Ivoire","description":"Alors qu\u2019il e\u0301tait dans le viseur de la Fe\u0301de\u0301ration ivoirienne de Football (FIF) afin de rejoindre la se\u0301lection nation ...","robots":{"index":"index","follow":"follow","max-snippet":"max-snippet:-1","max-image-preview":"max-image-preview:large","max-video-preview":"max-video-preview:-1"},"canonical":"https:\/\/www.africa-press.net\/cotedivoire\/sports\/cote-divoire-france-wesley-fofana-donne-les-raisons-de-choix-pour-les-bleus-au-detriment-des-elephants","og_locale":"fr_FR","og_type":"article","og_title":"C\u00f4te d'Ivoire-France : Wesley Fofana donne les raisons de choix pour les Bleus au d\u00e9triment des \u00e9l\u00e9phants","og_description":"Alors qu\u2019il e\u0301tait dans le viseur de la Fe\u0301de\u0301ration ivoirienne de Football (FIF) afin de rejoindre la se\u0301lection nation ...","og_url":"https:\/\/www.africa-press.net\/cotedivoire\/sports\/cote-divoire-france-wesley-fofana-donne-les-raisons-de-choix-pour-les-bleus-au-detriment-des-elephants","og_site_name":"C\u00f4te d&#039;Ivoire","article_published_time":"2023-06-15T06:39:19+00:00","article_modified_time":"2023-06-15T07:00:53+00:00","og_image":[{"width":720,"height":405,"url":"https:\/\/static.africa-press.net\/cote\/sites\/43\/2023\/06\/sm_1686799826.999649.jpg","type":"image\/jpeg"}],"author":"cfeditorfr","twitter_card":"summary_large_image","twitter_misc":{"\u00c9crit par":"cfeditorfr","Dur\u00e9e de lecture estim\u00e9e":"2 minutes"},"schema":{"@context":"https:\/\/schema.org","@graph":[{"@type":"Article","@id":"https:\/\/www.africa-press.net\/cotedivoire\/sports\/cote-divoire-france-wesley-fofana-donne-les-raisons-de-choix-pour-les-bleus-au-detriment-des-elephants#article","isPartOf":{"@id":"https:\/\/www.africa-press.net\/cotedivoire\/sports\/cote-divoire-france-wesley-fofana-donne-les-raisons-de-choix-pour-les-bleus-au-detriment-des-elephants"},"author":{"name":"cfeditorfr","@id":"https:\/\/www.africa-press.net\/cotedivoire\/#\/schema\/person\/2b1cf3cd81a31e3cd26889ca66d677f1"},"headline":"C\u00f4te d&rsquo;Ivoire-France : Wesley Fofana donne les raisons de choix pour les Bleus au d\u00e9triment des \u00e9l\u00e9phants","datePublished":"2023-06-15T06:39:19+00:00","dateModified":"2023-06-15T07:00:53+00:00","mainEntityOfPage":{"@id":"https:\/\/www.africa-press.net\/cotedivoire\/sports\/cote-divoire-france-wesley-fofana-donne-les-raisons-de-choix-pour-les-bleus-au-detriment-des-elephants"},"wordCount":432,"commentCount":0,"image":{"@id":"https:\/\/www.africa-press.net\/cotedivoire\/sports\/cote-divoire-france-wesley-fofana-donne-les-raisons-de-choix-pour-les-bleus-au-detriment-des-elephants#primaryimage"},"thumbnailUrl":"https:\/\/static.africa-press.net\/cote\/sites\/43\/2023\/06\/sm_1686799826.999649.jpg","keywords":["Africa Press","Africa Press-C\u00f4te d'Ivoire","bleus","choix","C\u00d4TE D'IVOIRE","Didier Deschamps","\u00e9l\u00e9phants","FIF","Jean-Louis Gasset","Wesley Fofana"],"articleSection":["Sports","Toutes les actualit\u00e9s"],"inLanguage":"fr-FR","potentialAction":[{"@type":"CommentAction","name":"Comment","target":["https:\/\/www.africa-press.net\/cotedivoire\/sports\/cote-divoire-france-wesley-fofana-donne-les-raisons-de-choix-pour-les-bleus-au-detriment-des-elephants#respond"]}]},{"@type":"WebPage","@id":"https:\/\/www.africa-press.net\/cotedivoire\/sports\/cote-divoire-france-wesley-fofana-donne-les-raisons-de-choix-pour-les-bleus-au-detriment-des-elephants","url":"https:\/\/www.africa-press.net\/cotedivoire\/sports\/cote-divoire-france-wesley-fofana-donne-les-raisons-de-choix-pour-les-bleus-au-detriment-des-elephants","name":"C\u00f4te d'Ivoire-France : Wesley Fofana donne les raisons de choix pour les Bleus au d\u00e9triment des \u00e9l\u00e9phants - C\u00f4te d&#039;Ivoire","isPartOf":{"@id":"https:\/\/www.africa-press.net\/cotedivoire\/#website"},"primaryImageOfPage":{"@id":"https:\/\/www.africa-press.net\/cotedivoire\/sports\/cote-divoire-france-wesley-fofana-donne-les-raisons-de-choix-pour-les-bleus-au-detriment-des-elephants#primaryimage"},"image":{"@id":"https:\/\/www.africa-press.net\/cotedivoire\/sports\/cote-divoire-france-wesley-fofana-donne-les-raisons-de-choix-pour-les-bleus-au-detriment-des-elephants#primaryimage"},"thumbnailUrl":"https:\/\/static.africa-press.net\/cote\/sites\/43\/2023\/06\/sm_1686799826.999649.jpg","datePublished":"2023-06-15T06:39:19+00:00","dateModified":"2023-06-15T07:00:53+00:00","author":{"@id":"https:\/\/www.africa-press.net\/cotedivoire\/#\/schema\/person\/2b1cf3cd81a31e3cd26889ca66d677f1"},"description":"Alors qu\u2019il e\u0301tait dans le viseur de la Fe\u0301de\u0301ration ivoirienne de Football (FIF) afin de rejoindre la se\u0301lection nation ...","breadcrumb":{"@id":"https:\/\/www.africa-press.net\/cotedivoire\/sports\/cote-divoire-france-wesley-fofana-donne-les-raisons-de-choix-pour-les-bleus-au-detriment-des-elephants#breadcrumb"},"inLanguage":"fr-FR","potentialAction":[{"@type":"ReadAction","target":["https:\/\/www.africa-press.net\/cotedivoire\/sports\/cote-divoire-france-wesley-fofana-donne-les-raisons-de-choix-pour-les-bleus-au-detriment-des-elephants"]}]},{"@type":"ImageObject","inLanguage":"fr-FR","@id":"https:\/\/www.africa-press.net\/cotedivoire\/sports\/cote-divoire-france-wesley-fofana-donne-les-raisons-de-choix-pour-les-bleus-au-detriment-des-elephants#primaryimage","url":"https:\/\/static.africa-press.net\/cote\/sites\/43\/2023\/06\/sm_1686799826.999649.jpg","contentUrl":"https:\/\/static.africa-press.net\/cote\/sites\/43\/2023\/06\/sm_1686799826.999649.jpg","width":720,"height":405,"caption":"C\u00f4te d'Ivoire-France : Wesley Fofana donne les raisons de choix pour les Bleus au d\u00e9triment des \u00e9l\u00e9phants"},{"@type":"BreadcrumbList","@id":"https:\/\/www.africa-press.net\/cotedivoire\/sports\/cote-divoire-france-wesley-fofana-donne-les-raisons-de-choix-pour-les-bleus-au-detriment-des-elephants#breadcrumb","itemListElement":[{"@type":"ListItem","position":1,"name":"Accueil","item":"https:\/\/www.africa-press.net\/cotedivoire\/"},{"@type":"ListItem","position":2,"name":"C\u00f4te d&#8217;Ivoire-France : Wesley Fofana donne les raisons de choix pour les Bleus au d\u00e9triment des \u00e9l\u00e9phants"}]},{"@type":"WebSite","@id":"https:\/\/www.africa-press.net\/cotedivoire\/#website","url":"https:\/\/www.africa-press.net\/cotedivoire\/","name":"C\u00f4te d&#039;Ivoire","description":"Just another Africa News Agency Sites site","potentialAction":[{"@type":"SearchAction","target":{"@type":"EntryPoint","urlTemplate":"https:\/\/www.africa-press.net\/cotedivoire\/?s={search_term_string}"},"query-input":{"@type":"PropertyValueSpecification","valueRequired":true,"valueName":"search_term_string"}}],"inLanguage":"fr-FR"},{"@type":"Person","@id":"https:\/\/www.africa-press.net\/cotedivoire\/#\/schema\/person\/2b1cf3cd81a31e3cd26889ca66d677f1","name":"cfeditorfr"}]}},"_links":{"self":[{"href":"https:\/\/www.africa-press.net\/cotedivoire\/wp-json\/wp\/v2\/posts\/59998","targetHints":{"allow":["GET"]}}],"collection":[{"href":"https:\/\/www.africa-press.net\/cotedivoire\/wp-json\/wp\/v2\/posts"}],"about":[{"href":"https:\/\/www.africa-press.net\/cotedivoire\/wp-json\/wp\/v2\/types\/post"}],"author":[{"embeddable":true,"href":"https:\/\/www.africa-press.net\/cotedivoire\/wp-json\/wp\/v2\/users\/82"}],"replies":[{"embeddable":true,"href":"https:\/\/www.africa-press.net\/cotedivoire\/wp-json\/wp\/v2\/comments?post=59998"}],"version-history":[{"count":0,"href":"https:\/\/www.africa-press.net\/cotedivoire\/wp-json\/wp\/v2\/posts\/59998\/revisions"}],"wp:featuredmedia":[{"embeddable":true,"href":"https:\/\/www.africa-press.net\/cotedivoire\/wp-json\/wp\/v2\/media\/59996"}],"wp:attachment":[{"href":"https:\/\/www.africa-press.net\/cotedivoire\/wp-json\/wp\/v2\/media?parent=59998"}],"wp:term":[{"taxonomy":"category","embeddable":true,"href":"https:\/\/www.africa-press.net\/cotedivoire\/wp-json\/wp\/v2\/categories?post=59998"},{"taxonomy":"post_tag","embeddable":true,"href":"https:\/\/www.africa-press.net\/cotedivoire\/wp-json\/wp\/v2\/tags?post=59998"}],"curies":[{"name":"wp","href":"https:\/\/api.w.org\/{rel}","templated":true}]}}