{"id":60330,"date":"2023-06-20T17:03:28","date_gmt":"2023-06-20T17:03:28","guid":{"rendered":"https:\/\/www.africa-press.net\/cotedivoire\/politique\/situations-preoccupantes-au-mali-burkina-et-guinee-alassane-ouattara-echange-avec-leonardo-santos-simao-confiant"},"modified":"2023-06-20T17:45:09","modified_gmt":"2023-06-20T17:45:09","slug":"situations-preoccupantes-au-mali-burkina-et-guinee-alassane-ouattara-echange-avec-leonardo-santos-simao-confiant","status":"publish","type":"post","link":"https:\/\/www.africa-press.net\/cotedivoire\/politique\/situations-preoccupantes-au-mali-burkina-et-guinee-alassane-ouattara-echange-avec-leonardo-santos-simao-confiant","title":{"rendered":"Situations pr\u00e9occupantes au Mali, Burkina et Guin\u00e9e, Alassane Ouattara \u00e9change avec L\u00e9onardo Santos Simao, confiant"},"content":{"rendered":"<p><span style=\"color: #ff6600\"><strong>Africa-Press &#8211; C\u00f4te d&rsquo;Ivoire. <\/strong><\/span>Alassane Ouattara et Le\u0301onardo Santos Simao ce mardi a\u0300 Abidjan<\/p>\n<p>Alassane Ouattara a e\u0301change\u0301 ce mardi au Palais pre\u0301sidentiel d&rsquo;Abidjan avec Le\u0301onardo Santos Simao, nouveau Repre\u0301sentant Spe\u0301cial du Secre\u0301taire Ge\u0301ne\u0301ral de l\u2019ONU pour l\u2019Afrique de l\u2019Ouest et le Sahel.<\/p>\n<p>Apre\u0300s avoir fe\u0301licite\u0301 le mozambicain pour ses qualite\u0301s et sa nomination, le nume\u0301ro un ivoirien a souligne\u0301 avoir, avec lui, e\u0301voque\u0301 les pre\u0301occupations de la Co\u0302te d\u2019Ivoire et de l\u2019Afrique de l\u2019Ouest.<\/p>\n<p>Elles portent notamment sur la situation dans les pays en transition, le Mali, la Guine\u0301e et le Burkina Faso, pour lesquels la tenue des e\u0301lections dans les de\u0301lais propose\u0301s est souhaite\u0301e, afin que ces pays disposent des re\u0301gimes et des dirigeants de\u0301mocratiquement e\u0301lus.<\/p>\n<p>Pour Alassane Ouattara, cela est un impe\u0301ratif pour toute l\u2019Afrique de l\u2019Ouest, en particulier pour la Co\u0302te d\u2019Ivoire, pays voisin a\u0300 ces trois Nations, et qui y a soutenu tous les efforts de sortie de crise.<\/p>\n<p>Le Chef de l\u2019Etat ivoirien a fait remarquer qu\u2019outre ces trois (3) pays en transition, des e\u0301lections se tiendront e\u0301galement cette anne\u0301e ou au cours de l\u2019anne\u0301e prochaine, dans plusieurs autres pays de la sous-re\u0301gion, et a invite\u0301 le Repre\u0301sentant Spe\u0301cial du Secre\u0301taire Ge\u0301ne\u0301ral des Nations a\u0300 inte\u0301grer cela a\u0300 son calendrier.<\/p>\n<p>Pour terminer, il a re\u0301ve\u0301le\u0301 que ce sujet fera l\u2019objet de discussions au cours du prochain Sommet de la CEDEAO qui aura lieu le 9 juillet 2023, en Guine\u0301e-Bissau.<\/p>\n<p>Apre\u0300s avoir exprime\u0301 sa joie d\u2019avoir e\u0301te\u0301 rec\u0327u par le Chef de l\u2019Etat ivoirien, l&rsquo;ho\u0302te du jour a tenu a\u0300 lui traduire toute sa gratitude pour le soutien apporte\u0301 a\u0300 sa candidature en vue de sa de\u0301signation a\u0300 ce poste.<\/p>\n<p>Le\u0301onardo Simao a dit son engagement a\u0300 travailler pour la paix, la stabilite\u0301 et le de\u0301veloppement de la sous-re\u0301gion et du sahel et a tenu a\u0300 saluer les bons re\u0301sultats de\u0301ja\u0300 obtenus, notamment au Nige\u0301ria et en Guine\u0301e-Bissau, ou\u0300 il y a eu des e\u0301lections paisibles.<\/p>\n<p>Toutefois, celui qui a succe\u0301de\u0301 au Ministre des Affaires E\u0301trange\u0300res du Tchad. Saleh Annadif, a reconnu que de nombreux de\u0301fis restent encore a\u0300 relever, mais s\u2019est dit convaincu qu\u2019avec le soutien de la Communaute\u0301 internationale, des succe\u0300s seront enregistre\u0301s.<\/p>\n<p>Wassimagnon<\/p>\n\r\n                <style type=\"text\/css\">\r\n                    \r\n                    #td_uid_1_69f23baae24b2  .td-doubleSlider-2 .td-item1 {\r\n                        background: url(https:\/\/static.africa-press.net\/cote\/sites\/43\/2023\/06\/sm_1687270441.115791-80x60.jpg) 0 0 no-repeat;\r\n                    }\r\n                    #td_uid_1_69f23baae24b2  .td-doubleSlider-2 .td-item2 {\r\n                        background: url(https:\/\/static.africa-press.net\/cote\/sites\/43\/2023\/06\/sm_1687270457.268603-80x60.jpg) 0 0 no-repeat;\r\n                    }\r\n                <\/style>\r\n\r\n                <div id=\"td_uid_1_69f23baae24b2\" class=\"td-gallery td-slide-on-2-columns\">\r\n                    <div class=\"post_td_gallery\">\r\n                        <div class=\"td-gallery-slide-top\">\r\n                           <div class=\"td-gallery-title\"><\/div>\r\n\r\n                            <div class=\"td-gallery-controls-wrapper\">\r\n                                <div class=\"td-gallery-slide-count\"><span class=\"td-gallery-slide-item-focus\">1<\/span> de 2<\/div>\r\n                                <div class=\"td-gallery-slide-prev-next-but\">\r\n                                    <i class = \"td-icon-left doubleSliderPrevButton\"><\/i>\r\n                                    <i class = \"td-icon-right doubleSliderNextButton\"><\/i>\r\n                                <\/div>\r\n                            <\/div>\r\n                        <\/div>\r\n\r\n                        <div class = \"td-doubleSlider-1 \">\r\n                            <div class = \"td-slider\">\r\n                                \r\n                    <div class = \"td-slide-item td-item1\">\r\n                        <figure class=\"td-slide-galery-figure td-slide-popup-gallery\">\r\n                            <a class=\"slide-gallery-image-link\" href=\"https:\/\/static.africa-press.net\/cote\/sites\/43\/2023\/06\/sm_1687270441.115791.jpg\" title=\"sm_1687270441.115791\"  data-caption=\"\"  data-description=\"\">\r\n                                <img decoding=\"async\" src=\"https:\/\/static.africa-press.net\/cote\/sites\/43\/2023\/06\/sm_1687270441.115791.jpg\" srcset=\"https:\/\/static.africa-press.net\/cote\/sites\/43\/2023\/06\/sm_1687270441.115791.jpg 1000w, https:\/\/static.africa-press.net\/cote\/sites\/43\/2023\/06\/sm_1687270441.115791-300x168.jpg 300w, https:\/\/static.africa-press.net\/cote\/sites\/43\/2023\/06\/sm_1687270441.115791-768x431.jpg 768w\" sizes=\"(max-width: 1000px) 100vw, 1000px\" alt=\"\">\r\n                            <\/a>\r\n                            \r\n                        <\/figure>\r\n                    <\/div>\r\n                    <div class = \"td-slide-item td-item2\">\r\n                        <figure class=\"td-slide-galery-figure td-slide-popup-gallery\">\r\n                            <a class=\"slide-gallery-image-link\" href=\"https:\/\/static.africa-press.net\/cote\/sites\/43\/2023\/06\/sm_1687270457.268603.jpg\" title=\"sm_1687270457.268603\"  data-caption=\"\"  data-description=\"\">\r\n                                <img decoding=\"async\" src=\"https:\/\/static.africa-press.net\/cote\/sites\/43\/2023\/06\/sm_1687270457.268603.jpg\" srcset=\"https:\/\/static.africa-press.net\/cote\/sites\/43\/2023\/06\/sm_1687270457.268603.jpg 1000w, https:\/\/static.africa-press.net\/cote\/sites\/43\/2023\/06\/sm_1687270457.268603-300x207.jpg 300w, https:\/\/static.africa-press.net\/cote\/sites\/43\/2023\/06\/sm_1687270457.268603-768x531.jpg 768w, https:\/\/static.africa-press.net\/cote\/sites\/43\/2023\/06\/sm_1687270457.268603-100x70.jpg 100w, https:\/\/static.africa-press.net\/cote\/sites\/43\/2023\/06\/sm_1687270457.268603-218x150.jpg 218w\" sizes=\"(max-width: 1000px) 100vw, 1000px\" alt=\"\">\r\n                            <\/a>\r\n                            \r\n                        <\/figure>\r\n                    <\/div>\r\n                            <\/div>\r\n                        <\/div>\r\n\r\n                        <div class = \"td-doubleSlider-2\">\r\n                            <div class = \"td-slider\">\r\n                                \r\n                    <div class = \"td-button td-item1\">\r\n                        <div class = \"td-border\"><\/div>\r\n                    <\/div>\r\n                    <div class = \"td-button td-item2\">\r\n                        <div class = \"td-border\"><\/div>\r\n                    <\/div>\r\n                            <\/div>\r\n                        <\/div>\r\n\r\n                    <\/div>\r\n\r\n                <\/div>\r\n                \n<p><strong>Pour plus d&rsquo;informations et d&rsquo;analyses sur la <a href=\"https:\/\/www.africa-press.net\/cotedivoire\">C\u00f4te d&rsquo;Ivoire<\/a>, suivez <a href=\"https:\/\/www.africa-press.net\/\">Africa-Press<\/a><\/strong><\/p>\n","protected":false},"excerpt":{"rendered":"<p>Africa-Press &#8211; C\u00f4te d&rsquo;Ivoire. Alassane Ouattara et Le\u0301onardo Santos Simao ce mardi a\u0300 Abidjan Alassane Ouattara a e\u0301change\u0301 ce mardi au Palais pre\u0301sidentiel d&rsquo;Abidjan avec Le\u0301onardo Santos Simao, nouveau Repre\u0301sentant Spe\u0301cial du Secre\u0301taire Ge\u0301ne\u0301ral de l\u2019ONU pour l\u2019Afrique de l\u2019Ouest et le Sahel. Apre\u0300s avoir fe\u0301licite\u0301 le mozambicain pour ses qualite\u0301s et sa nomination, le [&hellip;]<\/p>\n","protected":false},"author":82,"featured_media":60329,"comment_status":"open","ping_status":"closed","sticky":false,"template":"","format":"standard","meta":{"footnotes":""},"categories":[8,2,20,10],"tags":[56,63,38,29,10431,4085,10430],"class_list":["post-60330","post","type-post","status-publish","format-standard","has-post-thumbnail","hentry","category-photo","category-politique","category-top-nouvelles","category-toutes-les-actualites","tag-africa-press","tag-africa-press-cote-divoire","tag-alassane-ouattara","tag-cote-divoire","tag-leonardo-santos-simao","tag-onu","tag-saleh-annadif"],"yoast_head":"<!-- This site is optimized with the Yoast SEO Premium plugin v26.1 (Yoast SEO v27.0) - https:\/\/yoast.com\/product\/yoast-seo-premium-wordpress\/ -->\n<title>Situations pr\u00e9occupantes au Mali, Burkina et Guin\u00e9e, Alassane Ouattara \u00e9change avec L\u00e9onardo Santos Simao, confiant - C\u00f4te d&#039;Ivoire<\/title>\n<meta name=\"description\" content=\"Alassane Ouattara et Le\u0301onardo Santos Simao ce mardi a\u0300 Abidjan Alassane Ouattara a e\u0301change\u0301 ce mardi au Palais pre\u0301si ...\" \/>\n<meta name=\"robots\" content=\"index, follow, max-snippet:-1, max-image-preview:large, max-video-preview:-1\" \/>\n<link rel=\"canonical\" href=\"https:\/\/www.africa-press.net\/cotedivoire\/politique\/situations-preoccupantes-au-mali-burkina-et-guinee-alassane-ouattara-echange-avec-leonardo-santos-simao-confiant\" \/>\n<meta property=\"og:locale\" content=\"fr_FR\" \/>\n<meta property=\"og:type\" content=\"article\" \/>\n<meta property=\"og:title\" content=\"Situations pr\u00e9occupantes au Mali, Burkina et Guin\u00e9e, Alassane Ouattara \u00e9change avec L\u00e9onardo Santos Simao, confiant\" \/>\n<meta property=\"og:description\" content=\"Alassane Ouattara et Le\u0301onardo Santos Simao ce mardi a\u0300 Abidjan Alassane Ouattara a e\u0301change\u0301 ce mardi au Palais pre\u0301si ...\" \/>\n<meta property=\"og:url\" content=\"https:\/\/www.africa-press.net\/cotedivoire\/politique\/situations-preoccupantes-au-mali-burkina-et-guinee-alassane-ouattara-echange-avec-leonardo-santos-simao-confiant\" \/>\n<meta property=\"og:site_name\" content=\"C\u00f4te d&#039;Ivoire\" \/>\n<meta property=\"article:published_time\" content=\"2023-06-20T17:03:28+00:00\" \/>\n<meta property=\"article:modified_time\" content=\"2023-06-20T17:45:09+00:00\" \/>\n<meta property=\"og:image\" content=\"https:\/\/static.africa-press.net\/cote\/sites\/43\/2023\/06\/sm_1687270469.570685.jpg\" \/>\n\t<meta property=\"og:image:width\" content=\"720\" \/>\n\t<meta property=\"og:image:height\" content=\"478\" \/>\n\t<meta property=\"og:image:type\" content=\"image\/jpeg\" \/>\n<meta name=\"author\" content=\"cfeditorfr\" \/>\n<meta name=\"twitter:card\" content=\"summary_large_image\" \/>\n<meta name=\"twitter:label1\" content=\"\u00c9crit par\" \/>\n\t<meta name=\"twitter:data1\" content=\"cfeditorfr\" \/>\n\t<meta name=\"twitter:label2\" content=\"Dur\u00e9e de lecture estim\u00e9e\" \/>\n\t<meta name=\"twitter:data2\" content=\"2 minutes\" \/>\n<script type=\"application\/ld+json\" class=\"yoast-schema-graph\">{\"@context\":\"https:\/\/schema.org\",\"@graph\":[{\"@type\":\"Article\",\"@id\":\"https:\/\/www.africa-press.net\/cotedivoire\/politique\/situations-preoccupantes-au-mali-burkina-et-guinee-alassane-ouattara-echange-avec-leonardo-santos-simao-confiant#article\",\"isPartOf\":{\"@id\":\"https:\/\/www.africa-press.net\/cotedivoire\/politique\/situations-preoccupantes-au-mali-burkina-et-guinee-alassane-ouattara-echange-avec-leonardo-santos-simao-confiant\"},\"author\":{\"name\":\"cfeditorfr\",\"@id\":\"https:\/\/www.africa-press.net\/cotedivoire\/#\/schema\/person\/2b1cf3cd81a31e3cd26889ca66d677f1\"},\"headline\":\"Situations pr\u00e9occupantes au Mali, Burkina et Guin\u00e9e, Alassane Ouattara \u00e9change avec L\u00e9onardo Santos Simao, confiant\",\"datePublished\":\"2023-06-20T17:03:28+00:00\",\"dateModified\":\"2023-06-20T17:45:09+00:00\",\"mainEntityOfPage\":{\"@id\":\"https:\/\/www.africa-press.net\/cotedivoire\/politique\/situations-preoccupantes-au-mali-burkina-et-guinee-alassane-ouattara-echange-avec-leonardo-santos-simao-confiant\"},\"wordCount\":481,\"commentCount\":0,\"image\":{\"@id\":\"https:\/\/www.africa-press.net\/cotedivoire\/politique\/situations-preoccupantes-au-mali-burkina-et-guinee-alassane-ouattara-echange-avec-leonardo-santos-simao-confiant#primaryimage\"},\"thumbnailUrl\":\"https:\/\/static.africa-press.net\/cote\/sites\/43\/2023\/06\/sm_1687270469.570685.jpg\",\"keywords\":[\"Africa Press\",\"Africa Press-C\u00f4te d'Ivoire\",\"Alassane Ouattara\",\"C\u00d4TE D'IVOIRE\",\"L\u00e9onardo Santos Simao\",\"ONU\",\"Saleh Annadif\"],\"articleSection\":[\"Photo\",\"Politique\",\"Top Nouvelles\",\"Toutes les actualit\u00e9s\"],\"inLanguage\":\"fr-FR\",\"potentialAction\":[{\"@type\":\"CommentAction\",\"name\":\"Comment\",\"target\":[\"https:\/\/www.africa-press.net\/cotedivoire\/politique\/situations-preoccupantes-au-mali-burkina-et-guinee-alassane-ouattara-echange-avec-leonardo-santos-simao-confiant#respond\"]}]},{\"@type\":\"WebPage\",\"@id\":\"https:\/\/www.africa-press.net\/cotedivoire\/politique\/situations-preoccupantes-au-mali-burkina-et-guinee-alassane-ouattara-echange-avec-leonardo-santos-simao-confiant\",\"url\":\"https:\/\/www.africa-press.net\/cotedivoire\/politique\/situations-preoccupantes-au-mali-burkina-et-guinee-alassane-ouattara-echange-avec-leonardo-santos-simao-confiant\",\"name\":\"Situations pr\u00e9occupantes au Mali, Burkina et Guin\u00e9e, Alassane Ouattara \u00e9change avec L\u00e9onardo Santos Simao, confiant - C\u00f4te d&#039;Ivoire\",\"isPartOf\":{\"@id\":\"https:\/\/www.africa-press.net\/cotedivoire\/#website\"},\"primaryImageOfPage\":{\"@id\":\"https:\/\/www.africa-press.net\/cotedivoire\/politique\/situations-preoccupantes-au-mali-burkina-et-guinee-alassane-ouattara-echange-avec-leonardo-santos-simao-confiant#primaryimage\"},\"image\":{\"@id\":\"https:\/\/www.africa-press.net\/cotedivoire\/politique\/situations-preoccupantes-au-mali-burkina-et-guinee-alassane-ouattara-echange-avec-leonardo-santos-simao-confiant#primaryimage\"},\"thumbnailUrl\":\"https:\/\/static.africa-press.net\/cote\/sites\/43\/2023\/06\/sm_1687270469.570685.jpg\",\"datePublished\":\"2023-06-20T17:03:28+00:00\",\"dateModified\":\"2023-06-20T17:45:09+00:00\",\"author\":{\"@id\":\"https:\/\/www.africa-press.net\/cotedivoire\/#\/schema\/person\/2b1cf3cd81a31e3cd26889ca66d677f1\"},\"description\":\"Alassane Ouattara et Le\u0301onardo Santos Simao ce mardi a\u0300 Abidjan Alassane Ouattara a e\u0301change\u0301 ce mardi au Palais pre\u0301si ...\",\"breadcrumb\":{\"@id\":\"https:\/\/www.africa-press.net\/cotedivoire\/politique\/situations-preoccupantes-au-mali-burkina-et-guinee-alassane-ouattara-echange-avec-leonardo-santos-simao-confiant#breadcrumb\"},\"inLanguage\":\"fr-FR\",\"potentialAction\":[{\"@type\":\"ReadAction\",\"target\":[\"https:\/\/www.africa-press.net\/cotedivoire\/politique\/situations-preoccupantes-au-mali-burkina-et-guinee-alassane-ouattara-echange-avec-leonardo-santos-simao-confiant\"]}]},{\"@type\":\"ImageObject\",\"inLanguage\":\"fr-FR\",\"@id\":\"https:\/\/www.africa-press.net\/cotedivoire\/politique\/situations-preoccupantes-au-mali-burkina-et-guinee-alassane-ouattara-echange-avec-leonardo-santos-simao-confiant#primaryimage\",\"url\":\"https:\/\/static.africa-press.net\/cote\/sites\/43\/2023\/06\/sm_1687270469.570685.jpg\",\"contentUrl\":\"https:\/\/static.africa-press.net\/cote\/sites\/43\/2023\/06\/sm_1687270469.570685.jpg\",\"width\":720,\"height\":478,\"caption\":\"Situations pr\u00e9occupantes au Mali, Burkina et Guin\u00e9e, Alassane Ouattara \u00e9change avec L\u00e9onardo Santos Simao, confiant\"},{\"@type\":\"BreadcrumbList\",\"@id\":\"https:\/\/www.africa-press.net\/cotedivoire\/politique\/situations-preoccupantes-au-mali-burkina-et-guinee-alassane-ouattara-echange-avec-leonardo-santos-simao-confiant#breadcrumb\",\"itemListElement\":[{\"@type\":\"ListItem\",\"position\":1,\"name\":\"Accueil\",\"item\":\"https:\/\/www.africa-press.net\/cotedivoire\/\"},{\"@type\":\"ListItem\",\"position\":2,\"name\":\"Situations pr\u00e9occupantes au Mali, Burkina et Guin\u00e9e, Alassane Ouattara \u00e9change avec L\u00e9onardo Santos Simao, confiant\"}]},{\"@type\":\"WebSite\",\"@id\":\"https:\/\/www.africa-press.net\/cotedivoire\/#website\",\"url\":\"https:\/\/www.africa-press.net\/cotedivoire\/\",\"name\":\"C\u00f4te d&#039;Ivoire\",\"description\":\"Just another Africa News Agency Sites site\",\"potentialAction\":[{\"@type\":\"SearchAction\",\"target\":{\"@type\":\"EntryPoint\",\"urlTemplate\":\"https:\/\/www.africa-press.net\/cotedivoire\/?s={search_term_string}\"},\"query-input\":{\"@type\":\"PropertyValueSpecification\",\"valueRequired\":true,\"valueName\":\"search_term_string\"}}],\"inLanguage\":\"fr-FR\"},{\"@type\":\"Person\",\"@id\":\"https:\/\/www.africa-press.net\/cotedivoire\/#\/schema\/person\/2b1cf3cd81a31e3cd26889ca66d677f1\",\"name\":\"cfeditorfr\"}]}<\/script>\n<!-- \/ Yoast SEO Premium plugin. -->","yoast_head_json":{"title":"Situations pr\u00e9occupantes au Mali, Burkina et Guin\u00e9e, Alassane Ouattara \u00e9change avec L\u00e9onardo Santos Simao, confiant - C\u00f4te d&#039;Ivoire","description":"Alassane Ouattara et Le\u0301onardo Santos Simao ce mardi a\u0300 Abidjan Alassane Ouattara a e\u0301change\u0301 ce mardi au Palais pre\u0301si ...","robots":{"index":"index","follow":"follow","max-snippet":"max-snippet:-1","max-image-preview":"max-image-preview:large","max-video-preview":"max-video-preview:-1"},"canonical":"https:\/\/www.africa-press.net\/cotedivoire\/politique\/situations-preoccupantes-au-mali-burkina-et-guinee-alassane-ouattara-echange-avec-leonardo-santos-simao-confiant","og_locale":"fr_FR","og_type":"article","og_title":"Situations pr\u00e9occupantes au Mali, Burkina et Guin\u00e9e, Alassane Ouattara \u00e9change avec L\u00e9onardo Santos Simao, confiant","og_description":"Alassane Ouattara et Le\u0301onardo Santos Simao ce mardi a\u0300 Abidjan Alassane Ouattara a e\u0301change\u0301 ce mardi au Palais pre\u0301si ...","og_url":"https:\/\/www.africa-press.net\/cotedivoire\/politique\/situations-preoccupantes-au-mali-burkina-et-guinee-alassane-ouattara-echange-avec-leonardo-santos-simao-confiant","og_site_name":"C\u00f4te d&#039;Ivoire","article_published_time":"2023-06-20T17:03:28+00:00","article_modified_time":"2023-06-20T17:45:09+00:00","og_image":[{"width":720,"height":478,"url":"https:\/\/static.africa-press.net\/cote\/sites\/43\/2023\/06\/sm_1687270469.570685.jpg","type":"image\/jpeg"}],"author":"cfeditorfr","twitter_card":"summary_large_image","twitter_misc":{"\u00c9crit par":"cfeditorfr","Dur\u00e9e de lecture estim\u00e9e":"2 minutes"},"schema":{"@context":"https:\/\/schema.org","@graph":[{"@type":"Article","@id":"https:\/\/www.africa-press.net\/cotedivoire\/politique\/situations-preoccupantes-au-mali-burkina-et-guinee-alassane-ouattara-echange-avec-leonardo-santos-simao-confiant#article","isPartOf":{"@id":"https:\/\/www.africa-press.net\/cotedivoire\/politique\/situations-preoccupantes-au-mali-burkina-et-guinee-alassane-ouattara-echange-avec-leonardo-santos-simao-confiant"},"author":{"name":"cfeditorfr","@id":"https:\/\/www.africa-press.net\/cotedivoire\/#\/schema\/person\/2b1cf3cd81a31e3cd26889ca66d677f1"},"headline":"Situations pr\u00e9occupantes au Mali, Burkina et Guin\u00e9e, Alassane Ouattara \u00e9change avec L\u00e9onardo Santos Simao, confiant","datePublished":"2023-06-20T17:03:28+00:00","dateModified":"2023-06-20T17:45:09+00:00","mainEntityOfPage":{"@id":"https:\/\/www.africa-press.net\/cotedivoire\/politique\/situations-preoccupantes-au-mali-burkina-et-guinee-alassane-ouattara-echange-avec-leonardo-santos-simao-confiant"},"wordCount":481,"commentCount":0,"image":{"@id":"https:\/\/www.africa-press.net\/cotedivoire\/politique\/situations-preoccupantes-au-mali-burkina-et-guinee-alassane-ouattara-echange-avec-leonardo-santos-simao-confiant#primaryimage"},"thumbnailUrl":"https:\/\/static.africa-press.net\/cote\/sites\/43\/2023\/06\/sm_1687270469.570685.jpg","keywords":["Africa Press","Africa Press-C\u00f4te d'Ivoire","Alassane Ouattara","C\u00d4TE D'IVOIRE","L\u00e9onardo Santos Simao","ONU","Saleh Annadif"],"articleSection":["Photo","Politique","Top Nouvelles","Toutes les actualit\u00e9s"],"inLanguage":"fr-FR","potentialAction":[{"@type":"CommentAction","name":"Comment","target":["https:\/\/www.africa-press.net\/cotedivoire\/politique\/situations-preoccupantes-au-mali-burkina-et-guinee-alassane-ouattara-echange-avec-leonardo-santos-simao-confiant#respond"]}]},{"@type":"WebPage","@id":"https:\/\/www.africa-press.net\/cotedivoire\/politique\/situations-preoccupantes-au-mali-burkina-et-guinee-alassane-ouattara-echange-avec-leonardo-santos-simao-confiant","url":"https:\/\/www.africa-press.net\/cotedivoire\/politique\/situations-preoccupantes-au-mali-burkina-et-guinee-alassane-ouattara-echange-avec-leonardo-santos-simao-confiant","name":"Situations pr\u00e9occupantes au Mali, Burkina et Guin\u00e9e, Alassane Ouattara \u00e9change avec L\u00e9onardo Santos Simao, confiant - C\u00f4te d&#039;Ivoire","isPartOf":{"@id":"https:\/\/www.africa-press.net\/cotedivoire\/#website"},"primaryImageOfPage":{"@id":"https:\/\/www.africa-press.net\/cotedivoire\/politique\/situations-preoccupantes-au-mali-burkina-et-guinee-alassane-ouattara-echange-avec-leonardo-santos-simao-confiant#primaryimage"},"image":{"@id":"https:\/\/www.africa-press.net\/cotedivoire\/politique\/situations-preoccupantes-au-mali-burkina-et-guinee-alassane-ouattara-echange-avec-leonardo-santos-simao-confiant#primaryimage"},"thumbnailUrl":"https:\/\/static.africa-press.net\/cote\/sites\/43\/2023\/06\/sm_1687270469.570685.jpg","datePublished":"2023-06-20T17:03:28+00:00","dateModified":"2023-06-20T17:45:09+00:00","author":{"@id":"https:\/\/www.africa-press.net\/cotedivoire\/#\/schema\/person\/2b1cf3cd81a31e3cd26889ca66d677f1"},"description":"Alassane Ouattara et Le\u0301onardo Santos Simao ce mardi a\u0300 Abidjan Alassane Ouattara a e\u0301change\u0301 ce mardi au Palais pre\u0301si ...","breadcrumb":{"@id":"https:\/\/www.africa-press.net\/cotedivoire\/politique\/situations-preoccupantes-au-mali-burkina-et-guinee-alassane-ouattara-echange-avec-leonardo-santos-simao-confiant#breadcrumb"},"inLanguage":"fr-FR","potentialAction":[{"@type":"ReadAction","target":["https:\/\/www.africa-press.net\/cotedivoire\/politique\/situations-preoccupantes-au-mali-burkina-et-guinee-alassane-ouattara-echange-avec-leonardo-santos-simao-confiant"]}]},{"@type":"ImageObject","inLanguage":"fr-FR","@id":"https:\/\/www.africa-press.net\/cotedivoire\/politique\/situations-preoccupantes-au-mali-burkina-et-guinee-alassane-ouattara-echange-avec-leonardo-santos-simao-confiant#primaryimage","url":"https:\/\/static.africa-press.net\/cote\/sites\/43\/2023\/06\/sm_1687270469.570685.jpg","contentUrl":"https:\/\/static.africa-press.net\/cote\/sites\/43\/2023\/06\/sm_1687270469.570685.jpg","width":720,"height":478,"caption":"Situations pr\u00e9occupantes au Mali, Burkina et Guin\u00e9e, Alassane Ouattara \u00e9change avec L\u00e9onardo Santos Simao, confiant"},{"@type":"BreadcrumbList","@id":"https:\/\/www.africa-press.net\/cotedivoire\/politique\/situations-preoccupantes-au-mali-burkina-et-guinee-alassane-ouattara-echange-avec-leonardo-santos-simao-confiant#breadcrumb","itemListElement":[{"@type":"ListItem","position":1,"name":"Accueil","item":"https:\/\/www.africa-press.net\/cotedivoire\/"},{"@type":"ListItem","position":2,"name":"Situations pr\u00e9occupantes au Mali, Burkina et Guin\u00e9e, Alassane Ouattara \u00e9change avec L\u00e9onardo Santos Simao, confiant"}]},{"@type":"WebSite","@id":"https:\/\/www.africa-press.net\/cotedivoire\/#website","url":"https:\/\/www.africa-press.net\/cotedivoire\/","name":"C\u00f4te d&#039;Ivoire","description":"Just another Africa News Agency Sites site","potentialAction":[{"@type":"SearchAction","target":{"@type":"EntryPoint","urlTemplate":"https:\/\/www.africa-press.net\/cotedivoire\/?s={search_term_string}"},"query-input":{"@type":"PropertyValueSpecification","valueRequired":true,"valueName":"search_term_string"}}],"inLanguage":"fr-FR"},{"@type":"Person","@id":"https:\/\/www.africa-press.net\/cotedivoire\/#\/schema\/person\/2b1cf3cd81a31e3cd26889ca66d677f1","name":"cfeditorfr"}]}},"_links":{"self":[{"href":"https:\/\/www.africa-press.net\/cotedivoire\/wp-json\/wp\/v2\/posts\/60330","targetHints":{"allow":["GET"]}}],"collection":[{"href":"https:\/\/www.africa-press.net\/cotedivoire\/wp-json\/wp\/v2\/posts"}],"about":[{"href":"https:\/\/www.africa-press.net\/cotedivoire\/wp-json\/wp\/v2\/types\/post"}],"author":[{"embeddable":true,"href":"https:\/\/www.africa-press.net\/cotedivoire\/wp-json\/wp\/v2\/users\/82"}],"replies":[{"embeddable":true,"href":"https:\/\/www.africa-press.net\/cotedivoire\/wp-json\/wp\/v2\/comments?post=60330"}],"version-history":[{"count":0,"href":"https:\/\/www.africa-press.net\/cotedivoire\/wp-json\/wp\/v2\/posts\/60330\/revisions"}],"wp:featuredmedia":[{"embeddable":true,"href":"https:\/\/www.africa-press.net\/cotedivoire\/wp-json\/wp\/v2\/media\/60329"}],"wp:attachment":[{"href":"https:\/\/www.africa-press.net\/cotedivoire\/wp-json\/wp\/v2\/media?parent=60330"}],"wp:term":[{"taxonomy":"category","embeddable":true,"href":"https:\/\/www.africa-press.net\/cotedivoire\/wp-json\/wp\/v2\/categories?post=60330"},{"taxonomy":"post_tag","embeddable":true,"href":"https:\/\/www.africa-press.net\/cotedivoire\/wp-json\/wp\/v2\/tags?post=60330"}],"curies":[{"name":"wp","href":"https:\/\/api.w.org\/{rel}","templated":true}]}}