{"id":60360,"date":"2023-06-21T15:55:44","date_gmt":"2023-06-21T15:55:44","guid":{"rendered":"https:\/\/www.africa-press.net\/cotedivoire\/politique\/lelephant-jean-philippe-krasso-quitte-saint-etienne-et-sengage-pour-4-ans-avec-letoile-rouge-de-belgrade"},"modified":"2023-06-21T16:13:52","modified_gmt":"2023-06-21T16:13:52","slug":"lelephant-jean-philippe-krasso-quitte-saint-etienne-et-sengage-pour-4-ans-avec-letoile-rouge-de-belgrade","status":"publish","type":"post","link":"https:\/\/www.africa-press.net\/cotedivoire\/sports\/lelephant-jean-philippe-krasso-quitte-saint-etienne-et-sengage-pour-4-ans-avec-letoile-rouge-de-belgrade","title":{"rendered":"L&rsquo;\u00e9l\u00e9phant Jean-Philippe Krasso quitte Saint-Etienne et s&rsquo;engage pour 4 ans avec l&rsquo;Etoile Rouge de Belgrade"},"content":{"rendered":"<p><span style=\"color: #ff6600\"><strong>Africa-Press &#8211; C\u00f4te d&rsquo;Ivoire. <\/strong><\/span>Comme pressenti, l\u2019e\u0301le\u0301phant Jean-Philippe Krasso (25 ans) s\u2019est engage\u0301 ce mardi 20 juin 2023 avec le club Serbe de l\u2019Etoile Rouge de Belgrade.<\/p>\n<p>L\u2019attaquant ivoirien quitte Saint-Etienne au terme de son contrat pour rejoindre le club Serbe qui jouera la Ligue des Champions la saison prochaine.<\/p>\n<p>L\u2019ancien Ste\u0301phanois a re\u0301alise\u0301 une saison exceptionnelle avec 17 buts et 12 passes de\u0301cisives en Ligue 2 la saison dernie\u0300re.<\/p>\n<p>A six (06) mois de la CAN qui se jouera en Co\u0302te d\u2019Ivoire, Jean-Philippe Krasso entame un nouveau challenge qui devrait lui permettre d\u2019avoir une place dans les 26 \u00ab commandos \u00bb des e\u0301le\u0301phants pour la compe\u0301tition qui de\u0301bute le 13 janvier 2023.<\/p>\n<p>Notons que, l\u2019ivoirien s\u2019est engage\u0301 pour quatre saisons avec le club Serbe et le montant du transfert n\u2019a pas e\u0301te\u0301 re\u0301ve\u0301le\u0301 par les deux parties.<\/p>\n<p><strong>Pour plus d&rsquo;informations et d&rsquo;analyses sur la <a href=\"https:\/\/www.africa-press.net\/cotedivoire\">C\u00f4te d&rsquo;Ivoire<\/a>, suivez <a href=\"https:\/\/www.africa-press.net\/\">Africa-Press<\/a><\/strong><\/p>\n","protected":false},"excerpt":{"rendered":"<p>Africa-Press &#8211; C\u00f4te d&rsquo;Ivoire. Comme pressenti, l\u2019e\u0301le\u0301phant Jean-Philippe Krasso (25 ans) s\u2019est engage\u0301 ce mardi 20 juin 2023 avec le club Serbe de l\u2019Etoile Rouge de Belgrade. L\u2019attaquant ivoirien quitte Saint-Etienne au terme de son contrat pour rejoindre le club Serbe qui jouera la Ligue des Champions la saison prochaine. L\u2019ancien Ste\u0301phanois a re\u0301alise\u0301 une [&hellip;]<\/p>\n","protected":false},"author":82,"featured_media":60358,"comment_status":"open","ping_status":"closed","sticky":false,"template":"","format":"standard","meta":{"footnotes":""},"categories":[6,10],"tags":[56,63,10435,3011,29,10436,10437,10434],"class_list":["post-60360","post","type-post","status-publish","format-standard","has-post-thumbnail","hentry","category-sports","category-toutes-les-actualites","tag-africa-press","tag-africa-press-cote-divoire","tag-belgrade","tag-contrat","tag-cote-divoire","tag-etoile-rouge","tag-jean-philippe-krasso","tag-saint-etienne"],"yoast_head":"<!-- This site is optimized with the Yoast SEO Premium plugin v26.1 (Yoast SEO v27.0) - https:\/\/yoast.com\/product\/yoast-seo-premium-wordpress\/ -->\n<title>L&#039;\u00e9l\u00e9phant Jean-Philippe Krasso quitte Saint-Etienne et s&#039;engage pour 4 ans avec l&#039;Etoile Rouge de Belgrade - C\u00f4te d&#039;Ivoire<\/title>\n<meta name=\"description\" content=\"Comme pressenti, l\u2019e\u0301le\u0301phant Jean-Philippe Krasso (25 ans) s\u2019est engage\u0301 ce mardi 20 juin 2023 avec le club Serbe de l\u2019 ...\" \/>\n<meta name=\"robots\" content=\"index, follow, max-snippet:-1, max-image-preview:large, max-video-preview:-1\" \/>\n<link rel=\"canonical\" href=\"https:\/\/www.africa-press.net\/cotedivoire\/sports\/lelephant-jean-philippe-krasso-quitte-saint-etienne-et-sengage-pour-4-ans-avec-letoile-rouge-de-belgrade\" \/>\n<meta property=\"og:locale\" content=\"fr_FR\" \/>\n<meta property=\"og:type\" content=\"article\" \/>\n<meta property=\"og:title\" content=\"L&#039;\u00e9l\u00e9phant Jean-Philippe Krasso quitte Saint-Etienne et s&#039;engage pour 4 ans avec l&#039;Etoile Rouge de Belgrade\" \/>\n<meta property=\"og:description\" content=\"Comme pressenti, l\u2019e\u0301le\u0301phant Jean-Philippe Krasso (25 ans) s\u2019est engage\u0301 ce mardi 20 juin 2023 avec le club Serbe de l\u2019 ...\" \/>\n<meta property=\"og:url\" content=\"https:\/\/www.africa-press.net\/cotedivoire\/sports\/lelephant-jean-philippe-krasso-quitte-saint-etienne-et-sengage-pour-4-ans-avec-letoile-rouge-de-belgrade\" \/>\n<meta property=\"og:site_name\" content=\"C\u00f4te d&#039;Ivoire\" \/>\n<meta property=\"article:published_time\" content=\"2023-06-21T15:55:44+00:00\" \/>\n<meta property=\"article:modified_time\" content=\"2023-06-21T16:13:52+00:00\" \/>\n<meta property=\"og:image\" content=\"https:\/\/static.africa-press.net\/cote\/sites\/43\/2023\/06\/sm_1687351404.298957.jpg\" \/>\n\t<meta property=\"og:image:width\" content=\"720\" \/>\n\t<meta property=\"og:image:height\" content=\"454\" \/>\n\t<meta property=\"og:image:type\" content=\"image\/jpeg\" \/>\n<meta name=\"author\" content=\"cfeditorfr\" \/>\n<meta name=\"twitter:card\" content=\"summary_large_image\" \/>\n<meta name=\"twitter:label1\" content=\"\u00c9crit par\" \/>\n\t<meta name=\"twitter:data1\" content=\"cfeditorfr\" \/>\n\t<meta name=\"twitter:label2\" content=\"Dur\u00e9e de lecture estim\u00e9e\" \/>\n\t<meta name=\"twitter:data2\" content=\"1 minute\" \/>\n<script type=\"application\/ld+json\" class=\"yoast-schema-graph\">{\"@context\":\"https:\/\/schema.org\",\"@graph\":[{\"@type\":\"Article\",\"@id\":\"https:\/\/www.africa-press.net\/cotedivoire\/sports\/lelephant-jean-philippe-krasso-quitte-saint-etienne-et-sengage-pour-4-ans-avec-letoile-rouge-de-belgrade#article\",\"isPartOf\":{\"@id\":\"https:\/\/www.africa-press.net\/cotedivoire\/sports\/lelephant-jean-philippe-krasso-quitte-saint-etienne-et-sengage-pour-4-ans-avec-letoile-rouge-de-belgrade\"},\"author\":{\"name\":\"cfeditorfr\",\"@id\":\"https:\/\/www.africa-press.net\/cotedivoire\/#\/schema\/person\/2b1cf3cd81a31e3cd26889ca66d677f1\"},\"headline\":\"L&rsquo;\u00e9l\u00e9phant Jean-Philippe Krasso quitte Saint-Etienne et s&rsquo;engage pour 4 ans avec l&rsquo;Etoile Rouge de Belgrade\",\"datePublished\":\"2023-06-21T15:55:44+00:00\",\"dateModified\":\"2023-06-21T16:13:52+00:00\",\"mainEntityOfPage\":{\"@id\":\"https:\/\/www.africa-press.net\/cotedivoire\/sports\/lelephant-jean-philippe-krasso-quitte-saint-etienne-et-sengage-pour-4-ans-avec-letoile-rouge-de-belgrade\"},\"wordCount\":185,\"commentCount\":0,\"image\":{\"@id\":\"https:\/\/www.africa-press.net\/cotedivoire\/sports\/lelephant-jean-philippe-krasso-quitte-saint-etienne-et-sengage-pour-4-ans-avec-letoile-rouge-de-belgrade#primaryimage\"},\"thumbnailUrl\":\"https:\/\/static.africa-press.net\/cote\/sites\/43\/2023\/06\/sm_1687351404.298957.jpg\",\"keywords\":[\"Africa Press\",\"Africa Press-C\u00f4te d'Ivoire\",\"Belgrade\",\"contrat\",\"C\u00d4TE D'IVOIRE\",\"Etoile Rouge\",\"Jean-Philippe Krasso\",\"Saint-Etienne\"],\"articleSection\":[\"Sports\",\"Toutes les actualit\u00e9s\"],\"inLanguage\":\"fr-FR\",\"potentialAction\":[{\"@type\":\"CommentAction\",\"name\":\"Comment\",\"target\":[\"https:\/\/www.africa-press.net\/cotedivoire\/sports\/lelephant-jean-philippe-krasso-quitte-saint-etienne-et-sengage-pour-4-ans-avec-letoile-rouge-de-belgrade#respond\"]}]},{\"@type\":\"WebPage\",\"@id\":\"https:\/\/www.africa-press.net\/cotedivoire\/sports\/lelephant-jean-philippe-krasso-quitte-saint-etienne-et-sengage-pour-4-ans-avec-letoile-rouge-de-belgrade\",\"url\":\"https:\/\/www.africa-press.net\/cotedivoire\/sports\/lelephant-jean-philippe-krasso-quitte-saint-etienne-et-sengage-pour-4-ans-avec-letoile-rouge-de-belgrade\",\"name\":\"L'\u00e9l\u00e9phant Jean-Philippe Krasso quitte Saint-Etienne et s'engage pour 4 ans avec l'Etoile Rouge de Belgrade - C\u00f4te d&#039;Ivoire\",\"isPartOf\":{\"@id\":\"https:\/\/www.africa-press.net\/cotedivoire\/#website\"},\"primaryImageOfPage\":{\"@id\":\"https:\/\/www.africa-press.net\/cotedivoire\/sports\/lelephant-jean-philippe-krasso-quitte-saint-etienne-et-sengage-pour-4-ans-avec-letoile-rouge-de-belgrade#primaryimage\"},\"image\":{\"@id\":\"https:\/\/www.africa-press.net\/cotedivoire\/sports\/lelephant-jean-philippe-krasso-quitte-saint-etienne-et-sengage-pour-4-ans-avec-letoile-rouge-de-belgrade#primaryimage\"},\"thumbnailUrl\":\"https:\/\/static.africa-press.net\/cote\/sites\/43\/2023\/06\/sm_1687351404.298957.jpg\",\"datePublished\":\"2023-06-21T15:55:44+00:00\",\"dateModified\":\"2023-06-21T16:13:52+00:00\",\"author\":{\"@id\":\"https:\/\/www.africa-press.net\/cotedivoire\/#\/schema\/person\/2b1cf3cd81a31e3cd26889ca66d677f1\"},\"description\":\"Comme pressenti, l\u2019e\u0301le\u0301phant Jean-Philippe Krasso (25 ans) s\u2019est engage\u0301 ce mardi 20 juin 2023 avec le club Serbe de l\u2019 ...\",\"breadcrumb\":{\"@id\":\"https:\/\/www.africa-press.net\/cotedivoire\/sports\/lelephant-jean-philippe-krasso-quitte-saint-etienne-et-sengage-pour-4-ans-avec-letoile-rouge-de-belgrade#breadcrumb\"},\"inLanguage\":\"fr-FR\",\"potentialAction\":[{\"@type\":\"ReadAction\",\"target\":[\"https:\/\/www.africa-press.net\/cotedivoire\/sports\/lelephant-jean-philippe-krasso-quitte-saint-etienne-et-sengage-pour-4-ans-avec-letoile-rouge-de-belgrade\"]}]},{\"@type\":\"ImageObject\",\"inLanguage\":\"fr-FR\",\"@id\":\"https:\/\/www.africa-press.net\/cotedivoire\/sports\/lelephant-jean-philippe-krasso-quitte-saint-etienne-et-sengage-pour-4-ans-avec-letoile-rouge-de-belgrade#primaryimage\",\"url\":\"https:\/\/static.africa-press.net\/cote\/sites\/43\/2023\/06\/sm_1687351404.298957.jpg\",\"contentUrl\":\"https:\/\/static.africa-press.net\/cote\/sites\/43\/2023\/06\/sm_1687351404.298957.jpg\",\"width\":720,\"height\":454,\"caption\":\"L'\u00e9l\u00e9phant Jean-Philippe Krasso quitte Saint-Etienne et s'engage pour 4 ans avec l'Etoile Rouge de Belgrade\"},{\"@type\":\"BreadcrumbList\",\"@id\":\"https:\/\/www.africa-press.net\/cotedivoire\/sports\/lelephant-jean-philippe-krasso-quitte-saint-etienne-et-sengage-pour-4-ans-avec-letoile-rouge-de-belgrade#breadcrumb\",\"itemListElement\":[{\"@type\":\"ListItem\",\"position\":1,\"name\":\"Accueil\",\"item\":\"https:\/\/www.africa-press.net\/cotedivoire\/\"},{\"@type\":\"ListItem\",\"position\":2,\"name\":\"L&#8217;\u00e9l\u00e9phant Jean-Philippe Krasso quitte Saint-Etienne et s&#8217;engage pour 4 ans avec l&#8217;Etoile Rouge de Belgrade\"}]},{\"@type\":\"WebSite\",\"@id\":\"https:\/\/www.africa-press.net\/cotedivoire\/#website\",\"url\":\"https:\/\/www.africa-press.net\/cotedivoire\/\",\"name\":\"C\u00f4te d&#039;Ivoire\",\"description\":\"Just another Africa News Agency Sites site\",\"potentialAction\":[{\"@type\":\"SearchAction\",\"target\":{\"@type\":\"EntryPoint\",\"urlTemplate\":\"https:\/\/www.africa-press.net\/cotedivoire\/?s={search_term_string}\"},\"query-input\":{\"@type\":\"PropertyValueSpecification\",\"valueRequired\":true,\"valueName\":\"search_term_string\"}}],\"inLanguage\":\"fr-FR\"},{\"@type\":\"Person\",\"@id\":\"https:\/\/www.africa-press.net\/cotedivoire\/#\/schema\/person\/2b1cf3cd81a31e3cd26889ca66d677f1\",\"name\":\"cfeditorfr\"}]}<\/script>\n<!-- \/ Yoast SEO Premium plugin. -->","yoast_head_json":{"title":"L'\u00e9l\u00e9phant Jean-Philippe Krasso quitte Saint-Etienne et s'engage pour 4 ans avec l'Etoile Rouge de Belgrade - C\u00f4te d&#039;Ivoire","description":"Comme pressenti, l\u2019e\u0301le\u0301phant Jean-Philippe Krasso (25 ans) s\u2019est engage\u0301 ce mardi 20 juin 2023 avec le club Serbe de l\u2019 ...","robots":{"index":"index","follow":"follow","max-snippet":"max-snippet:-1","max-image-preview":"max-image-preview:large","max-video-preview":"max-video-preview:-1"},"canonical":"https:\/\/www.africa-press.net\/cotedivoire\/sports\/lelephant-jean-philippe-krasso-quitte-saint-etienne-et-sengage-pour-4-ans-avec-letoile-rouge-de-belgrade","og_locale":"fr_FR","og_type":"article","og_title":"L'\u00e9l\u00e9phant Jean-Philippe Krasso quitte Saint-Etienne et s'engage pour 4 ans avec l'Etoile Rouge de Belgrade","og_description":"Comme pressenti, l\u2019e\u0301le\u0301phant Jean-Philippe Krasso (25 ans) s\u2019est engage\u0301 ce mardi 20 juin 2023 avec le club Serbe de l\u2019 ...","og_url":"https:\/\/www.africa-press.net\/cotedivoire\/sports\/lelephant-jean-philippe-krasso-quitte-saint-etienne-et-sengage-pour-4-ans-avec-letoile-rouge-de-belgrade","og_site_name":"C\u00f4te d&#039;Ivoire","article_published_time":"2023-06-21T15:55:44+00:00","article_modified_time":"2023-06-21T16:13:52+00:00","og_image":[{"width":720,"height":454,"url":"https:\/\/static.africa-press.net\/cote\/sites\/43\/2023\/06\/sm_1687351404.298957.jpg","type":"image\/jpeg"}],"author":"cfeditorfr","twitter_card":"summary_large_image","twitter_misc":{"\u00c9crit par":"cfeditorfr","Dur\u00e9e de lecture estim\u00e9e":"1 minute"},"schema":{"@context":"https:\/\/schema.org","@graph":[{"@type":"Article","@id":"https:\/\/www.africa-press.net\/cotedivoire\/sports\/lelephant-jean-philippe-krasso-quitte-saint-etienne-et-sengage-pour-4-ans-avec-letoile-rouge-de-belgrade#article","isPartOf":{"@id":"https:\/\/www.africa-press.net\/cotedivoire\/sports\/lelephant-jean-philippe-krasso-quitte-saint-etienne-et-sengage-pour-4-ans-avec-letoile-rouge-de-belgrade"},"author":{"name":"cfeditorfr","@id":"https:\/\/www.africa-press.net\/cotedivoire\/#\/schema\/person\/2b1cf3cd81a31e3cd26889ca66d677f1"},"headline":"L&rsquo;\u00e9l\u00e9phant Jean-Philippe Krasso quitte Saint-Etienne et s&rsquo;engage pour 4 ans avec l&rsquo;Etoile Rouge de Belgrade","datePublished":"2023-06-21T15:55:44+00:00","dateModified":"2023-06-21T16:13:52+00:00","mainEntityOfPage":{"@id":"https:\/\/www.africa-press.net\/cotedivoire\/sports\/lelephant-jean-philippe-krasso-quitte-saint-etienne-et-sengage-pour-4-ans-avec-letoile-rouge-de-belgrade"},"wordCount":185,"commentCount":0,"image":{"@id":"https:\/\/www.africa-press.net\/cotedivoire\/sports\/lelephant-jean-philippe-krasso-quitte-saint-etienne-et-sengage-pour-4-ans-avec-letoile-rouge-de-belgrade#primaryimage"},"thumbnailUrl":"https:\/\/static.africa-press.net\/cote\/sites\/43\/2023\/06\/sm_1687351404.298957.jpg","keywords":["Africa Press","Africa Press-C\u00f4te d'Ivoire","Belgrade","contrat","C\u00d4TE D'IVOIRE","Etoile Rouge","Jean-Philippe Krasso","Saint-Etienne"],"articleSection":["Sports","Toutes les actualit\u00e9s"],"inLanguage":"fr-FR","potentialAction":[{"@type":"CommentAction","name":"Comment","target":["https:\/\/www.africa-press.net\/cotedivoire\/sports\/lelephant-jean-philippe-krasso-quitte-saint-etienne-et-sengage-pour-4-ans-avec-letoile-rouge-de-belgrade#respond"]}]},{"@type":"WebPage","@id":"https:\/\/www.africa-press.net\/cotedivoire\/sports\/lelephant-jean-philippe-krasso-quitte-saint-etienne-et-sengage-pour-4-ans-avec-letoile-rouge-de-belgrade","url":"https:\/\/www.africa-press.net\/cotedivoire\/sports\/lelephant-jean-philippe-krasso-quitte-saint-etienne-et-sengage-pour-4-ans-avec-letoile-rouge-de-belgrade","name":"L'\u00e9l\u00e9phant Jean-Philippe Krasso quitte Saint-Etienne et s'engage pour 4 ans avec l'Etoile Rouge de Belgrade - C\u00f4te d&#039;Ivoire","isPartOf":{"@id":"https:\/\/www.africa-press.net\/cotedivoire\/#website"},"primaryImageOfPage":{"@id":"https:\/\/www.africa-press.net\/cotedivoire\/sports\/lelephant-jean-philippe-krasso-quitte-saint-etienne-et-sengage-pour-4-ans-avec-letoile-rouge-de-belgrade#primaryimage"},"image":{"@id":"https:\/\/www.africa-press.net\/cotedivoire\/sports\/lelephant-jean-philippe-krasso-quitte-saint-etienne-et-sengage-pour-4-ans-avec-letoile-rouge-de-belgrade#primaryimage"},"thumbnailUrl":"https:\/\/static.africa-press.net\/cote\/sites\/43\/2023\/06\/sm_1687351404.298957.jpg","datePublished":"2023-06-21T15:55:44+00:00","dateModified":"2023-06-21T16:13:52+00:00","author":{"@id":"https:\/\/www.africa-press.net\/cotedivoire\/#\/schema\/person\/2b1cf3cd81a31e3cd26889ca66d677f1"},"description":"Comme pressenti, l\u2019e\u0301le\u0301phant Jean-Philippe Krasso (25 ans) s\u2019est engage\u0301 ce mardi 20 juin 2023 avec le club Serbe de l\u2019 ...","breadcrumb":{"@id":"https:\/\/www.africa-press.net\/cotedivoire\/sports\/lelephant-jean-philippe-krasso-quitte-saint-etienne-et-sengage-pour-4-ans-avec-letoile-rouge-de-belgrade#breadcrumb"},"inLanguage":"fr-FR","potentialAction":[{"@type":"ReadAction","target":["https:\/\/www.africa-press.net\/cotedivoire\/sports\/lelephant-jean-philippe-krasso-quitte-saint-etienne-et-sengage-pour-4-ans-avec-letoile-rouge-de-belgrade"]}]},{"@type":"ImageObject","inLanguage":"fr-FR","@id":"https:\/\/www.africa-press.net\/cotedivoire\/sports\/lelephant-jean-philippe-krasso-quitte-saint-etienne-et-sengage-pour-4-ans-avec-letoile-rouge-de-belgrade#primaryimage","url":"https:\/\/static.africa-press.net\/cote\/sites\/43\/2023\/06\/sm_1687351404.298957.jpg","contentUrl":"https:\/\/static.africa-press.net\/cote\/sites\/43\/2023\/06\/sm_1687351404.298957.jpg","width":720,"height":454,"caption":"L'\u00e9l\u00e9phant Jean-Philippe Krasso quitte Saint-Etienne et s'engage pour 4 ans avec l'Etoile Rouge de Belgrade"},{"@type":"BreadcrumbList","@id":"https:\/\/www.africa-press.net\/cotedivoire\/sports\/lelephant-jean-philippe-krasso-quitte-saint-etienne-et-sengage-pour-4-ans-avec-letoile-rouge-de-belgrade#breadcrumb","itemListElement":[{"@type":"ListItem","position":1,"name":"Accueil","item":"https:\/\/www.africa-press.net\/cotedivoire\/"},{"@type":"ListItem","position":2,"name":"L&#8217;\u00e9l\u00e9phant Jean-Philippe Krasso quitte Saint-Etienne et s&#8217;engage pour 4 ans avec l&#8217;Etoile Rouge de Belgrade"}]},{"@type":"WebSite","@id":"https:\/\/www.africa-press.net\/cotedivoire\/#website","url":"https:\/\/www.africa-press.net\/cotedivoire\/","name":"C\u00f4te d&#039;Ivoire","description":"Just another Africa News Agency Sites site","potentialAction":[{"@type":"SearchAction","target":{"@type":"EntryPoint","urlTemplate":"https:\/\/www.africa-press.net\/cotedivoire\/?s={search_term_string}"},"query-input":{"@type":"PropertyValueSpecification","valueRequired":true,"valueName":"search_term_string"}}],"inLanguage":"fr-FR"},{"@type":"Person","@id":"https:\/\/www.africa-press.net\/cotedivoire\/#\/schema\/person\/2b1cf3cd81a31e3cd26889ca66d677f1","name":"cfeditorfr"}]}},"_links":{"self":[{"href":"https:\/\/www.africa-press.net\/cotedivoire\/wp-json\/wp\/v2\/posts\/60360","targetHints":{"allow":["GET"]}}],"collection":[{"href":"https:\/\/www.africa-press.net\/cotedivoire\/wp-json\/wp\/v2\/posts"}],"about":[{"href":"https:\/\/www.africa-press.net\/cotedivoire\/wp-json\/wp\/v2\/types\/post"}],"author":[{"embeddable":true,"href":"https:\/\/www.africa-press.net\/cotedivoire\/wp-json\/wp\/v2\/users\/82"}],"replies":[{"embeddable":true,"href":"https:\/\/www.africa-press.net\/cotedivoire\/wp-json\/wp\/v2\/comments?post=60360"}],"version-history":[{"count":0,"href":"https:\/\/www.africa-press.net\/cotedivoire\/wp-json\/wp\/v2\/posts\/60360\/revisions"}],"wp:featuredmedia":[{"embeddable":true,"href":"https:\/\/www.africa-press.net\/cotedivoire\/wp-json\/wp\/v2\/media\/60358"}],"wp:attachment":[{"href":"https:\/\/www.africa-press.net\/cotedivoire\/wp-json\/wp\/v2\/media?parent=60360"}],"wp:term":[{"taxonomy":"category","embeddable":true,"href":"https:\/\/www.africa-press.net\/cotedivoire\/wp-json\/wp\/v2\/categories?post=60360"},{"taxonomy":"post_tag","embeddable":true,"href":"https:\/\/www.africa-press.net\/cotedivoire\/wp-json\/wp\/v2\/tags?post=60360"}],"curies":[{"name":"wp","href":"https:\/\/api.w.org\/{rel}","templated":true}]}}