{"id":60690,"date":"2023-06-26T17:11:44","date_gmt":"2023-06-26T17:11:44","guid":{"rendered":"https:\/\/www.africa-press.net\/cotedivoire\/politique\/regionales-dans-la-bagoue-bruno-kone-recoit-le-soutien-du-fpi-daffi-nguessan"},"modified":"2023-06-26T17:43:22","modified_gmt":"2023-06-26T17:43:22","slug":"regionales-dans-la-bagoue-bruno-kone-recoit-le-soutien-du-fpi-daffi-nguessan","status":"publish","type":"post","link":"https:\/\/www.africa-press.net\/cotedivoire\/politique\/regionales-dans-la-bagoue-bruno-kone-recoit-le-soutien-du-fpi-daffi-nguessan","title":{"rendered":"R\u00e9gionales dans la Bagou\u00e9, Bruno Kon\u00e9 re\u00e7oit le soutien du FPI d&rsquo;Affi N&rsquo;guessan"},"content":{"rendered":"<p><span style=\"color: #ff6600\"><strong>Africa-Press &#8211; C\u00f4te d&rsquo;Ivoire. <\/strong><\/span>Le candidat du Rhdp, Parti pre\u0301sidentiel a\u0300 la pre\u0301sidence du Conseil re\u0301gional dans la re\u0301gion de la Bagoue\u0301, Bruno Kone\u0301 a rec\u0327u un soutien important.<\/p>\n<p>En effet, a\u0300 l\u2019ore\u0301e des e\u0301lections municipales et re\u0301gionales 2023, les partis politiques affutent leurs armes et strate\u0301gies en vue de tirer le maximum de ces joutes e\u0301lectorales qui s\u2019annoncent. Dans la re\u0301gion de la Bagoue\u0301, le Rassemblement des Houphoue\u0301tistes pour la de\u0301mocratie et la Paix (Rhdp) et le Front Populaire Ivoirien (Fpi) ont de\u0301cide\u0301 de se donner la main pour renforcer leur collaboration dans le cadre du \u00ab partenariat politique \u00bb dans lequel sont engage\u0301s les deux partis depuis le 2 mai 2023.<\/p>\n<p>Pour donner un sens pratique a\u0300 cet accord, une rencontre a eu lieu le dimanche 25 juin 2023 a\u0300 la mairie de Kouto entre le ministre Bruno Nabagne\u0301 Kone\u0301, candidat du Rhdp aux e\u0301lections re\u0301gionales et une forte de\u0301le\u0301gation du FPI conduite par son 1er vice-pre\u0301sident en charge de la Bagoue\u0301, monsieur Traore\u0301 Beh et le Vice-pre\u0301sident en charge des communes d\u2019Abobo et d\u2019Anyama, repre\u0301sentant le pre\u0301sident du Fpi, monsieur Diabate\u0301 Beh.<\/p>\n<p>\u00ab Cette alliance entre le Rhdp et le Fpi est un message fort envoye\u0301 a\u0300 l\u2019endroit de tous les autres cadres de la Bagoue\u0301, pas seulement a\u0300 ceux des autres partis, mais e\u0301galement aux cadres issus de mon propre parti, nous souhaitons cette cohe\u0301sion a\u0300 tous les niveaux et que nous puissions travailler main dans la main pour le de\u0301veloppement de notre re\u0301gion \u00bb, a commente\u0301 Bruno Kone\u0301, qui a par ailleurs salue\u0301 l\u2019esprit de fraternite\u0301 qui a toujours caracte\u0301rise\u0301 les rapports entre ses \u00ab fre\u0300res du Fpi \u00bb et lui.<\/p>\n<p>Revenant sur les raisons qui ont conduit son parti, le FPI a\u0300 s\u2019allier au Rhdp, Diabate\u0301 Beh a indique\u0301 que le Fpi avait tire\u0301 des lec\u0327ons des dernie\u0300res crises que le pays avait traverse\u0301es et que le temps de mettre fin a\u0300 la bellige\u0301rance e\u0301tait arrive\u0301.<\/p>\n<p>\u00ab Ce partenariat qui a e\u0301te\u0301 signe\u0301 au sommet est un gage que nous prenons et un exemple que nous voulons donner a\u0300 nos militants et sympathisants. Nous voulons enterrer la hache de guerre pour que les Ivoiriens ne souffrent plus \u00bb, a-t-il de\u0301clare\u0301.<\/p>\n<p>Il a dans la foule\u0301e enjoint les responsables des structures locales du Fpi dans la Bagoue\u0301 a\u0300 se mettre en ordre de bataille pour soutenir le ministre Bruno Nabagne\u0301 Kone\u0301 et tous les candidats du Rhdp aux prochaines e\u0301lections, et ce, conforme\u0301ment aux termes des accords qui lient de\u0301sormais leurs diffe\u0301rentes formations politiques.<\/p>\n<p>Jean Chre\u0301sus, Abidjan<\/p>\n<p><strong>Pour plus d&rsquo;informations et d&rsquo;analyses sur la <a href=\"https:\/\/www.africa-press.net\/cotedivoire\">C\u00f4te d&rsquo;Ivoire<\/a>, suivez <a href=\"https:\/\/www.africa-press.net\/\">Africa-Press<\/a><\/strong><\/p>\n","protected":false},"excerpt":{"rendered":"<p>Africa-Press &#8211; C\u00f4te d&rsquo;Ivoire. Le candidat du Rhdp, Parti pre\u0301sidentiel a\u0300 la pre\u0301sidence du Conseil re\u0301gional dans la re\u0301gion de la Bagoue\u0301, Bruno Kone\u0301 a rec\u0327u un soutien important. En effet, a\u0300 l\u2019ore\u0301e des e\u0301lections municipales et re\u0301gionales 2023, les partis politiques affutent leurs armes et strate\u0301gies en vue de tirer le maximum de ces [&hellip;]<\/p>\n","protected":false},"author":82,"featured_media":60689,"comment_status":"open","ping_status":"closed","sticky":false,"template":"","format":"standard","meta":{"footnotes":""},"categories":[2,20,10],"tags":[56,63,403,29,10503,360,401,400,371],"class_list":["post-60690","post","type-post","status-publish","format-standard","has-post-thumbnail","hentry","category-politique","category-top-nouvelles","category-toutes-les-actualites","tag-africa-press","tag-africa-press-cote-divoire","tag-bruno","tag-cote-divoire","tag-diabate-beh","tag-fpi","tag-kone","tag-kouto","tag-rhdp"],"yoast_head":"<!-- This site is optimized with the Yoast SEO Premium plugin v26.1 (Yoast SEO v27.0) - https:\/\/yoast.com\/product\/yoast-seo-premium-wordpress\/ -->\n<title>R\u00e9gionales dans la Bagou\u00e9, Bruno Kon\u00e9 re\u00e7oit le soutien du FPI d&#039;Affi N&#039;guessan - C\u00f4te d&#039;Ivoire<\/title>\n<meta name=\"description\" content=\"Le candidat du Rhdp, Parti pre\u0301sidentiel a\u0300 la pre\u0301sidence du Conseil re\u0301gional dans la re\u0301gion de la Bagoue\u0301, Bruno Kon ...\" \/>\n<meta name=\"robots\" content=\"index, follow, max-snippet:-1, max-image-preview:large, max-video-preview:-1\" \/>\n<link rel=\"canonical\" href=\"https:\/\/www.africa-press.net\/cotedivoire\/politique\/regionales-dans-la-bagoue-bruno-kone-recoit-le-soutien-du-fpi-daffi-nguessan\" \/>\n<meta property=\"og:locale\" content=\"fr_FR\" \/>\n<meta property=\"og:type\" content=\"article\" \/>\n<meta property=\"og:title\" content=\"R\u00e9gionales dans la Bagou\u00e9, Bruno Kon\u00e9 re\u00e7oit le soutien du FPI d&#039;Affi N&#039;guessan\" \/>\n<meta property=\"og:description\" content=\"Le candidat du Rhdp, Parti pre\u0301sidentiel a\u0300 la pre\u0301sidence du Conseil re\u0301gional dans la re\u0301gion de la Bagoue\u0301, Bruno Kon ...\" \/>\n<meta property=\"og:url\" content=\"https:\/\/www.africa-press.net\/cotedivoire\/politique\/regionales-dans-la-bagoue-bruno-kone-recoit-le-soutien-du-fpi-daffi-nguessan\" \/>\n<meta property=\"og:site_name\" content=\"C\u00f4te d&#039;Ivoire\" \/>\n<meta property=\"article:published_time\" content=\"2023-06-26T17:11:44+00:00\" \/>\n<meta property=\"article:modified_time\" content=\"2023-06-26T17:43:22+00:00\" \/>\n<meta property=\"og:image\" content=\"https:\/\/static.africa-press.net\/cote\/sites\/43\/2023\/06\/sm_1687788761.56971.jpg\" \/>\n\t<meta property=\"og:image:width\" content=\"720\" \/>\n\t<meta property=\"og:image:height\" content=\"508\" \/>\n\t<meta property=\"og:image:type\" content=\"image\/jpeg\" \/>\n<meta name=\"author\" content=\"cfeditorfr\" \/>\n<meta name=\"twitter:card\" content=\"summary_large_image\" \/>\n<meta name=\"twitter:label1\" content=\"\u00c9crit par\" \/>\n\t<meta name=\"twitter:data1\" content=\"cfeditorfr\" \/>\n\t<meta name=\"twitter:label2\" content=\"Dur\u00e9e de lecture estim\u00e9e\" \/>\n\t<meta name=\"twitter:data2\" content=\"3 minutes\" \/>\n<script type=\"application\/ld+json\" class=\"yoast-schema-graph\">{\"@context\":\"https:\/\/schema.org\",\"@graph\":[{\"@type\":\"Article\",\"@id\":\"https:\/\/www.africa-press.net\/cotedivoire\/politique\/regionales-dans-la-bagoue-bruno-kone-recoit-le-soutien-du-fpi-daffi-nguessan#article\",\"isPartOf\":{\"@id\":\"https:\/\/www.africa-press.net\/cotedivoire\/politique\/regionales-dans-la-bagoue-bruno-kone-recoit-le-soutien-du-fpi-daffi-nguessan\"},\"author\":{\"name\":\"cfeditorfr\",\"@id\":\"https:\/\/www.africa-press.net\/cotedivoire\/#\/schema\/person\/2b1cf3cd81a31e3cd26889ca66d677f1\"},\"headline\":\"R\u00e9gionales dans la Bagou\u00e9, Bruno Kon\u00e9 re\u00e7oit le soutien du FPI d&rsquo;Affi N&rsquo;guessan\",\"datePublished\":\"2023-06-26T17:11:44+00:00\",\"dateModified\":\"2023-06-26T17:43:22+00:00\",\"mainEntityOfPage\":{\"@id\":\"https:\/\/www.africa-press.net\/cotedivoire\/politique\/regionales-dans-la-bagoue-bruno-kone-recoit-le-soutien-du-fpi-daffi-nguessan\"},\"wordCount\":492,\"commentCount\":0,\"image\":{\"@id\":\"https:\/\/www.africa-press.net\/cotedivoire\/politique\/regionales-dans-la-bagoue-bruno-kone-recoit-le-soutien-du-fpi-daffi-nguessan#primaryimage\"},\"thumbnailUrl\":\"https:\/\/static.africa-press.net\/cote\/sites\/43\/2023\/06\/sm_1687788761.56971.jpg\",\"keywords\":[\"Africa Press\",\"Africa Press-C\u00f4te d'Ivoire\",\"Bruno\",\"C\u00d4TE D'IVOIRE\",\"Diabat\u00e9 Beh\",\"FPI\",\"Kon\u00e9\",\"Kouto\",\"RHDP\"],\"articleSection\":[\"Politique\",\"Top Nouvelles\",\"Toutes les actualit\u00e9s\"],\"inLanguage\":\"fr-FR\",\"potentialAction\":[{\"@type\":\"CommentAction\",\"name\":\"Comment\",\"target\":[\"https:\/\/www.africa-press.net\/cotedivoire\/politique\/regionales-dans-la-bagoue-bruno-kone-recoit-le-soutien-du-fpi-daffi-nguessan#respond\"]}]},{\"@type\":\"WebPage\",\"@id\":\"https:\/\/www.africa-press.net\/cotedivoire\/politique\/regionales-dans-la-bagoue-bruno-kone-recoit-le-soutien-du-fpi-daffi-nguessan\",\"url\":\"https:\/\/www.africa-press.net\/cotedivoire\/politique\/regionales-dans-la-bagoue-bruno-kone-recoit-le-soutien-du-fpi-daffi-nguessan\",\"name\":\"R\u00e9gionales dans la Bagou\u00e9, Bruno Kon\u00e9 re\u00e7oit le soutien du FPI d'Affi N'guessan - C\u00f4te d&#039;Ivoire\",\"isPartOf\":{\"@id\":\"https:\/\/www.africa-press.net\/cotedivoire\/#website\"},\"primaryImageOfPage\":{\"@id\":\"https:\/\/www.africa-press.net\/cotedivoire\/politique\/regionales-dans-la-bagoue-bruno-kone-recoit-le-soutien-du-fpi-daffi-nguessan#primaryimage\"},\"image\":{\"@id\":\"https:\/\/www.africa-press.net\/cotedivoire\/politique\/regionales-dans-la-bagoue-bruno-kone-recoit-le-soutien-du-fpi-daffi-nguessan#primaryimage\"},\"thumbnailUrl\":\"https:\/\/static.africa-press.net\/cote\/sites\/43\/2023\/06\/sm_1687788761.56971.jpg\",\"datePublished\":\"2023-06-26T17:11:44+00:00\",\"dateModified\":\"2023-06-26T17:43:22+00:00\",\"author\":{\"@id\":\"https:\/\/www.africa-press.net\/cotedivoire\/#\/schema\/person\/2b1cf3cd81a31e3cd26889ca66d677f1\"},\"description\":\"Le candidat du Rhdp, Parti pre\u0301sidentiel a\u0300 la pre\u0301sidence du Conseil re\u0301gional dans la re\u0301gion de la Bagoue\u0301, Bruno Kon ...\",\"breadcrumb\":{\"@id\":\"https:\/\/www.africa-press.net\/cotedivoire\/politique\/regionales-dans-la-bagoue-bruno-kone-recoit-le-soutien-du-fpi-daffi-nguessan#breadcrumb\"},\"inLanguage\":\"fr-FR\",\"potentialAction\":[{\"@type\":\"ReadAction\",\"target\":[\"https:\/\/www.africa-press.net\/cotedivoire\/politique\/regionales-dans-la-bagoue-bruno-kone-recoit-le-soutien-du-fpi-daffi-nguessan\"]}]},{\"@type\":\"ImageObject\",\"inLanguage\":\"fr-FR\",\"@id\":\"https:\/\/www.africa-press.net\/cotedivoire\/politique\/regionales-dans-la-bagoue-bruno-kone-recoit-le-soutien-du-fpi-daffi-nguessan#primaryimage\",\"url\":\"https:\/\/static.africa-press.net\/cote\/sites\/43\/2023\/06\/sm_1687788761.56971.jpg\",\"contentUrl\":\"https:\/\/static.africa-press.net\/cote\/sites\/43\/2023\/06\/sm_1687788761.56971.jpg\",\"width\":720,\"height\":508,\"caption\":\"R\u00e9gionales dans la Bagou\u00e9, Bruno Kon\u00e9 re\u00e7oit le soutien du FPI d'Affi N'guessan\"},{\"@type\":\"BreadcrumbList\",\"@id\":\"https:\/\/www.africa-press.net\/cotedivoire\/politique\/regionales-dans-la-bagoue-bruno-kone-recoit-le-soutien-du-fpi-daffi-nguessan#breadcrumb\",\"itemListElement\":[{\"@type\":\"ListItem\",\"position\":1,\"name\":\"Accueil\",\"item\":\"https:\/\/www.africa-press.net\/cotedivoire\/\"},{\"@type\":\"ListItem\",\"position\":2,\"name\":\"R\u00e9gionales dans la Bagou\u00e9, Bruno Kon\u00e9 re\u00e7oit le soutien du FPI d&#8217;Affi N&#8217;guessan\"}]},{\"@type\":\"WebSite\",\"@id\":\"https:\/\/www.africa-press.net\/cotedivoire\/#website\",\"url\":\"https:\/\/www.africa-press.net\/cotedivoire\/\",\"name\":\"C\u00f4te d&#039;Ivoire\",\"description\":\"Just another Africa News Agency Sites site\",\"potentialAction\":[{\"@type\":\"SearchAction\",\"target\":{\"@type\":\"EntryPoint\",\"urlTemplate\":\"https:\/\/www.africa-press.net\/cotedivoire\/?s={search_term_string}\"},\"query-input\":{\"@type\":\"PropertyValueSpecification\",\"valueRequired\":true,\"valueName\":\"search_term_string\"}}],\"inLanguage\":\"fr-FR\"},{\"@type\":\"Person\",\"@id\":\"https:\/\/www.africa-press.net\/cotedivoire\/#\/schema\/person\/2b1cf3cd81a31e3cd26889ca66d677f1\",\"name\":\"cfeditorfr\"}]}<\/script>\n<!-- \/ Yoast SEO Premium plugin. -->","yoast_head_json":{"title":"R\u00e9gionales dans la Bagou\u00e9, Bruno Kon\u00e9 re\u00e7oit le soutien du FPI d'Affi N'guessan - C\u00f4te d&#039;Ivoire","description":"Le candidat du Rhdp, Parti pre\u0301sidentiel a\u0300 la pre\u0301sidence du Conseil re\u0301gional dans la re\u0301gion de la Bagoue\u0301, Bruno Kon ...","robots":{"index":"index","follow":"follow","max-snippet":"max-snippet:-1","max-image-preview":"max-image-preview:large","max-video-preview":"max-video-preview:-1"},"canonical":"https:\/\/www.africa-press.net\/cotedivoire\/politique\/regionales-dans-la-bagoue-bruno-kone-recoit-le-soutien-du-fpi-daffi-nguessan","og_locale":"fr_FR","og_type":"article","og_title":"R\u00e9gionales dans la Bagou\u00e9, Bruno Kon\u00e9 re\u00e7oit le soutien du FPI d'Affi N'guessan","og_description":"Le candidat du Rhdp, Parti pre\u0301sidentiel a\u0300 la pre\u0301sidence du Conseil re\u0301gional dans la re\u0301gion de la Bagoue\u0301, Bruno Kon ...","og_url":"https:\/\/www.africa-press.net\/cotedivoire\/politique\/regionales-dans-la-bagoue-bruno-kone-recoit-le-soutien-du-fpi-daffi-nguessan","og_site_name":"C\u00f4te d&#039;Ivoire","article_published_time":"2023-06-26T17:11:44+00:00","article_modified_time":"2023-06-26T17:43:22+00:00","og_image":[{"width":720,"height":508,"url":"https:\/\/static.africa-press.net\/cote\/sites\/43\/2023\/06\/sm_1687788761.56971.jpg","type":"image\/jpeg"}],"author":"cfeditorfr","twitter_card":"summary_large_image","twitter_misc":{"\u00c9crit par":"cfeditorfr","Dur\u00e9e de lecture estim\u00e9e":"3 minutes"},"schema":{"@context":"https:\/\/schema.org","@graph":[{"@type":"Article","@id":"https:\/\/www.africa-press.net\/cotedivoire\/politique\/regionales-dans-la-bagoue-bruno-kone-recoit-le-soutien-du-fpi-daffi-nguessan#article","isPartOf":{"@id":"https:\/\/www.africa-press.net\/cotedivoire\/politique\/regionales-dans-la-bagoue-bruno-kone-recoit-le-soutien-du-fpi-daffi-nguessan"},"author":{"name":"cfeditorfr","@id":"https:\/\/www.africa-press.net\/cotedivoire\/#\/schema\/person\/2b1cf3cd81a31e3cd26889ca66d677f1"},"headline":"R\u00e9gionales dans la Bagou\u00e9, Bruno Kon\u00e9 re\u00e7oit le soutien du FPI d&rsquo;Affi N&rsquo;guessan","datePublished":"2023-06-26T17:11:44+00:00","dateModified":"2023-06-26T17:43:22+00:00","mainEntityOfPage":{"@id":"https:\/\/www.africa-press.net\/cotedivoire\/politique\/regionales-dans-la-bagoue-bruno-kone-recoit-le-soutien-du-fpi-daffi-nguessan"},"wordCount":492,"commentCount":0,"image":{"@id":"https:\/\/www.africa-press.net\/cotedivoire\/politique\/regionales-dans-la-bagoue-bruno-kone-recoit-le-soutien-du-fpi-daffi-nguessan#primaryimage"},"thumbnailUrl":"https:\/\/static.africa-press.net\/cote\/sites\/43\/2023\/06\/sm_1687788761.56971.jpg","keywords":["Africa Press","Africa Press-C\u00f4te d'Ivoire","Bruno","C\u00d4TE D'IVOIRE","Diabat\u00e9 Beh","FPI","Kon\u00e9","Kouto","RHDP"],"articleSection":["Politique","Top Nouvelles","Toutes les actualit\u00e9s"],"inLanguage":"fr-FR","potentialAction":[{"@type":"CommentAction","name":"Comment","target":["https:\/\/www.africa-press.net\/cotedivoire\/politique\/regionales-dans-la-bagoue-bruno-kone-recoit-le-soutien-du-fpi-daffi-nguessan#respond"]}]},{"@type":"WebPage","@id":"https:\/\/www.africa-press.net\/cotedivoire\/politique\/regionales-dans-la-bagoue-bruno-kone-recoit-le-soutien-du-fpi-daffi-nguessan","url":"https:\/\/www.africa-press.net\/cotedivoire\/politique\/regionales-dans-la-bagoue-bruno-kone-recoit-le-soutien-du-fpi-daffi-nguessan","name":"R\u00e9gionales dans la Bagou\u00e9, Bruno Kon\u00e9 re\u00e7oit le soutien du FPI d'Affi N'guessan - C\u00f4te d&#039;Ivoire","isPartOf":{"@id":"https:\/\/www.africa-press.net\/cotedivoire\/#website"},"primaryImageOfPage":{"@id":"https:\/\/www.africa-press.net\/cotedivoire\/politique\/regionales-dans-la-bagoue-bruno-kone-recoit-le-soutien-du-fpi-daffi-nguessan#primaryimage"},"image":{"@id":"https:\/\/www.africa-press.net\/cotedivoire\/politique\/regionales-dans-la-bagoue-bruno-kone-recoit-le-soutien-du-fpi-daffi-nguessan#primaryimage"},"thumbnailUrl":"https:\/\/static.africa-press.net\/cote\/sites\/43\/2023\/06\/sm_1687788761.56971.jpg","datePublished":"2023-06-26T17:11:44+00:00","dateModified":"2023-06-26T17:43:22+00:00","author":{"@id":"https:\/\/www.africa-press.net\/cotedivoire\/#\/schema\/person\/2b1cf3cd81a31e3cd26889ca66d677f1"},"description":"Le candidat du Rhdp, Parti pre\u0301sidentiel a\u0300 la pre\u0301sidence du Conseil re\u0301gional dans la re\u0301gion de la Bagoue\u0301, Bruno Kon ...","breadcrumb":{"@id":"https:\/\/www.africa-press.net\/cotedivoire\/politique\/regionales-dans-la-bagoue-bruno-kone-recoit-le-soutien-du-fpi-daffi-nguessan#breadcrumb"},"inLanguage":"fr-FR","potentialAction":[{"@type":"ReadAction","target":["https:\/\/www.africa-press.net\/cotedivoire\/politique\/regionales-dans-la-bagoue-bruno-kone-recoit-le-soutien-du-fpi-daffi-nguessan"]}]},{"@type":"ImageObject","inLanguage":"fr-FR","@id":"https:\/\/www.africa-press.net\/cotedivoire\/politique\/regionales-dans-la-bagoue-bruno-kone-recoit-le-soutien-du-fpi-daffi-nguessan#primaryimage","url":"https:\/\/static.africa-press.net\/cote\/sites\/43\/2023\/06\/sm_1687788761.56971.jpg","contentUrl":"https:\/\/static.africa-press.net\/cote\/sites\/43\/2023\/06\/sm_1687788761.56971.jpg","width":720,"height":508,"caption":"R\u00e9gionales dans la Bagou\u00e9, Bruno Kon\u00e9 re\u00e7oit le soutien du FPI d'Affi N'guessan"},{"@type":"BreadcrumbList","@id":"https:\/\/www.africa-press.net\/cotedivoire\/politique\/regionales-dans-la-bagoue-bruno-kone-recoit-le-soutien-du-fpi-daffi-nguessan#breadcrumb","itemListElement":[{"@type":"ListItem","position":1,"name":"Accueil","item":"https:\/\/www.africa-press.net\/cotedivoire\/"},{"@type":"ListItem","position":2,"name":"R\u00e9gionales dans la Bagou\u00e9, Bruno Kon\u00e9 re\u00e7oit le soutien du FPI d&#8217;Affi N&#8217;guessan"}]},{"@type":"WebSite","@id":"https:\/\/www.africa-press.net\/cotedivoire\/#website","url":"https:\/\/www.africa-press.net\/cotedivoire\/","name":"C\u00f4te d&#039;Ivoire","description":"Just another Africa News Agency Sites site","potentialAction":[{"@type":"SearchAction","target":{"@type":"EntryPoint","urlTemplate":"https:\/\/www.africa-press.net\/cotedivoire\/?s={search_term_string}"},"query-input":{"@type":"PropertyValueSpecification","valueRequired":true,"valueName":"search_term_string"}}],"inLanguage":"fr-FR"},{"@type":"Person","@id":"https:\/\/www.africa-press.net\/cotedivoire\/#\/schema\/person\/2b1cf3cd81a31e3cd26889ca66d677f1","name":"cfeditorfr"}]}},"_links":{"self":[{"href":"https:\/\/www.africa-press.net\/cotedivoire\/wp-json\/wp\/v2\/posts\/60690","targetHints":{"allow":["GET"]}}],"collection":[{"href":"https:\/\/www.africa-press.net\/cotedivoire\/wp-json\/wp\/v2\/posts"}],"about":[{"href":"https:\/\/www.africa-press.net\/cotedivoire\/wp-json\/wp\/v2\/types\/post"}],"author":[{"embeddable":true,"href":"https:\/\/www.africa-press.net\/cotedivoire\/wp-json\/wp\/v2\/users\/82"}],"replies":[{"embeddable":true,"href":"https:\/\/www.africa-press.net\/cotedivoire\/wp-json\/wp\/v2\/comments?post=60690"}],"version-history":[{"count":0,"href":"https:\/\/www.africa-press.net\/cotedivoire\/wp-json\/wp\/v2\/posts\/60690\/revisions"}],"wp:featuredmedia":[{"embeddable":true,"href":"https:\/\/www.africa-press.net\/cotedivoire\/wp-json\/wp\/v2\/media\/60689"}],"wp:attachment":[{"href":"https:\/\/www.africa-press.net\/cotedivoire\/wp-json\/wp\/v2\/media?parent=60690"}],"wp:term":[{"taxonomy":"category","embeddable":true,"href":"https:\/\/www.africa-press.net\/cotedivoire\/wp-json\/wp\/v2\/categories?post=60690"},{"taxonomy":"post_tag","embeddable":true,"href":"https:\/\/www.africa-press.net\/cotedivoire\/wp-json\/wp\/v2\/tags?post=60690"}],"curies":[{"name":"wp","href":"https:\/\/api.w.org\/{rel}","templated":true}]}}