{"id":60746,"date":"2023-06-27T17:29:15","date_gmt":"2023-06-27T17:29:15","guid":{"rendered":"https:\/\/www.africa-press.net\/cotedivoire\/politique\/municipales-2023-interrogations-et-inquietudes-sur-le-decoupage-electoral-ce-que-le-ministre-vagondo-a-demande-a-la-cei"},"modified":"2023-06-27T18:03:41","modified_gmt":"2023-06-27T18:03:41","slug":"municipales-2023-interrogations-et-inquietudes-sur-le-decoupage-electoral-ce-que-le-ministre-vagondo-a-demande-a-la-cei","status":"publish","type":"post","link":"https:\/\/www.africa-press.net\/cotedivoire\/politique\/municipales-2023-interrogations-et-inquietudes-sur-le-decoupage-electoral-ce-que-le-ministre-vagondo-a-demande-a-la-cei","title":{"rendered":"Municipales  2023, interrogations et inqui\u00e9tudes sur le d\u00e9coupage \u00e9lectoral ce que le Ministre Vagondo a  demand\u00e9  \u00e0 la CEI"},"content":{"rendered":"<p><span style=\"color: #ff6600\"><strong>Africa-Press &#8211; C\u00f4te d&rsquo;Ivoire. <\/strong><\/span>Le nouveau de\u0301coupage e\u0301lectoral suscite des interrogations et des inquie\u0301tudes au sein des populations.<\/p>\n<p>Une situation qui a fait re\u0301agir le Ministre de l\u2019Inte\u0301rieur, le Ge\u0301ne\u0301ral Vagondo Diomande\u0301. Selon un communique\u0301 de la Commission E\u0301lectorale Inde\u0301pendante (CEI), elle a e\u0301te\u0301 saisie par ce dernier qui lui a fait part des inquie\u0301tudes et des interrogations qui ont germe\u0301 dans l\u2019opinion publique, et singulie\u0300rement, dans les e\u0301tats-majors des partis politiques et des potentiels candidats, relativement aux ressorts territoriaux des communes.<\/p>\n<p>Ceux-ci craignent de voir adopter un nouveau de\u0301coupage administratif pour les e\u0301lections Municipales du 02 septembre 2023, alors me\u0302me que depuis de longs mois, ils se pre\u0301parent a\u0300 participer auxdites e\u0301lections sur la base des ressorts territoriaux ayant servi pour les e\u0301lections locales de 2018.<\/p>\n<p>\u00ab En raison de ces interrogations et inquie\u0301tudes, le Ministe\u0300re de l\u2019Inte\u0301rieur et de la Se\u0301curite\u0301, dont rele\u0300ve la de\u0301termination des ressorts territoriaux, a demande\u0301 a\u0300 la Commission E\u0301lectorale Inde\u0301pendante de bien vouloir reconduire le de\u0301coupage territorial qui a pre\u0301valu en 2018. Par conse\u0301quent, la Commission E\u0301lectorale Inde\u0301pendante engage, instamment, l\u2019ensemble de ses Commissaires centraux et locaux, ainsi que ses Services techniques, a\u0300 proce\u0301der comme le demande le Ministe\u0300re de l\u2019Inte\u0301rieur et de la Se\u0301curite\u0301 \u00bb, pre\u0301cise le document.<\/p>\n<p><strong>Pour plus d&rsquo;informations et d&rsquo;analyses sur la <a href=\"https:\/\/www.africa-press.net\/cotedivoire\">C\u00f4te d&rsquo;Ivoire<\/a>, suivez <a href=\"https:\/\/www.africa-press.net\/\">Africa-Press<\/a><\/strong><\/p>\n","protected":false},"excerpt":{"rendered":"<p>Africa-Press &#8211; C\u00f4te d&rsquo;Ivoire. Le nouveau de\u0301coupage e\u0301lectoral suscite des interrogations et des inquie\u0301tudes au sein des populations. Une situation qui a fait re\u0301agir le Ministre de l\u2019Inte\u0301rieur, le Ge\u0301ne\u0301ral Vagondo Diomande\u0301. Selon un communique\u0301 de la Commission E\u0301lectorale Inde\u0301pendante (CEI), elle a e\u0301te\u0301 saisie par ce dernier qui lui a fait part des inquie\u0301tudes [&hellip;]<\/p>\n","protected":false},"author":82,"featured_media":60745,"comment_status":"open","ping_status":"closed","sticky":false,"template":"","format":"standard","meta":{"footnotes":""},"categories":[2,10],"tags":[56,63,1316,29,10519,1565,3694,10518,3100],"class_list":["post-60746","post","type-post","status-publish","format-standard","has-post-thumbnail","hentry","category-politique","category-toutes-les-actualites","tag-africa-press","tag-africa-press-cote-divoire","tag-cei","tag-cote-divoire","tag-decoupage","tag-electoral","tag-municipales","tag-territoriaux","tag-vagondo-diomande"],"yoast_head":"<!-- This site is optimized with the Yoast SEO Premium plugin v26.1 (Yoast SEO v27.0) - https:\/\/yoast.com\/product\/yoast-seo-premium-wordpress\/ -->\n<title>Municipales 2023, interrogations et inqui\u00e9tudes sur le d\u00e9coupage \u00e9lectoral ce que le Ministre Vagondo a demand\u00e9 \u00e0 la CEI - C\u00f4te d&#039;Ivoire<\/title>\n<meta name=\"description\" content=\"Le nouveau de\u0301coupage e\u0301lectoral suscite des interrogations et des inquie\u0301tudes au sein des populations. Une situation ...\" \/>\n<meta name=\"robots\" content=\"index, follow, max-snippet:-1, max-image-preview:large, max-video-preview:-1\" \/>\n<link rel=\"canonical\" href=\"https:\/\/www.africa-press.net\/cotedivoire\/politique\/municipales-2023-interrogations-et-inquietudes-sur-le-decoupage-electoral-ce-que-le-ministre-vagondo-a-demande-a-la-cei\" \/>\n<meta property=\"og:locale\" content=\"fr_FR\" \/>\n<meta property=\"og:type\" content=\"article\" \/>\n<meta property=\"og:title\" content=\"Municipales 2023, interrogations et inqui\u00e9tudes sur le d\u00e9coupage \u00e9lectoral ce que le Ministre Vagondo a demand\u00e9 \u00e0 la CEI\" \/>\n<meta property=\"og:description\" content=\"Le nouveau de\u0301coupage e\u0301lectoral suscite des interrogations et des inquie\u0301tudes au sein des populations. Une situation ...\" \/>\n<meta property=\"og:url\" content=\"https:\/\/www.africa-press.net\/cotedivoire\/politique\/municipales-2023-interrogations-et-inquietudes-sur-le-decoupage-electoral-ce-que-le-ministre-vagondo-a-demande-a-la-cei\" \/>\n<meta property=\"og:site_name\" content=\"C\u00f4te d&#039;Ivoire\" \/>\n<meta property=\"article:published_time\" content=\"2023-06-27T17:29:15+00:00\" \/>\n<meta property=\"article:modified_time\" content=\"2023-06-27T18:03:41+00:00\" \/>\n<meta property=\"og:image\" content=\"https:\/\/static.africa-press.net\/cote\/sites\/43\/2023\/06\/sm_1687876356.271765.jpg\" \/>\n\t<meta property=\"og:image:width\" content=\"720\" \/>\n\t<meta property=\"og:image:height\" content=\"382\" \/>\n\t<meta property=\"og:image:type\" content=\"image\/jpeg\" \/>\n<meta name=\"author\" content=\"cfeditorfr\" \/>\n<meta name=\"twitter:card\" content=\"summary_large_image\" \/>\n<meta name=\"twitter:label1\" content=\"\u00c9crit par\" \/>\n\t<meta name=\"twitter:data1\" content=\"cfeditorfr\" \/>\n\t<meta name=\"twitter:label2\" content=\"Dur\u00e9e de lecture estim\u00e9e\" \/>\n\t<meta name=\"twitter:data2\" content=\"1 minute\" \/>\n<script type=\"application\/ld+json\" class=\"yoast-schema-graph\">{\"@context\":\"https:\/\/schema.org\",\"@graph\":[{\"@type\":\"Article\",\"@id\":\"https:\/\/www.africa-press.net\/cotedivoire\/politique\/municipales-2023-interrogations-et-inquietudes-sur-le-decoupage-electoral-ce-que-le-ministre-vagondo-a-demande-a-la-cei#article\",\"isPartOf\":{\"@id\":\"https:\/\/www.africa-press.net\/cotedivoire\/politique\/municipales-2023-interrogations-et-inquietudes-sur-le-decoupage-electoral-ce-que-le-ministre-vagondo-a-demande-a-la-cei\"},\"author\":{\"name\":\"cfeditorfr\",\"@id\":\"https:\/\/www.africa-press.net\/cotedivoire\/#\/schema\/person\/2b1cf3cd81a31e3cd26889ca66d677f1\"},\"headline\":\"Municipales 2023, interrogations et inqui\u00e9tudes sur le d\u00e9coupage \u00e9lectoral ce que le Ministre Vagondo a demand\u00e9 \u00e0 la CEI\",\"datePublished\":\"2023-06-27T17:29:15+00:00\",\"dateModified\":\"2023-06-27T18:03:41+00:00\",\"mainEntityOfPage\":{\"@id\":\"https:\/\/www.africa-press.net\/cotedivoire\/politique\/municipales-2023-interrogations-et-inquietudes-sur-le-decoupage-electoral-ce-que-le-ministre-vagondo-a-demande-a-la-cei\"},\"wordCount\":278,\"commentCount\":0,\"image\":{\"@id\":\"https:\/\/www.africa-press.net\/cotedivoire\/politique\/municipales-2023-interrogations-et-inquietudes-sur-le-decoupage-electoral-ce-que-le-ministre-vagondo-a-demande-a-la-cei#primaryimage\"},\"thumbnailUrl\":\"https:\/\/static.africa-press.net\/cote\/sites\/43\/2023\/06\/sm_1687876356.271765.jpg\",\"keywords\":[\"Africa Press\",\"Africa Press-C\u00f4te d'Ivoire\",\"Cei\",\"C\u00d4TE D'IVOIRE\",\"decoupage\",\"\u00e9lectoral\",\"municipales\",\"territoriaux\",\"Vagondo Diomand\u00e9\"],\"articleSection\":[\"Politique\",\"Toutes les actualit\u00e9s\"],\"inLanguage\":\"fr-FR\",\"potentialAction\":[{\"@type\":\"CommentAction\",\"name\":\"Comment\",\"target\":[\"https:\/\/www.africa-press.net\/cotedivoire\/politique\/municipales-2023-interrogations-et-inquietudes-sur-le-decoupage-electoral-ce-que-le-ministre-vagondo-a-demande-a-la-cei#respond\"]}]},{\"@type\":\"WebPage\",\"@id\":\"https:\/\/www.africa-press.net\/cotedivoire\/politique\/municipales-2023-interrogations-et-inquietudes-sur-le-decoupage-electoral-ce-que-le-ministre-vagondo-a-demande-a-la-cei\",\"url\":\"https:\/\/www.africa-press.net\/cotedivoire\/politique\/municipales-2023-interrogations-et-inquietudes-sur-le-decoupage-electoral-ce-que-le-ministre-vagondo-a-demande-a-la-cei\",\"name\":\"Municipales 2023, interrogations et inqui\u00e9tudes sur le d\u00e9coupage \u00e9lectoral ce que le Ministre Vagondo a demand\u00e9 \u00e0 la CEI - C\u00f4te d&#039;Ivoire\",\"isPartOf\":{\"@id\":\"https:\/\/www.africa-press.net\/cotedivoire\/#website\"},\"primaryImageOfPage\":{\"@id\":\"https:\/\/www.africa-press.net\/cotedivoire\/politique\/municipales-2023-interrogations-et-inquietudes-sur-le-decoupage-electoral-ce-que-le-ministre-vagondo-a-demande-a-la-cei#primaryimage\"},\"image\":{\"@id\":\"https:\/\/www.africa-press.net\/cotedivoire\/politique\/municipales-2023-interrogations-et-inquietudes-sur-le-decoupage-electoral-ce-que-le-ministre-vagondo-a-demande-a-la-cei#primaryimage\"},\"thumbnailUrl\":\"https:\/\/static.africa-press.net\/cote\/sites\/43\/2023\/06\/sm_1687876356.271765.jpg\",\"datePublished\":\"2023-06-27T17:29:15+00:00\",\"dateModified\":\"2023-06-27T18:03:41+00:00\",\"author\":{\"@id\":\"https:\/\/www.africa-press.net\/cotedivoire\/#\/schema\/person\/2b1cf3cd81a31e3cd26889ca66d677f1\"},\"description\":\"Le nouveau de\u0301coupage e\u0301lectoral suscite des interrogations et des inquie\u0301tudes au sein des populations. Une situation ...\",\"breadcrumb\":{\"@id\":\"https:\/\/www.africa-press.net\/cotedivoire\/politique\/municipales-2023-interrogations-et-inquietudes-sur-le-decoupage-electoral-ce-que-le-ministre-vagondo-a-demande-a-la-cei#breadcrumb\"},\"inLanguage\":\"fr-FR\",\"potentialAction\":[{\"@type\":\"ReadAction\",\"target\":[\"https:\/\/www.africa-press.net\/cotedivoire\/politique\/municipales-2023-interrogations-et-inquietudes-sur-le-decoupage-electoral-ce-que-le-ministre-vagondo-a-demande-a-la-cei\"]}]},{\"@type\":\"ImageObject\",\"inLanguage\":\"fr-FR\",\"@id\":\"https:\/\/www.africa-press.net\/cotedivoire\/politique\/municipales-2023-interrogations-et-inquietudes-sur-le-decoupage-electoral-ce-que-le-ministre-vagondo-a-demande-a-la-cei#primaryimage\",\"url\":\"https:\/\/static.africa-press.net\/cote\/sites\/43\/2023\/06\/sm_1687876356.271765.jpg\",\"contentUrl\":\"https:\/\/static.africa-press.net\/cote\/sites\/43\/2023\/06\/sm_1687876356.271765.jpg\",\"width\":720,\"height\":382,\"caption\":\"Municipales 2023, interrogations et inqui\u00e9tudes sur le d\u00e9coupage \u00e9lectoral ce que le Ministre Vagondo a demand\u00e9 \u00e0 la CEI\"},{\"@type\":\"BreadcrumbList\",\"@id\":\"https:\/\/www.africa-press.net\/cotedivoire\/politique\/municipales-2023-interrogations-et-inquietudes-sur-le-decoupage-electoral-ce-que-le-ministre-vagondo-a-demande-a-la-cei#breadcrumb\",\"itemListElement\":[{\"@type\":\"ListItem\",\"position\":1,\"name\":\"Accueil\",\"item\":\"https:\/\/www.africa-press.net\/cotedivoire\/\"},{\"@type\":\"ListItem\",\"position\":2,\"name\":\"Municipales 2023, interrogations et inqui\u00e9tudes sur le d\u00e9coupage \u00e9lectoral ce que le Ministre Vagondo a demand\u00e9 \u00e0 la CEI\"}]},{\"@type\":\"WebSite\",\"@id\":\"https:\/\/www.africa-press.net\/cotedivoire\/#website\",\"url\":\"https:\/\/www.africa-press.net\/cotedivoire\/\",\"name\":\"C\u00f4te d&#039;Ivoire\",\"description\":\"Just another Africa News Agency Sites site\",\"potentialAction\":[{\"@type\":\"SearchAction\",\"target\":{\"@type\":\"EntryPoint\",\"urlTemplate\":\"https:\/\/www.africa-press.net\/cotedivoire\/?s={search_term_string}\"},\"query-input\":{\"@type\":\"PropertyValueSpecification\",\"valueRequired\":true,\"valueName\":\"search_term_string\"}}],\"inLanguage\":\"fr-FR\"},{\"@type\":\"Person\",\"@id\":\"https:\/\/www.africa-press.net\/cotedivoire\/#\/schema\/person\/2b1cf3cd81a31e3cd26889ca66d677f1\",\"name\":\"cfeditorfr\"}]}<\/script>\n<!-- \/ Yoast SEO Premium plugin. -->","yoast_head_json":{"title":"Municipales 2023, interrogations et inqui\u00e9tudes sur le d\u00e9coupage \u00e9lectoral ce que le Ministre Vagondo a demand\u00e9 \u00e0 la CEI - C\u00f4te d&#039;Ivoire","description":"Le nouveau de\u0301coupage e\u0301lectoral suscite des interrogations et des inquie\u0301tudes au sein des populations. Une situation ...","robots":{"index":"index","follow":"follow","max-snippet":"max-snippet:-1","max-image-preview":"max-image-preview:large","max-video-preview":"max-video-preview:-1"},"canonical":"https:\/\/www.africa-press.net\/cotedivoire\/politique\/municipales-2023-interrogations-et-inquietudes-sur-le-decoupage-electoral-ce-que-le-ministre-vagondo-a-demande-a-la-cei","og_locale":"fr_FR","og_type":"article","og_title":"Municipales 2023, interrogations et inqui\u00e9tudes sur le d\u00e9coupage \u00e9lectoral ce que le Ministre Vagondo a demand\u00e9 \u00e0 la CEI","og_description":"Le nouveau de\u0301coupage e\u0301lectoral suscite des interrogations et des inquie\u0301tudes au sein des populations. Une situation ...","og_url":"https:\/\/www.africa-press.net\/cotedivoire\/politique\/municipales-2023-interrogations-et-inquietudes-sur-le-decoupage-electoral-ce-que-le-ministre-vagondo-a-demande-a-la-cei","og_site_name":"C\u00f4te d&#039;Ivoire","article_published_time":"2023-06-27T17:29:15+00:00","article_modified_time":"2023-06-27T18:03:41+00:00","og_image":[{"width":720,"height":382,"url":"https:\/\/static.africa-press.net\/cote\/sites\/43\/2023\/06\/sm_1687876356.271765.jpg","type":"image\/jpeg"}],"author":"cfeditorfr","twitter_card":"summary_large_image","twitter_misc":{"\u00c9crit par":"cfeditorfr","Dur\u00e9e de lecture estim\u00e9e":"1 minute"},"schema":{"@context":"https:\/\/schema.org","@graph":[{"@type":"Article","@id":"https:\/\/www.africa-press.net\/cotedivoire\/politique\/municipales-2023-interrogations-et-inquietudes-sur-le-decoupage-electoral-ce-que-le-ministre-vagondo-a-demande-a-la-cei#article","isPartOf":{"@id":"https:\/\/www.africa-press.net\/cotedivoire\/politique\/municipales-2023-interrogations-et-inquietudes-sur-le-decoupage-electoral-ce-que-le-ministre-vagondo-a-demande-a-la-cei"},"author":{"name":"cfeditorfr","@id":"https:\/\/www.africa-press.net\/cotedivoire\/#\/schema\/person\/2b1cf3cd81a31e3cd26889ca66d677f1"},"headline":"Municipales 2023, interrogations et inqui\u00e9tudes sur le d\u00e9coupage \u00e9lectoral ce que le Ministre Vagondo a demand\u00e9 \u00e0 la CEI","datePublished":"2023-06-27T17:29:15+00:00","dateModified":"2023-06-27T18:03:41+00:00","mainEntityOfPage":{"@id":"https:\/\/www.africa-press.net\/cotedivoire\/politique\/municipales-2023-interrogations-et-inquietudes-sur-le-decoupage-electoral-ce-que-le-ministre-vagondo-a-demande-a-la-cei"},"wordCount":278,"commentCount":0,"image":{"@id":"https:\/\/www.africa-press.net\/cotedivoire\/politique\/municipales-2023-interrogations-et-inquietudes-sur-le-decoupage-electoral-ce-que-le-ministre-vagondo-a-demande-a-la-cei#primaryimage"},"thumbnailUrl":"https:\/\/static.africa-press.net\/cote\/sites\/43\/2023\/06\/sm_1687876356.271765.jpg","keywords":["Africa Press","Africa Press-C\u00f4te d'Ivoire","Cei","C\u00d4TE D'IVOIRE","decoupage","\u00e9lectoral","municipales","territoriaux","Vagondo Diomand\u00e9"],"articleSection":["Politique","Toutes les actualit\u00e9s"],"inLanguage":"fr-FR","potentialAction":[{"@type":"CommentAction","name":"Comment","target":["https:\/\/www.africa-press.net\/cotedivoire\/politique\/municipales-2023-interrogations-et-inquietudes-sur-le-decoupage-electoral-ce-que-le-ministre-vagondo-a-demande-a-la-cei#respond"]}]},{"@type":"WebPage","@id":"https:\/\/www.africa-press.net\/cotedivoire\/politique\/municipales-2023-interrogations-et-inquietudes-sur-le-decoupage-electoral-ce-que-le-ministre-vagondo-a-demande-a-la-cei","url":"https:\/\/www.africa-press.net\/cotedivoire\/politique\/municipales-2023-interrogations-et-inquietudes-sur-le-decoupage-electoral-ce-que-le-ministre-vagondo-a-demande-a-la-cei","name":"Municipales 2023, interrogations et inqui\u00e9tudes sur le d\u00e9coupage \u00e9lectoral ce que le Ministre Vagondo a demand\u00e9 \u00e0 la CEI - C\u00f4te d&#039;Ivoire","isPartOf":{"@id":"https:\/\/www.africa-press.net\/cotedivoire\/#website"},"primaryImageOfPage":{"@id":"https:\/\/www.africa-press.net\/cotedivoire\/politique\/municipales-2023-interrogations-et-inquietudes-sur-le-decoupage-electoral-ce-que-le-ministre-vagondo-a-demande-a-la-cei#primaryimage"},"image":{"@id":"https:\/\/www.africa-press.net\/cotedivoire\/politique\/municipales-2023-interrogations-et-inquietudes-sur-le-decoupage-electoral-ce-que-le-ministre-vagondo-a-demande-a-la-cei#primaryimage"},"thumbnailUrl":"https:\/\/static.africa-press.net\/cote\/sites\/43\/2023\/06\/sm_1687876356.271765.jpg","datePublished":"2023-06-27T17:29:15+00:00","dateModified":"2023-06-27T18:03:41+00:00","author":{"@id":"https:\/\/www.africa-press.net\/cotedivoire\/#\/schema\/person\/2b1cf3cd81a31e3cd26889ca66d677f1"},"description":"Le nouveau de\u0301coupage e\u0301lectoral suscite des interrogations et des inquie\u0301tudes au sein des populations. Une situation ...","breadcrumb":{"@id":"https:\/\/www.africa-press.net\/cotedivoire\/politique\/municipales-2023-interrogations-et-inquietudes-sur-le-decoupage-electoral-ce-que-le-ministre-vagondo-a-demande-a-la-cei#breadcrumb"},"inLanguage":"fr-FR","potentialAction":[{"@type":"ReadAction","target":["https:\/\/www.africa-press.net\/cotedivoire\/politique\/municipales-2023-interrogations-et-inquietudes-sur-le-decoupage-electoral-ce-que-le-ministre-vagondo-a-demande-a-la-cei"]}]},{"@type":"ImageObject","inLanguage":"fr-FR","@id":"https:\/\/www.africa-press.net\/cotedivoire\/politique\/municipales-2023-interrogations-et-inquietudes-sur-le-decoupage-electoral-ce-que-le-ministre-vagondo-a-demande-a-la-cei#primaryimage","url":"https:\/\/static.africa-press.net\/cote\/sites\/43\/2023\/06\/sm_1687876356.271765.jpg","contentUrl":"https:\/\/static.africa-press.net\/cote\/sites\/43\/2023\/06\/sm_1687876356.271765.jpg","width":720,"height":382,"caption":"Municipales 2023, interrogations et inqui\u00e9tudes sur le d\u00e9coupage \u00e9lectoral ce que le Ministre Vagondo a demand\u00e9 \u00e0 la CEI"},{"@type":"BreadcrumbList","@id":"https:\/\/www.africa-press.net\/cotedivoire\/politique\/municipales-2023-interrogations-et-inquietudes-sur-le-decoupage-electoral-ce-que-le-ministre-vagondo-a-demande-a-la-cei#breadcrumb","itemListElement":[{"@type":"ListItem","position":1,"name":"Accueil","item":"https:\/\/www.africa-press.net\/cotedivoire\/"},{"@type":"ListItem","position":2,"name":"Municipales 2023, interrogations et inqui\u00e9tudes sur le d\u00e9coupage \u00e9lectoral ce que le Ministre Vagondo a demand\u00e9 \u00e0 la CEI"}]},{"@type":"WebSite","@id":"https:\/\/www.africa-press.net\/cotedivoire\/#website","url":"https:\/\/www.africa-press.net\/cotedivoire\/","name":"C\u00f4te d&#039;Ivoire","description":"Just another Africa News Agency Sites site","potentialAction":[{"@type":"SearchAction","target":{"@type":"EntryPoint","urlTemplate":"https:\/\/www.africa-press.net\/cotedivoire\/?s={search_term_string}"},"query-input":{"@type":"PropertyValueSpecification","valueRequired":true,"valueName":"search_term_string"}}],"inLanguage":"fr-FR"},{"@type":"Person","@id":"https:\/\/www.africa-press.net\/cotedivoire\/#\/schema\/person\/2b1cf3cd81a31e3cd26889ca66d677f1","name":"cfeditorfr"}]}},"_links":{"self":[{"href":"https:\/\/www.africa-press.net\/cotedivoire\/wp-json\/wp\/v2\/posts\/60746","targetHints":{"allow":["GET"]}}],"collection":[{"href":"https:\/\/www.africa-press.net\/cotedivoire\/wp-json\/wp\/v2\/posts"}],"about":[{"href":"https:\/\/www.africa-press.net\/cotedivoire\/wp-json\/wp\/v2\/types\/post"}],"author":[{"embeddable":true,"href":"https:\/\/www.africa-press.net\/cotedivoire\/wp-json\/wp\/v2\/users\/82"}],"replies":[{"embeddable":true,"href":"https:\/\/www.africa-press.net\/cotedivoire\/wp-json\/wp\/v2\/comments?post=60746"}],"version-history":[{"count":0,"href":"https:\/\/www.africa-press.net\/cotedivoire\/wp-json\/wp\/v2\/posts\/60746\/revisions"}],"wp:featuredmedia":[{"embeddable":true,"href":"https:\/\/www.africa-press.net\/cotedivoire\/wp-json\/wp\/v2\/media\/60745"}],"wp:attachment":[{"href":"https:\/\/www.africa-press.net\/cotedivoire\/wp-json\/wp\/v2\/media?parent=60746"}],"wp:term":[{"taxonomy":"category","embeddable":true,"href":"https:\/\/www.africa-press.net\/cotedivoire\/wp-json\/wp\/v2\/categories?post=60746"},{"taxonomy":"post_tag","embeddable":true,"href":"https:\/\/www.africa-press.net\/cotedivoire\/wp-json\/wp\/v2\/tags?post=60746"}],"curies":[{"name":"wp","href":"https:\/\/api.w.org\/{rel}","templated":true}]}}