{"id":60795,"date":"2023-06-28T17:34:53","date_gmt":"2023-06-28T17:34:53","guid":{"rendered":"https:\/\/www.africa-press.net\/cotedivoire\/politique\/ouegnin-avec-les-musulmans-de-bonoua-ce-mardi-ph-koaci-a-la-veille-de-la-tabaski-ouegnin-aux-musulmans-de-bonoua-il-ne-faudrait-pas-quon-note-un-seul-acte-de-violence-dans-n"},"modified":"2023-06-28T17:45:52","modified_gmt":"2023-06-28T17:45:52","slug":"ouegnin-avec-les-musulmans-de-bonoua-ce-mardi-ph-koaci-a-la-veille-de-la-tabaski-ouegnin-aux-musulmans-de-bonoua-il-ne-faudrait-pas-quon-note-un-seul-acte-de-violence-dans-n","status":"publish","type":"post","link":"https:\/\/www.africa-press.net\/cotedivoire\/politique\/ouegnin-avec-les-musulmans-de-bonoua-ce-mardi-ph-koaci-a-la-veille-de-la-tabaski-ouegnin-aux-musulmans-de-bonoua-il-ne-faudrait-pas-quon-note-un-seul-acte-de-violence-dans-n","title":{"rendered":"Ou\u00e9gnin avec les musulmans de Bonoua ce mardi (Ph KOACI)       A la veille de la Tabaski, Ou\u00e9gnin aux musulmans de Bonoua \u00ab Il ne faudrait pas qu&rsquo;on note un seul acte de violence dans n"},"content":{"rendered":"<p><span style=\"color: #ff6600\"><strong>Africa-Press &#8211; C\u00f4te d&rsquo;Ivoire. <\/strong><\/span>Georges Armand Oue\u0301gnin, candidat du parti des Peuples Africains \u2013 Co\u0302te d\u2019Ivoire (PPA-CI) a effectue\u0301 une visite aux musulmans de cinq (05) localite\u0301s de Bonoua.<\/p>\n<p>Ce mardi 27 juin 2023, le candidat du PPA-CI aux re\u0301gionales dans le Sud-Comoe\u0301 a parcouru les villages d\u2019Adaou, N\u2019Zikro, Kouakoukro Limite, d\u2019Asse\u0301 et de Samo.<\/p>\n<p>L\u2019objectif de ces tourne\u0301es du vice-pre\u0301sident de l&rsquo;Assemble\u0301e nationale et candidat de\u0301clare\u0301 du PPA-CI a\u0300 la pre\u0301sidence du conseil re\u0301gional du Sud-Comoe\u0301, e\u0301tait de partager son message avec la communaute\u0301 musulmane de sa re\u0301gion a\u0300 la veille de L&rsquo;Ai\u0308d El Kebir.<\/p>\n<p>\u00ab Tre\u0300s chers s\u0153urs et tre\u0300s chers fre\u0300res musulmans, c&rsquo;est une joie immense qui m&rsquo;anime lorsque je me retrouve parmi vous. Aujourd&rsquo;hui, je ne ferai pas de politique parce qu\u2019aujourd\u2019hui, c&rsquo;est la veille de la fe\u0302te de la Tabaski. Et comme je conside\u0300re qu&rsquo;il n&rsquo;y a qu&rsquo;un seul Dieu et que le sacrifice d&rsquo;Abraham que vous ce\u0301le\u0301brez demain est commun a\u0300 toutes les religions re\u0301ve\u0301le\u0301es, je peux vous assurer que moi, le chre\u0301tien, je suis de tout c\u0153ur avec vous. C&rsquo;est la raison pour laquelle j&rsquo;ai souhaite\u0301 apporter ma modeste contribution a\u0300 la re\u0301ussite de votre fe\u0302te qui je suis persuade\u0301, sera une re\u0301ussite \u00bb, a de\u0301clare\u0301 l\u2019ancien ministre de Gbagbo pour commencer.<\/p>\n<p>A\u0300 ses ho\u0302tes, Georges Armand Oue\u0301gnin a affirme\u0301 e\u0302tre venu pro\u0302ner un message de paix et de re\u0301conciliation.<\/p>\n<p>L\u2019ex-ministre de Gbagbo a plaide\u0301 pour ne pas que durant les joutes e\u0301lectorales a\u0300 venir, l&rsquo;on note un seul acte de violence dans les villages.<\/p>\n<p>\u00ab Je suis parmi vous aussi pour pre\u0302cher l&rsquo;amour et la cohe\u0301sion sociale parce que c&rsquo;est ensemble que nous pourrons de\u0301velopper notre re\u0301gion. La re\u0301conciliation nationale que nous pro\u0302nons tous ne doit pas e\u0302tre un vain mot, mais un comportement de tous les instants que nous devons tous, autant que nous sommes, adopter dore\u0301navant, parce qu&rsquo;a\u0300 la base, au commencement, nous sommes tous fre\u0300res et s\u0153urs. Il ne faudrait pas qu&rsquo;on note un seul acte de violence dans nos villages durant les joutes e\u0301lectorales a\u0300 venir. Je souhaite qu&rsquo;on retienne du Sud-Comoe\u0301, l&rsquo;image d&rsquo;une re\u0301gion sereine, apaise\u0301e et re\u0301concilie\u0301e avec elle-me\u0302me \u00bb, a-t-il de\u0301clare\u0301 pour terminer.<\/p>\n<p>Jean Chresus, Abidjan<\/p>\n<p><strong>Pour plus d&rsquo;informations et d&rsquo;analyses sur la <a href=\"https:\/\/www.africa-press.net\/cotedivoire\">C\u00f4te d&rsquo;Ivoire<\/a>, suivez <a href=\"https:\/\/www.africa-press.net\/\">Africa-Press<\/a><\/strong><\/p>\n","protected":false},"excerpt":{"rendered":"<p>Africa-Press &#8211; C\u00f4te d&rsquo;Ivoire. Georges Armand Oue\u0301gnin, candidat du parti des Peuples Africains \u2013 Co\u0302te d\u2019Ivoire (PPA-CI) a effectue\u0301 une visite aux musulmans de cinq (05) localite\u0301s de Bonoua. Ce mardi 27 juin 2023, le candidat du PPA-CI aux re\u0301gionales dans le Sud-Comoe\u0301 a parcouru les villages d\u2019Adaou, N\u2019Zikro, Kouakoukro Limite, d\u2019Asse\u0301 et de Samo. [&hellip;]<\/p>\n","protected":false},"author":82,"featured_media":60794,"comment_status":"open","ping_status":"closed","sticky":false,"template":"","format":"standard","meta":{"footnotes":""},"categories":[2,10],"tags":[56,63,1004,29,320,5551,1119,1952,4898],"class_list":["post-60795","post","type-post","status-publish","format-standard","has-post-thumbnail","hentry","category-politique","category-toutes-les-actualites","tag-africa-press","tag-africa-press-cote-divoire","tag-bonoua","tag-cote-divoire","tag-gbagbo","tag-musulman","tag-ouegnin","tag-ppa-ci","tag-samo"],"yoast_head":"<!-- This site is optimized with the Yoast SEO Premium plugin v26.1 (Yoast SEO v27.0) - https:\/\/yoast.com\/product\/yoast-seo-premium-wordpress\/ -->\n<title>Ou\u00e9gnin avec les musulmans de Bonoua ce mardi (Ph KOACI)    A la veille de la Tabaski, Ou\u00e9gnin aux musulmans de Bonoua \u00ab Il ne faudrait pas qu&#039;on note un seul acte de violence dans n - C\u00f4te d&#039;Ivoire<\/title>\n<meta name=\"description\" content=\"Georges Armand Oue\u0301gnin, candidat du parti des Peuples Africains \u2013 Co\u0302te d\u2019Ivoire (PPA-CI) a effectue\u0301 une visite aux mu ...\" \/>\n<meta name=\"robots\" content=\"index, follow, max-snippet:-1, max-image-preview:large, max-video-preview:-1\" \/>\n<link rel=\"canonical\" href=\"https:\/\/www.africa-press.net\/cotedivoire\/politique\/ouegnin-avec-les-musulmans-de-bonoua-ce-mardi-ph-koaci-a-la-veille-de-la-tabaski-ouegnin-aux-musulmans-de-bonoua-il-ne-faudrait-pas-quon-note-un-seul-acte-de-violence-dans-n\" \/>\n<meta property=\"og:locale\" content=\"fr_FR\" \/>\n<meta property=\"og:type\" content=\"article\" \/>\n<meta property=\"og:title\" content=\"Ou\u00e9gnin avec les musulmans de Bonoua ce mardi (Ph KOACI)    A la veille de la Tabaski, Ou\u00e9gnin aux musulmans de Bonoua \u00ab Il ne faudrait pas qu&#039;on note un seul acte de violence dans n\" \/>\n<meta property=\"og:description\" content=\"Georges Armand Oue\u0301gnin, candidat du parti des Peuples Africains \u2013 Co\u0302te d\u2019Ivoire (PPA-CI) a effectue\u0301 une visite aux mu ...\" \/>\n<meta property=\"og:url\" content=\"https:\/\/www.africa-press.net\/cotedivoire\/politique\/ouegnin-avec-les-musulmans-de-bonoua-ce-mardi-ph-koaci-a-la-veille-de-la-tabaski-ouegnin-aux-musulmans-de-bonoua-il-ne-faudrait-pas-quon-note-un-seul-acte-de-violence-dans-n\" \/>\n<meta property=\"og:site_name\" content=\"C\u00f4te d&#039;Ivoire\" \/>\n<meta property=\"article:published_time\" content=\"2023-06-28T17:34:53+00:00\" \/>\n<meta property=\"article:modified_time\" content=\"2023-06-28T17:45:52+00:00\" \/>\n<meta property=\"og:image\" content=\"https:\/\/static.africa-press.net\/cote\/sites\/43\/2023\/06\/sm_1687961712.593881.jpg\" \/>\n\t<meta property=\"og:image:width\" content=\"720\" \/>\n\t<meta property=\"og:image:height\" content=\"540\" \/>\n\t<meta property=\"og:image:type\" content=\"image\/jpeg\" \/>\n<meta name=\"author\" content=\"cfeditorfr\" \/>\n<meta name=\"twitter:card\" content=\"summary_large_image\" \/>\n<meta name=\"twitter:label1\" content=\"\u00c9crit par\" \/>\n\t<meta name=\"twitter:data1\" content=\"cfeditorfr\" \/>\n\t<meta name=\"twitter:label2\" content=\"Dur\u00e9e de lecture estim\u00e9e\" \/>\n\t<meta name=\"twitter:data2\" content=\"2 minutes\" \/>\n<script type=\"application\/ld+json\" class=\"yoast-schema-graph\">{\"@context\":\"https:\/\/schema.org\",\"@graph\":[{\"@type\":\"Article\",\"@id\":\"https:\/\/www.africa-press.net\/cotedivoire\/politique\/ouegnin-avec-les-musulmans-de-bonoua-ce-mardi-ph-koaci-a-la-veille-de-la-tabaski-ouegnin-aux-musulmans-de-bonoua-il-ne-faudrait-pas-quon-note-un-seul-acte-de-violence-dans-n#article\",\"isPartOf\":{\"@id\":\"https:\/\/www.africa-press.net\/cotedivoire\/politique\/ouegnin-avec-les-musulmans-de-bonoua-ce-mardi-ph-koaci-a-la-veille-de-la-tabaski-ouegnin-aux-musulmans-de-bonoua-il-ne-faudrait-pas-quon-note-un-seul-acte-de-violence-dans-n\"},\"author\":{\"name\":\"cfeditorfr\",\"@id\":\"https:\/\/www.africa-press.net\/cotedivoire\/#\/schema\/person\/2b1cf3cd81a31e3cd26889ca66d677f1\"},\"headline\":\"Ou\u00e9gnin avec les musulmans de Bonoua ce mardi (Ph KOACI) A la veille de la Tabaski, Ou\u00e9gnin aux musulmans de Bonoua \u00ab Il ne faudrait pas qu&rsquo;on note un seul acte de violence dans n\",\"datePublished\":\"2023-06-28T17:34:53+00:00\",\"dateModified\":\"2023-06-28T17:45:52+00:00\",\"mainEntityOfPage\":{\"@id\":\"https:\/\/www.africa-press.net\/cotedivoire\/politique\/ouegnin-avec-les-musulmans-de-bonoua-ce-mardi-ph-koaci-a-la-veille-de-la-tabaski-ouegnin-aux-musulmans-de-bonoua-il-ne-faudrait-pas-quon-note-un-seul-acte-de-violence-dans-n\"},\"wordCount\":489,\"commentCount\":0,\"image\":{\"@id\":\"https:\/\/www.africa-press.net\/cotedivoire\/politique\/ouegnin-avec-les-musulmans-de-bonoua-ce-mardi-ph-koaci-a-la-veille-de-la-tabaski-ouegnin-aux-musulmans-de-bonoua-il-ne-faudrait-pas-quon-note-un-seul-acte-de-violence-dans-n#primaryimage\"},\"thumbnailUrl\":\"https:\/\/static.africa-press.net\/cote\/sites\/43\/2023\/06\/sm_1687961712.593881.jpg\",\"keywords\":[\"Africa Press\",\"Africa Press-C\u00f4te d'Ivoire\",\"Bonoua\",\"C\u00d4TE D'IVOIRE\",\"Gbagbo\",\"musulman\",\"Ou\u00e9gnin\",\"PPA-CI\",\"Samo\"],\"articleSection\":[\"Politique\",\"Toutes les actualit\u00e9s\"],\"inLanguage\":\"fr-FR\",\"potentialAction\":[{\"@type\":\"CommentAction\",\"name\":\"Comment\",\"target\":[\"https:\/\/www.africa-press.net\/cotedivoire\/politique\/ouegnin-avec-les-musulmans-de-bonoua-ce-mardi-ph-koaci-a-la-veille-de-la-tabaski-ouegnin-aux-musulmans-de-bonoua-il-ne-faudrait-pas-quon-note-un-seul-acte-de-violence-dans-n#respond\"]}]},{\"@type\":\"WebPage\",\"@id\":\"https:\/\/www.africa-press.net\/cotedivoire\/politique\/ouegnin-avec-les-musulmans-de-bonoua-ce-mardi-ph-koaci-a-la-veille-de-la-tabaski-ouegnin-aux-musulmans-de-bonoua-il-ne-faudrait-pas-quon-note-un-seul-acte-de-violence-dans-n\",\"url\":\"https:\/\/www.africa-press.net\/cotedivoire\/politique\/ouegnin-avec-les-musulmans-de-bonoua-ce-mardi-ph-koaci-a-la-veille-de-la-tabaski-ouegnin-aux-musulmans-de-bonoua-il-ne-faudrait-pas-quon-note-un-seul-acte-de-violence-dans-n\",\"name\":\"Ou\u00e9gnin avec les musulmans de Bonoua ce mardi (Ph KOACI) A la veille de la Tabaski, Ou\u00e9gnin aux musulmans de Bonoua \u00ab Il ne faudrait pas qu'on note un seul acte de violence dans n - C\u00f4te d&#039;Ivoire\",\"isPartOf\":{\"@id\":\"https:\/\/www.africa-press.net\/cotedivoire\/#website\"},\"primaryImageOfPage\":{\"@id\":\"https:\/\/www.africa-press.net\/cotedivoire\/politique\/ouegnin-avec-les-musulmans-de-bonoua-ce-mardi-ph-koaci-a-la-veille-de-la-tabaski-ouegnin-aux-musulmans-de-bonoua-il-ne-faudrait-pas-quon-note-un-seul-acte-de-violence-dans-n#primaryimage\"},\"image\":{\"@id\":\"https:\/\/www.africa-press.net\/cotedivoire\/politique\/ouegnin-avec-les-musulmans-de-bonoua-ce-mardi-ph-koaci-a-la-veille-de-la-tabaski-ouegnin-aux-musulmans-de-bonoua-il-ne-faudrait-pas-quon-note-un-seul-acte-de-violence-dans-n#primaryimage\"},\"thumbnailUrl\":\"https:\/\/static.africa-press.net\/cote\/sites\/43\/2023\/06\/sm_1687961712.593881.jpg\",\"datePublished\":\"2023-06-28T17:34:53+00:00\",\"dateModified\":\"2023-06-28T17:45:52+00:00\",\"author\":{\"@id\":\"https:\/\/www.africa-press.net\/cotedivoire\/#\/schema\/person\/2b1cf3cd81a31e3cd26889ca66d677f1\"},\"description\":\"Georges Armand Oue\u0301gnin, candidat du parti des Peuples Africains \u2013 Co\u0302te d\u2019Ivoire (PPA-CI) a effectue\u0301 une visite aux mu ...\",\"breadcrumb\":{\"@id\":\"https:\/\/www.africa-press.net\/cotedivoire\/politique\/ouegnin-avec-les-musulmans-de-bonoua-ce-mardi-ph-koaci-a-la-veille-de-la-tabaski-ouegnin-aux-musulmans-de-bonoua-il-ne-faudrait-pas-quon-note-un-seul-acte-de-violence-dans-n#breadcrumb\"},\"inLanguage\":\"fr-FR\",\"potentialAction\":[{\"@type\":\"ReadAction\",\"target\":[\"https:\/\/www.africa-press.net\/cotedivoire\/politique\/ouegnin-avec-les-musulmans-de-bonoua-ce-mardi-ph-koaci-a-la-veille-de-la-tabaski-ouegnin-aux-musulmans-de-bonoua-il-ne-faudrait-pas-quon-note-un-seul-acte-de-violence-dans-n\"]}]},{\"@type\":\"ImageObject\",\"inLanguage\":\"fr-FR\",\"@id\":\"https:\/\/www.africa-press.net\/cotedivoire\/politique\/ouegnin-avec-les-musulmans-de-bonoua-ce-mardi-ph-koaci-a-la-veille-de-la-tabaski-ouegnin-aux-musulmans-de-bonoua-il-ne-faudrait-pas-quon-note-un-seul-acte-de-violence-dans-n#primaryimage\",\"url\":\"https:\/\/static.africa-press.net\/cote\/sites\/43\/2023\/06\/sm_1687961712.593881.jpg\",\"contentUrl\":\"https:\/\/static.africa-press.net\/cote\/sites\/43\/2023\/06\/sm_1687961712.593881.jpg\",\"width\":720,\"height\":540,\"caption\":\"Ou\u00e9gnin avec les musulmans de Bonoua ce mardi (Ph KOACI) A la veille de la Tabaski, Ou\u00e9gnin aux musulmans de Bonoua \u00ab Il ne faudrait pas qu'on note un seul acte de violence dans n\"},{\"@type\":\"BreadcrumbList\",\"@id\":\"https:\/\/www.africa-press.net\/cotedivoire\/politique\/ouegnin-avec-les-musulmans-de-bonoua-ce-mardi-ph-koaci-a-la-veille-de-la-tabaski-ouegnin-aux-musulmans-de-bonoua-il-ne-faudrait-pas-quon-note-un-seul-acte-de-violence-dans-n#breadcrumb\",\"itemListElement\":[{\"@type\":\"ListItem\",\"position\":1,\"name\":\"Accueil\",\"item\":\"https:\/\/www.africa-press.net\/cotedivoire\/\"},{\"@type\":\"ListItem\",\"position\":2,\"name\":\"Ou\u00e9gnin avec les musulmans de Bonoua ce mardi (Ph KOACI) A la veille de la Tabaski, Ou\u00e9gnin aux musulmans de Bonoua \u00ab Il ne faudrait pas qu&#8217;on note un seul acte de violence dans n\"}]},{\"@type\":\"WebSite\",\"@id\":\"https:\/\/www.africa-press.net\/cotedivoire\/#website\",\"url\":\"https:\/\/www.africa-press.net\/cotedivoire\/\",\"name\":\"C\u00f4te d&#039;Ivoire\",\"description\":\"Just another Africa News Agency Sites site\",\"potentialAction\":[{\"@type\":\"SearchAction\",\"target\":{\"@type\":\"EntryPoint\",\"urlTemplate\":\"https:\/\/www.africa-press.net\/cotedivoire\/?s={search_term_string}\"},\"query-input\":{\"@type\":\"PropertyValueSpecification\",\"valueRequired\":true,\"valueName\":\"search_term_string\"}}],\"inLanguage\":\"fr-FR\"},{\"@type\":\"Person\",\"@id\":\"https:\/\/www.africa-press.net\/cotedivoire\/#\/schema\/person\/2b1cf3cd81a31e3cd26889ca66d677f1\",\"name\":\"cfeditorfr\"}]}<\/script>\n<!-- \/ Yoast SEO Premium plugin. -->","yoast_head_json":{"title":"Ou\u00e9gnin avec les musulmans de Bonoua ce mardi (Ph KOACI)    A la veille de la Tabaski, Ou\u00e9gnin aux musulmans de Bonoua \u00ab Il ne faudrait pas qu'on note un seul acte de violence dans n - C\u00f4te d&#039;Ivoire","description":"Georges Armand Oue\u0301gnin, candidat du parti des Peuples Africains \u2013 Co\u0302te d\u2019Ivoire (PPA-CI) a effectue\u0301 une visite aux mu ...","robots":{"index":"index","follow":"follow","max-snippet":"max-snippet:-1","max-image-preview":"max-image-preview:large","max-video-preview":"max-video-preview:-1"},"canonical":"https:\/\/www.africa-press.net\/cotedivoire\/politique\/ouegnin-avec-les-musulmans-de-bonoua-ce-mardi-ph-koaci-a-la-veille-de-la-tabaski-ouegnin-aux-musulmans-de-bonoua-il-ne-faudrait-pas-quon-note-un-seul-acte-de-violence-dans-n","og_locale":"fr_FR","og_type":"article","og_title":"Ou\u00e9gnin avec les musulmans de Bonoua ce mardi (Ph KOACI)    A la veille de la Tabaski, Ou\u00e9gnin aux musulmans de Bonoua \u00ab Il ne faudrait pas qu'on note un seul acte de violence dans n","og_description":"Georges Armand Oue\u0301gnin, candidat du parti des Peuples Africains \u2013 Co\u0302te d\u2019Ivoire (PPA-CI) a effectue\u0301 une visite aux mu ...","og_url":"https:\/\/www.africa-press.net\/cotedivoire\/politique\/ouegnin-avec-les-musulmans-de-bonoua-ce-mardi-ph-koaci-a-la-veille-de-la-tabaski-ouegnin-aux-musulmans-de-bonoua-il-ne-faudrait-pas-quon-note-un-seul-acte-de-violence-dans-n","og_site_name":"C\u00f4te d&#039;Ivoire","article_published_time":"2023-06-28T17:34:53+00:00","article_modified_time":"2023-06-28T17:45:52+00:00","og_image":[{"width":720,"height":540,"url":"https:\/\/static.africa-press.net\/cote\/sites\/43\/2023\/06\/sm_1687961712.593881.jpg","type":"image\/jpeg"}],"author":"cfeditorfr","twitter_card":"summary_large_image","twitter_misc":{"\u00c9crit par":"cfeditorfr","Dur\u00e9e de lecture estim\u00e9e":"2 minutes"},"schema":{"@context":"https:\/\/schema.org","@graph":[{"@type":"Article","@id":"https:\/\/www.africa-press.net\/cotedivoire\/politique\/ouegnin-avec-les-musulmans-de-bonoua-ce-mardi-ph-koaci-a-la-veille-de-la-tabaski-ouegnin-aux-musulmans-de-bonoua-il-ne-faudrait-pas-quon-note-un-seul-acte-de-violence-dans-n#article","isPartOf":{"@id":"https:\/\/www.africa-press.net\/cotedivoire\/politique\/ouegnin-avec-les-musulmans-de-bonoua-ce-mardi-ph-koaci-a-la-veille-de-la-tabaski-ouegnin-aux-musulmans-de-bonoua-il-ne-faudrait-pas-quon-note-un-seul-acte-de-violence-dans-n"},"author":{"name":"cfeditorfr","@id":"https:\/\/www.africa-press.net\/cotedivoire\/#\/schema\/person\/2b1cf3cd81a31e3cd26889ca66d677f1"},"headline":"Ou\u00e9gnin avec les musulmans de Bonoua ce mardi (Ph KOACI) A la veille de la Tabaski, Ou\u00e9gnin aux musulmans de Bonoua \u00ab Il ne faudrait pas qu&rsquo;on note un seul acte de violence dans n","datePublished":"2023-06-28T17:34:53+00:00","dateModified":"2023-06-28T17:45:52+00:00","mainEntityOfPage":{"@id":"https:\/\/www.africa-press.net\/cotedivoire\/politique\/ouegnin-avec-les-musulmans-de-bonoua-ce-mardi-ph-koaci-a-la-veille-de-la-tabaski-ouegnin-aux-musulmans-de-bonoua-il-ne-faudrait-pas-quon-note-un-seul-acte-de-violence-dans-n"},"wordCount":489,"commentCount":0,"image":{"@id":"https:\/\/www.africa-press.net\/cotedivoire\/politique\/ouegnin-avec-les-musulmans-de-bonoua-ce-mardi-ph-koaci-a-la-veille-de-la-tabaski-ouegnin-aux-musulmans-de-bonoua-il-ne-faudrait-pas-quon-note-un-seul-acte-de-violence-dans-n#primaryimage"},"thumbnailUrl":"https:\/\/static.africa-press.net\/cote\/sites\/43\/2023\/06\/sm_1687961712.593881.jpg","keywords":["Africa Press","Africa Press-C\u00f4te d'Ivoire","Bonoua","C\u00d4TE D'IVOIRE","Gbagbo","musulman","Ou\u00e9gnin","PPA-CI","Samo"],"articleSection":["Politique","Toutes les actualit\u00e9s"],"inLanguage":"fr-FR","potentialAction":[{"@type":"CommentAction","name":"Comment","target":["https:\/\/www.africa-press.net\/cotedivoire\/politique\/ouegnin-avec-les-musulmans-de-bonoua-ce-mardi-ph-koaci-a-la-veille-de-la-tabaski-ouegnin-aux-musulmans-de-bonoua-il-ne-faudrait-pas-quon-note-un-seul-acte-de-violence-dans-n#respond"]}]},{"@type":"WebPage","@id":"https:\/\/www.africa-press.net\/cotedivoire\/politique\/ouegnin-avec-les-musulmans-de-bonoua-ce-mardi-ph-koaci-a-la-veille-de-la-tabaski-ouegnin-aux-musulmans-de-bonoua-il-ne-faudrait-pas-quon-note-un-seul-acte-de-violence-dans-n","url":"https:\/\/www.africa-press.net\/cotedivoire\/politique\/ouegnin-avec-les-musulmans-de-bonoua-ce-mardi-ph-koaci-a-la-veille-de-la-tabaski-ouegnin-aux-musulmans-de-bonoua-il-ne-faudrait-pas-quon-note-un-seul-acte-de-violence-dans-n","name":"Ou\u00e9gnin avec les musulmans de Bonoua ce mardi (Ph KOACI) A la veille de la Tabaski, Ou\u00e9gnin aux musulmans de Bonoua \u00ab Il ne faudrait pas qu'on note un seul acte de violence dans n - C\u00f4te d&#039;Ivoire","isPartOf":{"@id":"https:\/\/www.africa-press.net\/cotedivoire\/#website"},"primaryImageOfPage":{"@id":"https:\/\/www.africa-press.net\/cotedivoire\/politique\/ouegnin-avec-les-musulmans-de-bonoua-ce-mardi-ph-koaci-a-la-veille-de-la-tabaski-ouegnin-aux-musulmans-de-bonoua-il-ne-faudrait-pas-quon-note-un-seul-acte-de-violence-dans-n#primaryimage"},"image":{"@id":"https:\/\/www.africa-press.net\/cotedivoire\/politique\/ouegnin-avec-les-musulmans-de-bonoua-ce-mardi-ph-koaci-a-la-veille-de-la-tabaski-ouegnin-aux-musulmans-de-bonoua-il-ne-faudrait-pas-quon-note-un-seul-acte-de-violence-dans-n#primaryimage"},"thumbnailUrl":"https:\/\/static.africa-press.net\/cote\/sites\/43\/2023\/06\/sm_1687961712.593881.jpg","datePublished":"2023-06-28T17:34:53+00:00","dateModified":"2023-06-28T17:45:52+00:00","author":{"@id":"https:\/\/www.africa-press.net\/cotedivoire\/#\/schema\/person\/2b1cf3cd81a31e3cd26889ca66d677f1"},"description":"Georges Armand Oue\u0301gnin, candidat du parti des Peuples Africains \u2013 Co\u0302te d\u2019Ivoire (PPA-CI) a effectue\u0301 une visite aux mu ...","breadcrumb":{"@id":"https:\/\/www.africa-press.net\/cotedivoire\/politique\/ouegnin-avec-les-musulmans-de-bonoua-ce-mardi-ph-koaci-a-la-veille-de-la-tabaski-ouegnin-aux-musulmans-de-bonoua-il-ne-faudrait-pas-quon-note-un-seul-acte-de-violence-dans-n#breadcrumb"},"inLanguage":"fr-FR","potentialAction":[{"@type":"ReadAction","target":["https:\/\/www.africa-press.net\/cotedivoire\/politique\/ouegnin-avec-les-musulmans-de-bonoua-ce-mardi-ph-koaci-a-la-veille-de-la-tabaski-ouegnin-aux-musulmans-de-bonoua-il-ne-faudrait-pas-quon-note-un-seul-acte-de-violence-dans-n"]}]},{"@type":"ImageObject","inLanguage":"fr-FR","@id":"https:\/\/www.africa-press.net\/cotedivoire\/politique\/ouegnin-avec-les-musulmans-de-bonoua-ce-mardi-ph-koaci-a-la-veille-de-la-tabaski-ouegnin-aux-musulmans-de-bonoua-il-ne-faudrait-pas-quon-note-un-seul-acte-de-violence-dans-n#primaryimage","url":"https:\/\/static.africa-press.net\/cote\/sites\/43\/2023\/06\/sm_1687961712.593881.jpg","contentUrl":"https:\/\/static.africa-press.net\/cote\/sites\/43\/2023\/06\/sm_1687961712.593881.jpg","width":720,"height":540,"caption":"Ou\u00e9gnin avec les musulmans de Bonoua ce mardi (Ph KOACI) A la veille de la Tabaski, Ou\u00e9gnin aux musulmans de Bonoua \u00ab Il ne faudrait pas qu'on note un seul acte de violence dans n"},{"@type":"BreadcrumbList","@id":"https:\/\/www.africa-press.net\/cotedivoire\/politique\/ouegnin-avec-les-musulmans-de-bonoua-ce-mardi-ph-koaci-a-la-veille-de-la-tabaski-ouegnin-aux-musulmans-de-bonoua-il-ne-faudrait-pas-quon-note-un-seul-acte-de-violence-dans-n#breadcrumb","itemListElement":[{"@type":"ListItem","position":1,"name":"Accueil","item":"https:\/\/www.africa-press.net\/cotedivoire\/"},{"@type":"ListItem","position":2,"name":"Ou\u00e9gnin avec les musulmans de Bonoua ce mardi (Ph KOACI) A la veille de la Tabaski, Ou\u00e9gnin aux musulmans de Bonoua \u00ab Il ne faudrait pas qu&#8217;on note un seul acte de violence dans n"}]},{"@type":"WebSite","@id":"https:\/\/www.africa-press.net\/cotedivoire\/#website","url":"https:\/\/www.africa-press.net\/cotedivoire\/","name":"C\u00f4te d&#039;Ivoire","description":"Just another Africa News Agency Sites site","potentialAction":[{"@type":"SearchAction","target":{"@type":"EntryPoint","urlTemplate":"https:\/\/www.africa-press.net\/cotedivoire\/?s={search_term_string}"},"query-input":{"@type":"PropertyValueSpecification","valueRequired":true,"valueName":"search_term_string"}}],"inLanguage":"fr-FR"},{"@type":"Person","@id":"https:\/\/www.africa-press.net\/cotedivoire\/#\/schema\/person\/2b1cf3cd81a31e3cd26889ca66d677f1","name":"cfeditorfr"}]}},"_links":{"self":[{"href":"https:\/\/www.africa-press.net\/cotedivoire\/wp-json\/wp\/v2\/posts\/60795","targetHints":{"allow":["GET"]}}],"collection":[{"href":"https:\/\/www.africa-press.net\/cotedivoire\/wp-json\/wp\/v2\/posts"}],"about":[{"href":"https:\/\/www.africa-press.net\/cotedivoire\/wp-json\/wp\/v2\/types\/post"}],"author":[{"embeddable":true,"href":"https:\/\/www.africa-press.net\/cotedivoire\/wp-json\/wp\/v2\/users\/82"}],"replies":[{"embeddable":true,"href":"https:\/\/www.africa-press.net\/cotedivoire\/wp-json\/wp\/v2\/comments?post=60795"}],"version-history":[{"count":0,"href":"https:\/\/www.africa-press.net\/cotedivoire\/wp-json\/wp\/v2\/posts\/60795\/revisions"}],"wp:featuredmedia":[{"embeddable":true,"href":"https:\/\/www.africa-press.net\/cotedivoire\/wp-json\/wp\/v2\/media\/60794"}],"wp:attachment":[{"href":"https:\/\/www.africa-press.net\/cotedivoire\/wp-json\/wp\/v2\/media?parent=60795"}],"wp:term":[{"taxonomy":"category","embeddable":true,"href":"https:\/\/www.africa-press.net\/cotedivoire\/wp-json\/wp\/v2\/categories?post=60795"},{"taxonomy":"post_tag","embeddable":true,"href":"https:\/\/www.africa-press.net\/cotedivoire\/wp-json\/wp\/v2\/tags?post=60795"}],"curies":[{"name":"wp","href":"https:\/\/api.w.org\/{rel}","templated":true}]}}