{"id":61147,"date":"2023-07-03T16:06:57","date_gmt":"2023-07-03T16:06:57","guid":{"rendered":"https:\/\/www.africa-press.net\/cotedivoire\/politique\/locales-2023-lalliance-ppa-ci-pdci-une-realite-dans-le-cavally"},"modified":"2023-07-03T17:34:00","modified_gmt":"2023-07-03T17:34:00","slug":"locales-2023-lalliance-ppa-ci-pdci-une-realite-dans-le-cavally","status":"publish","type":"post","link":"https:\/\/www.africa-press.net\/cotedivoire\/politique\/locales-2023-lalliance-ppa-ci-pdci-une-realite-dans-le-cavally","title":{"rendered":"Locales 2023, l&rsquo;alliance PPA-CI-PDCI une r\u00e9alit\u00e9 dans le Cavally"},"content":{"rendered":"<p><span style=\"color: #ff6600\"><strong>Africa-Press &#8211; C\u00f4te d&rsquo;Ivoire. <\/strong><\/span>L\u2019alliance entre le Parti des Peuples Africains de Co\u0302te d\u2019Ivoire (PPA-CI) et le Parti De\u0301mocratique de Co\u0302te d\u2019Ivoire (PDCI) pour les e\u0301lections locales du 02 septembre prochain est une re\u0301alite\u0301 dans la re\u0301gion du Cavally (Ouest).<\/p>\n<p>La preuve les candidats du PDCI et du PPA-CI dans un front commun contre leurs adversaires du Rassemblement des Houphoue\u0308tistes pour la De\u0301mocratie et la Paix (RHDP) ont e\u0301te\u0301 pre\u0301sente\u0301s ensembles aux populations de la re\u0301gion le week-end dernier.<\/p>\n<p>\u00ab C&rsquo;est avec une joie immense, que nous avons e\u0301te\u0301 pre\u0301sente\u0301s le vendredi 30 juin 2023, a\u0300 nos parents de TAI\u0308, mon fre\u0300re GUEI TE\u0301RE\u0301 candidat de la coalition PPA-CI\/PDCI-RDA a\u0300 la Mairie de TAI\u0308 et moi-me\u0302me, candidat au Conseil re\u0301gional du Cavally, par le ministre E\u0301mile Guirieoulou.<\/p>\n<p>Dans un e\u0301lan d&rsquo;union, les ministres E\u0301mile GUIRIEOULOU et De\u0301sire\u0301 GNONKONTE\u0301, nous ont confie\u0301 et confie\u0301 notre victoire aux parents. Merci a\u0300 mes NIAHOU de TAI\u0308 Merci pour votre mobilisation. 13 ans de mensonges, c\u0327a SUFFIT ! Je suis candidat pour sauver la re\u0301gion (&#8230;) Mon fre\u0300re De\u0301nis Kah Zion, candidat a\u0300 la communale et moi-me\u0302me, candidat a\u0300 la re\u0301gionale, avons e\u0301te\u0301 pre\u0301sente\u0301s ce samedi 1 juillet 2023, aux parents de TOULEPLEU, dans la ferveur totale. Ensemble nous y arriverons (&#8230;) C\u2019est dans une grande ferveur, que Mon fre\u0300re Ouahi Thierry, candidat a\u0300 la communale et moi-me\u0302me, candidat a\u0300 la re\u0301gionale, avons e\u0301te\u0301 pre\u0301sente\u0301s ce samedi 1 juillet 2023, aux parents de BLOLEQUIN. Ensemble nous y arriverons \u00bb, a indique\u0301 le candidat du duo PDCI-PPA-CI, Hubert Oulaye contre Anne Ouloto du RHDP, pour la pre\u0301sidence du Conseil Re\u0301gional du Cavally, aux e\u0301lections du 02 septembre prochain.<\/p>\n<p>Donatien Kautcha, Abidjan<\/p>\n<p><strong>Pour plus d&rsquo;informations et d&rsquo;analyses sur la <a href=\"https:\/\/www.africa-press.net\/cotedivoire\">C\u00f4te d&rsquo;Ivoire<\/a>, suivez <a href=\"https:\/\/www.africa-press.net\/\">Africa-Press<\/a><\/strong><\/p>\n","protected":false},"excerpt":{"rendered":"<p>Africa-Press &#8211; C\u00f4te d&rsquo;Ivoire. L\u2019alliance entre le Parti des Peuples Africains de Co\u0302te d\u2019Ivoire (PPA-CI) et le Parti De\u0301mocratique de Co\u0302te d\u2019Ivoire (PDCI) pour les e\u0301lections locales du 02 septembre prochain est une re\u0301alite\u0301 dans la re\u0301gion du Cavally (Ouest). La preuve les candidats du PDCI et du PPA-CI dans un front commun contre leurs [&hellip;]<\/p>\n","protected":false},"author":82,"featured_media":61145,"comment_status":"open","ping_status":"closed","sticky":false,"template":"","format":"standard","meta":{"footnotes":""},"categories":[2,10],"tags":[56,63,3204,1687,29,41,2097,10423,8577,423,1952,3655,371],"class_list":["post-61147","post","type-post","status-publish","format-standard","has-post-thumbnail","hentry","category-politique","category-toutes-les-actualites","tag-africa-press","tag-africa-press-cote-divoire","tag-alliance","tag-anne-ouloto","tag-cote-divoire","tag-elections","tag-hubert-oulaye","tag-locales-2023","tag-muncipales","tag-pdci","tag-ppa-ci","tag-regionales","tag-rhdp"],"yoast_head":"<!-- This site is optimized with the Yoast SEO Premium plugin v26.1 (Yoast SEO v27.0) - https:\/\/yoast.com\/product\/yoast-seo-premium-wordpress\/ -->\n<title>Locales 2023, l&#039;alliance PPA-CI-PDCI une r\u00e9alit\u00e9 dans le Cavally - C\u00f4te d&#039;Ivoire<\/title>\n<meta name=\"description\" content=\"L\u2019alliance entre le Parti des Peuples Africains de Co\u0302te d\u2019Ivoire (PPA-CI) et le Parti De\u0301mocratique de Co\u0302te d\u2019Ivoire ( ...\" \/>\n<meta name=\"robots\" content=\"index, follow, max-snippet:-1, max-image-preview:large, max-video-preview:-1\" \/>\n<link rel=\"canonical\" href=\"https:\/\/www.africa-press.net\/cotedivoire\/politique\/locales-2023-lalliance-ppa-ci-pdci-une-realite-dans-le-cavally\" \/>\n<meta property=\"og:locale\" content=\"fr_FR\" \/>\n<meta property=\"og:type\" content=\"article\" \/>\n<meta property=\"og:title\" content=\"Locales 2023, l&#039;alliance PPA-CI-PDCI une r\u00e9alit\u00e9 dans le Cavally\" \/>\n<meta property=\"og:description\" content=\"L\u2019alliance entre le Parti des Peuples Africains de Co\u0302te d\u2019Ivoire (PPA-CI) et le Parti De\u0301mocratique de Co\u0302te d\u2019Ivoire ( ...\" \/>\n<meta property=\"og:url\" content=\"https:\/\/www.africa-press.net\/cotedivoire\/politique\/locales-2023-lalliance-ppa-ci-pdci-une-realite-dans-le-cavally\" \/>\n<meta property=\"og:site_name\" content=\"C\u00f4te d&#039;Ivoire\" \/>\n<meta property=\"article:published_time\" content=\"2023-07-03T16:06:57+00:00\" \/>\n<meta property=\"article:modified_time\" content=\"2023-07-03T17:34:00+00:00\" \/>\n<meta property=\"og:image\" content=\"https:\/\/static.africa-press.net\/cote\/sites\/43\/2023\/07\/sm_1688393018.842262.jpg\" \/>\n\t<meta property=\"og:image:width\" content=\"720\" \/>\n\t<meta property=\"og:image:height\" content=\"350\" \/>\n\t<meta property=\"og:image:type\" content=\"image\/jpeg\" \/>\n<meta name=\"author\" content=\"cfeditorfr\" \/>\n<meta name=\"twitter:card\" content=\"summary_large_image\" \/>\n<meta name=\"twitter:label1\" content=\"\u00c9crit par\" \/>\n\t<meta name=\"twitter:data1\" content=\"cfeditorfr\" \/>\n\t<meta name=\"twitter:label2\" content=\"Dur\u00e9e de lecture estim\u00e9e\" \/>\n\t<meta name=\"twitter:data2\" content=\"2 minutes\" \/>\n<script type=\"application\/ld+json\" class=\"yoast-schema-graph\">{\"@context\":\"https:\/\/schema.org\",\"@graph\":[{\"@type\":\"Article\",\"@id\":\"https:\/\/www.africa-press.net\/cotedivoire\/politique\/locales-2023-lalliance-ppa-ci-pdci-une-realite-dans-le-cavally#article\",\"isPartOf\":{\"@id\":\"https:\/\/www.africa-press.net\/cotedivoire\/politique\/locales-2023-lalliance-ppa-ci-pdci-une-realite-dans-le-cavally\"},\"author\":{\"name\":\"cfeditorfr\",\"@id\":\"https:\/\/www.africa-press.net\/cotedivoire\/#\/schema\/person\/2b1cf3cd81a31e3cd26889ca66d677f1\"},\"headline\":\"Locales 2023, l&rsquo;alliance PPA-CI-PDCI une r\u00e9alit\u00e9 dans le Cavally\",\"datePublished\":\"2023-07-03T16:06:57+00:00\",\"dateModified\":\"2023-07-03T17:34:00+00:00\",\"mainEntityOfPage\":{\"@id\":\"https:\/\/www.africa-press.net\/cotedivoire\/politique\/locales-2023-lalliance-ppa-ci-pdci-une-realite-dans-le-cavally\"},\"wordCount\":337,\"commentCount\":0,\"image\":{\"@id\":\"https:\/\/www.africa-press.net\/cotedivoire\/politique\/locales-2023-lalliance-ppa-ci-pdci-une-realite-dans-le-cavally#primaryimage\"},\"thumbnailUrl\":\"https:\/\/static.africa-press.net\/cote\/sites\/43\/2023\/07\/sm_1688393018.842262.jpg\",\"keywords\":[\"Africa Press\",\"Africa Press-C\u00f4te d'Ivoire\",\"alliance\",\"Anne Ouloto\",\"C\u00d4TE D'IVOIRE\",\"\u00c9lections\",\"Hubert Oulaye\",\"locales 2023\",\"Muncipales\",\"Pdci\",\"PPA-CI\",\"r\u00e9gionales\",\"RHDP\"],\"articleSection\":[\"Politique\",\"Toutes les actualit\u00e9s\"],\"inLanguage\":\"fr-FR\",\"potentialAction\":[{\"@type\":\"CommentAction\",\"name\":\"Comment\",\"target\":[\"https:\/\/www.africa-press.net\/cotedivoire\/politique\/locales-2023-lalliance-ppa-ci-pdci-une-realite-dans-le-cavally#respond\"]}]},{\"@type\":\"WebPage\",\"@id\":\"https:\/\/www.africa-press.net\/cotedivoire\/politique\/locales-2023-lalliance-ppa-ci-pdci-une-realite-dans-le-cavally\",\"url\":\"https:\/\/www.africa-press.net\/cotedivoire\/politique\/locales-2023-lalliance-ppa-ci-pdci-une-realite-dans-le-cavally\",\"name\":\"Locales 2023, l'alliance PPA-CI-PDCI une r\u00e9alit\u00e9 dans le Cavally - C\u00f4te d&#039;Ivoire\",\"isPartOf\":{\"@id\":\"https:\/\/www.africa-press.net\/cotedivoire\/#website\"},\"primaryImageOfPage\":{\"@id\":\"https:\/\/www.africa-press.net\/cotedivoire\/politique\/locales-2023-lalliance-ppa-ci-pdci-une-realite-dans-le-cavally#primaryimage\"},\"image\":{\"@id\":\"https:\/\/www.africa-press.net\/cotedivoire\/politique\/locales-2023-lalliance-ppa-ci-pdci-une-realite-dans-le-cavally#primaryimage\"},\"thumbnailUrl\":\"https:\/\/static.africa-press.net\/cote\/sites\/43\/2023\/07\/sm_1688393018.842262.jpg\",\"datePublished\":\"2023-07-03T16:06:57+00:00\",\"dateModified\":\"2023-07-03T17:34:00+00:00\",\"author\":{\"@id\":\"https:\/\/www.africa-press.net\/cotedivoire\/#\/schema\/person\/2b1cf3cd81a31e3cd26889ca66d677f1\"},\"description\":\"L\u2019alliance entre le Parti des Peuples Africains de Co\u0302te d\u2019Ivoire (PPA-CI) et le Parti De\u0301mocratique de Co\u0302te d\u2019Ivoire ( ...\",\"breadcrumb\":{\"@id\":\"https:\/\/www.africa-press.net\/cotedivoire\/politique\/locales-2023-lalliance-ppa-ci-pdci-une-realite-dans-le-cavally#breadcrumb\"},\"inLanguage\":\"fr-FR\",\"potentialAction\":[{\"@type\":\"ReadAction\",\"target\":[\"https:\/\/www.africa-press.net\/cotedivoire\/politique\/locales-2023-lalliance-ppa-ci-pdci-une-realite-dans-le-cavally\"]}]},{\"@type\":\"ImageObject\",\"inLanguage\":\"fr-FR\",\"@id\":\"https:\/\/www.africa-press.net\/cotedivoire\/politique\/locales-2023-lalliance-ppa-ci-pdci-une-realite-dans-le-cavally#primaryimage\",\"url\":\"https:\/\/static.africa-press.net\/cote\/sites\/43\/2023\/07\/sm_1688393018.842262.jpg\",\"contentUrl\":\"https:\/\/static.africa-press.net\/cote\/sites\/43\/2023\/07\/sm_1688393018.842262.jpg\",\"width\":720,\"height\":350,\"caption\":\"Locales 2023, l'alliance PPA-CI-PDCI une r\u00e9alit\u00e9 dans le Cavally\"},{\"@type\":\"BreadcrumbList\",\"@id\":\"https:\/\/www.africa-press.net\/cotedivoire\/politique\/locales-2023-lalliance-ppa-ci-pdci-une-realite-dans-le-cavally#breadcrumb\",\"itemListElement\":[{\"@type\":\"ListItem\",\"position\":1,\"name\":\"Accueil\",\"item\":\"https:\/\/www.africa-press.net\/cotedivoire\/\"},{\"@type\":\"ListItem\",\"position\":2,\"name\":\"Locales 2023, l&#8217;alliance PPA-CI-PDCI une r\u00e9alit\u00e9 dans le Cavally\"}]},{\"@type\":\"WebSite\",\"@id\":\"https:\/\/www.africa-press.net\/cotedivoire\/#website\",\"url\":\"https:\/\/www.africa-press.net\/cotedivoire\/\",\"name\":\"C\u00f4te d&#039;Ivoire\",\"description\":\"Just another Africa News Agency Sites site\",\"potentialAction\":[{\"@type\":\"SearchAction\",\"target\":{\"@type\":\"EntryPoint\",\"urlTemplate\":\"https:\/\/www.africa-press.net\/cotedivoire\/?s={search_term_string}\"},\"query-input\":{\"@type\":\"PropertyValueSpecification\",\"valueRequired\":true,\"valueName\":\"search_term_string\"}}],\"inLanguage\":\"fr-FR\"},{\"@type\":\"Person\",\"@id\":\"https:\/\/www.africa-press.net\/cotedivoire\/#\/schema\/person\/2b1cf3cd81a31e3cd26889ca66d677f1\",\"name\":\"cfeditorfr\"}]}<\/script>\n<!-- \/ Yoast SEO Premium plugin. -->","yoast_head_json":{"title":"Locales 2023, l'alliance PPA-CI-PDCI une r\u00e9alit\u00e9 dans le Cavally - C\u00f4te d&#039;Ivoire","description":"L\u2019alliance entre le Parti des Peuples Africains de Co\u0302te d\u2019Ivoire (PPA-CI) et le Parti De\u0301mocratique de Co\u0302te d\u2019Ivoire ( ...","robots":{"index":"index","follow":"follow","max-snippet":"max-snippet:-1","max-image-preview":"max-image-preview:large","max-video-preview":"max-video-preview:-1"},"canonical":"https:\/\/www.africa-press.net\/cotedivoire\/politique\/locales-2023-lalliance-ppa-ci-pdci-une-realite-dans-le-cavally","og_locale":"fr_FR","og_type":"article","og_title":"Locales 2023, l'alliance PPA-CI-PDCI une r\u00e9alit\u00e9 dans le Cavally","og_description":"L\u2019alliance entre le Parti des Peuples Africains de Co\u0302te d\u2019Ivoire (PPA-CI) et le Parti De\u0301mocratique de Co\u0302te d\u2019Ivoire ( ...","og_url":"https:\/\/www.africa-press.net\/cotedivoire\/politique\/locales-2023-lalliance-ppa-ci-pdci-une-realite-dans-le-cavally","og_site_name":"C\u00f4te d&#039;Ivoire","article_published_time":"2023-07-03T16:06:57+00:00","article_modified_time":"2023-07-03T17:34:00+00:00","og_image":[{"width":720,"height":350,"url":"https:\/\/static.africa-press.net\/cote\/sites\/43\/2023\/07\/sm_1688393018.842262.jpg","type":"image\/jpeg"}],"author":"cfeditorfr","twitter_card":"summary_large_image","twitter_misc":{"\u00c9crit par":"cfeditorfr","Dur\u00e9e de lecture estim\u00e9e":"2 minutes"},"schema":{"@context":"https:\/\/schema.org","@graph":[{"@type":"Article","@id":"https:\/\/www.africa-press.net\/cotedivoire\/politique\/locales-2023-lalliance-ppa-ci-pdci-une-realite-dans-le-cavally#article","isPartOf":{"@id":"https:\/\/www.africa-press.net\/cotedivoire\/politique\/locales-2023-lalliance-ppa-ci-pdci-une-realite-dans-le-cavally"},"author":{"name":"cfeditorfr","@id":"https:\/\/www.africa-press.net\/cotedivoire\/#\/schema\/person\/2b1cf3cd81a31e3cd26889ca66d677f1"},"headline":"Locales 2023, l&rsquo;alliance PPA-CI-PDCI une r\u00e9alit\u00e9 dans le Cavally","datePublished":"2023-07-03T16:06:57+00:00","dateModified":"2023-07-03T17:34:00+00:00","mainEntityOfPage":{"@id":"https:\/\/www.africa-press.net\/cotedivoire\/politique\/locales-2023-lalliance-ppa-ci-pdci-une-realite-dans-le-cavally"},"wordCount":337,"commentCount":0,"image":{"@id":"https:\/\/www.africa-press.net\/cotedivoire\/politique\/locales-2023-lalliance-ppa-ci-pdci-une-realite-dans-le-cavally#primaryimage"},"thumbnailUrl":"https:\/\/static.africa-press.net\/cote\/sites\/43\/2023\/07\/sm_1688393018.842262.jpg","keywords":["Africa Press","Africa Press-C\u00f4te d'Ivoire","alliance","Anne Ouloto","C\u00d4TE D'IVOIRE","\u00c9lections","Hubert Oulaye","locales 2023","Muncipales","Pdci","PPA-CI","r\u00e9gionales","RHDP"],"articleSection":["Politique","Toutes les actualit\u00e9s"],"inLanguage":"fr-FR","potentialAction":[{"@type":"CommentAction","name":"Comment","target":["https:\/\/www.africa-press.net\/cotedivoire\/politique\/locales-2023-lalliance-ppa-ci-pdci-une-realite-dans-le-cavally#respond"]}]},{"@type":"WebPage","@id":"https:\/\/www.africa-press.net\/cotedivoire\/politique\/locales-2023-lalliance-ppa-ci-pdci-une-realite-dans-le-cavally","url":"https:\/\/www.africa-press.net\/cotedivoire\/politique\/locales-2023-lalliance-ppa-ci-pdci-une-realite-dans-le-cavally","name":"Locales 2023, l'alliance PPA-CI-PDCI une r\u00e9alit\u00e9 dans le Cavally - C\u00f4te d&#039;Ivoire","isPartOf":{"@id":"https:\/\/www.africa-press.net\/cotedivoire\/#website"},"primaryImageOfPage":{"@id":"https:\/\/www.africa-press.net\/cotedivoire\/politique\/locales-2023-lalliance-ppa-ci-pdci-une-realite-dans-le-cavally#primaryimage"},"image":{"@id":"https:\/\/www.africa-press.net\/cotedivoire\/politique\/locales-2023-lalliance-ppa-ci-pdci-une-realite-dans-le-cavally#primaryimage"},"thumbnailUrl":"https:\/\/static.africa-press.net\/cote\/sites\/43\/2023\/07\/sm_1688393018.842262.jpg","datePublished":"2023-07-03T16:06:57+00:00","dateModified":"2023-07-03T17:34:00+00:00","author":{"@id":"https:\/\/www.africa-press.net\/cotedivoire\/#\/schema\/person\/2b1cf3cd81a31e3cd26889ca66d677f1"},"description":"L\u2019alliance entre le Parti des Peuples Africains de Co\u0302te d\u2019Ivoire (PPA-CI) et le Parti De\u0301mocratique de Co\u0302te d\u2019Ivoire ( ...","breadcrumb":{"@id":"https:\/\/www.africa-press.net\/cotedivoire\/politique\/locales-2023-lalliance-ppa-ci-pdci-une-realite-dans-le-cavally#breadcrumb"},"inLanguage":"fr-FR","potentialAction":[{"@type":"ReadAction","target":["https:\/\/www.africa-press.net\/cotedivoire\/politique\/locales-2023-lalliance-ppa-ci-pdci-une-realite-dans-le-cavally"]}]},{"@type":"ImageObject","inLanguage":"fr-FR","@id":"https:\/\/www.africa-press.net\/cotedivoire\/politique\/locales-2023-lalliance-ppa-ci-pdci-une-realite-dans-le-cavally#primaryimage","url":"https:\/\/static.africa-press.net\/cote\/sites\/43\/2023\/07\/sm_1688393018.842262.jpg","contentUrl":"https:\/\/static.africa-press.net\/cote\/sites\/43\/2023\/07\/sm_1688393018.842262.jpg","width":720,"height":350,"caption":"Locales 2023, l'alliance PPA-CI-PDCI une r\u00e9alit\u00e9 dans le Cavally"},{"@type":"BreadcrumbList","@id":"https:\/\/www.africa-press.net\/cotedivoire\/politique\/locales-2023-lalliance-ppa-ci-pdci-une-realite-dans-le-cavally#breadcrumb","itemListElement":[{"@type":"ListItem","position":1,"name":"Accueil","item":"https:\/\/www.africa-press.net\/cotedivoire\/"},{"@type":"ListItem","position":2,"name":"Locales 2023, l&#8217;alliance PPA-CI-PDCI une r\u00e9alit\u00e9 dans le Cavally"}]},{"@type":"WebSite","@id":"https:\/\/www.africa-press.net\/cotedivoire\/#website","url":"https:\/\/www.africa-press.net\/cotedivoire\/","name":"C\u00f4te d&#039;Ivoire","description":"Just another Africa News Agency Sites site","potentialAction":[{"@type":"SearchAction","target":{"@type":"EntryPoint","urlTemplate":"https:\/\/www.africa-press.net\/cotedivoire\/?s={search_term_string}"},"query-input":{"@type":"PropertyValueSpecification","valueRequired":true,"valueName":"search_term_string"}}],"inLanguage":"fr-FR"},{"@type":"Person","@id":"https:\/\/www.africa-press.net\/cotedivoire\/#\/schema\/person\/2b1cf3cd81a31e3cd26889ca66d677f1","name":"cfeditorfr"}]}},"_links":{"self":[{"href":"https:\/\/www.africa-press.net\/cotedivoire\/wp-json\/wp\/v2\/posts\/61147","targetHints":{"allow":["GET"]}}],"collection":[{"href":"https:\/\/www.africa-press.net\/cotedivoire\/wp-json\/wp\/v2\/posts"}],"about":[{"href":"https:\/\/www.africa-press.net\/cotedivoire\/wp-json\/wp\/v2\/types\/post"}],"author":[{"embeddable":true,"href":"https:\/\/www.africa-press.net\/cotedivoire\/wp-json\/wp\/v2\/users\/82"}],"replies":[{"embeddable":true,"href":"https:\/\/www.africa-press.net\/cotedivoire\/wp-json\/wp\/v2\/comments?post=61147"}],"version-history":[{"count":0,"href":"https:\/\/www.africa-press.net\/cotedivoire\/wp-json\/wp\/v2\/posts\/61147\/revisions"}],"wp:featuredmedia":[{"embeddable":true,"href":"https:\/\/www.africa-press.net\/cotedivoire\/wp-json\/wp\/v2\/media\/61145"}],"wp:attachment":[{"href":"https:\/\/www.africa-press.net\/cotedivoire\/wp-json\/wp\/v2\/media?parent=61147"}],"wp:term":[{"taxonomy":"category","embeddable":true,"href":"https:\/\/www.africa-press.net\/cotedivoire\/wp-json\/wp\/v2\/categories?post=61147"},{"taxonomy":"post_tag","embeddable":true,"href":"https:\/\/www.africa-press.net\/cotedivoire\/wp-json\/wp\/v2\/tags?post=61147"}],"curies":[{"name":"wp","href":"https:\/\/api.w.org\/{rel}","templated":true}]}}