{"id":61350,"date":"2023-07-06T18:05:08","date_gmt":"2023-07-06T18:05:08","guid":{"rendered":"https:\/\/www.africa-press.net\/cotedivoire\/politique\/cote-divoire-portugal-reouverture-de-lambassade-a-abidjan-et-annonce-dune-commission-mixte-a-lisbonne-debut-2024"},"modified":"2023-07-06T18:15:38","modified_gmt":"2023-07-06T18:15:38","slug":"cote-divoire-portugal-reouverture-de-lambassade-a-abidjan-et-annonce-dune-commission-mixte-a-lisbonne-debut-2024","status":"publish","type":"post","link":"https:\/\/www.africa-press.net\/cotedivoire\/politique\/cote-divoire-portugal-reouverture-de-lambassade-a-abidjan-et-annonce-dune-commission-mixte-a-lisbonne-debut-2024","title":{"rendered":"C\u00f4te d&rsquo;Ivoire-Portugal : R\u00e9ouverture de l&rsquo;ambassade \u00e0 Abidjan et annonce d&rsquo;une commission mixte \u00e0 Lisbonne d\u00e9but 2024"},"content":{"rendered":"<p><span style=\"color: #ff6600\"><strong>Africa-Press &#8211; C\u00f4te d&rsquo;Ivoire. <\/strong><\/span>Joa\u0303o Gomes Cravinho, ministre des Affaires Etrange\u0300res du Portugal, suite a\u0300 son entretien avec le chef de l&rsquo;Etat ivoirien, a pris part a\u0300 un de\u0301jeuner offert dans un ho\u0302tel de la place au Plateau.<\/p>\n<p>Les e\u0301changes se sont poursuivis entre le ministre portugais et son homologue ivoirienne.<\/p>\n<p>Apre\u0300s une rencontre a\u0300 huis clos, Kandia Camara et l\u2019ho\u0302te du jour se sont adresse\u0301s a\u0300 la presse avant l&rsquo;entame du repas.<\/p>\n<p>Elle a salue\u0301 les relations bilate\u0301rales entre le Portugal et son pays. Selon Camara, ces relations bilate\u0301rales ont e\u0301te\u0301 raffermies en 2015, 4 ans apre\u0300s l&rsquo;accession de Ouattara a\u0300 la magistrature supre\u0302me.<\/p>\n<p>\u00ab De\u0300s son accession a\u0300 la magistrature supre\u0302me en 2011, Son Excellence Monsieur Alassane Ouattara a entrepris une politique de raffermissement des relations avec les pays amis et fre\u0300res. Dans ce cadre, la Co\u0302te d&rsquo;Ivoire et le Portugal se sont engage\u0301s a\u0300 insuffler un nouveau dynamisme a\u0300 leurs relations bilate\u0301rales, aboutissant ainsi, en 2015, a\u0300 l&rsquo;ouverture de l&rsquo;Ambassade de Co\u0302te d&rsquo;Ivoire a\u0300 Lisbonne et en 2021, a\u0300 la re\u0301ouverture, a\u0300 Abidjan, de la Repre\u0301sentation diplomatique du Portugal, que vous avez tenu a\u0300 inaugurer personnellement hier, renforc\u0327ant ainsi la pre\u0301sence de votre pays en Co\u0302te d&rsquo;Ivoire. Votre pre\u0301sence, ce jour, sur les bords de la Lagune Ebrie\u0301, te\u0301moigne ainsi de la vitalite\u0301 retrouve\u0301e de notre coope\u0301ration bilate\u0301rale et du raffermissement des liens d&rsquo;amitie\u0301 et de fructueuse coope\u0301ration qui unissent nos deux pays \u00bb, s&rsquo;est justifie\u0301e la Ministre des Affaires e\u0301trange\u0300res.<\/p>\n<p>La Co\u0302te d&rsquo;Ivoire et le Portugal ont des liens historiques, qui remontent au XVe sie\u0300cle. Fort de ces liens, nos deux pays ont e\u0301tabli des relations diplomatiques en 1975, sous l&rsquo;impulsion des Pre\u0301sidents Fe\u0301lix Houphoue\u0308t-Boigny et Mario Soares, qui ont de\u0301cide\u0301 de ba\u0302tir une amitie\u0301 solide et be\u0301ne\u0301fique en faveur du bien-e\u0302tre et du rapprochement des peuples ivoirien et portugais.<\/p>\n<p>Selon la ministre d&rsquo;Etat, c&rsquo;est dans cette me\u0302me perspective que s&rsquo;inscrivent aujourd&rsquo;hui les Pre\u0301sidents Alassane Ouattara et Marcelo Rebelo De Sousa qui se sont engage\u0301s a\u0300 poursuivre leurs efforts en vue du renforcement de la coope\u0301ration ivoiro-portugaise, a\u0300 travers les visites d&rsquo;E\u0301tat me\u0301morables effectue\u0301es, respectivement, a\u0300 Lisbonne et a\u0300 Abidjan, en septembre 2017 et en juin 2019.<\/p>\n<p>\u00abNous appre\u0301cions a\u0300 sa juste valeur cette visite de travail, qui nous donne l&rsquo;occasion d&rsquo;examiner ensemble les voies et moyens de renforcer davantage les relations de coope\u0301ration multiforme entre la Co\u0302te d&rsquo;Ivoire et le Portugal \u00bb, a ajoute\u0301 Kandia Camara.<\/p>\n<p>Elle a souhaite\u0301, une plus forte implication des investisseurs portugais dans les activite\u0301s e\u0301conomiques du pays qui contribuera a\u0300 relever le niveau du volume des e\u0301changes estime\u0301s a\u0300 92.4 milliards de FCFA en 2022.<\/p>\n<p>\u00ab Cela permettra, de toute e\u0301vidence, au regard des e\u0301normes potentialite\u0301s dont regorgent nos deux pays, de les hisser a\u0300 un niveau qui refle\u0300te l&rsquo;excellence de nos relations \u00bb, a mentionne\u0301, madame Camara.<\/p>\n<p>La ministre ivoirienne a appele\u0301 a\u0300 la tenue de la Commission bilate\u0301rale ivoiro-portugaise, dont la 3e session avait e\u0301te\u0301 organise\u0301e les 28 et 29 mai 2019 a\u0300 Abidjan.<\/p>\n<p>Le monde vit des moments difficiles dans le contexte international, des moments de bouleversement des relations internationales cause\u0301s par l&rsquo;invasion de l&rsquo;Ukraine par la Russie, mais aussi des moments ou\u0300 la re\u0301gion de l&rsquo;Afrique occidentale est frappe\u0301e par le terrorisme.<\/p>\n<p>Un certain nombre de pays subissent de\u0301ja\u0300 les conse\u0301quences tre\u0300s graves avec la possibilite\u0301 d&rsquo;exportation du terrorisme pour d&rsquo;autres pays dont la Co\u0302te d&rsquo;Ivoire et d\u2019autres pays co\u0302tiers.<\/p>\n<p>Selon le ministre des Affaires e\u0301trange\u0300res du Portugal, \u00ab c&rsquo;est dans les moments les plus difficiles, il faut e\u0302tre le plus proche des amis avec lesquels on peut avoir des relations d\u2019amitie\u0301 de confiance.<\/p>\n<p>\u00ab La re\u0301ouverture de l&rsquo;Ambassade du Portugal a\u0300 Abidjan en ce moment difficile pour les relations internationales symbolise notre conviction de l\u2019importance d\u2019e\u0302tre de la Co\u0302te d&rsquo;Ivoire. Justement, nous accueillons avec grande fierte\u0301, l&rsquo;ouverture de l&rsquo;ambassade de Co\u0302te d&rsquo;Ivoire a\u0300 Lisbonne au Portugal \u00bb, a insiste\u0301, Joa\u0303o Gomes Cravinho.<\/p>\n<p>Le Ministre portugais reste convaincu que dans ce contexte de difficulte\u0301 internationale, il y aura un renforcement des liens e\u0301conomiques entre les deux pays.<\/p>\n<p>Pour lui, la Co\u0302te d&rsquo;Ivoire est face a\u0300 un moment d\u2019excellent de croissance. Cette dernie\u0300re de\u0301cennie, la Co\u0302te d&rsquo;Ivoire a eu de bons re\u0301sultats dans le contexte e\u0301conomique.<\/p>\n<p>Le ministre des Affaires e\u0301trange\u0300res du Portugal a annonce\u0301 que pour les agents e\u0301conomiques portugais, le pays est tre\u0300s attirant et il est tre\u0300s important de pouvoir s&rsquo;installer en Co\u0302te d&rsquo;Ivoire et participer dans le processus de croissance, de de\u0301veloppement de ce beau pays.<\/p>\n<p>\u00ab Et je suis convaincu que la re\u0301ouverture de l&rsquo;ambassade va permettre de stimuler la plus forte pre\u0301sence d&rsquo;agents e\u0301conomiques en Co\u0302te d&rsquo;Ivoire. C&rsquo;est dans cet esprit que je travaillerai avec ma colle\u0300gue, la ministre d&rsquo;E\u0301tat des Affaires e\u0301trange\u0300res de Co\u0302te d&rsquo;Ivoire, pour recevoir la commission mixte a\u0300 Lisbonne de\u0301but 2024 et je pense c\u0327a peut faire la diffe\u0301rence pour nos peuples et nos re\u0301gions que nous renforcions les relations entre nos deux pays \u00bb, a-t-il conclu.<\/p>\n<p>Wassimagnon<\/p>\n<p><strong>Pour plus d&rsquo;informations et d&rsquo;analyses sur la <a href=\"https:\/\/www.africa-press.net\/cotedivoire\">C\u00f4te d&rsquo;Ivoire<\/a>, suivez <a href=\"https:\/\/www.africa-press.net\/\">Africa-Press<\/a><\/strong><\/p>\n","protected":false},"excerpt":{"rendered":"<p>Africa-Press &#8211; C\u00f4te d&rsquo;Ivoire. Joa\u0303o Gomes Cravinho, ministre des Affaires Etrange\u0300res du Portugal, suite a\u0300 son entretien avec le chef de l&rsquo;Etat ivoirien, a pris part a\u0300 un de\u0301jeuner offert dans un ho\u0302tel de la place au Plateau. Les e\u0301changes se sont poursuivis entre le ministre portugais et son homologue ivoirienne. Apre\u0300s une rencontre a\u0300 [&hellip;]<\/p>\n","protected":false},"author":82,"featured_media":61349,"comment_status":"open","ping_status":"closed","sticky":false,"template":"","format":"standard","meta":{"footnotes":""},"categories":[2,10],"tags":[56,63,3370,29,10606,1083,10608,10605,10607],"class_list":["post-61350","post","type-post","status-publish","format-standard","has-post-thumbnail","hentry","category-politique","category-toutes-les-actualites","tag-africa-press","tag-africa-press-cote-divoire","tag-ambassade","tag-cote-divoire","tag-joao-gomes-cravinho","tag-kandia-camara","tag-lisbonne","tag-marcelo-rebelo-de-sousa","tag-mario-soares"],"yoast_head":"<!-- This site is optimized with the Yoast SEO Premium plugin v26.1 (Yoast SEO v27.0) - https:\/\/yoast.com\/product\/yoast-seo-premium-wordpress\/ -->\n<title>C\u00f4te d&#039;Ivoire-Portugal : R\u00e9ouverture de l&#039;ambassade \u00e0 Abidjan et annonce d&#039;une commission mixte \u00e0 Lisbonne d\u00e9but 2024 - C\u00f4te d&#039;Ivoire<\/title>\n<meta name=\"description\" content=\"Joa\u0303o Gomes Cravinho, ministre des Affaires Etrange\u0300res du Portugal, suite a\u0300 son entretien avec le chef de l&#039;Etat ivoir ...\" \/>\n<meta name=\"robots\" content=\"index, follow, max-snippet:-1, max-image-preview:large, max-video-preview:-1\" \/>\n<link rel=\"canonical\" href=\"https:\/\/www.africa-press.net\/cotedivoire\/politique\/cote-divoire-portugal-reouverture-de-lambassade-a-abidjan-et-annonce-dune-commission-mixte-a-lisbonne-debut-2024\" \/>\n<meta property=\"og:locale\" content=\"fr_FR\" \/>\n<meta property=\"og:type\" content=\"article\" \/>\n<meta property=\"og:title\" content=\"C\u00f4te d&#039;Ivoire-Portugal : R\u00e9ouverture de l&#039;ambassade \u00e0 Abidjan et annonce d&#039;une commission mixte \u00e0 Lisbonne d\u00e9but 2024\" \/>\n<meta property=\"og:description\" content=\"Joa\u0303o Gomes Cravinho, ministre des Affaires Etrange\u0300res du Portugal, suite a\u0300 son entretien avec le chef de l&#039;Etat ivoir ...\" \/>\n<meta property=\"og:url\" content=\"https:\/\/www.africa-press.net\/cotedivoire\/politique\/cote-divoire-portugal-reouverture-de-lambassade-a-abidjan-et-annonce-dune-commission-mixte-a-lisbonne-debut-2024\" \/>\n<meta property=\"og:site_name\" content=\"C\u00f4te d&#039;Ivoire\" \/>\n<meta property=\"article:published_time\" content=\"2023-07-06T18:05:08+00:00\" \/>\n<meta property=\"article:modified_time\" content=\"2023-07-06T18:15:38+00:00\" \/>\n<meta property=\"og:image\" content=\"https:\/\/static.africa-press.net\/cote\/sites\/43\/2023\/07\/sm_1688654689.302076.jpg\" \/>\n\t<meta property=\"og:image:width\" content=\"720\" \/>\n\t<meta property=\"og:image:height\" content=\"480\" \/>\n\t<meta property=\"og:image:type\" content=\"image\/jpeg\" \/>\n<meta name=\"author\" content=\"cfeditorfr\" \/>\n<meta name=\"twitter:card\" content=\"summary_large_image\" \/>\n<meta name=\"twitter:label1\" content=\"\u00c9crit par\" \/>\n\t<meta name=\"twitter:data1\" content=\"cfeditorfr\" \/>\n\t<meta name=\"twitter:label2\" content=\"Dur\u00e9e de lecture estim\u00e9e\" \/>\n\t<meta name=\"twitter:data2\" content=\"5 minutes\" \/>\n<script type=\"application\/ld+json\" class=\"yoast-schema-graph\">{\"@context\":\"https:\/\/schema.org\",\"@graph\":[{\"@type\":\"Article\",\"@id\":\"https:\/\/www.africa-press.net\/cotedivoire\/politique\/cote-divoire-portugal-reouverture-de-lambassade-a-abidjan-et-annonce-dune-commission-mixte-a-lisbonne-debut-2024#article\",\"isPartOf\":{\"@id\":\"https:\/\/www.africa-press.net\/cotedivoire\/politique\/cote-divoire-portugal-reouverture-de-lambassade-a-abidjan-et-annonce-dune-commission-mixte-a-lisbonne-debut-2024\"},\"author\":{\"name\":\"cfeditorfr\",\"@id\":\"https:\/\/www.africa-press.net\/cotedivoire\/#\/schema\/person\/2b1cf3cd81a31e3cd26889ca66d677f1\"},\"headline\":\"C\u00f4te d&rsquo;Ivoire-Portugal : R\u00e9ouverture de l&rsquo;ambassade \u00e0 Abidjan et annonce d&rsquo;une commission mixte \u00e0 Lisbonne d\u00e9but 2024\",\"datePublished\":\"2023-07-06T18:05:08+00:00\",\"dateModified\":\"2023-07-06T18:15:38+00:00\",\"mainEntityOfPage\":{\"@id\":\"https:\/\/www.africa-press.net\/cotedivoire\/politique\/cote-divoire-portugal-reouverture-de-lambassade-a-abidjan-et-annonce-dune-commission-mixte-a-lisbonne-debut-2024\"},\"wordCount\":991,\"commentCount\":0,\"image\":{\"@id\":\"https:\/\/www.africa-press.net\/cotedivoire\/politique\/cote-divoire-portugal-reouverture-de-lambassade-a-abidjan-et-annonce-dune-commission-mixte-a-lisbonne-debut-2024#primaryimage\"},\"thumbnailUrl\":\"https:\/\/static.africa-press.net\/cote\/sites\/43\/2023\/07\/sm_1688654689.302076.jpg\",\"keywords\":[\"Africa Press\",\"Africa Press-C\u00f4te d'Ivoire\",\"Ambassade\",\"C\u00d4TE D'IVOIRE\",\"Jo\u00e3o Gomes Cravinho\",\"Kandia Camara\",\"Lisbonne\",\"Marcelo Rebelo De Sousa\",\"Mario Soares\"],\"articleSection\":[\"Politique\",\"Toutes les actualit\u00e9s\"],\"inLanguage\":\"fr-FR\",\"potentialAction\":[{\"@type\":\"CommentAction\",\"name\":\"Comment\",\"target\":[\"https:\/\/www.africa-press.net\/cotedivoire\/politique\/cote-divoire-portugal-reouverture-de-lambassade-a-abidjan-et-annonce-dune-commission-mixte-a-lisbonne-debut-2024#respond\"]}]},{\"@type\":\"WebPage\",\"@id\":\"https:\/\/www.africa-press.net\/cotedivoire\/politique\/cote-divoire-portugal-reouverture-de-lambassade-a-abidjan-et-annonce-dune-commission-mixte-a-lisbonne-debut-2024\",\"url\":\"https:\/\/www.africa-press.net\/cotedivoire\/politique\/cote-divoire-portugal-reouverture-de-lambassade-a-abidjan-et-annonce-dune-commission-mixte-a-lisbonne-debut-2024\",\"name\":\"C\u00f4te d'Ivoire-Portugal : R\u00e9ouverture de l'ambassade \u00e0 Abidjan et annonce d'une commission mixte \u00e0 Lisbonne d\u00e9but 2024 - C\u00f4te d&#039;Ivoire\",\"isPartOf\":{\"@id\":\"https:\/\/www.africa-press.net\/cotedivoire\/#website\"},\"primaryImageOfPage\":{\"@id\":\"https:\/\/www.africa-press.net\/cotedivoire\/politique\/cote-divoire-portugal-reouverture-de-lambassade-a-abidjan-et-annonce-dune-commission-mixte-a-lisbonne-debut-2024#primaryimage\"},\"image\":{\"@id\":\"https:\/\/www.africa-press.net\/cotedivoire\/politique\/cote-divoire-portugal-reouverture-de-lambassade-a-abidjan-et-annonce-dune-commission-mixte-a-lisbonne-debut-2024#primaryimage\"},\"thumbnailUrl\":\"https:\/\/static.africa-press.net\/cote\/sites\/43\/2023\/07\/sm_1688654689.302076.jpg\",\"datePublished\":\"2023-07-06T18:05:08+00:00\",\"dateModified\":\"2023-07-06T18:15:38+00:00\",\"author\":{\"@id\":\"https:\/\/www.africa-press.net\/cotedivoire\/#\/schema\/person\/2b1cf3cd81a31e3cd26889ca66d677f1\"},\"description\":\"Joa\u0303o Gomes Cravinho, ministre des Affaires Etrange\u0300res du Portugal, suite a\u0300 son entretien avec le chef de l'Etat ivoir ...\",\"breadcrumb\":{\"@id\":\"https:\/\/www.africa-press.net\/cotedivoire\/politique\/cote-divoire-portugal-reouverture-de-lambassade-a-abidjan-et-annonce-dune-commission-mixte-a-lisbonne-debut-2024#breadcrumb\"},\"inLanguage\":\"fr-FR\",\"potentialAction\":[{\"@type\":\"ReadAction\",\"target\":[\"https:\/\/www.africa-press.net\/cotedivoire\/politique\/cote-divoire-portugal-reouverture-de-lambassade-a-abidjan-et-annonce-dune-commission-mixte-a-lisbonne-debut-2024\"]}]},{\"@type\":\"ImageObject\",\"inLanguage\":\"fr-FR\",\"@id\":\"https:\/\/www.africa-press.net\/cotedivoire\/politique\/cote-divoire-portugal-reouverture-de-lambassade-a-abidjan-et-annonce-dune-commission-mixte-a-lisbonne-debut-2024#primaryimage\",\"url\":\"https:\/\/static.africa-press.net\/cote\/sites\/43\/2023\/07\/sm_1688654689.302076.jpg\",\"contentUrl\":\"https:\/\/static.africa-press.net\/cote\/sites\/43\/2023\/07\/sm_1688654689.302076.jpg\",\"width\":720,\"height\":480,\"caption\":\"C\u00f4te d'Ivoire-Portugal : R\u00e9ouverture de l'ambassade \u00e0 Abidjan et annonce d'une commission mixte \u00e0 Lisbonne d\u00e9but 2024\"},{\"@type\":\"BreadcrumbList\",\"@id\":\"https:\/\/www.africa-press.net\/cotedivoire\/politique\/cote-divoire-portugal-reouverture-de-lambassade-a-abidjan-et-annonce-dune-commission-mixte-a-lisbonne-debut-2024#breadcrumb\",\"itemListElement\":[{\"@type\":\"ListItem\",\"position\":1,\"name\":\"Accueil\",\"item\":\"https:\/\/www.africa-press.net\/cotedivoire\/\"},{\"@type\":\"ListItem\",\"position\":2,\"name\":\"C\u00f4te d&#8217;Ivoire-Portugal : R\u00e9ouverture de l&#8217;ambassade \u00e0 Abidjan et annonce d&#8217;une commission mixte \u00e0 Lisbonne d\u00e9but 2024\"}]},{\"@type\":\"WebSite\",\"@id\":\"https:\/\/www.africa-press.net\/cotedivoire\/#website\",\"url\":\"https:\/\/www.africa-press.net\/cotedivoire\/\",\"name\":\"C\u00f4te d&#039;Ivoire\",\"description\":\"Just another Africa News Agency Sites site\",\"potentialAction\":[{\"@type\":\"SearchAction\",\"target\":{\"@type\":\"EntryPoint\",\"urlTemplate\":\"https:\/\/www.africa-press.net\/cotedivoire\/?s={search_term_string}\"},\"query-input\":{\"@type\":\"PropertyValueSpecification\",\"valueRequired\":true,\"valueName\":\"search_term_string\"}}],\"inLanguage\":\"fr-FR\"},{\"@type\":\"Person\",\"@id\":\"https:\/\/www.africa-press.net\/cotedivoire\/#\/schema\/person\/2b1cf3cd81a31e3cd26889ca66d677f1\",\"name\":\"cfeditorfr\"}]}<\/script>\n<!-- \/ Yoast SEO Premium plugin. -->","yoast_head_json":{"title":"C\u00f4te d'Ivoire-Portugal : R\u00e9ouverture de l'ambassade \u00e0 Abidjan et annonce d'une commission mixte \u00e0 Lisbonne d\u00e9but 2024 - C\u00f4te d&#039;Ivoire","description":"Joa\u0303o Gomes Cravinho, ministre des Affaires Etrange\u0300res du Portugal, suite a\u0300 son entretien avec le chef de l'Etat ivoir ...","robots":{"index":"index","follow":"follow","max-snippet":"max-snippet:-1","max-image-preview":"max-image-preview:large","max-video-preview":"max-video-preview:-1"},"canonical":"https:\/\/www.africa-press.net\/cotedivoire\/politique\/cote-divoire-portugal-reouverture-de-lambassade-a-abidjan-et-annonce-dune-commission-mixte-a-lisbonne-debut-2024","og_locale":"fr_FR","og_type":"article","og_title":"C\u00f4te d'Ivoire-Portugal : R\u00e9ouverture de l'ambassade \u00e0 Abidjan et annonce d'une commission mixte \u00e0 Lisbonne d\u00e9but 2024","og_description":"Joa\u0303o Gomes Cravinho, ministre des Affaires Etrange\u0300res du Portugal, suite a\u0300 son entretien avec le chef de l'Etat ivoir ...","og_url":"https:\/\/www.africa-press.net\/cotedivoire\/politique\/cote-divoire-portugal-reouverture-de-lambassade-a-abidjan-et-annonce-dune-commission-mixte-a-lisbonne-debut-2024","og_site_name":"C\u00f4te d&#039;Ivoire","article_published_time":"2023-07-06T18:05:08+00:00","article_modified_time":"2023-07-06T18:15:38+00:00","og_image":[{"width":720,"height":480,"url":"https:\/\/static.africa-press.net\/cote\/sites\/43\/2023\/07\/sm_1688654689.302076.jpg","type":"image\/jpeg"}],"author":"cfeditorfr","twitter_card":"summary_large_image","twitter_misc":{"\u00c9crit par":"cfeditorfr","Dur\u00e9e de lecture estim\u00e9e":"5 minutes"},"schema":{"@context":"https:\/\/schema.org","@graph":[{"@type":"Article","@id":"https:\/\/www.africa-press.net\/cotedivoire\/politique\/cote-divoire-portugal-reouverture-de-lambassade-a-abidjan-et-annonce-dune-commission-mixte-a-lisbonne-debut-2024#article","isPartOf":{"@id":"https:\/\/www.africa-press.net\/cotedivoire\/politique\/cote-divoire-portugal-reouverture-de-lambassade-a-abidjan-et-annonce-dune-commission-mixte-a-lisbonne-debut-2024"},"author":{"name":"cfeditorfr","@id":"https:\/\/www.africa-press.net\/cotedivoire\/#\/schema\/person\/2b1cf3cd81a31e3cd26889ca66d677f1"},"headline":"C\u00f4te d&rsquo;Ivoire-Portugal : R\u00e9ouverture de l&rsquo;ambassade \u00e0 Abidjan et annonce d&rsquo;une commission mixte \u00e0 Lisbonne d\u00e9but 2024","datePublished":"2023-07-06T18:05:08+00:00","dateModified":"2023-07-06T18:15:38+00:00","mainEntityOfPage":{"@id":"https:\/\/www.africa-press.net\/cotedivoire\/politique\/cote-divoire-portugal-reouverture-de-lambassade-a-abidjan-et-annonce-dune-commission-mixte-a-lisbonne-debut-2024"},"wordCount":991,"commentCount":0,"image":{"@id":"https:\/\/www.africa-press.net\/cotedivoire\/politique\/cote-divoire-portugal-reouverture-de-lambassade-a-abidjan-et-annonce-dune-commission-mixte-a-lisbonne-debut-2024#primaryimage"},"thumbnailUrl":"https:\/\/static.africa-press.net\/cote\/sites\/43\/2023\/07\/sm_1688654689.302076.jpg","keywords":["Africa Press","Africa Press-C\u00f4te d'Ivoire","Ambassade","C\u00d4TE D'IVOIRE","Jo\u00e3o Gomes Cravinho","Kandia Camara","Lisbonne","Marcelo Rebelo De Sousa","Mario Soares"],"articleSection":["Politique","Toutes les actualit\u00e9s"],"inLanguage":"fr-FR","potentialAction":[{"@type":"CommentAction","name":"Comment","target":["https:\/\/www.africa-press.net\/cotedivoire\/politique\/cote-divoire-portugal-reouverture-de-lambassade-a-abidjan-et-annonce-dune-commission-mixte-a-lisbonne-debut-2024#respond"]}]},{"@type":"WebPage","@id":"https:\/\/www.africa-press.net\/cotedivoire\/politique\/cote-divoire-portugal-reouverture-de-lambassade-a-abidjan-et-annonce-dune-commission-mixte-a-lisbonne-debut-2024","url":"https:\/\/www.africa-press.net\/cotedivoire\/politique\/cote-divoire-portugal-reouverture-de-lambassade-a-abidjan-et-annonce-dune-commission-mixte-a-lisbonne-debut-2024","name":"C\u00f4te d'Ivoire-Portugal : R\u00e9ouverture de l'ambassade \u00e0 Abidjan et annonce d'une commission mixte \u00e0 Lisbonne d\u00e9but 2024 - C\u00f4te d&#039;Ivoire","isPartOf":{"@id":"https:\/\/www.africa-press.net\/cotedivoire\/#website"},"primaryImageOfPage":{"@id":"https:\/\/www.africa-press.net\/cotedivoire\/politique\/cote-divoire-portugal-reouverture-de-lambassade-a-abidjan-et-annonce-dune-commission-mixte-a-lisbonne-debut-2024#primaryimage"},"image":{"@id":"https:\/\/www.africa-press.net\/cotedivoire\/politique\/cote-divoire-portugal-reouverture-de-lambassade-a-abidjan-et-annonce-dune-commission-mixte-a-lisbonne-debut-2024#primaryimage"},"thumbnailUrl":"https:\/\/static.africa-press.net\/cote\/sites\/43\/2023\/07\/sm_1688654689.302076.jpg","datePublished":"2023-07-06T18:05:08+00:00","dateModified":"2023-07-06T18:15:38+00:00","author":{"@id":"https:\/\/www.africa-press.net\/cotedivoire\/#\/schema\/person\/2b1cf3cd81a31e3cd26889ca66d677f1"},"description":"Joa\u0303o Gomes Cravinho, ministre des Affaires Etrange\u0300res du Portugal, suite a\u0300 son entretien avec le chef de l'Etat ivoir ...","breadcrumb":{"@id":"https:\/\/www.africa-press.net\/cotedivoire\/politique\/cote-divoire-portugal-reouverture-de-lambassade-a-abidjan-et-annonce-dune-commission-mixte-a-lisbonne-debut-2024#breadcrumb"},"inLanguage":"fr-FR","potentialAction":[{"@type":"ReadAction","target":["https:\/\/www.africa-press.net\/cotedivoire\/politique\/cote-divoire-portugal-reouverture-de-lambassade-a-abidjan-et-annonce-dune-commission-mixte-a-lisbonne-debut-2024"]}]},{"@type":"ImageObject","inLanguage":"fr-FR","@id":"https:\/\/www.africa-press.net\/cotedivoire\/politique\/cote-divoire-portugal-reouverture-de-lambassade-a-abidjan-et-annonce-dune-commission-mixte-a-lisbonne-debut-2024#primaryimage","url":"https:\/\/static.africa-press.net\/cote\/sites\/43\/2023\/07\/sm_1688654689.302076.jpg","contentUrl":"https:\/\/static.africa-press.net\/cote\/sites\/43\/2023\/07\/sm_1688654689.302076.jpg","width":720,"height":480,"caption":"C\u00f4te d'Ivoire-Portugal : R\u00e9ouverture de l'ambassade \u00e0 Abidjan et annonce d'une commission mixte \u00e0 Lisbonne d\u00e9but 2024"},{"@type":"BreadcrumbList","@id":"https:\/\/www.africa-press.net\/cotedivoire\/politique\/cote-divoire-portugal-reouverture-de-lambassade-a-abidjan-et-annonce-dune-commission-mixte-a-lisbonne-debut-2024#breadcrumb","itemListElement":[{"@type":"ListItem","position":1,"name":"Accueil","item":"https:\/\/www.africa-press.net\/cotedivoire\/"},{"@type":"ListItem","position":2,"name":"C\u00f4te d&#8217;Ivoire-Portugal : R\u00e9ouverture de l&#8217;ambassade \u00e0 Abidjan et annonce d&#8217;une commission mixte \u00e0 Lisbonne d\u00e9but 2024"}]},{"@type":"WebSite","@id":"https:\/\/www.africa-press.net\/cotedivoire\/#website","url":"https:\/\/www.africa-press.net\/cotedivoire\/","name":"C\u00f4te d&#039;Ivoire","description":"Just another Africa News Agency Sites site","potentialAction":[{"@type":"SearchAction","target":{"@type":"EntryPoint","urlTemplate":"https:\/\/www.africa-press.net\/cotedivoire\/?s={search_term_string}"},"query-input":{"@type":"PropertyValueSpecification","valueRequired":true,"valueName":"search_term_string"}}],"inLanguage":"fr-FR"},{"@type":"Person","@id":"https:\/\/www.africa-press.net\/cotedivoire\/#\/schema\/person\/2b1cf3cd81a31e3cd26889ca66d677f1","name":"cfeditorfr"}]}},"_links":{"self":[{"href":"https:\/\/www.africa-press.net\/cotedivoire\/wp-json\/wp\/v2\/posts\/61350","targetHints":{"allow":["GET"]}}],"collection":[{"href":"https:\/\/www.africa-press.net\/cotedivoire\/wp-json\/wp\/v2\/posts"}],"about":[{"href":"https:\/\/www.africa-press.net\/cotedivoire\/wp-json\/wp\/v2\/types\/post"}],"author":[{"embeddable":true,"href":"https:\/\/www.africa-press.net\/cotedivoire\/wp-json\/wp\/v2\/users\/82"}],"replies":[{"embeddable":true,"href":"https:\/\/www.africa-press.net\/cotedivoire\/wp-json\/wp\/v2\/comments?post=61350"}],"version-history":[{"count":0,"href":"https:\/\/www.africa-press.net\/cotedivoire\/wp-json\/wp\/v2\/posts\/61350\/revisions"}],"wp:featuredmedia":[{"embeddable":true,"href":"https:\/\/www.africa-press.net\/cotedivoire\/wp-json\/wp\/v2\/media\/61349"}],"wp:attachment":[{"href":"https:\/\/www.africa-press.net\/cotedivoire\/wp-json\/wp\/v2\/media?parent=61350"}],"wp:term":[{"taxonomy":"category","embeddable":true,"href":"https:\/\/www.africa-press.net\/cotedivoire\/wp-json\/wp\/v2\/categories?post=61350"},{"taxonomy":"post_tag","embeddable":true,"href":"https:\/\/www.africa-press.net\/cotedivoire\/wp-json\/wp\/v2\/tags?post=61350"}],"curies":[{"name":"wp","href":"https:\/\/api.w.org\/{rel}","templated":true}]}}