{"id":61739,"date":"2023-07-13T13:36:18","date_gmt":"2023-07-13T13:36:18","guid":{"rendered":"https:\/\/www.africa-press.net\/cotedivoire\/politique\/fif-revoque-de-la-commission-de-recours-valentin-koulahi-conteste-la-decision-je-demeure-membre-de-la-commission-jusqua-la-fin-de-mon-mandat-de-4-ans"},"modified":"2023-07-13T13:59:29","modified_gmt":"2023-07-13T13:59:29","slug":"fif-revoque-de-la-commission-de-recours-valentin-koulahi-conteste-la-decision-je-demeure-membre-de-la-commission-jusqua-la-fin-de-mon-mandat-de-4-ans","status":"publish","type":"post","link":"https:\/\/www.africa-press.net\/cotedivoire\/sports\/fif-revoque-de-la-commission-de-recours-valentin-koulahi-conteste-la-decision-je-demeure-membre-de-la-commission-jusqua-la-fin-de-mon-mandat-de-4-ans","title":{"rendered":"FIF, r\u00e9voqu\u00e9 de la Commission de recours, Valentin Koulahi conteste la d\u00e9cision \u00ab Je demeure membre de la Commission jusqu&rsquo;\u00e0 la fin de mon mandat de 4 ans \u00bb"},"content":{"rendered":"<p><span style=\"color: #ff6600\"><strong>Africa-Press &#8211; C\u00f4te d&rsquo;Ivoire. <\/strong><\/span>M. Valentin Koulahi Mangni a e\u0301te\u0301 e\u0301lu depuis le 29 novembre 2022 en qualite\u0301 de membre de la Commission inde\u0301pendante de recours de la Fe\u0301de\u0301ration ivoirienne de football (FIF).<\/p>\n<p>Ce dernier a e\u0301te\u0301 re\u0301voque\u0301 par la Commission de discipline de l&rsquo;organisation supre\u0302me du football ivoirien qui a eu le quitus des pre\u0301sidents de clubs a\u0300 l&rsquo;occasion d&rsquo;une Assemble\u0301e ge\u0301ne\u0301rale de la Fe\u0301de\u0301ration ivoirienne de football tenue le 30 juin 2023.<\/p>\n<p>La re\u0301vocation de Valentin Koulahi Mangni fait suite a\u0300 sa comparution devant le Conseil de discipline qui a de\u0301cide\u0301 de l&rsquo;e\u0301vincer a\u0300 travers la de\u0301cision No 34 CED FIF du mardi 14 mars 2023.<\/p>\n<p>Selon le confe\u0301rencier, la Commission discipline lui reproche d&rsquo;avoir enfreint au code de la FIF. Une de\u0301cision qu&rsquo;il botte en touche indiquant qu&rsquo;un simple courrier qu&rsquo;il avait adresse\u0301 au pre\u0301sident de la FIF, Idriss Diallo le 09 de\u0301cembre 2022 en vue de de\u0301noncer le silence observe\u0301 au sein de la Commission recours dont il est membre, est reste\u0301e inactive alors que le championnat national battait son plein.<\/p>\n<p>Mieux depuis son e\u0301lection en qualite\u0301 de membre de ladite Commission, il n&rsquo;a jamais e\u0301te\u0301 convoque\u0301 a\u0300 une rencontre ni rec\u0327u de feuille de route et d&rsquo;attributs qui devraient lui permettre de jouer son ro\u0302le pour lequel il a e\u0301te\u0301 vote\u0301.<\/p>\n<p>Valentin Koulahi Magni qui est par ailleurs Pre\u0301sident du Mouvement national pour la sauvegarde de la bonne gouvernance a\u0300 la FIF (Monas-BG-FIF) e\u0301tait face aux journalistes le mercredi 12 juillet a\u0300 Yopougon pour dire sa part de ve\u0301rite\u0301 sur cette affaire, comme sur place constate\u0301 par KOACI.<\/p>\n<p>Il a exprime\u0301 son \u00ab e\u0301tonnement \u00bb a\u0300 l&rsquo;e\u0301gard d&rsquo;une telle de\u0301cision avant d&rsquo;arriver a\u0300 la conclusion que c&rsquo;est pluto\u0302t la de\u0301cision de sa re\u0301vocation qui heurte les textes de la FIF et que le directeur exe\u0301cutif de la FIF qui est nomme\u0301 par le Pre\u0301sident de la FIF n&rsquo;a pas qualite\u0301 pour le re\u0301voquer de la Commission recours puisse qu&rsquo;il est le fruit d&rsquo;une e\u0301lection des pre\u0301sidents des clubs.<\/p>\n<p>\u00ab Je reste et je demeure membre de la Commission de recours jusqu&rsquo;a\u0300 la fin de mon mandat qui dure quatre ans car un directeur exe\u0301cutif de la FIF n&rsquo;a pas le pouvoir ni mandat pour re\u0301voquer un membre e\u0301lu de la Commission de recours \u00bb, a-t-il conclu.<\/p>\n<p>Jean Chre\u0301sus, Abidjan<\/p>\n<p><strong>Pour plus d&rsquo;informations et d&rsquo;analyses sur la <a href=\"https:\/\/www.africa-press.net\/cotedivoire\">C\u00f4te d&rsquo;Ivoire<\/a>, suivez <a href=\"https:\/\/www.africa-press.net\/\">Africa-Press<\/a><\/strong><\/p>\n","protected":false},"excerpt":{"rendered":"<p>Africa-Press &#8211; C\u00f4te d&rsquo;Ivoire. M. Valentin Koulahi Mangni a e\u0301te\u0301 e\u0301lu depuis le 29 novembre 2022 en qualite\u0301 de membre de la Commission inde\u0301pendante de recours de la Fe\u0301de\u0301ration ivoirienne de football (FIF). Ce dernier a e\u0301te\u0301 re\u0301voque\u0301 par la Commission de discipline de l&rsquo;organisation supre\u0302me du football ivoirien qui a eu le quitus des [&hellip;]<\/p>\n","protected":false},"author":82,"featured_media":61737,"comment_status":"open","ping_status":"closed","sticky":false,"template":"","format":"standard","meta":{"footnotes":""},"categories":[6,10],"tags":[56,63,2539,29,859,1356,10671,879,540],"class_list":["post-61739","post","type-post","status-publish","format-standard","has-post-thumbnail","hentry","category-sports","category-toutes-les-actualites","tag-africa-press","tag-africa-press-cote-divoire","tag-commission","tag-cote-divoire","tag-fif","tag-idriss-diallo","tag-monas-bg","tag-valentin-koulahi","tag-yopougon"],"yoast_head":"<!-- This site is optimized with the Yoast SEO Premium plugin v26.1 (Yoast SEO v27.0) - https:\/\/yoast.com\/product\/yoast-seo-premium-wordpress\/ -->\n<title>FIF, r\u00e9voqu\u00e9 de la Commission de recours, Valentin Koulahi conteste la d\u00e9cision \u00ab Je demeure membre de la Commission jusqu&#039;\u00e0 la fin de mon mandat de 4 ans \u00bb - C\u00f4te d&#039;Ivoire<\/title>\n<meta name=\"description\" content=\"M. Valentin Koulahi Mangni a e\u0301te\u0301 e\u0301lu depuis le 29 novembre 2022 en qualite\u0301 de membre de la Commission inde\u0301pendante ...\" \/>\n<meta name=\"robots\" content=\"index, follow, max-snippet:-1, max-image-preview:large, max-video-preview:-1\" \/>\n<link rel=\"canonical\" href=\"https:\/\/www.africa-press.net\/cotedivoire\/sports\/fif-revoque-de-la-commission-de-recours-valentin-koulahi-conteste-la-decision-je-demeure-membre-de-la-commission-jusqua-la-fin-de-mon-mandat-de-4-ans\" \/>\n<meta property=\"og:locale\" content=\"fr_FR\" \/>\n<meta property=\"og:type\" content=\"article\" \/>\n<meta property=\"og:title\" content=\"FIF, r\u00e9voqu\u00e9 de la Commission de recours, Valentin Koulahi conteste la d\u00e9cision \u00ab Je demeure membre de la Commission jusqu&#039;\u00e0 la fin de mon mandat de 4 ans \u00bb\" \/>\n<meta property=\"og:description\" content=\"M. Valentin Koulahi Mangni a e\u0301te\u0301 e\u0301lu depuis le 29 novembre 2022 en qualite\u0301 de membre de la Commission inde\u0301pendante ...\" \/>\n<meta property=\"og:url\" content=\"https:\/\/www.africa-press.net\/cotedivoire\/sports\/fif-revoque-de-la-commission-de-recours-valentin-koulahi-conteste-la-decision-je-demeure-membre-de-la-commission-jusqua-la-fin-de-mon-mandat-de-4-ans\" \/>\n<meta property=\"og:site_name\" content=\"C\u00f4te d&#039;Ivoire\" \/>\n<meta property=\"article:published_time\" content=\"2023-07-13T13:36:18+00:00\" \/>\n<meta property=\"article:modified_time\" content=\"2023-07-13T13:59:29+00:00\" \/>\n<meta property=\"og:image\" content=\"https:\/\/static.africa-press.net\/cote\/sites\/43\/2023\/07\/sm_1689244120.996518.jpg\" \/>\n\t<meta property=\"og:image:width\" content=\"720\" \/>\n\t<meta property=\"og:image:height\" content=\"358\" \/>\n\t<meta property=\"og:image:type\" content=\"image\/jpeg\" \/>\n<meta name=\"author\" content=\"cfeditorfr\" \/>\n<meta name=\"twitter:card\" content=\"summary_large_image\" \/>\n<meta name=\"twitter:label1\" content=\"\u00c9crit par\" \/>\n\t<meta name=\"twitter:data1\" content=\"cfeditorfr\" \/>\n\t<meta name=\"twitter:label2\" content=\"Dur\u00e9e de lecture estim\u00e9e\" \/>\n\t<meta name=\"twitter:data2\" content=\"2 minutes\" \/>\n<script type=\"application\/ld+json\" class=\"yoast-schema-graph\">{\"@context\":\"https:\/\/schema.org\",\"@graph\":[{\"@type\":\"Article\",\"@id\":\"https:\/\/www.africa-press.net\/cotedivoire\/sports\/fif-revoque-de-la-commission-de-recours-valentin-koulahi-conteste-la-decision-je-demeure-membre-de-la-commission-jusqua-la-fin-de-mon-mandat-de-4-ans#article\",\"isPartOf\":{\"@id\":\"https:\/\/www.africa-press.net\/cotedivoire\/sports\/fif-revoque-de-la-commission-de-recours-valentin-koulahi-conteste-la-decision-je-demeure-membre-de-la-commission-jusqua-la-fin-de-mon-mandat-de-4-ans\"},\"author\":{\"name\":\"cfeditorfr\",\"@id\":\"https:\/\/www.africa-press.net\/cotedivoire\/#\/schema\/person\/2b1cf3cd81a31e3cd26889ca66d677f1\"},\"headline\":\"FIF, r\u00e9voqu\u00e9 de la Commission de recours, Valentin Koulahi conteste la d\u00e9cision \u00ab Je demeure membre de la Commission jusqu&rsquo;\u00e0 la fin de mon mandat de 4 ans \u00bb\",\"datePublished\":\"2023-07-13T13:36:18+00:00\",\"dateModified\":\"2023-07-13T13:59:29+00:00\",\"mainEntityOfPage\":{\"@id\":\"https:\/\/www.africa-press.net\/cotedivoire\/sports\/fif-revoque-de-la-commission-de-recours-valentin-koulahi-conteste-la-decision-je-demeure-membre-de-la-commission-jusqua-la-fin-de-mon-mandat-de-4-ans\"},\"wordCount\":481,\"commentCount\":0,\"image\":{\"@id\":\"https:\/\/www.africa-press.net\/cotedivoire\/sports\/fif-revoque-de-la-commission-de-recours-valentin-koulahi-conteste-la-decision-je-demeure-membre-de-la-commission-jusqua-la-fin-de-mon-mandat-de-4-ans#primaryimage\"},\"thumbnailUrl\":\"https:\/\/static.africa-press.net\/cote\/sites\/43\/2023\/07\/sm_1689244120.996518.jpg\",\"keywords\":[\"Africa Press\",\"Africa Press-C\u00f4te d'Ivoire\",\"commission\",\"C\u00d4TE D'IVOIRE\",\"FIF\",\"Idriss Diallo\",\"Monas-BG\",\"Valentin Koulahi\",\"Yopougon\"],\"articleSection\":[\"Sports\",\"Toutes les actualit\u00e9s\"],\"inLanguage\":\"fr-FR\",\"potentialAction\":[{\"@type\":\"CommentAction\",\"name\":\"Comment\",\"target\":[\"https:\/\/www.africa-press.net\/cotedivoire\/sports\/fif-revoque-de-la-commission-de-recours-valentin-koulahi-conteste-la-decision-je-demeure-membre-de-la-commission-jusqua-la-fin-de-mon-mandat-de-4-ans#respond\"]}]},{\"@type\":\"WebPage\",\"@id\":\"https:\/\/www.africa-press.net\/cotedivoire\/sports\/fif-revoque-de-la-commission-de-recours-valentin-koulahi-conteste-la-decision-je-demeure-membre-de-la-commission-jusqua-la-fin-de-mon-mandat-de-4-ans\",\"url\":\"https:\/\/www.africa-press.net\/cotedivoire\/sports\/fif-revoque-de-la-commission-de-recours-valentin-koulahi-conteste-la-decision-je-demeure-membre-de-la-commission-jusqua-la-fin-de-mon-mandat-de-4-ans\",\"name\":\"FIF, r\u00e9voqu\u00e9 de la Commission de recours, Valentin Koulahi conteste la d\u00e9cision \u00ab Je demeure membre de la Commission jusqu'\u00e0 la fin de mon mandat de 4 ans \u00bb - C\u00f4te d&#039;Ivoire\",\"isPartOf\":{\"@id\":\"https:\/\/www.africa-press.net\/cotedivoire\/#website\"},\"primaryImageOfPage\":{\"@id\":\"https:\/\/www.africa-press.net\/cotedivoire\/sports\/fif-revoque-de-la-commission-de-recours-valentin-koulahi-conteste-la-decision-je-demeure-membre-de-la-commission-jusqua-la-fin-de-mon-mandat-de-4-ans#primaryimage\"},\"image\":{\"@id\":\"https:\/\/www.africa-press.net\/cotedivoire\/sports\/fif-revoque-de-la-commission-de-recours-valentin-koulahi-conteste-la-decision-je-demeure-membre-de-la-commission-jusqua-la-fin-de-mon-mandat-de-4-ans#primaryimage\"},\"thumbnailUrl\":\"https:\/\/static.africa-press.net\/cote\/sites\/43\/2023\/07\/sm_1689244120.996518.jpg\",\"datePublished\":\"2023-07-13T13:36:18+00:00\",\"dateModified\":\"2023-07-13T13:59:29+00:00\",\"author\":{\"@id\":\"https:\/\/www.africa-press.net\/cotedivoire\/#\/schema\/person\/2b1cf3cd81a31e3cd26889ca66d677f1\"},\"description\":\"M. Valentin Koulahi Mangni a e\u0301te\u0301 e\u0301lu depuis le 29 novembre 2022 en qualite\u0301 de membre de la Commission inde\u0301pendante ...\",\"breadcrumb\":{\"@id\":\"https:\/\/www.africa-press.net\/cotedivoire\/sports\/fif-revoque-de-la-commission-de-recours-valentin-koulahi-conteste-la-decision-je-demeure-membre-de-la-commission-jusqua-la-fin-de-mon-mandat-de-4-ans#breadcrumb\"},\"inLanguage\":\"fr-FR\",\"potentialAction\":[{\"@type\":\"ReadAction\",\"target\":[\"https:\/\/www.africa-press.net\/cotedivoire\/sports\/fif-revoque-de-la-commission-de-recours-valentin-koulahi-conteste-la-decision-je-demeure-membre-de-la-commission-jusqua-la-fin-de-mon-mandat-de-4-ans\"]}]},{\"@type\":\"ImageObject\",\"inLanguage\":\"fr-FR\",\"@id\":\"https:\/\/www.africa-press.net\/cotedivoire\/sports\/fif-revoque-de-la-commission-de-recours-valentin-koulahi-conteste-la-decision-je-demeure-membre-de-la-commission-jusqua-la-fin-de-mon-mandat-de-4-ans#primaryimage\",\"url\":\"https:\/\/static.africa-press.net\/cote\/sites\/43\/2023\/07\/sm_1689244120.996518.jpg\",\"contentUrl\":\"https:\/\/static.africa-press.net\/cote\/sites\/43\/2023\/07\/sm_1689244120.996518.jpg\",\"width\":720,\"height\":358,\"caption\":\"FIF, r\u00e9voqu\u00e9 de la Commission de recours, Valentin Koulahi conteste la d\u00e9cision \u00ab Je demeure membre de la Commission jusqu'\u00e0 la fin de mon mandat de 4 ans \u00bb\"},{\"@type\":\"BreadcrumbList\",\"@id\":\"https:\/\/www.africa-press.net\/cotedivoire\/sports\/fif-revoque-de-la-commission-de-recours-valentin-koulahi-conteste-la-decision-je-demeure-membre-de-la-commission-jusqua-la-fin-de-mon-mandat-de-4-ans#breadcrumb\",\"itemListElement\":[{\"@type\":\"ListItem\",\"position\":1,\"name\":\"Accueil\",\"item\":\"https:\/\/www.africa-press.net\/cotedivoire\/\"},{\"@type\":\"ListItem\",\"position\":2,\"name\":\"FIF, r\u00e9voqu\u00e9 de la Commission de recours, Valentin Koulahi conteste la d\u00e9cision \u00ab Je demeure membre de la Commission jusqu&#8217;\u00e0 la fin de mon mandat de 4 ans \u00bb\"}]},{\"@type\":\"WebSite\",\"@id\":\"https:\/\/www.africa-press.net\/cotedivoire\/#website\",\"url\":\"https:\/\/www.africa-press.net\/cotedivoire\/\",\"name\":\"C\u00f4te d&#039;Ivoire\",\"description\":\"Just another Africa News Agency Sites site\",\"potentialAction\":[{\"@type\":\"SearchAction\",\"target\":{\"@type\":\"EntryPoint\",\"urlTemplate\":\"https:\/\/www.africa-press.net\/cotedivoire\/?s={search_term_string}\"},\"query-input\":{\"@type\":\"PropertyValueSpecification\",\"valueRequired\":true,\"valueName\":\"search_term_string\"}}],\"inLanguage\":\"fr-FR\"},{\"@type\":\"Person\",\"@id\":\"https:\/\/www.africa-press.net\/cotedivoire\/#\/schema\/person\/2b1cf3cd81a31e3cd26889ca66d677f1\",\"name\":\"cfeditorfr\"}]}<\/script>\n<!-- \/ Yoast SEO Premium plugin. -->","yoast_head_json":{"title":"FIF, r\u00e9voqu\u00e9 de la Commission de recours, Valentin Koulahi conteste la d\u00e9cision \u00ab Je demeure membre de la Commission jusqu'\u00e0 la fin de mon mandat de 4 ans \u00bb - C\u00f4te d&#039;Ivoire","description":"M. Valentin Koulahi Mangni a e\u0301te\u0301 e\u0301lu depuis le 29 novembre 2022 en qualite\u0301 de membre de la Commission inde\u0301pendante ...","robots":{"index":"index","follow":"follow","max-snippet":"max-snippet:-1","max-image-preview":"max-image-preview:large","max-video-preview":"max-video-preview:-1"},"canonical":"https:\/\/www.africa-press.net\/cotedivoire\/sports\/fif-revoque-de-la-commission-de-recours-valentin-koulahi-conteste-la-decision-je-demeure-membre-de-la-commission-jusqua-la-fin-de-mon-mandat-de-4-ans","og_locale":"fr_FR","og_type":"article","og_title":"FIF, r\u00e9voqu\u00e9 de la Commission de recours, Valentin Koulahi conteste la d\u00e9cision \u00ab Je demeure membre de la Commission jusqu'\u00e0 la fin de mon mandat de 4 ans \u00bb","og_description":"M. Valentin Koulahi Mangni a e\u0301te\u0301 e\u0301lu depuis le 29 novembre 2022 en qualite\u0301 de membre de la Commission inde\u0301pendante ...","og_url":"https:\/\/www.africa-press.net\/cotedivoire\/sports\/fif-revoque-de-la-commission-de-recours-valentin-koulahi-conteste-la-decision-je-demeure-membre-de-la-commission-jusqua-la-fin-de-mon-mandat-de-4-ans","og_site_name":"C\u00f4te d&#039;Ivoire","article_published_time":"2023-07-13T13:36:18+00:00","article_modified_time":"2023-07-13T13:59:29+00:00","og_image":[{"width":720,"height":358,"url":"https:\/\/static.africa-press.net\/cote\/sites\/43\/2023\/07\/sm_1689244120.996518.jpg","type":"image\/jpeg"}],"author":"cfeditorfr","twitter_card":"summary_large_image","twitter_misc":{"\u00c9crit par":"cfeditorfr","Dur\u00e9e de lecture estim\u00e9e":"2 minutes"},"schema":{"@context":"https:\/\/schema.org","@graph":[{"@type":"Article","@id":"https:\/\/www.africa-press.net\/cotedivoire\/sports\/fif-revoque-de-la-commission-de-recours-valentin-koulahi-conteste-la-decision-je-demeure-membre-de-la-commission-jusqua-la-fin-de-mon-mandat-de-4-ans#article","isPartOf":{"@id":"https:\/\/www.africa-press.net\/cotedivoire\/sports\/fif-revoque-de-la-commission-de-recours-valentin-koulahi-conteste-la-decision-je-demeure-membre-de-la-commission-jusqua-la-fin-de-mon-mandat-de-4-ans"},"author":{"name":"cfeditorfr","@id":"https:\/\/www.africa-press.net\/cotedivoire\/#\/schema\/person\/2b1cf3cd81a31e3cd26889ca66d677f1"},"headline":"FIF, r\u00e9voqu\u00e9 de la Commission de recours, Valentin Koulahi conteste la d\u00e9cision \u00ab Je demeure membre de la Commission jusqu&rsquo;\u00e0 la fin de mon mandat de 4 ans \u00bb","datePublished":"2023-07-13T13:36:18+00:00","dateModified":"2023-07-13T13:59:29+00:00","mainEntityOfPage":{"@id":"https:\/\/www.africa-press.net\/cotedivoire\/sports\/fif-revoque-de-la-commission-de-recours-valentin-koulahi-conteste-la-decision-je-demeure-membre-de-la-commission-jusqua-la-fin-de-mon-mandat-de-4-ans"},"wordCount":481,"commentCount":0,"image":{"@id":"https:\/\/www.africa-press.net\/cotedivoire\/sports\/fif-revoque-de-la-commission-de-recours-valentin-koulahi-conteste-la-decision-je-demeure-membre-de-la-commission-jusqua-la-fin-de-mon-mandat-de-4-ans#primaryimage"},"thumbnailUrl":"https:\/\/static.africa-press.net\/cote\/sites\/43\/2023\/07\/sm_1689244120.996518.jpg","keywords":["Africa Press","Africa Press-C\u00f4te d'Ivoire","commission","C\u00d4TE D'IVOIRE","FIF","Idriss Diallo","Monas-BG","Valentin Koulahi","Yopougon"],"articleSection":["Sports","Toutes les actualit\u00e9s"],"inLanguage":"fr-FR","potentialAction":[{"@type":"CommentAction","name":"Comment","target":["https:\/\/www.africa-press.net\/cotedivoire\/sports\/fif-revoque-de-la-commission-de-recours-valentin-koulahi-conteste-la-decision-je-demeure-membre-de-la-commission-jusqua-la-fin-de-mon-mandat-de-4-ans#respond"]}]},{"@type":"WebPage","@id":"https:\/\/www.africa-press.net\/cotedivoire\/sports\/fif-revoque-de-la-commission-de-recours-valentin-koulahi-conteste-la-decision-je-demeure-membre-de-la-commission-jusqua-la-fin-de-mon-mandat-de-4-ans","url":"https:\/\/www.africa-press.net\/cotedivoire\/sports\/fif-revoque-de-la-commission-de-recours-valentin-koulahi-conteste-la-decision-je-demeure-membre-de-la-commission-jusqua-la-fin-de-mon-mandat-de-4-ans","name":"FIF, r\u00e9voqu\u00e9 de la Commission de recours, Valentin Koulahi conteste la d\u00e9cision \u00ab Je demeure membre de la Commission jusqu'\u00e0 la fin de mon mandat de 4 ans \u00bb - C\u00f4te d&#039;Ivoire","isPartOf":{"@id":"https:\/\/www.africa-press.net\/cotedivoire\/#website"},"primaryImageOfPage":{"@id":"https:\/\/www.africa-press.net\/cotedivoire\/sports\/fif-revoque-de-la-commission-de-recours-valentin-koulahi-conteste-la-decision-je-demeure-membre-de-la-commission-jusqua-la-fin-de-mon-mandat-de-4-ans#primaryimage"},"image":{"@id":"https:\/\/www.africa-press.net\/cotedivoire\/sports\/fif-revoque-de-la-commission-de-recours-valentin-koulahi-conteste-la-decision-je-demeure-membre-de-la-commission-jusqua-la-fin-de-mon-mandat-de-4-ans#primaryimage"},"thumbnailUrl":"https:\/\/static.africa-press.net\/cote\/sites\/43\/2023\/07\/sm_1689244120.996518.jpg","datePublished":"2023-07-13T13:36:18+00:00","dateModified":"2023-07-13T13:59:29+00:00","author":{"@id":"https:\/\/www.africa-press.net\/cotedivoire\/#\/schema\/person\/2b1cf3cd81a31e3cd26889ca66d677f1"},"description":"M. Valentin Koulahi Mangni a e\u0301te\u0301 e\u0301lu depuis le 29 novembre 2022 en qualite\u0301 de membre de la Commission inde\u0301pendante ...","breadcrumb":{"@id":"https:\/\/www.africa-press.net\/cotedivoire\/sports\/fif-revoque-de-la-commission-de-recours-valentin-koulahi-conteste-la-decision-je-demeure-membre-de-la-commission-jusqua-la-fin-de-mon-mandat-de-4-ans#breadcrumb"},"inLanguage":"fr-FR","potentialAction":[{"@type":"ReadAction","target":["https:\/\/www.africa-press.net\/cotedivoire\/sports\/fif-revoque-de-la-commission-de-recours-valentin-koulahi-conteste-la-decision-je-demeure-membre-de-la-commission-jusqua-la-fin-de-mon-mandat-de-4-ans"]}]},{"@type":"ImageObject","inLanguage":"fr-FR","@id":"https:\/\/www.africa-press.net\/cotedivoire\/sports\/fif-revoque-de-la-commission-de-recours-valentin-koulahi-conteste-la-decision-je-demeure-membre-de-la-commission-jusqua-la-fin-de-mon-mandat-de-4-ans#primaryimage","url":"https:\/\/static.africa-press.net\/cote\/sites\/43\/2023\/07\/sm_1689244120.996518.jpg","contentUrl":"https:\/\/static.africa-press.net\/cote\/sites\/43\/2023\/07\/sm_1689244120.996518.jpg","width":720,"height":358,"caption":"FIF, r\u00e9voqu\u00e9 de la Commission de recours, Valentin Koulahi conteste la d\u00e9cision \u00ab Je demeure membre de la Commission jusqu'\u00e0 la fin de mon mandat de 4 ans \u00bb"},{"@type":"BreadcrumbList","@id":"https:\/\/www.africa-press.net\/cotedivoire\/sports\/fif-revoque-de-la-commission-de-recours-valentin-koulahi-conteste-la-decision-je-demeure-membre-de-la-commission-jusqua-la-fin-de-mon-mandat-de-4-ans#breadcrumb","itemListElement":[{"@type":"ListItem","position":1,"name":"Accueil","item":"https:\/\/www.africa-press.net\/cotedivoire\/"},{"@type":"ListItem","position":2,"name":"FIF, r\u00e9voqu\u00e9 de la Commission de recours, Valentin Koulahi conteste la d\u00e9cision \u00ab Je demeure membre de la Commission jusqu&#8217;\u00e0 la fin de mon mandat de 4 ans \u00bb"}]},{"@type":"WebSite","@id":"https:\/\/www.africa-press.net\/cotedivoire\/#website","url":"https:\/\/www.africa-press.net\/cotedivoire\/","name":"C\u00f4te d&#039;Ivoire","description":"Just another Africa News Agency Sites site","potentialAction":[{"@type":"SearchAction","target":{"@type":"EntryPoint","urlTemplate":"https:\/\/www.africa-press.net\/cotedivoire\/?s={search_term_string}"},"query-input":{"@type":"PropertyValueSpecification","valueRequired":true,"valueName":"search_term_string"}}],"inLanguage":"fr-FR"},{"@type":"Person","@id":"https:\/\/www.africa-press.net\/cotedivoire\/#\/schema\/person\/2b1cf3cd81a31e3cd26889ca66d677f1","name":"cfeditorfr"}]}},"_links":{"self":[{"href":"https:\/\/www.africa-press.net\/cotedivoire\/wp-json\/wp\/v2\/posts\/61739","targetHints":{"allow":["GET"]}}],"collection":[{"href":"https:\/\/www.africa-press.net\/cotedivoire\/wp-json\/wp\/v2\/posts"}],"about":[{"href":"https:\/\/www.africa-press.net\/cotedivoire\/wp-json\/wp\/v2\/types\/post"}],"author":[{"embeddable":true,"href":"https:\/\/www.africa-press.net\/cotedivoire\/wp-json\/wp\/v2\/users\/82"}],"replies":[{"embeddable":true,"href":"https:\/\/www.africa-press.net\/cotedivoire\/wp-json\/wp\/v2\/comments?post=61739"}],"version-history":[{"count":0,"href":"https:\/\/www.africa-press.net\/cotedivoire\/wp-json\/wp\/v2\/posts\/61739\/revisions"}],"wp:featuredmedia":[{"embeddable":true,"href":"https:\/\/www.africa-press.net\/cotedivoire\/wp-json\/wp\/v2\/media\/61737"}],"wp:attachment":[{"href":"https:\/\/www.africa-press.net\/cotedivoire\/wp-json\/wp\/v2\/media?parent=61739"}],"wp:term":[{"taxonomy":"category","embeddable":true,"href":"https:\/\/www.africa-press.net\/cotedivoire\/wp-json\/wp\/v2\/categories?post=61739"},{"taxonomy":"post_tag","embeddable":true,"href":"https:\/\/www.africa-press.net\/cotedivoire\/wp-json\/wp\/v2\/tags?post=61739"}],"curies":[{"name":"wp","href":"https:\/\/api.w.org\/{rel}","templated":true}]}}