{"id":61842,"date":"2023-07-15T14:14:32","date_gmt":"2023-07-15T14:14:32","guid":{"rendered":"https:\/\/www.africa-press.net\/cotedivoire\/politique\/la-caf-compte-sur-la-can-2023-pour-renflouer-ses-caisses"},"modified":"2023-07-15T14:55:35","modified_gmt":"2023-07-15T14:55:35","slug":"la-caf-compte-sur-la-can-2023-pour-renflouer-ses-caisses","status":"publish","type":"post","link":"https:\/\/www.africa-press.net\/cotedivoire\/sports\/la-caf-compte-sur-la-can-2023-pour-renflouer-ses-caisses","title":{"rendered":"La CAF compte sur la CAN 2023 pour renflouer ses caisses"},"content":{"rendered":"<p><span style=\"color: #ff6600\"><strong>Africa-Press &#8211; C\u00f4te d&rsquo;Ivoire. <\/strong><\/span>Ouattara a rec\u0327u jeudi les pre\u0301sidents de la FIFA et de la CAF (DR)<\/p>\n<p>Le rideau est tombe\u0301 jeudi sur la 45e\u0300 Assemble\u0301e Ge\u0301ne\u0301rale Ordinaire de la Confe\u0301de\u0301ration Africaine de Football (CAF) qui s\u2019est tenue a\u0300 Abidjan.<\/p>\n<p>L\u2019on retient de cette rencontre que, l\u2019instance affiche aujourd&rsquo;hui des revenus commerciaux de 125,2 millions de dollars US, soit une augmentation de 17% d&rsquo;une anne\u0301e sur l&rsquo;autre.<\/p>\n<p>L&rsquo;augmentation significative de 21,6 millions de dollars de la croissance des revenus par rapport a\u0300 l&rsquo;anne\u0301e financie\u0300re pre\u0301ce\u0301dente a e\u0301te\u0301 largement motive\u0301e par une augmentation des droits TV et de sponsoring de la CAF, plac\u0327ant fermement l&rsquo;Organisation sur la voie du redressement financier, souligne-t-on.<\/p>\n<p>Les compe\u0301titions interclubs (TotalEnergies CAF Champions League et TotalEnergies CAF Confe\u0301de\u0301ration Cup), la Super Coupe de la CAF, la CAF Women&rsquo;s Champions League, la Coupe d&rsquo;Afrique des Nations de FUTSAL et le Programme Scolaire Africain devraient e\u0302tre lance\u0301es au cours de l&rsquo;exercice 2023\/2024 avec un budget pre\u0301visionnel de 110 millions de dollars, consacre\u0301 a\u0300 l&rsquo;organisation et a\u0300 la dotation financie\u0300re de ces compe\u0301titions de premier plan.<\/p>\n<p>La CAF a pre\u0301vu une nouvelle augmentation des revenus pour cet exercice financier sur la base de la prochaine Coupe d&rsquo;Afrique des Nations CAF TotalEnergies Co\u0302te d&rsquo;Ivoire 2023.<\/p>\n<p>Le coup d&rsquo;envoi de ce tournoi phare est pre\u0301vu en janvier 2024 en Co\u0302te d&rsquo;Ivoire et devrait conside\u0301rablement renflouer les caisses de la CAF, fait savoir l\u2019instance.<\/p>\n<p>Par ailleurs, pre\u0301sents a\u0300 Abidjan dans le cadre de la 45e Assemble\u0301e Ge\u0301ne\u0301rale de la Confe\u0301de\u0301ration Africaine de Football, le Pre\u0301sident de la FIFA, Gianni Infantino, et le Pre\u0301sident de la CAF, Patrice Motsepe, ont salue\u0301, au cours d&rsquo;un entretien avec le Pre\u0301sident Alassane Ouattara, le jeudi,, les performances du football africain lors du dernier mondial au Qatar et fe\u0301licite\u0301 le Gouvernement ivoirien pour les dispositions prises et les infrastructures de qualite\u0301 construites pour accueillir la CAN2023 en Co\u0302te d&rsquo;Ivoire, en janvier et fe\u0301vrier 2024.<\/p>\n<p><strong>Pour plus d&rsquo;informations et d&rsquo;analyses sur la <a href=\"https:\/\/www.africa-press.net\/cotedivoire\">C\u00f4te d&rsquo;Ivoire<\/a>, suivez <a href=\"https:\/\/www.africa-press.net\/\">Africa-Press<\/a><\/strong><\/p>\n","protected":false},"excerpt":{"rendered":"<p>Africa-Press &#8211; C\u00f4te d&rsquo;Ivoire. Ouattara a rec\u0327u jeudi les pre\u0301sidents de la FIFA et de la CAF (DR) Le rideau est tombe\u0301 jeudi sur la 45e\u0300 Assemble\u0301e Ge\u0301ne\u0301rale Ordinaire de la Confe\u0301de\u0301ration Africaine de Football (CAF) qui s\u2019est tenue a\u0300 Abidjan. L\u2019on retient de cette rencontre que, l\u2019instance affiche aujourd&rsquo;hui des revenus commerciaux de 125,2 [&hellip;]<\/p>\n","protected":false},"author":82,"featured_media":61840,"comment_status":"open","ping_status":"closed","sticky":false,"template":"","format":"standard","meta":{"footnotes":""},"categories":[6,10],"tags":[56,63,2188,941,29,10691,10690,727],"class_list":["post-61842","post","type-post","status-publish","format-standard","has-post-thumbnail","hentry","category-sports","category-toutes-les-actualites","tag-africa-press","tag-africa-press-cote-divoire","tag-assemblee","tag-caf","tag-cote-divoire","tag-gianni","tag-motsepe","tag-ouattara"],"yoast_head":"<!-- This site is optimized with the Yoast SEO Premium plugin v26.1 (Yoast SEO v27.0) - https:\/\/yoast.com\/product\/yoast-seo-premium-wordpress\/ -->\n<title>La CAF compte sur la CAN 2023 pour renflouer ses caisses - C\u00f4te d&#039;Ivoire<\/title>\n<meta name=\"description\" content=\"Ouattara a rec\u0327u jeudi les pre\u0301sidents de la FIFA et de la CAF (DR) Le rideau est tombe\u0301 jeudi sur la 45e\u0300 Assemble\u0301e G ...\" \/>\n<meta name=\"robots\" content=\"index, follow, max-snippet:-1, max-image-preview:large, max-video-preview:-1\" \/>\n<link rel=\"canonical\" href=\"https:\/\/www.africa-press.net\/cotedivoire\/sports\/la-caf-compte-sur-la-can-2023-pour-renflouer-ses-caisses\" \/>\n<meta property=\"og:locale\" content=\"fr_FR\" \/>\n<meta property=\"og:type\" content=\"article\" \/>\n<meta property=\"og:title\" content=\"La CAF compte sur la CAN 2023 pour renflouer ses caisses\" \/>\n<meta property=\"og:description\" content=\"Ouattara a rec\u0327u jeudi les pre\u0301sidents de la FIFA et de la CAF (DR) Le rideau est tombe\u0301 jeudi sur la 45e\u0300 Assemble\u0301e G ...\" \/>\n<meta property=\"og:url\" content=\"https:\/\/www.africa-press.net\/cotedivoire\/sports\/la-caf-compte-sur-la-can-2023-pour-renflouer-ses-caisses\" \/>\n<meta property=\"og:site_name\" content=\"C\u00f4te d&#039;Ivoire\" \/>\n<meta property=\"article:published_time\" content=\"2023-07-15T14:14:32+00:00\" \/>\n<meta property=\"article:modified_time\" content=\"2023-07-15T14:55:35+00:00\" \/>\n<meta property=\"og:image\" content=\"https:\/\/static.africa-press.net\/cote\/sites\/43\/2023\/07\/sm_1689420251.810796.jpg\" \/>\n\t<meta property=\"og:image:width\" content=\"720\" \/>\n\t<meta property=\"og:image:height\" content=\"480\" \/>\n\t<meta property=\"og:image:type\" content=\"image\/jpeg\" \/>\n<meta name=\"author\" content=\"cfeditorfr\" \/>\n<meta name=\"twitter:card\" content=\"summary_large_image\" \/>\n<meta name=\"twitter:label1\" content=\"\u00c9crit par\" \/>\n\t<meta name=\"twitter:data1\" content=\"cfeditorfr\" \/>\n\t<meta name=\"twitter:label2\" content=\"Dur\u00e9e de lecture estim\u00e9e\" \/>\n\t<meta name=\"twitter:data2\" content=\"2 minutes\" \/>\n<script type=\"application\/ld+json\" class=\"yoast-schema-graph\">{\"@context\":\"https:\/\/schema.org\",\"@graph\":[{\"@type\":\"Article\",\"@id\":\"https:\/\/www.africa-press.net\/cotedivoire\/sports\/la-caf-compte-sur-la-can-2023-pour-renflouer-ses-caisses#article\",\"isPartOf\":{\"@id\":\"https:\/\/www.africa-press.net\/cotedivoire\/sports\/la-caf-compte-sur-la-can-2023-pour-renflouer-ses-caisses\"},\"author\":{\"name\":\"cfeditorfr\",\"@id\":\"https:\/\/www.africa-press.net\/cotedivoire\/#\/schema\/person\/2b1cf3cd81a31e3cd26889ca66d677f1\"},\"headline\":\"La CAF compte sur la CAN 2023 pour renflouer ses caisses\",\"datePublished\":\"2023-07-15T14:14:32+00:00\",\"dateModified\":\"2023-07-15T14:55:35+00:00\",\"mainEntityOfPage\":{\"@id\":\"https:\/\/www.africa-press.net\/cotedivoire\/sports\/la-caf-compte-sur-la-can-2023-pour-renflouer-ses-caisses\"},\"wordCount\":397,\"commentCount\":0,\"image\":{\"@id\":\"https:\/\/www.africa-press.net\/cotedivoire\/sports\/la-caf-compte-sur-la-can-2023-pour-renflouer-ses-caisses#primaryimage\"},\"thumbnailUrl\":\"https:\/\/static.africa-press.net\/cote\/sites\/43\/2023\/07\/sm_1689420251.810796.jpg\",\"keywords\":[\"Africa Press\",\"Africa Press-C\u00f4te d'Ivoire\",\"Assembl\u00e9e\",\"CAF\",\"C\u00d4TE D'IVOIRE\",\"Gianni\",\"Motsep\u00e9\",\"Ouattara\"],\"articleSection\":[\"Sports\",\"Toutes les actualit\u00e9s\"],\"inLanguage\":\"fr-FR\",\"potentialAction\":[{\"@type\":\"CommentAction\",\"name\":\"Comment\",\"target\":[\"https:\/\/www.africa-press.net\/cotedivoire\/sports\/la-caf-compte-sur-la-can-2023-pour-renflouer-ses-caisses#respond\"]}]},{\"@type\":\"WebPage\",\"@id\":\"https:\/\/www.africa-press.net\/cotedivoire\/sports\/la-caf-compte-sur-la-can-2023-pour-renflouer-ses-caisses\",\"url\":\"https:\/\/www.africa-press.net\/cotedivoire\/sports\/la-caf-compte-sur-la-can-2023-pour-renflouer-ses-caisses\",\"name\":\"La CAF compte sur la CAN 2023 pour renflouer ses caisses - C\u00f4te d&#039;Ivoire\",\"isPartOf\":{\"@id\":\"https:\/\/www.africa-press.net\/cotedivoire\/#website\"},\"primaryImageOfPage\":{\"@id\":\"https:\/\/www.africa-press.net\/cotedivoire\/sports\/la-caf-compte-sur-la-can-2023-pour-renflouer-ses-caisses#primaryimage\"},\"image\":{\"@id\":\"https:\/\/www.africa-press.net\/cotedivoire\/sports\/la-caf-compte-sur-la-can-2023-pour-renflouer-ses-caisses#primaryimage\"},\"thumbnailUrl\":\"https:\/\/static.africa-press.net\/cote\/sites\/43\/2023\/07\/sm_1689420251.810796.jpg\",\"datePublished\":\"2023-07-15T14:14:32+00:00\",\"dateModified\":\"2023-07-15T14:55:35+00:00\",\"author\":{\"@id\":\"https:\/\/www.africa-press.net\/cotedivoire\/#\/schema\/person\/2b1cf3cd81a31e3cd26889ca66d677f1\"},\"description\":\"Ouattara a rec\u0327u jeudi les pre\u0301sidents de la FIFA et de la CAF (DR) Le rideau est tombe\u0301 jeudi sur la 45e\u0300 Assemble\u0301e G ...\",\"breadcrumb\":{\"@id\":\"https:\/\/www.africa-press.net\/cotedivoire\/sports\/la-caf-compte-sur-la-can-2023-pour-renflouer-ses-caisses#breadcrumb\"},\"inLanguage\":\"fr-FR\",\"potentialAction\":[{\"@type\":\"ReadAction\",\"target\":[\"https:\/\/www.africa-press.net\/cotedivoire\/sports\/la-caf-compte-sur-la-can-2023-pour-renflouer-ses-caisses\"]}]},{\"@type\":\"ImageObject\",\"inLanguage\":\"fr-FR\",\"@id\":\"https:\/\/www.africa-press.net\/cotedivoire\/sports\/la-caf-compte-sur-la-can-2023-pour-renflouer-ses-caisses#primaryimage\",\"url\":\"https:\/\/static.africa-press.net\/cote\/sites\/43\/2023\/07\/sm_1689420251.810796.jpg\",\"contentUrl\":\"https:\/\/static.africa-press.net\/cote\/sites\/43\/2023\/07\/sm_1689420251.810796.jpg\",\"width\":720,\"height\":480,\"caption\":\"La CAF compte sur la CAN 2023 pour renflouer ses caisses\"},{\"@type\":\"BreadcrumbList\",\"@id\":\"https:\/\/www.africa-press.net\/cotedivoire\/sports\/la-caf-compte-sur-la-can-2023-pour-renflouer-ses-caisses#breadcrumb\",\"itemListElement\":[{\"@type\":\"ListItem\",\"position\":1,\"name\":\"Accueil\",\"item\":\"https:\/\/www.africa-press.net\/cotedivoire\/\"},{\"@type\":\"ListItem\",\"position\":2,\"name\":\"La CAF compte sur la CAN 2023 pour renflouer ses caisses\"}]},{\"@type\":\"WebSite\",\"@id\":\"https:\/\/www.africa-press.net\/cotedivoire\/#website\",\"url\":\"https:\/\/www.africa-press.net\/cotedivoire\/\",\"name\":\"C\u00f4te d&#039;Ivoire\",\"description\":\"Just another Africa News Agency Sites site\",\"potentialAction\":[{\"@type\":\"SearchAction\",\"target\":{\"@type\":\"EntryPoint\",\"urlTemplate\":\"https:\/\/www.africa-press.net\/cotedivoire\/?s={search_term_string}\"},\"query-input\":{\"@type\":\"PropertyValueSpecification\",\"valueRequired\":true,\"valueName\":\"search_term_string\"}}],\"inLanguage\":\"fr-FR\"},{\"@type\":\"Person\",\"@id\":\"https:\/\/www.africa-press.net\/cotedivoire\/#\/schema\/person\/2b1cf3cd81a31e3cd26889ca66d677f1\",\"name\":\"cfeditorfr\"}]}<\/script>\n<!-- \/ Yoast SEO Premium plugin. -->","yoast_head_json":{"title":"La CAF compte sur la CAN 2023 pour renflouer ses caisses - C\u00f4te d&#039;Ivoire","description":"Ouattara a rec\u0327u jeudi les pre\u0301sidents de la FIFA et de la CAF (DR) Le rideau est tombe\u0301 jeudi sur la 45e\u0300 Assemble\u0301e G ...","robots":{"index":"index","follow":"follow","max-snippet":"max-snippet:-1","max-image-preview":"max-image-preview:large","max-video-preview":"max-video-preview:-1"},"canonical":"https:\/\/www.africa-press.net\/cotedivoire\/sports\/la-caf-compte-sur-la-can-2023-pour-renflouer-ses-caisses","og_locale":"fr_FR","og_type":"article","og_title":"La CAF compte sur la CAN 2023 pour renflouer ses caisses","og_description":"Ouattara a rec\u0327u jeudi les pre\u0301sidents de la FIFA et de la CAF (DR) Le rideau est tombe\u0301 jeudi sur la 45e\u0300 Assemble\u0301e G ...","og_url":"https:\/\/www.africa-press.net\/cotedivoire\/sports\/la-caf-compte-sur-la-can-2023-pour-renflouer-ses-caisses","og_site_name":"C\u00f4te d&#039;Ivoire","article_published_time":"2023-07-15T14:14:32+00:00","article_modified_time":"2023-07-15T14:55:35+00:00","og_image":[{"width":720,"height":480,"url":"https:\/\/static.africa-press.net\/cote\/sites\/43\/2023\/07\/sm_1689420251.810796.jpg","type":"image\/jpeg"}],"author":"cfeditorfr","twitter_card":"summary_large_image","twitter_misc":{"\u00c9crit par":"cfeditorfr","Dur\u00e9e de lecture estim\u00e9e":"2 minutes"},"schema":{"@context":"https:\/\/schema.org","@graph":[{"@type":"Article","@id":"https:\/\/www.africa-press.net\/cotedivoire\/sports\/la-caf-compte-sur-la-can-2023-pour-renflouer-ses-caisses#article","isPartOf":{"@id":"https:\/\/www.africa-press.net\/cotedivoire\/sports\/la-caf-compte-sur-la-can-2023-pour-renflouer-ses-caisses"},"author":{"name":"cfeditorfr","@id":"https:\/\/www.africa-press.net\/cotedivoire\/#\/schema\/person\/2b1cf3cd81a31e3cd26889ca66d677f1"},"headline":"La CAF compte sur la CAN 2023 pour renflouer ses caisses","datePublished":"2023-07-15T14:14:32+00:00","dateModified":"2023-07-15T14:55:35+00:00","mainEntityOfPage":{"@id":"https:\/\/www.africa-press.net\/cotedivoire\/sports\/la-caf-compte-sur-la-can-2023-pour-renflouer-ses-caisses"},"wordCount":397,"commentCount":0,"image":{"@id":"https:\/\/www.africa-press.net\/cotedivoire\/sports\/la-caf-compte-sur-la-can-2023-pour-renflouer-ses-caisses#primaryimage"},"thumbnailUrl":"https:\/\/static.africa-press.net\/cote\/sites\/43\/2023\/07\/sm_1689420251.810796.jpg","keywords":["Africa Press","Africa Press-C\u00f4te d'Ivoire","Assembl\u00e9e","CAF","C\u00d4TE D'IVOIRE","Gianni","Motsep\u00e9","Ouattara"],"articleSection":["Sports","Toutes les actualit\u00e9s"],"inLanguage":"fr-FR","potentialAction":[{"@type":"CommentAction","name":"Comment","target":["https:\/\/www.africa-press.net\/cotedivoire\/sports\/la-caf-compte-sur-la-can-2023-pour-renflouer-ses-caisses#respond"]}]},{"@type":"WebPage","@id":"https:\/\/www.africa-press.net\/cotedivoire\/sports\/la-caf-compte-sur-la-can-2023-pour-renflouer-ses-caisses","url":"https:\/\/www.africa-press.net\/cotedivoire\/sports\/la-caf-compte-sur-la-can-2023-pour-renflouer-ses-caisses","name":"La CAF compte sur la CAN 2023 pour renflouer ses caisses - C\u00f4te d&#039;Ivoire","isPartOf":{"@id":"https:\/\/www.africa-press.net\/cotedivoire\/#website"},"primaryImageOfPage":{"@id":"https:\/\/www.africa-press.net\/cotedivoire\/sports\/la-caf-compte-sur-la-can-2023-pour-renflouer-ses-caisses#primaryimage"},"image":{"@id":"https:\/\/www.africa-press.net\/cotedivoire\/sports\/la-caf-compte-sur-la-can-2023-pour-renflouer-ses-caisses#primaryimage"},"thumbnailUrl":"https:\/\/static.africa-press.net\/cote\/sites\/43\/2023\/07\/sm_1689420251.810796.jpg","datePublished":"2023-07-15T14:14:32+00:00","dateModified":"2023-07-15T14:55:35+00:00","author":{"@id":"https:\/\/www.africa-press.net\/cotedivoire\/#\/schema\/person\/2b1cf3cd81a31e3cd26889ca66d677f1"},"description":"Ouattara a rec\u0327u jeudi les pre\u0301sidents de la FIFA et de la CAF (DR) Le rideau est tombe\u0301 jeudi sur la 45e\u0300 Assemble\u0301e G ...","breadcrumb":{"@id":"https:\/\/www.africa-press.net\/cotedivoire\/sports\/la-caf-compte-sur-la-can-2023-pour-renflouer-ses-caisses#breadcrumb"},"inLanguage":"fr-FR","potentialAction":[{"@type":"ReadAction","target":["https:\/\/www.africa-press.net\/cotedivoire\/sports\/la-caf-compte-sur-la-can-2023-pour-renflouer-ses-caisses"]}]},{"@type":"ImageObject","inLanguage":"fr-FR","@id":"https:\/\/www.africa-press.net\/cotedivoire\/sports\/la-caf-compte-sur-la-can-2023-pour-renflouer-ses-caisses#primaryimage","url":"https:\/\/static.africa-press.net\/cote\/sites\/43\/2023\/07\/sm_1689420251.810796.jpg","contentUrl":"https:\/\/static.africa-press.net\/cote\/sites\/43\/2023\/07\/sm_1689420251.810796.jpg","width":720,"height":480,"caption":"La CAF compte sur la CAN 2023 pour renflouer ses caisses"},{"@type":"BreadcrumbList","@id":"https:\/\/www.africa-press.net\/cotedivoire\/sports\/la-caf-compte-sur-la-can-2023-pour-renflouer-ses-caisses#breadcrumb","itemListElement":[{"@type":"ListItem","position":1,"name":"Accueil","item":"https:\/\/www.africa-press.net\/cotedivoire\/"},{"@type":"ListItem","position":2,"name":"La CAF compte sur la CAN 2023 pour renflouer ses caisses"}]},{"@type":"WebSite","@id":"https:\/\/www.africa-press.net\/cotedivoire\/#website","url":"https:\/\/www.africa-press.net\/cotedivoire\/","name":"C\u00f4te d&#039;Ivoire","description":"Just another Africa News Agency Sites site","potentialAction":[{"@type":"SearchAction","target":{"@type":"EntryPoint","urlTemplate":"https:\/\/www.africa-press.net\/cotedivoire\/?s={search_term_string}"},"query-input":{"@type":"PropertyValueSpecification","valueRequired":true,"valueName":"search_term_string"}}],"inLanguage":"fr-FR"},{"@type":"Person","@id":"https:\/\/www.africa-press.net\/cotedivoire\/#\/schema\/person\/2b1cf3cd81a31e3cd26889ca66d677f1","name":"cfeditorfr"}]}},"_links":{"self":[{"href":"https:\/\/www.africa-press.net\/cotedivoire\/wp-json\/wp\/v2\/posts\/61842","targetHints":{"allow":["GET"]}}],"collection":[{"href":"https:\/\/www.africa-press.net\/cotedivoire\/wp-json\/wp\/v2\/posts"}],"about":[{"href":"https:\/\/www.africa-press.net\/cotedivoire\/wp-json\/wp\/v2\/types\/post"}],"author":[{"embeddable":true,"href":"https:\/\/www.africa-press.net\/cotedivoire\/wp-json\/wp\/v2\/users\/82"}],"replies":[{"embeddable":true,"href":"https:\/\/www.africa-press.net\/cotedivoire\/wp-json\/wp\/v2\/comments?post=61842"}],"version-history":[{"count":0,"href":"https:\/\/www.africa-press.net\/cotedivoire\/wp-json\/wp\/v2\/posts\/61842\/revisions"}],"wp:featuredmedia":[{"embeddable":true,"href":"https:\/\/www.africa-press.net\/cotedivoire\/wp-json\/wp\/v2\/media\/61840"}],"wp:attachment":[{"href":"https:\/\/www.africa-press.net\/cotedivoire\/wp-json\/wp\/v2\/media?parent=61842"}],"wp:term":[{"taxonomy":"category","embeddable":true,"href":"https:\/\/www.africa-press.net\/cotedivoire\/wp-json\/wp\/v2\/categories?post=61842"},{"taxonomy":"post_tag","embeddable":true,"href":"https:\/\/www.africa-press.net\/cotedivoire\/wp-json\/wp\/v2\/tags?post=61842"}],"curies":[{"name":"wp","href":"https:\/\/api.w.org\/{rel}","templated":true}]}}