{"id":62069,"date":"2023-07-18T13:05:07","date_gmt":"2023-07-18T13:05:07","guid":{"rendered":"https:\/\/www.africa-press.net\/cotedivoire\/politique\/apres-avoir-desiste-aux-regionales-dans-le-haut-sassandra-stephane-kipre-aucune-ambition-ne-doit-etre-au-dessus-de-linteret-general-de-nos-populations"},"modified":"2023-07-18T13:42:43","modified_gmt":"2023-07-18T13:42:43","slug":"apres-avoir-desiste-aux-regionales-dans-le-haut-sassandra-stephane-kipre-aucune-ambition-ne-doit-etre-au-dessus-de-linteret-general-de-nos-populations","status":"publish","type":"post","link":"https:\/\/www.africa-press.net\/cotedivoire\/politique\/apres-avoir-desiste-aux-regionales-dans-le-haut-sassandra-stephane-kipre-aucune-ambition-ne-doit-etre-au-dessus-de-linteret-general-de-nos-populations","title":{"rendered":"Apr\u00e8s avoir d\u00e9sist\u00e9 aux R\u00e9gionales dans le Haut-Sassandra, Stephane Kipr\u00e9 : \u00ab Aucune ambition ne doit \u00eatre au-dessus de l&rsquo;int\u00e9r\u00eat g\u00e9n\u00e9ral de nos populations \u00bb"},"content":{"rendered":"<p><span style=\"color: #ff6600\"><strong>Africa-Press &#8211; C\u00f4te d&rsquo;Ivoire. <\/strong><\/span>C\u2019est officiel, Ste\u0301phane Kipre\u0301 ne portera pas les couleurs du Parti des Peuples Africains de Co\u0302te d\u2019Ivoire (PPACI) aux e\u0301lections Re\u0301gionales du 02 septembre 2023.<\/p>\n<p>Et pour cause, l\u2019alliance entre le PDCI et le PPP-CI aura eu raison de sa de\u0301cision. Dans cette re\u0301gion du Haut Sassandra et face au candidat du Rassemblent des Houphoue\u0308tistes pour la De\u0301mocratie et la Paix (RHDP), le Ministre Mamadou Toure\u0301, Henri Konan Be\u0301die\u0301 et Laurent Gbagbo ont de\u0301cide\u0301 de faire front commun contre leur adversaire.<\/p>\n<p>Le fondateur du de\u0301funt parti, Union des nouvelles Ge\u0301ne\u0301rations (UNG), explique son revirement par le fait qu&rsquo;aucune ambition ne doit e\u0302tre au-dessus de l\u2019inte\u0301re\u0302t ge\u0301ne\u0301ral des populations.<\/p>\n<p>\u00ab Aucune ambition ne doit e\u0302tre au-dessus de l\u2019inte\u0301re\u0302t ge\u0301ne\u0301ral de nos populations. De\u0301sormais, la question n\u2019est plus de savoir si nous allons gagner, mais le taux auquel l\u2019opposition va l\u2019emporter dans le Haut-Sassandra. J\u2019invite nos fre\u0300res et s\u0153urs de l\u2019opposition des autres communes et re\u0301gions a\u0300 s\u2019inspirer de l\u2019exemple du Haut-Sassandra \u00bb, a-t-il poste\u0301 ce lundi.<\/p>\n<p><strong>Pour plus d&rsquo;informations et d&rsquo;analyses sur la <a href=\"https:\/\/www.africa-press.net\/cotedivoire\">C\u00f4te d&rsquo;Ivoire<\/a>, suivez <a href=\"https:\/\/www.africa-press.net\/\">Africa-Press<\/a><\/strong><\/p>\n","protected":false},"excerpt":{"rendered":"<p>Africa-Press &#8211; C\u00f4te d&rsquo;Ivoire. C\u2019est officiel, Ste\u0301phane Kipre\u0301 ne portera pas les couleurs du Parti des Peuples Africains de Co\u0302te d\u2019Ivoire (PPACI) aux e\u0301lections Re\u0301gionales du 02 septembre 2023. Et pour cause, l\u2019alliance entre le PDCI et le PPP-CI aura eu raison de sa de\u0301cision. Dans cette re\u0301gion du Haut Sassandra et face au candidat [&hellip;]<\/p>\n","protected":false},"author":82,"featured_media":62068,"comment_status":"open","ping_status":"closed","sticky":false,"template":"","format":"standard","meta":{"footnotes":""},"categories":[2,10],"tags":[56,63,29,3087,408,50,423,1952,3655,371,356],"class_list":["post-62069","post","type-post","status-publish","format-standard","has-post-thumbnail","hentry","category-politique","category-toutes-les-actualites","tag-africa-press","tag-africa-press-cote-divoire","tag-cote-divoire","tag-djedje-mady","tag-konan-bedie","tag-laurent-gbagbo","tag-pdci","tag-ppa-ci","tag-regionales","tag-rhdp","tag-stephane-kipre"],"yoast_head":"<!-- This site is optimized with the Yoast SEO Premium plugin v26.1 (Yoast SEO v27.0) - https:\/\/yoast.com\/product\/yoast-seo-premium-wordpress\/ -->\n<title>Apr\u00e8s avoir d\u00e9sist\u00e9 aux R\u00e9gionales dans le Haut-Sassandra, Stephane Kipr\u00e9 : \u00ab Aucune ambition ne doit \u00eatre au-dessus de l&#039;int\u00e9r\u00eat g\u00e9n\u00e9ral de nos populations \u00bb - C\u00f4te d&#039;Ivoire<\/title>\n<meta name=\"description\" content=\"C\u2019est officiel, Ste\u0301phane Kipre\u0301 ne portera pas les couleurs du Parti des Peuples Africains de Co\u0302te d\u2019Ivoire (PPACI) au ...\" \/>\n<meta name=\"robots\" content=\"index, follow, max-snippet:-1, max-image-preview:large, max-video-preview:-1\" \/>\n<link rel=\"canonical\" href=\"https:\/\/www.africa-press.net\/cotedivoire\/politique\/apres-avoir-desiste-aux-regionales-dans-le-haut-sassandra-stephane-kipre-aucune-ambition-ne-doit-etre-au-dessus-de-linteret-general-de-nos-populations\" \/>\n<meta property=\"og:locale\" content=\"fr_FR\" \/>\n<meta property=\"og:type\" content=\"article\" \/>\n<meta property=\"og:title\" content=\"Apr\u00e8s avoir d\u00e9sist\u00e9 aux R\u00e9gionales dans le Haut-Sassandra, Stephane Kipr\u00e9 : \u00ab Aucune ambition ne doit \u00eatre au-dessus de l&#039;int\u00e9r\u00eat g\u00e9n\u00e9ral de nos populations \u00bb\" \/>\n<meta property=\"og:description\" content=\"C\u2019est officiel, Ste\u0301phane Kipre\u0301 ne portera pas les couleurs du Parti des Peuples Africains de Co\u0302te d\u2019Ivoire (PPACI) au ...\" \/>\n<meta property=\"og:url\" content=\"https:\/\/www.africa-press.net\/cotedivoire\/politique\/apres-avoir-desiste-aux-regionales-dans-le-haut-sassandra-stephane-kipre-aucune-ambition-ne-doit-etre-au-dessus-de-linteret-general-de-nos-populations\" \/>\n<meta property=\"og:site_name\" content=\"C\u00f4te d&#039;Ivoire\" \/>\n<meta property=\"article:published_time\" content=\"2023-07-18T13:05:07+00:00\" \/>\n<meta property=\"article:modified_time\" content=\"2023-07-18T13:42:43+00:00\" \/>\n<meta property=\"og:image\" content=\"https:\/\/static.africa-press.net\/cote\/sites\/43\/2023\/07\/sm_1689675090.486889.jpg\" \/>\n\t<meta property=\"og:image:width\" content=\"720\" \/>\n\t<meta property=\"og:image:height\" content=\"364\" \/>\n\t<meta property=\"og:image:type\" content=\"image\/jpeg\" \/>\n<meta name=\"author\" content=\"cfeditorfr\" \/>\n<meta name=\"twitter:card\" content=\"summary_large_image\" \/>\n<meta name=\"twitter:label1\" content=\"\u00c9crit par\" \/>\n\t<meta name=\"twitter:data1\" content=\"cfeditorfr\" \/>\n\t<meta name=\"twitter:label2\" content=\"Dur\u00e9e de lecture estim\u00e9e\" \/>\n\t<meta name=\"twitter:data2\" content=\"1 minute\" \/>\n<script type=\"application\/ld+json\" class=\"yoast-schema-graph\">{\"@context\":\"https:\/\/schema.org\",\"@graph\":[{\"@type\":\"Article\",\"@id\":\"https:\/\/www.africa-press.net\/cotedivoire\/politique\/apres-avoir-desiste-aux-regionales-dans-le-haut-sassandra-stephane-kipre-aucune-ambition-ne-doit-etre-au-dessus-de-linteret-general-de-nos-populations#article\",\"isPartOf\":{\"@id\":\"https:\/\/www.africa-press.net\/cotedivoire\/politique\/apres-avoir-desiste-aux-regionales-dans-le-haut-sassandra-stephane-kipre-aucune-ambition-ne-doit-etre-au-dessus-de-linteret-general-de-nos-populations\"},\"author\":{\"name\":\"cfeditorfr\",\"@id\":\"https:\/\/www.africa-press.net\/cotedivoire\/#\/schema\/person\/2b1cf3cd81a31e3cd26889ca66d677f1\"},\"headline\":\"Apr\u00e8s avoir d\u00e9sist\u00e9 aux R\u00e9gionales dans le Haut-Sassandra, Stephane Kipr\u00e9 : \u00ab Aucune ambition ne doit \u00eatre au-dessus de l&rsquo;int\u00e9r\u00eat g\u00e9n\u00e9ral de nos populations \u00bb\",\"datePublished\":\"2023-07-18T13:05:07+00:00\",\"dateModified\":\"2023-07-18T13:42:43+00:00\",\"mainEntityOfPage\":{\"@id\":\"https:\/\/www.africa-press.net\/cotedivoire\/politique\/apres-avoir-desiste-aux-regionales-dans-le-haut-sassandra-stephane-kipre-aucune-ambition-ne-doit-etre-au-dessus-de-linteret-general-de-nos-populations\"},\"wordCount\":252,\"commentCount\":0,\"image\":{\"@id\":\"https:\/\/www.africa-press.net\/cotedivoire\/politique\/apres-avoir-desiste-aux-regionales-dans-le-haut-sassandra-stephane-kipre-aucune-ambition-ne-doit-etre-au-dessus-de-linteret-general-de-nos-populations#primaryimage\"},\"thumbnailUrl\":\"https:\/\/static.africa-press.net\/cote\/sites\/43\/2023\/07\/sm_1689675090.486889.jpg\",\"keywords\":[\"Africa Press\",\"Africa Press-C\u00f4te d'Ivoire\",\"C\u00d4TE D'IVOIRE\",\"Dj\u00e9dj\u00e9 Mady\",\"Konan B\u00e9di\u00e9\",\"Laurent Gbagbo\",\"Pdci\",\"PPA-CI\",\"r\u00e9gionales\",\"RHDP\",\"St\u00e9phane Kipr\u00e9\"],\"articleSection\":[\"Politique\",\"Toutes les actualit\u00e9s\"],\"inLanguage\":\"fr-FR\",\"potentialAction\":[{\"@type\":\"CommentAction\",\"name\":\"Comment\",\"target\":[\"https:\/\/www.africa-press.net\/cotedivoire\/politique\/apres-avoir-desiste-aux-regionales-dans-le-haut-sassandra-stephane-kipre-aucune-ambition-ne-doit-etre-au-dessus-de-linteret-general-de-nos-populations#respond\"]}]},{\"@type\":\"WebPage\",\"@id\":\"https:\/\/www.africa-press.net\/cotedivoire\/politique\/apres-avoir-desiste-aux-regionales-dans-le-haut-sassandra-stephane-kipre-aucune-ambition-ne-doit-etre-au-dessus-de-linteret-general-de-nos-populations\",\"url\":\"https:\/\/www.africa-press.net\/cotedivoire\/politique\/apres-avoir-desiste-aux-regionales-dans-le-haut-sassandra-stephane-kipre-aucune-ambition-ne-doit-etre-au-dessus-de-linteret-general-de-nos-populations\",\"name\":\"Apr\u00e8s avoir d\u00e9sist\u00e9 aux R\u00e9gionales dans le Haut-Sassandra, Stephane Kipr\u00e9 : \u00ab Aucune ambition ne doit \u00eatre au-dessus de l'int\u00e9r\u00eat g\u00e9n\u00e9ral de nos populations \u00bb - C\u00f4te d&#039;Ivoire\",\"isPartOf\":{\"@id\":\"https:\/\/www.africa-press.net\/cotedivoire\/#website\"},\"primaryImageOfPage\":{\"@id\":\"https:\/\/www.africa-press.net\/cotedivoire\/politique\/apres-avoir-desiste-aux-regionales-dans-le-haut-sassandra-stephane-kipre-aucune-ambition-ne-doit-etre-au-dessus-de-linteret-general-de-nos-populations#primaryimage\"},\"image\":{\"@id\":\"https:\/\/www.africa-press.net\/cotedivoire\/politique\/apres-avoir-desiste-aux-regionales-dans-le-haut-sassandra-stephane-kipre-aucune-ambition-ne-doit-etre-au-dessus-de-linteret-general-de-nos-populations#primaryimage\"},\"thumbnailUrl\":\"https:\/\/static.africa-press.net\/cote\/sites\/43\/2023\/07\/sm_1689675090.486889.jpg\",\"datePublished\":\"2023-07-18T13:05:07+00:00\",\"dateModified\":\"2023-07-18T13:42:43+00:00\",\"author\":{\"@id\":\"https:\/\/www.africa-press.net\/cotedivoire\/#\/schema\/person\/2b1cf3cd81a31e3cd26889ca66d677f1\"},\"description\":\"C\u2019est officiel, Ste\u0301phane Kipre\u0301 ne portera pas les couleurs du Parti des Peuples Africains de Co\u0302te d\u2019Ivoire (PPACI) au ...\",\"breadcrumb\":{\"@id\":\"https:\/\/www.africa-press.net\/cotedivoire\/politique\/apres-avoir-desiste-aux-regionales-dans-le-haut-sassandra-stephane-kipre-aucune-ambition-ne-doit-etre-au-dessus-de-linteret-general-de-nos-populations#breadcrumb\"},\"inLanguage\":\"fr-FR\",\"potentialAction\":[{\"@type\":\"ReadAction\",\"target\":[\"https:\/\/www.africa-press.net\/cotedivoire\/politique\/apres-avoir-desiste-aux-regionales-dans-le-haut-sassandra-stephane-kipre-aucune-ambition-ne-doit-etre-au-dessus-de-linteret-general-de-nos-populations\"]}]},{\"@type\":\"ImageObject\",\"inLanguage\":\"fr-FR\",\"@id\":\"https:\/\/www.africa-press.net\/cotedivoire\/politique\/apres-avoir-desiste-aux-regionales-dans-le-haut-sassandra-stephane-kipre-aucune-ambition-ne-doit-etre-au-dessus-de-linteret-general-de-nos-populations#primaryimage\",\"url\":\"https:\/\/static.africa-press.net\/cote\/sites\/43\/2023\/07\/sm_1689675090.486889.jpg\",\"contentUrl\":\"https:\/\/static.africa-press.net\/cote\/sites\/43\/2023\/07\/sm_1689675090.486889.jpg\",\"width\":720,\"height\":364,\"caption\":\"Apr\u00e8s avoir d\u00e9sist\u00e9 aux R\u00e9gionales dans le Haut-Sassandra, Stephane Kipr\u00e9 : \u00ab Aucune ambition ne doit \u00eatre au-dessus de l'int\u00e9r\u00eat g\u00e9n\u00e9ral de nos populations \u00bb\"},{\"@type\":\"BreadcrumbList\",\"@id\":\"https:\/\/www.africa-press.net\/cotedivoire\/politique\/apres-avoir-desiste-aux-regionales-dans-le-haut-sassandra-stephane-kipre-aucune-ambition-ne-doit-etre-au-dessus-de-linteret-general-de-nos-populations#breadcrumb\",\"itemListElement\":[{\"@type\":\"ListItem\",\"position\":1,\"name\":\"Accueil\",\"item\":\"https:\/\/www.africa-press.net\/cotedivoire\/\"},{\"@type\":\"ListItem\",\"position\":2,\"name\":\"Apr\u00e8s avoir d\u00e9sist\u00e9 aux R\u00e9gionales dans le Haut-Sassandra, Stephane Kipr\u00e9 : \u00ab Aucune ambition ne doit \u00eatre au-dessus de l&#8217;int\u00e9r\u00eat g\u00e9n\u00e9ral de nos populations \u00bb\"}]},{\"@type\":\"WebSite\",\"@id\":\"https:\/\/www.africa-press.net\/cotedivoire\/#website\",\"url\":\"https:\/\/www.africa-press.net\/cotedivoire\/\",\"name\":\"C\u00f4te d&#039;Ivoire\",\"description\":\"Just another Africa News Agency Sites site\",\"potentialAction\":[{\"@type\":\"SearchAction\",\"target\":{\"@type\":\"EntryPoint\",\"urlTemplate\":\"https:\/\/www.africa-press.net\/cotedivoire\/?s={search_term_string}\"},\"query-input\":{\"@type\":\"PropertyValueSpecification\",\"valueRequired\":true,\"valueName\":\"search_term_string\"}}],\"inLanguage\":\"fr-FR\"},{\"@type\":\"Person\",\"@id\":\"https:\/\/www.africa-press.net\/cotedivoire\/#\/schema\/person\/2b1cf3cd81a31e3cd26889ca66d677f1\",\"name\":\"cfeditorfr\"}]}<\/script>\n<!-- \/ Yoast SEO Premium plugin. -->","yoast_head_json":{"title":"Apr\u00e8s avoir d\u00e9sist\u00e9 aux R\u00e9gionales dans le Haut-Sassandra, Stephane Kipr\u00e9 : \u00ab Aucune ambition ne doit \u00eatre au-dessus de l'int\u00e9r\u00eat g\u00e9n\u00e9ral de nos populations \u00bb - C\u00f4te d&#039;Ivoire","description":"C\u2019est officiel, Ste\u0301phane Kipre\u0301 ne portera pas les couleurs du Parti des Peuples Africains de Co\u0302te d\u2019Ivoire (PPACI) au ...","robots":{"index":"index","follow":"follow","max-snippet":"max-snippet:-1","max-image-preview":"max-image-preview:large","max-video-preview":"max-video-preview:-1"},"canonical":"https:\/\/www.africa-press.net\/cotedivoire\/politique\/apres-avoir-desiste-aux-regionales-dans-le-haut-sassandra-stephane-kipre-aucune-ambition-ne-doit-etre-au-dessus-de-linteret-general-de-nos-populations","og_locale":"fr_FR","og_type":"article","og_title":"Apr\u00e8s avoir d\u00e9sist\u00e9 aux R\u00e9gionales dans le Haut-Sassandra, Stephane Kipr\u00e9 : \u00ab Aucune ambition ne doit \u00eatre au-dessus de l'int\u00e9r\u00eat g\u00e9n\u00e9ral de nos populations \u00bb","og_description":"C\u2019est officiel, Ste\u0301phane Kipre\u0301 ne portera pas les couleurs du Parti des Peuples Africains de Co\u0302te d\u2019Ivoire (PPACI) au ...","og_url":"https:\/\/www.africa-press.net\/cotedivoire\/politique\/apres-avoir-desiste-aux-regionales-dans-le-haut-sassandra-stephane-kipre-aucune-ambition-ne-doit-etre-au-dessus-de-linteret-general-de-nos-populations","og_site_name":"C\u00f4te d&#039;Ivoire","article_published_time":"2023-07-18T13:05:07+00:00","article_modified_time":"2023-07-18T13:42:43+00:00","og_image":[{"width":720,"height":364,"url":"https:\/\/static.africa-press.net\/cote\/sites\/43\/2023\/07\/sm_1689675090.486889.jpg","type":"image\/jpeg"}],"author":"cfeditorfr","twitter_card":"summary_large_image","twitter_misc":{"\u00c9crit par":"cfeditorfr","Dur\u00e9e de lecture estim\u00e9e":"1 minute"},"schema":{"@context":"https:\/\/schema.org","@graph":[{"@type":"Article","@id":"https:\/\/www.africa-press.net\/cotedivoire\/politique\/apres-avoir-desiste-aux-regionales-dans-le-haut-sassandra-stephane-kipre-aucune-ambition-ne-doit-etre-au-dessus-de-linteret-general-de-nos-populations#article","isPartOf":{"@id":"https:\/\/www.africa-press.net\/cotedivoire\/politique\/apres-avoir-desiste-aux-regionales-dans-le-haut-sassandra-stephane-kipre-aucune-ambition-ne-doit-etre-au-dessus-de-linteret-general-de-nos-populations"},"author":{"name":"cfeditorfr","@id":"https:\/\/www.africa-press.net\/cotedivoire\/#\/schema\/person\/2b1cf3cd81a31e3cd26889ca66d677f1"},"headline":"Apr\u00e8s avoir d\u00e9sist\u00e9 aux R\u00e9gionales dans le Haut-Sassandra, Stephane Kipr\u00e9 : \u00ab Aucune ambition ne doit \u00eatre au-dessus de l&rsquo;int\u00e9r\u00eat g\u00e9n\u00e9ral de nos populations \u00bb","datePublished":"2023-07-18T13:05:07+00:00","dateModified":"2023-07-18T13:42:43+00:00","mainEntityOfPage":{"@id":"https:\/\/www.africa-press.net\/cotedivoire\/politique\/apres-avoir-desiste-aux-regionales-dans-le-haut-sassandra-stephane-kipre-aucune-ambition-ne-doit-etre-au-dessus-de-linteret-general-de-nos-populations"},"wordCount":252,"commentCount":0,"image":{"@id":"https:\/\/www.africa-press.net\/cotedivoire\/politique\/apres-avoir-desiste-aux-regionales-dans-le-haut-sassandra-stephane-kipre-aucune-ambition-ne-doit-etre-au-dessus-de-linteret-general-de-nos-populations#primaryimage"},"thumbnailUrl":"https:\/\/static.africa-press.net\/cote\/sites\/43\/2023\/07\/sm_1689675090.486889.jpg","keywords":["Africa Press","Africa Press-C\u00f4te d'Ivoire","C\u00d4TE D'IVOIRE","Dj\u00e9dj\u00e9 Mady","Konan B\u00e9di\u00e9","Laurent Gbagbo","Pdci","PPA-CI","r\u00e9gionales","RHDP","St\u00e9phane Kipr\u00e9"],"articleSection":["Politique","Toutes les actualit\u00e9s"],"inLanguage":"fr-FR","potentialAction":[{"@type":"CommentAction","name":"Comment","target":["https:\/\/www.africa-press.net\/cotedivoire\/politique\/apres-avoir-desiste-aux-regionales-dans-le-haut-sassandra-stephane-kipre-aucune-ambition-ne-doit-etre-au-dessus-de-linteret-general-de-nos-populations#respond"]}]},{"@type":"WebPage","@id":"https:\/\/www.africa-press.net\/cotedivoire\/politique\/apres-avoir-desiste-aux-regionales-dans-le-haut-sassandra-stephane-kipre-aucune-ambition-ne-doit-etre-au-dessus-de-linteret-general-de-nos-populations","url":"https:\/\/www.africa-press.net\/cotedivoire\/politique\/apres-avoir-desiste-aux-regionales-dans-le-haut-sassandra-stephane-kipre-aucune-ambition-ne-doit-etre-au-dessus-de-linteret-general-de-nos-populations","name":"Apr\u00e8s avoir d\u00e9sist\u00e9 aux R\u00e9gionales dans le Haut-Sassandra, Stephane Kipr\u00e9 : \u00ab Aucune ambition ne doit \u00eatre au-dessus de l'int\u00e9r\u00eat g\u00e9n\u00e9ral de nos populations \u00bb - C\u00f4te d&#039;Ivoire","isPartOf":{"@id":"https:\/\/www.africa-press.net\/cotedivoire\/#website"},"primaryImageOfPage":{"@id":"https:\/\/www.africa-press.net\/cotedivoire\/politique\/apres-avoir-desiste-aux-regionales-dans-le-haut-sassandra-stephane-kipre-aucune-ambition-ne-doit-etre-au-dessus-de-linteret-general-de-nos-populations#primaryimage"},"image":{"@id":"https:\/\/www.africa-press.net\/cotedivoire\/politique\/apres-avoir-desiste-aux-regionales-dans-le-haut-sassandra-stephane-kipre-aucune-ambition-ne-doit-etre-au-dessus-de-linteret-general-de-nos-populations#primaryimage"},"thumbnailUrl":"https:\/\/static.africa-press.net\/cote\/sites\/43\/2023\/07\/sm_1689675090.486889.jpg","datePublished":"2023-07-18T13:05:07+00:00","dateModified":"2023-07-18T13:42:43+00:00","author":{"@id":"https:\/\/www.africa-press.net\/cotedivoire\/#\/schema\/person\/2b1cf3cd81a31e3cd26889ca66d677f1"},"description":"C\u2019est officiel, Ste\u0301phane Kipre\u0301 ne portera pas les couleurs du Parti des Peuples Africains de Co\u0302te d\u2019Ivoire (PPACI) au ...","breadcrumb":{"@id":"https:\/\/www.africa-press.net\/cotedivoire\/politique\/apres-avoir-desiste-aux-regionales-dans-le-haut-sassandra-stephane-kipre-aucune-ambition-ne-doit-etre-au-dessus-de-linteret-general-de-nos-populations#breadcrumb"},"inLanguage":"fr-FR","potentialAction":[{"@type":"ReadAction","target":["https:\/\/www.africa-press.net\/cotedivoire\/politique\/apres-avoir-desiste-aux-regionales-dans-le-haut-sassandra-stephane-kipre-aucune-ambition-ne-doit-etre-au-dessus-de-linteret-general-de-nos-populations"]}]},{"@type":"ImageObject","inLanguage":"fr-FR","@id":"https:\/\/www.africa-press.net\/cotedivoire\/politique\/apres-avoir-desiste-aux-regionales-dans-le-haut-sassandra-stephane-kipre-aucune-ambition-ne-doit-etre-au-dessus-de-linteret-general-de-nos-populations#primaryimage","url":"https:\/\/static.africa-press.net\/cote\/sites\/43\/2023\/07\/sm_1689675090.486889.jpg","contentUrl":"https:\/\/static.africa-press.net\/cote\/sites\/43\/2023\/07\/sm_1689675090.486889.jpg","width":720,"height":364,"caption":"Apr\u00e8s avoir d\u00e9sist\u00e9 aux R\u00e9gionales dans le Haut-Sassandra, Stephane Kipr\u00e9 : \u00ab Aucune ambition ne doit \u00eatre au-dessus de l'int\u00e9r\u00eat g\u00e9n\u00e9ral de nos populations \u00bb"},{"@type":"BreadcrumbList","@id":"https:\/\/www.africa-press.net\/cotedivoire\/politique\/apres-avoir-desiste-aux-regionales-dans-le-haut-sassandra-stephane-kipre-aucune-ambition-ne-doit-etre-au-dessus-de-linteret-general-de-nos-populations#breadcrumb","itemListElement":[{"@type":"ListItem","position":1,"name":"Accueil","item":"https:\/\/www.africa-press.net\/cotedivoire\/"},{"@type":"ListItem","position":2,"name":"Apr\u00e8s avoir d\u00e9sist\u00e9 aux R\u00e9gionales dans le Haut-Sassandra, Stephane Kipr\u00e9 : \u00ab Aucune ambition ne doit \u00eatre au-dessus de l&#8217;int\u00e9r\u00eat g\u00e9n\u00e9ral de nos populations \u00bb"}]},{"@type":"WebSite","@id":"https:\/\/www.africa-press.net\/cotedivoire\/#website","url":"https:\/\/www.africa-press.net\/cotedivoire\/","name":"C\u00f4te d&#039;Ivoire","description":"Just another Africa News Agency Sites site","potentialAction":[{"@type":"SearchAction","target":{"@type":"EntryPoint","urlTemplate":"https:\/\/www.africa-press.net\/cotedivoire\/?s={search_term_string}"},"query-input":{"@type":"PropertyValueSpecification","valueRequired":true,"valueName":"search_term_string"}}],"inLanguage":"fr-FR"},{"@type":"Person","@id":"https:\/\/www.africa-press.net\/cotedivoire\/#\/schema\/person\/2b1cf3cd81a31e3cd26889ca66d677f1","name":"cfeditorfr"}]}},"_links":{"self":[{"href":"https:\/\/www.africa-press.net\/cotedivoire\/wp-json\/wp\/v2\/posts\/62069","targetHints":{"allow":["GET"]}}],"collection":[{"href":"https:\/\/www.africa-press.net\/cotedivoire\/wp-json\/wp\/v2\/posts"}],"about":[{"href":"https:\/\/www.africa-press.net\/cotedivoire\/wp-json\/wp\/v2\/types\/post"}],"author":[{"embeddable":true,"href":"https:\/\/www.africa-press.net\/cotedivoire\/wp-json\/wp\/v2\/users\/82"}],"replies":[{"embeddable":true,"href":"https:\/\/www.africa-press.net\/cotedivoire\/wp-json\/wp\/v2\/comments?post=62069"}],"version-history":[{"count":0,"href":"https:\/\/www.africa-press.net\/cotedivoire\/wp-json\/wp\/v2\/posts\/62069\/revisions"}],"wp:featuredmedia":[{"embeddable":true,"href":"https:\/\/www.africa-press.net\/cotedivoire\/wp-json\/wp\/v2\/media\/62068"}],"wp:attachment":[{"href":"https:\/\/www.africa-press.net\/cotedivoire\/wp-json\/wp\/v2\/media?parent=62069"}],"wp:term":[{"taxonomy":"category","embeddable":true,"href":"https:\/\/www.africa-press.net\/cotedivoire\/wp-json\/wp\/v2\/categories?post=62069"},{"taxonomy":"post_tag","embeddable":true,"href":"https:\/\/www.africa-press.net\/cotedivoire\/wp-json\/wp\/v2\/tags?post=62069"}],"curies":[{"name":"wp","href":"https:\/\/api.w.org\/{rel}","templated":true}]}}