{"id":62118,"date":"2023-07-19T17:17:06","date_gmt":"2023-07-19T17:17:06","guid":{"rendered":"https:\/\/www.africa-press.net\/cotedivoire\/politique\/revision-de-la-constitution-ladoption-definitive-du-projet-de-loi-prevue-le-mardi-25-juillet-2023-apres-sa-consideration-par-le-congres"},"modified":"2023-07-19T17:51:50","modified_gmt":"2023-07-19T17:51:50","slug":"revision-de-la-constitution-ladoption-definitive-du-projet-de-loi-prevue-le-mardi-25-juillet-2023-apres-sa-consideration-par-le-congres","status":"publish","type":"post","link":"https:\/\/www.africa-press.net\/cotedivoire\/politique\/revision-de-la-constitution-ladoption-definitive-du-projet-de-loi-prevue-le-mardi-25-juillet-2023-apres-sa-consideration-par-le-congres","title":{"rendered":"R\u00e9vision de la constitution, l&rsquo;adoption d\u00e9finitive du projet de loi pr\u00e9vue le mardi 25 juillet 2023 apr\u00e8s sa consid\u00e9ration par le Congr\u00e8s"},"content":{"rendered":"<p><span style=\"color: #ff6600\"><strong>Africa-Press &#8211; C\u00f4te d&rsquo;Ivoire. <\/strong><\/span>Comme annonce\u0301 dans son message sur l\u2019e\u0301tat de la Nation devant le Parlement re\u0301uni en Congre\u0300s, le 25 avril 2023, le Pre\u0301sident de la Re\u0301publique, Alassane Ouattara, a saisi les deux (2) chambres du Parlement pour une re\u0301vision de la loi n\u00b02016-886 du 08 novembre 2016 portant Constitution de la Re\u0301publique de Co\u0302te d\u2019Ivoire, telle que modifie\u0301e par la loi constitutionnelle n\u00b02020-348 du 19 mars 2020.<\/p>\n<p>Ainsi, conforme\u0301ment a\u0300 l\u2019article 177 de la Constitution, l\u2019Assemble\u0301e nationale et le Se\u0301nat se sont re\u0301unis en Congre\u0300s, le mardi 18 juillet 2023 a\u0300 l\u2019Auditorium du Sofitel Ho\u0302tel Ivoire a\u0300 Abidjan, pour la prise en conside\u0301ration dudit projet de loi de re\u0301vision constitutionnelle.<\/p>\n<p>Cette modification de la Constitution, vise a\u0300 instaurer deux sessions ordinaires au parlement, l\u2019une de janvier a\u0300 juin et l\u2019autre d\u2019octobre a\u0300 de\u0301cembre, de fac\u0327on a\u0300 faire coi\u0308ncider la pe\u0301riode du travail parlementaire a\u0300 celle du travail gouvernemental.<\/p>\n<p>Sur 352 parlementaires sie\u0301geant, 318 e\u0301taient pre\u0301sents au congre\u0300s du jour. La prise en conside\u0301ration de ce projet de loi s&rsquo;est faite a\u0300 main leve\u0301e. De\u0301pute\u0301s et se\u0301nateurs pre\u0301sents ont a\u0300 l&rsquo;unanimite\u0301 vote\u0301 pour la prise en conside\u0301ration de ce projet de re\u0301vision de la loi n\u00b0 2016-886 du 8 novembre 2016 portant Constitution de la Re\u0301publique de Co\u0302te d\u2019Ivoire, telle que modifie\u0301e par la loi constitutionnelle n\u00b02020-348 du 19 mars 2020.<\/p>\n<p>L&rsquo;ordre du jour e\u0301puise\u0301, Adama Bictogo pre\u0301sident du Congre\u0300s a indique\u0301 en pre\u0301sence de Jeannot Ahoussou-Kouadio que, la proce\u0301dure d&rsquo;adoption du texte se poursuivra en interne au sein des deux chambres du parlement. Il a annonce\u0301 que l&rsquo;adoption de\u0301finitive de ce texte aura lieu le mardi 25 juillet 2023.<\/p>\n<p>En attendant, la Commission des Affaires ge\u0301ne\u0301rales et institutionnelles de l&rsquo;Assemble\u0301e nationale, se re\u0301unira le mercredi 19 juillet 2023, pour l&rsquo;examen de ce projet. Et, le jeudi 20 juillet 2023, l&rsquo;Assemble\u0301e nationale se re\u0301unira pour son adoption en ple\u0301nie\u0300re.<\/p>\n<p>La Commission des Affaires Ge\u0301ne\u0301rales, Institutionnelles et des Collectivite\u0301s Territoriales (CAGICT) pour le Se\u0301nat examinera de manie\u0300re provisoire ce texte en commission le samedi 22 juillet 2023 avant son adoption de\u0301finitive le dimanche 23 juillet 2023.<\/p>\n<p>Pour e\u0302tre pris en conside\u0301ration, le projet ou la proposition de re\u0301vision doit e\u0302tre vote\u0301 a\u0300 la majorite\u0301 absolue des membres du Congre\u0300s. Si le texte est adopte\u0301 en des termes identiques par les deux chambres, il est soumis au Parlement re\u0301uni en Congre\u0300s pour son adoption de\u0301finitive.<\/p>\n<p>Pour e\u0302tre adopte\u0301, le projet de re\u0301vision constitutionnelle doit e\u0302tre vote\u0301 a\u0300 la majorite\u0301 des deux tiers des membres du Congre\u0300s effectivement en fonction. Le texte portant re\u0301vision constitutionnelle est soumis au Conseil Constitutionnel avant d\u2019e\u0302tre promulgue\u0301 par le Pre\u0301sident de la Re\u0301publique et publie\u0301 au Journal officiel de la Re\u0301publique de Co\u0302te d\u2019Ivoire.<\/p>\n<p>Notons que le Congre\u0300s est la re\u0301union des deux chambres du Parlement, c\u2019est-a\u0300-dire la re\u0301union des De\u0301pute\u0301s et des Se\u0301nateurs, qui se retrouvent au me\u0302me lieu et au me\u0302me moment pour exercer des activite\u0301s pre\u0301vues par la Constitution. Traditionnellement, les deux chambres travaillent se\u0301pare\u0301ment, chacune a\u0300 son sie\u0300ge, a\u0300 Abidjan pour l\u2019Assemble\u0301e nationale et a\u0300 Yamoussoukro pour le Se\u0301nat.<\/p>\n<p>Enfin, c&rsquo;est Adama Bictogo, Pre\u0301sident de l\u2019Assemble\u0301e nationale qui a pre\u0301side\u0301 le Congre\u0300s du jour. Il e\u0301tait assiste\u0301 du Pre\u0301sident du Se\u0301nat, qui en est le vice-Pre\u0301sident, et le bureau de se\u0301ance e\u0301tait celui de l\u2019Assemble\u0301e nationale.<\/p>\n<p><strong>Pour plus d&rsquo;informations et d&rsquo;analyses sur la <a href=\"https:\/\/www.africa-press.net\/cotedivoire\">C\u00f4te d&rsquo;Ivoire<\/a>, suivez <a href=\"https:\/\/www.africa-press.net\/\">Africa-Press<\/a><\/strong><\/p>\n","protected":false},"excerpt":{"rendered":"<p>Africa-Press &#8211; C\u00f4te d&rsquo;Ivoire. Comme annonce\u0301 dans son message sur l\u2019e\u0301tat de la Nation devant le Parlement re\u0301uni en Congre\u0300s, le 25 avril 2023, le Pre\u0301sident de la Re\u0301publique, Alassane Ouattara, a saisi les deux (2) chambres du Parlement pour une re\u0301vision de la loi n\u00b02016-886 du 08 novembre 2016 portant Constitution de la Re\u0301publique [&hellip;]<\/p>\n","protected":false},"author":82,"featured_media":62116,"comment_status":"open","ping_status":"closed","sticky":false,"template":"","format":"standard","meta":{"footnotes":""},"categories":[2,10],"tags":[1265,56,63,663,1210,29,871,2192],"class_list":["post-62118","post","type-post","status-publish","format-standard","has-post-thumbnail","hentry","category-politique","category-toutes-les-actualites","tag-adama-bictogo","tag-africa-press","tag-africa-press-cote-divoire","tag-congres","tag-constitution","tag-cote-divoire","tag-jeannot-ahoussou-kouadio","tag-sofitel-hotel-ivoire"],"yoast_head":"<!-- This site is optimized with the Yoast SEO Premium plugin v26.1 (Yoast SEO v27.0) - https:\/\/yoast.com\/product\/yoast-seo-premium-wordpress\/ -->\n<title>R\u00e9vision de la constitution, l&#039;adoption d\u00e9finitive du projet de loi pr\u00e9vue le mardi 25 juillet 2023 apr\u00e8s sa consid\u00e9ration par le Congr\u00e8s - C\u00f4te d&#039;Ivoire<\/title>\n<meta name=\"description\" content=\"Comme annonce\u0301 dans son message sur l\u2019e\u0301tat de la Nation devant le Parlement re\u0301uni en Congre\u0300s, le 25 avril 2023, le Pr ...\" \/>\n<meta name=\"robots\" content=\"index, follow, max-snippet:-1, max-image-preview:large, max-video-preview:-1\" \/>\n<link rel=\"canonical\" href=\"https:\/\/www.africa-press.net\/cotedivoire\/politique\/revision-de-la-constitution-ladoption-definitive-du-projet-de-loi-prevue-le-mardi-25-juillet-2023-apres-sa-consideration-par-le-congres\" \/>\n<meta property=\"og:locale\" content=\"fr_FR\" \/>\n<meta property=\"og:type\" content=\"article\" \/>\n<meta property=\"og:title\" content=\"R\u00e9vision de la constitution, l&#039;adoption d\u00e9finitive du projet de loi pr\u00e9vue le mardi 25 juillet 2023 apr\u00e8s sa consid\u00e9ration par le Congr\u00e8s\" \/>\n<meta property=\"og:description\" content=\"Comme annonce\u0301 dans son message sur l\u2019e\u0301tat de la Nation devant le Parlement re\u0301uni en Congre\u0300s, le 25 avril 2023, le Pr ...\" \/>\n<meta property=\"og:url\" content=\"https:\/\/www.africa-press.net\/cotedivoire\/politique\/revision-de-la-constitution-ladoption-definitive-du-projet-de-loi-prevue-le-mardi-25-juillet-2023-apres-sa-consideration-par-le-congres\" \/>\n<meta property=\"og:site_name\" content=\"C\u00f4te d&#039;Ivoire\" \/>\n<meta property=\"article:published_time\" content=\"2023-07-19T17:17:06+00:00\" \/>\n<meta property=\"article:modified_time\" content=\"2023-07-19T17:51:50+00:00\" \/>\n<meta property=\"og:image\" content=\"https:\/\/static.africa-press.net\/cote\/sites\/43\/2023\/07\/sm_1689776453.301165.jpg\" \/>\n\t<meta property=\"og:image:width\" content=\"720\" \/>\n\t<meta property=\"og:image:height\" content=\"338\" \/>\n\t<meta property=\"og:image:type\" content=\"image\/jpeg\" \/>\n<meta name=\"author\" content=\"cfeditorfr\" \/>\n<meta name=\"twitter:card\" content=\"summary_large_image\" \/>\n<meta name=\"twitter:label1\" content=\"\u00c9crit par\" \/>\n\t<meta name=\"twitter:data1\" content=\"cfeditorfr\" \/>\n\t<meta name=\"twitter:label2\" content=\"Dur\u00e9e de lecture estim\u00e9e\" \/>\n\t<meta name=\"twitter:data2\" content=\"3 minutes\" \/>\n<script type=\"application\/ld+json\" class=\"yoast-schema-graph\">{\"@context\":\"https:\/\/schema.org\",\"@graph\":[{\"@type\":\"Article\",\"@id\":\"https:\/\/www.africa-press.net\/cotedivoire\/politique\/revision-de-la-constitution-ladoption-definitive-du-projet-de-loi-prevue-le-mardi-25-juillet-2023-apres-sa-consideration-par-le-congres#article\",\"isPartOf\":{\"@id\":\"https:\/\/www.africa-press.net\/cotedivoire\/politique\/revision-de-la-constitution-ladoption-definitive-du-projet-de-loi-prevue-le-mardi-25-juillet-2023-apres-sa-consideration-par-le-congres\"},\"author\":{\"name\":\"cfeditorfr\",\"@id\":\"https:\/\/www.africa-press.net\/cotedivoire\/#\/schema\/person\/2b1cf3cd81a31e3cd26889ca66d677f1\"},\"headline\":\"R\u00e9vision de la constitution, l&rsquo;adoption d\u00e9finitive du projet de loi pr\u00e9vue le mardi 25 juillet 2023 apr\u00e8s sa consid\u00e9ration par le Congr\u00e8s\",\"datePublished\":\"2023-07-19T17:17:06+00:00\",\"dateModified\":\"2023-07-19T17:51:50+00:00\",\"mainEntityOfPage\":{\"@id\":\"https:\/\/www.africa-press.net\/cotedivoire\/politique\/revision-de-la-constitution-ladoption-definitive-du-projet-de-loi-prevue-le-mardi-25-juillet-2023-apres-sa-consideration-par-le-congres\"},\"wordCount\":691,\"commentCount\":0,\"image\":{\"@id\":\"https:\/\/www.africa-press.net\/cotedivoire\/politique\/revision-de-la-constitution-ladoption-definitive-du-projet-de-loi-prevue-le-mardi-25-juillet-2023-apres-sa-consideration-par-le-congres#primaryimage\"},\"thumbnailUrl\":\"https:\/\/static.africa-press.net\/cote\/sites\/43\/2023\/07\/sm_1689776453.301165.jpg\",\"keywords\":[\"Adama Bictogo\",\"Africa Press\",\"Africa Press-C\u00f4te d'Ivoire\",\"congr\u00e8s\",\"constitution\",\"C\u00d4TE D'IVOIRE\",\"Jeannot Ahoussou-Kouadio\",\"Sofitel h\u00f4tel Ivoire\"],\"articleSection\":[\"Politique\",\"Toutes les actualit\u00e9s\"],\"inLanguage\":\"fr-FR\",\"potentialAction\":[{\"@type\":\"CommentAction\",\"name\":\"Comment\",\"target\":[\"https:\/\/www.africa-press.net\/cotedivoire\/politique\/revision-de-la-constitution-ladoption-definitive-du-projet-de-loi-prevue-le-mardi-25-juillet-2023-apres-sa-consideration-par-le-congres#respond\"]}]},{\"@type\":\"WebPage\",\"@id\":\"https:\/\/www.africa-press.net\/cotedivoire\/politique\/revision-de-la-constitution-ladoption-definitive-du-projet-de-loi-prevue-le-mardi-25-juillet-2023-apres-sa-consideration-par-le-congres\",\"url\":\"https:\/\/www.africa-press.net\/cotedivoire\/politique\/revision-de-la-constitution-ladoption-definitive-du-projet-de-loi-prevue-le-mardi-25-juillet-2023-apres-sa-consideration-par-le-congres\",\"name\":\"R\u00e9vision de la constitution, l'adoption d\u00e9finitive du projet de loi pr\u00e9vue le mardi 25 juillet 2023 apr\u00e8s sa consid\u00e9ration par le Congr\u00e8s - C\u00f4te d&#039;Ivoire\",\"isPartOf\":{\"@id\":\"https:\/\/www.africa-press.net\/cotedivoire\/#website\"},\"primaryImageOfPage\":{\"@id\":\"https:\/\/www.africa-press.net\/cotedivoire\/politique\/revision-de-la-constitution-ladoption-definitive-du-projet-de-loi-prevue-le-mardi-25-juillet-2023-apres-sa-consideration-par-le-congres#primaryimage\"},\"image\":{\"@id\":\"https:\/\/www.africa-press.net\/cotedivoire\/politique\/revision-de-la-constitution-ladoption-definitive-du-projet-de-loi-prevue-le-mardi-25-juillet-2023-apres-sa-consideration-par-le-congres#primaryimage\"},\"thumbnailUrl\":\"https:\/\/static.africa-press.net\/cote\/sites\/43\/2023\/07\/sm_1689776453.301165.jpg\",\"datePublished\":\"2023-07-19T17:17:06+00:00\",\"dateModified\":\"2023-07-19T17:51:50+00:00\",\"author\":{\"@id\":\"https:\/\/www.africa-press.net\/cotedivoire\/#\/schema\/person\/2b1cf3cd81a31e3cd26889ca66d677f1\"},\"description\":\"Comme annonce\u0301 dans son message sur l\u2019e\u0301tat de la Nation devant le Parlement re\u0301uni en Congre\u0300s, le 25 avril 2023, le Pr ...\",\"breadcrumb\":{\"@id\":\"https:\/\/www.africa-press.net\/cotedivoire\/politique\/revision-de-la-constitution-ladoption-definitive-du-projet-de-loi-prevue-le-mardi-25-juillet-2023-apres-sa-consideration-par-le-congres#breadcrumb\"},\"inLanguage\":\"fr-FR\",\"potentialAction\":[{\"@type\":\"ReadAction\",\"target\":[\"https:\/\/www.africa-press.net\/cotedivoire\/politique\/revision-de-la-constitution-ladoption-definitive-du-projet-de-loi-prevue-le-mardi-25-juillet-2023-apres-sa-consideration-par-le-congres\"]}]},{\"@type\":\"ImageObject\",\"inLanguage\":\"fr-FR\",\"@id\":\"https:\/\/www.africa-press.net\/cotedivoire\/politique\/revision-de-la-constitution-ladoption-definitive-du-projet-de-loi-prevue-le-mardi-25-juillet-2023-apres-sa-consideration-par-le-congres#primaryimage\",\"url\":\"https:\/\/static.africa-press.net\/cote\/sites\/43\/2023\/07\/sm_1689776453.301165.jpg\",\"contentUrl\":\"https:\/\/static.africa-press.net\/cote\/sites\/43\/2023\/07\/sm_1689776453.301165.jpg\",\"width\":720,\"height\":338,\"caption\":\"R\u00e9vision de la constitution, l'adoption d\u00e9finitive du projet de loi pr\u00e9vue le mardi 25 juillet 2023 apr\u00e8s sa consid\u00e9ration par le Congr\u00e8s\"},{\"@type\":\"BreadcrumbList\",\"@id\":\"https:\/\/www.africa-press.net\/cotedivoire\/politique\/revision-de-la-constitution-ladoption-definitive-du-projet-de-loi-prevue-le-mardi-25-juillet-2023-apres-sa-consideration-par-le-congres#breadcrumb\",\"itemListElement\":[{\"@type\":\"ListItem\",\"position\":1,\"name\":\"Accueil\",\"item\":\"https:\/\/www.africa-press.net\/cotedivoire\/\"},{\"@type\":\"ListItem\",\"position\":2,\"name\":\"R\u00e9vision de la constitution, l&#8217;adoption d\u00e9finitive du projet de loi pr\u00e9vue le mardi 25 juillet 2023 apr\u00e8s sa consid\u00e9ration par le Congr\u00e8s\"}]},{\"@type\":\"WebSite\",\"@id\":\"https:\/\/www.africa-press.net\/cotedivoire\/#website\",\"url\":\"https:\/\/www.africa-press.net\/cotedivoire\/\",\"name\":\"C\u00f4te d&#039;Ivoire\",\"description\":\"Just another Africa News Agency Sites site\",\"potentialAction\":[{\"@type\":\"SearchAction\",\"target\":{\"@type\":\"EntryPoint\",\"urlTemplate\":\"https:\/\/www.africa-press.net\/cotedivoire\/?s={search_term_string}\"},\"query-input\":{\"@type\":\"PropertyValueSpecification\",\"valueRequired\":true,\"valueName\":\"search_term_string\"}}],\"inLanguage\":\"fr-FR\"},{\"@type\":\"Person\",\"@id\":\"https:\/\/www.africa-press.net\/cotedivoire\/#\/schema\/person\/2b1cf3cd81a31e3cd26889ca66d677f1\",\"name\":\"cfeditorfr\"}]}<\/script>\n<!-- \/ Yoast SEO Premium plugin. -->","yoast_head_json":{"title":"R\u00e9vision de la constitution, l'adoption d\u00e9finitive du projet de loi pr\u00e9vue le mardi 25 juillet 2023 apr\u00e8s sa consid\u00e9ration par le Congr\u00e8s - C\u00f4te d&#039;Ivoire","description":"Comme annonce\u0301 dans son message sur l\u2019e\u0301tat de la Nation devant le Parlement re\u0301uni en Congre\u0300s, le 25 avril 2023, le Pr ...","robots":{"index":"index","follow":"follow","max-snippet":"max-snippet:-1","max-image-preview":"max-image-preview:large","max-video-preview":"max-video-preview:-1"},"canonical":"https:\/\/www.africa-press.net\/cotedivoire\/politique\/revision-de-la-constitution-ladoption-definitive-du-projet-de-loi-prevue-le-mardi-25-juillet-2023-apres-sa-consideration-par-le-congres","og_locale":"fr_FR","og_type":"article","og_title":"R\u00e9vision de la constitution, l'adoption d\u00e9finitive du projet de loi pr\u00e9vue le mardi 25 juillet 2023 apr\u00e8s sa consid\u00e9ration par le Congr\u00e8s","og_description":"Comme annonce\u0301 dans son message sur l\u2019e\u0301tat de la Nation devant le Parlement re\u0301uni en Congre\u0300s, le 25 avril 2023, le Pr ...","og_url":"https:\/\/www.africa-press.net\/cotedivoire\/politique\/revision-de-la-constitution-ladoption-definitive-du-projet-de-loi-prevue-le-mardi-25-juillet-2023-apres-sa-consideration-par-le-congres","og_site_name":"C\u00f4te d&#039;Ivoire","article_published_time":"2023-07-19T17:17:06+00:00","article_modified_time":"2023-07-19T17:51:50+00:00","og_image":[{"width":720,"height":338,"url":"https:\/\/static.africa-press.net\/cote\/sites\/43\/2023\/07\/sm_1689776453.301165.jpg","type":"image\/jpeg"}],"author":"cfeditorfr","twitter_card":"summary_large_image","twitter_misc":{"\u00c9crit par":"cfeditorfr","Dur\u00e9e de lecture estim\u00e9e":"3 minutes"},"schema":{"@context":"https:\/\/schema.org","@graph":[{"@type":"Article","@id":"https:\/\/www.africa-press.net\/cotedivoire\/politique\/revision-de-la-constitution-ladoption-definitive-du-projet-de-loi-prevue-le-mardi-25-juillet-2023-apres-sa-consideration-par-le-congres#article","isPartOf":{"@id":"https:\/\/www.africa-press.net\/cotedivoire\/politique\/revision-de-la-constitution-ladoption-definitive-du-projet-de-loi-prevue-le-mardi-25-juillet-2023-apres-sa-consideration-par-le-congres"},"author":{"name":"cfeditorfr","@id":"https:\/\/www.africa-press.net\/cotedivoire\/#\/schema\/person\/2b1cf3cd81a31e3cd26889ca66d677f1"},"headline":"R\u00e9vision de la constitution, l&rsquo;adoption d\u00e9finitive du projet de loi pr\u00e9vue le mardi 25 juillet 2023 apr\u00e8s sa consid\u00e9ration par le Congr\u00e8s","datePublished":"2023-07-19T17:17:06+00:00","dateModified":"2023-07-19T17:51:50+00:00","mainEntityOfPage":{"@id":"https:\/\/www.africa-press.net\/cotedivoire\/politique\/revision-de-la-constitution-ladoption-definitive-du-projet-de-loi-prevue-le-mardi-25-juillet-2023-apres-sa-consideration-par-le-congres"},"wordCount":691,"commentCount":0,"image":{"@id":"https:\/\/www.africa-press.net\/cotedivoire\/politique\/revision-de-la-constitution-ladoption-definitive-du-projet-de-loi-prevue-le-mardi-25-juillet-2023-apres-sa-consideration-par-le-congres#primaryimage"},"thumbnailUrl":"https:\/\/static.africa-press.net\/cote\/sites\/43\/2023\/07\/sm_1689776453.301165.jpg","keywords":["Adama Bictogo","Africa Press","Africa Press-C\u00f4te d'Ivoire","congr\u00e8s","constitution","C\u00d4TE D'IVOIRE","Jeannot Ahoussou-Kouadio","Sofitel h\u00f4tel Ivoire"],"articleSection":["Politique","Toutes les actualit\u00e9s"],"inLanguage":"fr-FR","potentialAction":[{"@type":"CommentAction","name":"Comment","target":["https:\/\/www.africa-press.net\/cotedivoire\/politique\/revision-de-la-constitution-ladoption-definitive-du-projet-de-loi-prevue-le-mardi-25-juillet-2023-apres-sa-consideration-par-le-congres#respond"]}]},{"@type":"WebPage","@id":"https:\/\/www.africa-press.net\/cotedivoire\/politique\/revision-de-la-constitution-ladoption-definitive-du-projet-de-loi-prevue-le-mardi-25-juillet-2023-apres-sa-consideration-par-le-congres","url":"https:\/\/www.africa-press.net\/cotedivoire\/politique\/revision-de-la-constitution-ladoption-definitive-du-projet-de-loi-prevue-le-mardi-25-juillet-2023-apres-sa-consideration-par-le-congres","name":"R\u00e9vision de la constitution, l'adoption d\u00e9finitive du projet de loi pr\u00e9vue le mardi 25 juillet 2023 apr\u00e8s sa consid\u00e9ration par le Congr\u00e8s - C\u00f4te d&#039;Ivoire","isPartOf":{"@id":"https:\/\/www.africa-press.net\/cotedivoire\/#website"},"primaryImageOfPage":{"@id":"https:\/\/www.africa-press.net\/cotedivoire\/politique\/revision-de-la-constitution-ladoption-definitive-du-projet-de-loi-prevue-le-mardi-25-juillet-2023-apres-sa-consideration-par-le-congres#primaryimage"},"image":{"@id":"https:\/\/www.africa-press.net\/cotedivoire\/politique\/revision-de-la-constitution-ladoption-definitive-du-projet-de-loi-prevue-le-mardi-25-juillet-2023-apres-sa-consideration-par-le-congres#primaryimage"},"thumbnailUrl":"https:\/\/static.africa-press.net\/cote\/sites\/43\/2023\/07\/sm_1689776453.301165.jpg","datePublished":"2023-07-19T17:17:06+00:00","dateModified":"2023-07-19T17:51:50+00:00","author":{"@id":"https:\/\/www.africa-press.net\/cotedivoire\/#\/schema\/person\/2b1cf3cd81a31e3cd26889ca66d677f1"},"description":"Comme annonce\u0301 dans son message sur l\u2019e\u0301tat de la Nation devant le Parlement re\u0301uni en Congre\u0300s, le 25 avril 2023, le Pr ...","breadcrumb":{"@id":"https:\/\/www.africa-press.net\/cotedivoire\/politique\/revision-de-la-constitution-ladoption-definitive-du-projet-de-loi-prevue-le-mardi-25-juillet-2023-apres-sa-consideration-par-le-congres#breadcrumb"},"inLanguage":"fr-FR","potentialAction":[{"@type":"ReadAction","target":["https:\/\/www.africa-press.net\/cotedivoire\/politique\/revision-de-la-constitution-ladoption-definitive-du-projet-de-loi-prevue-le-mardi-25-juillet-2023-apres-sa-consideration-par-le-congres"]}]},{"@type":"ImageObject","inLanguage":"fr-FR","@id":"https:\/\/www.africa-press.net\/cotedivoire\/politique\/revision-de-la-constitution-ladoption-definitive-du-projet-de-loi-prevue-le-mardi-25-juillet-2023-apres-sa-consideration-par-le-congres#primaryimage","url":"https:\/\/static.africa-press.net\/cote\/sites\/43\/2023\/07\/sm_1689776453.301165.jpg","contentUrl":"https:\/\/static.africa-press.net\/cote\/sites\/43\/2023\/07\/sm_1689776453.301165.jpg","width":720,"height":338,"caption":"R\u00e9vision de la constitution, l'adoption d\u00e9finitive du projet de loi pr\u00e9vue le mardi 25 juillet 2023 apr\u00e8s sa consid\u00e9ration par le Congr\u00e8s"},{"@type":"BreadcrumbList","@id":"https:\/\/www.africa-press.net\/cotedivoire\/politique\/revision-de-la-constitution-ladoption-definitive-du-projet-de-loi-prevue-le-mardi-25-juillet-2023-apres-sa-consideration-par-le-congres#breadcrumb","itemListElement":[{"@type":"ListItem","position":1,"name":"Accueil","item":"https:\/\/www.africa-press.net\/cotedivoire\/"},{"@type":"ListItem","position":2,"name":"R\u00e9vision de la constitution, l&#8217;adoption d\u00e9finitive du projet de loi pr\u00e9vue le mardi 25 juillet 2023 apr\u00e8s sa consid\u00e9ration par le Congr\u00e8s"}]},{"@type":"WebSite","@id":"https:\/\/www.africa-press.net\/cotedivoire\/#website","url":"https:\/\/www.africa-press.net\/cotedivoire\/","name":"C\u00f4te d&#039;Ivoire","description":"Just another Africa News Agency Sites site","potentialAction":[{"@type":"SearchAction","target":{"@type":"EntryPoint","urlTemplate":"https:\/\/www.africa-press.net\/cotedivoire\/?s={search_term_string}"},"query-input":{"@type":"PropertyValueSpecification","valueRequired":true,"valueName":"search_term_string"}}],"inLanguage":"fr-FR"},{"@type":"Person","@id":"https:\/\/www.africa-press.net\/cotedivoire\/#\/schema\/person\/2b1cf3cd81a31e3cd26889ca66d677f1","name":"cfeditorfr"}]}},"_links":{"self":[{"href":"https:\/\/www.africa-press.net\/cotedivoire\/wp-json\/wp\/v2\/posts\/62118","targetHints":{"allow":["GET"]}}],"collection":[{"href":"https:\/\/www.africa-press.net\/cotedivoire\/wp-json\/wp\/v2\/posts"}],"about":[{"href":"https:\/\/www.africa-press.net\/cotedivoire\/wp-json\/wp\/v2\/types\/post"}],"author":[{"embeddable":true,"href":"https:\/\/www.africa-press.net\/cotedivoire\/wp-json\/wp\/v2\/users\/82"}],"replies":[{"embeddable":true,"href":"https:\/\/www.africa-press.net\/cotedivoire\/wp-json\/wp\/v2\/comments?post=62118"}],"version-history":[{"count":0,"href":"https:\/\/www.africa-press.net\/cotedivoire\/wp-json\/wp\/v2\/posts\/62118\/revisions"}],"wp:featuredmedia":[{"embeddable":true,"href":"https:\/\/www.africa-press.net\/cotedivoire\/wp-json\/wp\/v2\/media\/62116"}],"wp:attachment":[{"href":"https:\/\/www.africa-press.net\/cotedivoire\/wp-json\/wp\/v2\/media?parent=62118"}],"wp:term":[{"taxonomy":"category","embeddable":true,"href":"https:\/\/www.africa-press.net\/cotedivoire\/wp-json\/wp\/v2\/categories?post=62118"},{"taxonomy":"post_tag","embeddable":true,"href":"https:\/\/www.africa-press.net\/cotedivoire\/wp-json\/wp\/v2\/tags?post=62118"}],"curies":[{"name":"wp","href":"https:\/\/api.w.org\/{rel}","templated":true}]}}