{"id":62138,"date":"2023-07-19T17:22:56","date_gmt":"2023-07-19T17:22:56","guid":{"rendered":"https:\/\/www.africa-press.net\/cotedivoire\/politique\/regionales-2023-voici-les-regions-dans-lesquelles-le-ppa-ci-et-le-pdci-conduiront-une-liste-commune"},"modified":"2023-07-19T17:56:00","modified_gmt":"2023-07-19T17:56:00","slug":"regionales-2023-voici-les-regions-dans-lesquelles-le-ppa-ci-et-le-pdci-conduiront-une-liste-commune","status":"publish","type":"post","link":"https:\/\/www.africa-press.net\/cotedivoire\/politique\/regionales-2023-voici-les-regions-dans-lesquelles-le-ppa-ci-et-le-pdci-conduiront-une-liste-commune","title":{"rendered":"R\u00e9gionales 2023, voici les r\u00e9gions dans lesquelles le PPA-CI et le PDCI conduiront une liste commune"},"content":{"rendered":"<p><span style=\"color: #ff6600\"><strong>Africa-Press &#8211; C\u00f4te d&rsquo;Ivoire. <\/strong><\/span>Les ne\u0301gociations entre le parti de Be\u0301die\u0301 et celui de Gbagbo pour la conduite d\u2019une liste commune pour les e\u0301lections re\u0301gionales se sont solde\u0301s par des accords dans certaines re\u0301gions et des de\u0301saccords dans d\u2019autres.<\/p>\n<p>Ainsi, a\u0300 l\u2019issue des discussions entre le PPA-CI et le PDCI, le Parti de Gbagbo conduira exclusivement sa propre liste dans les re\u0301gions du Gue\u0301mon avec Billaud Daniel, de l\u2019Inde\u0301nie\u0301 Djuablin avec Assoa Adou, du Loh Djiboua avec Moi\u0308se Lida Kouassi et du Sud-Comoe\u0301 avec le professeur Georges Armand Oue\u0301gnin. Dans ces quatre re\u0301gions, le PPA-CI et le PDCI n\u2019ont pas pu trouver d\u2019accord.<\/p>\n<p>Par contre, dans 25 re\u0301gions, les formations politiques de Gbagbo et de Be\u0301die\u0301 ont pu trouver un accord et conduiront une liste commune.<\/p>\n<p>Dans les re\u0301gions de l\u2019Agne\u0301by-Tiassa, du Cavally, du Gbokle\u0302, du Go\u0302h, de la Me\u0301, du Poro et du Tonpki, ce sont les candidats du Parti des Peuples Africains \u2013 Co\u0302te d\u2019Ivoire de Gbagbo qui conduiront la liste de l\u2019alliance PPA-CI \u2013 PDCI. Dans ces sept (07) re\u0301gions, c\u2019est le parti de Gbagbo qui sera le me\u0301tronome de cette liste commune avec respectivement comme te\u0302te de liste, Maurice Boga Baga, Hubert Oulaye, Damana Pickass, Se\u0301bastien Danon Dje\u0301dje\u0301, Emmanuel Monnet, Seydou Soro et Charles Dosso Rodel.<\/p>\n<p>Dans les dix-huit (18) autres re\u0301gions, c\u2019est le PDCI qui conduira la liste commune de l\u2019alliance. Le parti de Be\u0301die\u0301 sera le mai\u0302tre d\u2019\u0153uvre de cette collaboration PDCI-PPA-CI dans les re\u0301gions du Bafing (Ohi Diomande\u0301), Be\u0301lier (Raymond Konan Kouakou), Be\u0301re\u0301 (Kamagate\u0301 Brahima), Cavally (Hubert Oulaye), Folon (Bamba Brahima), Gbe\u0302ke\u0302 (Jean-Chrysostome Blessy), Gontougo (Honore\u0301 Kossonou Kobenan), Grand-Pont (Daniel Sess Essiagne), Hambol (Germaine Toure\u0301), Haut Sassandra (Alphonse Dje\u0301dje\u0301 Mady), Iffou (Adam Kolia Traore\u0301), Kabadougou (Fanny Daouda Traore\u0301), Marahoue\u0301 (Zamble\u0301 By Zahoury), Moronou (Ve\u0301ronique Aka Espse Bra Kanon), Nawa (Rene\u0301 Tagbo Netro), N\u2019Zi (Jean-Paul Koffi Yao), San-Pe\u0301dro (Donatien Beugre\u0301), Tchologo (Diara Adama), Worodougou (Kader Dosso Aliou).<\/p>\n<p>Enfin, pour les e\u0301lections municipales, les partis de Be\u0301die\u0301 et de Gbabo sont toujours en discussion pour trouver le compromis.<\/p>\n<p><strong>Pour plus d&rsquo;informations et d&rsquo;analyses sur la <a href=\"https:\/\/www.africa-press.net\/cotedivoire\">C\u00f4te d&rsquo;Ivoire<\/a>, suivez <a href=\"https:\/\/www.africa-press.net\/\">Africa-Press<\/a><\/strong><\/p>\n","protected":false},"excerpt":{"rendered":"<p>Africa-Press &#8211; C\u00f4te d&rsquo;Ivoire. Les ne\u0301gociations entre le parti de Be\u0301die\u0301 et celui de Gbagbo pour la conduite d\u2019une liste commune pour les e\u0301lections re\u0301gionales se sont solde\u0301s par des accords dans certaines re\u0301gions et des de\u0301saccords dans d\u2019autres. Ainsi, a\u0300 l\u2019issue des discussions entre le PPA-CI et le PDCI, le Parti de Gbagbo conduira [&hellip;]<\/p>\n","protected":false},"author":82,"featured_media":62136,"comment_status":"open","ping_status":"closed","sticky":false,"template":"","format":"standard","meta":{"footnotes":""},"categories":[2,10],"tags":[56,63,422,29,320,423,1952],"class_list":["post-62138","post","type-post","status-publish","format-standard","has-post-thumbnail","hentry","category-politique","category-toutes-les-actualites","tag-africa-press","tag-africa-press-cote-divoire","tag-bedie","tag-cote-divoire","tag-gbagbo","tag-pdci","tag-ppa-ci"],"yoast_head":"<!-- This site is optimized with the Yoast SEO Premium plugin v26.1 (Yoast SEO v27.0) - https:\/\/yoast.com\/product\/yoast-seo-premium-wordpress\/ -->\n<title>R\u00e9gionales 2023, voici les r\u00e9gions dans lesquelles le PPA-CI et le PDCI conduiront une liste commune - C\u00f4te d&#039;Ivoire<\/title>\n<meta name=\"description\" content=\"Les ne\u0301gociations entre le parti de Be\u0301die\u0301 et celui de Gbagbo pour la conduite d\u2019une liste commune pour les e\u0301lections ...\" \/>\n<meta name=\"robots\" content=\"index, follow, max-snippet:-1, max-image-preview:large, max-video-preview:-1\" \/>\n<link rel=\"canonical\" href=\"https:\/\/www.africa-press.net\/cotedivoire\/politique\/regionales-2023-voici-les-regions-dans-lesquelles-le-ppa-ci-et-le-pdci-conduiront-une-liste-commune\" \/>\n<meta property=\"og:locale\" content=\"fr_FR\" \/>\n<meta property=\"og:type\" content=\"article\" \/>\n<meta property=\"og:title\" content=\"R\u00e9gionales 2023, voici les r\u00e9gions dans lesquelles le PPA-CI et le PDCI conduiront une liste commune\" \/>\n<meta property=\"og:description\" content=\"Les ne\u0301gociations entre le parti de Be\u0301die\u0301 et celui de Gbagbo pour la conduite d\u2019une liste commune pour les e\u0301lections ...\" \/>\n<meta property=\"og:url\" content=\"https:\/\/www.africa-press.net\/cotedivoire\/politique\/regionales-2023-voici-les-regions-dans-lesquelles-le-ppa-ci-et-le-pdci-conduiront-une-liste-commune\" \/>\n<meta property=\"og:site_name\" content=\"C\u00f4te d&#039;Ivoire\" \/>\n<meta property=\"article:published_time\" content=\"2023-07-19T17:22:56+00:00\" \/>\n<meta property=\"article:modified_time\" content=\"2023-07-19T17:56:00+00:00\" \/>\n<meta property=\"og:image\" content=\"https:\/\/static.africa-press.net\/cote\/sites\/43\/2023\/07\/sm_1689776722.958363.jpg\" \/>\n\t<meta property=\"og:image:width\" content=\"720\" \/>\n\t<meta property=\"og:image:height\" content=\"460\" \/>\n\t<meta property=\"og:image:type\" content=\"image\/jpeg\" \/>\n<meta name=\"author\" content=\"cfeditorfr\" \/>\n<meta name=\"twitter:card\" content=\"summary_large_image\" \/>\n<meta name=\"twitter:label1\" content=\"\u00c9crit par\" \/>\n\t<meta name=\"twitter:data1\" content=\"cfeditorfr\" \/>\n\t<meta name=\"twitter:label2\" content=\"Dur\u00e9e de lecture estim\u00e9e\" \/>\n\t<meta name=\"twitter:data2\" content=\"2 minutes\" \/>\n<script type=\"application\/ld+json\" class=\"yoast-schema-graph\">{\"@context\":\"https:\/\/schema.org\",\"@graph\":[{\"@type\":\"Article\",\"@id\":\"https:\/\/www.africa-press.net\/cotedivoire\/politique\/regionales-2023-voici-les-regions-dans-lesquelles-le-ppa-ci-et-le-pdci-conduiront-une-liste-commune#article\",\"isPartOf\":{\"@id\":\"https:\/\/www.africa-press.net\/cotedivoire\/politique\/regionales-2023-voici-les-regions-dans-lesquelles-le-ppa-ci-et-le-pdci-conduiront-une-liste-commune\"},\"author\":{\"name\":\"cfeditorfr\",\"@id\":\"https:\/\/www.africa-press.net\/cotedivoire\/#\/schema\/person\/2b1cf3cd81a31e3cd26889ca66d677f1\"},\"headline\":\"R\u00e9gionales 2023, voici les r\u00e9gions dans lesquelles le PPA-CI et le PDCI conduiront une liste commune\",\"datePublished\":\"2023-07-19T17:22:56+00:00\",\"dateModified\":\"2023-07-19T17:56:00+00:00\",\"mainEntityOfPage\":{\"@id\":\"https:\/\/www.africa-press.net\/cotedivoire\/politique\/regionales-2023-voici-les-regions-dans-lesquelles-le-ppa-ci-et-le-pdci-conduiront-une-liste-commune\"},\"wordCount\":412,\"commentCount\":0,\"image\":{\"@id\":\"https:\/\/www.africa-press.net\/cotedivoire\/politique\/regionales-2023-voici-les-regions-dans-lesquelles-le-ppa-ci-et-le-pdci-conduiront-une-liste-commune#primaryimage\"},\"thumbnailUrl\":\"https:\/\/static.africa-press.net\/cote\/sites\/43\/2023\/07\/sm_1689776722.958363.jpg\",\"keywords\":[\"Africa Press\",\"Africa Press-C\u00f4te d'Ivoire\",\"B\u00e9di\u00e9\",\"C\u00d4TE D'IVOIRE\",\"Gbagbo\",\"Pdci\",\"PPA-CI\"],\"articleSection\":[\"Politique\",\"Toutes les actualit\u00e9s\"],\"inLanguage\":\"fr-FR\",\"potentialAction\":[{\"@type\":\"CommentAction\",\"name\":\"Comment\",\"target\":[\"https:\/\/www.africa-press.net\/cotedivoire\/politique\/regionales-2023-voici-les-regions-dans-lesquelles-le-ppa-ci-et-le-pdci-conduiront-une-liste-commune#respond\"]}]},{\"@type\":\"WebPage\",\"@id\":\"https:\/\/www.africa-press.net\/cotedivoire\/politique\/regionales-2023-voici-les-regions-dans-lesquelles-le-ppa-ci-et-le-pdci-conduiront-une-liste-commune\",\"url\":\"https:\/\/www.africa-press.net\/cotedivoire\/politique\/regionales-2023-voici-les-regions-dans-lesquelles-le-ppa-ci-et-le-pdci-conduiront-une-liste-commune\",\"name\":\"R\u00e9gionales 2023, voici les r\u00e9gions dans lesquelles le PPA-CI et le PDCI conduiront une liste commune - C\u00f4te d&#039;Ivoire\",\"isPartOf\":{\"@id\":\"https:\/\/www.africa-press.net\/cotedivoire\/#website\"},\"primaryImageOfPage\":{\"@id\":\"https:\/\/www.africa-press.net\/cotedivoire\/politique\/regionales-2023-voici-les-regions-dans-lesquelles-le-ppa-ci-et-le-pdci-conduiront-une-liste-commune#primaryimage\"},\"image\":{\"@id\":\"https:\/\/www.africa-press.net\/cotedivoire\/politique\/regionales-2023-voici-les-regions-dans-lesquelles-le-ppa-ci-et-le-pdci-conduiront-une-liste-commune#primaryimage\"},\"thumbnailUrl\":\"https:\/\/static.africa-press.net\/cote\/sites\/43\/2023\/07\/sm_1689776722.958363.jpg\",\"datePublished\":\"2023-07-19T17:22:56+00:00\",\"dateModified\":\"2023-07-19T17:56:00+00:00\",\"author\":{\"@id\":\"https:\/\/www.africa-press.net\/cotedivoire\/#\/schema\/person\/2b1cf3cd81a31e3cd26889ca66d677f1\"},\"description\":\"Les ne\u0301gociations entre le parti de Be\u0301die\u0301 et celui de Gbagbo pour la conduite d\u2019une liste commune pour les e\u0301lections ...\",\"breadcrumb\":{\"@id\":\"https:\/\/www.africa-press.net\/cotedivoire\/politique\/regionales-2023-voici-les-regions-dans-lesquelles-le-ppa-ci-et-le-pdci-conduiront-une-liste-commune#breadcrumb\"},\"inLanguage\":\"fr-FR\",\"potentialAction\":[{\"@type\":\"ReadAction\",\"target\":[\"https:\/\/www.africa-press.net\/cotedivoire\/politique\/regionales-2023-voici-les-regions-dans-lesquelles-le-ppa-ci-et-le-pdci-conduiront-une-liste-commune\"]}]},{\"@type\":\"ImageObject\",\"inLanguage\":\"fr-FR\",\"@id\":\"https:\/\/www.africa-press.net\/cotedivoire\/politique\/regionales-2023-voici-les-regions-dans-lesquelles-le-ppa-ci-et-le-pdci-conduiront-une-liste-commune#primaryimage\",\"url\":\"https:\/\/static.africa-press.net\/cote\/sites\/43\/2023\/07\/sm_1689776722.958363.jpg\",\"contentUrl\":\"https:\/\/static.africa-press.net\/cote\/sites\/43\/2023\/07\/sm_1689776722.958363.jpg\",\"width\":720,\"height\":460,\"caption\":\"R\u00e9gionales 2023, voici les r\u00e9gions dans lesquelles le PPA-CI et le PDCI conduiront une liste commune\"},{\"@type\":\"BreadcrumbList\",\"@id\":\"https:\/\/www.africa-press.net\/cotedivoire\/politique\/regionales-2023-voici-les-regions-dans-lesquelles-le-ppa-ci-et-le-pdci-conduiront-une-liste-commune#breadcrumb\",\"itemListElement\":[{\"@type\":\"ListItem\",\"position\":1,\"name\":\"Accueil\",\"item\":\"https:\/\/www.africa-press.net\/cotedivoire\/\"},{\"@type\":\"ListItem\",\"position\":2,\"name\":\"R\u00e9gionales 2023, voici les r\u00e9gions dans lesquelles le PPA-CI et le PDCI conduiront une liste commune\"}]},{\"@type\":\"WebSite\",\"@id\":\"https:\/\/www.africa-press.net\/cotedivoire\/#website\",\"url\":\"https:\/\/www.africa-press.net\/cotedivoire\/\",\"name\":\"C\u00f4te d&#039;Ivoire\",\"description\":\"Just another Africa News Agency Sites site\",\"potentialAction\":[{\"@type\":\"SearchAction\",\"target\":{\"@type\":\"EntryPoint\",\"urlTemplate\":\"https:\/\/www.africa-press.net\/cotedivoire\/?s={search_term_string}\"},\"query-input\":{\"@type\":\"PropertyValueSpecification\",\"valueRequired\":true,\"valueName\":\"search_term_string\"}}],\"inLanguage\":\"fr-FR\"},{\"@type\":\"Person\",\"@id\":\"https:\/\/www.africa-press.net\/cotedivoire\/#\/schema\/person\/2b1cf3cd81a31e3cd26889ca66d677f1\",\"name\":\"cfeditorfr\"}]}<\/script>\n<!-- \/ Yoast SEO Premium plugin. -->","yoast_head_json":{"title":"R\u00e9gionales 2023, voici les r\u00e9gions dans lesquelles le PPA-CI et le PDCI conduiront une liste commune - C\u00f4te d&#039;Ivoire","description":"Les ne\u0301gociations entre le parti de Be\u0301die\u0301 et celui de Gbagbo pour la conduite d\u2019une liste commune pour les e\u0301lections ...","robots":{"index":"index","follow":"follow","max-snippet":"max-snippet:-1","max-image-preview":"max-image-preview:large","max-video-preview":"max-video-preview:-1"},"canonical":"https:\/\/www.africa-press.net\/cotedivoire\/politique\/regionales-2023-voici-les-regions-dans-lesquelles-le-ppa-ci-et-le-pdci-conduiront-une-liste-commune","og_locale":"fr_FR","og_type":"article","og_title":"R\u00e9gionales 2023, voici les r\u00e9gions dans lesquelles le PPA-CI et le PDCI conduiront une liste commune","og_description":"Les ne\u0301gociations entre le parti de Be\u0301die\u0301 et celui de Gbagbo pour la conduite d\u2019une liste commune pour les e\u0301lections ...","og_url":"https:\/\/www.africa-press.net\/cotedivoire\/politique\/regionales-2023-voici-les-regions-dans-lesquelles-le-ppa-ci-et-le-pdci-conduiront-une-liste-commune","og_site_name":"C\u00f4te d&#039;Ivoire","article_published_time":"2023-07-19T17:22:56+00:00","article_modified_time":"2023-07-19T17:56:00+00:00","og_image":[{"width":720,"height":460,"url":"https:\/\/static.africa-press.net\/cote\/sites\/43\/2023\/07\/sm_1689776722.958363.jpg","type":"image\/jpeg"}],"author":"cfeditorfr","twitter_card":"summary_large_image","twitter_misc":{"\u00c9crit par":"cfeditorfr","Dur\u00e9e de lecture estim\u00e9e":"2 minutes"},"schema":{"@context":"https:\/\/schema.org","@graph":[{"@type":"Article","@id":"https:\/\/www.africa-press.net\/cotedivoire\/politique\/regionales-2023-voici-les-regions-dans-lesquelles-le-ppa-ci-et-le-pdci-conduiront-une-liste-commune#article","isPartOf":{"@id":"https:\/\/www.africa-press.net\/cotedivoire\/politique\/regionales-2023-voici-les-regions-dans-lesquelles-le-ppa-ci-et-le-pdci-conduiront-une-liste-commune"},"author":{"name":"cfeditorfr","@id":"https:\/\/www.africa-press.net\/cotedivoire\/#\/schema\/person\/2b1cf3cd81a31e3cd26889ca66d677f1"},"headline":"R\u00e9gionales 2023, voici les r\u00e9gions dans lesquelles le PPA-CI et le PDCI conduiront une liste commune","datePublished":"2023-07-19T17:22:56+00:00","dateModified":"2023-07-19T17:56:00+00:00","mainEntityOfPage":{"@id":"https:\/\/www.africa-press.net\/cotedivoire\/politique\/regionales-2023-voici-les-regions-dans-lesquelles-le-ppa-ci-et-le-pdci-conduiront-une-liste-commune"},"wordCount":412,"commentCount":0,"image":{"@id":"https:\/\/www.africa-press.net\/cotedivoire\/politique\/regionales-2023-voici-les-regions-dans-lesquelles-le-ppa-ci-et-le-pdci-conduiront-une-liste-commune#primaryimage"},"thumbnailUrl":"https:\/\/static.africa-press.net\/cote\/sites\/43\/2023\/07\/sm_1689776722.958363.jpg","keywords":["Africa Press","Africa Press-C\u00f4te d'Ivoire","B\u00e9di\u00e9","C\u00d4TE D'IVOIRE","Gbagbo","Pdci","PPA-CI"],"articleSection":["Politique","Toutes les actualit\u00e9s"],"inLanguage":"fr-FR","potentialAction":[{"@type":"CommentAction","name":"Comment","target":["https:\/\/www.africa-press.net\/cotedivoire\/politique\/regionales-2023-voici-les-regions-dans-lesquelles-le-ppa-ci-et-le-pdci-conduiront-une-liste-commune#respond"]}]},{"@type":"WebPage","@id":"https:\/\/www.africa-press.net\/cotedivoire\/politique\/regionales-2023-voici-les-regions-dans-lesquelles-le-ppa-ci-et-le-pdci-conduiront-une-liste-commune","url":"https:\/\/www.africa-press.net\/cotedivoire\/politique\/regionales-2023-voici-les-regions-dans-lesquelles-le-ppa-ci-et-le-pdci-conduiront-une-liste-commune","name":"R\u00e9gionales 2023, voici les r\u00e9gions dans lesquelles le PPA-CI et le PDCI conduiront une liste commune - C\u00f4te d&#039;Ivoire","isPartOf":{"@id":"https:\/\/www.africa-press.net\/cotedivoire\/#website"},"primaryImageOfPage":{"@id":"https:\/\/www.africa-press.net\/cotedivoire\/politique\/regionales-2023-voici-les-regions-dans-lesquelles-le-ppa-ci-et-le-pdci-conduiront-une-liste-commune#primaryimage"},"image":{"@id":"https:\/\/www.africa-press.net\/cotedivoire\/politique\/regionales-2023-voici-les-regions-dans-lesquelles-le-ppa-ci-et-le-pdci-conduiront-une-liste-commune#primaryimage"},"thumbnailUrl":"https:\/\/static.africa-press.net\/cote\/sites\/43\/2023\/07\/sm_1689776722.958363.jpg","datePublished":"2023-07-19T17:22:56+00:00","dateModified":"2023-07-19T17:56:00+00:00","author":{"@id":"https:\/\/www.africa-press.net\/cotedivoire\/#\/schema\/person\/2b1cf3cd81a31e3cd26889ca66d677f1"},"description":"Les ne\u0301gociations entre le parti de Be\u0301die\u0301 et celui de Gbagbo pour la conduite d\u2019une liste commune pour les e\u0301lections ...","breadcrumb":{"@id":"https:\/\/www.africa-press.net\/cotedivoire\/politique\/regionales-2023-voici-les-regions-dans-lesquelles-le-ppa-ci-et-le-pdci-conduiront-une-liste-commune#breadcrumb"},"inLanguage":"fr-FR","potentialAction":[{"@type":"ReadAction","target":["https:\/\/www.africa-press.net\/cotedivoire\/politique\/regionales-2023-voici-les-regions-dans-lesquelles-le-ppa-ci-et-le-pdci-conduiront-une-liste-commune"]}]},{"@type":"ImageObject","inLanguage":"fr-FR","@id":"https:\/\/www.africa-press.net\/cotedivoire\/politique\/regionales-2023-voici-les-regions-dans-lesquelles-le-ppa-ci-et-le-pdci-conduiront-une-liste-commune#primaryimage","url":"https:\/\/static.africa-press.net\/cote\/sites\/43\/2023\/07\/sm_1689776722.958363.jpg","contentUrl":"https:\/\/static.africa-press.net\/cote\/sites\/43\/2023\/07\/sm_1689776722.958363.jpg","width":720,"height":460,"caption":"R\u00e9gionales 2023, voici les r\u00e9gions dans lesquelles le PPA-CI et le PDCI conduiront une liste commune"},{"@type":"BreadcrumbList","@id":"https:\/\/www.africa-press.net\/cotedivoire\/politique\/regionales-2023-voici-les-regions-dans-lesquelles-le-ppa-ci-et-le-pdci-conduiront-une-liste-commune#breadcrumb","itemListElement":[{"@type":"ListItem","position":1,"name":"Accueil","item":"https:\/\/www.africa-press.net\/cotedivoire\/"},{"@type":"ListItem","position":2,"name":"R\u00e9gionales 2023, voici les r\u00e9gions dans lesquelles le PPA-CI et le PDCI conduiront une liste commune"}]},{"@type":"WebSite","@id":"https:\/\/www.africa-press.net\/cotedivoire\/#website","url":"https:\/\/www.africa-press.net\/cotedivoire\/","name":"C\u00f4te d&#039;Ivoire","description":"Just another Africa News Agency Sites site","potentialAction":[{"@type":"SearchAction","target":{"@type":"EntryPoint","urlTemplate":"https:\/\/www.africa-press.net\/cotedivoire\/?s={search_term_string}"},"query-input":{"@type":"PropertyValueSpecification","valueRequired":true,"valueName":"search_term_string"}}],"inLanguage":"fr-FR"},{"@type":"Person","@id":"https:\/\/www.africa-press.net\/cotedivoire\/#\/schema\/person\/2b1cf3cd81a31e3cd26889ca66d677f1","name":"cfeditorfr"}]}},"_links":{"self":[{"href":"https:\/\/www.africa-press.net\/cotedivoire\/wp-json\/wp\/v2\/posts\/62138","targetHints":{"allow":["GET"]}}],"collection":[{"href":"https:\/\/www.africa-press.net\/cotedivoire\/wp-json\/wp\/v2\/posts"}],"about":[{"href":"https:\/\/www.africa-press.net\/cotedivoire\/wp-json\/wp\/v2\/types\/post"}],"author":[{"embeddable":true,"href":"https:\/\/www.africa-press.net\/cotedivoire\/wp-json\/wp\/v2\/users\/82"}],"replies":[{"embeddable":true,"href":"https:\/\/www.africa-press.net\/cotedivoire\/wp-json\/wp\/v2\/comments?post=62138"}],"version-history":[{"count":0,"href":"https:\/\/www.africa-press.net\/cotedivoire\/wp-json\/wp\/v2\/posts\/62138\/revisions"}],"wp:featuredmedia":[{"embeddable":true,"href":"https:\/\/www.africa-press.net\/cotedivoire\/wp-json\/wp\/v2\/media\/62136"}],"wp:attachment":[{"href":"https:\/\/www.africa-press.net\/cotedivoire\/wp-json\/wp\/v2\/media?parent=62138"}],"wp:term":[{"taxonomy":"category","embeddable":true,"href":"https:\/\/www.africa-press.net\/cotedivoire\/wp-json\/wp\/v2\/categories?post=62138"},{"taxonomy":"post_tag","embeddable":true,"href":"https:\/\/www.africa-press.net\/cotedivoire\/wp-json\/wp\/v2\/tags?post=62138"}],"curies":[{"name":"wp","href":"https:\/\/api.w.org\/{rel}","templated":true}]}}