{"id":62262,"date":"2023-07-21T13:55:59","date_gmt":"2023-07-21T13:55:59","guid":{"rendered":"https:\/\/www.africa-press.net\/cotedivoire\/politique\/regionales-2023-face-au-duo-djedje-mady-stephane-kipre-mamadou-toure-deploie-sa-machine"},"modified":"2023-07-21T14:25:24","modified_gmt":"2023-07-21T14:25:24","slug":"regionales-2023-face-au-duo-djedje-mady-stephane-kipre-mamadou-toure-deploie-sa-machine","status":"publish","type":"post","link":"https:\/\/www.africa-press.net\/cotedivoire\/politique\/regionales-2023-face-au-duo-djedje-mady-stephane-kipre-mamadou-toure-deploie-sa-machine","title":{"rendered":"R\u00e9gionales 2023, face au duo Dj\u00e9dj\u00e9 Mady-St\u00e9phane Kipr\u00e9, Mamadou Tour\u00e9 d\u00e9ploie sa machine"},"content":{"rendered":"<p><span style=\"color: #ff6600\"><strong>Africa-Press &#8211; C\u00f4te d&rsquo;Ivoire. <\/strong><\/span>La bataille s\u2019annonce rude dans le Haut-Sassandra pour les e\u0301lections Re\u0301gionales du 02 septembre 2023.<\/p>\n<p>Apre\u0300s l\u2019annonce de \u2018l\u2019alliance PDCI-PPA pour ces e\u0301lections, le candidat du RHDP, Mamadou Toure\u0301 de\u0301ploie sa machine.<\/p>\n<p>Lors d\u2019une rencontre mercredi dernier a\u0300 Abidjan, le Ministre s\u2019est dit confiant pour le scrutin, car selon lui 11 De\u0301pute\u0301s sont issus du parti au pouvoir dans cette re\u0301gion du Centre-Ouest.<\/p>\n<p>\u00ab J\u2019ai la chance d\u2019avoir autour de moi, au niveau d\u2019abord du RHDP, les 11 de\u0301pute\u0301s qui ont battu, il y a un an et demi, l\u2019alliance EDS et PDCI. EDS qui est devenu aujourd\u2019hui PPA-CI. Ces deux partis e\u0301taient allie\u0301s dans le Haut Sassandra, et en commune, comme en sous-pre\u0301fecture, le RHDP a pu obtenir 11 sie\u0300ges sur 15 \u00bb, soutient Mamadou Toure\u0301.<\/p>\n<p>Il veut compter sur le soutient des cadres entre autres de Barthe\u0301lemy Inabo Zouzoua, animateur a\u0300 la RTI, Raphae\u0308l Lapke\u0301 ex pre\u0301sident de l\u2019ANP , Koffi Serge , ancien proche de Ste\u0301phane Kipre\u0301, et ex SG de la FESCI , Rachelle Gogoua de la socie\u0301te\u0301 civile , Sery Gnole\u0301ba etc&#8230;<\/p>\n<p><strong>Pour plus d&rsquo;informations et d&rsquo;analyses sur la <a href=\"https:\/\/www.africa-press.net\/cotedivoire\">C\u00f4te d&rsquo;Ivoire<\/a>, suivez <a href=\"https:\/\/www.africa-press.net\/\">Africa-Press<\/a><\/strong><\/p>\n","protected":false},"excerpt":{"rendered":"<p>Africa-Press &#8211; C\u00f4te d&rsquo;Ivoire. La bataille s\u2019annonce rude dans le Haut-Sassandra pour les e\u0301lections Re\u0301gionales du 02 septembre 2023. Apre\u0300s l\u2019annonce de \u2018l\u2019alliance PDCI-PPA pour ces e\u0301lections, le candidat du RHDP, Mamadou Toure\u0301 de\u0301ploie sa machine. Lors d\u2019une rencontre mercredi dernier a\u0300 Abidjan, le Ministre s\u2019est dit confiant pour le scrutin, car selon lui 11 [&hellip;]<\/p>\n","protected":false},"author":82,"featured_media":62261,"comment_status":"open","ping_status":"closed","sticky":false,"template":"","format":"standard","meta":{"footnotes":""},"categories":[2,10],"tags":[56,63,29,3087,41,4961,1652,423,1952,3655,371,356],"class_list":["post-62262","post","type-post","status-publish","format-standard","has-post-thumbnail","hentry","category-politique","category-toutes-les-actualites","tag-africa-press","tag-africa-press-cote-divoire","tag-cote-divoire","tag-djedje-mady","tag-elections","tag-haut-sassandra","tag-mamadou-toure","tag-pdci","tag-ppa-ci","tag-regionales","tag-rhdp","tag-stephane-kipre"],"yoast_head":"<!-- This site is optimized with the Yoast SEO Premium plugin v26.1 (Yoast SEO v27.0) - https:\/\/yoast.com\/product\/yoast-seo-premium-wordpress\/ -->\n<title>R\u00e9gionales 2023, face au duo Dj\u00e9dj\u00e9 Mady-St\u00e9phane Kipr\u00e9, Mamadou Tour\u00e9 d\u00e9ploie sa machine - C\u00f4te d&#039;Ivoire<\/title>\n<meta name=\"description\" content=\"La bataille s\u2019annonce rude dans le Haut-Sassandra pour les e\u0301lections Re\u0301gionales du 02 septembre 2023. Apre\u0300s l\u2019annonc ...\" \/>\n<meta name=\"robots\" content=\"index, follow, max-snippet:-1, max-image-preview:large, max-video-preview:-1\" \/>\n<link rel=\"canonical\" href=\"https:\/\/www.africa-press.net\/cotedivoire\/politique\/regionales-2023-face-au-duo-djedje-mady-stephane-kipre-mamadou-toure-deploie-sa-machine\" \/>\n<meta property=\"og:locale\" content=\"fr_FR\" \/>\n<meta property=\"og:type\" content=\"article\" \/>\n<meta property=\"og:title\" content=\"R\u00e9gionales 2023, face au duo Dj\u00e9dj\u00e9 Mady-St\u00e9phane Kipr\u00e9, Mamadou Tour\u00e9 d\u00e9ploie sa machine\" \/>\n<meta property=\"og:description\" content=\"La bataille s\u2019annonce rude dans le Haut-Sassandra pour les e\u0301lections Re\u0301gionales du 02 septembre 2023. Apre\u0300s l\u2019annonc ...\" \/>\n<meta property=\"og:url\" content=\"https:\/\/www.africa-press.net\/cotedivoire\/politique\/regionales-2023-face-au-duo-djedje-mady-stephane-kipre-mamadou-toure-deploie-sa-machine\" \/>\n<meta property=\"og:site_name\" content=\"C\u00f4te d&#039;Ivoire\" \/>\n<meta property=\"article:published_time\" content=\"2023-07-21T13:55:59+00:00\" \/>\n<meta property=\"article:modified_time\" content=\"2023-07-21T14:25:24+00:00\" \/>\n<meta property=\"og:image\" content=\"https:\/\/static.africa-press.net\/cote\/sites\/43\/2023\/07\/sm_1689936836.247544.jpg\" \/>\n\t<meta property=\"og:image:width\" content=\"720\" \/>\n\t<meta property=\"og:image:height\" content=\"372\" \/>\n\t<meta property=\"og:image:type\" content=\"image\/jpeg\" \/>\n<meta name=\"author\" content=\"cfeditorfr\" \/>\n<meta name=\"twitter:card\" content=\"summary_large_image\" \/>\n<meta name=\"twitter:label1\" content=\"\u00c9crit par\" \/>\n\t<meta name=\"twitter:data1\" content=\"cfeditorfr\" \/>\n\t<meta name=\"twitter:label2\" content=\"Dur\u00e9e de lecture estim\u00e9e\" \/>\n\t<meta name=\"twitter:data2\" content=\"1 minute\" \/>\n<script type=\"application\/ld+json\" class=\"yoast-schema-graph\">{\"@context\":\"https:\/\/schema.org\",\"@graph\":[{\"@type\":\"Article\",\"@id\":\"https:\/\/www.africa-press.net\/cotedivoire\/politique\/regionales-2023-face-au-duo-djedje-mady-stephane-kipre-mamadou-toure-deploie-sa-machine#article\",\"isPartOf\":{\"@id\":\"https:\/\/www.africa-press.net\/cotedivoire\/politique\/regionales-2023-face-au-duo-djedje-mady-stephane-kipre-mamadou-toure-deploie-sa-machine\"},\"author\":{\"name\":\"cfeditorfr\",\"@id\":\"https:\/\/www.africa-press.net\/cotedivoire\/#\/schema\/person\/2b1cf3cd81a31e3cd26889ca66d677f1\"},\"headline\":\"R\u00e9gionales 2023, face au duo Dj\u00e9dj\u00e9 Mady-St\u00e9phane Kipr\u00e9, Mamadou Tour\u00e9 d\u00e9ploie sa machine\",\"datePublished\":\"2023-07-21T13:55:59+00:00\",\"dateModified\":\"2023-07-21T14:25:24+00:00\",\"mainEntityOfPage\":{\"@id\":\"https:\/\/www.africa-press.net\/cotedivoire\/politique\/regionales-2023-face-au-duo-djedje-mady-stephane-kipre-mamadou-toure-deploie-sa-machine\"},\"wordCount\":233,\"commentCount\":0,\"image\":{\"@id\":\"https:\/\/www.africa-press.net\/cotedivoire\/politique\/regionales-2023-face-au-duo-djedje-mady-stephane-kipre-mamadou-toure-deploie-sa-machine#primaryimage\"},\"thumbnailUrl\":\"https:\/\/static.africa-press.net\/cote\/sites\/43\/2023\/07\/sm_1689936836.247544.jpg\",\"keywords\":[\"Africa Press\",\"Africa Press-C\u00f4te d'Ivoire\",\"C\u00d4TE D'IVOIRE\",\"Dj\u00e9dj\u00e9 Mady\",\"\u00c9lections\",\"Haut-Sassandra\",\"Mamadou Tour\u00e9\",\"Pdci\",\"PPA-CI\",\"r\u00e9gionales\",\"RHDP\",\"St\u00e9phane Kipr\u00e9\"],\"articleSection\":[\"Politique\",\"Toutes les actualit\u00e9s\"],\"inLanguage\":\"fr-FR\",\"potentialAction\":[{\"@type\":\"CommentAction\",\"name\":\"Comment\",\"target\":[\"https:\/\/www.africa-press.net\/cotedivoire\/politique\/regionales-2023-face-au-duo-djedje-mady-stephane-kipre-mamadou-toure-deploie-sa-machine#respond\"]}]},{\"@type\":\"WebPage\",\"@id\":\"https:\/\/www.africa-press.net\/cotedivoire\/politique\/regionales-2023-face-au-duo-djedje-mady-stephane-kipre-mamadou-toure-deploie-sa-machine\",\"url\":\"https:\/\/www.africa-press.net\/cotedivoire\/politique\/regionales-2023-face-au-duo-djedje-mady-stephane-kipre-mamadou-toure-deploie-sa-machine\",\"name\":\"R\u00e9gionales 2023, face au duo Dj\u00e9dj\u00e9 Mady-St\u00e9phane Kipr\u00e9, Mamadou Tour\u00e9 d\u00e9ploie sa machine - C\u00f4te d&#039;Ivoire\",\"isPartOf\":{\"@id\":\"https:\/\/www.africa-press.net\/cotedivoire\/#website\"},\"primaryImageOfPage\":{\"@id\":\"https:\/\/www.africa-press.net\/cotedivoire\/politique\/regionales-2023-face-au-duo-djedje-mady-stephane-kipre-mamadou-toure-deploie-sa-machine#primaryimage\"},\"image\":{\"@id\":\"https:\/\/www.africa-press.net\/cotedivoire\/politique\/regionales-2023-face-au-duo-djedje-mady-stephane-kipre-mamadou-toure-deploie-sa-machine#primaryimage\"},\"thumbnailUrl\":\"https:\/\/static.africa-press.net\/cote\/sites\/43\/2023\/07\/sm_1689936836.247544.jpg\",\"datePublished\":\"2023-07-21T13:55:59+00:00\",\"dateModified\":\"2023-07-21T14:25:24+00:00\",\"author\":{\"@id\":\"https:\/\/www.africa-press.net\/cotedivoire\/#\/schema\/person\/2b1cf3cd81a31e3cd26889ca66d677f1\"},\"description\":\"La bataille s\u2019annonce rude dans le Haut-Sassandra pour les e\u0301lections Re\u0301gionales du 02 septembre 2023. Apre\u0300s l\u2019annonc ...\",\"breadcrumb\":{\"@id\":\"https:\/\/www.africa-press.net\/cotedivoire\/politique\/regionales-2023-face-au-duo-djedje-mady-stephane-kipre-mamadou-toure-deploie-sa-machine#breadcrumb\"},\"inLanguage\":\"fr-FR\",\"potentialAction\":[{\"@type\":\"ReadAction\",\"target\":[\"https:\/\/www.africa-press.net\/cotedivoire\/politique\/regionales-2023-face-au-duo-djedje-mady-stephane-kipre-mamadou-toure-deploie-sa-machine\"]}]},{\"@type\":\"ImageObject\",\"inLanguage\":\"fr-FR\",\"@id\":\"https:\/\/www.africa-press.net\/cotedivoire\/politique\/regionales-2023-face-au-duo-djedje-mady-stephane-kipre-mamadou-toure-deploie-sa-machine#primaryimage\",\"url\":\"https:\/\/static.africa-press.net\/cote\/sites\/43\/2023\/07\/sm_1689936836.247544.jpg\",\"contentUrl\":\"https:\/\/static.africa-press.net\/cote\/sites\/43\/2023\/07\/sm_1689936836.247544.jpg\",\"width\":720,\"height\":372,\"caption\":\"R\u00e9gionales 2023, face au duo Dj\u00e9dj\u00e9 Mady-St\u00e9phane Kipr\u00e9, Mamadou Tour\u00e9 d\u00e9ploie sa machine\"},{\"@type\":\"BreadcrumbList\",\"@id\":\"https:\/\/www.africa-press.net\/cotedivoire\/politique\/regionales-2023-face-au-duo-djedje-mady-stephane-kipre-mamadou-toure-deploie-sa-machine#breadcrumb\",\"itemListElement\":[{\"@type\":\"ListItem\",\"position\":1,\"name\":\"Accueil\",\"item\":\"https:\/\/www.africa-press.net\/cotedivoire\/\"},{\"@type\":\"ListItem\",\"position\":2,\"name\":\"R\u00e9gionales 2023, face au duo Dj\u00e9dj\u00e9 Mady-St\u00e9phane Kipr\u00e9, Mamadou Tour\u00e9 d\u00e9ploie sa machine\"}]},{\"@type\":\"WebSite\",\"@id\":\"https:\/\/www.africa-press.net\/cotedivoire\/#website\",\"url\":\"https:\/\/www.africa-press.net\/cotedivoire\/\",\"name\":\"C\u00f4te d&#039;Ivoire\",\"description\":\"Just another Africa News Agency Sites site\",\"potentialAction\":[{\"@type\":\"SearchAction\",\"target\":{\"@type\":\"EntryPoint\",\"urlTemplate\":\"https:\/\/www.africa-press.net\/cotedivoire\/?s={search_term_string}\"},\"query-input\":{\"@type\":\"PropertyValueSpecification\",\"valueRequired\":true,\"valueName\":\"search_term_string\"}}],\"inLanguage\":\"fr-FR\"},{\"@type\":\"Person\",\"@id\":\"https:\/\/www.africa-press.net\/cotedivoire\/#\/schema\/person\/2b1cf3cd81a31e3cd26889ca66d677f1\",\"name\":\"cfeditorfr\"}]}<\/script>\n<!-- \/ Yoast SEO Premium plugin. -->","yoast_head_json":{"title":"R\u00e9gionales 2023, face au duo Dj\u00e9dj\u00e9 Mady-St\u00e9phane Kipr\u00e9, Mamadou Tour\u00e9 d\u00e9ploie sa machine - C\u00f4te d&#039;Ivoire","description":"La bataille s\u2019annonce rude dans le Haut-Sassandra pour les e\u0301lections Re\u0301gionales du 02 septembre 2023. Apre\u0300s l\u2019annonc ...","robots":{"index":"index","follow":"follow","max-snippet":"max-snippet:-1","max-image-preview":"max-image-preview:large","max-video-preview":"max-video-preview:-1"},"canonical":"https:\/\/www.africa-press.net\/cotedivoire\/politique\/regionales-2023-face-au-duo-djedje-mady-stephane-kipre-mamadou-toure-deploie-sa-machine","og_locale":"fr_FR","og_type":"article","og_title":"R\u00e9gionales 2023, face au duo Dj\u00e9dj\u00e9 Mady-St\u00e9phane Kipr\u00e9, Mamadou Tour\u00e9 d\u00e9ploie sa machine","og_description":"La bataille s\u2019annonce rude dans le Haut-Sassandra pour les e\u0301lections Re\u0301gionales du 02 septembre 2023. Apre\u0300s l\u2019annonc ...","og_url":"https:\/\/www.africa-press.net\/cotedivoire\/politique\/regionales-2023-face-au-duo-djedje-mady-stephane-kipre-mamadou-toure-deploie-sa-machine","og_site_name":"C\u00f4te d&#039;Ivoire","article_published_time":"2023-07-21T13:55:59+00:00","article_modified_time":"2023-07-21T14:25:24+00:00","og_image":[{"width":720,"height":372,"url":"https:\/\/static.africa-press.net\/cote\/sites\/43\/2023\/07\/sm_1689936836.247544.jpg","type":"image\/jpeg"}],"author":"cfeditorfr","twitter_card":"summary_large_image","twitter_misc":{"\u00c9crit par":"cfeditorfr","Dur\u00e9e de lecture estim\u00e9e":"1 minute"},"schema":{"@context":"https:\/\/schema.org","@graph":[{"@type":"Article","@id":"https:\/\/www.africa-press.net\/cotedivoire\/politique\/regionales-2023-face-au-duo-djedje-mady-stephane-kipre-mamadou-toure-deploie-sa-machine#article","isPartOf":{"@id":"https:\/\/www.africa-press.net\/cotedivoire\/politique\/regionales-2023-face-au-duo-djedje-mady-stephane-kipre-mamadou-toure-deploie-sa-machine"},"author":{"name":"cfeditorfr","@id":"https:\/\/www.africa-press.net\/cotedivoire\/#\/schema\/person\/2b1cf3cd81a31e3cd26889ca66d677f1"},"headline":"R\u00e9gionales 2023, face au duo Dj\u00e9dj\u00e9 Mady-St\u00e9phane Kipr\u00e9, Mamadou Tour\u00e9 d\u00e9ploie sa machine","datePublished":"2023-07-21T13:55:59+00:00","dateModified":"2023-07-21T14:25:24+00:00","mainEntityOfPage":{"@id":"https:\/\/www.africa-press.net\/cotedivoire\/politique\/regionales-2023-face-au-duo-djedje-mady-stephane-kipre-mamadou-toure-deploie-sa-machine"},"wordCount":233,"commentCount":0,"image":{"@id":"https:\/\/www.africa-press.net\/cotedivoire\/politique\/regionales-2023-face-au-duo-djedje-mady-stephane-kipre-mamadou-toure-deploie-sa-machine#primaryimage"},"thumbnailUrl":"https:\/\/static.africa-press.net\/cote\/sites\/43\/2023\/07\/sm_1689936836.247544.jpg","keywords":["Africa Press","Africa Press-C\u00f4te d'Ivoire","C\u00d4TE D'IVOIRE","Dj\u00e9dj\u00e9 Mady","\u00c9lections","Haut-Sassandra","Mamadou Tour\u00e9","Pdci","PPA-CI","r\u00e9gionales","RHDP","St\u00e9phane Kipr\u00e9"],"articleSection":["Politique","Toutes les actualit\u00e9s"],"inLanguage":"fr-FR","potentialAction":[{"@type":"CommentAction","name":"Comment","target":["https:\/\/www.africa-press.net\/cotedivoire\/politique\/regionales-2023-face-au-duo-djedje-mady-stephane-kipre-mamadou-toure-deploie-sa-machine#respond"]}]},{"@type":"WebPage","@id":"https:\/\/www.africa-press.net\/cotedivoire\/politique\/regionales-2023-face-au-duo-djedje-mady-stephane-kipre-mamadou-toure-deploie-sa-machine","url":"https:\/\/www.africa-press.net\/cotedivoire\/politique\/regionales-2023-face-au-duo-djedje-mady-stephane-kipre-mamadou-toure-deploie-sa-machine","name":"R\u00e9gionales 2023, face au duo Dj\u00e9dj\u00e9 Mady-St\u00e9phane Kipr\u00e9, Mamadou Tour\u00e9 d\u00e9ploie sa machine - C\u00f4te d&#039;Ivoire","isPartOf":{"@id":"https:\/\/www.africa-press.net\/cotedivoire\/#website"},"primaryImageOfPage":{"@id":"https:\/\/www.africa-press.net\/cotedivoire\/politique\/regionales-2023-face-au-duo-djedje-mady-stephane-kipre-mamadou-toure-deploie-sa-machine#primaryimage"},"image":{"@id":"https:\/\/www.africa-press.net\/cotedivoire\/politique\/regionales-2023-face-au-duo-djedje-mady-stephane-kipre-mamadou-toure-deploie-sa-machine#primaryimage"},"thumbnailUrl":"https:\/\/static.africa-press.net\/cote\/sites\/43\/2023\/07\/sm_1689936836.247544.jpg","datePublished":"2023-07-21T13:55:59+00:00","dateModified":"2023-07-21T14:25:24+00:00","author":{"@id":"https:\/\/www.africa-press.net\/cotedivoire\/#\/schema\/person\/2b1cf3cd81a31e3cd26889ca66d677f1"},"description":"La bataille s\u2019annonce rude dans le Haut-Sassandra pour les e\u0301lections Re\u0301gionales du 02 septembre 2023. Apre\u0300s l\u2019annonc ...","breadcrumb":{"@id":"https:\/\/www.africa-press.net\/cotedivoire\/politique\/regionales-2023-face-au-duo-djedje-mady-stephane-kipre-mamadou-toure-deploie-sa-machine#breadcrumb"},"inLanguage":"fr-FR","potentialAction":[{"@type":"ReadAction","target":["https:\/\/www.africa-press.net\/cotedivoire\/politique\/regionales-2023-face-au-duo-djedje-mady-stephane-kipre-mamadou-toure-deploie-sa-machine"]}]},{"@type":"ImageObject","inLanguage":"fr-FR","@id":"https:\/\/www.africa-press.net\/cotedivoire\/politique\/regionales-2023-face-au-duo-djedje-mady-stephane-kipre-mamadou-toure-deploie-sa-machine#primaryimage","url":"https:\/\/static.africa-press.net\/cote\/sites\/43\/2023\/07\/sm_1689936836.247544.jpg","contentUrl":"https:\/\/static.africa-press.net\/cote\/sites\/43\/2023\/07\/sm_1689936836.247544.jpg","width":720,"height":372,"caption":"R\u00e9gionales 2023, face au duo Dj\u00e9dj\u00e9 Mady-St\u00e9phane Kipr\u00e9, Mamadou Tour\u00e9 d\u00e9ploie sa machine"},{"@type":"BreadcrumbList","@id":"https:\/\/www.africa-press.net\/cotedivoire\/politique\/regionales-2023-face-au-duo-djedje-mady-stephane-kipre-mamadou-toure-deploie-sa-machine#breadcrumb","itemListElement":[{"@type":"ListItem","position":1,"name":"Accueil","item":"https:\/\/www.africa-press.net\/cotedivoire\/"},{"@type":"ListItem","position":2,"name":"R\u00e9gionales 2023, face au duo Dj\u00e9dj\u00e9 Mady-St\u00e9phane Kipr\u00e9, Mamadou Tour\u00e9 d\u00e9ploie sa machine"}]},{"@type":"WebSite","@id":"https:\/\/www.africa-press.net\/cotedivoire\/#website","url":"https:\/\/www.africa-press.net\/cotedivoire\/","name":"C\u00f4te d&#039;Ivoire","description":"Just another Africa News Agency Sites site","potentialAction":[{"@type":"SearchAction","target":{"@type":"EntryPoint","urlTemplate":"https:\/\/www.africa-press.net\/cotedivoire\/?s={search_term_string}"},"query-input":{"@type":"PropertyValueSpecification","valueRequired":true,"valueName":"search_term_string"}}],"inLanguage":"fr-FR"},{"@type":"Person","@id":"https:\/\/www.africa-press.net\/cotedivoire\/#\/schema\/person\/2b1cf3cd81a31e3cd26889ca66d677f1","name":"cfeditorfr"}]}},"_links":{"self":[{"href":"https:\/\/www.africa-press.net\/cotedivoire\/wp-json\/wp\/v2\/posts\/62262","targetHints":{"allow":["GET"]}}],"collection":[{"href":"https:\/\/www.africa-press.net\/cotedivoire\/wp-json\/wp\/v2\/posts"}],"about":[{"href":"https:\/\/www.africa-press.net\/cotedivoire\/wp-json\/wp\/v2\/types\/post"}],"author":[{"embeddable":true,"href":"https:\/\/www.africa-press.net\/cotedivoire\/wp-json\/wp\/v2\/users\/82"}],"replies":[{"embeddable":true,"href":"https:\/\/www.africa-press.net\/cotedivoire\/wp-json\/wp\/v2\/comments?post=62262"}],"version-history":[{"count":0,"href":"https:\/\/www.africa-press.net\/cotedivoire\/wp-json\/wp\/v2\/posts\/62262\/revisions"}],"wp:featuredmedia":[{"embeddable":true,"href":"https:\/\/www.africa-press.net\/cotedivoire\/wp-json\/wp\/v2\/media\/62261"}],"wp:attachment":[{"href":"https:\/\/www.africa-press.net\/cotedivoire\/wp-json\/wp\/v2\/media?parent=62262"}],"wp:term":[{"taxonomy":"category","embeddable":true,"href":"https:\/\/www.africa-press.net\/cotedivoire\/wp-json\/wp\/v2\/categories?post=62262"},{"taxonomy":"post_tag","embeddable":true,"href":"https:\/\/www.africa-press.net\/cotedivoire\/wp-json\/wp\/v2\/tags?post=62262"}],"curies":[{"name":"wp","href":"https:\/\/api.w.org\/{rel}","templated":true}]}}