{"id":62342,"date":"2023-07-22T14:18:45","date_gmt":"2023-07-22T14:18:45","guid":{"rendered":"https:\/\/www.africa-press.net\/cotedivoire\/politique\/le-cnse-lance-en-route-pour-la-can-2023-danho-paulin-il-est-fini-le-temps-des-doutes"},"modified":"2023-07-22T15:03:20","modified_gmt":"2023-07-22T15:03:20","slug":"le-cnse-lance-en-route-pour-la-can-2023-danho-paulin-il-est-fini-le-temps-des-doutes","status":"publish","type":"post","link":"https:\/\/www.africa-press.net\/cotedivoire\/sports\/le-cnse-lance-en-route-pour-la-can-2023-danho-paulin-il-est-fini-le-temps-des-doutes","title":{"rendered":"Le CNSE lance \u00ab En route pour la CAN 2023 \u00bb, Danho Paulin : \u00ab Il est fini le temps des doutes \u00bb"},"content":{"rendered":"<p><span style=\"color: #ff6600\"><strong>Africa-Press &#8211; C\u00f4te d&rsquo;Ivoire. <\/strong><\/span>\u00ab En route pour la CAN 2023 \u00bb, est une initiative du Comite\u0301 national de soutien aux E\u0301le\u0301phants (CNSE), organe sous contro\u0302le du ministe\u0300re des Sports. Le concept \u00ab En route pour la CAN 2023 \u00bb, consiste au de\u0301ploiement d&rsquo;une se\u0301rie d&rsquo;activite\u0301s a\u0300 la fois festives et fe\u0301de\u0301ratrices a\u0300 l&rsquo;attention des populations et des pouvoirs publics.<\/p>\n<p>Le lancement de ce concept a lieu hier en pre\u0301sence de Danho Paulin, ministre des sports, d&rsquo;Idriss Diallo, Pre\u0301sident de la FIF, du maire de Cocody et de plusieurs supports des e\u0301le\u0301phants. A\u0300 travers \u00ab En route pour la CAN 2023 \u00bb le CNSE entend mobiliser toutes les couches de la population pour le soutien aux E\u0301le\u0301phants, animer les matchs et contribuer a\u0300 l&rsquo;occupation optimale des stades, rendre festive la tenue de la CAN 2023, susciter plus d&rsquo;engouement et de proximite\u0301 autour des marques partenaires, etc.<\/p>\n<p>En route pour la CAN 2023 s&rsquo;adresse aux supporters ivoiriens vivant en Co\u0302te d&rsquo;Ivoire et a\u0300 l&rsquo;e\u0301tranger, supporter de pays qualifie\u0301s pour la CAN, amateurs ou non de football, grand public de tout sexe et de toutes cate\u0301gories sociales.<\/p>\n<p>\u00ab En route pour la CAN 2023 \u00bb, s\u2019e\u0301tend sur la pe\u0301riode allant du 28 juillet 2023 a\u030a un mois apre\u0300s la fin de la compe\u0301tition CAN. Il aura pour pe\u0301rime\u0300tre d&rsquo;expression l&rsquo;ensemble des communes de Co\u0302te d&rsquo;Ivoire membres de l&rsquo;UVICOCI.<\/p>\n<p>Plusieurs activite\u0301s sont pre\u0301vues au programme. Il s&rsquo;agit de Ele\u0301 Fan Tour (Caravane intervilles, concerts, investiture de comite\u0301s locaux), E\u0301le\u0301 Fan Appli (E-Boutique, cartes de supporters, maillots,), El\u0301e\u0301 Fan News, Ele\u0301 Fan Fashion. Toutes ces activite\u0301s auront lieu avant la CAN.<\/p>\n<p>Pendant la CAN, il s&rsquo;agira de Ele\u0301 Fan Villages, Ele\u0301 Fan vague orange, Ele\u0301 Fan etc. Apre\u0300s la CAN, les activite\u0301s seront marque\u0301es par Ele\u0301 Fan Thinking, Ele\u0301 Fan Appli. Plus de 25 villes seront visite\u0301es, 201 communes seront impacte\u0301es. A l&rsquo;occasion de ce lancement, une convention a e\u0301te\u0301 signe\u0301e entre le CNSE et l&rsquo;UVICOCI en vue de l&rsquo;installation des comite\u0301s locaux.<\/p>\n<p>Danho Paulin, ministre des Sports a soutenu que cette CAN va re\u0301ve\u0301ler la vraie nature des Ivoiriens, la nature qu&rsquo;elle n&rsquo;a jamais laisse\u0301e.<\/p>\n<p>\u00ab J&rsquo;invite tous nos partenaires potentiels et les annonceurs au travail. Les ivoiriens attendent. Il est fini le temps des doutes. Il est venu, le temps de la foi et de l&rsquo;espe\u0301rance \u00bb, a conclu, le ministre des Sports.<\/p>\n<p>La CAN 2023 se de\u0301roulera du 13 janvier 2024 au 11 fe\u0301vrier 2024. Idriss Diallo, Pre\u0301sident de la Fe\u0301de\u0301ration ivoirienne de football a rassure\u0301 les ivoiriens que la coupe restera en Co\u0302te d&rsquo;Ivoire comme se fut le cas en 1992 et en 2015.<\/p>\n<p>\u00ab Nous travaillons a\u0300 donner la meilleure e\u0301quipe possible. Une e\u0301quipe que nous avons baptise\u0301 \u00ab Commando\u00a0\u00bb \u00bb, a mentionne\u0301, le Pre\u0301sident de la FIF, e\u0301mettant, enfin, le v\u0153u d&rsquo;un rapprochement entre la CNSE et le COCAN.<\/p>\n<p>Cette ce\u0301re\u0301monie lanc\u0327ait la mobilisation autour des e\u0301le\u0301phants. Adonis Kouadio, Pre\u0301sident du comite\u0301 exe\u0301cutif du CNSE est convaincu que la Co\u0302te d&rsquo;Ivoire remportera cette CAN sur le plan organisationnel et sur le terrain.<\/p>\n<p>Jean Marc Yace\u0301, maire de Cocody a pour sa part appele\u0301 les Ivoiriens a\u0300 soutenir les jeunes de\u0300s maintenant jusqu&rsquo;au bout.<\/p>\n<p>\u00abC&rsquo;est le moment de nous unir et faire entendre nos voix. Ensemble, nous serons le 12e\u0300me homme sur le terrain. Je vous invite a\u0300 donner le meilleur de vous-me\u0302me \u00bb, a plaide\u0301, le maire.<\/p>\n<p><strong>Pour plus d&rsquo;informations et d&rsquo;analyses sur la <a href=\"https:\/\/www.africa-press.net\/cotedivoire\">C\u00f4te d&rsquo;Ivoire<\/a>, suivez <a href=\"https:\/\/www.africa-press.net\/\">Africa-Press<\/a><\/strong><\/p>\n","protected":false},"excerpt":{"rendered":"<p>Africa-Press &#8211; C\u00f4te d&rsquo;Ivoire. \u00ab En route pour la CAN 2023 \u00bb, est une initiative du Comite\u0301 national de soutien aux E\u0301le\u0301phants (CNSE), organe sous contro\u0302le du ministe\u0300re des Sports. Le concept \u00ab En route pour la CAN 2023 \u00bb, consiste au de\u0301ploiement d&rsquo;une se\u0301rie d&rsquo;activite\u0301s a\u0300 la fois festives et fe\u0301de\u0301ratrices a\u0300 l&rsquo;attention des [&hellip;]<\/p>\n","protected":false},"author":82,"featured_media":62341,"comment_status":"open","ping_status":"closed","sticky":false,"template":"","format":"standard","meta":{"footnotes":""},"categories":[6,10],"tags":[56,63,9366,29,1517],"class_list":["post-62342","post","type-post","status-publish","format-standard","has-post-thumbnail","hentry","category-sports","category-toutes-les-actualites","tag-africa-press","tag-africa-press-cote-divoire","tag-cnse","tag-cote-divoire","tag-danho-paulin"],"yoast_head":"<!-- This site is optimized with the Yoast SEO Premium plugin v26.1 (Yoast SEO v27.0) - https:\/\/yoast.com\/product\/yoast-seo-premium-wordpress\/ -->\n<title>Le CNSE lance \u00ab En route pour la CAN 2023 \u00bb, Danho Paulin : \u00ab Il est fini le temps des doutes \u00bb - C\u00f4te d&#039;Ivoire<\/title>\n<meta name=\"description\" content=\"\u00ab En route pour la CAN 2023 \u00bb, est une initiative du Comite\u0301 national de soutien aux E\u0301le\u0301phants (CNSE), organe sous con ...\" \/>\n<meta name=\"robots\" content=\"index, follow, max-snippet:-1, max-image-preview:large, max-video-preview:-1\" \/>\n<link rel=\"canonical\" href=\"https:\/\/www.africa-press.net\/cotedivoire\/sports\/le-cnse-lance-en-route-pour-la-can-2023-danho-paulin-il-est-fini-le-temps-des-doutes\" \/>\n<meta property=\"og:locale\" content=\"fr_FR\" \/>\n<meta property=\"og:type\" content=\"article\" \/>\n<meta property=\"og:title\" content=\"Le CNSE lance \u00ab En route pour la CAN 2023 \u00bb, Danho Paulin : \u00ab Il est fini le temps des doutes \u00bb\" \/>\n<meta property=\"og:description\" content=\"\u00ab En route pour la CAN 2023 \u00bb, est une initiative du Comite\u0301 national de soutien aux E\u0301le\u0301phants (CNSE), organe sous con ...\" \/>\n<meta property=\"og:url\" content=\"https:\/\/www.africa-press.net\/cotedivoire\/sports\/le-cnse-lance-en-route-pour-la-can-2023-danho-paulin-il-est-fini-le-temps-des-doutes\" \/>\n<meta property=\"og:site_name\" content=\"C\u00f4te d&#039;Ivoire\" \/>\n<meta property=\"article:published_time\" content=\"2023-07-22T14:18:45+00:00\" \/>\n<meta property=\"article:modified_time\" content=\"2023-07-22T15:03:20+00:00\" \/>\n<meta property=\"og:image\" content=\"https:\/\/static.africa-press.net\/cote\/sites\/43\/2023\/07\/sm_1690025566.881233.jpg\" \/>\n\t<meta property=\"og:image:width\" content=\"720\" \/>\n\t<meta property=\"og:image:height\" content=\"438\" \/>\n\t<meta property=\"og:image:type\" content=\"image\/jpeg\" \/>\n<meta name=\"author\" content=\"cfeditorfr\" \/>\n<meta name=\"twitter:card\" content=\"summary_large_image\" \/>\n<meta name=\"twitter:label1\" content=\"\u00c9crit par\" \/>\n\t<meta name=\"twitter:data1\" content=\"cfeditorfr\" \/>\n\t<meta name=\"twitter:label2\" content=\"Dur\u00e9e de lecture estim\u00e9e\" \/>\n\t<meta name=\"twitter:data2\" content=\"3 minutes\" \/>\n<script type=\"application\/ld+json\" class=\"yoast-schema-graph\">{\"@context\":\"https:\/\/schema.org\",\"@graph\":[{\"@type\":\"Article\",\"@id\":\"https:\/\/www.africa-press.net\/cotedivoire\/sports\/le-cnse-lance-en-route-pour-la-can-2023-danho-paulin-il-est-fini-le-temps-des-doutes#article\",\"isPartOf\":{\"@id\":\"https:\/\/www.africa-press.net\/cotedivoire\/sports\/le-cnse-lance-en-route-pour-la-can-2023-danho-paulin-il-est-fini-le-temps-des-doutes\"},\"author\":{\"name\":\"cfeditorfr\",\"@id\":\"https:\/\/www.africa-press.net\/cotedivoire\/#\/schema\/person\/2b1cf3cd81a31e3cd26889ca66d677f1\"},\"headline\":\"Le CNSE lance \u00ab En route pour la CAN 2023 \u00bb, Danho Paulin : \u00ab Il est fini le temps des doutes \u00bb\",\"datePublished\":\"2023-07-22T14:18:45+00:00\",\"dateModified\":\"2023-07-22T15:03:20+00:00\",\"mainEntityOfPage\":{\"@id\":\"https:\/\/www.africa-press.net\/cotedivoire\/sports\/le-cnse-lance-en-route-pour-la-can-2023-danho-paulin-il-est-fini-le-temps-des-doutes\"},\"wordCount\":656,\"commentCount\":0,\"image\":{\"@id\":\"https:\/\/www.africa-press.net\/cotedivoire\/sports\/le-cnse-lance-en-route-pour-la-can-2023-danho-paulin-il-est-fini-le-temps-des-doutes#primaryimage\"},\"thumbnailUrl\":\"https:\/\/static.africa-press.net\/cote\/sites\/43\/2023\/07\/sm_1690025566.881233.jpg\",\"keywords\":[\"Africa Press\",\"Africa Press-C\u00f4te d'Ivoire\",\"CNSE\",\"C\u00d4TE D'IVOIRE\",\"Danho Paulin\"],\"articleSection\":[\"Sports\",\"Toutes les actualit\u00e9s\"],\"inLanguage\":\"fr-FR\",\"potentialAction\":[{\"@type\":\"CommentAction\",\"name\":\"Comment\",\"target\":[\"https:\/\/www.africa-press.net\/cotedivoire\/sports\/le-cnse-lance-en-route-pour-la-can-2023-danho-paulin-il-est-fini-le-temps-des-doutes#respond\"]}]},{\"@type\":\"WebPage\",\"@id\":\"https:\/\/www.africa-press.net\/cotedivoire\/sports\/le-cnse-lance-en-route-pour-la-can-2023-danho-paulin-il-est-fini-le-temps-des-doutes\",\"url\":\"https:\/\/www.africa-press.net\/cotedivoire\/sports\/le-cnse-lance-en-route-pour-la-can-2023-danho-paulin-il-est-fini-le-temps-des-doutes\",\"name\":\"Le CNSE lance \u00ab En route pour la CAN 2023 \u00bb, Danho Paulin : \u00ab Il est fini le temps des doutes \u00bb - C\u00f4te d&#039;Ivoire\",\"isPartOf\":{\"@id\":\"https:\/\/www.africa-press.net\/cotedivoire\/#website\"},\"primaryImageOfPage\":{\"@id\":\"https:\/\/www.africa-press.net\/cotedivoire\/sports\/le-cnse-lance-en-route-pour-la-can-2023-danho-paulin-il-est-fini-le-temps-des-doutes#primaryimage\"},\"image\":{\"@id\":\"https:\/\/www.africa-press.net\/cotedivoire\/sports\/le-cnse-lance-en-route-pour-la-can-2023-danho-paulin-il-est-fini-le-temps-des-doutes#primaryimage\"},\"thumbnailUrl\":\"https:\/\/static.africa-press.net\/cote\/sites\/43\/2023\/07\/sm_1690025566.881233.jpg\",\"datePublished\":\"2023-07-22T14:18:45+00:00\",\"dateModified\":\"2023-07-22T15:03:20+00:00\",\"author\":{\"@id\":\"https:\/\/www.africa-press.net\/cotedivoire\/#\/schema\/person\/2b1cf3cd81a31e3cd26889ca66d677f1\"},\"description\":\"\u00ab En route pour la CAN 2023 \u00bb, est une initiative du Comite\u0301 national de soutien aux E\u0301le\u0301phants (CNSE), organe sous con ...\",\"breadcrumb\":{\"@id\":\"https:\/\/www.africa-press.net\/cotedivoire\/sports\/le-cnse-lance-en-route-pour-la-can-2023-danho-paulin-il-est-fini-le-temps-des-doutes#breadcrumb\"},\"inLanguage\":\"fr-FR\",\"potentialAction\":[{\"@type\":\"ReadAction\",\"target\":[\"https:\/\/www.africa-press.net\/cotedivoire\/sports\/le-cnse-lance-en-route-pour-la-can-2023-danho-paulin-il-est-fini-le-temps-des-doutes\"]}]},{\"@type\":\"ImageObject\",\"inLanguage\":\"fr-FR\",\"@id\":\"https:\/\/www.africa-press.net\/cotedivoire\/sports\/le-cnse-lance-en-route-pour-la-can-2023-danho-paulin-il-est-fini-le-temps-des-doutes#primaryimage\",\"url\":\"https:\/\/static.africa-press.net\/cote\/sites\/43\/2023\/07\/sm_1690025566.881233.jpg\",\"contentUrl\":\"https:\/\/static.africa-press.net\/cote\/sites\/43\/2023\/07\/sm_1690025566.881233.jpg\",\"width\":720,\"height\":438,\"caption\":\"Le CNSE lance \u00ab En route pour la CAN 2023 \u00bb, Danho Paulin : \u00ab Il est fini le temps des doutes \u00bb\"},{\"@type\":\"BreadcrumbList\",\"@id\":\"https:\/\/www.africa-press.net\/cotedivoire\/sports\/le-cnse-lance-en-route-pour-la-can-2023-danho-paulin-il-est-fini-le-temps-des-doutes#breadcrumb\",\"itemListElement\":[{\"@type\":\"ListItem\",\"position\":1,\"name\":\"Accueil\",\"item\":\"https:\/\/www.africa-press.net\/cotedivoire\/\"},{\"@type\":\"ListItem\",\"position\":2,\"name\":\"Le CNSE lance \u00ab En route pour la CAN 2023 \u00bb, Danho Paulin : \u00ab Il est fini le temps des doutes \u00bb\"}]},{\"@type\":\"WebSite\",\"@id\":\"https:\/\/www.africa-press.net\/cotedivoire\/#website\",\"url\":\"https:\/\/www.africa-press.net\/cotedivoire\/\",\"name\":\"C\u00f4te d&#039;Ivoire\",\"description\":\"Just another Africa News Agency Sites site\",\"potentialAction\":[{\"@type\":\"SearchAction\",\"target\":{\"@type\":\"EntryPoint\",\"urlTemplate\":\"https:\/\/www.africa-press.net\/cotedivoire\/?s={search_term_string}\"},\"query-input\":{\"@type\":\"PropertyValueSpecification\",\"valueRequired\":true,\"valueName\":\"search_term_string\"}}],\"inLanguage\":\"fr-FR\"},{\"@type\":\"Person\",\"@id\":\"https:\/\/www.africa-press.net\/cotedivoire\/#\/schema\/person\/2b1cf3cd81a31e3cd26889ca66d677f1\",\"name\":\"cfeditorfr\"}]}<\/script>\n<!-- \/ Yoast SEO Premium plugin. -->","yoast_head_json":{"title":"Le CNSE lance \u00ab En route pour la CAN 2023 \u00bb, Danho Paulin : \u00ab Il est fini le temps des doutes \u00bb - C\u00f4te d&#039;Ivoire","description":"\u00ab En route pour la CAN 2023 \u00bb, est une initiative du Comite\u0301 national de soutien aux E\u0301le\u0301phants (CNSE), organe sous con ...","robots":{"index":"index","follow":"follow","max-snippet":"max-snippet:-1","max-image-preview":"max-image-preview:large","max-video-preview":"max-video-preview:-1"},"canonical":"https:\/\/www.africa-press.net\/cotedivoire\/sports\/le-cnse-lance-en-route-pour-la-can-2023-danho-paulin-il-est-fini-le-temps-des-doutes","og_locale":"fr_FR","og_type":"article","og_title":"Le CNSE lance \u00ab En route pour la CAN 2023 \u00bb, Danho Paulin : \u00ab Il est fini le temps des doutes \u00bb","og_description":"\u00ab En route pour la CAN 2023 \u00bb, est une initiative du Comite\u0301 national de soutien aux E\u0301le\u0301phants (CNSE), organe sous con ...","og_url":"https:\/\/www.africa-press.net\/cotedivoire\/sports\/le-cnse-lance-en-route-pour-la-can-2023-danho-paulin-il-est-fini-le-temps-des-doutes","og_site_name":"C\u00f4te d&#039;Ivoire","article_published_time":"2023-07-22T14:18:45+00:00","article_modified_time":"2023-07-22T15:03:20+00:00","og_image":[{"width":720,"height":438,"url":"https:\/\/static.africa-press.net\/cote\/sites\/43\/2023\/07\/sm_1690025566.881233.jpg","type":"image\/jpeg"}],"author":"cfeditorfr","twitter_card":"summary_large_image","twitter_misc":{"\u00c9crit par":"cfeditorfr","Dur\u00e9e de lecture estim\u00e9e":"3 minutes"},"schema":{"@context":"https:\/\/schema.org","@graph":[{"@type":"Article","@id":"https:\/\/www.africa-press.net\/cotedivoire\/sports\/le-cnse-lance-en-route-pour-la-can-2023-danho-paulin-il-est-fini-le-temps-des-doutes#article","isPartOf":{"@id":"https:\/\/www.africa-press.net\/cotedivoire\/sports\/le-cnse-lance-en-route-pour-la-can-2023-danho-paulin-il-est-fini-le-temps-des-doutes"},"author":{"name":"cfeditorfr","@id":"https:\/\/www.africa-press.net\/cotedivoire\/#\/schema\/person\/2b1cf3cd81a31e3cd26889ca66d677f1"},"headline":"Le CNSE lance \u00ab En route pour la CAN 2023 \u00bb, Danho Paulin : \u00ab Il est fini le temps des doutes \u00bb","datePublished":"2023-07-22T14:18:45+00:00","dateModified":"2023-07-22T15:03:20+00:00","mainEntityOfPage":{"@id":"https:\/\/www.africa-press.net\/cotedivoire\/sports\/le-cnse-lance-en-route-pour-la-can-2023-danho-paulin-il-est-fini-le-temps-des-doutes"},"wordCount":656,"commentCount":0,"image":{"@id":"https:\/\/www.africa-press.net\/cotedivoire\/sports\/le-cnse-lance-en-route-pour-la-can-2023-danho-paulin-il-est-fini-le-temps-des-doutes#primaryimage"},"thumbnailUrl":"https:\/\/static.africa-press.net\/cote\/sites\/43\/2023\/07\/sm_1690025566.881233.jpg","keywords":["Africa Press","Africa Press-C\u00f4te d'Ivoire","CNSE","C\u00d4TE D'IVOIRE","Danho Paulin"],"articleSection":["Sports","Toutes les actualit\u00e9s"],"inLanguage":"fr-FR","potentialAction":[{"@type":"CommentAction","name":"Comment","target":["https:\/\/www.africa-press.net\/cotedivoire\/sports\/le-cnse-lance-en-route-pour-la-can-2023-danho-paulin-il-est-fini-le-temps-des-doutes#respond"]}]},{"@type":"WebPage","@id":"https:\/\/www.africa-press.net\/cotedivoire\/sports\/le-cnse-lance-en-route-pour-la-can-2023-danho-paulin-il-est-fini-le-temps-des-doutes","url":"https:\/\/www.africa-press.net\/cotedivoire\/sports\/le-cnse-lance-en-route-pour-la-can-2023-danho-paulin-il-est-fini-le-temps-des-doutes","name":"Le CNSE lance \u00ab En route pour la CAN 2023 \u00bb, Danho Paulin : \u00ab Il est fini le temps des doutes \u00bb - C\u00f4te d&#039;Ivoire","isPartOf":{"@id":"https:\/\/www.africa-press.net\/cotedivoire\/#website"},"primaryImageOfPage":{"@id":"https:\/\/www.africa-press.net\/cotedivoire\/sports\/le-cnse-lance-en-route-pour-la-can-2023-danho-paulin-il-est-fini-le-temps-des-doutes#primaryimage"},"image":{"@id":"https:\/\/www.africa-press.net\/cotedivoire\/sports\/le-cnse-lance-en-route-pour-la-can-2023-danho-paulin-il-est-fini-le-temps-des-doutes#primaryimage"},"thumbnailUrl":"https:\/\/static.africa-press.net\/cote\/sites\/43\/2023\/07\/sm_1690025566.881233.jpg","datePublished":"2023-07-22T14:18:45+00:00","dateModified":"2023-07-22T15:03:20+00:00","author":{"@id":"https:\/\/www.africa-press.net\/cotedivoire\/#\/schema\/person\/2b1cf3cd81a31e3cd26889ca66d677f1"},"description":"\u00ab En route pour la CAN 2023 \u00bb, est une initiative du Comite\u0301 national de soutien aux E\u0301le\u0301phants (CNSE), organe sous con ...","breadcrumb":{"@id":"https:\/\/www.africa-press.net\/cotedivoire\/sports\/le-cnse-lance-en-route-pour-la-can-2023-danho-paulin-il-est-fini-le-temps-des-doutes#breadcrumb"},"inLanguage":"fr-FR","potentialAction":[{"@type":"ReadAction","target":["https:\/\/www.africa-press.net\/cotedivoire\/sports\/le-cnse-lance-en-route-pour-la-can-2023-danho-paulin-il-est-fini-le-temps-des-doutes"]}]},{"@type":"ImageObject","inLanguage":"fr-FR","@id":"https:\/\/www.africa-press.net\/cotedivoire\/sports\/le-cnse-lance-en-route-pour-la-can-2023-danho-paulin-il-est-fini-le-temps-des-doutes#primaryimage","url":"https:\/\/static.africa-press.net\/cote\/sites\/43\/2023\/07\/sm_1690025566.881233.jpg","contentUrl":"https:\/\/static.africa-press.net\/cote\/sites\/43\/2023\/07\/sm_1690025566.881233.jpg","width":720,"height":438,"caption":"Le CNSE lance \u00ab En route pour la CAN 2023 \u00bb, Danho Paulin : \u00ab Il est fini le temps des doutes \u00bb"},{"@type":"BreadcrumbList","@id":"https:\/\/www.africa-press.net\/cotedivoire\/sports\/le-cnse-lance-en-route-pour-la-can-2023-danho-paulin-il-est-fini-le-temps-des-doutes#breadcrumb","itemListElement":[{"@type":"ListItem","position":1,"name":"Accueil","item":"https:\/\/www.africa-press.net\/cotedivoire\/"},{"@type":"ListItem","position":2,"name":"Le CNSE lance \u00ab En route pour la CAN 2023 \u00bb, Danho Paulin : \u00ab Il est fini le temps des doutes \u00bb"}]},{"@type":"WebSite","@id":"https:\/\/www.africa-press.net\/cotedivoire\/#website","url":"https:\/\/www.africa-press.net\/cotedivoire\/","name":"C\u00f4te d&#039;Ivoire","description":"Just another Africa News Agency Sites site","potentialAction":[{"@type":"SearchAction","target":{"@type":"EntryPoint","urlTemplate":"https:\/\/www.africa-press.net\/cotedivoire\/?s={search_term_string}"},"query-input":{"@type":"PropertyValueSpecification","valueRequired":true,"valueName":"search_term_string"}}],"inLanguage":"fr-FR"},{"@type":"Person","@id":"https:\/\/www.africa-press.net\/cotedivoire\/#\/schema\/person\/2b1cf3cd81a31e3cd26889ca66d677f1","name":"cfeditorfr"}]}},"_links":{"self":[{"href":"https:\/\/www.africa-press.net\/cotedivoire\/wp-json\/wp\/v2\/posts\/62342","targetHints":{"allow":["GET"]}}],"collection":[{"href":"https:\/\/www.africa-press.net\/cotedivoire\/wp-json\/wp\/v2\/posts"}],"about":[{"href":"https:\/\/www.africa-press.net\/cotedivoire\/wp-json\/wp\/v2\/types\/post"}],"author":[{"embeddable":true,"href":"https:\/\/www.africa-press.net\/cotedivoire\/wp-json\/wp\/v2\/users\/82"}],"replies":[{"embeddable":true,"href":"https:\/\/www.africa-press.net\/cotedivoire\/wp-json\/wp\/v2\/comments?post=62342"}],"version-history":[{"count":0,"href":"https:\/\/www.africa-press.net\/cotedivoire\/wp-json\/wp\/v2\/posts\/62342\/revisions"}],"wp:featuredmedia":[{"embeddable":true,"href":"https:\/\/www.africa-press.net\/cotedivoire\/wp-json\/wp\/v2\/media\/62341"}],"wp:attachment":[{"href":"https:\/\/www.africa-press.net\/cotedivoire\/wp-json\/wp\/v2\/media?parent=62342"}],"wp:term":[{"taxonomy":"category","embeddable":true,"href":"https:\/\/www.africa-press.net\/cotedivoire\/wp-json\/wp\/v2\/categories?post=62342"},{"taxonomy":"post_tag","embeddable":true,"href":"https:\/\/www.africa-press.net\/cotedivoire\/wp-json\/wp\/v2\/tags?post=62342"}],"curies":[{"name":"wp","href":"https:\/\/api.w.org\/{rel}","templated":true}]}}