{"id":62477,"date":"2023-07-25T17:42:19","date_gmt":"2023-07-25T17:42:19","guid":{"rendered":"https:\/\/www.africa-press.net\/cotedivoire\/politique\/regionale-dans-le-haut-sassandra-un-cousin-de-djedje-mady-martele-le-haut-sassandra-nappartient-pas-quaux-bete"},"modified":"2023-07-25T18:44:43","modified_gmt":"2023-07-25T18:44:43","slug":"regionale-dans-le-haut-sassandra-un-cousin-de-djedje-mady-martele-le-haut-sassandra-nappartient-pas-quaux-bete","status":"publish","type":"post","link":"https:\/\/www.africa-press.net\/cotedivoire\/politique\/regionale-dans-le-haut-sassandra-un-cousin-de-djedje-mady-martele-le-haut-sassandra-nappartient-pas-quaux-bete","title":{"rendered":"R\u00e9gionale dans le Haut-Sassandra, un cousin de Dj\u00e9dj\u00e9 Mady mart\u00e8le : \u00ab le Haut Sassandra n&rsquo;appartient pas qu&rsquo;aux B\u00e9t\u00e9 \u00bb"},"content":{"rendered":"<p><span style=\"color: #ff6600\"><strong>Africa-Press &#8211; C\u00f4te d&rsquo;Ivoire. <\/strong><\/span>Ex-cadre et fervent partisan du Front Populaire Ivoirien (FPI), Priva\u0302t Tape\u0301, fils de Daloa, a de\u0301cide\u0301 de faire e\u0301quipe avec Mamadou Toure\u0301, candidat de\u0301clare\u0301 du Rassemblement des Houphoue\u0301tistes pour la De\u0301mocratie et la Paix (RHDP), aux re\u0301gionales dans le Haut-Sassandra. Son choix pour le candidat du RHDP, Privat Tape\u0301, cousin du professeur Dje\u0301dje\u0301 Mady, lui aussi candidat, te\u0302te de liste de la coalition PDCI-PPACI dans la me\u0302me re\u0301gion, l&rsquo;explique par le fait que le RHDP, parti politique ou\u0300 il milite de\u0301sormais, a place\u0301 au c\u0153ur de son programme d&rsquo;actions, le de\u0301veloppement.<\/p>\n<p>\u00a0\u00bb Quand je suis rentre\u0301 au pays, parce que je vivais aux E\u0301tats-Unis, j\u2019ai constate\u0301 que le travail qui a e\u0301te\u0301 fait sur le terrain, n\u2019e\u0301tait pas ce que j\u2019espe\u0301rais, venant des gouvernants d\u2019alors. Parce qu\u2019en octobre 2010, c\u2019est chez moi a\u0300 San Francisco que la campagne pre\u0301sidentielle du candidat Laurent Gbagbo a e\u0301te\u0301 lance\u0301e par l\u2019Ambassadeur d\u2019alors Charles Koffi. J\u2019e\u0301tais tre\u0300s actif. Mais la re\u0301alite\u0301 oblige, c\u2019est pourquoi j\u2019ai adhe\u0301re\u0301 au RHDP. Depuis lors, je travaille avec le ministre Mamadou Toure\u0301. Je salue le pre\u0301sident de la Re\u0301publique Alassane Ouattara et lui-me\u0302me, le ministre Mamadou Toure\u0301 pour tout ce qu\u2019ils sont en train de faire pour le pays.<\/p>\n<p>La ville de Daloa est en pleine e\u0301mergence. Quand je suis arrive\u0301, je suis alle\u0301 voir le ministre Mamadou Toure\u0301. Je lui ai parle\u0301 de la situation pre\u0301caire dans laquelle nos parents vivaient dans la sous-pre\u0301fecture de Gadouan d\u2019ou\u0300 je suis originaire. Moi-me\u0302me, quand j&rsquo;arrivais au village, a\u0300 22h, il m\u2019e\u0301tait difficile de voir mon ombre, du fait de l\u2019absence de l\u2019e\u0301lectricite\u0301\u00a0\u00bb, explique-t-il.<\/p>\n<p>Il poursuit en passant en revue, plusieurs actions de de\u0301veloppement dont ont be\u0301ne\u0301ficie\u0301 des villages de Daloa, gra\u0302ce au leadership de Mamadou Toure\u0301.<\/p>\n<p>\u00ab\u00a0J\u2019ai bataille\u0301 et le ministre a accueilli favorablement nos dole\u0301ances. Aujourd\u2019hui, mon village Niamayo est e\u0301lectrifie\u0301. J\u2019ai pose\u0301 le me\u0302me proble\u0300me pour le village voisin qui est mon village maternel. C\u2019est chose faite. Bidihouan est e\u0301lectrifie\u0301. Le 07 janvier 2023, le ministre Mamadou Toure\u0301 a accepte\u0301 de parrainer la \u2018\u2019Fe\u0302te de la lumie\u0300re\u2019\u2019. Voici autant de choses qui ont change\u0301 dans ma localite\u0301 gra\u0302ce au ministre Mamadou Toure\u0301\u00a0\u00bb, argumente-t-il.<\/p>\n<p>S&rsquo;agissant des chances de son candidat lors de ces re\u0301gionales dans le Haut-Sassandra, au regard de la coalition PDCI-PPACI conduite par le professeur Dje\u0301dje\u0301 Mady, pre\u0301sident du Conseil re\u0301gional sortant, Privat Tape\u0301 dit n&rsquo;avoir aucune appre\u0301hension. \u00ab\u00a0Il a toutes ses chances. Le PPA-CI ne repre\u0301sente plus grand-chose aupre\u0300s de nos parents, au regard du travail que le ministre Mamadou Toure\u0301 est en train d&rsquo;abattre. Vous savez, j\u2019ai adhe\u0301re\u0301 au RHDP pour une raison tre\u0300s simple : le de\u0301veloppement. J\u2019ai ve\u0301cu aux E\u0301tats-Unis pendant 26 ans. C\u2019est l\u2019agenda qui fait le candidat. Si aujourd\u2019hui la ville de Daloa est en pleine e\u0301mergence, c\u2019est parce qu\u2019il y a l\u2019un de ses fils qui est a\u0300 la base : le ministre Mamadou Toure\u0301, de concert avec le maire Ste\u0301phane Gbeuly. Si de\u0301ja\u0300, le ministre \u0153uvre pour le bien-e\u0302tre des populations, il serait logique et raisonnable qu&rsquo;on lui confie le conseil re\u0301gional\u00a0\u00bb, soutient-il.<\/p>\n<p>A\u0300 en croire Privat Tape\u0301, le temps ou\u0300 le RHDP n&rsquo;e\u0301tait pas populaire dans les localite\u0301s du Haut-Sassandra est de\u0301sormais re\u0301volu.<\/p>\n<p>\u00a0\u00bb Le village de Namayo et Bidihouan sont acquis a\u0300 la cause du RHDP depuis qu&rsquo;ils ont rec\u0327u l&rsquo;e\u0301lectricite\u0301. Je puis vous garantir que les lignes ont bouge\u0301. Pour preuve, en 2021, lors des le\u0301gislatives, le RHDP a remporte\u0301 11 sie\u0300ges sur 15 que compte la re\u0301gion. Nous sommes e\u0301galement sur le terrain pour parler a\u0300 nos parents. Le ministre Mamadou Toure\u0301 va gagner parce qu&rsquo;il est brillant, travailleur, inte\u0300gre et fiable. Il a pris de nombreux engagements qu&rsquo;il va respecter. D&rsquo;ailleurs, sans e\u0302tre au conseil re\u0301gional, il a commence\u0301 a\u0300 tracer les sillons du de\u0301veloppement.<\/p>\n<p>Il a parle\u0301 du reprofilage de la route Gonate\u0301 -Sai\u0308oua. Pour parcourir cet axe d\u2019environ 75 kms, il faut entre 4 h a\u0300 5 h de temps. C\u2019est la mise\u0300re. Le ministre Mamadou Toure\u0301 nous a donne\u0301 l\u2019e\u0301lectricite\u0301 a\u0300 Niamayo et a\u0300 Bidihouan. Nous n\u2019avons pas d\u2019eau potable dans ces deux villages. Le ministre Mamadou Toure\u0301 a promis de l&rsquo;eau potable. Il a les dossiers des cha\u0302teaux d\u2019eau de Niamayo et Bidihouan. Il ne s\u2019est pas arre\u0302te\u0301 la\u0300, il a entre ses mains les dossiers de l\u2019e\u0301lectrification de Godouan 2 qui est un village de Sai\u0308oua. En plus, il a les dossiers du village de Godouan 1 qui a besoin d\u2019une extension en e\u0301lectricite\u0301 et ceux de Gadore\u0301ta et Gadouan. Pourquoi ne pas le laisser terminer ce qu\u2019il a commence\u0301 ? \u00ab\u00a0, clame-t-il.<\/p>\n<p>Il ne manque pas de mot pour vanter le dynamisme et le re\u0301alisme de Mamadou Toure\u0301 sur le terrain. \u00a0\u00bb<\/p>\n<p>Non seulement il a le meilleur profil, mais son parti, le RHDP travaille pour le bonheur du peuple. De plus, le pre\u0301sident de la Re\u0301publique Alassane Ouattara lui fait confiance. Il ge\u0300re la majorite\u0301 des grands projets nationaux. Aussi, a\u0300 travers son de\u0301partement ministe\u0301riel, il a cre\u0301e\u0301 les emplois a\u0300 travers l\u2019Agence emploi jeunes en mettant en place les activite\u0301s ge\u0301ne\u0301ratrices de revenus et les Travaux a\u0300 haute intensite\u0301 de main d\u2019\u0153uvre (THIMO). J\u2019ai de\u0301pose\u0301 21 dossiers pour des jeunes a\u0300 l\u2019Agence emploi jeunes de Daloa. Ils sont en train d\u2019e\u0302tre traite\u0301s pour un financement. Il peut faire beaucoup pour le Haut-Sassandra. Il y a quelques semaines, le bitumage de la route Issia-Daloa a commence\u0301. Les rues de Vavoua, d\u2019Issia et de Daloa seront bitume\u0301es. La semaine dernie\u0300re, le ministre Mamadou Toure\u0301 a proce\u0301de\u0301 a\u0300 la mise sous tension des quartiers Abattoir 1 et 2 de Daloa. Il faut e\u0302tre de mauvaise foi pour fermer l\u2019\u0153il la\u0300-dessus et chercher ailleurs\u00a0\u00bb, de\u0301fend Privat Tape\u0301.<\/p>\n<p>Il n&rsquo;a pas manque\u0301 l&rsquo;occasion de fustiger certains discours xe\u0301nophobes et clanistes qui consistent a\u0300 ve\u0301hiculer aupre\u0300s des populations des cliche\u0301s du type, Mamadou Toure\u0301 n&rsquo;est pas originaire de Daloa, et qu&rsquo;il doit retourner chez lui.<\/p>\n<p>\u00ab\u00a0C&rsquo;est dommage que le discours politique vole aussi bas. C&rsquo;est de\u0301cevant de la part de ces adversaires. C&rsquo;est un discours re\u0301trograde qui exprime l&rsquo;inquie\u0301tude et la panique chez les adversaires. Au discours de haine, nous re\u0301pondront par un discours d&rsquo;amour, aux discours de division, nous re\u0301pondrons par un discours de rassemblement. Mamadou Toure\u0301 est bel et bien notre fils. C&rsquo;est nous qui l&rsquo;avons e\u0301leve\u0301. Son pe\u0300re s&rsquo;est installe\u0301 a\u0300 Daloa avant la naissance des pe\u0300res et des grands-pe\u0300res de certaines familles autochtones. J&rsquo;exhorte ceux qui tiennent ces discours a\u0300 la sagesse. J&rsquo;ose croire que mon cousin n&rsquo;encourage pas ces discours\u00a0\u00bb.<\/p>\n<p>Privat Tape\u0301 poursuit :\u00a0\u00bb Pendant qu&rsquo;ils sont dans les discours creux, Mamadou Toure\u0301 est dans le concret. De nombreux militants de l&rsquo;opposition, des jeunes surtout, le rejoignent et l&rsquo;accompagnent.<\/p>\n<p>Je suis serein. Prenant l&rsquo;exemple de chez moi, l\u2019e\u0301lectrification de mon village Niamayo et Bidihouan a e\u0301te\u0301 re\u0301alise\u0301e en moins de trois ans. C\u2019est du jamais vu. Deuxie\u0300mement, le bitumage de l\u2019axe Issia-Daloa qu\u2019il a commence\u0301. Nous avons eu des ministres ressortissants de notre re\u0301gion depuis les anne\u0301es 1960 et n&rsquo;avons pas obtenu autant d&rsquo;infrastructures que maintenant.<\/p>\n<p>Construction d&rsquo;e\u0301coles, re\u0301habilitation de centre de sante\u0301, re\u0301habilitation en cours de 1290 kms de voies, obtention d&rsquo;une trentaine de kms de bitumes etc. Le Ministre voit au moins le pre\u0301sident de la Re\u0301publique, Alassane Ouattara, une fois par semaine. Et mon cousin ? Lui, il ne peut me\u0302me pas parler au ministre, a\u0300 plus forte raison au pre\u0301sident de la Re\u0301publique. Entre confier son destin a\u0300 un charlatan et le confier a\u0300 un ange, lequel pre\u0301fe\u0301riez-vous ? L&rsquo;ange bien su\u0302r. Parce qu&rsquo;il parle au bon Dieu. Le charlatan fait de la loterie. Nos parents pre\u0301fe\u0300rent donc un collaborateur du pre\u0301sident de la Re\u0301publique parce qu&rsquo;il peut parler de leurs proble\u0300mes directement au chef. Ce n\u2019est pas une affaire de fre\u0300re. Dje\u0301dje\u0301 Mady est mon cousin. Mais, j\u2019ai opte\u0301 pour le ministre Mamadou Toure\u0301\u00a0\u00bb, marte\u0300le-t-il.<\/p>\n<p>Il conclut par cet appel a\u0300 ses parents du Haut-Sassandra : \u00ab\u00a0De\u0301barrassons-nous des conside\u0301rations claniques bellicistes et projetons-nous dans le de\u0301veloppement. D&rsquo;ailleurs, le Haut-Sassandra n&rsquo;appartient pas qu&rsquo;aux Be\u0301te\u0301. Il appartient a\u0300 tous ceux qui sont ici et qui contribuent a\u0300 son de\u0301veloppement\u00a0\u00bb.<\/p>\n<p><strong>Pour plus d&rsquo;informations et d&rsquo;analyses sur la <a href=\"https:\/\/www.africa-press.net\/cotedivoire\">C\u00f4te d&rsquo;Ivoire<\/a>, suivez <a href=\"https:\/\/www.africa-press.net\/\">Africa-Press<\/a><\/strong><\/p>\n","protected":false},"excerpt":{"rendered":"<p>Africa-Press &#8211; C\u00f4te d&rsquo;Ivoire. Ex-cadre et fervent partisan du Front Populaire Ivoirien (FPI), Priva\u0302t Tape\u0301, fils de Daloa, a de\u0301cide\u0301 de faire e\u0301quipe avec Mamadou Toure\u0301, candidat de\u0301clare\u0301 du Rassemblement des Houphoue\u0301tistes pour la De\u0301mocratie et la Paix (RHDP), aux re\u0301gionales dans le Haut-Sassandra. Son choix pour le candidat du RHDP, Privat Tape\u0301, cousin du [&hellip;]<\/p>\n","protected":false},"author":82,"featured_media":62476,"comment_status":"open","ping_status":"closed","sticky":false,"template":"","format":"standard","meta":{"footnotes":""},"categories":[2,10],"tags":[56,63,29,3087,10805,1652,10804,371],"class_list":["post-62477","post","type-post","status-publish","format-standard","has-post-thumbnail","hentry","category-politique","category-toutes-les-actualites","tag-africa-press","tag-africa-press-cote-divoire","tag-cote-divoire","tag-djedje-mady","tag-front-populaire-ivoirien-ivoirien","tag-mamadou-toure","tag-privat-tape","tag-rhdp"],"yoast_head":"<!-- This site is optimized with the Yoast SEO Premium plugin v26.1 (Yoast SEO v27.0) - https:\/\/yoast.com\/product\/yoast-seo-premium-wordpress\/ -->\n<title>R\u00e9gionale dans le Haut-Sassandra, un cousin de Dj\u00e9dj\u00e9 Mady mart\u00e8le : \u00ab le Haut Sassandra n&#039;appartient pas qu&#039;aux B\u00e9t\u00e9 \u00bb - C\u00f4te d&#039;Ivoire<\/title>\n<meta name=\"description\" content=\"Ex-cadre et fervent partisan du Front Populaire Ivoirien (FPI), Priva\u0302t Tape\u0301, fils de Daloa, a de\u0301cide\u0301 de faire e\u0301quip ...\" \/>\n<meta name=\"robots\" content=\"index, follow, max-snippet:-1, max-image-preview:large, max-video-preview:-1\" \/>\n<link rel=\"canonical\" href=\"https:\/\/www.africa-press.net\/cotedivoire\/politique\/regionale-dans-le-haut-sassandra-un-cousin-de-djedje-mady-martele-le-haut-sassandra-nappartient-pas-quaux-bete\" \/>\n<meta property=\"og:locale\" content=\"fr_FR\" \/>\n<meta property=\"og:type\" content=\"article\" \/>\n<meta property=\"og:title\" content=\"R\u00e9gionale dans le Haut-Sassandra, un cousin de Dj\u00e9dj\u00e9 Mady mart\u00e8le : \u00ab le Haut Sassandra n&#039;appartient pas qu&#039;aux B\u00e9t\u00e9 \u00bb\" \/>\n<meta property=\"og:description\" content=\"Ex-cadre et fervent partisan du Front Populaire Ivoirien (FPI), Priva\u0302t Tape\u0301, fils de Daloa, a de\u0301cide\u0301 de faire e\u0301quip ...\" \/>\n<meta property=\"og:url\" content=\"https:\/\/www.africa-press.net\/cotedivoire\/politique\/regionale-dans-le-haut-sassandra-un-cousin-de-djedje-mady-martele-le-haut-sassandra-nappartient-pas-quaux-bete\" \/>\n<meta property=\"og:site_name\" content=\"C\u00f4te d&#039;Ivoire\" \/>\n<meta property=\"article:published_time\" content=\"2023-07-25T17:42:19+00:00\" \/>\n<meta property=\"article:modified_time\" content=\"2023-07-25T18:44:43+00:00\" \/>\n<meta property=\"og:image\" content=\"https:\/\/static.africa-press.net\/cote\/sites\/43\/2023\/07\/sm_1690297954.922399.jpg\" \/>\n\t<meta property=\"og:image:width\" content=\"720\" \/>\n\t<meta property=\"og:image:height\" content=\"415\" \/>\n\t<meta property=\"og:image:type\" content=\"image\/jpeg\" \/>\n<meta name=\"author\" content=\"cfeditorfr\" \/>\n<meta name=\"twitter:card\" content=\"summary_large_image\" \/>\n<meta name=\"twitter:label1\" content=\"\u00c9crit par\" \/>\n\t<meta name=\"twitter:data1\" content=\"cfeditorfr\" \/>\n\t<meta name=\"twitter:label2\" content=\"Dur\u00e9e de lecture estim\u00e9e\" \/>\n\t<meta name=\"twitter:data2\" content=\"8 minutes\" \/>\n<script type=\"application\/ld+json\" class=\"yoast-schema-graph\">{\"@context\":\"https:\/\/schema.org\",\"@graph\":[{\"@type\":\"Article\",\"@id\":\"https:\/\/www.africa-press.net\/cotedivoire\/politique\/regionale-dans-le-haut-sassandra-un-cousin-de-djedje-mady-martele-le-haut-sassandra-nappartient-pas-quaux-bete#article\",\"isPartOf\":{\"@id\":\"https:\/\/www.africa-press.net\/cotedivoire\/politique\/regionale-dans-le-haut-sassandra-un-cousin-de-djedje-mady-martele-le-haut-sassandra-nappartient-pas-quaux-bete\"},\"author\":{\"name\":\"cfeditorfr\",\"@id\":\"https:\/\/www.africa-press.net\/cotedivoire\/#\/schema\/person\/2b1cf3cd81a31e3cd26889ca66d677f1\"},\"headline\":\"R\u00e9gionale dans le Haut-Sassandra, un cousin de Dj\u00e9dj\u00e9 Mady mart\u00e8le : \u00ab le Haut Sassandra n&rsquo;appartient pas qu&rsquo;aux B\u00e9t\u00e9 \u00bb\",\"datePublished\":\"2023-07-25T17:42:19+00:00\",\"dateModified\":\"2023-07-25T18:44:43+00:00\",\"mainEntityOfPage\":{\"@id\":\"https:\/\/www.africa-press.net\/cotedivoire\/politique\/regionale-dans-le-haut-sassandra-un-cousin-de-djedje-mady-martele-le-haut-sassandra-nappartient-pas-quaux-bete\"},\"wordCount\":1594,\"commentCount\":0,\"image\":{\"@id\":\"https:\/\/www.africa-press.net\/cotedivoire\/politique\/regionale-dans-le-haut-sassandra-un-cousin-de-djedje-mady-martele-le-haut-sassandra-nappartient-pas-quaux-bete#primaryimage\"},\"thumbnailUrl\":\"https:\/\/static.africa-press.net\/cote\/sites\/43\/2023\/07\/sm_1690297954.922399.jpg\",\"keywords\":[\"Africa Press\",\"Africa Press-C\u00f4te d'Ivoire\",\"C\u00d4TE D'IVOIRE\",\"Dj\u00e9dj\u00e9 Mady\",\"Front Populaire Ivoirien Ivoirien\",\"Mamadou Tour\u00e9\",\"Privat Tap\u00e9\",\"RHDP\"],\"articleSection\":[\"Politique\",\"Toutes les actualit\u00e9s\"],\"inLanguage\":\"fr-FR\",\"potentialAction\":[{\"@type\":\"CommentAction\",\"name\":\"Comment\",\"target\":[\"https:\/\/www.africa-press.net\/cotedivoire\/politique\/regionale-dans-le-haut-sassandra-un-cousin-de-djedje-mady-martele-le-haut-sassandra-nappartient-pas-quaux-bete#respond\"]}]},{\"@type\":\"WebPage\",\"@id\":\"https:\/\/www.africa-press.net\/cotedivoire\/politique\/regionale-dans-le-haut-sassandra-un-cousin-de-djedje-mady-martele-le-haut-sassandra-nappartient-pas-quaux-bete\",\"url\":\"https:\/\/www.africa-press.net\/cotedivoire\/politique\/regionale-dans-le-haut-sassandra-un-cousin-de-djedje-mady-martele-le-haut-sassandra-nappartient-pas-quaux-bete\",\"name\":\"R\u00e9gionale dans le Haut-Sassandra, un cousin de Dj\u00e9dj\u00e9 Mady mart\u00e8le : \u00ab le Haut Sassandra n'appartient pas qu'aux B\u00e9t\u00e9 \u00bb - C\u00f4te d&#039;Ivoire\",\"isPartOf\":{\"@id\":\"https:\/\/www.africa-press.net\/cotedivoire\/#website\"},\"primaryImageOfPage\":{\"@id\":\"https:\/\/www.africa-press.net\/cotedivoire\/politique\/regionale-dans-le-haut-sassandra-un-cousin-de-djedje-mady-martele-le-haut-sassandra-nappartient-pas-quaux-bete#primaryimage\"},\"image\":{\"@id\":\"https:\/\/www.africa-press.net\/cotedivoire\/politique\/regionale-dans-le-haut-sassandra-un-cousin-de-djedje-mady-martele-le-haut-sassandra-nappartient-pas-quaux-bete#primaryimage\"},\"thumbnailUrl\":\"https:\/\/static.africa-press.net\/cote\/sites\/43\/2023\/07\/sm_1690297954.922399.jpg\",\"datePublished\":\"2023-07-25T17:42:19+00:00\",\"dateModified\":\"2023-07-25T18:44:43+00:00\",\"author\":{\"@id\":\"https:\/\/www.africa-press.net\/cotedivoire\/#\/schema\/person\/2b1cf3cd81a31e3cd26889ca66d677f1\"},\"description\":\"Ex-cadre et fervent partisan du Front Populaire Ivoirien (FPI), Priva\u0302t Tape\u0301, fils de Daloa, a de\u0301cide\u0301 de faire e\u0301quip ...\",\"breadcrumb\":{\"@id\":\"https:\/\/www.africa-press.net\/cotedivoire\/politique\/regionale-dans-le-haut-sassandra-un-cousin-de-djedje-mady-martele-le-haut-sassandra-nappartient-pas-quaux-bete#breadcrumb\"},\"inLanguage\":\"fr-FR\",\"potentialAction\":[{\"@type\":\"ReadAction\",\"target\":[\"https:\/\/www.africa-press.net\/cotedivoire\/politique\/regionale-dans-le-haut-sassandra-un-cousin-de-djedje-mady-martele-le-haut-sassandra-nappartient-pas-quaux-bete\"]}]},{\"@type\":\"ImageObject\",\"inLanguage\":\"fr-FR\",\"@id\":\"https:\/\/www.africa-press.net\/cotedivoire\/politique\/regionale-dans-le-haut-sassandra-un-cousin-de-djedje-mady-martele-le-haut-sassandra-nappartient-pas-quaux-bete#primaryimage\",\"url\":\"https:\/\/static.africa-press.net\/cote\/sites\/43\/2023\/07\/sm_1690297954.922399.jpg\",\"contentUrl\":\"https:\/\/static.africa-press.net\/cote\/sites\/43\/2023\/07\/sm_1690297954.922399.jpg\",\"width\":720,\"height\":415,\"caption\":\"R\u00e9gionale dans le Haut-Sassandra, un cousin de Dj\u00e9dj\u00e9 Mady mart\u00e8le : \u00ab le Haut Sassandra n'appartient pas qu'aux B\u00e9t\u00e9 \u00bb\"},{\"@type\":\"BreadcrumbList\",\"@id\":\"https:\/\/www.africa-press.net\/cotedivoire\/politique\/regionale-dans-le-haut-sassandra-un-cousin-de-djedje-mady-martele-le-haut-sassandra-nappartient-pas-quaux-bete#breadcrumb\",\"itemListElement\":[{\"@type\":\"ListItem\",\"position\":1,\"name\":\"Accueil\",\"item\":\"https:\/\/www.africa-press.net\/cotedivoire\/\"},{\"@type\":\"ListItem\",\"position\":2,\"name\":\"R\u00e9gionale dans le Haut-Sassandra, un cousin de Dj\u00e9dj\u00e9 Mady mart\u00e8le : \u00ab le Haut Sassandra n&#8217;appartient pas qu&#8217;aux B\u00e9t\u00e9 \u00bb\"}]},{\"@type\":\"WebSite\",\"@id\":\"https:\/\/www.africa-press.net\/cotedivoire\/#website\",\"url\":\"https:\/\/www.africa-press.net\/cotedivoire\/\",\"name\":\"C\u00f4te d&#039;Ivoire\",\"description\":\"Just another Africa News Agency Sites site\",\"potentialAction\":[{\"@type\":\"SearchAction\",\"target\":{\"@type\":\"EntryPoint\",\"urlTemplate\":\"https:\/\/www.africa-press.net\/cotedivoire\/?s={search_term_string}\"},\"query-input\":{\"@type\":\"PropertyValueSpecification\",\"valueRequired\":true,\"valueName\":\"search_term_string\"}}],\"inLanguage\":\"fr-FR\"},{\"@type\":\"Person\",\"@id\":\"https:\/\/www.africa-press.net\/cotedivoire\/#\/schema\/person\/2b1cf3cd81a31e3cd26889ca66d677f1\",\"name\":\"cfeditorfr\"}]}<\/script>\n<!-- \/ Yoast SEO Premium plugin. -->","yoast_head_json":{"title":"R\u00e9gionale dans le Haut-Sassandra, un cousin de Dj\u00e9dj\u00e9 Mady mart\u00e8le : \u00ab le Haut Sassandra n'appartient pas qu'aux B\u00e9t\u00e9 \u00bb - C\u00f4te d&#039;Ivoire","description":"Ex-cadre et fervent partisan du Front Populaire Ivoirien (FPI), Priva\u0302t Tape\u0301, fils de Daloa, a de\u0301cide\u0301 de faire e\u0301quip ...","robots":{"index":"index","follow":"follow","max-snippet":"max-snippet:-1","max-image-preview":"max-image-preview:large","max-video-preview":"max-video-preview:-1"},"canonical":"https:\/\/www.africa-press.net\/cotedivoire\/politique\/regionale-dans-le-haut-sassandra-un-cousin-de-djedje-mady-martele-le-haut-sassandra-nappartient-pas-quaux-bete","og_locale":"fr_FR","og_type":"article","og_title":"R\u00e9gionale dans le Haut-Sassandra, un cousin de Dj\u00e9dj\u00e9 Mady mart\u00e8le : \u00ab le Haut Sassandra n'appartient pas qu'aux B\u00e9t\u00e9 \u00bb","og_description":"Ex-cadre et fervent partisan du Front Populaire Ivoirien (FPI), Priva\u0302t Tape\u0301, fils de Daloa, a de\u0301cide\u0301 de faire e\u0301quip ...","og_url":"https:\/\/www.africa-press.net\/cotedivoire\/politique\/regionale-dans-le-haut-sassandra-un-cousin-de-djedje-mady-martele-le-haut-sassandra-nappartient-pas-quaux-bete","og_site_name":"C\u00f4te d&#039;Ivoire","article_published_time":"2023-07-25T17:42:19+00:00","article_modified_time":"2023-07-25T18:44:43+00:00","og_image":[{"width":720,"height":415,"url":"https:\/\/static.africa-press.net\/cote\/sites\/43\/2023\/07\/sm_1690297954.922399.jpg","type":"image\/jpeg"}],"author":"cfeditorfr","twitter_card":"summary_large_image","twitter_misc":{"\u00c9crit par":"cfeditorfr","Dur\u00e9e de lecture estim\u00e9e":"8 minutes"},"schema":{"@context":"https:\/\/schema.org","@graph":[{"@type":"Article","@id":"https:\/\/www.africa-press.net\/cotedivoire\/politique\/regionale-dans-le-haut-sassandra-un-cousin-de-djedje-mady-martele-le-haut-sassandra-nappartient-pas-quaux-bete#article","isPartOf":{"@id":"https:\/\/www.africa-press.net\/cotedivoire\/politique\/regionale-dans-le-haut-sassandra-un-cousin-de-djedje-mady-martele-le-haut-sassandra-nappartient-pas-quaux-bete"},"author":{"name":"cfeditorfr","@id":"https:\/\/www.africa-press.net\/cotedivoire\/#\/schema\/person\/2b1cf3cd81a31e3cd26889ca66d677f1"},"headline":"R\u00e9gionale dans le Haut-Sassandra, un cousin de Dj\u00e9dj\u00e9 Mady mart\u00e8le : \u00ab le Haut Sassandra n&rsquo;appartient pas qu&rsquo;aux B\u00e9t\u00e9 \u00bb","datePublished":"2023-07-25T17:42:19+00:00","dateModified":"2023-07-25T18:44:43+00:00","mainEntityOfPage":{"@id":"https:\/\/www.africa-press.net\/cotedivoire\/politique\/regionale-dans-le-haut-sassandra-un-cousin-de-djedje-mady-martele-le-haut-sassandra-nappartient-pas-quaux-bete"},"wordCount":1594,"commentCount":0,"image":{"@id":"https:\/\/www.africa-press.net\/cotedivoire\/politique\/regionale-dans-le-haut-sassandra-un-cousin-de-djedje-mady-martele-le-haut-sassandra-nappartient-pas-quaux-bete#primaryimage"},"thumbnailUrl":"https:\/\/static.africa-press.net\/cote\/sites\/43\/2023\/07\/sm_1690297954.922399.jpg","keywords":["Africa Press","Africa Press-C\u00f4te d'Ivoire","C\u00d4TE D'IVOIRE","Dj\u00e9dj\u00e9 Mady","Front Populaire Ivoirien Ivoirien","Mamadou Tour\u00e9","Privat Tap\u00e9","RHDP"],"articleSection":["Politique","Toutes les actualit\u00e9s"],"inLanguage":"fr-FR","potentialAction":[{"@type":"CommentAction","name":"Comment","target":["https:\/\/www.africa-press.net\/cotedivoire\/politique\/regionale-dans-le-haut-sassandra-un-cousin-de-djedje-mady-martele-le-haut-sassandra-nappartient-pas-quaux-bete#respond"]}]},{"@type":"WebPage","@id":"https:\/\/www.africa-press.net\/cotedivoire\/politique\/regionale-dans-le-haut-sassandra-un-cousin-de-djedje-mady-martele-le-haut-sassandra-nappartient-pas-quaux-bete","url":"https:\/\/www.africa-press.net\/cotedivoire\/politique\/regionale-dans-le-haut-sassandra-un-cousin-de-djedje-mady-martele-le-haut-sassandra-nappartient-pas-quaux-bete","name":"R\u00e9gionale dans le Haut-Sassandra, un cousin de Dj\u00e9dj\u00e9 Mady mart\u00e8le : \u00ab le Haut Sassandra n'appartient pas qu'aux B\u00e9t\u00e9 \u00bb - C\u00f4te d&#039;Ivoire","isPartOf":{"@id":"https:\/\/www.africa-press.net\/cotedivoire\/#website"},"primaryImageOfPage":{"@id":"https:\/\/www.africa-press.net\/cotedivoire\/politique\/regionale-dans-le-haut-sassandra-un-cousin-de-djedje-mady-martele-le-haut-sassandra-nappartient-pas-quaux-bete#primaryimage"},"image":{"@id":"https:\/\/www.africa-press.net\/cotedivoire\/politique\/regionale-dans-le-haut-sassandra-un-cousin-de-djedje-mady-martele-le-haut-sassandra-nappartient-pas-quaux-bete#primaryimage"},"thumbnailUrl":"https:\/\/static.africa-press.net\/cote\/sites\/43\/2023\/07\/sm_1690297954.922399.jpg","datePublished":"2023-07-25T17:42:19+00:00","dateModified":"2023-07-25T18:44:43+00:00","author":{"@id":"https:\/\/www.africa-press.net\/cotedivoire\/#\/schema\/person\/2b1cf3cd81a31e3cd26889ca66d677f1"},"description":"Ex-cadre et fervent partisan du Front Populaire Ivoirien (FPI), Priva\u0302t Tape\u0301, fils de Daloa, a de\u0301cide\u0301 de faire e\u0301quip ...","breadcrumb":{"@id":"https:\/\/www.africa-press.net\/cotedivoire\/politique\/regionale-dans-le-haut-sassandra-un-cousin-de-djedje-mady-martele-le-haut-sassandra-nappartient-pas-quaux-bete#breadcrumb"},"inLanguage":"fr-FR","potentialAction":[{"@type":"ReadAction","target":["https:\/\/www.africa-press.net\/cotedivoire\/politique\/regionale-dans-le-haut-sassandra-un-cousin-de-djedje-mady-martele-le-haut-sassandra-nappartient-pas-quaux-bete"]}]},{"@type":"ImageObject","inLanguage":"fr-FR","@id":"https:\/\/www.africa-press.net\/cotedivoire\/politique\/regionale-dans-le-haut-sassandra-un-cousin-de-djedje-mady-martele-le-haut-sassandra-nappartient-pas-quaux-bete#primaryimage","url":"https:\/\/static.africa-press.net\/cote\/sites\/43\/2023\/07\/sm_1690297954.922399.jpg","contentUrl":"https:\/\/static.africa-press.net\/cote\/sites\/43\/2023\/07\/sm_1690297954.922399.jpg","width":720,"height":415,"caption":"R\u00e9gionale dans le Haut-Sassandra, un cousin de Dj\u00e9dj\u00e9 Mady mart\u00e8le : \u00ab le Haut Sassandra n'appartient pas qu'aux B\u00e9t\u00e9 \u00bb"},{"@type":"BreadcrumbList","@id":"https:\/\/www.africa-press.net\/cotedivoire\/politique\/regionale-dans-le-haut-sassandra-un-cousin-de-djedje-mady-martele-le-haut-sassandra-nappartient-pas-quaux-bete#breadcrumb","itemListElement":[{"@type":"ListItem","position":1,"name":"Accueil","item":"https:\/\/www.africa-press.net\/cotedivoire\/"},{"@type":"ListItem","position":2,"name":"R\u00e9gionale dans le Haut-Sassandra, un cousin de Dj\u00e9dj\u00e9 Mady mart\u00e8le : \u00ab le Haut Sassandra n&#8217;appartient pas qu&#8217;aux B\u00e9t\u00e9 \u00bb"}]},{"@type":"WebSite","@id":"https:\/\/www.africa-press.net\/cotedivoire\/#website","url":"https:\/\/www.africa-press.net\/cotedivoire\/","name":"C\u00f4te d&#039;Ivoire","description":"Just another Africa News Agency Sites site","potentialAction":[{"@type":"SearchAction","target":{"@type":"EntryPoint","urlTemplate":"https:\/\/www.africa-press.net\/cotedivoire\/?s={search_term_string}"},"query-input":{"@type":"PropertyValueSpecification","valueRequired":true,"valueName":"search_term_string"}}],"inLanguage":"fr-FR"},{"@type":"Person","@id":"https:\/\/www.africa-press.net\/cotedivoire\/#\/schema\/person\/2b1cf3cd81a31e3cd26889ca66d677f1","name":"cfeditorfr"}]}},"_links":{"self":[{"href":"https:\/\/www.africa-press.net\/cotedivoire\/wp-json\/wp\/v2\/posts\/62477","targetHints":{"allow":["GET"]}}],"collection":[{"href":"https:\/\/www.africa-press.net\/cotedivoire\/wp-json\/wp\/v2\/posts"}],"about":[{"href":"https:\/\/www.africa-press.net\/cotedivoire\/wp-json\/wp\/v2\/types\/post"}],"author":[{"embeddable":true,"href":"https:\/\/www.africa-press.net\/cotedivoire\/wp-json\/wp\/v2\/users\/82"}],"replies":[{"embeddable":true,"href":"https:\/\/www.africa-press.net\/cotedivoire\/wp-json\/wp\/v2\/comments?post=62477"}],"version-history":[{"count":0,"href":"https:\/\/www.africa-press.net\/cotedivoire\/wp-json\/wp\/v2\/posts\/62477\/revisions"}],"wp:featuredmedia":[{"embeddable":true,"href":"https:\/\/www.africa-press.net\/cotedivoire\/wp-json\/wp\/v2\/media\/62476"}],"wp:attachment":[{"href":"https:\/\/www.africa-press.net\/cotedivoire\/wp-json\/wp\/v2\/media?parent=62477"}],"wp:term":[{"taxonomy":"category","embeddable":true,"href":"https:\/\/www.africa-press.net\/cotedivoire\/wp-json\/wp\/v2\/categories?post=62477"},{"taxonomy":"post_tag","embeddable":true,"href":"https:\/\/www.africa-press.net\/cotedivoire\/wp-json\/wp\/v2\/tags?post=62477"}],"curies":[{"name":"wp","href":"https:\/\/api.w.org\/{rel}","templated":true}]}}